{"id":13429,"date":"2010-08-05T00:00:00","date_gmt":"2010-08-05T04:00:00","guid":{"rendered":"http:\/\/192.81.217.108\/interamerica\/2010\/08\/nord-du-mexique-leglise-commemore-25-annnees-de-travail-au-sein-de-ses-communautes\/"},"modified":"2017-06-02T13:03:25","modified_gmt":"2017-06-02T17:03:25","slug":"nord-du-mexique-leglise-commemore-25-annnees-de-travail-au-sein-de-ses-communautes","status":"publish","type":"post","link":"https:\/\/interamerica.org\/fr\/2010\/08\/nord-du-mexique-leglise-commemore-25-annnees-de-travail-au-sein-de-ses-communautes\/","title":{"rendered":"Nord du Mexique:  L&#39;Eglise comm\u00e9more 25 annn\u00e9es de travail au sein de ses communaut\u00e9s"},"content":{"rendered":"<p>5 ao\u00fbt 2010 &#8211; Monterey, Nuevo Leon, Mexique&#8230; (Libna Stevens\/DIA) <\/p>\n<p>R\u00e9cemment, plus de 12.000 Adventistes du Septi\u00e8me jour ont rempli le Monterrey Arena de Monterrey, au Mexique, pour comm\u00e9morer le travail accompli par l&#39;Union du Nord du Mexique, \u00e9tablie depuis 25 ans. <\/p>\n<p>Cette comm\u00e9moration d&#39;une journ\u00e9e a r\u00e9uni les principaux dirigeants d&#39;\u00e9glise du Mexique, de la Division Inter-am\u00e9ricaine (DIA) et de l&#39;Eglise Adventiste Mondiale en vue d&#39;examiner le d\u00e9veloppement de l&#39;\u00e9glise du Nord du Mexique ainsi que ses plans pour l&#39;avenir. <\/p>\n<p>Pasteur Jan Paulsen, ancien pr\u00e9sident de l&#39;\u00e9glise Adventiste Mondiale, a f\u00e9licit\u00e9 les dirigeants et membres du Nord du Mexique pour les progr\u00e8s accomplis au cours des 25 derni\u00e8res ann\u00e9es, et il a soulign\u00e9 qu&#39;une vie centr\u00e9e sur le Christ \u00e9tait la marche \u00e0 suivre pour les ann\u00e9es \u00e0 venir. <\/p>\n<p>Des officiels gouvernementaux du bureau des affaires religieuses de Monterrey, ainsi que des dirigeants municipaux, ont f\u00e9licit\u00e9 l&#39;Eglise Adventiste du Septi\u00e8me jour pour sa contribution dans le domaine de la sant\u00e9 et de l&#39;\u00e9ducation au sein de la communaut\u00e9. <\/p>\n<p>D&#39;apr\u00e8s les dirigeants locaux de l&#39;\u00e9glise, le Nord du Mexique est une r\u00e9gion peupl\u00e9e en grande partie par des gens attach\u00e9s \u00e0 des traditions et coutumes religieuses qui les emp\u00eachent d&#39;accepter l&#39;\u00e9vangile.  Dans cette vaste r\u00e9gion se retrouvent les 14 plus grandes villes du pays. <\/p>\n<p>\u00ab\u00a0L&#39;une de nos principales strat\u00e9gies consiste \u00e0 aider et \u00e0 toucher les familles,\u00a0\u00bb a d\u00e9clar\u00e9 Pasteur Abner De Los Santos, ancien pr\u00e9sident de l&#39;\u00e9glise du Nord du Mexique.  \u00ab\u00a0Nous nous sommes pench\u00e9s sur les jeunes et leurs besoins afin qu&#39;ils puissent \u00e0 leur tour contribuer au bien-\u00eatre de la famille,\u00a0\u00bb ajouta-t-il.  Il dit que l&#39;\u00e9glise a aussi mis l&#39;emphase sur l&#39;importance de l&#39;unit\u00e9 des couples, les dons spirituels, et le minist\u00e8re des petits groupes en vue de r\u00e9pondre aux besoins des communaut\u00e9s et de favoriser le d\u00e9veloppement de l&#39;\u00e9glise de la r\u00e9gion. <\/p>\n<p>\u00ab\u00a0Nous avions toujours \u00e9t\u00e9 soucieux de nos unions et de la bonne direction prise par cette union,\u00a0\u00bb dit Pasteur Israel Leito, pr\u00e9sident de l&#39;\u00e9glise de l&#39;Inter-Am\u00e9rique, qui \u00e9tait pr\u00e9sent \u00e0 cette c\u00e9r\u00e9monie.  \u00ab\u00a0Nous continuons \u00e0 encourager nos unions pour qu&#39;elles s&#39;attaquent aux grandes villes qui ont besoin d&#39;une grande attention.  Nous avions r\u00e9alis\u00e9 des progr\u00e8s au niveau de la croissance et des finances au sein de la r\u00e9gion Nord M\u00e9xicaine.\u00a0\u00bb <\/p>\n<p>Les anciens pr\u00e9sidents de l&#39;\u00e9glise du Nord du Mexique ont \u00e9t\u00e9 honor\u00e9s au cours de la c\u00e9r\u00e9monie, qui a \u00e9t\u00e9 retransmise en directe par internet.  Les trois autres \u00e9glises du territoire du Mexique, dirig\u00e9es par les unions Centrale, Inter-Oc\u00e9anique, et Sud Mexique, ont \u00e9t\u00e9 aussi distingu\u00e9es. <\/p>\n<p>L&#39;Union du Nord du Mexique a \u00e9t\u00e9 fond\u00e9e en 1985.  Actuellement, elle compte plus de 117.000 membres d&#39;\u00e9glise, 8 champs locaux, et 517 \u00e9glises. <\/p>\n<p>Fernelle Al\u00e9      <\/p>\n","protected":false},"excerpt":{"rendered":"<p>R\u00e9cemment, plus de 12.000 Adventistes du Septi\u00e8me jour ont rempli le Monterrey Arena de Monterrey, au Mexique, pour comm\u00e9morer le travail accompli par l&#39;Union du Nord du Mexique, \u00e9tablie depuis 25 ans.<\/p>\n","protected":false},"author":1,"featured_media":0,"comment_status":"closed","ping_status":"closed","sticky":false,"template":"","format":"standard","meta":{"_acf_changed":false,"footnotes":""},"categories":[9],"tags":[],"class_list":["post-13429","post","type-post","status-publish","format-standard","hentry","category-archive-fr"],"acf":[],"yoast_head":"<!-- This site is optimized with the Yoast SEO plugin v27.3 - https:\/\/yoast.com\/product\/yoast-seo-wordpress\/ -->\n<title>Nord du Mexique: L&#039;Eglise comm\u00e9more 25 annn\u00e9es de travail au sein de ses communaut\u00e9s - \u00c9glise Adventiste Du Septieme Jour - Inter Am\u00e9rique Division<\/title>\n<meta name=\"robots\" content=\"index, follow, max-snippet:-1, max-image-preview:large, max-video-preview:-1\" \/>\n<link rel=\"canonical\" href=\"https:\/\/interamerica.org\/fr\/2010\/08\/nord-du-mexique-leglise-commemore-25-annnees-de-travail-au-sein-de-ses-communautes\/\" \/>\n<meta property=\"og:locale\" content=\"fr_FR\" \/>\n<meta property=\"og:type\" content=\"article\" \/>\n<meta property=\"og:title\" content=\"Nord du Mexique: L&#039;Eglise comm\u00e9more 25 annn\u00e9es de travail au sein de ses communaut\u00e9s - \u00c9glise Adventiste Du Septieme Jour - Inter Am\u00e9rique Division\" \/>\n<meta property=\"og:description\" content=\"R\u00e9cemment, plus de 12.000 Adventistes du Septi\u00e8me jour ont rempli le Monterrey Arena de Monterrey, au Mexique, pour comm\u00e9morer le travail accompli par l&#039;Union du Nord du Mexique, \u00e9tablie depuis 25 ans.\" \/>\n<meta property=\"og:url\" content=\"https:\/\/interamerica.org\/fr\/2010\/08\/nord-du-mexique-leglise-commemore-25-annnees-de-travail-au-sein-de-ses-communautes\/\" \/>\n<meta property=\"og:site_name\" content=\"\u00c9glise Adventiste Du Septieme Jour - Inter Am\u00e9rique Division\" \/>\n<meta property=\"article:published_time\" content=\"2010-08-05T04:00:00+00:00\" \/>\n<meta property=\"article:modified_time\" content=\"2017-06-02T17:03:25+00:00\" \/>\n<meta name=\"author\" content=\"Lorenzo Verduzco\" \/>\n<meta name=\"twitter:card\" content=\"summary_large_image\" \/>\n<meta name=\"twitter:label1\" content=\"\u00c9crit par\" \/>\n\t<meta name=\"twitter:data1\" content=\"Lorenzo Verduzco\" \/>\n\t<meta name=\"twitter:label2\" content=\"Dur\u00e9e de lecture estim\u00e9e\" \/>\n\t<meta name=\"twitter:data2\" content=\"3 minutes\" \/>\n<script type=\"application\/ld+json\" class=\"yoast-schema-graph\">{\"@context\":\"https:\\\/\\\/schema.org\",\"@graph\":[{\"@type\":\"Article\",\"@id\":\"https:\\\/\\\/interamerica.org\\\/fr\\\/2010\\\/08\\\/nord-du-mexique-leglise-commemore-25-annnees-de-travail-au-sein-de-ses-communautes\\\/#article\",\"isPartOf\":{\"@id\":\"https:\\\/\\\/interamerica.org\\\/fr\\\/2010\\\/08\\\/nord-du-mexique-leglise-commemore-25-annnees-de-travail-au-sein-de-ses-communautes\\\/\"},\"author\":{\"name\":\"Lorenzo Verduzco\",\"@id\":\"https:\\\/\\\/interamerica.org\\\/fr\\\/#\\\/schema\\\/person\\\/68ede8bdc292885bb76c1e3810e73c39\"},\"headline\":\"Nord du Mexique: L&#39;Eglise comm\u00e9more 25 annn\u00e9es de travail au sein de ses communaut\u00e9s\",\"datePublished\":\"2010-08-05T04:00:00+00:00\",\"dateModified\":\"2017-06-02T17:03:25+00:00\",\"mainEntityOfPage\":{\"@id\":\"https:\\\/\\\/interamerica.org\\\/fr\\\/2010\\\/08\\\/nord-du-mexique-leglise-commemore-25-annnees-de-travail-au-sein-de-ses-communautes\\\/\"},\"wordCount\":530,\"articleSection\":[\"Archive\"],\"inLanguage\":\"fr-FR\"},{\"@type\":\"WebPage\",\"@id\":\"https:\\\/\\\/interamerica.org\\\/fr\\\/2010\\\/08\\\/nord-du-mexique-leglise-commemore-25-annnees-de-travail-au-sein-de-ses-communautes\\\/\",\"url\":\"https:\\\/\\\/interamerica.org\\\/fr\\\/2010\\\/08\\\/nord-du-mexique-leglise-commemore-25-annnees-de-travail-au-sein-de-ses-communautes\\\/\",\"name\":\"Nord du Mexique: L&#39;Eglise comm\u00e9more 25 annn\u00e9es de travail au sein de ses communaut\u00e9s - \u00c9glise Adventiste Du Septieme Jour - Inter Am\u00e9rique Division\",\"isPartOf\":{\"@id\":\"https:\\\/\\\/interamerica.org\\\/fr\\\/#website\"},\"datePublished\":\"2010-08-05T04:00:00+00:00\",\"dateModified\":\"2017-06-02T17:03:25+00:00\",\"author\":{\"@id\":\"https:\\\/\\\/interamerica.org\\\/fr\\\/#\\\/schema\\\/person\\\/68ede8bdc292885bb76c1e3810e73c39\"},\"breadcrumb\":{\"@id\":\"https:\\\/\\\/interamerica.org\\\/fr\\\/2010\\\/08\\\/nord-du-mexique-leglise-commemore-25-annnees-de-travail-au-sein-de-ses-communautes\\\/#breadcrumb\"},\"inLanguage\":\"fr-FR\",\"potentialAction\":[{\"@type\":\"ReadAction\",\"target\":[\"https:\\\/\\\/interamerica.org\\\/fr\\\/2010\\\/08\\\/nord-du-mexique-leglise-commemore-25-annnees-de-travail-au-sein-de-ses-communautes\\\/\"]}]},{\"@type\":\"BreadcrumbList\",\"@id\":\"https:\\\/\\\/interamerica.org\\\/fr\\\/2010\\\/08\\\/nord-du-mexique-leglise-commemore-25-annnees-de-travail-au-sein-de-ses-communautes\\\/#breadcrumb\",\"itemListElement\":[{\"@type\":\"ListItem\",\"position\":1,\"name\":\"Home\",\"item\":\"https:\\\/\\\/interamerica.org\\\/fr\\\/\"},{\"@type\":\"ListItem\",\"position\":2,\"name\":\"Nord du Mexique: L&#39;Eglise comm\u00e9more 25 annn\u00e9es de travail au sein de ses communaut\u00e9s\"}]},{\"@type\":\"WebSite\",\"@id\":\"https:\\\/\\\/interamerica.org\\\/fr\\\/#website\",\"url\":\"https:\\\/\\\/interamerica.org\\\/fr\\\/\",\"name\":\"\u00c9glise Adventiste Du Septieme Jour - Inter Am\u00e9rique Division\",\"description\":\"\",\"potentialAction\":[{\"@type\":\"SearchAction\",\"target\":{\"@type\":\"EntryPoint\",\"urlTemplate\":\"https:\\\/\\\/interamerica.org\\\/fr\\\/?s={search_term_string}\"},\"query-input\":{\"@type\":\"PropertyValueSpecification\",\"valueRequired\":true,\"valueName\":\"search_term_string\"}}],\"inLanguage\":\"fr-FR\"},{\"@type\":\"Person\",\"@id\":\"https:\\\/\\\/interamerica.org\\\/fr\\\/#\\\/schema\\\/person\\\/68ede8bdc292885bb76c1e3810e73c39\",\"name\":\"Lorenzo Verduzco\",\"image\":{\"@type\":\"ImageObject\",\"inLanguage\":\"fr-FR\",\"@id\":\"https:\\\/\\\/secure.gravatar.com\\\/avatar\\\/fb81a55b6218459490a9c1dc841a34909185b81904c5337b4b27f7a6fd60c49e?s=96&d=mm&r=g\",\"url\":\"https:\\\/\\\/secure.gravatar.com\\\/avatar\\\/fb81a55b6218459490a9c1dc841a34909185b81904c5337b4b27f7a6fd60c49e?s=96&d=mm&r=g\",\"contentUrl\":\"https:\\\/\\\/secure.gravatar.com\\\/avatar\\\/fb81a55b6218459490a9c1dc841a34909185b81904c5337b4b27f7a6fd60c49e?s=96&d=mm&r=g\",\"caption\":\"Lorenzo Verduzco\"}}]}<\/script>\n<!-- \/ Yoast SEO plugin. -->","yoast_head_json":{"title":"Nord du Mexique: L&#39;Eglise comm\u00e9more 25 annn\u00e9es de travail au sein de ses communaut\u00e9s - \u00c9glise Adventiste Du Septieme Jour - Inter Am\u00e9rique Division","robots":{"index":"index","follow":"follow","max-snippet":"max-snippet:-1","max-image-preview":"max-image-preview:large","max-video-preview":"max-video-preview:-1"},"canonical":"https:\/\/interamerica.org\/fr\/2010\/08\/nord-du-mexique-leglise-commemore-25-annnees-de-travail-au-sein-de-ses-communautes\/","og_locale":"fr_FR","og_type":"article","og_title":"Nord du Mexique: L&#39;Eglise comm\u00e9more 25 annn\u00e9es de travail au sein de ses communaut\u00e9s - \u00c9glise Adventiste Du Septieme Jour - Inter Am\u00e9rique Division","og_description":"R\u00e9cemment, plus de 12.000 Adventistes du Septi\u00e8me jour ont rempli le Monterrey Arena de Monterrey, au Mexique, pour comm\u00e9morer le travail accompli par l&#39;Union du Nord du Mexique, \u00e9tablie depuis 25 ans.","og_url":"https:\/\/interamerica.org\/fr\/2010\/08\/nord-du-mexique-leglise-commemore-25-annnees-de-travail-au-sein-de-ses-communautes\/","og_site_name":"\u00c9glise Adventiste Du Septieme Jour - Inter Am\u00e9rique Division","article_published_time":"2010-08-05T04:00:00+00:00","article_modified_time":"2017-06-02T17:03:25+00:00","author":"Lorenzo Verduzco","twitter_card":"summary_large_image","twitter_misc":{"\u00c9crit par":"Lorenzo Verduzco","Dur\u00e9e de lecture estim\u00e9e":"3 minutes"},"schema":{"@context":"https:\/\/schema.org","@graph":[{"@type":"Article","@id":"https:\/\/interamerica.org\/fr\/2010\/08\/nord-du-mexique-leglise-commemore-25-annnees-de-travail-au-sein-de-ses-communautes\/#article","isPartOf":{"@id":"https:\/\/interamerica.org\/fr\/2010\/08\/nord-du-mexique-leglise-commemore-25-annnees-de-travail-au-sein-de-ses-communautes\/"},"author":{"name":"Lorenzo Verduzco","@id":"https:\/\/interamerica.org\/fr\/#\/schema\/person\/68ede8bdc292885bb76c1e3810e73c39"},"headline":"Nord du Mexique: L&#39;Eglise comm\u00e9more 25 annn\u00e9es de travail au sein de ses communaut\u00e9s","datePublished":"2010-08-05T04:00:00+00:00","dateModified":"2017-06-02T17:03:25+00:00","mainEntityOfPage":{"@id":"https:\/\/interamerica.org\/fr\/2010\/08\/nord-du-mexique-leglise-commemore-25-annnees-de-travail-au-sein-de-ses-communautes\/"},"wordCount":530,"articleSection":["Archive"],"inLanguage":"fr-FR"},{"@type":"WebPage","@id":"https:\/\/interamerica.org\/fr\/2010\/08\/nord-du-mexique-leglise-commemore-25-annnees-de-travail-au-sein-de-ses-communautes\/","url":"https:\/\/interamerica.org\/fr\/2010\/08\/nord-du-mexique-leglise-commemore-25-annnees-de-travail-au-sein-de-ses-communautes\/","name":"Nord du Mexique: L&#39;Eglise comm\u00e9more 25 annn\u00e9es de travail au sein de ses communaut\u00e9s - \u00c9glise Adventiste Du Septieme Jour - Inter Am\u00e9rique Division","isPartOf":{"@id":"https:\/\/interamerica.org\/fr\/#website"},"datePublished":"2010-08-05T04:00:00+00:00","dateModified":"2017-06-02T17:03:25+00:00","author":{"@id":"https:\/\/interamerica.org\/fr\/#\/schema\/person\/68ede8bdc292885bb76c1e3810e73c39"},"breadcrumb":{"@id":"https:\/\/interamerica.org\/fr\/2010\/08\/nord-du-mexique-leglise-commemore-25-annnees-de-travail-au-sein-de-ses-communautes\/#breadcrumb"},"inLanguage":"fr-FR","potentialAction":[{"@type":"ReadAction","target":["https:\/\/interamerica.org\/fr\/2010\/08\/nord-du-mexique-leglise-commemore-25-annnees-de-travail-au-sein-de-ses-communautes\/"]}]},{"@type":"BreadcrumbList","@id":"https:\/\/interamerica.org\/fr\/2010\/08\/nord-du-mexique-leglise-commemore-25-annnees-de-travail-au-sein-de-ses-communautes\/#breadcrumb","itemListElement":[{"@type":"ListItem","position":1,"name":"Home","item":"https:\/\/interamerica.org\/fr\/"},{"@type":"ListItem","position":2,"name":"Nord du Mexique: L&#39;Eglise comm\u00e9more 25 annn\u00e9es de travail au sein de ses communaut\u00e9s"}]},{"@type":"WebSite","@id":"https:\/\/interamerica.org\/fr\/#website","url":"https:\/\/interamerica.org\/fr\/","name":"\u00c9glise Adventiste Du Septieme Jour - Inter Am\u00e9rique Division","description":"","potentialAction":[{"@type":"SearchAction","target":{"@type":"EntryPoint","urlTemplate":"https:\/\/interamerica.org\/fr\/?s={search_term_string}"},"query-input":{"@type":"PropertyValueSpecification","valueRequired":true,"valueName":"search_term_string"}}],"inLanguage":"fr-FR"},{"@type":"Person","@id":"https:\/\/interamerica.org\/fr\/#\/schema\/person\/68ede8bdc292885bb76c1e3810e73c39","name":"Lorenzo Verduzco","image":{"@type":"ImageObject","inLanguage":"fr-FR","@id":"https:\/\/secure.gravatar.com\/avatar\/fb81a55b6218459490a9c1dc841a34909185b81904c5337b4b27f7a6fd60c49e?s=96&d=mm&r=g","url":"https:\/\/secure.gravatar.com\/avatar\/fb81a55b6218459490a9c1dc841a34909185b81904c5337b4b27f7a6fd60c49e?s=96&d=mm&r=g","contentUrl":"https:\/\/secure.gravatar.com\/avatar\/fb81a55b6218459490a9c1dc841a34909185b81904c5337b4b27f7a6fd60c49e?s=96&d=mm&r=g","caption":"Lorenzo Verduzco"}}]}},"_links":{"self":[{"href":"https:\/\/interamerica.org\/fr\/wp-json\/wp\/v2\/posts\/13429","targetHints":{"allow":["GET"]}}],"collection":[{"href":"https:\/\/interamerica.org\/fr\/wp-json\/wp\/v2\/posts"}],"about":[{"href":"https:\/\/interamerica.org\/fr\/wp-json\/wp\/v2\/types\/post"}],"author":[{"embeddable":true,"href":"https:\/\/interamerica.org\/fr\/wp-json\/wp\/v2\/users\/1"}],"replies":[{"embeddable":true,"href":"https:\/\/interamerica.org\/fr\/wp-json\/wp\/v2\/comments?post=13429"}],"version-history":[{"count":0,"href":"https:\/\/interamerica.org\/fr\/wp-json\/wp\/v2\/posts\/13429\/revisions"}],"wp:attachment":[{"href":"https:\/\/interamerica.org\/fr\/wp-json\/wp\/v2\/media?parent=13429"}],"wp:term":[{"taxonomy":"category","embeddable":true,"href":"https:\/\/interamerica.org\/fr\/wp-json\/wp\/v2\/categories?post=13429"},{"taxonomy":"post_tag","embeddable":true,"href":"https:\/\/interamerica.org\/fr\/wp-json\/wp\/v2\/tags?post=13429"}],"curies":[{"name":"wp","href":"https:\/\/api.w.org\/{rel}","templated":true}]}}