{"id":13435,"date":"2010-09-02T00:00:00","date_gmt":"2010-09-02T04:00:00","guid":{"rendered":"http:\/\/192.81.217.108\/interamerica\/2010\/09\/leducation-adventiste-doit-creer-de-la-valeur-indique-beardsley\/"},"modified":"2017-06-02T13:03:15","modified_gmt":"2017-06-02T17:03:15","slug":"leducation-adventiste-doit-creer-de-la-valeur-indique-beardsley","status":"publish","type":"post","link":"https:\/\/interamerica.org\/fr\/2010\/09\/leducation-adventiste-doit-creer-de-la-valeur-indique-beardsley\/","title":{"rendered":"L&#39;\u00e9ducation Adventiste doit cr\u00e9er de la valeur indique Beardsley"},"content":{"rendered":"<p>2 septembre 2010, <em >Silver Spring, Maryland, Etats-Unis<\/em >&#8230;Ansel Oliver\/ANN <\/p>\n<p>Lisa Beardsley veut cr\u00e9er de la valeur pour le consommateur d&#39;\u00e9ducation. <\/p>\n<p>Au cours de ses \u00e9tudes de gestion elle analysait la raison pour laquelle les gens choisissent de payer 4 dollars pour une tasse de caf\u00e9 \u00e0 Starbucks. Elle utilise maintenant cette m\u00eame analyse et l&#39;applique \u00e0 l&#39;\u00e9ducation Adventiste, examinant pourquoi les gens seraient pr\u00eats \u00e0 payer un suppl\u00e9ment pour ses valeurs et sa mission. <\/p>\n<p>Pour Lisa Beardsley, r\u00e9cemment nomm\u00e9e directrice de l&#39;\u00e9ducation pour l&#39;\u00e9glise Adventiste mondiale, cette analyse et les r\u00e9sultats qu&#39;elle a g\u00e9n\u00e9r\u00e9s, offrira, esp\u00e8rent-elle, aux administrateurs et aux \u00e9tudiants des choix plus clairs pour naviguer \u00e0 travers les changements dans l&#39;\u00e9ducation Adventiste. Le syst\u00e8me se bat pour maintenir l&#39;identit\u00e9 Adventiste dans des r\u00e9gions \u00e0 croissance importante et pour offrir des programmes comp\u00e9titifs dans des r\u00e9gions connaissant la stagnation. <\/p>\n<p>L&#39;\u00e9tudiant d&#39;universit\u00e9 typique n&#39;est plus simplement un jeune de 18 ans qui vient pour vivre dans un dortoir. La demande est \u00e0 la hausse pour les dipl\u00f4mes universitaires et professionnels. Les parents retournent sur les bancs de l&#39;\u00e9cole, parfois dans des b\u00e2timents annexes en ville ou via des classes virtuelles en ligne. Le d\u00e9fi, pr\u00e9cise Lisa Beardsley, est de pouvoir faire de chacun de ces points dans la chaine d&#39;offre de l&#39;exp\u00e9rience acad\u00e9mique, que ce soit au niveau rural ou urbain, des \u00e9l\u00e9ments distinctement Adventistes. Cela permet de mettre \u00e0 jour le mod\u00e8le commercial ancien  qui consistait \u00e0 construire des \u00e9coles et universit\u00e9s Adventistes avec internat tout au bout d&#39;une route de campagne. <\/p>\n<p>Une grande partie de cette analyse devra se d\u00e9rouler au cours du mandat de cinq ans de son d\u00e9partement. Elle, ainsi que quatre adjoints composent le c\u0153ur de l&#39;Association Adventiste d&#39;Accr\u00e9ditation. <\/p>\n<p><strong >O\u00f9 y a-t-il la croissance ?<\/strong > <\/p>\n<p>Pour l&#39;instant, l&#39;analyse de 1,7 millions d&#39;\u00e9tudiants dans des institutions Adventistes \u00e0 travers le monde permet de connaitre leurs pr\u00e9f\u00e9rences en consid\u00e9rant les cours pour lesquels ils payent et les endroits o\u00f9 ils choisissent d&#39;aller. Les r\u00e9sultats : le syst\u00e8me \u00e9ducatif de l&#39;\u00e9glise conna\u00eet une croissance rapide, essentiellement en dehors de l&#39;Am\u00e9rique du Nord. <\/p>\n<p>Bien que les Etats-Unis et le Canada connaissent une certaine croissance, Lisa Beardsley indique que les inscriptions  dans l&#39;\u00e9ducation sup\u00e9rieure n&#39;y ont augment\u00e9 que d&#39;environ 3 pourcent au cours des cinq derni\u00e8res ann\u00e9es. Des infrastructures de la d\u00e9nomination en place depuis longtemps sont en perte de vitesse dans certaines r\u00e9gions. Les leaders de l&#39;\u00e9ducation en Am\u00e9rique du Nord disent que plusieurs \u00e9coles secondaires construites au d\u00e9but des ann\u00e9es 60 pour accommoder les enfants du Baby Boom connaissent une baisse de fr\u00e9quentation par rapport aux ann\u00e9es fastes. Lisa Beardsley fait remarquer que la plupart des universit\u00e9s  sont encore solides, mais les changements au niveau de la d\u00e9mographie et au niveau de la demande du march\u00e9 font que des \u00e9coles jadis florissantes vont devoir diminuer leurs activit\u00e9s, certaines de mani\u00e8re radicale. <\/p>\n<p>Prenez par exemple Atlantic Union College dans le Massachussetts qui est sur le point de perdre son accr\u00e9ditation pour des raisons financi\u00e8res. Cet \u00e9tablissement pourra peut-\u00eatre renaitre avec succ\u00e8s en tant que structure de premier cycle universitaire, indique Lisa Beardsley, faisant r\u00e9f\u00e9rence \u00e0 la demande \u00ab croissante \u00bb dans le pays pour les universit\u00e9s de communaut\u00e9. <\/p>\n<p>\u00ab Si les gens ne peuvent pas payer ou ne souhaitent pas payer, et si [certains endroits] ferment, nous devrions consid\u00e9rer dans la pri\u00e8re quelle est la volont\u00e9 du Seigneur pour nous, \u00bb a d\u00e9clar\u00e9 Lisa Beardsley au cours d&#39;une interview donn\u00e9e dans son bureau. \u00ab Il y a d&#39;autres endroits o\u00f9 ne pouvons pas g\u00e9rer la croissance. Je ne pense pas que nous devrions garder autre chose sous respiration artificielle. \u00bb <\/p>\n<p>A travers le monde cependant, l&#39;\u00e9ducation sup\u00e9rieure Adventiste conna\u00eet une croissance si rapide &#8211; environ 26 pourcent d&#39;augmentation au niveau des inscriptions au cours des cinq derni\u00e8res ann\u00e9es &#8211; que de plus en plus d&#39;enseignants non Adventistes sont embauch\u00e9s. Ils enseignent  \u00e0 une population d&#39;\u00e9tudiants non Adventistes de plus en plus nombreuse elle aussi. <\/p>\n<p>C&#39;est vrai, quand 40 pourcent des \u00e9tudiants ne sont pas Adventistes, c&#39;est une opportunit\u00e9 de pouvoir partager la mission de l&#39;\u00e9glise. Mais ce qui d\u00e9finit l&#39;\u00e9ducation Adventiste, dit encore Lisa Beardsley, c&#39;est la personne qui enseigne la classe. <\/p>\n<p>C&#39;est pourquoi l&#39;un de ses objectifs au cours de son mandat est d&#39;\u00e9quiper les enseignants afin qu&#39;ils continuent \u00e0 int\u00e9grer la foi et l&#39;aspect acad\u00e9mique et augmenter le pourcentage de professeurs qui sont membres de la d\u00e9nomination. <\/p>\n<p>\u00ab Tous nos enseignants, m\u00eame ceux qui enseignent dans un programme de MBA (Maitrise de Gestion) le soir, doivent comprendre comment faire avancer la cause r\u00e9demptrice \u00e0 travers l&#39;instruction qu&#39;ils prodiguent, \u00bb a encore affirm\u00e9 Lisa Beardsley. <\/p>\n<p>De plus, elle souhaite augmenter la spiritualit\u00e9 sur les campus Adventistes, de sorte qu&#39;il y ait un \u00e9quilibre entre les \u00e9tudes, le travail, le service et le repos. Cela pourrait inclure une certaine dynamisation de l&#39;influence des d\u00e9partements de religion et de th\u00e9ologie sur le campus. Leurs programmes perdent de l&#39;ampleur par rapport aux autres disciplines \u00e0 cause de la demande du march\u00e9 et ont donc maintenant moins d&#39;influence sur la culture d&#39;un campus, a dit Lissa Beardsley. <\/p>\n<p>\u00ab Nous avons besoin de voir ces professeurs exercer leur leadership et leur influence pas simplement au niveau de leurs \u00e9l\u00e8ves, mais aussi au niveau du climat intellectuel et spirituel de tout le campus, \u00bb a-t-elle ajout\u00e9. <\/p>\n<p>Bien qu&#39;elle cherche \u00e0 promouvoir l&#39;identit\u00e9 Adventiste et la spiritualit\u00e9 sur les campus de la d\u00e9nomination, Lisa Beardsley n&#39;est pas oppos\u00e9 au fait d&#39;exposer les \u00e9tudiants \u00e0 une vari\u00e9t\u00e9 d&#39;id\u00e9es et d&#39;\u00e9vidences, m\u00eame lorsque celles-ci sont en conflit avec les croyances Adventistes officielles. <\/p>\n<p>\u00ab Cela doit se faire, mais tout en gardant l&#39;\u00e9quilibre avec l&#39;identit\u00e9 et la mission Adventistes, \u00bb a-t-elle dit. \u00ab Cela doit se faire dans un contexte appropri\u00e9 au moment opportun et avec suffisamment de soutien pour les \u00e9tudiants quand ils se d\u00e9battent avec des questions intellectuelles, comme par exemple la pens\u00e9e scientifique actuelle au sujet de l&#39;\u00e2ge de la terre, et comment nous r\u00e9concilions cela avec notre croyance que Dieu est notre cr\u00e9ateur. \u00bb <\/p>\n<p>Cependant, elle pr\u00e9vient que de tels sujets devraient \u00eatre enseign\u00e9s avec \u00ab maturit\u00e9, judicieusement et consciencieusement. \u00bb <\/p>\n<p>\u00ab Il y a des choses sur lesquelles les universitaires discutent entre eux et avec d&#39;autres professeurs et puis il y a des choses dont ils parlent avec les \u00e9tudiants. Et ce n&#39;est pas la m\u00eame chose&#8230;Nous ne devrions jamais jeter nos \u00e9tudiants aux loups et faire en sorte que cela soit la survie des plus forts. \u00bb <\/p>\n<p><strong >Appel au minist\u00e8re<\/strong > <\/p>\n<p>Lisa Beardsley, 52 ans, parle couramment l&#39;anglais et le finnois (elle est moiti\u00e9 Finlandaise et moiti\u00e9 Japonaise) et a \u00e9t\u00e9 \u00e9tudiante et professeur pendant de longues ann\u00e9es dans les \u00e9coles Adventistes et publiques \u00e0 travers le monde. <\/p>\n<p>Elle a suivi la fili\u00e8re th\u00e9ologique \u00e0 l&#39;universit\u00e9 en Europe, ne r\u00e9alisant pas jusqu&#39;\u00e0 sa troisi\u00e8me ann\u00e9e qu&#39;une femme ne pouvait pas servir en tant que pasteur Adventiste. Lorsqu&#39;on lui pose la question, elle dit qu&#39;elle \u00e9tait \u00ab choqu\u00e9e \u00bb \u00e0 l&#39;\u00e9poque, mais sa vocation maintenant est dans le minist\u00e8re de l&#39;\u00e9ducation. <\/p>\n<p>Cependant elle a mis cette formation th\u00e9ologique \u00e0 contribution au cours de deux mandats en tant qu&#39;aum\u00f4ni\u00e8re d&#39;h\u00f4pital entre des p\u00e9riodes pendant lesquelles elle a enseign\u00e9 et a aussi poursuivi des \u00e9tudes, ce qui d&#39;ailleurs est la raison pour laquelle on retrouve cette soupe de lettres de l&#39;alphabet apr\u00e8s son nom : PhD., MBA, MPH. <\/p>\n<p>Ses quatre dipl\u00f4mes &#8211;en \u00e9ducation, gestion, sant\u00e9 et th\u00e9ologie &#8211; repr\u00e9sentent les quatre disciplines les plus importantes maintenant sur les campus Adventistes. <\/p>\n<p><strong >Aller vers les Etudiants<\/strong > <\/p>\n<p>R\u00e9cemment, Lisa Beardsley a servi en tant que directrice adjointe de d\u00e9partement et r\u00e9dactrice en chef de <em >Dialogue<\/em >, un journal destin\u00e9 au \u00e9tudiants Adventistes sur les campus publics. C&#39;est l\u00e0 o\u00f9 \u00e9tudient environ 70 pourcent des \u00e9tudiants Adventistes dans les universit\u00e9s en Am\u00e9rique du Nord. Elle aimerait voir davantage de ces \u00e9tudiants dans les \u00e9coles Adventistes. <\/p>\n<p>Cela n&#39;aurait-il pas encombr\u00e9 les campus existants ? Pas en dehors d&#39;Am\u00e9rique du Nord, dit-elle. <\/p>\n<p>Sa propre carri\u00e8re a \u00e9t\u00e9 plus ou moins aid\u00e9e par le fait de changer d&#39;\u00e9coles et aussi le d\u00e9veloppement de connections -\u00ab capital social \u00bb &#8211; selon ses propres termes. Aujourd&#39;hui, des emails \u00e0 des responsables en Indon\u00e9sie ou au Pakistan ne sont pas mal interpr\u00e9t\u00e9s \u00e0 cause de diff\u00e9rences culturelles. Familiarit\u00e9 et confiance ont \u00e9t\u00e9 \u00e9tablis sur des campus il y a des d\u00e9cennies. La d\u00e9nomination fonctionne sur ce capital, dit-elle. <\/p>\n<p>\u00ab Je dis aux \u00e9tudiants, \u2018ne pensez pas simplement \u00e0 l&#39;\u00e9cole la plus proche de vous. Pensez au monde entier !&#39; Ma propre exp\u00e9rience &#8211; deux ans en Angleterre, deux ans aux philippines, une ann\u00e9e et demie \u00e0 Loma Linda &#8211; m&#39;a donn\u00e9e une compr\u00e9hension du monde que je n&#39;aurais pu acqu\u00e9rir d&#39;une autre fa\u00e7on. \u00bb <\/p>\n<p>Vous pouvez lui \u00e9crire \u00e0 : <a  href=\"mailto:beardsleyL@gc.adventist.org\">beardsleyL@gc.adventist.org<\/a > <\/p>\n<\/p>\n<p>Traducteur: Patrick Luciathe <br  \/><\/p>\n","protected":false},"excerpt":{"rendered":"<p>Au cours de ses \u00e9tudes de gestion elleanalysait la raison pour laquelle les gens choisissent de payer 4 dollars pourune tasse de caf\u00e9 \u00e0 Starbucks. Elle utilise maintenant cette m\u00eame analyse etl&#39;applique \u00e0<\/p>\n","protected":false},"author":1,"featured_media":0,"comment_status":"closed","ping_status":"closed","sticky":false,"template":"","format":"standard","meta":{"_acf_changed":false,"footnotes":""},"categories":[9],"tags":[],"class_list":["post-13435","post","type-post","status-publish","format-standard","hentry","category-archive-fr"],"acf":[],"yoast_head":"<!-- This site is optimized with the Yoast SEO plugin v27.3 - https:\/\/yoast.com\/product\/yoast-seo-wordpress\/ -->\n<title>L&#039;\u00e9ducation Adventiste doit cr\u00e9er de la valeur indique Beardsley - \u00c9glise Adventiste Du Septieme Jour - Inter Am\u00e9rique Division<\/title>\n<meta name=\"robots\" content=\"index, follow, max-snippet:-1, max-image-preview:large, max-video-preview:-1\" \/>\n<link rel=\"canonical\" href=\"https:\/\/interamerica.org\/fr\/2010\/09\/leducation-adventiste-doit-creer-de-la-valeur-indique-beardsley\/\" \/>\n<meta property=\"og:locale\" content=\"fr_FR\" \/>\n<meta property=\"og:type\" content=\"article\" \/>\n<meta property=\"og:title\" content=\"L&#039;\u00e9ducation Adventiste doit cr\u00e9er de la valeur indique Beardsley - \u00c9glise Adventiste Du Septieme Jour - Inter Am\u00e9rique Division\" \/>\n<meta property=\"og:description\" content=\"Au cours de ses \u00e9tudes de gestion elleanalysait la raison pour laquelle les gens choisissent de payer 4 dollars pourune tasse de caf\u00e9 \u00e0 Starbucks. Elle utilise maintenant cette m\u00eame analyse etl&#039;applique \u00e0\" \/>\n<meta property=\"og:url\" content=\"https:\/\/interamerica.org\/fr\/2010\/09\/leducation-adventiste-doit-creer-de-la-valeur-indique-beardsley\/\" \/>\n<meta property=\"og:site_name\" content=\"\u00c9glise Adventiste Du Septieme Jour - Inter Am\u00e9rique Division\" \/>\n<meta property=\"article:published_time\" content=\"2010-09-02T04:00:00+00:00\" \/>\n<meta property=\"article:modified_time\" content=\"2017-06-02T17:03:15+00:00\" \/>\n<meta name=\"author\" content=\"Lorenzo Verduzco\" \/>\n<meta name=\"twitter:card\" content=\"summary_large_image\" \/>\n<meta name=\"twitter:label1\" content=\"\u00c9crit par\" \/>\n\t<meta name=\"twitter:data1\" content=\"Lorenzo Verduzco\" \/>\n\t<meta name=\"twitter:label2\" content=\"Dur\u00e9e de lecture estim\u00e9e\" \/>\n\t<meta name=\"twitter:data2\" content=\"8 minutes\" \/>\n<script type=\"application\/ld+json\" class=\"yoast-schema-graph\">{\"@context\":\"https:\\\/\\\/schema.org\",\"@graph\":[{\"@type\":\"Article\",\"@id\":\"https:\\\/\\\/interamerica.org\\\/fr\\\/2010\\\/09\\\/leducation-adventiste-doit-creer-de-la-valeur-indique-beardsley\\\/#article\",\"isPartOf\":{\"@id\":\"https:\\\/\\\/interamerica.org\\\/fr\\\/2010\\\/09\\\/leducation-adventiste-doit-creer-de-la-valeur-indique-beardsley\\\/\"},\"author\":{\"name\":\"Lorenzo Verduzco\",\"@id\":\"https:\\\/\\\/interamerica.org\\\/fr\\\/#\\\/schema\\\/person\\\/68ede8bdc292885bb76c1e3810e73c39\"},\"headline\":\"L&#39;\u00e9ducation Adventiste doit cr\u00e9er de la valeur indique Beardsley\",\"datePublished\":\"2010-09-02T04:00:00+00:00\",\"dateModified\":\"2017-06-02T17:03:15+00:00\",\"mainEntityOfPage\":{\"@id\":\"https:\\\/\\\/interamerica.org\\\/fr\\\/2010\\\/09\\\/leducation-adventiste-doit-creer-de-la-valeur-indique-beardsley\\\/\"},\"wordCount\":1614,\"articleSection\":[\"Archive\"],\"inLanguage\":\"fr-FR\"},{\"@type\":\"WebPage\",\"@id\":\"https:\\\/\\\/interamerica.org\\\/fr\\\/2010\\\/09\\\/leducation-adventiste-doit-creer-de-la-valeur-indique-beardsley\\\/\",\"url\":\"https:\\\/\\\/interamerica.org\\\/fr\\\/2010\\\/09\\\/leducation-adventiste-doit-creer-de-la-valeur-indique-beardsley\\\/\",\"name\":\"L&#39;\u00e9ducation Adventiste doit cr\u00e9er de la valeur indique Beardsley - \u00c9glise Adventiste Du Septieme Jour - Inter Am\u00e9rique Division\",\"isPartOf\":{\"@id\":\"https:\\\/\\\/interamerica.org\\\/fr\\\/#website\"},\"datePublished\":\"2010-09-02T04:00:00+00:00\",\"dateModified\":\"2017-06-02T17:03:15+00:00\",\"author\":{\"@id\":\"https:\\\/\\\/interamerica.org\\\/fr\\\/#\\\/schema\\\/person\\\/68ede8bdc292885bb76c1e3810e73c39\"},\"breadcrumb\":{\"@id\":\"https:\\\/\\\/interamerica.org\\\/fr\\\/2010\\\/09\\\/leducation-adventiste-doit-creer-de-la-valeur-indique-beardsley\\\/#breadcrumb\"},\"inLanguage\":\"fr-FR\",\"potentialAction\":[{\"@type\":\"ReadAction\",\"target\":[\"https:\\\/\\\/interamerica.org\\\/fr\\\/2010\\\/09\\\/leducation-adventiste-doit-creer-de-la-valeur-indique-beardsley\\\/\"]}]},{\"@type\":\"BreadcrumbList\",\"@id\":\"https:\\\/\\\/interamerica.org\\\/fr\\\/2010\\\/09\\\/leducation-adventiste-doit-creer-de-la-valeur-indique-beardsley\\\/#breadcrumb\",\"itemListElement\":[{\"@type\":\"ListItem\",\"position\":1,\"name\":\"Home\",\"item\":\"https:\\\/\\\/interamerica.org\\\/fr\\\/\"},{\"@type\":\"ListItem\",\"position\":2,\"name\":\"L&#39;\u00e9ducation Adventiste doit cr\u00e9er de la valeur indique Beardsley\"}]},{\"@type\":\"WebSite\",\"@id\":\"https:\\\/\\\/interamerica.org\\\/fr\\\/#website\",\"url\":\"https:\\\/\\\/interamerica.org\\\/fr\\\/\",\"name\":\"\u00c9glise Adventiste Du Septieme Jour - Inter Am\u00e9rique Division\",\"description\":\"\",\"potentialAction\":[{\"@type\":\"SearchAction\",\"target\":{\"@type\":\"EntryPoint\",\"urlTemplate\":\"https:\\\/\\\/interamerica.org\\\/fr\\\/?s={search_term_string}\"},\"query-input\":{\"@type\":\"PropertyValueSpecification\",\"valueRequired\":true,\"valueName\":\"search_term_string\"}}],\"inLanguage\":\"fr-FR\"},{\"@type\":\"Person\",\"@id\":\"https:\\\/\\\/interamerica.org\\\/fr\\\/#\\\/schema\\\/person\\\/68ede8bdc292885bb76c1e3810e73c39\",\"name\":\"Lorenzo Verduzco\",\"image\":{\"@type\":\"ImageObject\",\"inLanguage\":\"fr-FR\",\"@id\":\"https:\\\/\\\/secure.gravatar.com\\\/avatar\\\/fb81a55b6218459490a9c1dc841a34909185b81904c5337b4b27f7a6fd60c49e?s=96&d=mm&r=g\",\"url\":\"https:\\\/\\\/secure.gravatar.com\\\/avatar\\\/fb81a55b6218459490a9c1dc841a34909185b81904c5337b4b27f7a6fd60c49e?s=96&d=mm&r=g\",\"contentUrl\":\"https:\\\/\\\/secure.gravatar.com\\\/avatar\\\/fb81a55b6218459490a9c1dc841a34909185b81904c5337b4b27f7a6fd60c49e?s=96&d=mm&r=g\",\"caption\":\"Lorenzo Verduzco\"}}]}<\/script>\n<!-- \/ Yoast SEO plugin. -->","yoast_head_json":{"title":"L&#39;\u00e9ducation Adventiste doit cr\u00e9er de la valeur indique Beardsley - \u00c9glise Adventiste Du Septieme Jour - Inter Am\u00e9rique Division","robots":{"index":"index","follow":"follow","max-snippet":"max-snippet:-1","max-image-preview":"max-image-preview:large","max-video-preview":"max-video-preview:-1"},"canonical":"https:\/\/interamerica.org\/fr\/2010\/09\/leducation-adventiste-doit-creer-de-la-valeur-indique-beardsley\/","og_locale":"fr_FR","og_type":"article","og_title":"L&#39;\u00e9ducation Adventiste doit cr\u00e9er de la valeur indique Beardsley - \u00c9glise Adventiste Du Septieme Jour - Inter Am\u00e9rique Division","og_description":"Au cours de ses \u00e9tudes de gestion elleanalysait la raison pour laquelle les gens choisissent de payer 4 dollars pourune tasse de caf\u00e9 \u00e0 Starbucks. Elle utilise maintenant cette m\u00eame analyse etl&#39;applique \u00e0","og_url":"https:\/\/interamerica.org\/fr\/2010\/09\/leducation-adventiste-doit-creer-de-la-valeur-indique-beardsley\/","og_site_name":"\u00c9glise Adventiste Du Septieme Jour - Inter Am\u00e9rique Division","article_published_time":"2010-09-02T04:00:00+00:00","article_modified_time":"2017-06-02T17:03:15+00:00","author":"Lorenzo Verduzco","twitter_card":"summary_large_image","twitter_misc":{"\u00c9crit par":"Lorenzo Verduzco","Dur\u00e9e de lecture estim\u00e9e":"8 minutes"},"schema":{"@context":"https:\/\/schema.org","@graph":[{"@type":"Article","@id":"https:\/\/interamerica.org\/fr\/2010\/09\/leducation-adventiste-doit-creer-de-la-valeur-indique-beardsley\/#article","isPartOf":{"@id":"https:\/\/interamerica.org\/fr\/2010\/09\/leducation-adventiste-doit-creer-de-la-valeur-indique-beardsley\/"},"author":{"name":"Lorenzo Verduzco","@id":"https:\/\/interamerica.org\/fr\/#\/schema\/person\/68ede8bdc292885bb76c1e3810e73c39"},"headline":"L&#39;\u00e9ducation Adventiste doit cr\u00e9er de la valeur indique Beardsley","datePublished":"2010-09-02T04:00:00+00:00","dateModified":"2017-06-02T17:03:15+00:00","mainEntityOfPage":{"@id":"https:\/\/interamerica.org\/fr\/2010\/09\/leducation-adventiste-doit-creer-de-la-valeur-indique-beardsley\/"},"wordCount":1614,"articleSection":["Archive"],"inLanguage":"fr-FR"},{"@type":"WebPage","@id":"https:\/\/interamerica.org\/fr\/2010\/09\/leducation-adventiste-doit-creer-de-la-valeur-indique-beardsley\/","url":"https:\/\/interamerica.org\/fr\/2010\/09\/leducation-adventiste-doit-creer-de-la-valeur-indique-beardsley\/","name":"L&#39;\u00e9ducation Adventiste doit cr\u00e9er de la valeur indique Beardsley - \u00c9glise Adventiste Du Septieme Jour - Inter Am\u00e9rique Division","isPartOf":{"@id":"https:\/\/interamerica.org\/fr\/#website"},"datePublished":"2010-09-02T04:00:00+00:00","dateModified":"2017-06-02T17:03:15+00:00","author":{"@id":"https:\/\/interamerica.org\/fr\/#\/schema\/person\/68ede8bdc292885bb76c1e3810e73c39"},"breadcrumb":{"@id":"https:\/\/interamerica.org\/fr\/2010\/09\/leducation-adventiste-doit-creer-de-la-valeur-indique-beardsley\/#breadcrumb"},"inLanguage":"fr-FR","potentialAction":[{"@type":"ReadAction","target":["https:\/\/interamerica.org\/fr\/2010\/09\/leducation-adventiste-doit-creer-de-la-valeur-indique-beardsley\/"]}]},{"@type":"BreadcrumbList","@id":"https:\/\/interamerica.org\/fr\/2010\/09\/leducation-adventiste-doit-creer-de-la-valeur-indique-beardsley\/#breadcrumb","itemListElement":[{"@type":"ListItem","position":1,"name":"Home","item":"https:\/\/interamerica.org\/fr\/"},{"@type":"ListItem","position":2,"name":"L&#39;\u00e9ducation Adventiste doit cr\u00e9er de la valeur indique Beardsley"}]},{"@type":"WebSite","@id":"https:\/\/interamerica.org\/fr\/#website","url":"https:\/\/interamerica.org\/fr\/","name":"\u00c9glise Adventiste Du Septieme Jour - Inter Am\u00e9rique Division","description":"","potentialAction":[{"@type":"SearchAction","target":{"@type":"EntryPoint","urlTemplate":"https:\/\/interamerica.org\/fr\/?s={search_term_string}"},"query-input":{"@type":"PropertyValueSpecification","valueRequired":true,"valueName":"search_term_string"}}],"inLanguage":"fr-FR"},{"@type":"Person","@id":"https:\/\/interamerica.org\/fr\/#\/schema\/person\/68ede8bdc292885bb76c1e3810e73c39","name":"Lorenzo Verduzco","image":{"@type":"ImageObject","inLanguage":"fr-FR","@id":"https:\/\/secure.gravatar.com\/avatar\/fb81a55b6218459490a9c1dc841a34909185b81904c5337b4b27f7a6fd60c49e?s=96&d=mm&r=g","url":"https:\/\/secure.gravatar.com\/avatar\/fb81a55b6218459490a9c1dc841a34909185b81904c5337b4b27f7a6fd60c49e?s=96&d=mm&r=g","contentUrl":"https:\/\/secure.gravatar.com\/avatar\/fb81a55b6218459490a9c1dc841a34909185b81904c5337b4b27f7a6fd60c49e?s=96&d=mm&r=g","caption":"Lorenzo Verduzco"}}]}},"_links":{"self":[{"href":"https:\/\/interamerica.org\/fr\/wp-json\/wp\/v2\/posts\/13435","targetHints":{"allow":["GET"]}}],"collection":[{"href":"https:\/\/interamerica.org\/fr\/wp-json\/wp\/v2\/posts"}],"about":[{"href":"https:\/\/interamerica.org\/fr\/wp-json\/wp\/v2\/types\/post"}],"author":[{"embeddable":true,"href":"https:\/\/interamerica.org\/fr\/wp-json\/wp\/v2\/users\/1"}],"replies":[{"embeddable":true,"href":"https:\/\/interamerica.org\/fr\/wp-json\/wp\/v2\/comments?post=13435"}],"version-history":[{"count":0,"href":"https:\/\/interamerica.org\/fr\/wp-json\/wp\/v2\/posts\/13435\/revisions"}],"wp:attachment":[{"href":"https:\/\/interamerica.org\/fr\/wp-json\/wp\/v2\/media?parent=13435"}],"wp:term":[{"taxonomy":"category","embeddable":true,"href":"https:\/\/interamerica.org\/fr\/wp-json\/wp\/v2\/categories?post=13435"},{"taxonomy":"post_tag","embeddable":true,"href":"https:\/\/interamerica.org\/fr\/wp-json\/wp\/v2\/tags?post=13435"}],"curies":[{"name":"wp","href":"https:\/\/api.w.org\/{rel}","templated":true}]}}