{"id":13469,"date":"2010-11-02T00:00:00","date_gmt":"2010-11-02T04:00:00","guid":{"rendered":"http:\/\/192.81.217.108\/interamerica\/2010\/11\/inter-amerique-les-conseils-dadministration-des-institutions-presentent-leurs-rapports-et-elisent-les-dirigeants\/"},"modified":"2017-06-02T13:02:55","modified_gmt":"2017-06-02T17:02:55","slug":"inter-amerique-les-conseils-dadministration-des-institutions-presentent-leurs-rapports-et-elisent-les-dirigeants","status":"publish","type":"post","link":"https:\/\/interamerica.org\/fr\/2010\/11\/inter-amerique-les-conseils-dadministration-des-institutions-presentent-leurs-rapports-et-elisent-les-dirigeants\/","title":{"rendered":"Inter Am\u00e9rique: Les conseils d&rsquo;administration des institutions pr\u00e9sentent leurs rapports et \u00e9lisent les dirigeants."},"content":{"rendered":"<p>2 Novembre 2010 &#8211; San Juan, Porto Rico&#8230;Libna Stevens\/DIA<\/p>\n<p>Les dirigeantsAdventistes du Septi\u00e8me jour \u00e0 travers l&rsquo;Inter Am\u00e9rique ont \u00e9t\u00e9 mis \u00e0 jour surle d\u00e9veloppement et la croissance financi\u00e8re de ses principales institutions aucours des rencontres des conseils d&rsquo;administration pendant toute la journ\u00e9e du1<sup  >er<\/sup  > novembre 2010 \u00e0 San Juan , Porto Rico. Les dirigeants d&rsquo;\u00e9glise ont \u00e9galement \u00e9lu lesdirigeants qui seront \u00e0 la t\u00eate de ces institutions pendant le prochainquinquennat.<\/p>\n<p>IATS<\/p>\n<p>Le S\u00e9minaire Th\u00e9ologiqueInter Am\u00e9ricain (IATS), qui propose des maitrises et des doctorats \u00e0 ses pasteurs \u00e0 travers neuf sites repartis sur l&rsquo;ensembledu territoire, a indiqu\u00e9 qu&rsquo;ilcherchait \u00e0 obtenir une accr\u00e9ditation afin de pouvoir offrir un certain nombrede dipl\u00f4mes dans les mois \u00e0 venir.<\/p>\n<p>IATS propose d\u00e9j\u00e0un certain nombre de formations diplomantes de troisi\u00e8me cycle \u00e0 ses 380 pasteursse trouvant sur l&rsquo;ensemble du territoire. Le s\u00e9minaire propose des Maitrises enTh\u00e9ologie Pastorale, en Minist\u00e8re de la Jeunesse, en Aum\u00f4nerie, Croissance de l&rsquo;Egliseet Leadership Pastoral, Vie Familiale et Etudes G\u00e9n\u00e9rales. IATS offre aussi  une maitrise en Religion avec emphase enEtudes Bibliques et Th\u00e9ologiques, Etudes Pastorales et Etudes Th\u00e9ologiques. <\/p>\n<p>Des plans sont encours pour d\u00e9buter le processus visant \u00e0 implanter un site d&rsquo;IATS en Ha\u00efti, a d\u00e9clar\u00e9Dr Jaime Castrejon, qui a \u00e9t\u00e9 r\u00e9\u00e9lu comme pr\u00e9sident d&rsquo;IATS. Dr Castrejon  a servi en tant que pr\u00e9sident d&rsquo;IATS en 1996et \u00e0 jou\u00e9 un r\u00f4leimportant dans la mise en place du s\u00e9minaire qui \u00e0 la date d&rsquo;aujourd&rsquo;hui a dipl\u00f4m\u00e9 plus de 400 pasteurs.<\/p>\n<p>Ont \u00e9galement \u00e9t\u00e9\u00e9lus pour une nouvelle p\u00e9riode de cinq ans, Dr Efrain Velazquez, vice-pr\u00e9sidentdes affaires acad\u00e9miques, Guillermo Gonzalez, vice-pr\u00e9sident pour les questionsfinanci\u00e8res, et Ketlie Henry pour les dossiers d&rsquo;admission et les relev\u00e9s.<\/p>\n<\/p>\n<p>IEC<\/p>\n<p>Le CentreEducatif Inter Am\u00e9ricain, un centre offrant des cours du second cycle en ligneen partenariat avec Griggs University, a indiqu\u00e9 qu&rsquo;il avait offert des cours \u00e0 plus de 60 \u00e9tudiants \u00e0 travers la r\u00e9gion et fait des plans pourconsolider ses programmes au cours des mois \u00e0 venir d\u00e8s que le nouveau dirigeant de IEC sera \u00e9lu,a fait savoir Dr Myrna Costa, ancienne directrice du centre et maintenant vice-pr\u00e9sidentede l&rsquo;\u00e9glise Adventiste en Inter Am\u00e9rique.<\/p>\n<p>D&rsquo;apr\u00e8s Dr Costa,qui entre temps supervise le centre et son fonctionnement, les plans visent \u00e0augmenter le nombre d&rsquo;inscriptions d&rsquo;\u00e9tudiants alors que l&rsquo;IEC offre maintenantdeux nouvelles maitrises, l&rsquo;une en administration et leadership de l&rsquo;\u00e9glise, etune autre en instruction d&rsquo;agencement en ligne.<\/p>\n<p>\u00ab Nous sommes\u00e0 la recherche d&rsquo;undirecteur pour ce centre et nous esp\u00e9rons que dans les mois \u00e0 venir, ce centre puisse continuer \u00e0 offrir des dipl\u00f4mes de second et troisi\u00e8mecycles \u00e0 nosenseignants et \u00e0 nosmembres, \u00bb a dit Dr Costa. Elle a indiqu\u00e9 que les principaux dirigeants de l&rsquo;\u00e9gliserecherchent un directeur pour l&rsquo;IEC, l&rsquo;institution \u00e9ducative en ligne.<\/p>\n<p>AHIS-IA<\/p>\n<p>Les ServicesInternationaux Adventistes de Sant\u00e9 en Inter Am\u00e9rique (AHIS-IA) ont vot\u00e9 l&rsquo;adoption de leurs r\u00e8glements afin de permettre \u00e0 tous ses 13 h\u00f4pitaux et 21 cliniques \u00e0 travers le territoire de b\u00e9n\u00e9ficier deleur partenariat avec Adventist Health International &#8211; une soci\u00e9t\u00e9 demanagement form\u00e9e \u00e0 Loma LindaUniversity \u00e0 LomaLinda en Californie, qui \u00e9tablit un partenariat avec les services m\u00e9dicauxAdventistes dans les pays en voie de d\u00e9veloppement afin de consolider lagestion et de mobiliser le personnel et les ressources afin de promouvoir la qualit\u00e9des soins m\u00e9dicaux.<\/p>\n<p>Les h\u00f4pitaux etcliniques en Inter Am\u00e9rique continueront d&rsquo;\u00eatre g\u00e9r\u00e9s par leurs organisationslocales en partenariat avec AHIS et AHIS-IA pour aider \u00e0 structurer lesconseils d&rsquo;administration et offrir un support technique ainsi que desressources.<\/p>\n<p>Conseil d&rsquo;Administrationde l&rsquo;Universit\u00e9 de Montemorelos<\/p>\n<p>En tant qu&rsquo;uniqueinstitution directement g\u00e9r\u00e9e par la Division Inter Am\u00e9ricaine, l&rsquo;Universit\u00e9 deMontemorelos a pr\u00e9sent\u00e9 un rapport sur sa croissance, les nouveaux dipl\u00f4mesofferts, ses plans strat\u00e9giques pour les cinq prochaines ann\u00e9es, et sasituation financi\u00e8re actuelle au cours de la rencontre de fin d&rsquo;ann\u00e9e de sonconseil d&rsquo;administration.<\/p>\n<p>Isma\u00ebl Castillo, pr\u00e9sidentde l&rsquo;Universit\u00e9 de Montemorelos, a d\u00e9clar\u00e9 que la vision de l&rsquo;institution pourl&rsquo;ann\u00e9e 2020 a \u00e9t\u00e9 de transmettre \u00e0 ses jeunes \u00e9tudiants une passion pour leservice \u00e0travers le monde.<\/p>\n<p>Avec plus de 3098\u00e9tudiants sur le campus et \u00e0 travers ses diff\u00e9rents sites d\u00e9localis\u00e9s, l&rsquo;Universit\u00e9de Montemorelos propose actuellement 29 formations dipl\u00f4mantes de second cycleet 32 dipl\u00f4mes de troisi\u00e8me cycle. Les \u00e9tudiants actuellement inscrits repr\u00e9sentent48 pays diff\u00e9rents et 95 pourcent sont Adventistes du Septi\u00e8me jour d&rsquo;apr\u00e8s DrCastillo.<\/p>\n<p>Les dirigeants del&rsquo;\u00e9glise ont vot\u00e9 d&rsquo;approuverun rapport de progr\u00e8s par rapport aux recommandations faites par diff\u00e9rentesvisites d&rsquo;accr\u00e9ditation dans l&rsquo;institution. Quatre vingt quinze des 102recommandations ont \u00e9t\u00e9 r\u00e9alis\u00e9es et les sept autres sont en cours de r\u00e9alisation.<\/p>\n<p>L&rsquo;universit\u00e9 effectueraune analyse interne et une auto \u00e9valuation au cours des prochains mois alorsque leur plan strat\u00e9gique pour les ann\u00e9es \u00e0 venir prend forme, a indiqu\u00e9 Isma\u00ebl Castillo.<\/p>\n<p>Avec sa chaine det\u00e9l\u00e9vision et sa station de radio fonctionnant tous les jours, l&rsquo;Universit\u00e9 deMontemorelos continue d&rsquo;avoir un impact sur la communaut\u00e9 avoisinante \u00e0 traversdivers programmes de proximit\u00e9 dans le domaine de la sant\u00e9 et des activit\u00e9s \u00e9ducatives.<\/p>\n<p>Isma\u00ebl Castillo aannonc\u00e9 que l&rsquo;institutionoffrira un doctorat en administration \u00e0 partir de l&rsquo;\u00e9t\u00e9 2011.<\/p>\n<p>Les principauxresponsables de l&rsquo;universit\u00e9 pour les cinq prochaines ann\u00e9es seront \u00e9lus lorsdu prochain Comit\u00e9 Ex\u00e9cutifen mai 2011.<\/p>\n<\/p>\n<p>BHE<\/p>\n<p>Le Board ofHigher Education (Comit\u00e9 de l&rsquo;EducationSup\u00e9rieure) a approuv\u00e9 unaccord de collaboration sp\u00e9cial entre Angola Adventist University et l&rsquo;Universit\u00e9de Montemorelos pour leur programme de licence en Th\u00e9ologie.<\/p>\n<p>Un programme demaitrise en Nutrition \u00e0Navojoa University au Mexique a \u00e9galement \u00e9t\u00e9 approuv\u00e9.<\/p>\n<p>L&rsquo;Universit\u00e9 duNord de la Cara\u00efbe (NCU), bas\u00e9 en Jama\u00efque, a \u00e9galement re\u00e7u l&rsquo;approbation pour un programme de maitriseen Syst\u00e8mes d&rsquo;Information.<\/p>\n<p>GEMA<\/p>\n<p>La maison d&rsquo;\u00e9ditionGEMA, la deuxi\u00e8me plus grande maison d&rsquo;\u00e9dition de l&rsquo;Inter Am\u00e9rique desservantle Mexique a fait \u00e9tat de son exceptionnelle croissance au cours des cinq derni\u00e8resann\u00e9es.<\/p>\n<p>Erwin Gonzalez,le pr\u00e9sident de GEMA a indiqu\u00e9 que le montant des ventes de publications pour la p\u00e9riode 2005-2010 s&rsquo;est \u00e9lev\u00e9\u00e0 8,8 millions de dollars. Pour 2009, le montant total des ventes a atteint4,3millions de dollars, soit une augmentation de 1,6 millions par rapport \u00e0 2005.<\/p>\n<p>\u00ab Nous avan\u00e7onsavec notre vision qui est de vendre trois millions de livres dans notre pays etde servir nos 750000 membres d&rsquo;\u00e9glise, les 30 champs locaux et les 4 unions du Mexique, \u00bba d\u00e9clar\u00e9 Erwin Gonzalez. \u00ab Nous sommes tr\u00e8s heureux de produire nospropres publications et de partager avec le monde. \u00bb<\/p>\n<p>Selon ErwinGonzalez, GEMA a mis l&rsquo;accent sur la mise \u00e0 jour de l&rsquo;image de marque de l&rsquo;entreprise,la modernisation de ses 47 librairies, l&rsquo;offre de nouveaux livres aux colporteurset l&rsquo;augmentation de ses ventes aux autres librairies Chr\u00e9tiennes au Mexique.<\/p>\n<p>GEMA continue deproduire et d&rsquo;imprimer des magazines Adventistes, des livres et des coproductionsavec la Pacific Press, Review and Herald et la Maison d&rsquo;Edition de la DivisionInter Am\u00e9ricaine.<\/p>\n<p>Ont \u00e9t\u00e9 \u00e9lus pourservir en tant que principaux dirigeants de GEMA au cours des cinq prochaines ann\u00e9es :Erwin Gonzalez comme pr\u00e9sident, Fernando Quiros comme vice-pr\u00e9sident pour les finances, Alejandro Medinacomme vice-pr\u00e9sidentdes services \u00e9ditoriaux, Abel Sanchez comme directeur de production, et AntonioGil comme directeur des promotions.<\/p>\n<p>IAHFC<\/p>\n<p>La Compagnie InterAm\u00e9ricaine de Produits Di\u00e9t\u00e9tiques a pr\u00e9sent\u00e9 le rapport sur son budget defonctionnement pour 2011 et a r\u00e9\u00e9lu ses principaux administrateurs pour lescinq ann\u00e9es \u00e0 venir.<\/p>\n<p>Grace \u00e0 ses sept principales branches \u00e0 travers l&rsquo;Inter Am\u00e9rique, IAHFDCdistribue des produits di\u00e9t\u00e9tiques tels que le lait de soja, les prot\u00e9ines v\u00e9g\u00e9tales,les produits \u00e0 la farinede bl\u00e9 compl\u00e8te et encore bien davantage \u00e0 travers la Colombie, le Costa Rica, la R\u00e9publique Dominicaine, leGuatemala, le Mexique, le Panama, Trinidad et le Venezuela.<\/p>\n<p>Les membres duConseil d&rsquo;administration ont r\u00e9\u00e9lu Jo\u00ebl Zukovski en tant que manager g\u00e9n\u00e9ral, JuanMartin Meza aux finances, et Adolfo Ruiz \u00e0 la recherche et au d\u00e9veloppement pour les cinq prochaines ann\u00e9es.<\/p>\n<p>Les dirigeants del&rsquo;\u00e9glise continueront de se rencontrer au cours de la semaine pour voter surdes initiatives et des plans affectant l&rsquo;\u00e9glise en Inter Am\u00e9rique.<\/p>\n<p>Pour plus d&rsquo;informationsur les d\u00e9cisions prises cette semaine par le Comit\u00e9 Ex\u00e9cutif de l&rsquo;Inter Am\u00e9rique, visitez lesite <a   href=\"https:\/\/recursing-golick.147-182-135-0.plesk.page\/\">www.interamerica.org<\/a  ><\/p>\n<\/p>\n<p><em  >Traducteur: Patrick Luciathe <\/em  ><br   \/><\/p>\n","protected":false},"excerpt":{"rendered":"<p>Lesdirigeants Adventistes du Septi\u00e8me jour \u00e0 travers l&rsquo;Inter Am\u00e9rique ont \u00e9t\u00e9 mis \u00e0jour sur le d\u00e9veloppement et la croissance financi\u00e8re de ses principalesinstitutions au cours des rencontr<\/p>\n","protected":false},"author":1,"featured_media":0,"comment_status":"closed","ping_status":"closed","sticky":false,"template":"","format":"standard","meta":{"_acf_changed":false,"footnotes":""},"categories":[9],"tags":[],"class_list":["post-13469","post","type-post","status-publish","format-standard","hentry","category-archive-fr"],"acf":[],"yoast_head":"<!-- This site is optimized with the Yoast SEO plugin v27.3 - https:\/\/yoast.com\/product\/yoast-seo-wordpress\/ -->\n<title>Inter Am\u00e9rique: Les conseils d&#039;administration des institutions pr\u00e9sentent leurs rapports et \u00e9lisent les dirigeants. - \u00c9glise Adventiste Du Septieme Jour - Inter Am\u00e9rique Division<\/title>\n<meta name=\"robots\" content=\"index, follow, max-snippet:-1, max-image-preview:large, max-video-preview:-1\" \/>\n<link rel=\"canonical\" href=\"https:\/\/interamerica.org\/fr\/2010\/11\/inter-amerique-les-conseils-dadministration-des-institutions-presentent-leurs-rapports-et-elisent-les-dirigeants\/\" \/>\n<meta property=\"og:locale\" content=\"fr_FR\" \/>\n<meta property=\"og:type\" content=\"article\" \/>\n<meta property=\"og:title\" content=\"Inter Am\u00e9rique: Les conseils d&#039;administration des institutions pr\u00e9sentent leurs rapports et \u00e9lisent les dirigeants. - \u00c9glise Adventiste Du Septieme Jour - Inter Am\u00e9rique Division\" \/>\n<meta property=\"og:description\" content=\"Lesdirigeants Adventistes du Septi\u00e8me jour \u00e0 travers l&#039;Inter Am\u00e9rique ont \u00e9t\u00e9 mis \u00e0jour sur le d\u00e9veloppement et la croissance financi\u00e8re de ses principalesinstitutions au cours des rencontr\" \/>\n<meta property=\"og:url\" content=\"https:\/\/interamerica.org\/fr\/2010\/11\/inter-amerique-les-conseils-dadministration-des-institutions-presentent-leurs-rapports-et-elisent-les-dirigeants\/\" \/>\n<meta property=\"og:site_name\" content=\"\u00c9glise Adventiste Du Septieme Jour - Inter Am\u00e9rique Division\" \/>\n<meta property=\"article:published_time\" content=\"2010-11-02T04:00:00+00:00\" \/>\n<meta property=\"article:modified_time\" content=\"2017-06-02T17:02:55+00:00\" \/>\n<meta name=\"author\" content=\"Lorenzo Verduzco\" \/>\n<meta name=\"twitter:card\" content=\"summary_large_image\" \/>\n<meta name=\"twitter:label1\" content=\"\u00c9crit par\" \/>\n\t<meta name=\"twitter:data1\" content=\"Lorenzo Verduzco\" \/>\n\t<meta name=\"twitter:label2\" content=\"Dur\u00e9e de lecture estim\u00e9e\" \/>\n\t<meta name=\"twitter:data2\" content=\"7 minutes\" \/>\n<script type=\"application\/ld+json\" class=\"yoast-schema-graph\">{\"@context\":\"https:\\\/\\\/schema.org\",\"@graph\":[{\"@type\":\"Article\",\"@id\":\"https:\\\/\\\/interamerica.org\\\/fr\\\/2010\\\/11\\\/inter-amerique-les-conseils-dadministration-des-institutions-presentent-leurs-rapports-et-elisent-les-dirigeants\\\/#article\",\"isPartOf\":{\"@id\":\"https:\\\/\\\/interamerica.org\\\/fr\\\/2010\\\/11\\\/inter-amerique-les-conseils-dadministration-des-institutions-presentent-leurs-rapports-et-elisent-les-dirigeants\\\/\"},\"author\":{\"name\":\"Lorenzo Verduzco\",\"@id\":\"https:\\\/\\\/interamerica.org\\\/fr\\\/#\\\/schema\\\/person\\\/68ede8bdc292885bb76c1e3810e73c39\"},\"headline\":\"Inter Am\u00e9rique: Les conseils d&rsquo;administration des institutions pr\u00e9sentent leurs rapports et \u00e9lisent les dirigeants.\",\"datePublished\":\"2010-11-02T04:00:00+00:00\",\"dateModified\":\"2017-06-02T17:02:55+00:00\",\"mainEntityOfPage\":{\"@id\":\"https:\\\/\\\/interamerica.org\\\/fr\\\/2010\\\/11\\\/inter-amerique-les-conseils-dadministration-des-institutions-presentent-leurs-rapports-et-elisent-les-dirigeants\\\/\"},\"wordCount\":1450,\"articleSection\":[\"Archive\"],\"inLanguage\":\"fr-FR\"},{\"@type\":\"WebPage\",\"@id\":\"https:\\\/\\\/interamerica.org\\\/fr\\\/2010\\\/11\\\/inter-amerique-les-conseils-dadministration-des-institutions-presentent-leurs-rapports-et-elisent-les-dirigeants\\\/\",\"url\":\"https:\\\/\\\/interamerica.org\\\/fr\\\/2010\\\/11\\\/inter-amerique-les-conseils-dadministration-des-institutions-presentent-leurs-rapports-et-elisent-les-dirigeants\\\/\",\"name\":\"Inter Am\u00e9rique: Les conseils d'administration des institutions pr\u00e9sentent leurs rapports et \u00e9lisent les dirigeants. - \u00c9glise Adventiste Du Septieme Jour - Inter Am\u00e9rique Division\",\"isPartOf\":{\"@id\":\"https:\\\/\\\/interamerica.org\\\/fr\\\/#website\"},\"datePublished\":\"2010-11-02T04:00:00+00:00\",\"dateModified\":\"2017-06-02T17:02:55+00:00\",\"author\":{\"@id\":\"https:\\\/\\\/interamerica.org\\\/fr\\\/#\\\/schema\\\/person\\\/68ede8bdc292885bb76c1e3810e73c39\"},\"breadcrumb\":{\"@id\":\"https:\\\/\\\/interamerica.org\\\/fr\\\/2010\\\/11\\\/inter-amerique-les-conseils-dadministration-des-institutions-presentent-leurs-rapports-et-elisent-les-dirigeants\\\/#breadcrumb\"},\"inLanguage\":\"fr-FR\",\"potentialAction\":[{\"@type\":\"ReadAction\",\"target\":[\"https:\\\/\\\/interamerica.org\\\/fr\\\/2010\\\/11\\\/inter-amerique-les-conseils-dadministration-des-institutions-presentent-leurs-rapports-et-elisent-les-dirigeants\\\/\"]}]},{\"@type\":\"BreadcrumbList\",\"@id\":\"https:\\\/\\\/interamerica.org\\\/fr\\\/2010\\\/11\\\/inter-amerique-les-conseils-dadministration-des-institutions-presentent-leurs-rapports-et-elisent-les-dirigeants\\\/#breadcrumb\",\"itemListElement\":[{\"@type\":\"ListItem\",\"position\":1,\"name\":\"Home\",\"item\":\"https:\\\/\\\/interamerica.org\\\/fr\\\/\"},{\"@type\":\"ListItem\",\"position\":2,\"name\":\"Inter Am\u00e9rique: Les conseils d&rsquo;administration des institutions pr\u00e9sentent leurs rapports et \u00e9lisent les dirigeants.\"}]},{\"@type\":\"WebSite\",\"@id\":\"https:\\\/\\\/interamerica.org\\\/fr\\\/#website\",\"url\":\"https:\\\/\\\/interamerica.org\\\/fr\\\/\",\"name\":\"\u00c9glise Adventiste Du Septieme Jour - Inter Am\u00e9rique Division\",\"description\":\"\",\"potentialAction\":[{\"@type\":\"SearchAction\",\"target\":{\"@type\":\"EntryPoint\",\"urlTemplate\":\"https:\\\/\\\/interamerica.org\\\/fr\\\/?s={search_term_string}\"},\"query-input\":{\"@type\":\"PropertyValueSpecification\",\"valueRequired\":true,\"valueName\":\"search_term_string\"}}],\"inLanguage\":\"fr-FR\"},{\"@type\":\"Person\",\"@id\":\"https:\\\/\\\/interamerica.org\\\/fr\\\/#\\\/schema\\\/person\\\/68ede8bdc292885bb76c1e3810e73c39\",\"name\":\"Lorenzo Verduzco\",\"image\":{\"@type\":\"ImageObject\",\"inLanguage\":\"fr-FR\",\"@id\":\"https:\\\/\\\/secure.gravatar.com\\\/avatar\\\/fb81a55b6218459490a9c1dc841a34909185b81904c5337b4b27f7a6fd60c49e?s=96&d=mm&r=g\",\"url\":\"https:\\\/\\\/secure.gravatar.com\\\/avatar\\\/fb81a55b6218459490a9c1dc841a34909185b81904c5337b4b27f7a6fd60c49e?s=96&d=mm&r=g\",\"contentUrl\":\"https:\\\/\\\/secure.gravatar.com\\\/avatar\\\/fb81a55b6218459490a9c1dc841a34909185b81904c5337b4b27f7a6fd60c49e?s=96&d=mm&r=g\",\"caption\":\"Lorenzo Verduzco\"}}]}<\/script>\n<!-- \/ Yoast SEO plugin. -->","yoast_head_json":{"title":"Inter Am\u00e9rique: Les conseils d'administration des institutions pr\u00e9sentent leurs rapports et \u00e9lisent les dirigeants. - \u00c9glise Adventiste Du Septieme Jour - Inter Am\u00e9rique Division","robots":{"index":"index","follow":"follow","max-snippet":"max-snippet:-1","max-image-preview":"max-image-preview:large","max-video-preview":"max-video-preview:-1"},"canonical":"https:\/\/interamerica.org\/fr\/2010\/11\/inter-amerique-les-conseils-dadministration-des-institutions-presentent-leurs-rapports-et-elisent-les-dirigeants\/","og_locale":"fr_FR","og_type":"article","og_title":"Inter Am\u00e9rique: Les conseils d'administration des institutions pr\u00e9sentent leurs rapports et \u00e9lisent les dirigeants. - \u00c9glise Adventiste Du Septieme Jour - Inter Am\u00e9rique Division","og_description":"Lesdirigeants Adventistes du Septi\u00e8me jour \u00e0 travers l'Inter Am\u00e9rique ont \u00e9t\u00e9 mis \u00e0jour sur le d\u00e9veloppement et la croissance financi\u00e8re de ses principalesinstitutions au cours des rencontr","og_url":"https:\/\/interamerica.org\/fr\/2010\/11\/inter-amerique-les-conseils-dadministration-des-institutions-presentent-leurs-rapports-et-elisent-les-dirigeants\/","og_site_name":"\u00c9glise Adventiste Du Septieme Jour - Inter Am\u00e9rique Division","article_published_time":"2010-11-02T04:00:00+00:00","article_modified_time":"2017-06-02T17:02:55+00:00","author":"Lorenzo Verduzco","twitter_card":"summary_large_image","twitter_misc":{"\u00c9crit par":"Lorenzo Verduzco","Dur\u00e9e de lecture estim\u00e9e":"7 minutes"},"schema":{"@context":"https:\/\/schema.org","@graph":[{"@type":"Article","@id":"https:\/\/interamerica.org\/fr\/2010\/11\/inter-amerique-les-conseils-dadministration-des-institutions-presentent-leurs-rapports-et-elisent-les-dirigeants\/#article","isPartOf":{"@id":"https:\/\/interamerica.org\/fr\/2010\/11\/inter-amerique-les-conseils-dadministration-des-institutions-presentent-leurs-rapports-et-elisent-les-dirigeants\/"},"author":{"name":"Lorenzo Verduzco","@id":"https:\/\/interamerica.org\/fr\/#\/schema\/person\/68ede8bdc292885bb76c1e3810e73c39"},"headline":"Inter Am\u00e9rique: Les conseils d&rsquo;administration des institutions pr\u00e9sentent leurs rapports et \u00e9lisent les dirigeants.","datePublished":"2010-11-02T04:00:00+00:00","dateModified":"2017-06-02T17:02:55+00:00","mainEntityOfPage":{"@id":"https:\/\/interamerica.org\/fr\/2010\/11\/inter-amerique-les-conseils-dadministration-des-institutions-presentent-leurs-rapports-et-elisent-les-dirigeants\/"},"wordCount":1450,"articleSection":["Archive"],"inLanguage":"fr-FR"},{"@type":"WebPage","@id":"https:\/\/interamerica.org\/fr\/2010\/11\/inter-amerique-les-conseils-dadministration-des-institutions-presentent-leurs-rapports-et-elisent-les-dirigeants\/","url":"https:\/\/interamerica.org\/fr\/2010\/11\/inter-amerique-les-conseils-dadministration-des-institutions-presentent-leurs-rapports-et-elisent-les-dirigeants\/","name":"Inter Am\u00e9rique: Les conseils d'administration des institutions pr\u00e9sentent leurs rapports et \u00e9lisent les dirigeants. - \u00c9glise Adventiste Du Septieme Jour - Inter Am\u00e9rique Division","isPartOf":{"@id":"https:\/\/interamerica.org\/fr\/#website"},"datePublished":"2010-11-02T04:00:00+00:00","dateModified":"2017-06-02T17:02:55+00:00","author":{"@id":"https:\/\/interamerica.org\/fr\/#\/schema\/person\/68ede8bdc292885bb76c1e3810e73c39"},"breadcrumb":{"@id":"https:\/\/interamerica.org\/fr\/2010\/11\/inter-amerique-les-conseils-dadministration-des-institutions-presentent-leurs-rapports-et-elisent-les-dirigeants\/#breadcrumb"},"inLanguage":"fr-FR","potentialAction":[{"@type":"ReadAction","target":["https:\/\/interamerica.org\/fr\/2010\/11\/inter-amerique-les-conseils-dadministration-des-institutions-presentent-leurs-rapports-et-elisent-les-dirigeants\/"]}]},{"@type":"BreadcrumbList","@id":"https:\/\/interamerica.org\/fr\/2010\/11\/inter-amerique-les-conseils-dadministration-des-institutions-presentent-leurs-rapports-et-elisent-les-dirigeants\/#breadcrumb","itemListElement":[{"@type":"ListItem","position":1,"name":"Home","item":"https:\/\/interamerica.org\/fr\/"},{"@type":"ListItem","position":2,"name":"Inter Am\u00e9rique: Les conseils d&rsquo;administration des institutions pr\u00e9sentent leurs rapports et \u00e9lisent les dirigeants."}]},{"@type":"WebSite","@id":"https:\/\/interamerica.org\/fr\/#website","url":"https:\/\/interamerica.org\/fr\/","name":"\u00c9glise Adventiste Du Septieme Jour - Inter Am\u00e9rique Division","description":"","potentialAction":[{"@type":"SearchAction","target":{"@type":"EntryPoint","urlTemplate":"https:\/\/interamerica.org\/fr\/?s={search_term_string}"},"query-input":{"@type":"PropertyValueSpecification","valueRequired":true,"valueName":"search_term_string"}}],"inLanguage":"fr-FR"},{"@type":"Person","@id":"https:\/\/interamerica.org\/fr\/#\/schema\/person\/68ede8bdc292885bb76c1e3810e73c39","name":"Lorenzo Verduzco","image":{"@type":"ImageObject","inLanguage":"fr-FR","@id":"https:\/\/secure.gravatar.com\/avatar\/fb81a55b6218459490a9c1dc841a34909185b81904c5337b4b27f7a6fd60c49e?s=96&d=mm&r=g","url":"https:\/\/secure.gravatar.com\/avatar\/fb81a55b6218459490a9c1dc841a34909185b81904c5337b4b27f7a6fd60c49e?s=96&d=mm&r=g","contentUrl":"https:\/\/secure.gravatar.com\/avatar\/fb81a55b6218459490a9c1dc841a34909185b81904c5337b4b27f7a6fd60c49e?s=96&d=mm&r=g","caption":"Lorenzo Verduzco"}}]}},"_links":{"self":[{"href":"https:\/\/interamerica.org\/fr\/wp-json\/wp\/v2\/posts\/13469","targetHints":{"allow":["GET"]}}],"collection":[{"href":"https:\/\/interamerica.org\/fr\/wp-json\/wp\/v2\/posts"}],"about":[{"href":"https:\/\/interamerica.org\/fr\/wp-json\/wp\/v2\/types\/post"}],"author":[{"embeddable":true,"href":"https:\/\/interamerica.org\/fr\/wp-json\/wp\/v2\/users\/1"}],"replies":[{"embeddable":true,"href":"https:\/\/interamerica.org\/fr\/wp-json\/wp\/v2\/comments?post=13469"}],"version-history":[{"count":0,"href":"https:\/\/interamerica.org\/fr\/wp-json\/wp\/v2\/posts\/13469\/revisions"}],"wp:attachment":[{"href":"https:\/\/interamerica.org\/fr\/wp-json\/wp\/v2\/media?parent=13469"}],"wp:term":[{"taxonomy":"category","embeddable":true,"href":"https:\/\/interamerica.org\/fr\/wp-json\/wp\/v2\/categories?post=13469"},{"taxonomy":"post_tag","embeddable":true,"href":"https:\/\/interamerica.org\/fr\/wp-json\/wp\/v2\/tags?post=13469"}],"curies":[{"name":"wp","href":"https:\/\/api.w.org\/{rel}","templated":true}]}}