{"id":13471,"date":"2010-11-02T00:00:00","date_gmt":"2010-11-02T04:00:00","guid":{"rendered":"http:\/\/192.81.217.108\/interamerica\/2010\/11\/porto-rico-leglise-accueille-les-dirigeants-de-linter-amerique\/"},"modified":"2017-06-02T13:02:55","modified_gmt":"2017-06-02T17:02:55","slug":"porto-rico-leglise-accueille-les-dirigeants-de-linter-amerique","status":"publish","type":"post","link":"https:\/\/interamerica.org\/fr\/2010\/11\/porto-rico-leglise-accueille-les-dirigeants-de-linter-amerique\/","title":{"rendered":"Porto Rico: l&#39;Eglise accueille les dirigeants de l&#39;Inter Am\u00e9rique"},"content":{"rendered":"<p><em >2 Novembre 2010<\/em > &#8211; San Juan, Porto Rico&#8230;Libna Stevens\/DIA <\/p>\n<p>Les dirigeants Adventistes de Porto Rico ont accueilli des dizaines de haut responsables de l&#39;\u00e9glise venant de tout le territoire de la Division Inter Am\u00e9ricaine (DIA) alors qu&#39;ils se r\u00e9unissaient dans la capitale de l&#39;ile, San Juan pour deux journ\u00e9es de rencontres des conseils d&#39;administration des organisations institutionnelles de la division du 1<sup >er<\/sup > au 2 novembre 2010. <\/p>\n<p>\u00ab Nous sommes vraiment ravis que vous soyez ici et que vous ayez foul\u00e9 le sol de ce beau pays, \u00bb a d\u00e9clar\u00e9 pasteur Jose A. Rodriguez, pr\u00e9sident de l&#39;\u00e9glise Adventiste \u00e0 Porto Rico, quelques minutes apr\u00e8s une pr\u00e9sentation culturelle faite par les \u00e9tudiants de la Metropolitan Adventist Academy au Centre de Jeunesse Eliezer Melendez. <\/p>\n<p>Pasteur Rodriguez a salu\u00e9 ceux qui \u00e9taient pr\u00e9sents de la part des plus de 36600 membres d&#39;\u00e9glise et a remerci\u00e9 l&#39;administration de la DIA d&#39;avoir organis\u00e9 son comit\u00e9 \u00e0 Porto Rico. Les rencontres du Comit\u00e9 Ex\u00e9cutif continueront en Martinique plus tard cette semaine. <\/p>\n<p>Les dirigeants d&#39;\u00e9glise ont eu l&#39;occasion de gouter aux plats typiques de l&#39;ile au cours d&#39;un d\u00eemer de banquet sp\u00e9cial. <\/p>\n<p>L&#39;\u00e9glise Adventiste \u00e0 Porto Rico g\u00e8re plus de 300 \u00e9glises et groupes, un h\u00f4pital et une clinique ainsi que des dizaines d&#39;\u00e9coles \u00e0 travers le pays. <\/p>\n<p>Pour une galerie de photos de l&#39;\u00e9v\u00e8nement, visitez notre site \u00e0 l&#39;adresse <a  href=\"http:\/\/www.flickr.com\/photos\/interamerica\">http:\/\/www.flickr.com\/photos\/interamerica<\/a > <\/p>\n<p><em >Traducteur: Patrick Luciathe<\/em ><br  \/><\/p>\n","protected":false},"excerpt":{"rendered":"<p>Les dirigeants Adventistes de Porto Rico ont accueilli des dizaines de haut responsables de l&#39;\u00e9glise venant de tout le territoire de la Division Inter Am\u00e9ricaine (DIA) alors qu&#39;ils se r\u00e9unissaient dans la capitale de l&#39;i<\/p>\n","protected":false},"author":1,"featured_media":0,"comment_status":"closed","ping_status":"closed","sticky":false,"template":"","format":"standard","meta":{"_acf_changed":false,"footnotes":""},"categories":[9],"tags":[],"class_list":["post-13471","post","type-post","status-publish","format-standard","hentry","category-archive-fr"],"acf":[],"yoast_head":"<!-- This site is optimized with the Yoast SEO plugin v27.3 - https:\/\/yoast.com\/product\/yoast-seo-wordpress\/ -->\n<title>Porto Rico: l&#039;Eglise accueille les dirigeants de l&#039;Inter Am\u00e9rique - \u00c9glise Adventiste Du Septieme Jour - Inter Am\u00e9rique Division<\/title>\n<meta name=\"robots\" content=\"index, follow, max-snippet:-1, max-image-preview:large, max-video-preview:-1\" \/>\n<link rel=\"canonical\" href=\"https:\/\/interamerica.org\/fr\/2010\/11\/porto-rico-leglise-accueille-les-dirigeants-de-linter-amerique\/\" \/>\n<meta property=\"og:locale\" content=\"fr_FR\" \/>\n<meta property=\"og:type\" content=\"article\" \/>\n<meta property=\"og:title\" content=\"Porto Rico: l&#039;Eglise accueille les dirigeants de l&#039;Inter Am\u00e9rique - \u00c9glise Adventiste Du Septieme Jour - Inter Am\u00e9rique Division\" \/>\n<meta property=\"og:description\" content=\"Les dirigeants Adventistes de Porto Rico ont accueilli des dizaines de haut responsables de l&#039;\u00e9glise venant de tout le territoire de la Division Inter Am\u00e9ricaine (DIA) alors qu&#039;ils se r\u00e9unissaient dans la capitale de l&#039;i\" \/>\n<meta property=\"og:url\" content=\"https:\/\/interamerica.org\/fr\/2010\/11\/porto-rico-leglise-accueille-les-dirigeants-de-linter-amerique\/\" \/>\n<meta property=\"og:site_name\" content=\"\u00c9glise Adventiste Du Septieme Jour - Inter Am\u00e9rique Division\" \/>\n<meta property=\"article:published_time\" content=\"2010-11-02T04:00:00+00:00\" \/>\n<meta property=\"article:modified_time\" content=\"2017-06-02T17:02:55+00:00\" \/>\n<meta name=\"author\" content=\"Lorenzo Verduzco\" \/>\n<meta name=\"twitter:card\" content=\"summary_large_image\" \/>\n<meta name=\"twitter:label1\" content=\"\u00c9crit par\" \/>\n\t<meta name=\"twitter:data1\" content=\"Lorenzo Verduzco\" \/>\n\t<meta name=\"twitter:label2\" content=\"Dur\u00e9e de lecture estim\u00e9e\" \/>\n\t<meta name=\"twitter:data2\" content=\"1 minute\" \/>\n<script type=\"application\/ld+json\" class=\"yoast-schema-graph\">{\"@context\":\"https:\\\/\\\/schema.org\",\"@graph\":[{\"@type\":\"Article\",\"@id\":\"https:\\\/\\\/interamerica.org\\\/fr\\\/2010\\\/11\\\/porto-rico-leglise-accueille-les-dirigeants-de-linter-amerique\\\/#article\",\"isPartOf\":{\"@id\":\"https:\\\/\\\/interamerica.org\\\/fr\\\/2010\\\/11\\\/porto-rico-leglise-accueille-les-dirigeants-de-linter-amerique\\\/\"},\"author\":{\"name\":\"Lorenzo Verduzco\",\"@id\":\"https:\\\/\\\/interamerica.org\\\/fr\\\/#\\\/schema\\\/person\\\/68ede8bdc292885bb76c1e3810e73c39\"},\"headline\":\"Porto Rico: l&#39;Eglise accueille les dirigeants de l&#39;Inter Am\u00e9rique\",\"datePublished\":\"2010-11-02T04:00:00+00:00\",\"dateModified\":\"2017-06-02T17:02:55+00:00\",\"mainEntityOfPage\":{\"@id\":\"https:\\\/\\\/interamerica.org\\\/fr\\\/2010\\\/11\\\/porto-rico-leglise-accueille-les-dirigeants-de-linter-amerique\\\/\"},\"wordCount\":262,\"articleSection\":[\"Archive\"],\"inLanguage\":\"fr-FR\"},{\"@type\":\"WebPage\",\"@id\":\"https:\\\/\\\/interamerica.org\\\/fr\\\/2010\\\/11\\\/porto-rico-leglise-accueille-les-dirigeants-de-linter-amerique\\\/\",\"url\":\"https:\\\/\\\/interamerica.org\\\/fr\\\/2010\\\/11\\\/porto-rico-leglise-accueille-les-dirigeants-de-linter-amerique\\\/\",\"name\":\"Porto Rico: l&#39;Eglise accueille les dirigeants de l&#39;Inter Am\u00e9rique - \u00c9glise Adventiste Du Septieme Jour - Inter Am\u00e9rique Division\",\"isPartOf\":{\"@id\":\"https:\\\/\\\/interamerica.org\\\/fr\\\/#website\"},\"datePublished\":\"2010-11-02T04:00:00+00:00\",\"dateModified\":\"2017-06-02T17:02:55+00:00\",\"author\":{\"@id\":\"https:\\\/\\\/interamerica.org\\\/fr\\\/#\\\/schema\\\/person\\\/68ede8bdc292885bb76c1e3810e73c39\"},\"breadcrumb\":{\"@id\":\"https:\\\/\\\/interamerica.org\\\/fr\\\/2010\\\/11\\\/porto-rico-leglise-accueille-les-dirigeants-de-linter-amerique\\\/#breadcrumb\"},\"inLanguage\":\"fr-FR\",\"potentialAction\":[{\"@type\":\"ReadAction\",\"target\":[\"https:\\\/\\\/interamerica.org\\\/fr\\\/2010\\\/11\\\/porto-rico-leglise-accueille-les-dirigeants-de-linter-amerique\\\/\"]}]},{\"@type\":\"BreadcrumbList\",\"@id\":\"https:\\\/\\\/interamerica.org\\\/fr\\\/2010\\\/11\\\/porto-rico-leglise-accueille-les-dirigeants-de-linter-amerique\\\/#breadcrumb\",\"itemListElement\":[{\"@type\":\"ListItem\",\"position\":1,\"name\":\"Home\",\"item\":\"https:\\\/\\\/interamerica.org\\\/fr\\\/\"},{\"@type\":\"ListItem\",\"position\":2,\"name\":\"Porto Rico: l&#39;Eglise accueille les dirigeants de l&#39;Inter Am\u00e9rique\"}]},{\"@type\":\"WebSite\",\"@id\":\"https:\\\/\\\/interamerica.org\\\/fr\\\/#website\",\"url\":\"https:\\\/\\\/interamerica.org\\\/fr\\\/\",\"name\":\"\u00c9glise Adventiste Du Septieme Jour - Inter Am\u00e9rique Division\",\"description\":\"\",\"potentialAction\":[{\"@type\":\"SearchAction\",\"target\":{\"@type\":\"EntryPoint\",\"urlTemplate\":\"https:\\\/\\\/interamerica.org\\\/fr\\\/?s={search_term_string}\"},\"query-input\":{\"@type\":\"PropertyValueSpecification\",\"valueRequired\":true,\"valueName\":\"search_term_string\"}}],\"inLanguage\":\"fr-FR\"},{\"@type\":\"Person\",\"@id\":\"https:\\\/\\\/interamerica.org\\\/fr\\\/#\\\/schema\\\/person\\\/68ede8bdc292885bb76c1e3810e73c39\",\"name\":\"Lorenzo Verduzco\",\"image\":{\"@type\":\"ImageObject\",\"inLanguage\":\"fr-FR\",\"@id\":\"https:\\\/\\\/secure.gravatar.com\\\/avatar\\\/fb81a55b6218459490a9c1dc841a34909185b81904c5337b4b27f7a6fd60c49e?s=96&d=mm&r=g\",\"url\":\"https:\\\/\\\/secure.gravatar.com\\\/avatar\\\/fb81a55b6218459490a9c1dc841a34909185b81904c5337b4b27f7a6fd60c49e?s=96&d=mm&r=g\",\"contentUrl\":\"https:\\\/\\\/secure.gravatar.com\\\/avatar\\\/fb81a55b6218459490a9c1dc841a34909185b81904c5337b4b27f7a6fd60c49e?s=96&d=mm&r=g\",\"caption\":\"Lorenzo Verduzco\"}}]}<\/script>\n<!-- \/ Yoast SEO plugin. -->","yoast_head_json":{"title":"Porto Rico: l&#39;Eglise accueille les dirigeants de l&#39;Inter Am\u00e9rique - \u00c9glise Adventiste Du Septieme Jour - Inter Am\u00e9rique Division","robots":{"index":"index","follow":"follow","max-snippet":"max-snippet:-1","max-image-preview":"max-image-preview:large","max-video-preview":"max-video-preview:-1"},"canonical":"https:\/\/interamerica.org\/fr\/2010\/11\/porto-rico-leglise-accueille-les-dirigeants-de-linter-amerique\/","og_locale":"fr_FR","og_type":"article","og_title":"Porto Rico: l&#39;Eglise accueille les dirigeants de l&#39;Inter Am\u00e9rique - \u00c9glise Adventiste Du Septieme Jour - Inter Am\u00e9rique Division","og_description":"Les dirigeants Adventistes de Porto Rico ont accueilli des dizaines de haut responsables de l&#39;\u00e9glise venant de tout le territoire de la Division Inter Am\u00e9ricaine (DIA) alors qu&#39;ils se r\u00e9unissaient dans la capitale de l&#39;i","og_url":"https:\/\/interamerica.org\/fr\/2010\/11\/porto-rico-leglise-accueille-les-dirigeants-de-linter-amerique\/","og_site_name":"\u00c9glise Adventiste Du Septieme Jour - Inter Am\u00e9rique Division","article_published_time":"2010-11-02T04:00:00+00:00","article_modified_time":"2017-06-02T17:02:55+00:00","author":"Lorenzo Verduzco","twitter_card":"summary_large_image","twitter_misc":{"\u00c9crit par":"Lorenzo Verduzco","Dur\u00e9e de lecture estim\u00e9e":"1 minute"},"schema":{"@context":"https:\/\/schema.org","@graph":[{"@type":"Article","@id":"https:\/\/interamerica.org\/fr\/2010\/11\/porto-rico-leglise-accueille-les-dirigeants-de-linter-amerique\/#article","isPartOf":{"@id":"https:\/\/interamerica.org\/fr\/2010\/11\/porto-rico-leglise-accueille-les-dirigeants-de-linter-amerique\/"},"author":{"name":"Lorenzo Verduzco","@id":"https:\/\/interamerica.org\/fr\/#\/schema\/person\/68ede8bdc292885bb76c1e3810e73c39"},"headline":"Porto Rico: l&#39;Eglise accueille les dirigeants de l&#39;Inter Am\u00e9rique","datePublished":"2010-11-02T04:00:00+00:00","dateModified":"2017-06-02T17:02:55+00:00","mainEntityOfPage":{"@id":"https:\/\/interamerica.org\/fr\/2010\/11\/porto-rico-leglise-accueille-les-dirigeants-de-linter-amerique\/"},"wordCount":262,"articleSection":["Archive"],"inLanguage":"fr-FR"},{"@type":"WebPage","@id":"https:\/\/interamerica.org\/fr\/2010\/11\/porto-rico-leglise-accueille-les-dirigeants-de-linter-amerique\/","url":"https:\/\/interamerica.org\/fr\/2010\/11\/porto-rico-leglise-accueille-les-dirigeants-de-linter-amerique\/","name":"Porto Rico: l&#39;Eglise accueille les dirigeants de l&#39;Inter Am\u00e9rique - \u00c9glise Adventiste Du Septieme Jour - Inter Am\u00e9rique Division","isPartOf":{"@id":"https:\/\/interamerica.org\/fr\/#website"},"datePublished":"2010-11-02T04:00:00+00:00","dateModified":"2017-06-02T17:02:55+00:00","author":{"@id":"https:\/\/interamerica.org\/fr\/#\/schema\/person\/68ede8bdc292885bb76c1e3810e73c39"},"breadcrumb":{"@id":"https:\/\/interamerica.org\/fr\/2010\/11\/porto-rico-leglise-accueille-les-dirigeants-de-linter-amerique\/#breadcrumb"},"inLanguage":"fr-FR","potentialAction":[{"@type":"ReadAction","target":["https:\/\/interamerica.org\/fr\/2010\/11\/porto-rico-leglise-accueille-les-dirigeants-de-linter-amerique\/"]}]},{"@type":"BreadcrumbList","@id":"https:\/\/interamerica.org\/fr\/2010\/11\/porto-rico-leglise-accueille-les-dirigeants-de-linter-amerique\/#breadcrumb","itemListElement":[{"@type":"ListItem","position":1,"name":"Home","item":"https:\/\/interamerica.org\/fr\/"},{"@type":"ListItem","position":2,"name":"Porto Rico: l&#39;Eglise accueille les dirigeants de l&#39;Inter Am\u00e9rique"}]},{"@type":"WebSite","@id":"https:\/\/interamerica.org\/fr\/#website","url":"https:\/\/interamerica.org\/fr\/","name":"\u00c9glise Adventiste Du Septieme Jour - Inter Am\u00e9rique Division","description":"","potentialAction":[{"@type":"SearchAction","target":{"@type":"EntryPoint","urlTemplate":"https:\/\/interamerica.org\/fr\/?s={search_term_string}"},"query-input":{"@type":"PropertyValueSpecification","valueRequired":true,"valueName":"search_term_string"}}],"inLanguage":"fr-FR"},{"@type":"Person","@id":"https:\/\/interamerica.org\/fr\/#\/schema\/person\/68ede8bdc292885bb76c1e3810e73c39","name":"Lorenzo Verduzco","image":{"@type":"ImageObject","inLanguage":"fr-FR","@id":"https:\/\/secure.gravatar.com\/avatar\/fb81a55b6218459490a9c1dc841a34909185b81904c5337b4b27f7a6fd60c49e?s=96&d=mm&r=g","url":"https:\/\/secure.gravatar.com\/avatar\/fb81a55b6218459490a9c1dc841a34909185b81904c5337b4b27f7a6fd60c49e?s=96&d=mm&r=g","contentUrl":"https:\/\/secure.gravatar.com\/avatar\/fb81a55b6218459490a9c1dc841a34909185b81904c5337b4b27f7a6fd60c49e?s=96&d=mm&r=g","caption":"Lorenzo Verduzco"}}]}},"_links":{"self":[{"href":"https:\/\/interamerica.org\/fr\/wp-json\/wp\/v2\/posts\/13471","targetHints":{"allow":["GET"]}}],"collection":[{"href":"https:\/\/interamerica.org\/fr\/wp-json\/wp\/v2\/posts"}],"about":[{"href":"https:\/\/interamerica.org\/fr\/wp-json\/wp\/v2\/types\/post"}],"author":[{"embeddable":true,"href":"https:\/\/interamerica.org\/fr\/wp-json\/wp\/v2\/users\/1"}],"replies":[{"embeddable":true,"href":"https:\/\/interamerica.org\/fr\/wp-json\/wp\/v2\/comments?post=13471"}],"version-history":[{"count":0,"href":"https:\/\/interamerica.org\/fr\/wp-json\/wp\/v2\/posts\/13471\/revisions"}],"wp:attachment":[{"href":"https:\/\/interamerica.org\/fr\/wp-json\/wp\/v2\/media?parent=13471"}],"wp:term":[{"taxonomy":"category","embeddable":true,"href":"https:\/\/interamerica.org\/fr\/wp-json\/wp\/v2\/categories?post=13471"},{"taxonomy":"post_tag","embeddable":true,"href":"https:\/\/interamerica.org\/fr\/wp-json\/wp\/v2\/tags?post=13471"}],"curies":[{"name":"wp","href":"https:\/\/api.w.org\/{rel}","templated":true}]}}