{"id":13472,"date":"2010-11-04T00:00:00","date_gmt":"2010-11-04T04:00:00","guid":{"rendered":"http:\/\/192.81.217.108\/interamerica\/2010\/11\/inter-amerique-les-rencontre-administratives-de-leglise-debutent-avec-laccent-mis-sur-le-reveil-spirituel-de-nouvelles-strategies-sont-adoptees-et-des-dirigeants-sont-elus\/"},"modified":"2017-06-02T13:02:54","modified_gmt":"2017-06-02T17:02:54","slug":"inter-amerique-les-rencontre-administratives-de-leglise-debutent-avec-laccent-mis-sur-le-reveil-spirituel-de-nouvelles-strategies-sont-adoptees-et-des-dirigeants-sont-elus","status":"publish","type":"post","link":"https:\/\/interamerica.org\/fr\/2010\/11\/inter-amerique-les-rencontre-administratives-de-leglise-debutent-avec-laccent-mis-sur-le-reveil-spirituel-de-nouvelles-strategies-sont-adoptees-et-des-dirigeants-sont-elus\/","title":{"rendered":"Inter Am\u00e9rique: Les rencontre Administratives de l&#39;\u00e9glise d\u00e9butent avec l&#39;accent mis sur le r\u00e9veil spirituel ; de nouvelles strat\u00e9gies sont adopt\u00e9es et des dirigeants sont \u00e9lus"},"content":{"rendered":"<p><em >4 Novembre 2010<\/em > &#8211; <em >Fort-de-France, Martinique<\/em >&#8230;Libna Stevens\/DIA <\/p>\n<p>Le r\u00e9veil spirituel et la r\u00e9forme ont fait \u00e9cho sur les l\u00e8vres des dirigeants Adventistes venus de toute l&#39;Inter Am\u00e9rique alors qu&#39;ils se r\u00e9unissaient pour la premi\u00e8re journ\u00e9e du premier comit\u00e9 ex\u00e9cutif du quinquennat, apr\u00e8s la tenue en Juillet dernier de la 59\u00e8me Session administrative de la Conf\u00e9rence G\u00e9n\u00e9rale \u00e0 Atlanta, marquant ainsi officiellement le d\u00e9but de la nouvelle p\u00e9riode de cinq ans. <\/p>\n<p>Des dizaines de dirigeants d&#39;\u00e9glise et d&#39;administrateurs repr\u00e9sentant les 21 unions du territoire de la Division Inter Am\u00e9ricaine (DIA) ont particip\u00e9 \u00e0 une c\u00e9r\u00e9monie d&#39;ouverture sp\u00e9ciale un peu plus t\u00f4t aujourd&#39;hui \u00e0 Fort-de-France en Martinique. <\/p>\n<p>Dr Ella Simmons, vice-pr\u00e9sidente de l&#39;Eglise Adventiste mondiale, a parl\u00e9 de l&#39;importance et de la n\u00e9cessit\u00e9 du r\u00e9veil spirituel chez les dirigeants d&#39;\u00e9glise et le besoin qu&#39;ont ces derniers d&#39;\u00eatre forts et ob\u00e9issants alors qu&#39;ils cherchent \u00e0 accomplir l&#39;\u0153uvre \u00e0 laquelle Dieu les a appel\u00e9s. <\/p>\n<p>\u00ab Nous devons \u00eatre des sacrifices vivants sur cet autel du service&#8230;Ce \u00e0 quoi Il nous appelle maintenant c&#39;est de vivre pour Lui, \u00bb a lanc\u00e9 Dr Simmons en guise d&#39;appel. \u00ab En renouvelant notre esprit, nous pouvons connaitre quelle est la volont\u00e9 de Dieu. Ne soyez pas absorb\u00e9s par ce qui se passe autour de vous mais ayez plut\u00f4t les regards fix\u00e9s sur Dieu et vous serez enti\u00e8rement transform\u00e9s. \u00bb <\/p>\n<p>Ce r\u00e9veil est celui que les leaders de l&#39;\u00e9glise esp\u00e8rent voir se manifester dans la vie de chaque dirigeant et membre d&#39;\u00e9glise \u00e0 travers l&#39;Inter Am\u00e9rique alors que chacun s&#39;engage constamment et avec pri\u00e8re dans la louange, la gratitude et la pleine confiance en Dieu. <\/p>\n<p>\u00ab Louer Dieu c&#39;est reconnaitre qu&#39;Il est Dieu, \u00bb a d\u00e9clar\u00e9 pasteur Isra\u00ebl Leito, pr\u00e9sident de l&#39;Eglise Adventiste en Inter Am\u00e9rique, alors qu&#39;il s&#39;adressait aux responsables de l&#39;\u00e9glise. \u00ab Permettons Lui de prendre le control total de nos vies&#8230;louer Dieu signifie que je ne me placerai pas sur un tr\u00f4ne et je rejeterai l&#39;arrogance. \u00bb <\/p>\n<p>Dr Elie Henry, secr\u00e9taire ex\u00e9cutif de l&#39;\u00e9glise Adventiste en Inter Am\u00e9rique a en quelques mots mis l&#39;emphase sur la reconnaissance envers Dieu pour ses b\u00e9n\u00e9dictions : <\/p>\n<p>\u00ab Nous devons continuer de louer et de remercier Dieu pour les nombreuses b\u00e9n\u00e9dictions qu&#39;Il r\u00e9pand sur nous et sur l&#39;\u00e9glise, \u00bb a affirm\u00e9 Dr henry. Nous avons vu la croissance, nous avons vu de nouveaux champs s&#39;ajouter, nous avons vu nos membres t\u00e9moigner de l&#39;\u00e9vangile dans nos \u00e9glises, et nous devons continuellement Le remercier. \u00bb <\/p>\n<p>Filiberto Verduzco, tr\u00e9sorier de l&#39;\u00e9glise Adventiste en Inter Am\u00e9rique, a attir\u00e9 l&#39;attention des leaders sur les d\u00e9fis \u00e0 venir pour les cinq prochaines ann\u00e9es. <\/p>\n<p>\u00ab Un nouveau quinquennat d\u00e9but\u00e9 et nous ne savons pas quels d\u00e9fis nous attendent, mais je peux vous dire qu&#39;il y aura de nouvelles opportunit\u00e9s, \u00bb a d\u00e9clar\u00e9 Filibert Verduzco. \u00ab Etre engag\u00e9 dans la mission de l&#39;\u00e9glise en Inter Am\u00e9rique nous offre de nouvelles opportunit\u00e9s d&#39;approfondir notre relation avec J\u00e9sus, de nouvelles opportunit\u00e9s de provoquer un r\u00e9veil qui commence dans le c\u0153ur et devient ainsi un t\u00e9moignage vivant qu&#39;une nouvelle r\u00e9forme a commenc\u00e9 dans nos vies. \u00bb <\/p>\n<p>\u00ab L&#39;\u00e9vidence des b\u00e9n\u00e9dictions divines au cours des dix derni\u00e8res ann\u00e9es [en Inter Am\u00e9rique] est un t\u00e9moignage de ce que nous ne devrions pas craindre l&#39;avenir, \u00bb a affirm\u00e9 Verduzco. <\/p>\n<p>L&#39;\u00e9vidence des b\u00e9n\u00e9dictions de Dieu n&#39;\u00e9tait pas seulement visible au niveau des finances de l&#39;\u00e9glise en Inter Am\u00e9rique mais aussi au niveau de la croissance de l&#39;effectif de membres au cours du dernier quinquennat, ont indiqu\u00e9 les leaders de l&#39;\u00e9glise. <\/p>\n<p>Avec plus d&#39;un million de nouveaux membres baptis\u00e9s entre 2005 et 2009, une augmentation de 16,3 pourcent par rapport au total atteint lors du pr\u00e9c\u00e9dent quinquennat, les dirigeants ont vot\u00e9 une proposition d&#39;augmentation de 80,000 nouveaux membres entre 2010 et 2014 avec 1&#39;084,963 bapt\u00eames projet\u00e9. <\/p>\n<p>Garder les nouveaux et les anciens membres est une autre priorit\u00e9 \u00e0 l&#39;ordre du jour aujourd&#39;hui. Les membres du Comit\u00e9 Ex\u00e9cutif ont vot\u00e9 sur des programmes devant \u00eatre mis en place imm\u00e9diatement alors que de nouveaux membres se joindront \u00e0 l&#39;\u00e9glise en 2011 ; cela inclut l&#39;implication active des nouveaux membres dans des congr\u00e8s sp\u00e9ciaux, des retraites \u00e0 emphase spirituelle, le minist\u00e8re des petits groupes, la promotion de la croissance spirituelle avec des pamphlets sp\u00e9ciaux destin\u00e9s aux nouveaux membres et bien plus encore. <\/p>\n<p>Vu l&#39;emphase qui sera plac\u00e9e sur l&#39;\u00e9ducation Adventiste du Septi\u00e8me jour au cours du nouveau quinquennat, les leaders ont vot\u00e9 d&#39;\u00e9tudier des moyens efficaces d&#39;am\u00e9liorer la qualit\u00e9  des \u00e9coles, d&#39;enr\u00f4ler de nouveaux \u00e9tudiants et d&#39;\u00e9tablir des relations avec les \u00e9tudiants Adventistes qui \u00e9tudient dans des \u00e9coles et institution non Adventistes. <\/p>\n<p>Le rapport du v\u00e9rificateur pour l&#39;ann\u00e9e 2009 a \u00e9t\u00e9 pr\u00e9sent\u00e9 et le budget 2011 a \u00e9t\u00e9 approuv\u00e9 par les leaders de l&#39;\u00e9glise. <\/p>\n<p>De plus, les principaux dirigeants de plusieurs unions de mission \u00e0 travers le territoire ont \u00e9t\u00e9 nomm\u00e9s. Il s&#39;agit de : <\/p>\n<p>Union de la Cara\u00efbe Atlantique (pas de changement) <\/p>\n<p>Leonard Johnson, pr\u00e9sident ; Peter Kerr, secr\u00e9taire ; Rodrick Sands, tr\u00e9sorier <\/p>\n<p>Union d&#39;Eglises de Belize <\/p>\n<p>Dennis Slusher, pr\u00e9sident; Luis Jesse, secr\u00e9taire; Saul Ortiz, tr\u00e9sorier <\/p>\n<p>Union Mexicaine du Centre (pas de changement) <\/p>\n<p>Tomas Torres de Dios, pr\u00e9sident ; Jose Dzul, secr\u00e9taire ; Florencio Suarez, tr\u00e9sorier <\/p>\n<p>Union de l&#39;Est du Venezuela (pas de changement) <\/p>\n<p>Josney Rodriguez, pr\u00e9sident ; Benirde Almerida, secr\u00e9taire; Pablo Careno, tr\u00e9sorier <\/p>\n<p>Union du Salvador <\/p>\n<p>Abel Pacheco, pr\u00e9sident; Victor Burgos, secr\u00e9taire; Carlos Martinez, tr\u00e9sorier <\/p>\n<p>Union du Guatemala <\/p>\n<p>Guenther Garcia, pr\u00e9sident; Hamiro Hernandez, secr\u00e9taire; Abilio Cima, tr\u00e9sorier <\/p>\n<p>Union Ha\u00eftienne (pas de changement) <\/p>\n<p>Theart St Pierre, pr\u00e9sident ; Pierre Caporal, secr\u00e9taire ; Claude Dolce, tr\u00e9sorier <\/p>\n<p>Union du Honduras <\/p>\n<p>Adan Ramos, pr\u00e9sident ; Roberto Brown, secr\u00e9taire ; Juan Jose Moran, tr\u00e9sorier <\/p>\n<p>Union Sud Colombienne (pas de changement) <\/p>\n<p>Eliseo Bustamente, pr\u00e9sident ; Hector Arias, secr\u00e9taire, German Perez, tr\u00e9sorier <\/p>\n<p>Union Venezuela Antilles (pas de changement) <\/p>\n<p>Julio Palacio, pr\u00e9sident ; Orlando Ramirez, secr\u00e9taire ; David Poloche, tr\u00e9sorier <\/p>\n<p>Le Comit\u00e9 Ex\u00e9cutif a \u00e9galement vot\u00e9 d&#39;ajouter deux autres secr\u00e9taires du champ de la DIA : Tomas Torres qui sert actuellement en tant que pr\u00e9sident de l&#39;Union Mexicaine du Centre, et James Daniel, qui sert actuellement comme directeur adjoint du d\u00e9partement de la Gestion Chr\u00e9tienne \u00e0 la DIA. <\/p>\n<p>Samuel T\u00e9l\u00e9maque, directeur adjoint des d\u00e9partements Ecole du Sabbat et Minist\u00e8res Personnels pour la DIA a \u00e9galement \u00e9t\u00e9 nomm\u00e9 directeur de Adventist Missions pour l&#39;Inter Am\u00e9rique. <\/p>\n<p>Pour servir en tant qu&#39;\u00e9diteurs de la Maison d&#39;Edition de la Division Inter Am\u00e9ricaine, ont \u00e9t\u00e9 nomm\u00e9s : Francesc Gelabert comme \u00e9diteur en chef et Fernando Zebala comme \u00e9diteur. <\/p>\n<p>Alejandro Medina a aussi \u00e9t\u00e9 nomm\u00e9 \u00e9diteur en chef de la maison d&#39;\u00e9dition GEMA. <\/p>\n<p>La Division a \u00e9galement accord\u00e9 un certain nombre de lettres de cr\u00e9ance de pasteurs et de missionnaires accr\u00e9dit\u00e9s, de pasteur autoris\u00e9s, de missionnaires, d&#39;enseignants ainsi que des lettre de cr\u00e9ance honoraires pour la p\u00e9riode 2010-2015. <\/p>\n<p>Les membres du comit\u00e9 ont \u00e9galement \u00e9lu les membres des diff\u00e9rents comit\u00e9s de la Division pour le prochain quinquennat. <\/p>\n<p>La deuxi\u00e8me journ\u00e9e de rencontres du comit\u00e9 ex\u00e9cutif sera l&#39;occasion de consid\u00e9rer les strat\u00e9gies d&#39;\u00e9vang\u00e9lisation, diverses initiatives ainsi que des rapports sur la croissance de l&#39;\u00e9glise \u00e0 travers le territoire. <\/p>\n<p>Pour plus d&#39;information sur les d\u00e9cisions prises au cours des rencontres de Fin d&#39;Ann\u00e9e 2010 du Comit\u00e9 Ex\u00e9cutif de la DIA, visitez notre site \u00e0 l&#39;adresse <a  href=\"https:\/\/recursing-golick.147-182-135-0.plesk.page\/\">https:\/\/recursing-golick.147-182-135-0.plesk.page<\/a > <\/p>\n<p><em >Traducteur: Patrick Luciathe <\/em ><br  \/><\/p>\n","protected":false},"excerpt":{"rendered":"<p>Le r\u00e9veilspirituel et la r\u00e9formeont fait \u00e9cho sur les l\u00e8vres des dirigeants Adventistes venus de toute l&#39;InterAm\u00e9rique alors qu&#39;ils se r\u00e9unissaient pour la premi\u00e8re journ\u00e9e du premi<\/p>\n","protected":false},"author":1,"featured_media":0,"comment_status":"closed","ping_status":"closed","sticky":false,"template":"","format":"standard","meta":{"_acf_changed":false,"footnotes":""},"categories":[9],"tags":[],"class_list":["post-13472","post","type-post","status-publish","format-standard","hentry","category-archive-fr"],"acf":[],"yoast_head":"<!-- This site is optimized with the Yoast SEO plugin v27.3 - https:\/\/yoast.com\/product\/yoast-seo-wordpress\/ -->\n<title>Inter Am\u00e9rique: Les rencontre Administratives de l&#039;\u00e9glise d\u00e9butent avec l&#039;accent mis sur le r\u00e9veil spirituel ; de nouvelles strat\u00e9gies sont adopt\u00e9es et des dirigeants sont \u00e9lus - \u00c9glise Adventiste Du Septieme Jour - Inter Am\u00e9rique Division<\/title>\n<meta name=\"robots\" content=\"index, follow, max-snippet:-1, max-image-preview:large, max-video-preview:-1\" \/>\n<link rel=\"canonical\" href=\"https:\/\/interamerica.org\/fr\/2010\/11\/inter-amerique-les-rencontre-administratives-de-leglise-debutent-avec-laccent-mis-sur-le-reveil-spirituel-de-nouvelles-strategies-sont-adoptees-et-des-dirigeants-sont-elus\/\" \/>\n<meta property=\"og:locale\" content=\"fr_FR\" \/>\n<meta property=\"og:type\" content=\"article\" \/>\n<meta property=\"og:title\" content=\"Inter Am\u00e9rique: Les rencontre Administratives de l&#039;\u00e9glise d\u00e9butent avec l&#039;accent mis sur le r\u00e9veil spirituel ; de nouvelles strat\u00e9gies sont adopt\u00e9es et des dirigeants sont \u00e9lus - \u00c9glise Adventiste Du Septieme Jour - Inter Am\u00e9rique Division\" \/>\n<meta property=\"og:description\" content=\"Le r\u00e9veilspirituel et la r\u00e9formeont fait \u00e9cho sur les l\u00e8vres des dirigeants Adventistes venus de toute l&#039;InterAm\u00e9rique alors qu&#039;ils se r\u00e9unissaient pour la premi\u00e8re journ\u00e9e du premi\" \/>\n<meta property=\"og:url\" content=\"https:\/\/interamerica.org\/fr\/2010\/11\/inter-amerique-les-rencontre-administratives-de-leglise-debutent-avec-laccent-mis-sur-le-reveil-spirituel-de-nouvelles-strategies-sont-adoptees-et-des-dirigeants-sont-elus\/\" \/>\n<meta property=\"og:site_name\" content=\"\u00c9glise Adventiste Du Septieme Jour - Inter Am\u00e9rique Division\" \/>\n<meta property=\"article:published_time\" content=\"2010-11-04T04:00:00+00:00\" \/>\n<meta property=\"article:modified_time\" content=\"2017-06-02T17:02:54+00:00\" \/>\n<meta name=\"author\" content=\"Lorenzo Verduzco\" \/>\n<meta name=\"twitter:card\" content=\"summary_large_image\" \/>\n<meta name=\"twitter:label1\" content=\"\u00c9crit par\" \/>\n\t<meta name=\"twitter:data1\" content=\"Lorenzo Verduzco\" \/>\n\t<meta name=\"twitter:label2\" content=\"Dur\u00e9e de lecture estim\u00e9e\" \/>\n\t<meta name=\"twitter:data2\" content=\"7 minutes\" \/>\n<script type=\"application\/ld+json\" class=\"yoast-schema-graph\">{\"@context\":\"https:\\\/\\\/schema.org\",\"@graph\":[{\"@type\":\"Article\",\"@id\":\"https:\\\/\\\/interamerica.org\\\/fr\\\/2010\\\/11\\\/inter-amerique-les-rencontre-administratives-de-leglise-debutent-avec-laccent-mis-sur-le-reveil-spirituel-de-nouvelles-strategies-sont-adoptees-et-des-dirigeants-sont-elus\\\/#article\",\"isPartOf\":{\"@id\":\"https:\\\/\\\/interamerica.org\\\/fr\\\/2010\\\/11\\\/inter-amerique-les-rencontre-administratives-de-leglise-debutent-avec-laccent-mis-sur-le-reveil-spirituel-de-nouvelles-strategies-sont-adoptees-et-des-dirigeants-sont-elus\\\/\"},\"author\":{\"name\":\"Lorenzo Verduzco\",\"@id\":\"https:\\\/\\\/interamerica.org\\\/fr\\\/#\\\/schema\\\/person\\\/68ede8bdc292885bb76c1e3810e73c39\"},\"headline\":\"Inter Am\u00e9rique: Les rencontre Administratives de l&#39;\u00e9glise d\u00e9butent avec l&#39;accent mis sur le r\u00e9veil spirituel ; de nouvelles strat\u00e9gies sont adopt\u00e9es et des dirigeants sont \u00e9lus\",\"datePublished\":\"2010-11-04T04:00:00+00:00\",\"dateModified\":\"2017-06-02T17:02:54+00:00\",\"mainEntityOfPage\":{\"@id\":\"https:\\\/\\\/interamerica.org\\\/fr\\\/2010\\\/11\\\/inter-amerique-les-rencontre-administratives-de-leglise-debutent-avec-laccent-mis-sur-le-reveil-spirituel-de-nouvelles-strategies-sont-adoptees-et-des-dirigeants-sont-elus\\\/\"},\"wordCount\":1393,\"articleSection\":[\"Archive\"],\"inLanguage\":\"fr-FR\"},{\"@type\":\"WebPage\",\"@id\":\"https:\\\/\\\/interamerica.org\\\/fr\\\/2010\\\/11\\\/inter-amerique-les-rencontre-administratives-de-leglise-debutent-avec-laccent-mis-sur-le-reveil-spirituel-de-nouvelles-strategies-sont-adoptees-et-des-dirigeants-sont-elus\\\/\",\"url\":\"https:\\\/\\\/interamerica.org\\\/fr\\\/2010\\\/11\\\/inter-amerique-les-rencontre-administratives-de-leglise-debutent-avec-laccent-mis-sur-le-reveil-spirituel-de-nouvelles-strategies-sont-adoptees-et-des-dirigeants-sont-elus\\\/\",\"name\":\"Inter Am\u00e9rique: Les rencontre Administratives de l&#39;\u00e9glise d\u00e9butent avec l&#39;accent mis sur le r\u00e9veil spirituel ; de nouvelles strat\u00e9gies sont adopt\u00e9es et des dirigeants sont \u00e9lus - \u00c9glise Adventiste Du Septieme Jour - Inter Am\u00e9rique Division\",\"isPartOf\":{\"@id\":\"https:\\\/\\\/interamerica.org\\\/fr\\\/#website\"},\"datePublished\":\"2010-11-04T04:00:00+00:00\",\"dateModified\":\"2017-06-02T17:02:54+00:00\",\"author\":{\"@id\":\"https:\\\/\\\/interamerica.org\\\/fr\\\/#\\\/schema\\\/person\\\/68ede8bdc292885bb76c1e3810e73c39\"},\"breadcrumb\":{\"@id\":\"https:\\\/\\\/interamerica.org\\\/fr\\\/2010\\\/11\\\/inter-amerique-les-rencontre-administratives-de-leglise-debutent-avec-laccent-mis-sur-le-reveil-spirituel-de-nouvelles-strategies-sont-adoptees-et-des-dirigeants-sont-elus\\\/#breadcrumb\"},\"inLanguage\":\"fr-FR\",\"potentialAction\":[{\"@type\":\"ReadAction\",\"target\":[\"https:\\\/\\\/interamerica.org\\\/fr\\\/2010\\\/11\\\/inter-amerique-les-rencontre-administratives-de-leglise-debutent-avec-laccent-mis-sur-le-reveil-spirituel-de-nouvelles-strategies-sont-adoptees-et-des-dirigeants-sont-elus\\\/\"]}]},{\"@type\":\"BreadcrumbList\",\"@id\":\"https:\\\/\\\/interamerica.org\\\/fr\\\/2010\\\/11\\\/inter-amerique-les-rencontre-administratives-de-leglise-debutent-avec-laccent-mis-sur-le-reveil-spirituel-de-nouvelles-strategies-sont-adoptees-et-des-dirigeants-sont-elus\\\/#breadcrumb\",\"itemListElement\":[{\"@type\":\"ListItem\",\"position\":1,\"name\":\"Home\",\"item\":\"https:\\\/\\\/interamerica.org\\\/fr\\\/\"},{\"@type\":\"ListItem\",\"position\":2,\"name\":\"Inter Am\u00e9rique: Les rencontre Administratives de l&#39;\u00e9glise d\u00e9butent avec l&#39;accent mis sur le r\u00e9veil spirituel ; de nouvelles strat\u00e9gies sont adopt\u00e9es et des dirigeants sont \u00e9lus\"}]},{\"@type\":\"WebSite\",\"@id\":\"https:\\\/\\\/interamerica.org\\\/fr\\\/#website\",\"url\":\"https:\\\/\\\/interamerica.org\\\/fr\\\/\",\"name\":\"\u00c9glise Adventiste Du Septieme Jour - Inter Am\u00e9rique Division\",\"description\":\"\",\"potentialAction\":[{\"@type\":\"SearchAction\",\"target\":{\"@type\":\"EntryPoint\",\"urlTemplate\":\"https:\\\/\\\/interamerica.org\\\/fr\\\/?s={search_term_string}\"},\"query-input\":{\"@type\":\"PropertyValueSpecification\",\"valueRequired\":true,\"valueName\":\"search_term_string\"}}],\"inLanguage\":\"fr-FR\"},{\"@type\":\"Person\",\"@id\":\"https:\\\/\\\/interamerica.org\\\/fr\\\/#\\\/schema\\\/person\\\/68ede8bdc292885bb76c1e3810e73c39\",\"name\":\"Lorenzo Verduzco\",\"image\":{\"@type\":\"ImageObject\",\"inLanguage\":\"fr-FR\",\"@id\":\"https:\\\/\\\/secure.gravatar.com\\\/avatar\\\/fb81a55b6218459490a9c1dc841a34909185b81904c5337b4b27f7a6fd60c49e?s=96&d=mm&r=g\",\"url\":\"https:\\\/\\\/secure.gravatar.com\\\/avatar\\\/fb81a55b6218459490a9c1dc841a34909185b81904c5337b4b27f7a6fd60c49e?s=96&d=mm&r=g\",\"contentUrl\":\"https:\\\/\\\/secure.gravatar.com\\\/avatar\\\/fb81a55b6218459490a9c1dc841a34909185b81904c5337b4b27f7a6fd60c49e?s=96&d=mm&r=g\",\"caption\":\"Lorenzo Verduzco\"}}]}<\/script>\n<!-- \/ Yoast SEO plugin. -->","yoast_head_json":{"title":"Inter Am\u00e9rique: Les rencontre Administratives de l&#39;\u00e9glise d\u00e9butent avec l&#39;accent mis sur le r\u00e9veil spirituel ; de nouvelles strat\u00e9gies sont adopt\u00e9es et des dirigeants sont \u00e9lus - \u00c9glise Adventiste Du Septieme Jour - Inter Am\u00e9rique Division","robots":{"index":"index","follow":"follow","max-snippet":"max-snippet:-1","max-image-preview":"max-image-preview:large","max-video-preview":"max-video-preview:-1"},"canonical":"https:\/\/interamerica.org\/fr\/2010\/11\/inter-amerique-les-rencontre-administratives-de-leglise-debutent-avec-laccent-mis-sur-le-reveil-spirituel-de-nouvelles-strategies-sont-adoptees-et-des-dirigeants-sont-elus\/","og_locale":"fr_FR","og_type":"article","og_title":"Inter Am\u00e9rique: Les rencontre Administratives de l&#39;\u00e9glise d\u00e9butent avec l&#39;accent mis sur le r\u00e9veil spirituel ; de nouvelles strat\u00e9gies sont adopt\u00e9es et des dirigeants sont \u00e9lus - \u00c9glise Adventiste Du Septieme Jour - Inter Am\u00e9rique Division","og_description":"Le r\u00e9veilspirituel et la r\u00e9formeont fait \u00e9cho sur les l\u00e8vres des dirigeants Adventistes venus de toute l&#39;InterAm\u00e9rique alors qu&#39;ils se r\u00e9unissaient pour la premi\u00e8re journ\u00e9e du premi","og_url":"https:\/\/interamerica.org\/fr\/2010\/11\/inter-amerique-les-rencontre-administratives-de-leglise-debutent-avec-laccent-mis-sur-le-reveil-spirituel-de-nouvelles-strategies-sont-adoptees-et-des-dirigeants-sont-elus\/","og_site_name":"\u00c9glise Adventiste Du Septieme Jour - Inter Am\u00e9rique Division","article_published_time":"2010-11-04T04:00:00+00:00","article_modified_time":"2017-06-02T17:02:54+00:00","author":"Lorenzo Verduzco","twitter_card":"summary_large_image","twitter_misc":{"\u00c9crit par":"Lorenzo Verduzco","Dur\u00e9e de lecture estim\u00e9e":"7 minutes"},"schema":{"@context":"https:\/\/schema.org","@graph":[{"@type":"Article","@id":"https:\/\/interamerica.org\/fr\/2010\/11\/inter-amerique-les-rencontre-administratives-de-leglise-debutent-avec-laccent-mis-sur-le-reveil-spirituel-de-nouvelles-strategies-sont-adoptees-et-des-dirigeants-sont-elus\/#article","isPartOf":{"@id":"https:\/\/interamerica.org\/fr\/2010\/11\/inter-amerique-les-rencontre-administratives-de-leglise-debutent-avec-laccent-mis-sur-le-reveil-spirituel-de-nouvelles-strategies-sont-adoptees-et-des-dirigeants-sont-elus\/"},"author":{"name":"Lorenzo Verduzco","@id":"https:\/\/interamerica.org\/fr\/#\/schema\/person\/68ede8bdc292885bb76c1e3810e73c39"},"headline":"Inter Am\u00e9rique: Les rencontre Administratives de l&#39;\u00e9glise d\u00e9butent avec l&#39;accent mis sur le r\u00e9veil spirituel ; de nouvelles strat\u00e9gies sont adopt\u00e9es et des dirigeants sont \u00e9lus","datePublished":"2010-11-04T04:00:00+00:00","dateModified":"2017-06-02T17:02:54+00:00","mainEntityOfPage":{"@id":"https:\/\/interamerica.org\/fr\/2010\/11\/inter-amerique-les-rencontre-administratives-de-leglise-debutent-avec-laccent-mis-sur-le-reveil-spirituel-de-nouvelles-strategies-sont-adoptees-et-des-dirigeants-sont-elus\/"},"wordCount":1393,"articleSection":["Archive"],"inLanguage":"fr-FR"},{"@type":"WebPage","@id":"https:\/\/interamerica.org\/fr\/2010\/11\/inter-amerique-les-rencontre-administratives-de-leglise-debutent-avec-laccent-mis-sur-le-reveil-spirituel-de-nouvelles-strategies-sont-adoptees-et-des-dirigeants-sont-elus\/","url":"https:\/\/interamerica.org\/fr\/2010\/11\/inter-amerique-les-rencontre-administratives-de-leglise-debutent-avec-laccent-mis-sur-le-reveil-spirituel-de-nouvelles-strategies-sont-adoptees-et-des-dirigeants-sont-elus\/","name":"Inter Am\u00e9rique: Les rencontre Administratives de l&#39;\u00e9glise d\u00e9butent avec l&#39;accent mis sur le r\u00e9veil spirituel ; de nouvelles strat\u00e9gies sont adopt\u00e9es et des dirigeants sont \u00e9lus - \u00c9glise Adventiste Du Septieme Jour - Inter Am\u00e9rique Division","isPartOf":{"@id":"https:\/\/interamerica.org\/fr\/#website"},"datePublished":"2010-11-04T04:00:00+00:00","dateModified":"2017-06-02T17:02:54+00:00","author":{"@id":"https:\/\/interamerica.org\/fr\/#\/schema\/person\/68ede8bdc292885bb76c1e3810e73c39"},"breadcrumb":{"@id":"https:\/\/interamerica.org\/fr\/2010\/11\/inter-amerique-les-rencontre-administratives-de-leglise-debutent-avec-laccent-mis-sur-le-reveil-spirituel-de-nouvelles-strategies-sont-adoptees-et-des-dirigeants-sont-elus\/#breadcrumb"},"inLanguage":"fr-FR","potentialAction":[{"@type":"ReadAction","target":["https:\/\/interamerica.org\/fr\/2010\/11\/inter-amerique-les-rencontre-administratives-de-leglise-debutent-avec-laccent-mis-sur-le-reveil-spirituel-de-nouvelles-strategies-sont-adoptees-et-des-dirigeants-sont-elus\/"]}]},{"@type":"BreadcrumbList","@id":"https:\/\/interamerica.org\/fr\/2010\/11\/inter-amerique-les-rencontre-administratives-de-leglise-debutent-avec-laccent-mis-sur-le-reveil-spirituel-de-nouvelles-strategies-sont-adoptees-et-des-dirigeants-sont-elus\/#breadcrumb","itemListElement":[{"@type":"ListItem","position":1,"name":"Home","item":"https:\/\/interamerica.org\/fr\/"},{"@type":"ListItem","position":2,"name":"Inter Am\u00e9rique: Les rencontre Administratives de l&#39;\u00e9glise d\u00e9butent avec l&#39;accent mis sur le r\u00e9veil spirituel ; de nouvelles strat\u00e9gies sont adopt\u00e9es et des dirigeants sont \u00e9lus"}]},{"@type":"WebSite","@id":"https:\/\/interamerica.org\/fr\/#website","url":"https:\/\/interamerica.org\/fr\/","name":"\u00c9glise Adventiste Du Septieme Jour - Inter Am\u00e9rique Division","description":"","potentialAction":[{"@type":"SearchAction","target":{"@type":"EntryPoint","urlTemplate":"https:\/\/interamerica.org\/fr\/?s={search_term_string}"},"query-input":{"@type":"PropertyValueSpecification","valueRequired":true,"valueName":"search_term_string"}}],"inLanguage":"fr-FR"},{"@type":"Person","@id":"https:\/\/interamerica.org\/fr\/#\/schema\/person\/68ede8bdc292885bb76c1e3810e73c39","name":"Lorenzo Verduzco","image":{"@type":"ImageObject","inLanguage":"fr-FR","@id":"https:\/\/secure.gravatar.com\/avatar\/fb81a55b6218459490a9c1dc841a34909185b81904c5337b4b27f7a6fd60c49e?s=96&d=mm&r=g","url":"https:\/\/secure.gravatar.com\/avatar\/fb81a55b6218459490a9c1dc841a34909185b81904c5337b4b27f7a6fd60c49e?s=96&d=mm&r=g","contentUrl":"https:\/\/secure.gravatar.com\/avatar\/fb81a55b6218459490a9c1dc841a34909185b81904c5337b4b27f7a6fd60c49e?s=96&d=mm&r=g","caption":"Lorenzo Verduzco"}}]}},"_links":{"self":[{"href":"https:\/\/interamerica.org\/fr\/wp-json\/wp\/v2\/posts\/13472","targetHints":{"allow":["GET"]}}],"collection":[{"href":"https:\/\/interamerica.org\/fr\/wp-json\/wp\/v2\/posts"}],"about":[{"href":"https:\/\/interamerica.org\/fr\/wp-json\/wp\/v2\/types\/post"}],"author":[{"embeddable":true,"href":"https:\/\/interamerica.org\/fr\/wp-json\/wp\/v2\/users\/1"}],"replies":[{"embeddable":true,"href":"https:\/\/interamerica.org\/fr\/wp-json\/wp\/v2\/comments?post=13472"}],"version-history":[{"count":0,"href":"https:\/\/interamerica.org\/fr\/wp-json\/wp\/v2\/posts\/13472\/revisions"}],"wp:attachment":[{"href":"https:\/\/interamerica.org\/fr\/wp-json\/wp\/v2\/media?parent=13472"}],"wp:term":[{"taxonomy":"category","embeddable":true,"href":"https:\/\/interamerica.org\/fr\/wp-json\/wp\/v2\/categories?post=13472"},{"taxonomy":"post_tag","embeddable":true,"href":"https:\/\/interamerica.org\/fr\/wp-json\/wp\/v2\/tags?post=13472"}],"curies":[{"name":"wp","href":"https:\/\/api.w.org\/{rel}","templated":true}]}}