{"id":13473,"date":"2010-11-09T00:00:00","date_gmt":"2010-11-09T04:00:00","guid":{"rendered":"http:\/\/192.81.217.108\/interamerica\/2010\/11\/en-indonesie-adra-aide-les-familles-deplacees-apres-leruption-volcanique\/"},"modified":"2017-06-02T13:02:53","modified_gmt":"2017-06-02T17:02:53","slug":"en-indonesie-adra-aide-les-familles-deplacees-apres-leruption-volcanique","status":"publish","type":"post","link":"https:\/\/interamerica.org\/fr\/2010\/11\/en-indonesie-adra-aide-les-familles-deplacees-apres-leruption-volcanique\/","title":{"rendered":"En Indon\u00e9sie, ADRA aide les familles d\u00e9plac\u00e9es apr\u00e8s l&#39;\u00e9ruption volcanique"},"content":{"rendered":"<p>9 Novembre 2010,<em > Silver Spring, Maryland, Etats Unis<\/em >&#8230;.ADRA\/ANN <\/p>\n<p>L&#39;Agence Adventiste de d\u00e9veloppement et de Secours (ADRA) apporte de l&#39;aide \u00e0 l&#39;une des r\u00e9gions les plus proches du site de l&#39;\u00e9ruption du Mont Merapi survenu le 26 octobre dernier dans le centre de Java, ont indiqu\u00e9 les responsables des services d&#39;intervention d&#39;urgence en Indon\u00e9sie la semaine derni\u00e8re. <\/p>\n<p>L&#39;intervention d&#39;urgence d&#39;ADRA est centr\u00e9e sur le village de Glagah Harjo, \u00e0 environ 8 km au sud du Mont Merapi. Environ 500 familles d\u00e9plac\u00e9es de quatre petits villages vivent dans des abris temporaires \u00e0 Glargah a d\u00e9clar\u00e9 Hector Carpintero, responsable d&#39;ADRA Indon\u00e9sie dans le pays. <\/p>\n<p>ADRA a aussi distribu\u00e9 des kits de toilette de premi\u00e8re n\u00e9cessit\u00e9 avec l&#39;aide de volontaires locaux, apr\u00e8s avoir \u00e9tabli une coordination avec les responsables gouvernementaux locaux et les familles d\u00e9plac\u00e9es. <\/p>\n<p>D&#39;apr\u00e8s un rapport de l&#39;Agence France-Presse, plus de 150 personnes ont p\u00e9ri depuis le d\u00e9but de l&#39;\u00e9ruption du Mont Merapi la semaine derni\u00e8re. Quelques 22000 villageois sont h\u00e9berg\u00e9s dans des abris mis en place par le gouvernement dans trois districts s\u00e9par\u00e9s. Les \u00e9ruptions r\u00e9p\u00e9t\u00e9es du Mont Merapi ont caus\u00e9 des \u00e9vacuations en masse et un arr\u00eat temporaire du trafic a\u00e9rien. <\/p>\n<p>Le Mont Merapi est entr\u00e9 en \u00e9ruption de nombreuses fois au cours du si\u00e8cle dernier a indiqu\u00e9 Associated Press. Le volcan a crach\u00e9 des cendres depuis vendredi a indiqu\u00e9 cette m\u00eame Agence de presse. <\/p>\n<p><em >Traducteur: Patrick Luciathe <\/em ><br  \/><\/p>\n","protected":false},"excerpt":{"rendered":"<p>L&#39;Agence Adventistede d\u00e9veloppement et de Secours (ADRA) apporte de l&#39;aide \u00e0 l&#39;une des r\u00e9gions lesplus proches du site de l&#39;\u00e9ruption du Mont Merapi survenu le 26 octobre dernierdans le centre de Java,<\/p>\n","protected":false},"author":1,"featured_media":0,"comment_status":"closed","ping_status":"closed","sticky":false,"template":"","format":"standard","meta":{"_acf_changed":false,"footnotes":""},"categories":[9],"tags":[],"class_list":["post-13473","post","type-post","status-publish","format-standard","hentry","category-archive-fr"],"acf":[],"yoast_head":"<!-- This site is optimized with the Yoast SEO plugin v27.3 - https:\/\/yoast.com\/product\/yoast-seo-wordpress\/ -->\n<title>En Indon\u00e9sie, ADRA aide les familles d\u00e9plac\u00e9es apr\u00e8s l&#039;\u00e9ruption volcanique - \u00c9glise Adventiste Du Septieme Jour - Inter Am\u00e9rique Division<\/title>\n<meta name=\"robots\" content=\"index, follow, max-snippet:-1, max-image-preview:large, max-video-preview:-1\" \/>\n<link rel=\"canonical\" href=\"https:\/\/interamerica.org\/fr\/2010\/11\/en-indonesie-adra-aide-les-familles-deplacees-apres-leruption-volcanique\/\" \/>\n<meta property=\"og:locale\" content=\"fr_FR\" \/>\n<meta property=\"og:type\" content=\"article\" \/>\n<meta property=\"og:title\" content=\"En Indon\u00e9sie, ADRA aide les familles d\u00e9plac\u00e9es apr\u00e8s l&#039;\u00e9ruption volcanique - \u00c9glise Adventiste Du Septieme Jour - Inter Am\u00e9rique Division\" \/>\n<meta property=\"og:description\" content=\"L&#039;Agence Adventistede d\u00e9veloppement et de Secours (ADRA) apporte de l&#039;aide \u00e0 l&#039;une des r\u00e9gions lesplus proches du site de l&#039;\u00e9ruption du Mont Merapi survenu le 26 octobre dernierdans le centre de Java,\" \/>\n<meta property=\"og:url\" content=\"https:\/\/interamerica.org\/fr\/2010\/11\/en-indonesie-adra-aide-les-familles-deplacees-apres-leruption-volcanique\/\" \/>\n<meta property=\"og:site_name\" content=\"\u00c9glise Adventiste Du Septieme Jour - Inter Am\u00e9rique Division\" \/>\n<meta property=\"article:published_time\" content=\"2010-11-09T04:00:00+00:00\" \/>\n<meta property=\"article:modified_time\" content=\"2017-06-02T17:02:53+00:00\" \/>\n<meta name=\"author\" content=\"Lorenzo Verduzco\" \/>\n<meta name=\"twitter:card\" content=\"summary_large_image\" \/>\n<meta name=\"twitter:label1\" content=\"\u00c9crit par\" \/>\n\t<meta name=\"twitter:data1\" content=\"Lorenzo Verduzco\" \/>\n\t<meta name=\"twitter:label2\" content=\"Dur\u00e9e de lecture estim\u00e9e\" \/>\n\t<meta name=\"twitter:data2\" content=\"1 minute\" \/>\n<script type=\"application\/ld+json\" class=\"yoast-schema-graph\">{\"@context\":\"https:\\\/\\\/schema.org\",\"@graph\":[{\"@type\":\"Article\",\"@id\":\"https:\\\/\\\/interamerica.org\\\/fr\\\/2010\\\/11\\\/en-indonesie-adra-aide-les-familles-deplacees-apres-leruption-volcanique\\\/#article\",\"isPartOf\":{\"@id\":\"https:\\\/\\\/interamerica.org\\\/fr\\\/2010\\\/11\\\/en-indonesie-adra-aide-les-familles-deplacees-apres-leruption-volcanique\\\/\"},\"author\":{\"name\":\"Lorenzo Verduzco\",\"@id\":\"https:\\\/\\\/interamerica.org\\\/fr\\\/#\\\/schema\\\/person\\\/68ede8bdc292885bb76c1e3810e73c39\"},\"headline\":\"En Indon\u00e9sie, ADRA aide les familles d\u00e9plac\u00e9es apr\u00e8s l&#39;\u00e9ruption volcanique\",\"datePublished\":\"2010-11-09T04:00:00+00:00\",\"dateModified\":\"2017-06-02T17:02:53+00:00\",\"mainEntityOfPage\":{\"@id\":\"https:\\\/\\\/interamerica.org\\\/fr\\\/2010\\\/11\\\/en-indonesie-adra-aide-les-familles-deplacees-apres-leruption-volcanique\\\/\"},\"wordCount\":278,\"articleSection\":[\"Archive\"],\"inLanguage\":\"fr-FR\"},{\"@type\":\"WebPage\",\"@id\":\"https:\\\/\\\/interamerica.org\\\/fr\\\/2010\\\/11\\\/en-indonesie-adra-aide-les-familles-deplacees-apres-leruption-volcanique\\\/\",\"url\":\"https:\\\/\\\/interamerica.org\\\/fr\\\/2010\\\/11\\\/en-indonesie-adra-aide-les-familles-deplacees-apres-leruption-volcanique\\\/\",\"name\":\"En Indon\u00e9sie, ADRA aide les familles d\u00e9plac\u00e9es apr\u00e8s l&#39;\u00e9ruption volcanique - \u00c9glise Adventiste Du Septieme Jour - Inter Am\u00e9rique Division\",\"isPartOf\":{\"@id\":\"https:\\\/\\\/interamerica.org\\\/fr\\\/#website\"},\"datePublished\":\"2010-11-09T04:00:00+00:00\",\"dateModified\":\"2017-06-02T17:02:53+00:00\",\"author\":{\"@id\":\"https:\\\/\\\/interamerica.org\\\/fr\\\/#\\\/schema\\\/person\\\/68ede8bdc292885bb76c1e3810e73c39\"},\"breadcrumb\":{\"@id\":\"https:\\\/\\\/interamerica.org\\\/fr\\\/2010\\\/11\\\/en-indonesie-adra-aide-les-familles-deplacees-apres-leruption-volcanique\\\/#breadcrumb\"},\"inLanguage\":\"fr-FR\",\"potentialAction\":[{\"@type\":\"ReadAction\",\"target\":[\"https:\\\/\\\/interamerica.org\\\/fr\\\/2010\\\/11\\\/en-indonesie-adra-aide-les-familles-deplacees-apres-leruption-volcanique\\\/\"]}]},{\"@type\":\"BreadcrumbList\",\"@id\":\"https:\\\/\\\/interamerica.org\\\/fr\\\/2010\\\/11\\\/en-indonesie-adra-aide-les-familles-deplacees-apres-leruption-volcanique\\\/#breadcrumb\",\"itemListElement\":[{\"@type\":\"ListItem\",\"position\":1,\"name\":\"Home\",\"item\":\"https:\\\/\\\/interamerica.org\\\/fr\\\/\"},{\"@type\":\"ListItem\",\"position\":2,\"name\":\"En Indon\u00e9sie, ADRA aide les familles d\u00e9plac\u00e9es apr\u00e8s l&#39;\u00e9ruption volcanique\"}]},{\"@type\":\"WebSite\",\"@id\":\"https:\\\/\\\/interamerica.org\\\/fr\\\/#website\",\"url\":\"https:\\\/\\\/interamerica.org\\\/fr\\\/\",\"name\":\"\u00c9glise Adventiste Du Septieme Jour - Inter Am\u00e9rique Division\",\"description\":\"\",\"potentialAction\":[{\"@type\":\"SearchAction\",\"target\":{\"@type\":\"EntryPoint\",\"urlTemplate\":\"https:\\\/\\\/interamerica.org\\\/fr\\\/?s={search_term_string}\"},\"query-input\":{\"@type\":\"PropertyValueSpecification\",\"valueRequired\":true,\"valueName\":\"search_term_string\"}}],\"inLanguage\":\"fr-FR\"},{\"@type\":\"Person\",\"@id\":\"https:\\\/\\\/interamerica.org\\\/fr\\\/#\\\/schema\\\/person\\\/68ede8bdc292885bb76c1e3810e73c39\",\"name\":\"Lorenzo Verduzco\",\"image\":{\"@type\":\"ImageObject\",\"inLanguage\":\"fr-FR\",\"@id\":\"https:\\\/\\\/secure.gravatar.com\\\/avatar\\\/fb81a55b6218459490a9c1dc841a34909185b81904c5337b4b27f7a6fd60c49e?s=96&d=mm&r=g\",\"url\":\"https:\\\/\\\/secure.gravatar.com\\\/avatar\\\/fb81a55b6218459490a9c1dc841a34909185b81904c5337b4b27f7a6fd60c49e?s=96&d=mm&r=g\",\"contentUrl\":\"https:\\\/\\\/secure.gravatar.com\\\/avatar\\\/fb81a55b6218459490a9c1dc841a34909185b81904c5337b4b27f7a6fd60c49e?s=96&d=mm&r=g\",\"caption\":\"Lorenzo Verduzco\"}}]}<\/script>\n<!-- \/ Yoast SEO plugin. -->","yoast_head_json":{"title":"En Indon\u00e9sie, ADRA aide les familles d\u00e9plac\u00e9es apr\u00e8s l&#39;\u00e9ruption volcanique - \u00c9glise Adventiste Du Septieme Jour - Inter Am\u00e9rique Division","robots":{"index":"index","follow":"follow","max-snippet":"max-snippet:-1","max-image-preview":"max-image-preview:large","max-video-preview":"max-video-preview:-1"},"canonical":"https:\/\/interamerica.org\/fr\/2010\/11\/en-indonesie-adra-aide-les-familles-deplacees-apres-leruption-volcanique\/","og_locale":"fr_FR","og_type":"article","og_title":"En Indon\u00e9sie, ADRA aide les familles d\u00e9plac\u00e9es apr\u00e8s l&#39;\u00e9ruption volcanique - \u00c9glise Adventiste Du Septieme Jour - Inter Am\u00e9rique Division","og_description":"L&#39;Agence Adventistede d\u00e9veloppement et de Secours (ADRA) apporte de l&#39;aide \u00e0 l&#39;une des r\u00e9gions lesplus proches du site de l&#39;\u00e9ruption du Mont Merapi survenu le 26 octobre dernierdans le centre de Java,","og_url":"https:\/\/interamerica.org\/fr\/2010\/11\/en-indonesie-adra-aide-les-familles-deplacees-apres-leruption-volcanique\/","og_site_name":"\u00c9glise Adventiste Du Septieme Jour - Inter Am\u00e9rique Division","article_published_time":"2010-11-09T04:00:00+00:00","article_modified_time":"2017-06-02T17:02:53+00:00","author":"Lorenzo Verduzco","twitter_card":"summary_large_image","twitter_misc":{"\u00c9crit par":"Lorenzo Verduzco","Dur\u00e9e de lecture estim\u00e9e":"1 minute"},"schema":{"@context":"https:\/\/schema.org","@graph":[{"@type":"Article","@id":"https:\/\/interamerica.org\/fr\/2010\/11\/en-indonesie-adra-aide-les-familles-deplacees-apres-leruption-volcanique\/#article","isPartOf":{"@id":"https:\/\/interamerica.org\/fr\/2010\/11\/en-indonesie-adra-aide-les-familles-deplacees-apres-leruption-volcanique\/"},"author":{"name":"Lorenzo Verduzco","@id":"https:\/\/interamerica.org\/fr\/#\/schema\/person\/68ede8bdc292885bb76c1e3810e73c39"},"headline":"En Indon\u00e9sie, ADRA aide les familles d\u00e9plac\u00e9es apr\u00e8s l&#39;\u00e9ruption volcanique","datePublished":"2010-11-09T04:00:00+00:00","dateModified":"2017-06-02T17:02:53+00:00","mainEntityOfPage":{"@id":"https:\/\/interamerica.org\/fr\/2010\/11\/en-indonesie-adra-aide-les-familles-deplacees-apres-leruption-volcanique\/"},"wordCount":278,"articleSection":["Archive"],"inLanguage":"fr-FR"},{"@type":"WebPage","@id":"https:\/\/interamerica.org\/fr\/2010\/11\/en-indonesie-adra-aide-les-familles-deplacees-apres-leruption-volcanique\/","url":"https:\/\/interamerica.org\/fr\/2010\/11\/en-indonesie-adra-aide-les-familles-deplacees-apres-leruption-volcanique\/","name":"En Indon\u00e9sie, ADRA aide les familles d\u00e9plac\u00e9es apr\u00e8s l&#39;\u00e9ruption volcanique - \u00c9glise Adventiste Du Septieme Jour - Inter Am\u00e9rique Division","isPartOf":{"@id":"https:\/\/interamerica.org\/fr\/#website"},"datePublished":"2010-11-09T04:00:00+00:00","dateModified":"2017-06-02T17:02:53+00:00","author":{"@id":"https:\/\/interamerica.org\/fr\/#\/schema\/person\/68ede8bdc292885bb76c1e3810e73c39"},"breadcrumb":{"@id":"https:\/\/interamerica.org\/fr\/2010\/11\/en-indonesie-adra-aide-les-familles-deplacees-apres-leruption-volcanique\/#breadcrumb"},"inLanguage":"fr-FR","potentialAction":[{"@type":"ReadAction","target":["https:\/\/interamerica.org\/fr\/2010\/11\/en-indonesie-adra-aide-les-familles-deplacees-apres-leruption-volcanique\/"]}]},{"@type":"BreadcrumbList","@id":"https:\/\/interamerica.org\/fr\/2010\/11\/en-indonesie-adra-aide-les-familles-deplacees-apres-leruption-volcanique\/#breadcrumb","itemListElement":[{"@type":"ListItem","position":1,"name":"Home","item":"https:\/\/interamerica.org\/fr\/"},{"@type":"ListItem","position":2,"name":"En Indon\u00e9sie, ADRA aide les familles d\u00e9plac\u00e9es apr\u00e8s l&#39;\u00e9ruption volcanique"}]},{"@type":"WebSite","@id":"https:\/\/interamerica.org\/fr\/#website","url":"https:\/\/interamerica.org\/fr\/","name":"\u00c9glise Adventiste Du Septieme Jour - Inter Am\u00e9rique Division","description":"","potentialAction":[{"@type":"SearchAction","target":{"@type":"EntryPoint","urlTemplate":"https:\/\/interamerica.org\/fr\/?s={search_term_string}"},"query-input":{"@type":"PropertyValueSpecification","valueRequired":true,"valueName":"search_term_string"}}],"inLanguage":"fr-FR"},{"@type":"Person","@id":"https:\/\/interamerica.org\/fr\/#\/schema\/person\/68ede8bdc292885bb76c1e3810e73c39","name":"Lorenzo Verduzco","image":{"@type":"ImageObject","inLanguage":"fr-FR","@id":"https:\/\/secure.gravatar.com\/avatar\/fb81a55b6218459490a9c1dc841a34909185b81904c5337b4b27f7a6fd60c49e?s=96&d=mm&r=g","url":"https:\/\/secure.gravatar.com\/avatar\/fb81a55b6218459490a9c1dc841a34909185b81904c5337b4b27f7a6fd60c49e?s=96&d=mm&r=g","contentUrl":"https:\/\/secure.gravatar.com\/avatar\/fb81a55b6218459490a9c1dc841a34909185b81904c5337b4b27f7a6fd60c49e?s=96&d=mm&r=g","caption":"Lorenzo Verduzco"}}]}},"_links":{"self":[{"href":"https:\/\/interamerica.org\/fr\/wp-json\/wp\/v2\/posts\/13473","targetHints":{"allow":["GET"]}}],"collection":[{"href":"https:\/\/interamerica.org\/fr\/wp-json\/wp\/v2\/posts"}],"about":[{"href":"https:\/\/interamerica.org\/fr\/wp-json\/wp\/v2\/types\/post"}],"author":[{"embeddable":true,"href":"https:\/\/interamerica.org\/fr\/wp-json\/wp\/v2\/users\/1"}],"replies":[{"embeddable":true,"href":"https:\/\/interamerica.org\/fr\/wp-json\/wp\/v2\/comments?post=13473"}],"version-history":[{"count":0,"href":"https:\/\/interamerica.org\/fr\/wp-json\/wp\/v2\/posts\/13473\/revisions"}],"wp:attachment":[{"href":"https:\/\/interamerica.org\/fr\/wp-json\/wp\/v2\/media?parent=13473"}],"wp:term":[{"taxonomy":"category","embeddable":true,"href":"https:\/\/interamerica.org\/fr\/wp-json\/wp\/v2\/categories?post=13473"},{"taxonomy":"post_tag","embeddable":true,"href":"https:\/\/interamerica.org\/fr\/wp-json\/wp\/v2\/tags?post=13473"}],"curies":[{"name":"wp","href":"https:\/\/api.w.org\/{rel}","templated":true}]}}