{"id":13475,"date":"2010-11-16T00:00:00","date_gmt":"2010-11-16T04:00:00","guid":{"rendered":"http:\/\/192.81.217.108\/interamerica\/2010\/11\/le-centreaudiovisuel-adventiste-en-russie-intensifie-son-ministere\/"},"modified":"2017-06-02T13:02:52","modified_gmt":"2017-06-02T17:02:52","slug":"le-centreaudiovisuel-adventiste-en-russie-intensifie-son-ministere","status":"publish","type":"post","link":"https:\/\/interamerica.org\/fr\/2010\/11\/le-centreaudiovisuel-adventiste-en-russie-intensifie-son-ministere\/","title":{"rendered":"Le centreaudiovisuel Adventiste en Russie intensifie son minist\u00e8re"},"content":{"rendered":"<p>16 Novembre 2010,Bucha, Ukraine&#8230;Elizabeth Lechleitner\/ANN<\/p>\n<p>L\u00e0 o\u00f9 \u00e0 l&#39;\u00e9poqueSovi\u00e9tique, la propagande communiste envahissait les maisons par le biais dehaut-parleurs install\u00e9s que lesr\u00e9sidents n&#39;avaient pas l&#39;autorisation d&#39;\u00e9teindre, un centre audiovisuelAdventiste a c\u00e9l\u00e9br\u00e9 le mois dernier 20 ans de minist\u00e8re \u00e0 travers ces m\u00eames postes de radio -plusieurs desquels se retrouvent encore sur les tables de cuisine et dans lessalles \u00e0 manger \u00e0travers la Russie et l&#39;Europe de l&#39;Est.<\/p>\n<p>Des centaines deleaders Adventistes et Protestants, des repr\u00e9sentants du gouvernement et desprofessionnels des medias se sont retrouv\u00e9s sur le campus de l&#39;institution g\u00e9r\u00e9e par l&#39;\u00e9glise, l&#39;Universit\u00e9 Zaoksky \u00e0Moscou le 24 octobre, afin de comm\u00e9morer l&#39;impact du centre audiovisuel de laVoix de l&#39;Esperance en Eurasie.<\/p>\n<p>La c\u00e9l\u00e9brationest intervenue une ann\u00e9e apr\u00e8s que le parlement Russe ait distingu\u00e9 la contribution de la Voix de l&#39;Esperanceaupr\u00e8s de la communaut\u00e9 en lui attribuant le prix \u00ab Socially AwareEnterprise \u00bb (Entreprise avec une Conscience Sociale), faisant ainsi del&#39;occasion la premi\u00e8re au cours de laquelle une organisation religieuse recevaitcette reconnaissance annuelle.<\/p>\n<p>Le minist\u00e8re dela radio est vital pour la r\u00e9gion, a d\u00e9clar\u00e9 le directeur et pr\u00e9sentateur de laVoix de l&#39;Esperance, Sergei Kuzmin. L&#39;Eurasie s&#39;\u00e9tend sur 11 fuseaux horaireset comprend six des pays de la Fen\u00eatre 10\/40, une r\u00e9gion o\u00f9 vivent environ les deux tiers de lapopulation mondiale, mais qui ne compte qu&#39;un pourcent de Chr\u00e9tiens.<\/p>\n<p>\u00ab Il estimpossible d&#39;acc\u00e9der \u00e0 tousles villages isol\u00e9s,mais la radio n&#39;a pas de fronti\u00e8res, \u00bb a indiqu\u00e9 Kuzmin. \u00ab Elle peut faire parvenirl&#39;\u00e9vangile dans les endroits les plus \u00e9loign\u00e9es de la r\u00e9gion. \u00bb<\/p>\n<p>Le plus d&#39;unmillion de lettres et de paquets re\u00e7us par le centre audiovisuel depuis sonouverture racontent l&#39;histoire des auditeurs \u00e0 travers l&#39;Eurasie. Certainscourriers viennent d&#39;auditeurs \u00e2g\u00e9s et confin\u00e9s chez eux et qui trouvent \u00e0 travers les \u00e9missions du r\u00e9confort et unecertaine connexion avec d&#39;autres Chr\u00e9tiens anim\u00e9s du m\u00eame esprit. Beaucoup d&#39;auditeursdisent que les programmes de la Voix de l&#39;Esperance satisfont un besoinspirituel que ne peuvent combler des heures pass\u00e9es \u00e0 adorer \u00e0 l&#39;\u00e9gliseOrthodoxe.<\/p>\n<p>Un auditeur Russea \u00e9crit qu&#39;il s&#39;est senti pouss\u00e9 \u00e0 fr\u00e9quenter l&#39;\u00e9glise, mais a trouv\u00e9 les services Orthodoxes &#8211; conduits dans une ancienne langue Slave &#8211; videset ali\u00e9nants. Des programmes de radio Adventistes \u00ab simples etconvaincants \u00bb, a-t-il ajout\u00e9 lui ont amen\u00e9 une connexion personnelle et profonde avec Dieu.<\/p>\n<p>Un autre auditeurde la Bi\u00e9lorussie a \u00e9crit pour dire que les programmes de la Voix del&#39;Esperance lui apportent \u00ab la joie et la paix \u00bb apr\u00e8s une viedifficile &#8211; alors qu&#39;elle \u00e9tait une enfant pendant la Seconde Guerre Mondiale,elle se rappelle avoir r\u00eav\u00e9 d&#39;un jour o\u00f9 elle mangerait du pain et du lait. Maintenant, incapable de lire ou delaisser son domicile r\u00e9guli\u00e8rement, elle trouve l&#39;exp\u00e9rience de communaut\u00e9 \u00e0travers la radio Adventiste.<\/p>\n<p>Avec un accentplac\u00e9 surles programmes visant \u00e0 consolider les familles et encourager un style de viesain, la Voix de l&#39;Esperance a r\u00e9alis\u00e9 sa premi\u00e8re diffusion de 20 minutes \u00e0 partir d&#39;un studio priv\u00e9 personnel en 1990, devenant ainsi la premi\u00e8re station religieuse \u00e0 diffuserdes programmes au milieu de l&#39;instabilit\u00e9 politique une ann\u00e9e avant la chute del&#39;Union Sovi\u00e9tique.<\/p>\n<p>Maintenant,depuis ses studios de Tula juste au sud de Moscou, la Voix de l&#39;Esperancepropose des programmes radio sur plus de 1000 stations. Elle est toujoursremarqu\u00e9e pour plusieurs des caract\u00e9ristiques qui lui ont permis de se faireune place sur les ondes, y compris une emphase sur le bien \u00eatre. En 1994, lecentre audiovisuel a \u00e9tendu la port\u00e9e de son minist\u00e8re en proposant plusieursheures de programmes t\u00e9l\u00e9vis\u00e9s par jour.<\/p>\n<p>Sergei Kuzmin aindiqu\u00e9qu&#39;une chaine de t\u00e9l\u00e9vision \u00e9mettant 24 heures sur 24 &#8211; une chaine Hope ChannelRussie \u00e0 partenti\u00e8re &#8211; se profile \u00e0l&#39;horizon pour la Voix de l&#39;Esperance. C&#39;est aussi le cas pour un nouveau moyende distribution de programmes radio &#8211; les podcasts. Le directeur de la RadioMondiale Adventiste (AWR) pour la r\u00e9gion Europe, Tihomir Zestic, a d\u00e9clar\u00e9 queles podcasts de AWR rencontrent un auditoire chaque jour plus important dans lar\u00e9gion. Disponible \u00e0travers le site web de AWR et sur iTunes, le podcast Russe compte \u00e0 lui seul pr\u00e8s de 4000 abonn\u00e9s. Vingt quatre mille sont abonn\u00e9s au podcast arabe.<\/p>\n<p>\u00ab Ce ne sontpas des personnes qui visitent rapidement le site web et passent \u00e0 autre chose, ou m\u00eame des personnes qui t\u00e9l\u00e9chargentun programme et ne reviennent jamais, \u00bb a pr\u00e9cis\u00e9 Zestic. \u00ab Cespersonnes se procurent toutes les nouvelles \u00e9ditions. \u00bb<\/p>\n<p>Les programmes dela Voix de l&#39;Esperance ont \u00e9galement un avenir en ligne a indiqu\u00e9 Kuzmin. Alors que le centre audiovisueladopte de nouvelles technologies et \u00e9largit sa mission, il maintiendracependant sa pr\u00e9sence de base sur les ondes radio a-t-il ajout\u00e9.<\/p>\n<p>\u00ab Noussommes heureux d&#39;avoir acc\u00e8s \u00e0 de nouvelles technologies, mais la radio fonctionne encore, \u00bb a d\u00e9clar\u00e9Zestic. \u00ab Cela ne coute pas cher, l&#39;\u00e9quipement est d\u00e9j\u00e0 en place et laplupart des \u00e9l\u00e8ves de notre \u00e9cole de Bible par correspondance sont le r\u00e9sultatdes contact \u00e9tablis par le biais de la radio. \u00bb<\/p>\n<p>Quelques 60000\u00e9l\u00e8ves sont actuellement enr\u00f4l\u00e9s dans l&#39;\u00e9cole de Bible par correspondance, avec3500 nouvelles inscriptions chaque ann\u00e9e, a pr\u00e9cis\u00e9 Kuzmin.<\/p>\n<\/p>\n<p><em >Traducteur: Patrick Luciathe<\/em ><br  \/><\/p>\n","protected":false},"excerpt":{"rendered":"<p>L\u00e0 o\u00f9 \u00e0 l&#39;\u00e9poqueSovi\u00e9tique, la propagande communiste envahissait les maisons par le biais dehaut-parleurs install\u00e9s que lesr\u00e9sidents n&#39;avaient pas l&#39;autorisation d&#39;\u00e9teindre,<\/p>\n","protected":false},"author":1,"featured_media":0,"comment_status":"closed","ping_status":"closed","sticky":false,"template":"","format":"standard","meta":{"_acf_changed":false,"footnotes":""},"categories":[9],"tags":[],"class_list":["post-13475","post","type-post","status-publish","format-standard","hentry","category-archive-fr"],"acf":[],"yoast_head":"<!-- This site is optimized with the Yoast SEO plugin v27.3 - https:\/\/yoast.com\/product\/yoast-seo-wordpress\/ -->\n<title>Le centreaudiovisuel Adventiste en Russie intensifie son minist\u00e8re - \u00c9glise Adventiste Du Septieme Jour - Inter Am\u00e9rique Division<\/title>\n<meta name=\"robots\" content=\"index, follow, max-snippet:-1, max-image-preview:large, max-video-preview:-1\" \/>\n<link rel=\"canonical\" href=\"https:\/\/interamerica.org\/fr\/2010\/11\/le-centreaudiovisuel-adventiste-en-russie-intensifie-son-ministere\/\" \/>\n<meta property=\"og:locale\" content=\"fr_FR\" \/>\n<meta property=\"og:type\" content=\"article\" \/>\n<meta property=\"og:title\" content=\"Le centreaudiovisuel Adventiste en Russie intensifie son minist\u00e8re - \u00c9glise Adventiste Du Septieme Jour - Inter Am\u00e9rique Division\" \/>\n<meta property=\"og:description\" content=\"L\u00e0 o\u00f9 \u00e0 l&#039;\u00e9poqueSovi\u00e9tique, la propagande communiste envahissait les maisons par le biais dehaut-parleurs install\u00e9s que lesr\u00e9sidents n&#039;avaient pas l&#039;autorisation d&#039;\u00e9teindre,\" \/>\n<meta property=\"og:url\" content=\"https:\/\/interamerica.org\/fr\/2010\/11\/le-centreaudiovisuel-adventiste-en-russie-intensifie-son-ministere\/\" \/>\n<meta property=\"og:site_name\" content=\"\u00c9glise Adventiste Du Septieme Jour - Inter Am\u00e9rique Division\" \/>\n<meta property=\"article:published_time\" content=\"2010-11-16T04:00:00+00:00\" \/>\n<meta property=\"article:modified_time\" content=\"2017-06-02T17:02:52+00:00\" \/>\n<meta name=\"author\" content=\"Lorenzo Verduzco\" \/>\n<meta name=\"twitter:card\" content=\"summary_large_image\" \/>\n<meta name=\"twitter:label1\" content=\"\u00c9crit par\" \/>\n\t<meta name=\"twitter:data1\" content=\"Lorenzo Verduzco\" \/>\n\t<meta name=\"twitter:label2\" content=\"Dur\u00e9e de lecture estim\u00e9e\" \/>\n\t<meta name=\"twitter:data2\" content=\"5 minutes\" \/>\n<script type=\"application\/ld+json\" class=\"yoast-schema-graph\">{\"@context\":\"https:\\\/\\\/schema.org\",\"@graph\":[{\"@type\":\"Article\",\"@id\":\"https:\\\/\\\/interamerica.org\\\/fr\\\/2010\\\/11\\\/le-centreaudiovisuel-adventiste-en-russie-intensifie-son-ministere\\\/#article\",\"isPartOf\":{\"@id\":\"https:\\\/\\\/interamerica.org\\\/fr\\\/2010\\\/11\\\/le-centreaudiovisuel-adventiste-en-russie-intensifie-son-ministere\\\/\"},\"author\":{\"name\":\"Lorenzo Verduzco\",\"@id\":\"https:\\\/\\\/interamerica.org\\\/fr\\\/#\\\/schema\\\/person\\\/68ede8bdc292885bb76c1e3810e73c39\"},\"headline\":\"Le centreaudiovisuel Adventiste en Russie intensifie son minist\u00e8re\",\"datePublished\":\"2010-11-16T04:00:00+00:00\",\"dateModified\":\"2017-06-02T17:02:52+00:00\",\"mainEntityOfPage\":{\"@id\":\"https:\\\/\\\/interamerica.org\\\/fr\\\/2010\\\/11\\\/le-centreaudiovisuel-adventiste-en-russie-intensifie-son-ministere\\\/\"},\"wordCount\":917,\"articleSection\":[\"Archive\"],\"inLanguage\":\"fr-FR\"},{\"@type\":\"WebPage\",\"@id\":\"https:\\\/\\\/interamerica.org\\\/fr\\\/2010\\\/11\\\/le-centreaudiovisuel-adventiste-en-russie-intensifie-son-ministere\\\/\",\"url\":\"https:\\\/\\\/interamerica.org\\\/fr\\\/2010\\\/11\\\/le-centreaudiovisuel-adventiste-en-russie-intensifie-son-ministere\\\/\",\"name\":\"Le centreaudiovisuel Adventiste en Russie intensifie son minist\u00e8re - \u00c9glise Adventiste Du Septieme Jour - Inter Am\u00e9rique Division\",\"isPartOf\":{\"@id\":\"https:\\\/\\\/interamerica.org\\\/fr\\\/#website\"},\"datePublished\":\"2010-11-16T04:00:00+00:00\",\"dateModified\":\"2017-06-02T17:02:52+00:00\",\"author\":{\"@id\":\"https:\\\/\\\/interamerica.org\\\/fr\\\/#\\\/schema\\\/person\\\/68ede8bdc292885bb76c1e3810e73c39\"},\"breadcrumb\":{\"@id\":\"https:\\\/\\\/interamerica.org\\\/fr\\\/2010\\\/11\\\/le-centreaudiovisuel-adventiste-en-russie-intensifie-son-ministere\\\/#breadcrumb\"},\"inLanguage\":\"fr-FR\",\"potentialAction\":[{\"@type\":\"ReadAction\",\"target\":[\"https:\\\/\\\/interamerica.org\\\/fr\\\/2010\\\/11\\\/le-centreaudiovisuel-adventiste-en-russie-intensifie-son-ministere\\\/\"]}]},{\"@type\":\"BreadcrumbList\",\"@id\":\"https:\\\/\\\/interamerica.org\\\/fr\\\/2010\\\/11\\\/le-centreaudiovisuel-adventiste-en-russie-intensifie-son-ministere\\\/#breadcrumb\",\"itemListElement\":[{\"@type\":\"ListItem\",\"position\":1,\"name\":\"Home\",\"item\":\"https:\\\/\\\/interamerica.org\\\/fr\\\/\"},{\"@type\":\"ListItem\",\"position\":2,\"name\":\"Le centreaudiovisuel Adventiste en Russie intensifie son minist\u00e8re\"}]},{\"@type\":\"WebSite\",\"@id\":\"https:\\\/\\\/interamerica.org\\\/fr\\\/#website\",\"url\":\"https:\\\/\\\/interamerica.org\\\/fr\\\/\",\"name\":\"\u00c9glise Adventiste Du Septieme Jour - Inter Am\u00e9rique Division\",\"description\":\"\",\"potentialAction\":[{\"@type\":\"SearchAction\",\"target\":{\"@type\":\"EntryPoint\",\"urlTemplate\":\"https:\\\/\\\/interamerica.org\\\/fr\\\/?s={search_term_string}\"},\"query-input\":{\"@type\":\"PropertyValueSpecification\",\"valueRequired\":true,\"valueName\":\"search_term_string\"}}],\"inLanguage\":\"fr-FR\"},{\"@type\":\"Person\",\"@id\":\"https:\\\/\\\/interamerica.org\\\/fr\\\/#\\\/schema\\\/person\\\/68ede8bdc292885bb76c1e3810e73c39\",\"name\":\"Lorenzo Verduzco\",\"image\":{\"@type\":\"ImageObject\",\"inLanguage\":\"fr-FR\",\"@id\":\"https:\\\/\\\/secure.gravatar.com\\\/avatar\\\/fb81a55b6218459490a9c1dc841a34909185b81904c5337b4b27f7a6fd60c49e?s=96&d=mm&r=g\",\"url\":\"https:\\\/\\\/secure.gravatar.com\\\/avatar\\\/fb81a55b6218459490a9c1dc841a34909185b81904c5337b4b27f7a6fd60c49e?s=96&d=mm&r=g\",\"contentUrl\":\"https:\\\/\\\/secure.gravatar.com\\\/avatar\\\/fb81a55b6218459490a9c1dc841a34909185b81904c5337b4b27f7a6fd60c49e?s=96&d=mm&r=g\",\"caption\":\"Lorenzo Verduzco\"}}]}<\/script>\n<!-- \/ Yoast SEO plugin. -->","yoast_head_json":{"title":"Le centreaudiovisuel Adventiste en Russie intensifie son minist\u00e8re - \u00c9glise Adventiste Du Septieme Jour - Inter Am\u00e9rique Division","robots":{"index":"index","follow":"follow","max-snippet":"max-snippet:-1","max-image-preview":"max-image-preview:large","max-video-preview":"max-video-preview:-1"},"canonical":"https:\/\/interamerica.org\/fr\/2010\/11\/le-centreaudiovisuel-adventiste-en-russie-intensifie-son-ministere\/","og_locale":"fr_FR","og_type":"article","og_title":"Le centreaudiovisuel Adventiste en Russie intensifie son minist\u00e8re - \u00c9glise Adventiste Du Septieme Jour - Inter Am\u00e9rique Division","og_description":"L\u00e0 o\u00f9 \u00e0 l&#39;\u00e9poqueSovi\u00e9tique, la propagande communiste envahissait les maisons par le biais dehaut-parleurs install\u00e9s que lesr\u00e9sidents n&#39;avaient pas l&#39;autorisation d&#39;\u00e9teindre,","og_url":"https:\/\/interamerica.org\/fr\/2010\/11\/le-centreaudiovisuel-adventiste-en-russie-intensifie-son-ministere\/","og_site_name":"\u00c9glise Adventiste Du Septieme Jour - Inter Am\u00e9rique Division","article_published_time":"2010-11-16T04:00:00+00:00","article_modified_time":"2017-06-02T17:02:52+00:00","author":"Lorenzo Verduzco","twitter_card":"summary_large_image","twitter_misc":{"\u00c9crit par":"Lorenzo Verduzco","Dur\u00e9e de lecture estim\u00e9e":"5 minutes"},"schema":{"@context":"https:\/\/schema.org","@graph":[{"@type":"Article","@id":"https:\/\/interamerica.org\/fr\/2010\/11\/le-centreaudiovisuel-adventiste-en-russie-intensifie-son-ministere\/#article","isPartOf":{"@id":"https:\/\/interamerica.org\/fr\/2010\/11\/le-centreaudiovisuel-adventiste-en-russie-intensifie-son-ministere\/"},"author":{"name":"Lorenzo Verduzco","@id":"https:\/\/interamerica.org\/fr\/#\/schema\/person\/68ede8bdc292885bb76c1e3810e73c39"},"headline":"Le centreaudiovisuel Adventiste en Russie intensifie son minist\u00e8re","datePublished":"2010-11-16T04:00:00+00:00","dateModified":"2017-06-02T17:02:52+00:00","mainEntityOfPage":{"@id":"https:\/\/interamerica.org\/fr\/2010\/11\/le-centreaudiovisuel-adventiste-en-russie-intensifie-son-ministere\/"},"wordCount":917,"articleSection":["Archive"],"inLanguage":"fr-FR"},{"@type":"WebPage","@id":"https:\/\/interamerica.org\/fr\/2010\/11\/le-centreaudiovisuel-adventiste-en-russie-intensifie-son-ministere\/","url":"https:\/\/interamerica.org\/fr\/2010\/11\/le-centreaudiovisuel-adventiste-en-russie-intensifie-son-ministere\/","name":"Le centreaudiovisuel Adventiste en Russie intensifie son minist\u00e8re - \u00c9glise Adventiste Du Septieme Jour - Inter Am\u00e9rique Division","isPartOf":{"@id":"https:\/\/interamerica.org\/fr\/#website"},"datePublished":"2010-11-16T04:00:00+00:00","dateModified":"2017-06-02T17:02:52+00:00","author":{"@id":"https:\/\/interamerica.org\/fr\/#\/schema\/person\/68ede8bdc292885bb76c1e3810e73c39"},"breadcrumb":{"@id":"https:\/\/interamerica.org\/fr\/2010\/11\/le-centreaudiovisuel-adventiste-en-russie-intensifie-son-ministere\/#breadcrumb"},"inLanguage":"fr-FR","potentialAction":[{"@type":"ReadAction","target":["https:\/\/interamerica.org\/fr\/2010\/11\/le-centreaudiovisuel-adventiste-en-russie-intensifie-son-ministere\/"]}]},{"@type":"BreadcrumbList","@id":"https:\/\/interamerica.org\/fr\/2010\/11\/le-centreaudiovisuel-adventiste-en-russie-intensifie-son-ministere\/#breadcrumb","itemListElement":[{"@type":"ListItem","position":1,"name":"Home","item":"https:\/\/interamerica.org\/fr\/"},{"@type":"ListItem","position":2,"name":"Le centreaudiovisuel Adventiste en Russie intensifie son minist\u00e8re"}]},{"@type":"WebSite","@id":"https:\/\/interamerica.org\/fr\/#website","url":"https:\/\/interamerica.org\/fr\/","name":"\u00c9glise Adventiste Du Septieme Jour - Inter Am\u00e9rique Division","description":"","potentialAction":[{"@type":"SearchAction","target":{"@type":"EntryPoint","urlTemplate":"https:\/\/interamerica.org\/fr\/?s={search_term_string}"},"query-input":{"@type":"PropertyValueSpecification","valueRequired":true,"valueName":"search_term_string"}}],"inLanguage":"fr-FR"},{"@type":"Person","@id":"https:\/\/interamerica.org\/fr\/#\/schema\/person\/68ede8bdc292885bb76c1e3810e73c39","name":"Lorenzo Verduzco","image":{"@type":"ImageObject","inLanguage":"fr-FR","@id":"https:\/\/secure.gravatar.com\/avatar\/fb81a55b6218459490a9c1dc841a34909185b81904c5337b4b27f7a6fd60c49e?s=96&d=mm&r=g","url":"https:\/\/secure.gravatar.com\/avatar\/fb81a55b6218459490a9c1dc841a34909185b81904c5337b4b27f7a6fd60c49e?s=96&d=mm&r=g","contentUrl":"https:\/\/secure.gravatar.com\/avatar\/fb81a55b6218459490a9c1dc841a34909185b81904c5337b4b27f7a6fd60c49e?s=96&d=mm&r=g","caption":"Lorenzo Verduzco"}}]}},"_links":{"self":[{"href":"https:\/\/interamerica.org\/fr\/wp-json\/wp\/v2\/posts\/13475","targetHints":{"allow":["GET"]}}],"collection":[{"href":"https:\/\/interamerica.org\/fr\/wp-json\/wp\/v2\/posts"}],"about":[{"href":"https:\/\/interamerica.org\/fr\/wp-json\/wp\/v2\/types\/post"}],"author":[{"embeddable":true,"href":"https:\/\/interamerica.org\/fr\/wp-json\/wp\/v2\/users\/1"}],"replies":[{"embeddable":true,"href":"https:\/\/interamerica.org\/fr\/wp-json\/wp\/v2\/comments?post=13475"}],"version-history":[{"count":0,"href":"https:\/\/interamerica.org\/fr\/wp-json\/wp\/v2\/posts\/13475\/revisions"}],"wp:attachment":[{"href":"https:\/\/interamerica.org\/fr\/wp-json\/wp\/v2\/media?parent=13475"}],"wp:term":[{"taxonomy":"category","embeddable":true,"href":"https:\/\/interamerica.org\/fr\/wp-json\/wp\/v2\/categories?post=13475"},{"taxonomy":"post_tag","embeddable":true,"href":"https:\/\/interamerica.org\/fr\/wp-json\/wp\/v2\/tags?post=13475"}],"curies":[{"name":"wp","href":"https:\/\/api.w.org\/{rel}","templated":true}]}}