{"id":13476,"date":"2010-11-18T00:00:00","date_gmt":"2010-11-18T04:00:00","guid":{"rendered":"http:\/\/192.81.217.108\/interamerica\/2010\/11\/haiti-legliseconfirme-le-deces-de-sept-membres-a-cause-du-cholera\/"},"modified":"2017-06-02T13:02:51","modified_gmt":"2017-06-02T17:02:51","slug":"haiti-legliseconfirme-le-deces-de-sept-membres-a-cause-du-cholera","status":"publish","type":"post","link":"https:\/\/interamerica.org\/fr\/2010\/11\/haiti-legliseconfirme-le-deces-de-sept-membres-a-cause-du-cholera\/","title":{"rendered":"Ha\u00efti: L&#39;Egliseconfirme le d\u00e9c\u00e8s de sept membres \u00e0 cause du chol\u00e9ra"},"content":{"rendered":"<p><em >18 Novembre 2010<\/em > &#8211; Port-au-Prince, Ha\u00efti&#8230;Libna Stevens\/DIA<\/p>\n<p>Les leadersAdventistes ont confirm\u00e9 cettesemaine que sept de ses membres d&#39;\u00e9glise sont morts du chol\u00e9ra depuis l&#39;apparition de la maladie en Ha\u00eftiil y a trois semaines. Avec le nombre de victimes augmentant chaque jour ausein de la population, les dirigeants de l&#39;\u00e9glise craignent que davantage d&#39;Adventistesne succombent \u00e0 l&#39;\u00e9pid\u00e9mie.<\/p>\n<p>Jusqu&#39;ici, plusde 1100 personnes ont trouv\u00e9 la mort et des milliers de cas ont \u00e9t\u00e9 d\u00e9nombr\u00e9s dans le pays.<\/p>\n<p>\u00ab C&#39;estvraiment terrible pour nous de confronter cela maintenant, \u00bb a d\u00e9clar\u00e9 pasteur Theart Mathias St Pierre, pr\u00e9sidentde l&#39;\u00e9glise Adventiste en Ha\u00efti. \u00ab Nous pleurons maintenant ceux qui sontmorts \u00e0 cause de cette maladie, et nous invitons nos membres et les gens de la communaut\u00e9\u00e0 prendre des pr\u00e9cautions au niveau sanitaire. \u00bb Les sept victimesAdventistes \u00e9taient originaires de Gros Morne, Terre Sonneall, Nicole at laBranle et de communaut\u00e9s du Nord-ouest d&#39;Ha\u00efti, selon pasteur St Pierre.<\/p>\n<p>Le chol\u00e9ra est une infection de l&#39;intestin gr\u00ealecause par la bact\u00e9rie <em >vibrio cholerae<\/em >.Les sympt\u00f4mes incluent une diarrh\u00e9e importante et des vomissements qui peuventconduire rapidement \u00e0 une d\u00e9shydratation. Le chol\u00e9ra est transmis essentiellement par laconsommation d&#39;eau ou de nourriture contamin\u00e9e.<\/p>\n<p>Pasteur St Pierrea d\u00e9clar\u00e9 qu&#39;apr\u00e8s l&#39;identification des premiers cas de chol\u00e9ra le mois dernier, les dirigeants de l&#39;\u00e9gliseainsi que les pasteurs ont entrepris une campagne de pr\u00e9vention \u00e0 travers leurs congr\u00e9gations, distribuantdes prospectus pr\u00e9sentant les dangers de l&#39;\u00e9pid\u00e9mie de chol\u00e9ra et indiquant les mesures de pr\u00e9cautionsanitaire qu&#39;il convient de prendre pour \u00e9viter l&#39;infection.<\/p>\n<p>Peu apr\u00e8s, l&#39;\u00e9glisea fait \u00e9quipe avec l&#39;Agence Adventiste de D\u00e9veloppement et de Secours (ADRA) enHa\u00efti pour offrir un service de purification d&#39;eau dans les communaut\u00e9s densesdans les faubourgs du nord-ouest de Port-au-Prince, ont indiqu\u00e9 les dirigeants de l&#39;\u00e9glise.<\/p>\n<p>\u00ab Nous noussommes embarqu\u00e9s dansun projet ADRA-Ha\u00efti de 30 jours afin de faire parvenir des unit\u00e9s mobiles depurification d&#39;eau aux r\u00e9gions ravag\u00e9es par le chol\u00e9ra, \u00bb a d\u00e9clar\u00e9 Fritz Bissereth, directeurd&#39;ADRA Ha\u00efti. Les unit\u00e9s depurification sont transport\u00e9es chaque jour sur des motos par des membres d&#39;\u00e9glisevolontaires. Les machines produisent environ 240 litres d&#39;eau potable par jour.<\/p>\n<p>D&#39;apr\u00e8s FritzBissereth, ADRA Ha\u00efti teste la qualit\u00e9 de l&#39;eau r\u00e9guli\u00e8rement \u00e0 l&#39;Universit\u00e9Adventiste \u00e0 Carrefour et distribue des aquatabs (pilules de purification d&#39;eau).Quelques 500 familles d\u00e9plac\u00e9es sont encore install\u00e9es sur le campus de l&#39;universit\u00e9suite au s\u00e9isme d\u00e9vastateur qui a eu lieu en janvier.<\/p>\n<p>Lesadministrateurs de l&#39;H\u00f4pital Adventiste d&#39;Ha\u00efti \u00e0 Carrefour ont indiqu\u00e9 avoir trait\u00e9 22 patients atteints de chol\u00e9ra.<\/p>\n<p>\u00ab Certainsdes patients que nous avons trait\u00e9 ont \u00e9t\u00e9 par la suite envoy\u00e9s vers le centre de traitement du chol\u00e9ra \u00e0 Carrefour et la situation de nos patients les plus r\u00e9cemment affect\u00e9s a \u00e9t\u00e9 stabilis\u00e9e par notre personnel m\u00e9dical, \u00bba indiqu\u00e9 DrSimeon Yolande, directeur m\u00e9dical pour l&#39;H\u00f4pital Adventiste d&#39;Ha\u00efti.<\/p>\n<p>Entre temps, lesdirigeants de l&#39;\u00e9glise continuent de r\u00e9pandre l&#39;information concernant l&#39;\u00e9pid\u00e9miede chol\u00e9raalors que les gens cherchent toujours refuge sur les terres de l&#39;\u00e9glise.<\/p>\n<p>\u00ab Noussollicitons vos pri\u00e8res pour notre peuple en Ha\u00efti, afin que Dieu nous prot\u00e8ge \u00e0 travers cette \u00e9pid\u00e9mie, \u00bb a d\u00e9clar\u00e9pasteur St Pierre.<\/p>\n<\/p>\n<p><em >Traducteur: Patrick Luciathe<\/em ><br  \/><\/p>\n","protected":false},"excerpt":{"rendered":"<p>Les leadersAdventistes ont confirm\u00e9 cettesemaine que sept de ses membres d&#39;\u00e9glise sont morts du chol\u00e9ra depuis l&#39;apparition de la maladie en Ha\u00eftiil y a trois semaines. Avec le nombre de victimes augmentant chaq<\/p>\n","protected":false},"author":1,"featured_media":0,"comment_status":"closed","ping_status":"closed","sticky":false,"template":"","format":"standard","meta":{"_acf_changed":false,"footnotes":""},"categories":[9],"tags":[],"class_list":["post-13476","post","type-post","status-publish","format-standard","hentry","category-archive-fr"],"acf":[],"yoast_head":"<!-- This site is optimized with the Yoast SEO plugin v27.3 - https:\/\/yoast.com\/product\/yoast-seo-wordpress\/ -->\n<title>Ha\u00efti: L&#039;Egliseconfirme le d\u00e9c\u00e8s de sept membres \u00e0 cause du chol\u00e9ra - \u00c9glise Adventiste Du Septieme Jour - Inter Am\u00e9rique Division<\/title>\n<meta name=\"robots\" content=\"index, follow, max-snippet:-1, max-image-preview:large, max-video-preview:-1\" \/>\n<link rel=\"canonical\" href=\"https:\/\/interamerica.org\/fr\/2010\/11\/haiti-legliseconfirme-le-deces-de-sept-membres-a-cause-du-cholera\/\" \/>\n<meta property=\"og:locale\" content=\"fr_FR\" \/>\n<meta property=\"og:type\" content=\"article\" \/>\n<meta property=\"og:title\" content=\"Ha\u00efti: L&#039;Egliseconfirme le d\u00e9c\u00e8s de sept membres \u00e0 cause du chol\u00e9ra - \u00c9glise Adventiste Du Septieme Jour - Inter Am\u00e9rique Division\" \/>\n<meta property=\"og:description\" content=\"Les leadersAdventistes ont confirm\u00e9 cettesemaine que sept de ses membres d&#039;\u00e9glise sont morts du chol\u00e9ra depuis l&#039;apparition de la maladie en Ha\u00eftiil y a trois semaines. Avec le nombre de victimes augmentant chaq\" \/>\n<meta property=\"og:url\" content=\"https:\/\/interamerica.org\/fr\/2010\/11\/haiti-legliseconfirme-le-deces-de-sept-membres-a-cause-du-cholera\/\" \/>\n<meta property=\"og:site_name\" content=\"\u00c9glise Adventiste Du Septieme Jour - Inter Am\u00e9rique Division\" \/>\n<meta property=\"article:published_time\" content=\"2010-11-18T04:00:00+00:00\" \/>\n<meta property=\"article:modified_time\" content=\"2017-06-02T17:02:51+00:00\" \/>\n<meta name=\"author\" content=\"Lorenzo Verduzco\" \/>\n<meta name=\"twitter:card\" content=\"summary_large_image\" \/>\n<meta name=\"twitter:label1\" content=\"\u00c9crit par\" \/>\n\t<meta name=\"twitter:data1\" content=\"Lorenzo Verduzco\" \/>\n\t<meta name=\"twitter:label2\" content=\"Dur\u00e9e de lecture estim\u00e9e\" \/>\n\t<meta name=\"twitter:data2\" content=\"3 minutes\" \/>\n<script type=\"application\/ld+json\" class=\"yoast-schema-graph\">{\"@context\":\"https:\\\/\\\/schema.org\",\"@graph\":[{\"@type\":\"Article\",\"@id\":\"https:\\\/\\\/interamerica.org\\\/fr\\\/2010\\\/11\\\/haiti-legliseconfirme-le-deces-de-sept-membres-a-cause-du-cholera\\\/#article\",\"isPartOf\":{\"@id\":\"https:\\\/\\\/interamerica.org\\\/fr\\\/2010\\\/11\\\/haiti-legliseconfirme-le-deces-de-sept-membres-a-cause-du-cholera\\\/\"},\"author\":{\"name\":\"Lorenzo Verduzco\",\"@id\":\"https:\\\/\\\/interamerica.org\\\/fr\\\/#\\\/schema\\\/person\\\/68ede8bdc292885bb76c1e3810e73c39\"},\"headline\":\"Ha\u00efti: L&#39;Egliseconfirme le d\u00e9c\u00e8s de sept membres \u00e0 cause du chol\u00e9ra\",\"datePublished\":\"2010-11-18T04:00:00+00:00\",\"dateModified\":\"2017-06-02T17:02:51+00:00\",\"mainEntityOfPage\":{\"@id\":\"https:\\\/\\\/interamerica.org\\\/fr\\\/2010\\\/11\\\/haiti-legliseconfirme-le-deces-de-sept-membres-a-cause-du-cholera\\\/\"},\"wordCount\":599,\"articleSection\":[\"Archive\"],\"inLanguage\":\"fr-FR\"},{\"@type\":\"WebPage\",\"@id\":\"https:\\\/\\\/interamerica.org\\\/fr\\\/2010\\\/11\\\/haiti-legliseconfirme-le-deces-de-sept-membres-a-cause-du-cholera\\\/\",\"url\":\"https:\\\/\\\/interamerica.org\\\/fr\\\/2010\\\/11\\\/haiti-legliseconfirme-le-deces-de-sept-membres-a-cause-du-cholera\\\/\",\"name\":\"Ha\u00efti: L&#39;Egliseconfirme le d\u00e9c\u00e8s de sept membres \u00e0 cause du chol\u00e9ra - \u00c9glise Adventiste Du Septieme Jour - Inter Am\u00e9rique Division\",\"isPartOf\":{\"@id\":\"https:\\\/\\\/interamerica.org\\\/fr\\\/#website\"},\"datePublished\":\"2010-11-18T04:00:00+00:00\",\"dateModified\":\"2017-06-02T17:02:51+00:00\",\"author\":{\"@id\":\"https:\\\/\\\/interamerica.org\\\/fr\\\/#\\\/schema\\\/person\\\/68ede8bdc292885bb76c1e3810e73c39\"},\"breadcrumb\":{\"@id\":\"https:\\\/\\\/interamerica.org\\\/fr\\\/2010\\\/11\\\/haiti-legliseconfirme-le-deces-de-sept-membres-a-cause-du-cholera\\\/#breadcrumb\"},\"inLanguage\":\"fr-FR\",\"potentialAction\":[{\"@type\":\"ReadAction\",\"target\":[\"https:\\\/\\\/interamerica.org\\\/fr\\\/2010\\\/11\\\/haiti-legliseconfirme-le-deces-de-sept-membres-a-cause-du-cholera\\\/\"]}]},{\"@type\":\"BreadcrumbList\",\"@id\":\"https:\\\/\\\/interamerica.org\\\/fr\\\/2010\\\/11\\\/haiti-legliseconfirme-le-deces-de-sept-membres-a-cause-du-cholera\\\/#breadcrumb\",\"itemListElement\":[{\"@type\":\"ListItem\",\"position\":1,\"name\":\"Home\",\"item\":\"https:\\\/\\\/interamerica.org\\\/fr\\\/\"},{\"@type\":\"ListItem\",\"position\":2,\"name\":\"Ha\u00efti: L&#39;Egliseconfirme le d\u00e9c\u00e8s de sept membres \u00e0 cause du chol\u00e9ra\"}]},{\"@type\":\"WebSite\",\"@id\":\"https:\\\/\\\/interamerica.org\\\/fr\\\/#website\",\"url\":\"https:\\\/\\\/interamerica.org\\\/fr\\\/\",\"name\":\"\u00c9glise Adventiste Du Septieme Jour - Inter Am\u00e9rique Division\",\"description\":\"\",\"potentialAction\":[{\"@type\":\"SearchAction\",\"target\":{\"@type\":\"EntryPoint\",\"urlTemplate\":\"https:\\\/\\\/interamerica.org\\\/fr\\\/?s={search_term_string}\"},\"query-input\":{\"@type\":\"PropertyValueSpecification\",\"valueRequired\":true,\"valueName\":\"search_term_string\"}}],\"inLanguage\":\"fr-FR\"},{\"@type\":\"Person\",\"@id\":\"https:\\\/\\\/interamerica.org\\\/fr\\\/#\\\/schema\\\/person\\\/68ede8bdc292885bb76c1e3810e73c39\",\"name\":\"Lorenzo Verduzco\",\"image\":{\"@type\":\"ImageObject\",\"inLanguage\":\"fr-FR\",\"@id\":\"https:\\\/\\\/secure.gravatar.com\\\/avatar\\\/fb81a55b6218459490a9c1dc841a34909185b81904c5337b4b27f7a6fd60c49e?s=96&d=mm&r=g\",\"url\":\"https:\\\/\\\/secure.gravatar.com\\\/avatar\\\/fb81a55b6218459490a9c1dc841a34909185b81904c5337b4b27f7a6fd60c49e?s=96&d=mm&r=g\",\"contentUrl\":\"https:\\\/\\\/secure.gravatar.com\\\/avatar\\\/fb81a55b6218459490a9c1dc841a34909185b81904c5337b4b27f7a6fd60c49e?s=96&d=mm&r=g\",\"caption\":\"Lorenzo Verduzco\"}}]}<\/script>\n<!-- \/ Yoast SEO plugin. -->","yoast_head_json":{"title":"Ha\u00efti: L&#39;Egliseconfirme le d\u00e9c\u00e8s de sept membres \u00e0 cause du chol\u00e9ra - \u00c9glise Adventiste Du Septieme Jour - Inter Am\u00e9rique Division","robots":{"index":"index","follow":"follow","max-snippet":"max-snippet:-1","max-image-preview":"max-image-preview:large","max-video-preview":"max-video-preview:-1"},"canonical":"https:\/\/interamerica.org\/fr\/2010\/11\/haiti-legliseconfirme-le-deces-de-sept-membres-a-cause-du-cholera\/","og_locale":"fr_FR","og_type":"article","og_title":"Ha\u00efti: L&#39;Egliseconfirme le d\u00e9c\u00e8s de sept membres \u00e0 cause du chol\u00e9ra - \u00c9glise Adventiste Du Septieme Jour - Inter Am\u00e9rique Division","og_description":"Les leadersAdventistes ont confirm\u00e9 cettesemaine que sept de ses membres d&#39;\u00e9glise sont morts du chol\u00e9ra depuis l&#39;apparition de la maladie en Ha\u00eftiil y a trois semaines. Avec le nombre de victimes augmentant chaq","og_url":"https:\/\/interamerica.org\/fr\/2010\/11\/haiti-legliseconfirme-le-deces-de-sept-membres-a-cause-du-cholera\/","og_site_name":"\u00c9glise Adventiste Du Septieme Jour - Inter Am\u00e9rique Division","article_published_time":"2010-11-18T04:00:00+00:00","article_modified_time":"2017-06-02T17:02:51+00:00","author":"Lorenzo Verduzco","twitter_card":"summary_large_image","twitter_misc":{"\u00c9crit par":"Lorenzo Verduzco","Dur\u00e9e de lecture estim\u00e9e":"3 minutes"},"schema":{"@context":"https:\/\/schema.org","@graph":[{"@type":"Article","@id":"https:\/\/interamerica.org\/fr\/2010\/11\/haiti-legliseconfirme-le-deces-de-sept-membres-a-cause-du-cholera\/#article","isPartOf":{"@id":"https:\/\/interamerica.org\/fr\/2010\/11\/haiti-legliseconfirme-le-deces-de-sept-membres-a-cause-du-cholera\/"},"author":{"name":"Lorenzo Verduzco","@id":"https:\/\/interamerica.org\/fr\/#\/schema\/person\/68ede8bdc292885bb76c1e3810e73c39"},"headline":"Ha\u00efti: L&#39;Egliseconfirme le d\u00e9c\u00e8s de sept membres \u00e0 cause du chol\u00e9ra","datePublished":"2010-11-18T04:00:00+00:00","dateModified":"2017-06-02T17:02:51+00:00","mainEntityOfPage":{"@id":"https:\/\/interamerica.org\/fr\/2010\/11\/haiti-legliseconfirme-le-deces-de-sept-membres-a-cause-du-cholera\/"},"wordCount":599,"articleSection":["Archive"],"inLanguage":"fr-FR"},{"@type":"WebPage","@id":"https:\/\/interamerica.org\/fr\/2010\/11\/haiti-legliseconfirme-le-deces-de-sept-membres-a-cause-du-cholera\/","url":"https:\/\/interamerica.org\/fr\/2010\/11\/haiti-legliseconfirme-le-deces-de-sept-membres-a-cause-du-cholera\/","name":"Ha\u00efti: L&#39;Egliseconfirme le d\u00e9c\u00e8s de sept membres \u00e0 cause du chol\u00e9ra - \u00c9glise Adventiste Du Septieme Jour - Inter Am\u00e9rique Division","isPartOf":{"@id":"https:\/\/interamerica.org\/fr\/#website"},"datePublished":"2010-11-18T04:00:00+00:00","dateModified":"2017-06-02T17:02:51+00:00","author":{"@id":"https:\/\/interamerica.org\/fr\/#\/schema\/person\/68ede8bdc292885bb76c1e3810e73c39"},"breadcrumb":{"@id":"https:\/\/interamerica.org\/fr\/2010\/11\/haiti-legliseconfirme-le-deces-de-sept-membres-a-cause-du-cholera\/#breadcrumb"},"inLanguage":"fr-FR","potentialAction":[{"@type":"ReadAction","target":["https:\/\/interamerica.org\/fr\/2010\/11\/haiti-legliseconfirme-le-deces-de-sept-membres-a-cause-du-cholera\/"]}]},{"@type":"BreadcrumbList","@id":"https:\/\/interamerica.org\/fr\/2010\/11\/haiti-legliseconfirme-le-deces-de-sept-membres-a-cause-du-cholera\/#breadcrumb","itemListElement":[{"@type":"ListItem","position":1,"name":"Home","item":"https:\/\/interamerica.org\/fr\/"},{"@type":"ListItem","position":2,"name":"Ha\u00efti: L&#39;Egliseconfirme le d\u00e9c\u00e8s de sept membres \u00e0 cause du chol\u00e9ra"}]},{"@type":"WebSite","@id":"https:\/\/interamerica.org\/fr\/#website","url":"https:\/\/interamerica.org\/fr\/","name":"\u00c9glise Adventiste Du Septieme Jour - Inter Am\u00e9rique Division","description":"","potentialAction":[{"@type":"SearchAction","target":{"@type":"EntryPoint","urlTemplate":"https:\/\/interamerica.org\/fr\/?s={search_term_string}"},"query-input":{"@type":"PropertyValueSpecification","valueRequired":true,"valueName":"search_term_string"}}],"inLanguage":"fr-FR"},{"@type":"Person","@id":"https:\/\/interamerica.org\/fr\/#\/schema\/person\/68ede8bdc292885bb76c1e3810e73c39","name":"Lorenzo Verduzco","image":{"@type":"ImageObject","inLanguage":"fr-FR","@id":"https:\/\/secure.gravatar.com\/avatar\/fb81a55b6218459490a9c1dc841a34909185b81904c5337b4b27f7a6fd60c49e?s=96&d=mm&r=g","url":"https:\/\/secure.gravatar.com\/avatar\/fb81a55b6218459490a9c1dc841a34909185b81904c5337b4b27f7a6fd60c49e?s=96&d=mm&r=g","contentUrl":"https:\/\/secure.gravatar.com\/avatar\/fb81a55b6218459490a9c1dc841a34909185b81904c5337b4b27f7a6fd60c49e?s=96&d=mm&r=g","caption":"Lorenzo Verduzco"}}]}},"_links":{"self":[{"href":"https:\/\/interamerica.org\/fr\/wp-json\/wp\/v2\/posts\/13476","targetHints":{"allow":["GET"]}}],"collection":[{"href":"https:\/\/interamerica.org\/fr\/wp-json\/wp\/v2\/posts"}],"about":[{"href":"https:\/\/interamerica.org\/fr\/wp-json\/wp\/v2\/types\/post"}],"author":[{"embeddable":true,"href":"https:\/\/interamerica.org\/fr\/wp-json\/wp\/v2\/users\/1"}],"replies":[{"embeddable":true,"href":"https:\/\/interamerica.org\/fr\/wp-json\/wp\/v2\/comments?post=13476"}],"version-history":[{"count":0,"href":"https:\/\/interamerica.org\/fr\/wp-json\/wp\/v2\/posts\/13476\/revisions"}],"wp:attachment":[{"href":"https:\/\/interamerica.org\/fr\/wp-json\/wp\/v2\/media?parent=13476"}],"wp:term":[{"taxonomy":"category","embeddable":true,"href":"https:\/\/interamerica.org\/fr\/wp-json\/wp\/v2\/categories?post=13476"},{"taxonomy":"post_tag","embeddable":true,"href":"https:\/\/interamerica.org\/fr\/wp-json\/wp\/v2\/tags?post=13476"}],"curies":[{"name":"wp","href":"https:\/\/api.w.org\/{rel}","templated":true}]}}