{"id":13477,"date":"2010-11-23T00:00:00","date_gmt":"2010-11-23T04:00:00","guid":{"rendered":"http:\/\/192.81.217.108\/interamerica\/2010\/11\/en-eurasie-ladirection-de-leglise-adventiste-renoue-le-contact-avec-les-membres-absents\/"},"modified":"2017-06-02T13:02:50","modified_gmt":"2017-06-02T17:02:50","slug":"en-eurasie-ladirection-de-leglise-adventiste-renoue-le-contact-avec-les-membres-absents","status":"publish","type":"post","link":"https:\/\/interamerica.org\/fr\/2010\/11\/en-eurasie-ladirection-de-leglise-adventiste-renoue-le-contact-avec-les-membres-absents\/","title":{"rendered":"En Eurasie, ladirection de l&#39;Eglise Adventiste renoue le contact avec les membres absents"},"content":{"rendered":"<p>23 Novembre 2010,Bucha, Ukraine&#8230;Elizabeth Lechleitner\/ANN<\/p>\n<p>Les responsablesde l&#39;Eglise Adventiste en Russie et en Europe de l&#39;Est lancent une invitationaux membres absents, et dans certains cas, r\u00e9clament m\u00eame publiquement leurpardon &#8211; tout ceci fait partie du plan de la r\u00e9gion pour accueillir \u00e0 nouveau les membres inactifs.<\/p>\n<p>Lanc\u00e9e en 2008, l&#39;op\u00e9rationRetour au Bercail s&#39;intensifie alors que les dirigeants d&#39;\u00e9glise de l&#39;Ukraine \u00e0la Sib\u00e9rie cherchent \u00e0 retrouver et \u00e0 renouer contact avec les membres absentsavant une r\u00e9vision majeure des registres de membres l&#39;ann\u00e9e prochaine.<\/p>\n<p>Au cours des derni\u00e8resann\u00e9es, la r\u00e9gion a effectu\u00e9 des v\u00e9rifications d&#39;effectif de membres de mani\u00e8re isol\u00e9e &#8211; entre 1992 et2010, la direction de l&#39;\u00e9glise a enlev\u00e9 les noms de quelques 130000 membres desregistres. Mais au cours des rencontres r\u00e9gionales administratives de fin d&#39;ann\u00e9ece mois ci, les d\u00e9l\u00e9gu\u00e9s ont vot\u00e9 d&#39;effectuer la premi\u00e8re v\u00e9rification des registres organis\u00e9e \u00e0 l&#39;\u00e9chelle de la r\u00e9gion.<\/p>\n<p>Alors que d&#39;habitudeles mises \u00e0 joursde registres de membres mettent l&#39;accent sur l&#39;enl\u00e8vement des noms de membres d\u00e9c\u00e9d\u00e9sou de ceux qui ont \u00e9migr\u00e9 ou ont \u00e9t\u00e9 transf\u00e9r\u00e9s, cette r\u00e9vision des registresva focaliser sur les membres \u00ab absents, \u00bb parmi lesquels plusieursont accept\u00e9 lafoi Adventiste \u00e0 la suitede l&#39;une des nombreuses campagnes d&#39;\u00e9vang\u00e9lisation publique men\u00e9es dans la r\u00e9gion,mais ont cess\u00e9 de fr\u00e9quenterl&#39;\u00e9glise peu apr\u00e8s.<\/p>\n<p>Alors que lesprogrammes publics continueront de jouer un r\u00f4le majeur dans l&#39;\u00e9vang\u00e9lisationen Eurasie, les dirigeants Adventistes dans la r\u00e9gion invitent \u00e0 pratiquer une \u00e9vang\u00e9lisationresponsable o\u00f9 les nouveauxmembres sont accueillis dans la famille de l&#39;\u00e9glise et deviennent des disciplespr\u00eats \u00e0 servir.<\/p>\n<p>\u00ab L&#39;objectifdes r\u00e9visions de registres de membres n&#39;est pas simplement de mettre \u00e0 jour nosinformations, mais d&#39;\u00e9valuer notre cercle d&#39;int\u00e9r\u00eat et de responsabilit\u00e9, \u00bba dit Guillermo Biaggi, pr\u00e9sident de l&#39;\u00e9glise Adventiste en Eurasie, aux d\u00e9l\u00e9gu\u00e9sr\u00e9unis sur le campus de Bucha College, une institution de l&#39;\u00e9glise.<\/p>\n<p>Le secr\u00e9taire del&#39;\u00e9glise Adventiste mondiale, G.T. Ng, qui a assist\u00e9 aux rencontres, a f\u00e9licit\u00e9 la r\u00e9gion pourson engagement \u00e0 avoir des registres de membres \u00e0 jour, et a invit\u00e9 les dirigeants locaux \u00e0 ne pas \u00e9viter la t\u00e2che parce qu&#39;ils craindraient que leur r\u00e9putationou repr\u00e9sentation ne soient mise en jeu.<\/p>\n<p>\u00ab On ne perdpas la face quand on est honn\u00eate, \u00bb a dit Ng. \u00ab Nous sommescertainement fiers de notre travail, mais notre fiert\u00e9 devrait \u00eatre bas\u00e9e enfait sur quelque chose de plus solide que ce que nous avons enregistr\u00e9 dans leslivres. \u00bb<\/p>\n<p>G.T. Ng qui jusqu&#39;\u00e02006 a servi de secr\u00e9taire pour la Division Asie Pacifique Sud, a supervis\u00e9 une mise \u00e0 jour des registres dans cette r\u00e9gion, quise rappelle t-il, a \u00e9t\u00e9 douloureuse et minutieuse, menant finalement \u00e0 une perte de 300000 membres. L&#39;\u00e9gliseAdventiste en Am\u00e9rique du Sud a connu des pertes similaires lorsqu&#39;elle aeffectu\u00e9 une r\u00e9visiondes registres peu de temps apr\u00e8s. Bien que cela puisse sembler d\u00e9courageant,recommencer avec des chiffres r\u00e9alistes a finalement conduit \u00e0 une croissance de l&#39;effectif dans cesdeux divisions, a indiqu\u00e9 Ng.<\/p>\n<p>Une r\u00e9vision desregistres de membres peut \u00eatre une mani\u00e8re d&#39;ouvrir les yeux sur la r\u00e9alit\u00e9 \u00e0 la fois pour les dirigeants et aussi pourles membres d&#39;\u00e9glise, qui r\u00e9alisent que leur action ou apathie &#8211; qu&#39;elle soit d\u00e9lib\u00e9r\u00e9eou non &#8211; pourrait avoir \u00e9loign\u00e9 de nouveaux membres, a d\u00e9clar\u00e9 MikhaelKaminskiy, directeur du Bureau de Contr\u00f4le et d&#39;Evaluation de Programmes pour l&#39;\u00e9gliseAdventiste en Eurasie.<\/p>\n<p>Changer l&#39;atmosph\u00e8requi existe au sein de l&#39;\u00e9glise est une priorit\u00e9 essentielle de l&#39;op\u00e9rationRetour au Bercail, a indiqu\u00e9 Kaminskiy. Les membres absents ne reviendront probablement pas au bercails&#39;ils ne se sont jamais sentis chez eux d\u00e8s le d\u00e9part. \u00ab Soyez amical, soyez ouvert, souriez, accueillez lesgens. Ne soyez pas blessant et ne portez pas de jugement, \u00bb a ditKaminskiy qui sert \u00e9galement de vice-pr\u00e9sident de la division.<\/p>\n<p>Vladimir Krupsyi,secr\u00e9taire de l&#39;\u00e9glise Adventiste en Eurasie acquiesce : \u00ab Unchangement doit intervenir au sein de l&#39;\u00e9glise de sorte qu&#39;elle devienneattractive pour la communaut\u00e9, \u00bb a-t-il dit. \u00ab  L&#39;\u00e9glise doit r\u00e9glerses propres probl\u00e8mes avant de pouvoir r\u00e9gler ceux de la communaut\u00e9. \u00bb<\/p>\n<p>Les membresabsents qui se sont sentis marginalis\u00e9s apr\u00e8s leur bapt\u00eame trouveront bient\u00f4t dans leurs boites aux lettres unelettre d&#39;excuse venant de l&#39;ancien pr\u00e9sident de l&#39;\u00e9glise Adventiste dans la r\u00e9gion,Artur Stele. La lettre, qui demande pardon pour les blessures ou la n\u00e9gligencepass\u00e9es inclut aussi une invitation personnelle \u00e0 donner \u00e0 l&#39;\u00e9glise une autre chance.<\/p>\n<p>Plusieurs des congr\u00e9gationsde la r\u00e9gion prient \u00e9galement r\u00e9guli\u00e8rement pour les membres absents enmentionnant leurs noms, elles les visitent et cherchent \u00e0 renouer contact et \u00e9tablirdes relations avec eux. Les pasteurs en Eurasie sont encourag\u00e9s \u00e0 passer au moins 10 minutes au cours duculte du sabbat, favorisant ainsi la prise de conscience au sujet du projetRetour au Bercail, a indiqu\u00e9 Kaminskiy.<\/p>\n<p>R\u00e9cemment, alorsque son pasteur lisait les noms des membres absents pour une pri\u00e8re sp\u00e9ciale,un d\u00e9l\u00e9gu\u00e9 la\u00efc de Moldavie a dit qu&#39;un ancien drogu\u00e9 dont le nom \u00e9tait sur la liste a lev\u00e9 lamain lorsqu&#39;il a entendu son nom et a dit : \u00ab  vous pouvez rayer monnom, je suis de retour \u00e0 lamaison. \u00bb<\/p>\n<p>La direction de l&#39;\u00e9glisedans la r\u00e9gion mettra des ressources- y compris un sermon type sur l&#39;amour Chr\u00e9tien,le pardon et l&#39;acceptation &#8211; \u00e0 disposition de chaque pasteur qui d\u00e9sire se pr\u00e9parerpour l&#39;op\u00e9ration Retour au Bercail, a d\u00e9clar\u00e9 Kaminskiy. \u00ab Ceci devraitfaire partie des services, des cultes et des groupes de croissance. Nous nevoulons pas laisser Retour au Bercail se d\u00e9rouler de mani\u00e8re ind\u00e9pendante. \u00bb<\/p>\n<p>Cependant,certaines \u00e9glises ne sont pas encore engag\u00e9es dans le programme. Kaminskiyadmet que faire en sorte qu&#39;une initiative venant de l&#39;administrationprincipale prendre racine au niveau local demeure un des \u00ab points faibles \u00bbde l&#39;Eglise Adventiste. Il esp\u00e8re que l&#39;emphase mise sur le programme lors desprincipales rencontres administratives de la r\u00e9gion permettra de \u00ab susciterde l&#39;int\u00e9r\u00eat, \u00bb surtout chez les dirigeants au niveau de l&#39;administrationdes f\u00e9d\u00e9rations, la o\u00f9 il ya le plus de contact avec les \u00e9glises locales.<\/p>\n<p>Une fois que lesdirigeants commenceront la v\u00e9rification de l&#39;effectif de membres l&#39;ann\u00e9e prochaine, Retour au Bercail nes&#39;arr\u00eatera pas. Kaminskiy envisage que ces programmes se d\u00e9roulent de mani\u00e8re parall\u00e8le,ind\u00e9finiment.<\/p>\n<p>Il en est de m\u00eamepour Viktor Alekseenko, pr\u00e9sident de l&#39;\u00e9glise Adventiste en Ukraine. \u00ab Nousne voulons pas simplement radier des membres absents et faire un rapprochementau niveau de nos chiffres. Nous voulons les ramener, \u00bb a-t-il dit.<\/p>\n<\/p>\n<p><em >Traducteur: Patrick Luciathe <\/em ><br  \/><\/p>\n","protected":false},"excerpt":{"rendered":"<p>Les responsablesde l&#39;Eglise Adventiste en Russie et en Europe de l&#39;Est lancent une invitationaux membres absents, et dans certains cas, r\u00e9clament m\u00eame publiquement leurpardon &#8211; tout ceci fait partie du plan de la r\u00e9gi<\/p>\n","protected":false},"author":1,"featured_media":0,"comment_status":"closed","ping_status":"closed","sticky":false,"template":"","format":"standard","meta":{"_acf_changed":false,"footnotes":""},"categories":[9],"tags":[],"class_list":["post-13477","post","type-post","status-publish","format-standard","hentry","category-archive-fr"],"acf":[],"yoast_head":"<!-- This site is optimized with the Yoast SEO plugin v27.3 - https:\/\/yoast.com\/product\/yoast-seo-wordpress\/ -->\n<title>En Eurasie, ladirection de l&#039;Eglise Adventiste renoue le contact avec les membres absents - \u00c9glise Adventiste Du Septieme Jour - Inter Am\u00e9rique Division<\/title>\n<meta name=\"robots\" content=\"index, follow, max-snippet:-1, max-image-preview:large, max-video-preview:-1\" \/>\n<link rel=\"canonical\" href=\"https:\/\/interamerica.org\/fr\/2010\/11\/en-eurasie-ladirection-de-leglise-adventiste-renoue-le-contact-avec-les-membres-absents\/\" \/>\n<meta property=\"og:locale\" content=\"fr_FR\" \/>\n<meta property=\"og:type\" content=\"article\" \/>\n<meta property=\"og:title\" content=\"En Eurasie, ladirection de l&#039;Eglise Adventiste renoue le contact avec les membres absents - \u00c9glise Adventiste Du Septieme Jour - Inter Am\u00e9rique Division\" \/>\n<meta property=\"og:description\" content=\"Les responsablesde l&#039;Eglise Adventiste en Russie et en Europe de l&#039;Est lancent une invitationaux membres absents, et dans certains cas, r\u00e9clament m\u00eame publiquement leurpardon - tout ceci fait partie du plan de la r\u00e9gi\" \/>\n<meta property=\"og:url\" content=\"https:\/\/interamerica.org\/fr\/2010\/11\/en-eurasie-ladirection-de-leglise-adventiste-renoue-le-contact-avec-les-membres-absents\/\" \/>\n<meta property=\"og:site_name\" content=\"\u00c9glise Adventiste Du Septieme Jour - Inter Am\u00e9rique Division\" \/>\n<meta property=\"article:published_time\" content=\"2010-11-23T04:00:00+00:00\" \/>\n<meta property=\"article:modified_time\" content=\"2017-06-02T17:02:50+00:00\" \/>\n<meta name=\"author\" content=\"Lorenzo Verduzco\" \/>\n<meta name=\"twitter:card\" content=\"summary_large_image\" \/>\n<meta name=\"twitter:label1\" content=\"\u00c9crit par\" \/>\n\t<meta name=\"twitter:data1\" content=\"Lorenzo Verduzco\" \/>\n\t<meta name=\"twitter:label2\" content=\"Dur\u00e9e de lecture estim\u00e9e\" \/>\n\t<meta name=\"twitter:data2\" content=\"6 minutes\" \/>\n<script type=\"application\/ld+json\" class=\"yoast-schema-graph\">{\"@context\":\"https:\\\/\\\/schema.org\",\"@graph\":[{\"@type\":\"Article\",\"@id\":\"https:\\\/\\\/interamerica.org\\\/fr\\\/2010\\\/11\\\/en-eurasie-ladirection-de-leglise-adventiste-renoue-le-contact-avec-les-membres-absents\\\/#article\",\"isPartOf\":{\"@id\":\"https:\\\/\\\/interamerica.org\\\/fr\\\/2010\\\/11\\\/en-eurasie-ladirection-de-leglise-adventiste-renoue-le-contact-avec-les-membres-absents\\\/\"},\"author\":{\"name\":\"Lorenzo Verduzco\",\"@id\":\"https:\\\/\\\/interamerica.org\\\/fr\\\/#\\\/schema\\\/person\\\/68ede8bdc292885bb76c1e3810e73c39\"},\"headline\":\"En Eurasie, ladirection de l&#39;Eglise Adventiste renoue le contact avec les membres absents\",\"datePublished\":\"2010-11-23T04:00:00+00:00\",\"dateModified\":\"2017-06-02T17:02:50+00:00\",\"mainEntityOfPage\":{\"@id\":\"https:\\\/\\\/interamerica.org\\\/fr\\\/2010\\\/11\\\/en-eurasie-ladirection-de-leglise-adventiste-renoue-le-contact-avec-les-membres-absents\\\/\"},\"wordCount\":1174,\"articleSection\":[\"Archive\"],\"inLanguage\":\"fr-FR\"},{\"@type\":\"WebPage\",\"@id\":\"https:\\\/\\\/interamerica.org\\\/fr\\\/2010\\\/11\\\/en-eurasie-ladirection-de-leglise-adventiste-renoue-le-contact-avec-les-membres-absents\\\/\",\"url\":\"https:\\\/\\\/interamerica.org\\\/fr\\\/2010\\\/11\\\/en-eurasie-ladirection-de-leglise-adventiste-renoue-le-contact-avec-les-membres-absents\\\/\",\"name\":\"En Eurasie, ladirection de l&#39;Eglise Adventiste renoue le contact avec les membres absents - \u00c9glise Adventiste Du Septieme Jour - Inter Am\u00e9rique Division\",\"isPartOf\":{\"@id\":\"https:\\\/\\\/interamerica.org\\\/fr\\\/#website\"},\"datePublished\":\"2010-11-23T04:00:00+00:00\",\"dateModified\":\"2017-06-02T17:02:50+00:00\",\"author\":{\"@id\":\"https:\\\/\\\/interamerica.org\\\/fr\\\/#\\\/schema\\\/person\\\/68ede8bdc292885bb76c1e3810e73c39\"},\"breadcrumb\":{\"@id\":\"https:\\\/\\\/interamerica.org\\\/fr\\\/2010\\\/11\\\/en-eurasie-ladirection-de-leglise-adventiste-renoue-le-contact-avec-les-membres-absents\\\/#breadcrumb\"},\"inLanguage\":\"fr-FR\",\"potentialAction\":[{\"@type\":\"ReadAction\",\"target\":[\"https:\\\/\\\/interamerica.org\\\/fr\\\/2010\\\/11\\\/en-eurasie-ladirection-de-leglise-adventiste-renoue-le-contact-avec-les-membres-absents\\\/\"]}]},{\"@type\":\"BreadcrumbList\",\"@id\":\"https:\\\/\\\/interamerica.org\\\/fr\\\/2010\\\/11\\\/en-eurasie-ladirection-de-leglise-adventiste-renoue-le-contact-avec-les-membres-absents\\\/#breadcrumb\",\"itemListElement\":[{\"@type\":\"ListItem\",\"position\":1,\"name\":\"Home\",\"item\":\"https:\\\/\\\/interamerica.org\\\/fr\\\/\"},{\"@type\":\"ListItem\",\"position\":2,\"name\":\"En Eurasie, ladirection de l&#39;Eglise Adventiste renoue le contact avec les membres absents\"}]},{\"@type\":\"WebSite\",\"@id\":\"https:\\\/\\\/interamerica.org\\\/fr\\\/#website\",\"url\":\"https:\\\/\\\/interamerica.org\\\/fr\\\/\",\"name\":\"\u00c9glise Adventiste Du Septieme Jour - Inter Am\u00e9rique Division\",\"description\":\"\",\"potentialAction\":[{\"@type\":\"SearchAction\",\"target\":{\"@type\":\"EntryPoint\",\"urlTemplate\":\"https:\\\/\\\/interamerica.org\\\/fr\\\/?s={search_term_string}\"},\"query-input\":{\"@type\":\"PropertyValueSpecification\",\"valueRequired\":true,\"valueName\":\"search_term_string\"}}],\"inLanguage\":\"fr-FR\"},{\"@type\":\"Person\",\"@id\":\"https:\\\/\\\/interamerica.org\\\/fr\\\/#\\\/schema\\\/person\\\/68ede8bdc292885bb76c1e3810e73c39\",\"name\":\"Lorenzo Verduzco\",\"image\":{\"@type\":\"ImageObject\",\"inLanguage\":\"fr-FR\",\"@id\":\"https:\\\/\\\/secure.gravatar.com\\\/avatar\\\/fb81a55b6218459490a9c1dc841a34909185b81904c5337b4b27f7a6fd60c49e?s=96&d=mm&r=g\",\"url\":\"https:\\\/\\\/secure.gravatar.com\\\/avatar\\\/fb81a55b6218459490a9c1dc841a34909185b81904c5337b4b27f7a6fd60c49e?s=96&d=mm&r=g\",\"contentUrl\":\"https:\\\/\\\/secure.gravatar.com\\\/avatar\\\/fb81a55b6218459490a9c1dc841a34909185b81904c5337b4b27f7a6fd60c49e?s=96&d=mm&r=g\",\"caption\":\"Lorenzo Verduzco\"}}]}<\/script>\n<!-- \/ Yoast SEO plugin. -->","yoast_head_json":{"title":"En Eurasie, ladirection de l&#39;Eglise Adventiste renoue le contact avec les membres absents - \u00c9glise Adventiste Du Septieme Jour - Inter Am\u00e9rique Division","robots":{"index":"index","follow":"follow","max-snippet":"max-snippet:-1","max-image-preview":"max-image-preview:large","max-video-preview":"max-video-preview:-1"},"canonical":"https:\/\/interamerica.org\/fr\/2010\/11\/en-eurasie-ladirection-de-leglise-adventiste-renoue-le-contact-avec-les-membres-absents\/","og_locale":"fr_FR","og_type":"article","og_title":"En Eurasie, ladirection de l&#39;Eglise Adventiste renoue le contact avec les membres absents - \u00c9glise Adventiste Du Septieme Jour - Inter Am\u00e9rique Division","og_description":"Les responsablesde l&#39;Eglise Adventiste en Russie et en Europe de l&#39;Est lancent une invitationaux membres absents, et dans certains cas, r\u00e9clament m\u00eame publiquement leurpardon - tout ceci fait partie du plan de la r\u00e9gi","og_url":"https:\/\/interamerica.org\/fr\/2010\/11\/en-eurasie-ladirection-de-leglise-adventiste-renoue-le-contact-avec-les-membres-absents\/","og_site_name":"\u00c9glise Adventiste Du Septieme Jour - Inter Am\u00e9rique Division","article_published_time":"2010-11-23T04:00:00+00:00","article_modified_time":"2017-06-02T17:02:50+00:00","author":"Lorenzo Verduzco","twitter_card":"summary_large_image","twitter_misc":{"\u00c9crit par":"Lorenzo Verduzco","Dur\u00e9e de lecture estim\u00e9e":"6 minutes"},"schema":{"@context":"https:\/\/schema.org","@graph":[{"@type":"Article","@id":"https:\/\/interamerica.org\/fr\/2010\/11\/en-eurasie-ladirection-de-leglise-adventiste-renoue-le-contact-avec-les-membres-absents\/#article","isPartOf":{"@id":"https:\/\/interamerica.org\/fr\/2010\/11\/en-eurasie-ladirection-de-leglise-adventiste-renoue-le-contact-avec-les-membres-absents\/"},"author":{"name":"Lorenzo Verduzco","@id":"https:\/\/interamerica.org\/fr\/#\/schema\/person\/68ede8bdc292885bb76c1e3810e73c39"},"headline":"En Eurasie, ladirection de l&#39;Eglise Adventiste renoue le contact avec les membres absents","datePublished":"2010-11-23T04:00:00+00:00","dateModified":"2017-06-02T17:02:50+00:00","mainEntityOfPage":{"@id":"https:\/\/interamerica.org\/fr\/2010\/11\/en-eurasie-ladirection-de-leglise-adventiste-renoue-le-contact-avec-les-membres-absents\/"},"wordCount":1174,"articleSection":["Archive"],"inLanguage":"fr-FR"},{"@type":"WebPage","@id":"https:\/\/interamerica.org\/fr\/2010\/11\/en-eurasie-ladirection-de-leglise-adventiste-renoue-le-contact-avec-les-membres-absents\/","url":"https:\/\/interamerica.org\/fr\/2010\/11\/en-eurasie-ladirection-de-leglise-adventiste-renoue-le-contact-avec-les-membres-absents\/","name":"En Eurasie, ladirection de l&#39;Eglise Adventiste renoue le contact avec les membres absents - \u00c9glise Adventiste Du Septieme Jour - Inter Am\u00e9rique Division","isPartOf":{"@id":"https:\/\/interamerica.org\/fr\/#website"},"datePublished":"2010-11-23T04:00:00+00:00","dateModified":"2017-06-02T17:02:50+00:00","author":{"@id":"https:\/\/interamerica.org\/fr\/#\/schema\/person\/68ede8bdc292885bb76c1e3810e73c39"},"breadcrumb":{"@id":"https:\/\/interamerica.org\/fr\/2010\/11\/en-eurasie-ladirection-de-leglise-adventiste-renoue-le-contact-avec-les-membres-absents\/#breadcrumb"},"inLanguage":"fr-FR","potentialAction":[{"@type":"ReadAction","target":["https:\/\/interamerica.org\/fr\/2010\/11\/en-eurasie-ladirection-de-leglise-adventiste-renoue-le-contact-avec-les-membres-absents\/"]}]},{"@type":"BreadcrumbList","@id":"https:\/\/interamerica.org\/fr\/2010\/11\/en-eurasie-ladirection-de-leglise-adventiste-renoue-le-contact-avec-les-membres-absents\/#breadcrumb","itemListElement":[{"@type":"ListItem","position":1,"name":"Home","item":"https:\/\/interamerica.org\/fr\/"},{"@type":"ListItem","position":2,"name":"En Eurasie, ladirection de l&#39;Eglise Adventiste renoue le contact avec les membres absents"}]},{"@type":"WebSite","@id":"https:\/\/interamerica.org\/fr\/#website","url":"https:\/\/interamerica.org\/fr\/","name":"\u00c9glise Adventiste Du Septieme Jour - Inter Am\u00e9rique Division","description":"","potentialAction":[{"@type":"SearchAction","target":{"@type":"EntryPoint","urlTemplate":"https:\/\/interamerica.org\/fr\/?s={search_term_string}"},"query-input":{"@type":"PropertyValueSpecification","valueRequired":true,"valueName":"search_term_string"}}],"inLanguage":"fr-FR"},{"@type":"Person","@id":"https:\/\/interamerica.org\/fr\/#\/schema\/person\/68ede8bdc292885bb76c1e3810e73c39","name":"Lorenzo Verduzco","image":{"@type":"ImageObject","inLanguage":"fr-FR","@id":"https:\/\/secure.gravatar.com\/avatar\/fb81a55b6218459490a9c1dc841a34909185b81904c5337b4b27f7a6fd60c49e?s=96&d=mm&r=g","url":"https:\/\/secure.gravatar.com\/avatar\/fb81a55b6218459490a9c1dc841a34909185b81904c5337b4b27f7a6fd60c49e?s=96&d=mm&r=g","contentUrl":"https:\/\/secure.gravatar.com\/avatar\/fb81a55b6218459490a9c1dc841a34909185b81904c5337b4b27f7a6fd60c49e?s=96&d=mm&r=g","caption":"Lorenzo Verduzco"}}]}},"_links":{"self":[{"href":"https:\/\/interamerica.org\/fr\/wp-json\/wp\/v2\/posts\/13477","targetHints":{"allow":["GET"]}}],"collection":[{"href":"https:\/\/interamerica.org\/fr\/wp-json\/wp\/v2\/posts"}],"about":[{"href":"https:\/\/interamerica.org\/fr\/wp-json\/wp\/v2\/types\/post"}],"author":[{"embeddable":true,"href":"https:\/\/interamerica.org\/fr\/wp-json\/wp\/v2\/users\/1"}],"replies":[{"embeddable":true,"href":"https:\/\/interamerica.org\/fr\/wp-json\/wp\/v2\/comments?post=13477"}],"version-history":[{"count":0,"href":"https:\/\/interamerica.org\/fr\/wp-json\/wp\/v2\/posts\/13477\/revisions"}],"wp:attachment":[{"href":"https:\/\/interamerica.org\/fr\/wp-json\/wp\/v2\/media?parent=13477"}],"wp:term":[{"taxonomy":"category","embeddable":true,"href":"https:\/\/interamerica.org\/fr\/wp-json\/wp\/v2\/categories?post=13477"},{"taxonomy":"post_tag","embeddable":true,"href":"https:\/\/interamerica.org\/fr\/wp-json\/wp\/v2\/tags?post=13477"}],"curies":[{"name":"wp","href":"https:\/\/api.w.org\/{rel}","templated":true}]}}