{"id":13482,"date":"2010-11-30T00:00:00","date_gmt":"2010-11-30T04:00:00","guid":{"rendered":"http:\/\/192.81.217.108\/interamerica\/2010\/11\/jamaique-leglise-adventiste-du-septieme-jour-a-une-nouvelle-direction\/"},"modified":"2017-06-02T13:02:48","modified_gmt":"2017-06-02T17:02:48","slug":"jamaique-leglise-adventiste-du-septieme-jour-a-une-nouvelle-direction","status":"publish","type":"post","link":"https:\/\/interamerica.org\/fr\/2010\/11\/jamaique-leglise-adventiste-du-septieme-jour-a-une-nouvelle-direction\/","title":{"rendered":"Jama\u00efque: L&#39;Eglise Adventiste du Septi\u00e8me jour a une nouvelle direction"},"content":{"rendered":"<p>30 Novembre 2010 &#8211; Mandeville, Jama\u00efque&#8230;Nigel Coke\/JAMU\/DIA <\/p>\n<p>L&#39;homme choisi pour donner une direction spirituelle et administrative \u00e0 la nouvelle Union de F\u00e9d\u00e9rations des Eglises Adventistes du Septi\u00e8me jour de la Jama\u00efque (JAMU) pour les cinq prochaines ann\u00e9es est pasteur Everett Brown. <\/p>\n<p>Les d\u00e9l\u00e9gu\u00e9s de la sixi\u00e8me et derni\u00e8re Session Quinquennale de l&#39;Union de F\u00e9d\u00e9rations des West Indies tenue le 29 Novembre 2010 ont vot\u00e9 \u00e0 l&#39;unanimit\u00e9 pour que l&#39;ancien pr\u00e9sident de la F\u00e9d\u00e9ration Jama\u00efcaine du Centre soit nomm\u00e9 \u00e0 la direction de la JAMU. <\/p>\n<p>Le votre est intervenu alors que l&#39;Union des West Indies (WIU) qui comprend les territoires de la Jama\u00efque, les Bahamas, les Iles Cayman et les iles Turk et Caicos, s&#39;est officiellement scind\u00e9e pour former l&#39;Union de F\u00e9d\u00e9rations de la Jama\u00efque qui supervisera l&#39;\u00e9glise en Jama\u00efque et l&#39;Union de Missions de la Cara\u00efbe Atlantique qui supervisera l&#39;\u00e9glise dans les Bahamas, les iles Cayman et les iles Turk et Caicos. <\/p>\n<p>Pasteur Brown qui a servi l&#39;\u00e9glise Adventiste au cours des derni\u00e8res 26 ann\u00e9es a accept\u00e9 la position avec un v\u00e9ritable esprit d&#39;humilit\u00e9, remerciant l&#39;\u00e9glise pour la confiance qu&#39;elle place en lui. <\/p>\n<p>\u00ab\u00a0Je m&#39;engage par la gr\u00e2ce de Dieu, \u00e0 ne pas trahir la confiance que vous avez plac\u00e9e en moi pour diriger, alors que je suis le Maitre et Leader par excellence, J\u00e9sus Christ. Je n&#39;ai pas l&#39;intention d&#39;\u00e9tablir un quelconque monument afin que les gens se souviennent de moi; tout ce que je demande c&#39;est votre soutien, alors qu&#39;ensemble nous t\u00e2chons de faire avancer la cause de J\u00e9sus &#8211; faire de tout homme un disciple et pr\u00e9parer les hommes et les femmes pour sa Seconde Venue.\u00a0\u00bb Pasteur Brown a \u00e9galement demand\u00e9 qu&#39;il soit constamment pr\u00e9sent\u00e9 devant Dieu par la pri\u00e8re car les d\u00e9fis seront grands. <\/p>\n<p>Il a par ailleurs exprim\u00e9 son appr\u00e9ciation pour l&#39;ancien pr\u00e9sident de l&#39;Union des West Indies et de l&#39;Union de la Jama\u00efque, Pasteur Derek Bignall pour ses contributions \u00e0 l&#39;ancienne WIU. <\/p>\n<p>Le pr\u00e9sident sortant, Pasteur Derek Bignall a exprim\u00e9 sa gratitude envers les d\u00e9l\u00e9gu\u00e9s pour lui avoir donn\u00e9 l&#39;opportunit\u00e9 de servir depuis Janvier 2009. Il a encourag\u00e9 chacun \u00e0 accorder encore plus de soutien \u00e0 Pasteur Brown et \u00e0 sa pr\u00e9sidence car c&#39;est un moment crucial dans le d\u00e9veloppement de la JAMU. <\/p>\n<p>\u00ab\u00a0Nous serons debout \u00e0 ses cot\u00e9s, parce que cette \u0153uvre n&#39;est pas la sienne, c&#39;est l&#39;\u0153uvre de Dieu. Il y a un chant interpr\u00e9t\u00e9 par les Heritage Singers que je n&#39;aimais pas, mais j&#39;y crois. Ce chant dit: quand Dieu a un autre plan, il utilise simplement un autre homme &#8211; f\u00e9licitations (\u00e0 Pasteur Brown)\u00a0\u00bb a dit Pasteur Bignall avec la jovialit\u00e9 qu&#39;on lui connait, avant d&#39;embrasser le nouveau pr\u00e9sident. <\/p>\n<p>Les officiers \u00e9lus pour servir avec Pasteur Brown sont: <\/p>\n<p>Secr\u00e9taire adjointe: Mlle Doreen Grant <\/p>\n<p>Tr\u00e9sori\u00e8re adjoint: Mlle Sharon Barrett <\/p>\n<p>Minist\u00e8re de la Femme et Minist\u00e8re des enfants: Mlle Loraine Vernal <\/p>\n<p>Communications, Affaires Publiques et Libert\u00e9 Religieuse: Nigel Coke <\/p>\n<p>Minist\u00e8re de la Famille, Gestion Chr\u00e9tienne et Services Legaux: Pasteur Eric Nathan <\/p>\n<p>Association Pastorale, Ecole du Sabbat et Minist\u00e8res Personnels: Pasteur Glen Samuels <\/p>\n<p>Minist\u00e8re de la Sant\u00e9: pasteur Milton Gregory <\/p>\n<p>Minist\u00e8re de la Jeunesse et Aum\u00f4nerie: Pasteur Charles Blythe <\/p>\n<p>Pasteur Brown est en fait le second pr\u00e9sident de l&#39;Union de la Jama\u00efque. <\/p>\n<p>Le pr\u00e9sident de la Division Inter Am\u00e9ricaine, Pasteur Israel Leito a expliqu\u00e9 que lorsque l&#39;Union des West indies a \u00e9t\u00e9 dissoute un peu plus t\u00f4t le m\u00eame jour, l&#39;Union de la Jama\u00efque a \u00e9t\u00e9 officiellement inaugur\u00e9e sous la pr\u00e9sidence de Pasteur Derek Bignall, ancien pr\u00e9sident de la WIU, jusqu&#39;\u00e0 ce que le nouveau pr\u00e9sident soit choisi et nomm\u00e9 par vote. Ceci s&#39;est fait en harmonie avec les R\u00e8glements de l&#39;Eglise Adventiste qui stipulent qu&#39;il ne doit y avoir aucune vacance au niveau du leadership, pas m\u00eame pour un court moment. <\/p>\n<p>Pasteur Brown vient du district pittoresque de Ramble dans la paroisse de Manchester. Il est un ancien \u00e9l\u00e8ve de la May Pen High School et dipl\u00f4m\u00e9 de la Northern Caribbean University o\u00f9 il a obtenu sa licence en religion et th\u00e9ologie ainsi qu&#39;une maitrise en Gestion et administration des entreprises (MBA). Il a \u00e9galement termin\u00e9 les cours pour la maitrise en religion d&#39;Andrews University. <\/p>\n<p>Pasteur Brown a servi en tant que Pasteur de district et \u00e9vang\u00e9liste \u00e0 Browns Town, Port more, Waltham et le district de St Johns entre 1984 et 1994; il a \u00e9t\u00e9 directeur de jeunesse de 1989 \u00e0 1995, secr\u00e9taire executif de 1995 \u00e0 2000 et pr\u00e9sident de la F\u00e9d\u00e9ration Jama\u00efcaine du Centre de 2000 \u00e0 2010. <\/p>\n<p>Pasteur Brown a dirig\u00e9 la F\u00e9d\u00e9ration Jama\u00efcaine du Centre au moment de sa transition apr\u00e8s qu&#39;elle ait \u00e9t\u00e9 organis\u00e9e en 2007 et a \u00e9t\u00e9 t\u00e9moin de l&#39;extraordinaire croissance qui a eu lieu \u00e0 tous les niveaux dans la f\u00e9d\u00e9ration, surtout dans le nombre de personnes baptis\u00e9es, l&#39;augmentation au niveau des dimes et des offrandes, le d\u00e9veloppement des infrastructures de Camp Valley et du Willowdene Group of Schools. <\/p>\n<p>La Session s&#39;est termin\u00e9e le jeudi 30 novembre avec la pr\u00e9sentation de l&#39;enseigne de la nouvelle Union de la Jama\u00efque. <\/p>\n<p><em >Traducteur: Patrick Luciathe<\/em > <br  \/><\/p>\n","protected":false},"excerpt":{"rendered":"<p>Les d\u00e9l\u00e9gu\u00e9s de la sixi\u00e8meet derni\u00e8re Session Quinquennale de l&#39;Union de F\u00e9d\u00e9rations des West Indiestenue le 29 Novembre 2010 ont vot\u00e9 \u00e0 l&#39;unanimit\u00e9 pour que l&#39;ancie<\/p>\n","protected":false},"author":1,"featured_media":0,"comment_status":"closed","ping_status":"closed","sticky":false,"template":"","format":"standard","meta":{"_acf_changed":false,"footnotes":""},"categories":[9],"tags":[],"class_list":["post-13482","post","type-post","status-publish","format-standard","hentry","category-archive-fr"],"acf":[],"yoast_head":"<!-- This site is optimized with the Yoast SEO plugin v27.3 - https:\/\/yoast.com\/product\/yoast-seo-wordpress\/ -->\n<title>Jama\u00efque: L&#039;Eglise Adventiste du Septi\u00e8me jour a une nouvelle direction - \u00c9glise Adventiste Du Septieme Jour - Inter Am\u00e9rique Division<\/title>\n<meta name=\"robots\" content=\"index, follow, max-snippet:-1, max-image-preview:large, max-video-preview:-1\" \/>\n<link rel=\"canonical\" href=\"https:\/\/interamerica.org\/fr\/2010\/11\/jamaique-leglise-adventiste-du-septieme-jour-a-une-nouvelle-direction\/\" \/>\n<meta property=\"og:locale\" content=\"fr_FR\" \/>\n<meta property=\"og:type\" content=\"article\" \/>\n<meta property=\"og:title\" content=\"Jama\u00efque: L&#039;Eglise Adventiste du Septi\u00e8me jour a une nouvelle direction - \u00c9glise Adventiste Du Septieme Jour - Inter Am\u00e9rique Division\" \/>\n<meta property=\"og:description\" content=\"Les d\u00e9l\u00e9gu\u00e9s de la sixi\u00e8meet derni\u00e8re Session Quinquennale de l&#039;Union de F\u00e9d\u00e9rations des West Indiestenue le 29 Novembre 2010 ont vot\u00e9 \u00e0 l&#039;unanimit\u00e9 pour que l&#039;ancie\" \/>\n<meta property=\"og:url\" content=\"https:\/\/interamerica.org\/fr\/2010\/11\/jamaique-leglise-adventiste-du-septieme-jour-a-une-nouvelle-direction\/\" \/>\n<meta property=\"og:site_name\" content=\"\u00c9glise Adventiste Du Septieme Jour - Inter Am\u00e9rique Division\" \/>\n<meta property=\"article:published_time\" content=\"2010-11-30T04:00:00+00:00\" \/>\n<meta property=\"article:modified_time\" content=\"2017-06-02T17:02:48+00:00\" \/>\n<meta name=\"author\" content=\"Lorenzo Verduzco\" \/>\n<meta name=\"twitter:card\" content=\"summary_large_image\" \/>\n<meta name=\"twitter:label1\" content=\"\u00c9crit par\" \/>\n\t<meta name=\"twitter:data1\" content=\"Lorenzo Verduzco\" \/>\n\t<meta name=\"twitter:label2\" content=\"Dur\u00e9e de lecture estim\u00e9e\" \/>\n\t<meta name=\"twitter:data2\" content=\"5 minutes\" \/>\n<script type=\"application\/ld+json\" class=\"yoast-schema-graph\">{\"@context\":\"https:\\\/\\\/schema.org\",\"@graph\":[{\"@type\":\"Article\",\"@id\":\"https:\\\/\\\/interamerica.org\\\/fr\\\/2010\\\/11\\\/jamaique-leglise-adventiste-du-septieme-jour-a-une-nouvelle-direction\\\/#article\",\"isPartOf\":{\"@id\":\"https:\\\/\\\/interamerica.org\\\/fr\\\/2010\\\/11\\\/jamaique-leglise-adventiste-du-septieme-jour-a-une-nouvelle-direction\\\/\"},\"author\":{\"name\":\"Lorenzo Verduzco\",\"@id\":\"https:\\\/\\\/interamerica.org\\\/fr\\\/#\\\/schema\\\/person\\\/68ede8bdc292885bb76c1e3810e73c39\"},\"headline\":\"Jama\u00efque: L&#39;Eglise Adventiste du Septi\u00e8me jour a une nouvelle direction\",\"datePublished\":\"2010-11-30T04:00:00+00:00\",\"dateModified\":\"2017-06-02T17:02:48+00:00\",\"mainEntityOfPage\":{\"@id\":\"https:\\\/\\\/interamerica.org\\\/fr\\\/2010\\\/11\\\/jamaique-leglise-adventiste-du-septieme-jour-a-une-nouvelle-direction\\\/\"},\"wordCount\":956,\"articleSection\":[\"Archive\"],\"inLanguage\":\"fr-FR\"},{\"@type\":\"WebPage\",\"@id\":\"https:\\\/\\\/interamerica.org\\\/fr\\\/2010\\\/11\\\/jamaique-leglise-adventiste-du-septieme-jour-a-une-nouvelle-direction\\\/\",\"url\":\"https:\\\/\\\/interamerica.org\\\/fr\\\/2010\\\/11\\\/jamaique-leglise-adventiste-du-septieme-jour-a-une-nouvelle-direction\\\/\",\"name\":\"Jama\u00efque: L&#39;Eglise Adventiste du Septi\u00e8me jour a une nouvelle direction - \u00c9glise Adventiste Du Septieme Jour - Inter Am\u00e9rique Division\",\"isPartOf\":{\"@id\":\"https:\\\/\\\/interamerica.org\\\/fr\\\/#website\"},\"datePublished\":\"2010-11-30T04:00:00+00:00\",\"dateModified\":\"2017-06-02T17:02:48+00:00\",\"author\":{\"@id\":\"https:\\\/\\\/interamerica.org\\\/fr\\\/#\\\/schema\\\/person\\\/68ede8bdc292885bb76c1e3810e73c39\"},\"breadcrumb\":{\"@id\":\"https:\\\/\\\/interamerica.org\\\/fr\\\/2010\\\/11\\\/jamaique-leglise-adventiste-du-septieme-jour-a-une-nouvelle-direction\\\/#breadcrumb\"},\"inLanguage\":\"fr-FR\",\"potentialAction\":[{\"@type\":\"ReadAction\",\"target\":[\"https:\\\/\\\/interamerica.org\\\/fr\\\/2010\\\/11\\\/jamaique-leglise-adventiste-du-septieme-jour-a-une-nouvelle-direction\\\/\"]}]},{\"@type\":\"BreadcrumbList\",\"@id\":\"https:\\\/\\\/interamerica.org\\\/fr\\\/2010\\\/11\\\/jamaique-leglise-adventiste-du-septieme-jour-a-une-nouvelle-direction\\\/#breadcrumb\",\"itemListElement\":[{\"@type\":\"ListItem\",\"position\":1,\"name\":\"Home\",\"item\":\"https:\\\/\\\/interamerica.org\\\/fr\\\/\"},{\"@type\":\"ListItem\",\"position\":2,\"name\":\"Jama\u00efque: L&#39;Eglise Adventiste du Septi\u00e8me jour a une nouvelle direction\"}]},{\"@type\":\"WebSite\",\"@id\":\"https:\\\/\\\/interamerica.org\\\/fr\\\/#website\",\"url\":\"https:\\\/\\\/interamerica.org\\\/fr\\\/\",\"name\":\"\u00c9glise Adventiste Du Septieme Jour - Inter Am\u00e9rique Division\",\"description\":\"\",\"potentialAction\":[{\"@type\":\"SearchAction\",\"target\":{\"@type\":\"EntryPoint\",\"urlTemplate\":\"https:\\\/\\\/interamerica.org\\\/fr\\\/?s={search_term_string}\"},\"query-input\":{\"@type\":\"PropertyValueSpecification\",\"valueRequired\":true,\"valueName\":\"search_term_string\"}}],\"inLanguage\":\"fr-FR\"},{\"@type\":\"Person\",\"@id\":\"https:\\\/\\\/interamerica.org\\\/fr\\\/#\\\/schema\\\/person\\\/68ede8bdc292885bb76c1e3810e73c39\",\"name\":\"Lorenzo Verduzco\",\"image\":{\"@type\":\"ImageObject\",\"inLanguage\":\"fr-FR\",\"@id\":\"https:\\\/\\\/secure.gravatar.com\\\/avatar\\\/fb81a55b6218459490a9c1dc841a34909185b81904c5337b4b27f7a6fd60c49e?s=96&d=mm&r=g\",\"url\":\"https:\\\/\\\/secure.gravatar.com\\\/avatar\\\/fb81a55b6218459490a9c1dc841a34909185b81904c5337b4b27f7a6fd60c49e?s=96&d=mm&r=g\",\"contentUrl\":\"https:\\\/\\\/secure.gravatar.com\\\/avatar\\\/fb81a55b6218459490a9c1dc841a34909185b81904c5337b4b27f7a6fd60c49e?s=96&d=mm&r=g\",\"caption\":\"Lorenzo Verduzco\"}}]}<\/script>\n<!-- \/ Yoast SEO plugin. -->","yoast_head_json":{"title":"Jama\u00efque: L&#39;Eglise Adventiste du Septi\u00e8me jour a une nouvelle direction - \u00c9glise Adventiste Du Septieme Jour - Inter Am\u00e9rique Division","robots":{"index":"index","follow":"follow","max-snippet":"max-snippet:-1","max-image-preview":"max-image-preview:large","max-video-preview":"max-video-preview:-1"},"canonical":"https:\/\/interamerica.org\/fr\/2010\/11\/jamaique-leglise-adventiste-du-septieme-jour-a-une-nouvelle-direction\/","og_locale":"fr_FR","og_type":"article","og_title":"Jama\u00efque: L&#39;Eglise Adventiste du Septi\u00e8me jour a une nouvelle direction - \u00c9glise Adventiste Du Septieme Jour - Inter Am\u00e9rique Division","og_description":"Les d\u00e9l\u00e9gu\u00e9s de la sixi\u00e8meet derni\u00e8re Session Quinquennale de l&#39;Union de F\u00e9d\u00e9rations des West Indiestenue le 29 Novembre 2010 ont vot\u00e9 \u00e0 l&#39;unanimit\u00e9 pour que l&#39;ancie","og_url":"https:\/\/interamerica.org\/fr\/2010\/11\/jamaique-leglise-adventiste-du-septieme-jour-a-une-nouvelle-direction\/","og_site_name":"\u00c9glise Adventiste Du Septieme Jour - Inter Am\u00e9rique Division","article_published_time":"2010-11-30T04:00:00+00:00","article_modified_time":"2017-06-02T17:02:48+00:00","author":"Lorenzo Verduzco","twitter_card":"summary_large_image","twitter_misc":{"\u00c9crit par":"Lorenzo Verduzco","Dur\u00e9e de lecture estim\u00e9e":"5 minutes"},"schema":{"@context":"https:\/\/schema.org","@graph":[{"@type":"Article","@id":"https:\/\/interamerica.org\/fr\/2010\/11\/jamaique-leglise-adventiste-du-septieme-jour-a-une-nouvelle-direction\/#article","isPartOf":{"@id":"https:\/\/interamerica.org\/fr\/2010\/11\/jamaique-leglise-adventiste-du-septieme-jour-a-une-nouvelle-direction\/"},"author":{"name":"Lorenzo Verduzco","@id":"https:\/\/interamerica.org\/fr\/#\/schema\/person\/68ede8bdc292885bb76c1e3810e73c39"},"headline":"Jama\u00efque: L&#39;Eglise Adventiste du Septi\u00e8me jour a une nouvelle direction","datePublished":"2010-11-30T04:00:00+00:00","dateModified":"2017-06-02T17:02:48+00:00","mainEntityOfPage":{"@id":"https:\/\/interamerica.org\/fr\/2010\/11\/jamaique-leglise-adventiste-du-septieme-jour-a-une-nouvelle-direction\/"},"wordCount":956,"articleSection":["Archive"],"inLanguage":"fr-FR"},{"@type":"WebPage","@id":"https:\/\/interamerica.org\/fr\/2010\/11\/jamaique-leglise-adventiste-du-septieme-jour-a-une-nouvelle-direction\/","url":"https:\/\/interamerica.org\/fr\/2010\/11\/jamaique-leglise-adventiste-du-septieme-jour-a-une-nouvelle-direction\/","name":"Jama\u00efque: L&#39;Eglise Adventiste du Septi\u00e8me jour a une nouvelle direction - \u00c9glise Adventiste Du Septieme Jour - Inter Am\u00e9rique Division","isPartOf":{"@id":"https:\/\/interamerica.org\/fr\/#website"},"datePublished":"2010-11-30T04:00:00+00:00","dateModified":"2017-06-02T17:02:48+00:00","author":{"@id":"https:\/\/interamerica.org\/fr\/#\/schema\/person\/68ede8bdc292885bb76c1e3810e73c39"},"breadcrumb":{"@id":"https:\/\/interamerica.org\/fr\/2010\/11\/jamaique-leglise-adventiste-du-septieme-jour-a-une-nouvelle-direction\/#breadcrumb"},"inLanguage":"fr-FR","potentialAction":[{"@type":"ReadAction","target":["https:\/\/interamerica.org\/fr\/2010\/11\/jamaique-leglise-adventiste-du-septieme-jour-a-une-nouvelle-direction\/"]}]},{"@type":"BreadcrumbList","@id":"https:\/\/interamerica.org\/fr\/2010\/11\/jamaique-leglise-adventiste-du-septieme-jour-a-une-nouvelle-direction\/#breadcrumb","itemListElement":[{"@type":"ListItem","position":1,"name":"Home","item":"https:\/\/interamerica.org\/fr\/"},{"@type":"ListItem","position":2,"name":"Jama\u00efque: L&#39;Eglise Adventiste du Septi\u00e8me jour a une nouvelle direction"}]},{"@type":"WebSite","@id":"https:\/\/interamerica.org\/fr\/#website","url":"https:\/\/interamerica.org\/fr\/","name":"\u00c9glise Adventiste Du Septieme Jour - Inter Am\u00e9rique Division","description":"","potentialAction":[{"@type":"SearchAction","target":{"@type":"EntryPoint","urlTemplate":"https:\/\/interamerica.org\/fr\/?s={search_term_string}"},"query-input":{"@type":"PropertyValueSpecification","valueRequired":true,"valueName":"search_term_string"}}],"inLanguage":"fr-FR"},{"@type":"Person","@id":"https:\/\/interamerica.org\/fr\/#\/schema\/person\/68ede8bdc292885bb76c1e3810e73c39","name":"Lorenzo Verduzco","image":{"@type":"ImageObject","inLanguage":"fr-FR","@id":"https:\/\/secure.gravatar.com\/avatar\/fb81a55b6218459490a9c1dc841a34909185b81904c5337b4b27f7a6fd60c49e?s=96&d=mm&r=g","url":"https:\/\/secure.gravatar.com\/avatar\/fb81a55b6218459490a9c1dc841a34909185b81904c5337b4b27f7a6fd60c49e?s=96&d=mm&r=g","contentUrl":"https:\/\/secure.gravatar.com\/avatar\/fb81a55b6218459490a9c1dc841a34909185b81904c5337b4b27f7a6fd60c49e?s=96&d=mm&r=g","caption":"Lorenzo Verduzco"}}]}},"_links":{"self":[{"href":"https:\/\/interamerica.org\/fr\/wp-json\/wp\/v2\/posts\/13482","targetHints":{"allow":["GET"]}}],"collection":[{"href":"https:\/\/interamerica.org\/fr\/wp-json\/wp\/v2\/posts"}],"about":[{"href":"https:\/\/interamerica.org\/fr\/wp-json\/wp\/v2\/types\/post"}],"author":[{"embeddable":true,"href":"https:\/\/interamerica.org\/fr\/wp-json\/wp\/v2\/users\/1"}],"replies":[{"embeddable":true,"href":"https:\/\/interamerica.org\/fr\/wp-json\/wp\/v2\/comments?post=13482"}],"version-history":[{"count":0,"href":"https:\/\/interamerica.org\/fr\/wp-json\/wp\/v2\/posts\/13482\/revisions"}],"wp:attachment":[{"href":"https:\/\/interamerica.org\/fr\/wp-json\/wp\/v2\/media?parent=13482"}],"wp:term":[{"taxonomy":"category","embeddable":true,"href":"https:\/\/interamerica.org\/fr\/wp-json\/wp\/v2\/categories?post=13482"},{"taxonomy":"post_tag","embeddable":true,"href":"https:\/\/interamerica.org\/fr\/wp-json\/wp\/v2\/tags?post=13482"}],"curies":[{"name":"wp","href":"https:\/\/api.w.org\/{rel}","templated":true}]}}