{"id":135029,"date":"2025-10-28T21:13:44","date_gmt":"2025-10-29T01:13:44","guid":{"rendered":"https:\/\/interamerica.org\/?p=135029"},"modified":"2025-10-29T22:02:13","modified_gmt":"2025-10-30T02:02:13","slug":"le-gouvernement-colombien-honore-la-jeunesse-adventiste-pour-sa-promotion-de-la-paix-et-du-service-communautaire","status":"publish","type":"post","link":"https:\/\/interamerica.org\/fr\/2025\/10\/le-gouvernement-colombien-honore-la-jeunesse-adventiste-pour-sa-promotion-de-la-paix-et-du-service-communautaire\/","title":{"rendered":"Le gouvernement colombien honore la jeunesse adventiste pour sa promotion de la paix et du service communautaire"},"content":{"rendered":"<p><div id=\"attachment_135004\" style=\"width: 1034px\" class=\"wp-caption aligncenter\"><img fetchpriority=\"high\" decoding=\"async\" aria-describedby=\"caption-attachment-135004\" class=\"size-large wp-image-135003\" src=\"https:\/\/interamerica.org\/wp-content\/uploads\/2025\/10\/nocu-cartagena-hall-1024x580.jpg\" alt=\"\" width=\"1024\" height=\"580\" srcset=\"https:\/\/interamerica.org\/wp-content\/uploads\/2025\/10\/nocu-cartagena-hall-1024x580.jpg 1024w, https:\/\/interamerica.org\/wp-content\/uploads\/2025\/10\/nocu-cartagena-hall-300x170.jpg 300w, https:\/\/interamerica.org\/wp-content\/uploads\/2025\/10\/nocu-cartagena-hall-768x435.jpg 768w, https:\/\/interamerica.org\/wp-content\/uploads\/2025\/10\/nocu-cartagena-hall.jpg 1440w\" sizes=\"(max-width: 1024px) 100vw, 1024px\" \/><p id=\"caption-attachment-135004\" class=\"wp-caption-text\">Les membres des clubs des Aventuriers, des \u00c9claireurs et des Chefs-Guides de Mar\u00eda La Baja ont particip\u00e9 \u00e0 la c\u00e9r\u00e9monie de reconnaissance organis\u00e9e par le gouvernement du d\u00e9partement de Bol\u00edvar le 23 octobre 2025 pour honorer leur engagement en faveur de la jeunesse, de la paix et du service communautaire. [Photo : F\u00e9d\u00e9ration de la r\u00e9gion Carib\u00e9enne de la Colombie]<\/p><\/div><em>Cette reconnaissance qui a eu lieu \u00e0 Carthag\u00e8ne met en lumi\u00e8re le r\u00f4le de l\u2019\u00c9glise adventiste dans la formation de jeunes dirigeants.<\/em><\/p>\n<p>24 Octobre 2025 | Medell\u00edn, Colombie | Cristin Serrano et \u00c9quipe d\u2019information de la DIA<\/p>\n<p>Le 23 octobre 2025, lors d\u2019une c\u00e9r\u00e9monie officielle sur la Plaza de la Proclamaci\u00f3n \u00e0 Carthag\u00e8ne, sur la c\u00f4te nord de la Colombie, le gouvernement du d\u00e9partement de Bol\u00edvar, par l\u2019interm\u00e9diaire de son \u00c9cole de Gouvernance et de Leadership, a d\u00e9cern\u00e9 une distinction sp\u00e9ciale \u00e0 l\u2019\u00c9glise adventiste du septi\u00e8me jour pour son action missionnaire et \u00e9ducative visant \u00e0 former de jeunes dirigeants engag\u00e9s pour la paix, le service communautaire et le d\u00e9veloppement social dans la municipalit\u00e9 de Mar\u00eda La Baja.<\/p>\n<p>Cette distinction, la premi\u00e8re du genre, a \u00e9t\u00e9 remise aux dirigeants de l\u2019\u00c9glise par le Dr Javier Posada Meola, directeur de l\u2019\u00c9cole de Gouvernance et de Leadership du Minist\u00e8re de l\u2019Int\u00e9rieur du d\u00e9partement, dans le cadre du programme \u00ab Formation des Jeunes pour la Paix et le D\u00e9veloppement, \u00bb une initiative dont le but est de consolider la coexistence pacifique aux niveaux social et \u00e9cologique. Le programme encourage \u00e9galement les partenariats avec des organisations nationales et internationales afin de promouvoir les droits de l\u2019homme et de favoriser une culture de respect et de solidarit\u00e9.<\/p>\n<p><div id=\"attachment_135012\" style=\"width: 1082px\" class=\"wp-caption aligncenter\"><img decoding=\"async\" aria-describedby=\"caption-attachment-135012\" class=\" wp-image-135011\" src=\"https:\/\/interamerica.org\/wp-content\/uploads\/2025\/10\/nocu-cartagena-honoring-pastor-1024x576.jpg\" alt=\"\" width=\"1072\" height=\"603\" srcset=\"https:\/\/interamerica.org\/wp-content\/uploads\/2025\/10\/nocu-cartagena-honoring-pastor-1024x576.jpg 1024w, https:\/\/interamerica.org\/wp-content\/uploads\/2025\/10\/nocu-cartagena-honoring-pastor-300x169.jpg 300w, https:\/\/interamerica.org\/wp-content\/uploads\/2025\/10\/nocu-cartagena-honoring-pastor-768x432.jpg 768w, https:\/\/interamerica.org\/wp-content\/uploads\/2025\/10\/nocu-cartagena-honoring-pastor.jpg 1201w\" sizes=\"(max-width: 1072px) 100vw, 1072px\" \/><p id=\"caption-attachment-135012\" class=\"wp-caption-text\">Dr Elizabeth Cuadro Guti\u00e9rrez (\u00e0 gauche), Agent de Liaison Territoriale pour les Affaires Religieuses dans le d\u00e9partement de Bol\u00edvar, et Dr Javier Posada Meola (\u00e0 droite), directeur de l\u2019\u00c9cole de Gouvernance et de Leadership du gouvernement de Bol\u00edvar, remettent le prix au pasteur Johnny Rhenals (au centre), pr\u00e9sident de la F\u00e9d\u00e9ration de la r\u00e9gion Carib\u00e9enne de la Colombie, en reconnaissance de l\u2019action missionnaire et \u00e9ducative de l\u2019\u00c9glise adventiste \u00e0 Mar\u00eda La Baja. [Photo : F\u00e9d\u00e9ration de la r\u00e9gion Carib\u00e9enne de la Colombie]<\/p><\/div>La d\u00e9claration a mis en lumi\u00e8re le fait que, par le biais de ses clubs d\u2019Aventuriers, d\u2019\u00c9claireurs et de Chefs Guides, l\u2019\u00c9glise adventiste promeut le d\u00e9veloppement holistique des enfants et des jeunes, en leur enseignant les valeurs de paix, de service et d\u2019empathie, et en leur donnant les moyens de r\u00e9soudre les conflits de mani\u00e8re constructive.<\/p>\n<p>Le pasteur Doiler Torres, responsable du district de la Mission de Mar\u00eda La Baja, a soulign\u00e9 que le travail des clubs de jeunes a jou\u00e9 un r\u00f4le d\u00e9terminant dans l\u2019instauration de la paix par le d\u00e9veloppement personnel, l\u2019\u00e9ducation des enfants, des jeunes et des adultes dans les dimensions physique, mental, spirituel et social.<\/p>\n<p>\u00ab Sur notre territoire de Mar\u00eda La Baja, le minist\u00e8re aupr\u00e8s des jeunes s\u2019est d\u00e9velopp\u00e9 malgr\u00e9 l\u2019incertitude, \u00bb a d\u00e9clar\u00e9 pasteur Torres. \u00ab Malgr\u00e9 les crises et la vuln\u00e9rabilit\u00e9 de nos communaut\u00e9s, les enfants, les jeunes et les adultes ici continuent de sourire, de r\u00eaver et d\u2019atteindre leurs objectifs. Nous aidons \u00e0 construire la paix \u00e0 travers des rassemblements de jeunes, le minist\u00e8re aupr\u00e8s des femmes et des enfants, des actes de compassion et un leadership de service. \u00bb<\/p>\n<p><div id=\"attachment_135015\" style=\"width: 934px\" class=\"wp-caption aligncenter\"><img decoding=\"async\" aria-describedby=\"caption-attachment-135015\" class=\" wp-image-135014\" src=\"https:\/\/interamerica.org\/wp-content\/uploads\/2025\/10\/nocu-cartagena-adventist-leaders.jpg\" alt=\"\" width=\"924\" height=\"810\" srcset=\"https:\/\/interamerica.org\/wp-content\/uploads\/2025\/10\/nocu-cartagena-adventist-leaders.jpg 720w, https:\/\/interamerica.org\/wp-content\/uploads\/2025\/10\/nocu-cartagena-adventist-leaders-300x263.jpg 300w\" sizes=\"(max-width: 924px) 100vw, 924px\" \/><p id=\"caption-attachment-135015\" class=\"wp-caption-text\">Les pasteurs Johnny Rhenals et Doiler Torres assistent \u00e0 la c\u00e9r\u00e9monie de reconnaissance organis\u00e9e par le gouvernement de Bol\u00edvar. [Photo : F\u00e9d\u00e9ration de la r\u00e9gion Carib\u00e9enne de la Colombie]<\/p><\/div>Pasteur Torres a ajout\u00e9 que la paix se construit par de modestes actions significatives : \u00ab Quand nous voyons la joie d\u2019un enfant qui re\u00e7oit un pr\u00e9sent et une le\u00e7on, d\u2019une m\u00e8re reconnaissante d\u2019avoir re\u00e7u un panier de provisions, ou d\u2019une famille recevant des soins m\u00e9dicaux et un accompagnement spirituel, \u00bb a-t-il d\u00e9clar\u00e9. \u00ab Notre objectif est que J\u00e9sus-Christ croisse et que nous diminuions. (Jean 3:30) \u00bb<\/p>\n<p>Cette reconnaissance a eu lieu lors de la Rencontre Interconfessionnelle \u00ab Bol\u00edvar est Meilleur dans la Paix, \u00bb un programme promu par le gouvernement pour rassembler des repr\u00e9sentants de diff\u00e9rentes confessions et encourager le dialogue interreligieux, l\u2019\u00e9galit\u00e9, la paix et l\u2019engagement en faveur de la protection de l\u2019environnement et du d\u00e9veloppement durable.<\/p>\n<p>Au cours du programme, les organisateurs ont pos\u00e9 la question : \u00ab Qu\u2019est-ce que la paix ?\u00bb Les dirigeants adventistes ont r\u00e9pondu en citant les paroles de J\u00e9sus : \u00ab Je vous laisse la paix, je vous donne ma paix. Je ne vous donne pas comme le monde donne. Que votre coeur ne se trouble point, et ne s&rsquo;alarme point. \u00bb (Jean 14:27).<\/p>\n<p><div id=\"attachment_135018\" style=\"width: 1167px\" class=\"wp-caption aligncenter\"><img loading=\"lazy\" decoding=\"async\" aria-describedby=\"caption-attachment-135018\" class=\" wp-image-135017\" src=\"https:\/\/interamerica.org\/wp-content\/uploads\/2025\/10\/nocu-cartagena-rhenal-1024x576.jpg\" alt=\"\" width=\"1157\" height=\"651\" srcset=\"https:\/\/interamerica.org\/wp-content\/uploads\/2025\/10\/nocu-cartagena-rhenal-1024x576.jpg 1024w, https:\/\/interamerica.org\/wp-content\/uploads\/2025\/10\/nocu-cartagena-rhenal-300x169.jpg 300w, https:\/\/interamerica.org\/wp-content\/uploads\/2025\/10\/nocu-cartagena-rhenal-768x432.jpg 768w, https:\/\/interamerica.org\/wp-content\/uploads\/2025\/10\/nocu-cartagena-rhenal.jpg 1280w\" sizes=\"(max-width: 1157px) 100vw, 1157px\" \/><p id=\"caption-attachment-135018\" class=\"wp-caption-text\">Lors de la rencontre interconfessionnelle \u00ab Bol\u00edvar est Meilleur dans la Paix, \u00bb des repr\u00e9sentants de l\u2019\u00c9glise adventiste du septi\u00e8me jour ont rencontr\u00e9 les autorit\u00e9s locales pour discuter du r\u00f4le des jeunes dans la promotion de la paix et du service communautaire. [Photo : F\u00e9d\u00e9ration de la r\u00e9gion Cara\u00efbe de la Colombie.]<\/p><\/div>La r\u00e9flexion a soulign\u00e9 le fait que la paix n\u2019est pas un simple concept, mais une personne \u2013 J\u00e9sus \u2013 dont la pr\u00e9sence apporte s\u00e9r\u00e9nit\u00e9 au milieu de l\u2019adversit\u00e9, r\u00e9silience face aux \u00e9preuves et esp\u00e9rance en temps de crise, a expliqu\u00e9 pasteur Torres.<\/p>\n<p>Le pasteur Johnny Rhenals, pr\u00e9sident de la F\u00e9d\u00e9ration de la r\u00e9gion Carib\u00e9enne de la Colombie, a re\u00e7u la distinction au nom de l\u2019\u00c9glise et a exprim\u00e9 sa gratitude pour cet honneur. \u00ab La mission de l\u2019\u00c9glise est de servir, et voir nos jeunes honor\u00e9s pour leur influence positive dans la soci\u00e9t\u00e9 nous remplit de joie et renouvelle notre engagement \u00e0 continuer d\u2019\u0153uvrer pour le bien-\u00eatre holistique de nos communaut\u00e9s, \u00bb a d\u00e9clar\u00e9 pasteur Rhenals.<\/p>\n<p>Ont assist\u00e9 \u00e0 la c\u00e9r\u00e9monie, des repr\u00e9sentants du gouvernement, des repr\u00e9sentants de divers groupes religieux et des membres de la communaut\u00e9 adventiste locale, qui ont c\u00e9l\u00e9br\u00e9 cette reconnaissance comme une preuve de l\u2019engagement continu de l\u2019\u00c9glise \u00e0 pr\u00e9parer de nouvelles g\u00e9n\u00e9rations qui servent Dieu et la soci\u00e9t\u00e9 avec un leadership chr\u00e9tien et un objectif missionnaire.<\/p>\n<p><div id=\"attachment_135021\" style=\"width: 1154px\" class=\"wp-caption aligncenter\"><img loading=\"lazy\" decoding=\"async\" aria-describedby=\"caption-attachment-135021\" class=\" wp-image-135020\" src=\"https:\/\/interamerica.org\/wp-content\/uploads\/2025\/10\/nocu-cartagena-youth-1024x754.jpg\" alt=\"\" width=\"1144\" height=\"842\" srcset=\"https:\/\/interamerica.org\/wp-content\/uploads\/2025\/10\/nocu-cartagena-youth-1024x754.jpg 1024w, https:\/\/interamerica.org\/wp-content\/uploads\/2025\/10\/nocu-cartagena-youth-300x221.jpg 300w, https:\/\/interamerica.org\/wp-content\/uploads\/2025\/10\/nocu-cartagena-youth-768x566.jpg 768w, https:\/\/interamerica.org\/wp-content\/uploads\/2025\/10\/nocu-cartagena-youth.jpg 1280w\" sizes=\"(max-width: 1144px) 100vw, 1144px\" \/><p id=\"caption-attachment-135021\" class=\"wp-caption-text\">Des jeunes adventistes posent pour une photo de groupe sur la Plaza de la Proclamaci\u00f3n \u00e0 Carthag\u00e8ne, en Colombie, le 23 octobre 2025. [Photo : F\u00e9d\u00e9ration de la r\u00e9gion Carib\u00e9enne de la Colombie]<\/p><\/div>Cette distinction r\u00e9affirme le r\u00f4le de l\u2019\u00c9glise adventiste du septi\u00e8me jour en tant qu\u2019agent actif dans la promotion d\u2019une culture de paix et de service, dans la proclamation de messages de foi et d\u2019esp\u00e9rance par la pr\u00e9dication et l\u2019exemple. \u00ab A travers son action dans les domaines \u00e9ducatif, missionnaire et communautaire, \u00bb a conclu pasteur Rhenals, \u00ab l\u2019\u00c9glise continue de renforcer son engagement en faveur du d\u00e9veloppement social, de l\u2019\u00e9ducation chr\u00e9tienne et du bien-\u00eatre holistique des communaut\u00e9s de cette r\u00e9gion. \u00bb<\/p>\n<p>Traduction: Patrick Luciathe<\/p>\n","protected":false},"excerpt":{"rendered":"<p>Cette reconnaissance qui a eu lieu \u00e0 Carthag\u00e8ne met en lumi\u00e8re le r\u00f4le de l\u2019\u00c9glise adventiste dans la formation de jeunes dirigeants. 24 Octobre 2025 | Medell\u00edn, Colombie | Cristin&#8230;<\/p>\n","protected":false},"author":3,"featured_media":135004,"comment_status":"closed","ping_status":"closed","sticky":false,"template":"","format":"standard","meta":{"_acf_changed":false,"footnotes":""},"categories":[21,19],"tags":[],"class_list":["post-135029","post","type-post","status-publish","format-standard","has-post-thumbnail","hentry","category-nouvelles-du-territoire","category-rss-francais"],"acf":[],"yoast_head":"<!-- This site is optimized with the Yoast SEO plugin v27.3 - https:\/\/yoast.com\/product\/yoast-seo-wordpress\/ -->\n<title>Le gouvernement colombien honore la jeunesse adventiste pour sa promotion de la paix et du service communautaire - \u00c9glise Adventiste Du Septieme Jour - Inter Am\u00e9rique Division<\/title>\n<meta name=\"robots\" content=\"index, follow, max-snippet:-1, max-image-preview:large, max-video-preview:-1\" \/>\n<link rel=\"canonical\" href=\"https:\/\/interamerica.org\/fr\/2025\/10\/le-gouvernement-colombien-honore-la-jeunesse-adventiste-pour-sa-promotion-de-la-paix-et-du-service-communautaire\/\" \/>\n<meta property=\"og:locale\" content=\"fr_FR\" \/>\n<meta property=\"og:type\" content=\"article\" \/>\n<meta property=\"og:title\" content=\"Le gouvernement colombien honore la jeunesse adventiste pour sa promotion de la paix et du service communautaire - \u00c9glise Adventiste Du Septieme Jour - Inter Am\u00e9rique Division\" \/>\n<meta property=\"og:description\" content=\"Cette reconnaissance qui a eu lieu \u00e0 Carthag\u00e8ne met en lumi\u00e8re le r\u00f4le de l\u2019\u00c9glise adventiste dans la formation de jeunes dirigeants. 24 Octobre 2025 | Medell\u00edn, Colombie | Cristin...\" \/>\n<meta property=\"og:url\" content=\"https:\/\/interamerica.org\/fr\/2025\/10\/le-gouvernement-colombien-honore-la-jeunesse-adventiste-pour-sa-promotion-de-la-paix-et-du-service-communautaire\/\" \/>\n<meta property=\"og:site_name\" content=\"\u00c9glise Adventiste Du Septieme Jour - Inter Am\u00e9rique Division\" \/>\n<meta property=\"article:published_time\" content=\"2025-10-29T01:13:44+00:00\" \/>\n<meta property=\"article:modified_time\" content=\"2025-10-30T02:02:13+00:00\" \/>\n<meta property=\"og:image\" content=\"https:\/\/interamerica.org\/wp-content\/uploads\/2025\/10\/nocu-cartagena-hall.jpg\" \/>\n\t<meta property=\"og:image:width\" content=\"1440\" \/>\n\t<meta property=\"og:image:height\" content=\"815\" \/>\n\t<meta property=\"og:image:type\" content=\"image\/jpeg\" \/>\n<meta name=\"author\" content=\"libna\" \/>\n<meta name=\"twitter:card\" content=\"summary_large_image\" \/>\n<meta name=\"twitter:label1\" content=\"\u00c9crit par\" \/>\n\t<meta name=\"twitter:data1\" content=\"libna\" \/>\n\t<meta name=\"twitter:label2\" content=\"Dur\u00e9e de lecture estim\u00e9e\" \/>\n\t<meta name=\"twitter:data2\" content=\"6 minutes\" \/>\n<script type=\"application\/ld+json\" class=\"yoast-schema-graph\">{\"@context\":\"https:\\\/\\\/schema.org\",\"@graph\":[{\"@type\":\"Article\",\"@id\":\"https:\\\/\\\/interamerica.org\\\/fr\\\/2025\\\/10\\\/le-gouvernement-colombien-honore-la-jeunesse-adventiste-pour-sa-promotion-de-la-paix-et-du-service-communautaire\\\/#article\",\"isPartOf\":{\"@id\":\"https:\\\/\\\/interamerica.org\\\/fr\\\/2025\\\/10\\\/le-gouvernement-colombien-honore-la-jeunesse-adventiste-pour-sa-promotion-de-la-paix-et-du-service-communautaire\\\/\"},\"author\":{\"name\":\"libna\",\"@id\":\"https:\\\/\\\/interamerica.org\\\/fr\\\/#\\\/schema\\\/person\\\/29998f2bc2d8bd0d38662909289b54f1\"},\"headline\":\"Le gouvernement colombien honore la jeunesse adventiste pour sa promotion de la paix et du service communautaire\",\"datePublished\":\"2025-10-29T01:13:44+00:00\",\"dateModified\":\"2025-10-30T02:02:13+00:00\",\"mainEntityOfPage\":{\"@id\":\"https:\\\/\\\/interamerica.org\\\/fr\\\/2025\\\/10\\\/le-gouvernement-colombien-honore-la-jeunesse-adventiste-pour-sa-promotion-de-la-paix-et-du-service-communautaire\\\/\"},\"wordCount\":1271,\"image\":{\"@id\":\"https:\\\/\\\/interamerica.org\\\/fr\\\/2025\\\/10\\\/le-gouvernement-colombien-honore-la-jeunesse-adventiste-pour-sa-promotion-de-la-paix-et-du-service-communautaire\\\/#primaryimage\"},\"thumbnailUrl\":\"https:\\\/\\\/interamerica.org\\\/wp-content\\\/uploads\\\/2025\\\/10\\\/nocu-cartagena-hall.jpg\",\"articleSection\":[\"Nouvelles du territoire\",\"RSS Fran\u00e7ais\"],\"inLanguage\":\"fr-FR\"},{\"@type\":\"WebPage\",\"@id\":\"https:\\\/\\\/interamerica.org\\\/fr\\\/2025\\\/10\\\/le-gouvernement-colombien-honore-la-jeunesse-adventiste-pour-sa-promotion-de-la-paix-et-du-service-communautaire\\\/\",\"url\":\"https:\\\/\\\/interamerica.org\\\/fr\\\/2025\\\/10\\\/le-gouvernement-colombien-honore-la-jeunesse-adventiste-pour-sa-promotion-de-la-paix-et-du-service-communautaire\\\/\",\"name\":\"Le gouvernement colombien honore la jeunesse adventiste pour sa promotion de la paix et du service communautaire - \u00c9glise Adventiste Du Septieme Jour - Inter Am\u00e9rique Division\",\"isPartOf\":{\"@id\":\"https:\\\/\\\/interamerica.org\\\/fr\\\/#website\"},\"primaryImageOfPage\":{\"@id\":\"https:\\\/\\\/interamerica.org\\\/fr\\\/2025\\\/10\\\/le-gouvernement-colombien-honore-la-jeunesse-adventiste-pour-sa-promotion-de-la-paix-et-du-service-communautaire\\\/#primaryimage\"},\"image\":{\"@id\":\"https:\\\/\\\/interamerica.org\\\/fr\\\/2025\\\/10\\\/le-gouvernement-colombien-honore-la-jeunesse-adventiste-pour-sa-promotion-de-la-paix-et-du-service-communautaire\\\/#primaryimage\"},\"thumbnailUrl\":\"https:\\\/\\\/interamerica.org\\\/wp-content\\\/uploads\\\/2025\\\/10\\\/nocu-cartagena-hall.jpg\",\"datePublished\":\"2025-10-29T01:13:44+00:00\",\"dateModified\":\"2025-10-30T02:02:13+00:00\",\"author\":{\"@id\":\"https:\\\/\\\/interamerica.org\\\/fr\\\/#\\\/schema\\\/person\\\/29998f2bc2d8bd0d38662909289b54f1\"},\"breadcrumb\":{\"@id\":\"https:\\\/\\\/interamerica.org\\\/fr\\\/2025\\\/10\\\/le-gouvernement-colombien-honore-la-jeunesse-adventiste-pour-sa-promotion-de-la-paix-et-du-service-communautaire\\\/#breadcrumb\"},\"inLanguage\":\"fr-FR\",\"potentialAction\":[{\"@type\":\"ReadAction\",\"target\":[\"https:\\\/\\\/interamerica.org\\\/fr\\\/2025\\\/10\\\/le-gouvernement-colombien-honore-la-jeunesse-adventiste-pour-sa-promotion-de-la-paix-et-du-service-communautaire\\\/\"]}]},{\"@type\":\"ImageObject\",\"inLanguage\":\"fr-FR\",\"@id\":\"https:\\\/\\\/interamerica.org\\\/fr\\\/2025\\\/10\\\/le-gouvernement-colombien-honore-la-jeunesse-adventiste-pour-sa-promotion-de-la-paix-et-du-service-communautaire\\\/#primaryimage\",\"url\":\"https:\\\/\\\/interamerica.org\\\/wp-content\\\/uploads\\\/2025\\\/10\\\/nocu-cartagena-hall.jpg\",\"contentUrl\":\"https:\\\/\\\/interamerica.org\\\/wp-content\\\/uploads\\\/2025\\\/10\\\/nocu-cartagena-hall.jpg\",\"width\":1440,\"height\":815,\"caption\":\"Adventurer, Pathfinder, and Master Guide Club members in Mar\u00eda La Baja joined the Bol\u00edvar government\u2019s recognition ceremony for their commitment to youth, peace, and community service.. [ Photo: Caribbean Colombian Conference]\"},{\"@type\":\"BreadcrumbList\",\"@id\":\"https:\\\/\\\/interamerica.org\\\/fr\\\/2025\\\/10\\\/le-gouvernement-colombien-honore-la-jeunesse-adventiste-pour-sa-promotion-de-la-paix-et-du-service-communautaire\\\/#breadcrumb\",\"itemListElement\":[{\"@type\":\"ListItem\",\"position\":1,\"name\":\"Home\",\"item\":\"https:\\\/\\\/interamerica.org\\\/fr\\\/\"},{\"@type\":\"ListItem\",\"position\":2,\"name\":\"Le gouvernement colombien honore la jeunesse adventiste pour sa promotion de la paix et du service communautaire\"}]},{\"@type\":\"WebSite\",\"@id\":\"https:\\\/\\\/interamerica.org\\\/fr\\\/#website\",\"url\":\"https:\\\/\\\/interamerica.org\\\/fr\\\/\",\"name\":\"\u00c9glise Adventiste Du Septieme Jour - Inter Am\u00e9rique Division\",\"description\":\"\",\"potentialAction\":[{\"@type\":\"SearchAction\",\"target\":{\"@type\":\"EntryPoint\",\"urlTemplate\":\"https:\\\/\\\/interamerica.org\\\/fr\\\/?s={search_term_string}\"},\"query-input\":{\"@type\":\"PropertyValueSpecification\",\"valueRequired\":true,\"valueName\":\"search_term_string\"}}],\"inLanguage\":\"fr-FR\"},{\"@type\":\"Person\",\"@id\":\"https:\\\/\\\/interamerica.org\\\/fr\\\/#\\\/schema\\\/person\\\/29998f2bc2d8bd0d38662909289b54f1\",\"name\":\"libna\",\"image\":{\"@type\":\"ImageObject\",\"inLanguage\":\"fr-FR\",\"@id\":\"https:\\\/\\\/secure.gravatar.com\\\/avatar\\\/7c5bd30ae4b47a9ba3c856590957fd1d96dc588bf3ac05719d247e126840331f?s=96&d=mm&r=g\",\"url\":\"https:\\\/\\\/secure.gravatar.com\\\/avatar\\\/7c5bd30ae4b47a9ba3c856590957fd1d96dc588bf3ac05719d247e126840331f?s=96&d=mm&r=g\",\"contentUrl\":\"https:\\\/\\\/secure.gravatar.com\\\/avatar\\\/7c5bd30ae4b47a9ba3c856590957fd1d96dc588bf3ac05719d247e126840331f?s=96&d=mm&r=g\",\"caption\":\"libna\"}}]}<\/script>\n<!-- \/ Yoast SEO plugin. -->","yoast_head_json":{"title":"Le gouvernement colombien honore la jeunesse adventiste pour sa promotion de la paix et du service communautaire - \u00c9glise Adventiste Du Septieme Jour - Inter Am\u00e9rique Division","robots":{"index":"index","follow":"follow","max-snippet":"max-snippet:-1","max-image-preview":"max-image-preview:large","max-video-preview":"max-video-preview:-1"},"canonical":"https:\/\/interamerica.org\/fr\/2025\/10\/le-gouvernement-colombien-honore-la-jeunesse-adventiste-pour-sa-promotion-de-la-paix-et-du-service-communautaire\/","og_locale":"fr_FR","og_type":"article","og_title":"Le gouvernement colombien honore la jeunesse adventiste pour sa promotion de la paix et du service communautaire - \u00c9glise Adventiste Du Septieme Jour - Inter Am\u00e9rique Division","og_description":"Cette reconnaissance qui a eu lieu \u00e0 Carthag\u00e8ne met en lumi\u00e8re le r\u00f4le de l\u2019\u00c9glise adventiste dans la formation de jeunes dirigeants. 24 Octobre 2025 | Medell\u00edn, Colombie | Cristin...","og_url":"https:\/\/interamerica.org\/fr\/2025\/10\/le-gouvernement-colombien-honore-la-jeunesse-adventiste-pour-sa-promotion-de-la-paix-et-du-service-communautaire\/","og_site_name":"\u00c9glise Adventiste Du Septieme Jour - Inter Am\u00e9rique Division","article_published_time":"2025-10-29T01:13:44+00:00","article_modified_time":"2025-10-30T02:02:13+00:00","og_image":[{"width":1440,"height":815,"url":"https:\/\/interamerica.org\/wp-content\/uploads\/2025\/10\/nocu-cartagena-hall.jpg","type":"image\/jpeg"}],"author":"libna","twitter_card":"summary_large_image","twitter_misc":{"\u00c9crit par":"libna","Dur\u00e9e de lecture estim\u00e9e":"6 minutes"},"schema":{"@context":"https:\/\/schema.org","@graph":[{"@type":"Article","@id":"https:\/\/interamerica.org\/fr\/2025\/10\/le-gouvernement-colombien-honore-la-jeunesse-adventiste-pour-sa-promotion-de-la-paix-et-du-service-communautaire\/#article","isPartOf":{"@id":"https:\/\/interamerica.org\/fr\/2025\/10\/le-gouvernement-colombien-honore-la-jeunesse-adventiste-pour-sa-promotion-de-la-paix-et-du-service-communautaire\/"},"author":{"name":"libna","@id":"https:\/\/interamerica.org\/fr\/#\/schema\/person\/29998f2bc2d8bd0d38662909289b54f1"},"headline":"Le gouvernement colombien honore la jeunesse adventiste pour sa promotion de la paix et du service communautaire","datePublished":"2025-10-29T01:13:44+00:00","dateModified":"2025-10-30T02:02:13+00:00","mainEntityOfPage":{"@id":"https:\/\/interamerica.org\/fr\/2025\/10\/le-gouvernement-colombien-honore-la-jeunesse-adventiste-pour-sa-promotion-de-la-paix-et-du-service-communautaire\/"},"wordCount":1271,"image":{"@id":"https:\/\/interamerica.org\/fr\/2025\/10\/le-gouvernement-colombien-honore-la-jeunesse-adventiste-pour-sa-promotion-de-la-paix-et-du-service-communautaire\/#primaryimage"},"thumbnailUrl":"https:\/\/interamerica.org\/wp-content\/uploads\/2025\/10\/nocu-cartagena-hall.jpg","articleSection":["Nouvelles du territoire","RSS Fran\u00e7ais"],"inLanguage":"fr-FR"},{"@type":"WebPage","@id":"https:\/\/interamerica.org\/fr\/2025\/10\/le-gouvernement-colombien-honore-la-jeunesse-adventiste-pour-sa-promotion-de-la-paix-et-du-service-communautaire\/","url":"https:\/\/interamerica.org\/fr\/2025\/10\/le-gouvernement-colombien-honore-la-jeunesse-adventiste-pour-sa-promotion-de-la-paix-et-du-service-communautaire\/","name":"Le gouvernement colombien honore la jeunesse adventiste pour sa promotion de la paix et du service communautaire - \u00c9glise Adventiste Du Septieme Jour - Inter Am\u00e9rique Division","isPartOf":{"@id":"https:\/\/interamerica.org\/fr\/#website"},"primaryImageOfPage":{"@id":"https:\/\/interamerica.org\/fr\/2025\/10\/le-gouvernement-colombien-honore-la-jeunesse-adventiste-pour-sa-promotion-de-la-paix-et-du-service-communautaire\/#primaryimage"},"image":{"@id":"https:\/\/interamerica.org\/fr\/2025\/10\/le-gouvernement-colombien-honore-la-jeunesse-adventiste-pour-sa-promotion-de-la-paix-et-du-service-communautaire\/#primaryimage"},"thumbnailUrl":"https:\/\/interamerica.org\/wp-content\/uploads\/2025\/10\/nocu-cartagena-hall.jpg","datePublished":"2025-10-29T01:13:44+00:00","dateModified":"2025-10-30T02:02:13+00:00","author":{"@id":"https:\/\/interamerica.org\/fr\/#\/schema\/person\/29998f2bc2d8bd0d38662909289b54f1"},"breadcrumb":{"@id":"https:\/\/interamerica.org\/fr\/2025\/10\/le-gouvernement-colombien-honore-la-jeunesse-adventiste-pour-sa-promotion-de-la-paix-et-du-service-communautaire\/#breadcrumb"},"inLanguage":"fr-FR","potentialAction":[{"@type":"ReadAction","target":["https:\/\/interamerica.org\/fr\/2025\/10\/le-gouvernement-colombien-honore-la-jeunesse-adventiste-pour-sa-promotion-de-la-paix-et-du-service-communautaire\/"]}]},{"@type":"ImageObject","inLanguage":"fr-FR","@id":"https:\/\/interamerica.org\/fr\/2025\/10\/le-gouvernement-colombien-honore-la-jeunesse-adventiste-pour-sa-promotion-de-la-paix-et-du-service-communautaire\/#primaryimage","url":"https:\/\/interamerica.org\/wp-content\/uploads\/2025\/10\/nocu-cartagena-hall.jpg","contentUrl":"https:\/\/interamerica.org\/wp-content\/uploads\/2025\/10\/nocu-cartagena-hall.jpg","width":1440,"height":815,"caption":"Adventurer, Pathfinder, and Master Guide Club members in Mar\u00eda La Baja joined the Bol\u00edvar government\u2019s recognition ceremony for their commitment to youth, peace, and community service.. [ Photo: Caribbean Colombian Conference]"},{"@type":"BreadcrumbList","@id":"https:\/\/interamerica.org\/fr\/2025\/10\/le-gouvernement-colombien-honore-la-jeunesse-adventiste-pour-sa-promotion-de-la-paix-et-du-service-communautaire\/#breadcrumb","itemListElement":[{"@type":"ListItem","position":1,"name":"Home","item":"https:\/\/interamerica.org\/fr\/"},{"@type":"ListItem","position":2,"name":"Le gouvernement colombien honore la jeunesse adventiste pour sa promotion de la paix et du service communautaire"}]},{"@type":"WebSite","@id":"https:\/\/interamerica.org\/fr\/#website","url":"https:\/\/interamerica.org\/fr\/","name":"\u00c9glise Adventiste Du Septieme Jour - Inter Am\u00e9rique Division","description":"","potentialAction":[{"@type":"SearchAction","target":{"@type":"EntryPoint","urlTemplate":"https:\/\/interamerica.org\/fr\/?s={search_term_string}"},"query-input":{"@type":"PropertyValueSpecification","valueRequired":true,"valueName":"search_term_string"}}],"inLanguage":"fr-FR"},{"@type":"Person","@id":"https:\/\/interamerica.org\/fr\/#\/schema\/person\/29998f2bc2d8bd0d38662909289b54f1","name":"libna","image":{"@type":"ImageObject","inLanguage":"fr-FR","@id":"https:\/\/secure.gravatar.com\/avatar\/7c5bd30ae4b47a9ba3c856590957fd1d96dc588bf3ac05719d247e126840331f?s=96&d=mm&r=g","url":"https:\/\/secure.gravatar.com\/avatar\/7c5bd30ae4b47a9ba3c856590957fd1d96dc588bf3ac05719d247e126840331f?s=96&d=mm&r=g","contentUrl":"https:\/\/secure.gravatar.com\/avatar\/7c5bd30ae4b47a9ba3c856590957fd1d96dc588bf3ac05719d247e126840331f?s=96&d=mm&r=g","caption":"libna"}}]}},"_links":{"self":[{"href":"https:\/\/interamerica.org\/fr\/wp-json\/wp\/v2\/posts\/135029","targetHints":{"allow":["GET"]}}],"collection":[{"href":"https:\/\/interamerica.org\/fr\/wp-json\/wp\/v2\/posts"}],"about":[{"href":"https:\/\/interamerica.org\/fr\/wp-json\/wp\/v2\/types\/post"}],"author":[{"embeddable":true,"href":"https:\/\/interamerica.org\/fr\/wp-json\/wp\/v2\/users\/3"}],"replies":[{"embeddable":true,"href":"https:\/\/interamerica.org\/fr\/wp-json\/wp\/v2\/comments?post=135029"}],"version-history":[{"count":1,"href":"https:\/\/interamerica.org\/fr\/wp-json\/wp\/v2\/posts\/135029\/revisions"}],"predecessor-version":[{"id":135102,"href":"https:\/\/interamerica.org\/fr\/wp-json\/wp\/v2\/posts\/135029\/revisions\/135102"}],"wp:featuredmedia":[{"embeddable":true,"href":"https:\/\/interamerica.org\/fr\/wp-json\/wp\/v2\/media\/135004"}],"wp:attachment":[{"href":"https:\/\/interamerica.org\/fr\/wp-json\/wp\/v2\/media?parent=135029"}],"wp:term":[{"taxonomy":"category","embeddable":true,"href":"https:\/\/interamerica.org\/fr\/wp-json\/wp\/v2\/categories?post=135029"},{"taxonomy":"post_tag","embeddable":true,"href":"https:\/\/interamerica.org\/fr\/wp-json\/wp\/v2\/tags?post=135029"}],"curies":[{"name":"wp","href":"https:\/\/api.w.org\/{rel}","templated":true}]}}