{"id":135106,"date":"2025-10-29T20:29:44","date_gmt":"2025-10-30T00:29:44","guid":{"rendered":"https:\/\/interamerica.org\/?p=135106"},"modified":"2025-10-31T13:13:23","modified_gmt":"2025-10-31T17:13:23","slug":"leglise-adventiste-en-inter-amerique-affirme-son-identite-avec-un-temps-demphase-sur-lesprit-de-prophetie","status":"publish","type":"post","link":"https:\/\/interamerica.org\/fr\/2025\/10\/leglise-adventiste-en-inter-amerique-affirme-son-identite-avec-un-temps-demphase-sur-lesprit-de-prophetie\/","title":{"rendered":"L\u2019\u00c9glise adventiste en Inter Am\u00e9rique affirme son identit\u00e9 avec un temps d\u2019emphase sur \u00ab l\u2019Esprit de Proph\u00e9tie \u00bb"},"content":{"rendered":"<p><div id=\"attachment_135052\" style=\"width: 1034px\" class=\"wp-caption aligncenter\"><img fetchpriority=\"high\" decoding=\"async\" aria-describedby=\"caption-attachment-135052\" class=\"size-large wp-image-135051\" src=\"https:\/\/interamerica.org\/wp-content\/uploads\/2025\/10\/juanjose-andrade-oct2025-1024x640.jpg\" alt=\"\" width=\"1024\" height=\"640\" srcset=\"https:\/\/interamerica.org\/wp-content\/uploads\/2025\/10\/juanjose-andrade-oct2025-1024x640.jpg 1024w, https:\/\/interamerica.org\/wp-content\/uploads\/2025\/10\/juanjose-andrade-oct2025-300x188.jpg 300w, https:\/\/interamerica.org\/wp-content\/uploads\/2025\/10\/juanjose-andrade-oct2025-768x480.jpg 768w, https:\/\/interamerica.org\/wp-content\/uploads\/2025\/10\/juanjose-andrade-oct2025.jpg 1280w\" sizes=\"(max-width: 1024px) 100vw, 1024px\" \/><p id=\"caption-attachment-135052\" class=\"wp-caption-text\">Dr Juan Jos\u00e9 Andrade, directeur du Centre de Recherche Ellen G. White de l\u2019Universit\u00e9 de Montemorelos, dans le nord du Mexique, pr\u00e9sente le premier message le 18 octobre 2025, pour d\u00e9buter la Semaine d\u2019Emphase sur l\u2019Esprit de Proph\u00e9tie organis\u00e9e en ligne par la Division Inter Am\u00e9ricaine. Auteur des huit messages principaux explorant la foi et l\u2019esp\u00e9rance pour le temps de la fin, Dr Andrade a conclu la semaine sp\u00e9ciale le 25 octobre 2025. [Photo : Libna Stevens\/DIA]<\/p><\/div><em>Cette initiative annuelle inspire une foi nouvelle, un \u00e9quilibre dans l\u2019\u00e9tude et la pr\u00e9paration pour le retour du Christ.<\/em><\/p>\n<p>29 Octobre 2025 | Miami, Floride, \u00c9tats-Unis Libna Stevens, Actualit\u00e9s de la Division Inter Am\u00e9ricaine<\/p>\n<p>La Division Inter Am\u00e9ricaine des adventistes du septi\u00e8me jour a organis\u00e9 une semaine sp\u00e9ciale d\u2019emphase spirituelle du 18 au 25 octobre, mettant l\u2019accent sur les \u00e9crits proph\u00e9tiques d\u2019Ellen G. White, l\u2019une des fondatrices de l\u2019\u00c9glise, dont les conseils continuent d\u2019inspirer et de guider les croyants aujourd\u2019hui.<\/p>\n<p>Avec pour th\u00e8me \u00ab Messages d\u2019Esp\u00e9rance pour le Temps de la Fin, \u00bb cette semaine a \u00e9t\u00e9 l\u2019occasion d\u2019avoir des pr\u00e9sentations faites le soir par des experts des Centres de Recherche Ellen G. White des universit\u00e9s de la DIA et con\u00e7ues pour \u00eatre visionn\u00e9es dans les \u00e9glises, les petits groupes et les foyers.<\/p>\n<p>\u00ab Notre principal objectif avec cette semaine sp\u00e9ciale d\u2019emphase est de raviver l\u2019int\u00e9r\u00eat spirituel et d\u2019encourager la lecture des \u00e9crits d\u2019Ellen G. White, en mettant en lumi\u00e8re les pr\u00e9cieuses ressources qu\u2019elle nous a l\u00e9gu\u00e9es, \u00bb a d\u00e9clar\u00e9 Dr Isa\u00edas Espinoza, directeur des minist\u00e8res des publications et coordinateur de \u00ab l\u2019Esprit de Proph\u00e9tie \u00bb dans la DIA.<\/p>\n<p><div id=\"attachment_135040\" style=\"width: 1010px\" class=\"wp-caption aligncenter\"><img decoding=\"async\" aria-describedby=\"caption-attachment-135040\" class=\"size-full wp-image-135039\" src=\"https:\/\/interamerica.org\/wp-content\/uploads\/2025\/10\/isaiasespinoza-sop-oct2025.jpg\" alt=\"\" width=\"1000\" height=\"667\" srcset=\"https:\/\/interamerica.org\/wp-content\/uploads\/2025\/10\/isaiasespinoza-sop-oct2025.jpg 1000w, https:\/\/interamerica.org\/wp-content\/uploads\/2025\/10\/isaiasespinoza-sop-oct2025-300x200.jpg 300w, https:\/\/interamerica.org\/wp-content\/uploads\/2025\/10\/isaiasespinoza-sop-oct2025-768x512.jpg 768w\" sizes=\"(max-width: 1000px) 100vw, 1000px\" \/><p id=\"caption-attachment-135040\" class=\"wp-caption-text\">Dr\u00a0 Isa\u00edas Espinoza, directeur des minist\u00e8res des publications et coordinateur de \u00ab l\u2019Esprit de Proph\u00e9tie \u00bb pour la Division Inter Am\u00e9ricaine, pr\u00e9sente chaque soir avec son \u00e9pouse Edith Ruiz, les programmes de la Semaine de l\u2019Esprit de Proph\u00e9tie, du 18 au 25 octobre 2025. [Photo : Libna Stevens\/DIA]<\/p><\/div>L\u2019initiative, qui en est \u00e0 sa deuxi\u00e8me ann\u00e9e, a invit\u00e9 des pasteurs, des \u00e9ducateurs et des membres venus de toute l\u2019Inter Am\u00e9rique \u00e0 m\u00e9diter sur la voix proph\u00e9tique qui a fa\u00e7onn\u00e9 la foi et l\u2019identit\u00e9 adventistes depuis des g\u00e9n\u00e9rations et \u00e0 l\u2019appliquer \u00e0 leur vie alors qu\u2019ils se pr\u00e9parent pour le temps de la fin avant la seconde venue de J\u00e9sus.<\/p>\n<p><strong>Mettre l\u2019accent sur la fid\u00e9lit\u00e9 et la pr\u00e9paration <\/strong><\/p>\n<p>Des experts des Centres de Recherche Ellen White et des Centres Ellen White dans la DIA ont fait chaque soir des pr\u00e9sentations explorant la souverainet\u00e9 du Christ, la mission de l\u2019\u00c9glise pour la fin des temps et la pr\u00e9paration du croyant pour le jugement final. Les messages ont insist\u00e9 sur la fid\u00e9lit\u00e9 dans l\u2019\u00e9preuve, l\u2019identit\u00e9 et la vocation de l\u2019\u00c9glise du reste et l\u2019\u0153uvre puissante du Saint-Esprit \u00e0 travers la pluie de l\u2019arri\u00e8re-saison. Les intervenants ont \u00e9galement abord\u00e9 des th\u00e8mes proph\u00e9tiques tels que les sept derni\u00e8res plaies et le voyage ultime du croyant vers la maison du P\u00e8re.<\/p>\n<p>Pasteur Espinoza a fait \u00e9tat de la pr\u00e9occupation li\u00e9e au d\u00e9clin de l\u2019int\u00e9r\u00eat port\u00e9 aux \u00e9crits d\u2019Ellen G. White. Un r\u00e9cent sondage men\u00e9 aupr\u00e8s de 2600 participants dans la Division Inter Am\u00e9ricaine a r\u00e9v\u00e9l\u00e9 que la lecture de ces \u00e9crits a chut\u00e9 passant de 23 pour cent \u00e0 18 pour cent, et que 10 pour cent des pasteurs n\u2019utilisent pas ses \u00e9crits dans leurs sermons. \u00ab Nous sommes conscients que ce taux est faible. Nous souhaitons que tous nos pasteurs fassent bon usage des \u00e9crits de l\u2019Esprit de Proph\u00e9tie, et encouragent nos membres \u00e0 plonger dans ces \u00e9crits, \u00bb a dit pasteur Espinoza. \u00ab Nous poursuivrons cette initiative, en esp\u00e9rant qu\u2019elle sera une b\u00e9n\u00e9diction et que le prochain sondage montrera une am\u00e9lioration. \u00bb<\/p>\n<p><div id=\"attachment_135043\" style=\"width: 1010px\" class=\"wp-caption aligncenter\"><img decoding=\"async\" aria-describedby=\"caption-attachment-135043\" class=\"size-full wp-image-135042\" src=\"https:\/\/interamerica.org\/wp-content\/uploads\/2025\/10\/robert-wright-sop-oct2025.jpg\" alt=\"\" width=\"1000\" height=\"669\" srcset=\"https:\/\/interamerica.org\/wp-content\/uploads\/2025\/10\/robert-wright-sop-oct2025.jpg 1000w, https:\/\/interamerica.org\/wp-content\/uploads\/2025\/10\/robert-wright-sop-oct2025-300x201.jpg 300w, https:\/\/interamerica.org\/wp-content\/uploads\/2025\/10\/robert-wright-sop-oct2025-768x514.jpg 768w\" sizes=\"(max-width: 1000px) 100vw, 1000px\" \/><p id=\"caption-attachment-135043\" class=\"wp-caption-text\">Dr Robert Wright, directeur du Centre Ellen G. White de l\u2019Universit\u00e9 du Nord de la Cara\u00efbe en Jama\u00efque, figurait parmi les orateurs de la Semaine d\u2019Emphase sur l\u2019Esprit de Proph\u00e9tie, diffus\u00e9e depuis le si\u00e8ge de la Division Inter Am\u00e9ricaine \u00e0 Miami, en Floride (\u00c9tats-Unis). [Photo : Libna Stevens\/DIA]<\/p><\/div><strong>\u00c9largir l\u2019acc\u00e8s et l\u2019impact local <\/strong><\/p>\n<p>L\u2019int\u00e9r\u00eat pour cette initiative n\u2019a cess\u00e9 de cro\u00eetre depuis sa premi\u00e8re ann\u00e9e, a indiqu\u00e9 pasteur Espinoza. \u00ab D\u00e8s le mois de f\u00e9vrier, de nombreux responsables demandaient d\u00e9j\u00e0 quand les sujets seraient disponibles. Cela t\u00e9moigne du sens de l\u2019urgence et de l\u2019engagement, \u00bb a-t-il d\u00e9clar\u00e9. Cette ann\u00e9e, les \u00e9glises ont re\u00e7u les pr\u00e9sentations en versions num\u00e9rique et imprim\u00e9e afin que le contenu soit plus largement accessible. \u00ab C\u2019est une v\u00e9ritable b\u00e9n\u00e9diction, car maintenant, chaque ancien ou la\u00efc peut partager des ressources bien pr\u00e9par\u00e9es sans avoir \u00e0 improviser, \u00bb a ajout\u00e9 pasteur Espinoza.<\/p>\n<p>Cette approche vise \u00e0 renforcer le mouvement de l\u2019Esprit de Proph\u00e9tie au niveau des \u00e9glises locales sur l\u2019ensemble du territoire.<\/p>\n<p><strong>Un leadership \u00e9rudit et collaboratif<\/strong><\/p>\n<p>Les messages de cette ann\u00e9e ont \u00e9t\u00e9 pr\u00e9par\u00e9s par le Dr Juan Jos\u00e9 Andrade, directeur du Centre de Recherche Ellen G. White pour la Division Inter Am\u00e9ricaine, bas\u00e9 \u00e0 l\u2019Universit\u00e9 de Montemorelos, dans le nord du Mexique. Il est \u00e9galement doyen de la Facult\u00e9 de Th\u00e9ologie de l\u2019Universit\u00e9 de Montemorelos.<\/p>\n<p><div id=\"attachment_135046\" style=\"width: 1010px\" class=\"wp-caption aligncenter\"><img loading=\"lazy\" decoding=\"async\" aria-describedby=\"caption-attachment-135046\" class=\"size-full wp-image-135045\" src=\"https:\/\/interamerica.org\/wp-content\/uploads\/2025\/10\/obed-jimenes-sop-oc2025.jpg\" alt=\"\" width=\"1000\" height=\"671\" srcset=\"https:\/\/interamerica.org\/wp-content\/uploads\/2025\/10\/obed-jimenes-sop-oc2025.jpg 1000w, https:\/\/interamerica.org\/wp-content\/uploads\/2025\/10\/obed-jimenes-sop-oc2025-300x201.jpg 300w, https:\/\/interamerica.org\/wp-content\/uploads\/2025\/10\/obed-jimenes-sop-oc2025-768x515.jpg 768w\" sizes=\"(max-width: 1000px) 100vw, 1000px\" \/><p id=\"caption-attachment-135046\" class=\"wp-caption-text\">Dr Obed Jim\u00e9nez, directeur du Centre Ellen G. White \u00e0 l\u2019Universit\u00e9 Adventiste des Antilles \u00e0 Mayag\u00fcez, \u00e0 Porto Rico, a pr\u00e9sent\u00e9 l\u2019un de ses deux messages lors de la Semaine d\u2019Emphase sur l\u2019Esprit de Proph\u00e9tie, qui s\u2019est tenue en ligne du 18 au 25 octobre 2025. [Photo : Libna Stevens\/DIA]<\/p><\/div>Dr Andrade a soulign\u00e9 l\u2019importance d\u2019une \u00e9tude approfondie et \u00e9quilibr\u00e9e de l\u2019Esprit de Proph\u00e9tie. \u00ab Nous encourageons une recherche s\u00e9rieuse, en particulier chez les \u00e9tudiants, afin qu\u2019ils int\u00e8grent la perspective adventiste dans leur \u00e9tude des \u00e9crits d\u2019Ellen G. White, \u00bb a-t-il dit.<\/p>\n<p>Dr Andrade et ses coll\u00e8gues directeurs dans toute la DIA se r\u00e9unissent chaque ann\u00e9e pour pr\u00e9parer la Semaine de l\u2019Esprit de Proph\u00e9tie et choisir des th\u00e8mes qui inspirent la foi et l\u2019esp\u00e9rance. \u00ab Le th\u00e8me de 2025 \u00e9tait centr\u00e9 sur des sujets en rapport avec le temps de la fin et mettant l\u2019accent sur l\u2019\u0153uvre de J\u00e9sus dans nos vies, m\u00eame au milieu des difficult\u00e9s, \u00bb a-t-il expliqu\u00e9.<\/p>\n<p>Historien dans l\u2019\u00e2me, Dr Andrade a d\u00e9clar\u00e9 \u00eatre inspir\u00e9 par la pers\u00e9v\u00e9rance des pionniers. \u00ab Il y a tant \u00e0 apprendre de leur exemple, \u00bb a-t-il ajout\u00e9, notant que l\u2019int\u00e9r\u00eat pour les \u00e9crits d\u2019Ellen White grandit malgr\u00e9 la d\u00e9sinformation en ligne qui \u00ab suscite la curiosit\u00e9, mais aussi la confusion. \u00bb<\/p>\n<p>\u00c0 l\u2019Universit\u00e9 du Nord de la Cara\u00efbe (NCU) en Jama\u00efque, Dr Robert Wright a dirig\u00e9 le Centre Ellen G. White pendant les dix derni\u00e8res ann\u00e9es. Il a d\u00e9clar\u00e9 que l\u2019Esprit de Proph\u00e9tie demeure essentiel \u00e0 la vie adventiste en Jama\u00efque. \u00ab L\u2019Esprit de Proph\u00e9tie est largement accept\u00e9 en Jama\u00efque, o\u00f9 Ellen G. White est reconnue comme une v\u00e9ritable messag\u00e8re de Dieu, \u00bb a-t-il affirm\u00e9.<\/p>\n<p><div id=\"attachment_135037\" style=\"width: 1034px\" class=\"wp-caption aligncenter\"><img loading=\"lazy\" decoding=\"async\" aria-describedby=\"caption-attachment-135037\" class=\"size-large wp-image-135036\" src=\"https:\/\/interamerica.org\/wp-content\/uploads\/2025\/10\/isaiasespinoza-sop-oct2025-1-1024x692.jpg\" alt=\"\" width=\"1024\" height=\"692\" srcset=\"https:\/\/interamerica.org\/wp-content\/uploads\/2025\/10\/isaiasespinoza-sop-oct2025-1-1024x692.jpg 1024w, https:\/\/interamerica.org\/wp-content\/uploads\/2025\/10\/isaiasespinoza-sop-oct2025-1-300x203.jpg 300w, https:\/\/interamerica.org\/wp-content\/uploads\/2025\/10\/isaiasespinoza-sop-oct2025-1-768x519.jpg 768w, https:\/\/interamerica.org\/wp-content\/uploads\/2025\/10\/isaiasespinoza-sop-oct2025-1.jpg 1451w\" sizes=\"(max-width: 1024px) 100vw, 1024px\" \/><p id=\"caption-attachment-135037\" class=\"wp-caption-text\">Pasteur Isa\u00edas Espinoza, qui est responsable des minist\u00e8res des publications et de l\u2019initiative autour de l\u2019Esprit de Proph\u00e9tie en Inter Am\u00e9rique, pr\u00e9sente un message de r\u00e9veil lors de la Semaine d\u2019Emphase sur l\u2019Esprit de Proph\u00e9tie qui a eu lieu du 18 au 25 octobre 2025. [Photo : Libna Stevens\/DIA]<\/p><\/div><strong>Un accent renouvel\u00e9 sur l\u2019accessibilit\u00e9 et la croissance<\/strong><\/p>\n<p>Lors de la Semaine sur l\u2019Esprit de Proph\u00e9tie de cette ann\u00e9e, le Dr Wright a abord\u00e9 les th\u00e8mes du \u00ab Criblage \u00bb et de la \u00ab Pluie de l\u2019Arri\u00e8re-Saison, \u00bb exhortant les membres \u00e0 se pr\u00e9parer spirituellement pour les temps \u00e0 venir. \u00ab Le criblage sera une grande \u00e9preuve pour notre foi \u2013 non pas pour nous d\u00e9truire, mais pour nous parfaire, \u00bb a-t-il d\u00e9clar\u00e9. Dr Wright a \u00e9galement appel\u00e9 \u00e0 l\u2019\u00e9quilibre : \u00ab Certains citent Ellen White plus souvent qu\u2019ils ne citent la Bible. Nous devons nous concentrer sur les \u00c9critures et utiliser ses \u00e9crits pour nous guider vers la Parole. \u00bb<\/p>\n<p>Dr Obed Jim\u00e9nez, directeur du Centre Ellen White \u00e0 l\u2019Universit\u00e9 Adventiste des Antilles \u00e0 Porto Rico, est \u00e9galement intervenu. Le programme co\u00efncidait avec un symposium qui se tenait \u00e0 Alajuela, au Costa Rica, et qui \u00e9tait organis\u00e9 en collaboration avec le Centre Ellen White de l\u2019Universit\u00e9 Adventiste d\u2019Am\u00e9rique Centrale, et portant sur le th\u00e8me \u00ab Ellen G. White et la Derni\u00e8re G\u00e9n\u00e9ration. \u00bb<\/p>\n<p>Pasteur Espinoza a indiqu\u00e9 que des projets sont en cours pour \u00e9tablir davantage de Centres Ellen White locaux au sein de la DIA afin de rendre les \u00e9crits d\u2019Ellen G. White accessibles aux membres qui ne peuvent ni acheter de livres ni les lire en ligne. \u00ab Nous louons Dieu du fait que le nombre de Centres Ellen White locaux augmente, \u00bb a-t-il d\u00e9clar\u00e9. \u00ab Nous esp\u00e9rons en compter au moins 200 d\u2019ici 2026. \u00bb<\/p>\n<p><div id=\"attachment_135034\" style=\"width: 960px\" class=\"wp-caption aligncenter\"><img loading=\"lazy\" decoding=\"async\" aria-describedby=\"caption-attachment-135034\" class=\"size-full wp-image-135033\" src=\"https:\/\/interamerica.org\/wp-content\/uploads\/2025\/10\/unadeca-sop-simposium-oc2025.jpg\" alt=\"\" width=\"950\" height=\"713\" srcset=\"https:\/\/interamerica.org\/wp-content\/uploads\/2025\/10\/unadeca-sop-simposium-oc2025.jpg 950w, https:\/\/interamerica.org\/wp-content\/uploads\/2025\/10\/unadeca-sop-simposium-oc2025-300x225.jpg 300w, https:\/\/interamerica.org\/wp-content\/uploads\/2025\/10\/unadeca-sop-simposium-oc2025-768x576.jpg 768w\" sizes=\"(max-width: 950px) 100vw, 950px\" \/><p id=\"caption-attachment-135034\" class=\"wp-caption-text\">Dr Carlos Mora, professeur de th\u00e9ologie \u00e0 l\u2019Universit\u00e9 de Montemorelos, s\u2019exprime lors du symposium \u00e0 l\u2019Universit\u00e9 Adventiste d\u2019Am\u00e9rique Centrale \u00e0 Alajuela, au Costa Rica, o\u00f9 des intervenants ont pr\u00e9sent\u00e9 des messages sp\u00e9ciaux, les 17 et 18 octobre 2025. [Photo : Isa\u00edas Espinoza\/DIA]<\/p><\/div><strong>Poursuivre la mission <\/strong><\/p>\n<p>Dans toute la Division Inter Am\u00e9ricaine, les Centres de Recherche Ellen White continuent de collaborer pour consolider la compr\u00e9hension biblique et promouvoir le message proph\u00e9tique, ont d\u00e9clar\u00e9 les dirigeants de l\u2019\u00c9glise. La Semaine annuelle sur l\u2019Esprit de Proph\u00e9tie a r\u00e9uni des universitaires et des pasteurs dans la proclamation de messages d\u2019esp\u00e9rance, de fid\u00e9lit\u00e9 et de pr\u00e9paration, renouvelant leur engagement \u00e0 \u00e9tudier la Parole de Dieu et \u00e0 poursuivre la mission de l\u2019\u00c9glise qui consiste \u00e0 pr\u00e9parer des vies pour le retour du Christ, a d\u00e9clar\u00e9 pasteur Espinoza.<\/p>\n<p><strong>Centres de Recherche Ellen G. White dans la DIA<\/strong><\/p>\n<ul>\n<li><a href=\"https:\/\/www.um.edu.mx\/\">Centre de Recherche Ellen White de l\u2019Universit\u00e9 de Montemorelos \u00e0 Montemorelos, au Mexique, fond\u00e9 en 1978.<\/a><\/li>\n<li><a href=\"https:\/\/www.ncu.edu.jm\/\">Centre Ellen White de l\u2019Universit\u00e9 du Nord de la Cara\u00efbe<\/a>\u00a0\u00e0 Mandeville, en Jama\u00efque, fond\u00e9 en 2003.<\/li>\n<li><a href=\"https:\/\/www.uaa.edu\/\">Centre Ellen White de l\u2019Universit\u00e9 Adventiste des Antilles <\/a>\u00a0\u00e0 Mayag\u00fcez, \u00e0 Porto Rico, fond\u00e9 en 2010.<\/li>\n<li><a href=\"https:\/\/unadeca.net\/cwhite\/elementor-2542\/\">Centre Ellen White de l\u2019Universit\u00e9 Adventiste d\u2019Am\u00e9rique Centrale <\/a>\u00a0\u00e0 Alajuela, au Costa Rica, fond\u00e9 en 2011.<\/li>\n<\/ul>\n<p>Pour voir le programme de la Semaine d\u2019Emphase sur l\u2019Esprit de Proph\u00e9tie de cette ann\u00e9e, cliquez\u00a0<a href=\"https:\/\/www.youtube.com\/watch?v=gGKPAtxE1_k&amp;list=PLJ9BBMAMiXj_i8O_bRp-WYtKAF3JZ7-0z&amp;index=24\">ICI<\/a><\/p>\n<p>&nbsp;<\/p>\n<p>Traduction: Patrick Luciathe<\/p>\n","protected":false},"excerpt":{"rendered":"<p>Cette initiative annuelle inspire une foi nouvelle, un \u00e9quilibre dans l\u2019\u00e9tude et la pr\u00e9paration pour le retour du Christ. 29 Octobre 2025 | Miami, Floride, \u00c9tats-Unis Libna Stevens, Actualit\u00e9s de&#8230;<\/p>\n","protected":false},"author":3,"featured_media":135052,"comment_status":"closed","ping_status":"closed","sticky":false,"template":"","format":"standard","meta":{"_acf_changed":false,"footnotes":""},"categories":[20,19],"tags":[],"class_list":["post-135106","post","type-post","status-publish","format-standard","has-post-thumbnail","hentry","category-nouvelles-du-siege-de-la-division","category-rss-francais"],"acf":[],"yoast_head":"<!-- This site is optimized with the Yoast SEO plugin v27.3 - https:\/\/yoast.com\/product\/yoast-seo-wordpress\/ -->\n<title>L\u2019\u00c9glise adventiste en Inter Am\u00e9rique affirme son identit\u00e9 avec un temps d\u2019emphase sur \u00ab l\u2019Esprit de Proph\u00e9tie \u00bb - \u00c9glise Adventiste Du Septieme Jour - Inter Am\u00e9rique Division<\/title>\n<meta name=\"robots\" content=\"index, follow, max-snippet:-1, max-image-preview:large, max-video-preview:-1\" \/>\n<link rel=\"canonical\" href=\"https:\/\/interamerica.org\/fr\/2025\/10\/leglise-adventiste-en-inter-amerique-affirme-son-identite-avec-un-temps-demphase-sur-lesprit-de-prophetie\/\" \/>\n<meta property=\"og:locale\" content=\"fr_FR\" \/>\n<meta property=\"og:type\" content=\"article\" \/>\n<meta property=\"og:title\" content=\"L\u2019\u00c9glise adventiste en Inter Am\u00e9rique affirme son identit\u00e9 avec un temps d\u2019emphase sur \u00ab l\u2019Esprit de Proph\u00e9tie \u00bb - \u00c9glise Adventiste Du Septieme Jour - Inter Am\u00e9rique Division\" \/>\n<meta property=\"og:description\" content=\"Cette initiative annuelle inspire une foi nouvelle, un \u00e9quilibre dans l\u2019\u00e9tude et la pr\u00e9paration pour le retour du Christ. 29 Octobre 2025 | Miami, Floride, \u00c9tats-Unis Libna Stevens, Actualit\u00e9s de...\" \/>\n<meta property=\"og:url\" content=\"https:\/\/interamerica.org\/fr\/2025\/10\/leglise-adventiste-en-inter-amerique-affirme-son-identite-avec-un-temps-demphase-sur-lesprit-de-prophetie\/\" \/>\n<meta property=\"og:site_name\" content=\"\u00c9glise Adventiste Du Septieme Jour - Inter Am\u00e9rique Division\" \/>\n<meta property=\"article:published_time\" content=\"2025-10-30T00:29:44+00:00\" \/>\n<meta property=\"article:modified_time\" content=\"2025-10-31T17:13:23+00:00\" \/>\n<meta property=\"og:image\" content=\"https:\/\/interamerica.org\/wp-content\/uploads\/2025\/10\/juanjose-andrade-oct2025.jpg\" \/>\n\t<meta property=\"og:image:width\" content=\"1280\" \/>\n\t<meta property=\"og:image:height\" content=\"800\" \/>\n\t<meta property=\"og:image:type\" content=\"image\/jpeg\" \/>\n<meta name=\"author\" content=\"libna\" \/>\n<meta name=\"twitter:card\" content=\"summary_large_image\" \/>\n<meta name=\"twitter:label1\" content=\"\u00c9crit par\" \/>\n\t<meta name=\"twitter:data1\" content=\"libna\" \/>\n\t<meta name=\"twitter:label2\" content=\"Dur\u00e9e de lecture estim\u00e9e\" \/>\n\t<meta name=\"twitter:data2\" content=\"9 minutes\" \/>\n<script type=\"application\/ld+json\" class=\"yoast-schema-graph\">{\"@context\":\"https:\\\/\\\/schema.org\",\"@graph\":[{\"@type\":\"Article\",\"@id\":\"https:\\\/\\\/interamerica.org\\\/fr\\\/2025\\\/10\\\/leglise-adventiste-en-inter-amerique-affirme-son-identite-avec-un-temps-demphase-sur-lesprit-de-prophetie\\\/#article\",\"isPartOf\":{\"@id\":\"https:\\\/\\\/interamerica.org\\\/fr\\\/2025\\\/10\\\/leglise-adventiste-en-inter-amerique-affirme-son-identite-avec-un-temps-demphase-sur-lesprit-de-prophetie\\\/\"},\"author\":{\"name\":\"libna\",\"@id\":\"https:\\\/\\\/interamerica.org\\\/fr\\\/#\\\/schema\\\/person\\\/29998f2bc2d8bd0d38662909289b54f1\"},\"headline\":\"L\u2019\u00c9glise adventiste en Inter Am\u00e9rique affirme son identit\u00e9 avec un temps d\u2019emphase sur \u00ab l\u2019Esprit de Proph\u00e9tie \u00bb\",\"datePublished\":\"2025-10-30T00:29:44+00:00\",\"dateModified\":\"2025-10-31T17:13:23+00:00\",\"mainEntityOfPage\":{\"@id\":\"https:\\\/\\\/interamerica.org\\\/fr\\\/2025\\\/10\\\/leglise-adventiste-en-inter-amerique-affirme-son-identite-avec-un-temps-demphase-sur-lesprit-de-prophetie\\\/\"},\"wordCount\":1868,\"image\":{\"@id\":\"https:\\\/\\\/interamerica.org\\\/fr\\\/2025\\\/10\\\/leglise-adventiste-en-inter-amerique-affirme-son-identite-avec-un-temps-demphase-sur-lesprit-de-prophetie\\\/#primaryimage\"},\"thumbnailUrl\":\"https:\\\/\\\/interamerica.org\\\/wp-content\\\/uploads\\\/2025\\\/10\\\/juanjose-andrade-oct2025.jpg\",\"articleSection\":[\"Nouvelles du si\u00e8ge de la division\",\"RSS Fran\u00e7ais\"],\"inLanguage\":\"fr-FR\"},{\"@type\":\"WebPage\",\"@id\":\"https:\\\/\\\/interamerica.org\\\/fr\\\/2025\\\/10\\\/leglise-adventiste-en-inter-amerique-affirme-son-identite-avec-un-temps-demphase-sur-lesprit-de-prophetie\\\/\",\"url\":\"https:\\\/\\\/interamerica.org\\\/fr\\\/2025\\\/10\\\/leglise-adventiste-en-inter-amerique-affirme-son-identite-avec-un-temps-demphase-sur-lesprit-de-prophetie\\\/\",\"name\":\"L\u2019\u00c9glise adventiste en Inter Am\u00e9rique affirme son identit\u00e9 avec un temps d\u2019emphase sur \u00ab l\u2019Esprit de Proph\u00e9tie \u00bb - \u00c9glise Adventiste Du Septieme Jour - Inter Am\u00e9rique Division\",\"isPartOf\":{\"@id\":\"https:\\\/\\\/interamerica.org\\\/fr\\\/#website\"},\"primaryImageOfPage\":{\"@id\":\"https:\\\/\\\/interamerica.org\\\/fr\\\/2025\\\/10\\\/leglise-adventiste-en-inter-amerique-affirme-son-identite-avec-un-temps-demphase-sur-lesprit-de-prophetie\\\/#primaryimage\"},\"image\":{\"@id\":\"https:\\\/\\\/interamerica.org\\\/fr\\\/2025\\\/10\\\/leglise-adventiste-en-inter-amerique-affirme-son-identite-avec-un-temps-demphase-sur-lesprit-de-prophetie\\\/#primaryimage\"},\"thumbnailUrl\":\"https:\\\/\\\/interamerica.org\\\/wp-content\\\/uploads\\\/2025\\\/10\\\/juanjose-andrade-oct2025.jpg\",\"datePublished\":\"2025-10-30T00:29:44+00:00\",\"dateModified\":\"2025-10-31T17:13:23+00:00\",\"author\":{\"@id\":\"https:\\\/\\\/interamerica.org\\\/fr\\\/#\\\/schema\\\/person\\\/29998f2bc2d8bd0d38662909289b54f1\"},\"breadcrumb\":{\"@id\":\"https:\\\/\\\/interamerica.org\\\/fr\\\/2025\\\/10\\\/leglise-adventiste-en-inter-amerique-affirme-son-identite-avec-un-temps-demphase-sur-lesprit-de-prophetie\\\/#breadcrumb\"},\"inLanguage\":\"fr-FR\",\"potentialAction\":[{\"@type\":\"ReadAction\",\"target\":[\"https:\\\/\\\/interamerica.org\\\/fr\\\/2025\\\/10\\\/leglise-adventiste-en-inter-amerique-affirme-son-identite-avec-un-temps-demphase-sur-lesprit-de-prophetie\\\/\"]}]},{\"@type\":\"ImageObject\",\"inLanguage\":\"fr-FR\",\"@id\":\"https:\\\/\\\/interamerica.org\\\/fr\\\/2025\\\/10\\\/leglise-adventiste-en-inter-amerique-affirme-son-identite-avec-un-temps-demphase-sur-lesprit-de-prophetie\\\/#primaryimage\",\"url\":\"https:\\\/\\\/interamerica.org\\\/wp-content\\\/uploads\\\/2025\\\/10\\\/juanjose-andrade-oct2025.jpg\",\"contentUrl\":\"https:\\\/\\\/interamerica.org\\\/wp-content\\\/uploads\\\/2025\\\/10\\\/juanjose-andrade-oct2025.jpg\",\"width\":1280,\"height\":800,\"caption\":\"[Photo: Libna Stevens\\\/IAD]\"},{\"@type\":\"BreadcrumbList\",\"@id\":\"https:\\\/\\\/interamerica.org\\\/fr\\\/2025\\\/10\\\/leglise-adventiste-en-inter-amerique-affirme-son-identite-avec-un-temps-demphase-sur-lesprit-de-prophetie\\\/#breadcrumb\",\"itemListElement\":[{\"@type\":\"ListItem\",\"position\":1,\"name\":\"Home\",\"item\":\"https:\\\/\\\/interamerica.org\\\/fr\\\/\"},{\"@type\":\"ListItem\",\"position\":2,\"name\":\"L\u2019\u00c9glise adventiste en Inter Am\u00e9rique affirme son identit\u00e9 avec un temps d\u2019emphase sur \u00ab l\u2019Esprit de Proph\u00e9tie \u00bb\"}]},{\"@type\":\"WebSite\",\"@id\":\"https:\\\/\\\/interamerica.org\\\/fr\\\/#website\",\"url\":\"https:\\\/\\\/interamerica.org\\\/fr\\\/\",\"name\":\"\u00c9glise Adventiste Du Septieme Jour - Inter Am\u00e9rique Division\",\"description\":\"\",\"potentialAction\":[{\"@type\":\"SearchAction\",\"target\":{\"@type\":\"EntryPoint\",\"urlTemplate\":\"https:\\\/\\\/interamerica.org\\\/fr\\\/?s={search_term_string}\"},\"query-input\":{\"@type\":\"PropertyValueSpecification\",\"valueRequired\":true,\"valueName\":\"search_term_string\"}}],\"inLanguage\":\"fr-FR\"},{\"@type\":\"Person\",\"@id\":\"https:\\\/\\\/interamerica.org\\\/fr\\\/#\\\/schema\\\/person\\\/29998f2bc2d8bd0d38662909289b54f1\",\"name\":\"libna\",\"image\":{\"@type\":\"ImageObject\",\"inLanguage\":\"fr-FR\",\"@id\":\"https:\\\/\\\/secure.gravatar.com\\\/avatar\\\/7c5bd30ae4b47a9ba3c856590957fd1d96dc588bf3ac05719d247e126840331f?s=96&d=mm&r=g\",\"url\":\"https:\\\/\\\/secure.gravatar.com\\\/avatar\\\/7c5bd30ae4b47a9ba3c856590957fd1d96dc588bf3ac05719d247e126840331f?s=96&d=mm&r=g\",\"contentUrl\":\"https:\\\/\\\/secure.gravatar.com\\\/avatar\\\/7c5bd30ae4b47a9ba3c856590957fd1d96dc588bf3ac05719d247e126840331f?s=96&d=mm&r=g\",\"caption\":\"libna\"}}]}<\/script>\n<!-- \/ Yoast SEO plugin. -->","yoast_head_json":{"title":"L\u2019\u00c9glise adventiste en Inter Am\u00e9rique affirme son identit\u00e9 avec un temps d\u2019emphase sur \u00ab l\u2019Esprit de Proph\u00e9tie \u00bb - \u00c9glise Adventiste Du Septieme Jour - Inter Am\u00e9rique Division","robots":{"index":"index","follow":"follow","max-snippet":"max-snippet:-1","max-image-preview":"max-image-preview:large","max-video-preview":"max-video-preview:-1"},"canonical":"https:\/\/interamerica.org\/fr\/2025\/10\/leglise-adventiste-en-inter-amerique-affirme-son-identite-avec-un-temps-demphase-sur-lesprit-de-prophetie\/","og_locale":"fr_FR","og_type":"article","og_title":"L\u2019\u00c9glise adventiste en Inter Am\u00e9rique affirme son identit\u00e9 avec un temps d\u2019emphase sur \u00ab l\u2019Esprit de Proph\u00e9tie \u00bb - \u00c9glise Adventiste Du Septieme Jour - Inter Am\u00e9rique Division","og_description":"Cette initiative annuelle inspire une foi nouvelle, un \u00e9quilibre dans l\u2019\u00e9tude et la pr\u00e9paration pour le retour du Christ. 29 Octobre 2025 | Miami, Floride, \u00c9tats-Unis Libna Stevens, Actualit\u00e9s de...","og_url":"https:\/\/interamerica.org\/fr\/2025\/10\/leglise-adventiste-en-inter-amerique-affirme-son-identite-avec-un-temps-demphase-sur-lesprit-de-prophetie\/","og_site_name":"\u00c9glise Adventiste Du Septieme Jour - Inter Am\u00e9rique Division","article_published_time":"2025-10-30T00:29:44+00:00","article_modified_time":"2025-10-31T17:13:23+00:00","og_image":[{"width":1280,"height":800,"url":"https:\/\/interamerica.org\/wp-content\/uploads\/2025\/10\/juanjose-andrade-oct2025.jpg","type":"image\/jpeg"}],"author":"libna","twitter_card":"summary_large_image","twitter_misc":{"\u00c9crit par":"libna","Dur\u00e9e de lecture estim\u00e9e":"9 minutes"},"schema":{"@context":"https:\/\/schema.org","@graph":[{"@type":"Article","@id":"https:\/\/interamerica.org\/fr\/2025\/10\/leglise-adventiste-en-inter-amerique-affirme-son-identite-avec-un-temps-demphase-sur-lesprit-de-prophetie\/#article","isPartOf":{"@id":"https:\/\/interamerica.org\/fr\/2025\/10\/leglise-adventiste-en-inter-amerique-affirme-son-identite-avec-un-temps-demphase-sur-lesprit-de-prophetie\/"},"author":{"name":"libna","@id":"https:\/\/interamerica.org\/fr\/#\/schema\/person\/29998f2bc2d8bd0d38662909289b54f1"},"headline":"L\u2019\u00c9glise adventiste en Inter Am\u00e9rique affirme son identit\u00e9 avec un temps d\u2019emphase sur \u00ab l\u2019Esprit de Proph\u00e9tie \u00bb","datePublished":"2025-10-30T00:29:44+00:00","dateModified":"2025-10-31T17:13:23+00:00","mainEntityOfPage":{"@id":"https:\/\/interamerica.org\/fr\/2025\/10\/leglise-adventiste-en-inter-amerique-affirme-son-identite-avec-un-temps-demphase-sur-lesprit-de-prophetie\/"},"wordCount":1868,"image":{"@id":"https:\/\/interamerica.org\/fr\/2025\/10\/leglise-adventiste-en-inter-amerique-affirme-son-identite-avec-un-temps-demphase-sur-lesprit-de-prophetie\/#primaryimage"},"thumbnailUrl":"https:\/\/interamerica.org\/wp-content\/uploads\/2025\/10\/juanjose-andrade-oct2025.jpg","articleSection":["Nouvelles du si\u00e8ge de la division","RSS Fran\u00e7ais"],"inLanguage":"fr-FR"},{"@type":"WebPage","@id":"https:\/\/interamerica.org\/fr\/2025\/10\/leglise-adventiste-en-inter-amerique-affirme-son-identite-avec-un-temps-demphase-sur-lesprit-de-prophetie\/","url":"https:\/\/interamerica.org\/fr\/2025\/10\/leglise-adventiste-en-inter-amerique-affirme-son-identite-avec-un-temps-demphase-sur-lesprit-de-prophetie\/","name":"L\u2019\u00c9glise adventiste en Inter Am\u00e9rique affirme son identit\u00e9 avec un temps d\u2019emphase sur \u00ab l\u2019Esprit de Proph\u00e9tie \u00bb - \u00c9glise Adventiste Du Septieme Jour - Inter Am\u00e9rique Division","isPartOf":{"@id":"https:\/\/interamerica.org\/fr\/#website"},"primaryImageOfPage":{"@id":"https:\/\/interamerica.org\/fr\/2025\/10\/leglise-adventiste-en-inter-amerique-affirme-son-identite-avec-un-temps-demphase-sur-lesprit-de-prophetie\/#primaryimage"},"image":{"@id":"https:\/\/interamerica.org\/fr\/2025\/10\/leglise-adventiste-en-inter-amerique-affirme-son-identite-avec-un-temps-demphase-sur-lesprit-de-prophetie\/#primaryimage"},"thumbnailUrl":"https:\/\/interamerica.org\/wp-content\/uploads\/2025\/10\/juanjose-andrade-oct2025.jpg","datePublished":"2025-10-30T00:29:44+00:00","dateModified":"2025-10-31T17:13:23+00:00","author":{"@id":"https:\/\/interamerica.org\/fr\/#\/schema\/person\/29998f2bc2d8bd0d38662909289b54f1"},"breadcrumb":{"@id":"https:\/\/interamerica.org\/fr\/2025\/10\/leglise-adventiste-en-inter-amerique-affirme-son-identite-avec-un-temps-demphase-sur-lesprit-de-prophetie\/#breadcrumb"},"inLanguage":"fr-FR","potentialAction":[{"@type":"ReadAction","target":["https:\/\/interamerica.org\/fr\/2025\/10\/leglise-adventiste-en-inter-amerique-affirme-son-identite-avec-un-temps-demphase-sur-lesprit-de-prophetie\/"]}]},{"@type":"ImageObject","inLanguage":"fr-FR","@id":"https:\/\/interamerica.org\/fr\/2025\/10\/leglise-adventiste-en-inter-amerique-affirme-son-identite-avec-un-temps-demphase-sur-lesprit-de-prophetie\/#primaryimage","url":"https:\/\/interamerica.org\/wp-content\/uploads\/2025\/10\/juanjose-andrade-oct2025.jpg","contentUrl":"https:\/\/interamerica.org\/wp-content\/uploads\/2025\/10\/juanjose-andrade-oct2025.jpg","width":1280,"height":800,"caption":"[Photo: Libna Stevens\/IAD]"},{"@type":"BreadcrumbList","@id":"https:\/\/interamerica.org\/fr\/2025\/10\/leglise-adventiste-en-inter-amerique-affirme-son-identite-avec-un-temps-demphase-sur-lesprit-de-prophetie\/#breadcrumb","itemListElement":[{"@type":"ListItem","position":1,"name":"Home","item":"https:\/\/interamerica.org\/fr\/"},{"@type":"ListItem","position":2,"name":"L\u2019\u00c9glise adventiste en Inter Am\u00e9rique affirme son identit\u00e9 avec un temps d\u2019emphase sur \u00ab l\u2019Esprit de Proph\u00e9tie \u00bb"}]},{"@type":"WebSite","@id":"https:\/\/interamerica.org\/fr\/#website","url":"https:\/\/interamerica.org\/fr\/","name":"\u00c9glise Adventiste Du Septieme Jour - Inter Am\u00e9rique Division","description":"","potentialAction":[{"@type":"SearchAction","target":{"@type":"EntryPoint","urlTemplate":"https:\/\/interamerica.org\/fr\/?s={search_term_string}"},"query-input":{"@type":"PropertyValueSpecification","valueRequired":true,"valueName":"search_term_string"}}],"inLanguage":"fr-FR"},{"@type":"Person","@id":"https:\/\/interamerica.org\/fr\/#\/schema\/person\/29998f2bc2d8bd0d38662909289b54f1","name":"libna","image":{"@type":"ImageObject","inLanguage":"fr-FR","@id":"https:\/\/secure.gravatar.com\/avatar\/7c5bd30ae4b47a9ba3c856590957fd1d96dc588bf3ac05719d247e126840331f?s=96&d=mm&r=g","url":"https:\/\/secure.gravatar.com\/avatar\/7c5bd30ae4b47a9ba3c856590957fd1d96dc588bf3ac05719d247e126840331f?s=96&d=mm&r=g","contentUrl":"https:\/\/secure.gravatar.com\/avatar\/7c5bd30ae4b47a9ba3c856590957fd1d96dc588bf3ac05719d247e126840331f?s=96&d=mm&r=g","caption":"libna"}}]}},"_links":{"self":[{"href":"https:\/\/interamerica.org\/fr\/wp-json\/wp\/v2\/posts\/135106","targetHints":{"allow":["GET"]}}],"collection":[{"href":"https:\/\/interamerica.org\/fr\/wp-json\/wp\/v2\/posts"}],"about":[{"href":"https:\/\/interamerica.org\/fr\/wp-json\/wp\/v2\/types\/post"}],"author":[{"embeddable":true,"href":"https:\/\/interamerica.org\/fr\/wp-json\/wp\/v2\/users\/3"}],"replies":[{"embeddable":true,"href":"https:\/\/interamerica.org\/fr\/wp-json\/wp\/v2\/comments?post=135106"}],"version-history":[{"count":2,"href":"https:\/\/interamerica.org\/fr\/wp-json\/wp\/v2\/posts\/135106\/revisions"}],"predecessor-version":[{"id":135114,"href":"https:\/\/interamerica.org\/fr\/wp-json\/wp\/v2\/posts\/135106\/revisions\/135114"}],"wp:featuredmedia":[{"embeddable":true,"href":"https:\/\/interamerica.org\/fr\/wp-json\/wp\/v2\/media\/135052"}],"wp:attachment":[{"href":"https:\/\/interamerica.org\/fr\/wp-json\/wp\/v2\/media?parent=135106"}],"wp:term":[{"taxonomy":"category","embeddable":true,"href":"https:\/\/interamerica.org\/fr\/wp-json\/wp\/v2\/categories?post=135106"},{"taxonomy":"post_tag","embeddable":true,"href":"https:\/\/interamerica.org\/fr\/wp-json\/wp\/v2\/tags?post=135106"}],"curies":[{"name":"wp","href":"https:\/\/api.w.org\/{rel}","templated":true}]}}