{"id":13511,"date":"2011-02-12T00:00:00","date_gmt":"2011-02-12T04:00:00","guid":{"rendered":"http:\/\/192.81.217.108\/interamerica\/2011\/02\/inter-amerique-leglise-debute-son-programme-de-reveil-et-de-priere-par-satellite\/"},"modified":"2017-06-02T13:02:32","modified_gmt":"2017-06-02T17:02:32","slug":"inter-amerique-leglise-debute-son-programme-de-reveil-et-de-priere-par-satellite","status":"publish","type":"post","link":"https:\/\/interamerica.org\/fr\/2011\/02\/inter-amerique-leglise-debute-son-programme-de-reveil-et-de-priere-par-satellite\/","title":{"rendered":"Inter-Am\u00e9rique:  L&#39;Eglise d\u00e9bute son programme de r\u00e9veil et de pri\u00e8re par satellite"},"content":{"rendered":"<p>12 f\u00e9vrier 2011 &#8211; Saint-Domingue, R\u00e9publique Dominicaine&#8230; Libna Stevens\/DIA <\/p>\n<p>Des milliers d&#39;Adventistes du Septi\u00e8me jour ont assist\u00e9 au lancement officiel du programme de pri\u00e8re et de r\u00e9veil de l&#39;\u00e9glise, qui a d\u00e9but\u00e9 aujourd&#39;hui en directe par satellite \u00e0 partir de El Palacio de los Deportes Stadium, \u00e0 Saint Dominque, en R\u00e9publique Dominicaine.  Le programme a r\u00e9uni des dirigeants d&#39;\u00e9glise des 21 r\u00e9gions de toute la Division en vue de participer \u00e0 un vaste programme spirituel de r\u00e9veil et de r\u00e9forme qui doit avoir lieu dans les jours \u00e0 venir. <\/p>\n<p>Le r\u00e9cit complet de l&#39;\u00e9v\u00e8nement sera disponible sous peu sur le site <a  href=\"https:\/\/recursing-golick.147-182-135-0.plesk.page\/\">www.interamerica.org<\/a > <\/p>\n<p>Pour visionner la galerie des photos de l&#39;\u00e9v\u00e8nement, visitez le <a  href=\"http:\/\/www.flickr.com\/photos\/interamerica\">www.flickr.com\/photos\/interamerica<\/a >    <\/p>\n","protected":false},"excerpt":{"rendered":"<p>Des milliers d&#39;Adventistes du Septi\u00e8me jour ont assist\u00e9 au lancement officiel du programme de pri\u00e8re et de r\u00e9veil de l&#39;\u00e9glise, qui a d\u00e9but\u00e9 aujourd&#39;hui en directe par satellite \u00e0 partir d<\/p>\n","protected":false},"author":1,"featured_media":0,"comment_status":"closed","ping_status":"closed","sticky":false,"template":"","format":"standard","meta":{"_acf_changed":false,"footnotes":""},"categories":[9],"tags":[],"class_list":["post-13511","post","type-post","status-publish","format-standard","hentry","category-archive-fr"],"acf":[],"yoast_head":"<!-- This site is optimized with the Yoast SEO plugin v27.3 - https:\/\/yoast.com\/product\/yoast-seo-wordpress\/ -->\n<title>Inter-Am\u00e9rique: L&#039;Eglise d\u00e9bute son programme de r\u00e9veil et de pri\u00e8re par satellite - \u00c9glise Adventiste Du Septieme Jour - Inter Am\u00e9rique Division<\/title>\n<meta name=\"robots\" content=\"index, follow, max-snippet:-1, max-image-preview:large, max-video-preview:-1\" \/>\n<link rel=\"canonical\" href=\"https:\/\/interamerica.org\/fr\/2011\/02\/inter-amerique-leglise-debute-son-programme-de-reveil-et-de-priere-par-satellite\/\" \/>\n<meta property=\"og:locale\" content=\"fr_FR\" \/>\n<meta property=\"og:type\" content=\"article\" \/>\n<meta property=\"og:title\" content=\"Inter-Am\u00e9rique: L&#039;Eglise d\u00e9bute son programme de r\u00e9veil et de pri\u00e8re par satellite - \u00c9glise Adventiste Du Septieme Jour - Inter Am\u00e9rique Division\" \/>\n<meta property=\"og:description\" content=\"Des milliers d&#039;Adventistes du Septi\u00e8me jour ont assist\u00e9 au lancement officiel du programme de pri\u00e8re et de r\u00e9veil de l&#039;\u00e9glise, qui a d\u00e9but\u00e9 aujourd&#039;hui en directe par satellite \u00e0 partir d\" \/>\n<meta property=\"og:url\" content=\"https:\/\/interamerica.org\/fr\/2011\/02\/inter-amerique-leglise-debute-son-programme-de-reveil-et-de-priere-par-satellite\/\" \/>\n<meta property=\"og:site_name\" content=\"\u00c9glise Adventiste Du Septieme Jour - Inter Am\u00e9rique Division\" \/>\n<meta property=\"article:published_time\" content=\"2011-02-12T04:00:00+00:00\" \/>\n<meta property=\"article:modified_time\" content=\"2017-06-02T17:02:32+00:00\" \/>\n<meta name=\"author\" content=\"Lorenzo Verduzco\" \/>\n<meta name=\"twitter:card\" content=\"summary_large_image\" \/>\n<meta name=\"twitter:label1\" content=\"\u00c9crit par\" \/>\n\t<meta name=\"twitter:data1\" content=\"Lorenzo Verduzco\" \/>\n\t<meta name=\"twitter:label2\" content=\"Dur\u00e9e de lecture estim\u00e9e\" \/>\n\t<meta name=\"twitter:data2\" content=\"1 minute\" \/>\n<script type=\"application\/ld+json\" class=\"yoast-schema-graph\">{\"@context\":\"https:\\\/\\\/schema.org\",\"@graph\":[{\"@type\":\"Article\",\"@id\":\"https:\\\/\\\/interamerica.org\\\/fr\\\/2011\\\/02\\\/inter-amerique-leglise-debute-son-programme-de-reveil-et-de-priere-par-satellite\\\/#article\",\"isPartOf\":{\"@id\":\"https:\\\/\\\/interamerica.org\\\/fr\\\/2011\\\/02\\\/inter-amerique-leglise-debute-son-programme-de-reveil-et-de-priere-par-satellite\\\/\"},\"author\":{\"name\":\"Lorenzo Verduzco\",\"@id\":\"https:\\\/\\\/interamerica.org\\\/fr\\\/#\\\/schema\\\/person\\\/68ede8bdc292885bb76c1e3810e73c39\"},\"headline\":\"Inter-Am\u00e9rique: L&#39;Eglise d\u00e9bute son programme de r\u00e9veil et de pri\u00e8re par satellite\",\"datePublished\":\"2011-02-12T04:00:00+00:00\",\"dateModified\":\"2017-06-02T17:02:32+00:00\",\"mainEntityOfPage\":{\"@id\":\"https:\\\/\\\/interamerica.org\\\/fr\\\/2011\\\/02\\\/inter-amerique-leglise-debute-son-programme-de-reveil-et-de-priere-par-satellite\\\/\"},\"wordCount\":150,\"articleSection\":[\"Archive\"],\"inLanguage\":\"fr-FR\"},{\"@type\":\"WebPage\",\"@id\":\"https:\\\/\\\/interamerica.org\\\/fr\\\/2011\\\/02\\\/inter-amerique-leglise-debute-son-programme-de-reveil-et-de-priere-par-satellite\\\/\",\"url\":\"https:\\\/\\\/interamerica.org\\\/fr\\\/2011\\\/02\\\/inter-amerique-leglise-debute-son-programme-de-reveil-et-de-priere-par-satellite\\\/\",\"name\":\"Inter-Am\u00e9rique: L&#39;Eglise d\u00e9bute son programme de r\u00e9veil et de pri\u00e8re par satellite - \u00c9glise Adventiste Du Septieme Jour - Inter Am\u00e9rique Division\",\"isPartOf\":{\"@id\":\"https:\\\/\\\/interamerica.org\\\/fr\\\/#website\"},\"datePublished\":\"2011-02-12T04:00:00+00:00\",\"dateModified\":\"2017-06-02T17:02:32+00:00\",\"author\":{\"@id\":\"https:\\\/\\\/interamerica.org\\\/fr\\\/#\\\/schema\\\/person\\\/68ede8bdc292885bb76c1e3810e73c39\"},\"breadcrumb\":{\"@id\":\"https:\\\/\\\/interamerica.org\\\/fr\\\/2011\\\/02\\\/inter-amerique-leglise-debute-son-programme-de-reveil-et-de-priere-par-satellite\\\/#breadcrumb\"},\"inLanguage\":\"fr-FR\",\"potentialAction\":[{\"@type\":\"ReadAction\",\"target\":[\"https:\\\/\\\/interamerica.org\\\/fr\\\/2011\\\/02\\\/inter-amerique-leglise-debute-son-programme-de-reveil-et-de-priere-par-satellite\\\/\"]}]},{\"@type\":\"BreadcrumbList\",\"@id\":\"https:\\\/\\\/interamerica.org\\\/fr\\\/2011\\\/02\\\/inter-amerique-leglise-debute-son-programme-de-reveil-et-de-priere-par-satellite\\\/#breadcrumb\",\"itemListElement\":[{\"@type\":\"ListItem\",\"position\":1,\"name\":\"Home\",\"item\":\"https:\\\/\\\/interamerica.org\\\/fr\\\/\"},{\"@type\":\"ListItem\",\"position\":2,\"name\":\"Inter-Am\u00e9rique: L&#39;Eglise d\u00e9bute son programme de r\u00e9veil et de pri\u00e8re par satellite\"}]},{\"@type\":\"WebSite\",\"@id\":\"https:\\\/\\\/interamerica.org\\\/fr\\\/#website\",\"url\":\"https:\\\/\\\/interamerica.org\\\/fr\\\/\",\"name\":\"\u00c9glise Adventiste Du Septieme Jour - Inter Am\u00e9rique Division\",\"description\":\"\",\"potentialAction\":[{\"@type\":\"SearchAction\",\"target\":{\"@type\":\"EntryPoint\",\"urlTemplate\":\"https:\\\/\\\/interamerica.org\\\/fr\\\/?s={search_term_string}\"},\"query-input\":{\"@type\":\"PropertyValueSpecification\",\"valueRequired\":true,\"valueName\":\"search_term_string\"}}],\"inLanguage\":\"fr-FR\"},{\"@type\":\"Person\",\"@id\":\"https:\\\/\\\/interamerica.org\\\/fr\\\/#\\\/schema\\\/person\\\/68ede8bdc292885bb76c1e3810e73c39\",\"name\":\"Lorenzo Verduzco\",\"image\":{\"@type\":\"ImageObject\",\"inLanguage\":\"fr-FR\",\"@id\":\"https:\\\/\\\/secure.gravatar.com\\\/avatar\\\/fb81a55b6218459490a9c1dc841a34909185b81904c5337b4b27f7a6fd60c49e?s=96&d=mm&r=g\",\"url\":\"https:\\\/\\\/secure.gravatar.com\\\/avatar\\\/fb81a55b6218459490a9c1dc841a34909185b81904c5337b4b27f7a6fd60c49e?s=96&d=mm&r=g\",\"contentUrl\":\"https:\\\/\\\/secure.gravatar.com\\\/avatar\\\/fb81a55b6218459490a9c1dc841a34909185b81904c5337b4b27f7a6fd60c49e?s=96&d=mm&r=g\",\"caption\":\"Lorenzo Verduzco\"}}]}<\/script>\n<!-- \/ Yoast SEO plugin. -->","yoast_head_json":{"title":"Inter-Am\u00e9rique: L&#39;Eglise d\u00e9bute son programme de r\u00e9veil et de pri\u00e8re par satellite - \u00c9glise Adventiste Du Septieme Jour - Inter Am\u00e9rique Division","robots":{"index":"index","follow":"follow","max-snippet":"max-snippet:-1","max-image-preview":"max-image-preview:large","max-video-preview":"max-video-preview:-1"},"canonical":"https:\/\/interamerica.org\/fr\/2011\/02\/inter-amerique-leglise-debute-son-programme-de-reveil-et-de-priere-par-satellite\/","og_locale":"fr_FR","og_type":"article","og_title":"Inter-Am\u00e9rique: L&#39;Eglise d\u00e9bute son programme de r\u00e9veil et de pri\u00e8re par satellite - \u00c9glise Adventiste Du Septieme Jour - Inter Am\u00e9rique Division","og_description":"Des milliers d&#39;Adventistes du Septi\u00e8me jour ont assist\u00e9 au lancement officiel du programme de pri\u00e8re et de r\u00e9veil de l&#39;\u00e9glise, qui a d\u00e9but\u00e9 aujourd&#39;hui en directe par satellite \u00e0 partir d","og_url":"https:\/\/interamerica.org\/fr\/2011\/02\/inter-amerique-leglise-debute-son-programme-de-reveil-et-de-priere-par-satellite\/","og_site_name":"\u00c9glise Adventiste Du Septieme Jour - Inter Am\u00e9rique Division","article_published_time":"2011-02-12T04:00:00+00:00","article_modified_time":"2017-06-02T17:02:32+00:00","author":"Lorenzo Verduzco","twitter_card":"summary_large_image","twitter_misc":{"\u00c9crit par":"Lorenzo Verduzco","Dur\u00e9e de lecture estim\u00e9e":"1 minute"},"schema":{"@context":"https:\/\/schema.org","@graph":[{"@type":"Article","@id":"https:\/\/interamerica.org\/fr\/2011\/02\/inter-amerique-leglise-debute-son-programme-de-reveil-et-de-priere-par-satellite\/#article","isPartOf":{"@id":"https:\/\/interamerica.org\/fr\/2011\/02\/inter-amerique-leglise-debute-son-programme-de-reveil-et-de-priere-par-satellite\/"},"author":{"name":"Lorenzo Verduzco","@id":"https:\/\/interamerica.org\/fr\/#\/schema\/person\/68ede8bdc292885bb76c1e3810e73c39"},"headline":"Inter-Am\u00e9rique: L&#39;Eglise d\u00e9bute son programme de r\u00e9veil et de pri\u00e8re par satellite","datePublished":"2011-02-12T04:00:00+00:00","dateModified":"2017-06-02T17:02:32+00:00","mainEntityOfPage":{"@id":"https:\/\/interamerica.org\/fr\/2011\/02\/inter-amerique-leglise-debute-son-programme-de-reveil-et-de-priere-par-satellite\/"},"wordCount":150,"articleSection":["Archive"],"inLanguage":"fr-FR"},{"@type":"WebPage","@id":"https:\/\/interamerica.org\/fr\/2011\/02\/inter-amerique-leglise-debute-son-programme-de-reveil-et-de-priere-par-satellite\/","url":"https:\/\/interamerica.org\/fr\/2011\/02\/inter-amerique-leglise-debute-son-programme-de-reveil-et-de-priere-par-satellite\/","name":"Inter-Am\u00e9rique: L&#39;Eglise d\u00e9bute son programme de r\u00e9veil et de pri\u00e8re par satellite - \u00c9glise Adventiste Du Septieme Jour - Inter Am\u00e9rique Division","isPartOf":{"@id":"https:\/\/interamerica.org\/fr\/#website"},"datePublished":"2011-02-12T04:00:00+00:00","dateModified":"2017-06-02T17:02:32+00:00","author":{"@id":"https:\/\/interamerica.org\/fr\/#\/schema\/person\/68ede8bdc292885bb76c1e3810e73c39"},"breadcrumb":{"@id":"https:\/\/interamerica.org\/fr\/2011\/02\/inter-amerique-leglise-debute-son-programme-de-reveil-et-de-priere-par-satellite\/#breadcrumb"},"inLanguage":"fr-FR","potentialAction":[{"@type":"ReadAction","target":["https:\/\/interamerica.org\/fr\/2011\/02\/inter-amerique-leglise-debute-son-programme-de-reveil-et-de-priere-par-satellite\/"]}]},{"@type":"BreadcrumbList","@id":"https:\/\/interamerica.org\/fr\/2011\/02\/inter-amerique-leglise-debute-son-programme-de-reveil-et-de-priere-par-satellite\/#breadcrumb","itemListElement":[{"@type":"ListItem","position":1,"name":"Home","item":"https:\/\/interamerica.org\/fr\/"},{"@type":"ListItem","position":2,"name":"Inter-Am\u00e9rique: L&#39;Eglise d\u00e9bute son programme de r\u00e9veil et de pri\u00e8re par satellite"}]},{"@type":"WebSite","@id":"https:\/\/interamerica.org\/fr\/#website","url":"https:\/\/interamerica.org\/fr\/","name":"\u00c9glise Adventiste Du Septieme Jour - Inter Am\u00e9rique Division","description":"","potentialAction":[{"@type":"SearchAction","target":{"@type":"EntryPoint","urlTemplate":"https:\/\/interamerica.org\/fr\/?s={search_term_string}"},"query-input":{"@type":"PropertyValueSpecification","valueRequired":true,"valueName":"search_term_string"}}],"inLanguage":"fr-FR"},{"@type":"Person","@id":"https:\/\/interamerica.org\/fr\/#\/schema\/person\/68ede8bdc292885bb76c1e3810e73c39","name":"Lorenzo Verduzco","image":{"@type":"ImageObject","inLanguage":"fr-FR","@id":"https:\/\/secure.gravatar.com\/avatar\/fb81a55b6218459490a9c1dc841a34909185b81904c5337b4b27f7a6fd60c49e?s=96&d=mm&r=g","url":"https:\/\/secure.gravatar.com\/avatar\/fb81a55b6218459490a9c1dc841a34909185b81904c5337b4b27f7a6fd60c49e?s=96&d=mm&r=g","contentUrl":"https:\/\/secure.gravatar.com\/avatar\/fb81a55b6218459490a9c1dc841a34909185b81904c5337b4b27f7a6fd60c49e?s=96&d=mm&r=g","caption":"Lorenzo Verduzco"}}]}},"_links":{"self":[{"href":"https:\/\/interamerica.org\/fr\/wp-json\/wp\/v2\/posts\/13511","targetHints":{"allow":["GET"]}}],"collection":[{"href":"https:\/\/interamerica.org\/fr\/wp-json\/wp\/v2\/posts"}],"about":[{"href":"https:\/\/interamerica.org\/fr\/wp-json\/wp\/v2\/types\/post"}],"author":[{"embeddable":true,"href":"https:\/\/interamerica.org\/fr\/wp-json\/wp\/v2\/users\/1"}],"replies":[{"embeddable":true,"href":"https:\/\/interamerica.org\/fr\/wp-json\/wp\/v2\/comments?post=13511"}],"version-history":[{"count":0,"href":"https:\/\/interamerica.org\/fr\/wp-json\/wp\/v2\/posts\/13511\/revisions"}],"wp:attachment":[{"href":"https:\/\/interamerica.org\/fr\/wp-json\/wp\/v2\/media?parent=13511"}],"wp:term":[{"taxonomy":"category","embeddable":true,"href":"https:\/\/interamerica.org\/fr\/wp-json\/wp\/v2\/categories?post=13511"},{"taxonomy":"post_tag","embeddable":true,"href":"https:\/\/interamerica.org\/fr\/wp-json\/wp\/v2\/tags?post=13511"}],"curies":[{"name":"wp","href":"https:\/\/api.w.org\/{rel}","templated":true}]}}