{"id":13513,"date":"2011-02-15T00:00:00","date_gmt":"2011-02-15T04:00:00","guid":{"rendered":"http:\/\/192.81.217.108\/interamerica\/2011\/02\/adra-nomme-de-nouveaux-administrateurs-aux-bureaux-des-finances-et-des-projets\/"},"modified":"2017-06-02T13:02:29","modified_gmt":"2017-06-02T17:02:29","slug":"adra-nomme-de-nouveaux-administrateurs-aux-bureaux-des-finances-et-des-projets","status":"publish","type":"post","link":"https:\/\/interamerica.org\/fr\/2011\/02\/adra-nomme-de-nouveaux-administrateurs-aux-bureaux-des-finances-et-des-projets\/","title":{"rendered":"ADRA nomme de nouveaux administrateurs aux bureaux des finances, et des projets"},"content":{"rendered":"<p>14 f\u00e9vrier 2011, Silver Spring, Maryland, Etats-Unis&#8230;Staff de ANN <\/p>\n<p>Le Conseil International de Direction de l&#39;Agence Adventiste de D\u00e9veloppement et de Secours a annonc\u00e9 au cours de la semaine derni\u00e8re la nomination de deux nouveaux administrateurs. <\/p>\n<p>Robyn Mordeno a \u00e9t\u00e9 nomm\u00e9 vice-pr\u00e9sident des affaires financi\u00e8res et Ken Flemmer en tant que vice-pr\u00e9sident de programmation, d&#39;apr\u00e8s un bulletin de presse dat\u00e9 du 10 f\u00e9vrier. <\/p>\n<p>Mordeno remplace Gideon Mutero, qui a servi en tant que vice pr\u00e9sident des affaires financi\u00e8res depuis  janvier 2007. Ken Flemmer remplace Mark Webster, qui \u00e9tait responsable des projgets depuis octobre 2008, a d\u00e9clar\u00e9 un porte-parole. <\/p>\n<p>Aussi, le titre de Vice Pr\u00e9sident Ex\u00e9cutif de Mario Ochoa a chang\u00e9 en celui de Vice Pr\u00e9sident des R\u00e9seaux de Communications, a d\u00e9clar\u00e9 dans un e-mail le porte-parole de l&#39;agence Hearly Mayr. <\/p>\n<p>Le choix de cette \u00e9quipe de dirigeants met en \u00e9vidence les d\u00e9marches d&#39;ADRA au niveau mondial en vue de poursuivre le plan d&#39;assistance au d\u00e9veloppement et d&#39;aide humanitaire dans un environement changeant.\u00a0\u00bb a avanc\u00e9 Geoffrey Mbwana, directeur du Conseil d&#39;ADRA et l&#39;un des vice-pr\u00e9sidents de l&#39;Eglise Adventiste mondiale de Septi\u00e8me jour. <\/p>\n<p>\u00ab\u00a0Pour aller de l&#39;avant, cette \u00e9quipe a une opportunit\u00e9 exceptionnelle de s&#39;assurer que l&#39;agence est pr\u00eate \u00e0 faire face aux besoins pressants de tant de pays du monde qui sont n\u00e9glig\u00e9s.\u00a0\u00bb <\/p>\n<p>Mordeno, actuellement directrice principale des affaires financi\u00e8res du \u00ab\u00a0FIELD-Support\u00a0\u00bb (Responsable de CHAMP) de l&#39;Acad\u00e9mie pour le D\u00e9veloppement Educatif (AED) qui se trouve \u00e0 Washington D.C., a rempli plusieurs positions au niveau de l&#39;administrtion financi\u00e8re depuis qu&#39;elle s&#39;est jointe \u00e0 ADRA en 1994, y compris des postes au bureau R\u00e9gional d&#39;ADRA de l&#39;Asie en Thailande, ainsi qu&#39;en Somalie, en Albanie, en Azerbaijan, et au Vietnam.  Mordeno d\u00e9tient une Ma\u00eetrise de Sciences de l&#39;Administration en Developpement International de Andrews University et une Licence en Gestion des Affaires en Comptabilit\u00e9 et Administration de Southern Adventist University. <\/p>\n<p>Depuis qu&#39;il s&#39;est joint \u00e0 ADRA en 1984, Flemmer a rempli plusieurs postes, y compris celui de directeur en mati\u00e8re de Protection et de S\u00e9curit\u00e9, chef de bureau pour la Conciliation Interne, vice-pr\u00e9sident adjoint et directeur R\u00e9gional d&#39;ADRA de l&#39;Asie.  A ce nouveau poste, il supervisera la planification des projets de l&#39;agence et la programmation de nouveaux projets de d\u00e9veloppement, ainsi que des projets du gouvernement Am\u00e9ricain et des projets priv\u00e9s destin\u00e9s au d\u00e9veloppement sur le plan mondial.  Flemmer d\u00e9tient une ma\u00ectrise en Science de Gestion en Agriculture de California Polytechnic State University-San Luis Obispo et une Licence es Lettres en Anglais de Andrews University. <\/p>\n<p>Originaire du Chili, Ochoa, un avocat, a \u00e9t\u00e9 vice-pr\u00e9sident d&#39;ADRA International depuis 1986.  Il s&#39;est joint \u00e0 l&#39;agence en 1981 en tant qu&#39;assistant du pr\u00e9sident, ainsi que conseiller pour les Affaires L\u00e9gales Internationales.  Auparavant, il a servi en tant que directeur r\u00e9gional d&#39;ADRA au Chili et doyen acad\u00e9mique de l&#39;Universit\u00e9 Adventiste Chilienne.  Il pr\u00e9pare un doctorat en \u00ab\u00a0Leadership Program\u00a0\u00bb \u00e0 Andrews University et d\u00e9tient un dipl\u00f4me en droit de l&#39;Universit\u00e9 de Conception du Chilil. <\/p>\n<p>Le bulletin a avanc\u00e9 que les nominations \u00ab\u00a0compl\u00e8tent la nouvelle \u00e9quipe dirig\u00e9e par le Dr. Rudi Maier, qui a \u00e9t\u00e9 nomm\u00e9e pr\u00e9sident et directeur administratif d&#39;ADRA International en  octobre 2010.\u00a0\u00bb <\/p>\n<p>Fernelle Alc\u00e9  <\/p>\n<p>Pour plus d&#39;informations concernant ADRA, visitez le <a  href=\"http:\/\/www.adra.org\/\">www.adra.org<\/a >. <\/p><\/p>\n","protected":false},"excerpt":{"rendered":"<p>Le Conseil International de Direction de l&#39;Agence Adventiste de D\u00e9veloppement et de Secours a annonc\u00e9 au cours de la semaine derni\u00e8re la nomination de deux nouveaux administrateurs.<\/p>\n","protected":false},"author":1,"featured_media":0,"comment_status":"closed","ping_status":"closed","sticky":false,"template":"","format":"standard","meta":{"_acf_changed":false,"footnotes":""},"categories":[9],"tags":[],"class_list":["post-13513","post","type-post","status-publish","format-standard","hentry","category-archive-fr"],"acf":[],"yoast_head":"<!-- This site is optimized with the Yoast SEO plugin v27.3 - https:\/\/yoast.com\/product\/yoast-seo-wordpress\/ -->\n<title>ADRA nomme de nouveaux administrateurs aux bureaux des finances, et des projets - \u00c9glise Adventiste Du Septieme Jour - Inter Am\u00e9rique Division<\/title>\n<meta name=\"robots\" content=\"index, follow, max-snippet:-1, max-image-preview:large, max-video-preview:-1\" \/>\n<link rel=\"canonical\" href=\"https:\/\/interamerica.org\/fr\/2011\/02\/adra-nomme-de-nouveaux-administrateurs-aux-bureaux-des-finances-et-des-projets\/\" \/>\n<meta property=\"og:locale\" content=\"fr_FR\" \/>\n<meta property=\"og:type\" content=\"article\" \/>\n<meta property=\"og:title\" content=\"ADRA nomme de nouveaux administrateurs aux bureaux des finances, et des projets - \u00c9glise Adventiste Du Septieme Jour - Inter Am\u00e9rique Division\" \/>\n<meta property=\"og:description\" content=\"Le Conseil International de Direction de l&#039;Agence Adventiste de D\u00e9veloppement et de Secours a annonc\u00e9 au cours de la semaine derni\u00e8re la nomination de deux nouveaux administrateurs.\" \/>\n<meta property=\"og:url\" content=\"https:\/\/interamerica.org\/fr\/2011\/02\/adra-nomme-de-nouveaux-administrateurs-aux-bureaux-des-finances-et-des-projets\/\" \/>\n<meta property=\"og:site_name\" content=\"\u00c9glise Adventiste Du Septieme Jour - Inter Am\u00e9rique Division\" \/>\n<meta property=\"article:published_time\" content=\"2011-02-15T04:00:00+00:00\" \/>\n<meta property=\"article:modified_time\" content=\"2017-06-02T17:02:29+00:00\" \/>\n<meta name=\"author\" content=\"Lorenzo Verduzco\" \/>\n<meta name=\"twitter:card\" content=\"summary_large_image\" \/>\n<meta name=\"twitter:label1\" content=\"\u00c9crit par\" \/>\n\t<meta name=\"twitter:data1\" content=\"Lorenzo Verduzco\" \/>\n\t<meta name=\"twitter:label2\" content=\"Dur\u00e9e de lecture estim\u00e9e\" \/>\n\t<meta name=\"twitter:data2\" content=\"3 minutes\" \/>\n<script type=\"application\/ld+json\" class=\"yoast-schema-graph\">{\"@context\":\"https:\\\/\\\/schema.org\",\"@graph\":[{\"@type\":\"Article\",\"@id\":\"https:\\\/\\\/interamerica.org\\\/fr\\\/2011\\\/02\\\/adra-nomme-de-nouveaux-administrateurs-aux-bureaux-des-finances-et-des-projets\\\/#article\",\"isPartOf\":{\"@id\":\"https:\\\/\\\/interamerica.org\\\/fr\\\/2011\\\/02\\\/adra-nomme-de-nouveaux-administrateurs-aux-bureaux-des-finances-et-des-projets\\\/\"},\"author\":{\"name\":\"Lorenzo Verduzco\",\"@id\":\"https:\\\/\\\/interamerica.org\\\/fr\\\/#\\\/schema\\\/person\\\/68ede8bdc292885bb76c1e3810e73c39\"},\"headline\":\"ADRA nomme de nouveaux administrateurs aux bureaux des finances, et des projets\",\"datePublished\":\"2011-02-15T04:00:00+00:00\",\"dateModified\":\"2017-06-02T17:02:29+00:00\",\"mainEntityOfPage\":{\"@id\":\"https:\\\/\\\/interamerica.org\\\/fr\\\/2011\\\/02\\\/adra-nomme-de-nouveaux-administrateurs-aux-bureaux-des-finances-et-des-projets\\\/\"},\"wordCount\":611,\"articleSection\":[\"Archive\"],\"inLanguage\":\"fr-FR\"},{\"@type\":\"WebPage\",\"@id\":\"https:\\\/\\\/interamerica.org\\\/fr\\\/2011\\\/02\\\/adra-nomme-de-nouveaux-administrateurs-aux-bureaux-des-finances-et-des-projets\\\/\",\"url\":\"https:\\\/\\\/interamerica.org\\\/fr\\\/2011\\\/02\\\/adra-nomme-de-nouveaux-administrateurs-aux-bureaux-des-finances-et-des-projets\\\/\",\"name\":\"ADRA nomme de nouveaux administrateurs aux bureaux des finances, et des projets - \u00c9glise Adventiste Du Septieme Jour - Inter Am\u00e9rique Division\",\"isPartOf\":{\"@id\":\"https:\\\/\\\/interamerica.org\\\/fr\\\/#website\"},\"datePublished\":\"2011-02-15T04:00:00+00:00\",\"dateModified\":\"2017-06-02T17:02:29+00:00\",\"author\":{\"@id\":\"https:\\\/\\\/interamerica.org\\\/fr\\\/#\\\/schema\\\/person\\\/68ede8bdc292885bb76c1e3810e73c39\"},\"breadcrumb\":{\"@id\":\"https:\\\/\\\/interamerica.org\\\/fr\\\/2011\\\/02\\\/adra-nomme-de-nouveaux-administrateurs-aux-bureaux-des-finances-et-des-projets\\\/#breadcrumb\"},\"inLanguage\":\"fr-FR\",\"potentialAction\":[{\"@type\":\"ReadAction\",\"target\":[\"https:\\\/\\\/interamerica.org\\\/fr\\\/2011\\\/02\\\/adra-nomme-de-nouveaux-administrateurs-aux-bureaux-des-finances-et-des-projets\\\/\"]}]},{\"@type\":\"BreadcrumbList\",\"@id\":\"https:\\\/\\\/interamerica.org\\\/fr\\\/2011\\\/02\\\/adra-nomme-de-nouveaux-administrateurs-aux-bureaux-des-finances-et-des-projets\\\/#breadcrumb\",\"itemListElement\":[{\"@type\":\"ListItem\",\"position\":1,\"name\":\"Home\",\"item\":\"https:\\\/\\\/interamerica.org\\\/fr\\\/\"},{\"@type\":\"ListItem\",\"position\":2,\"name\":\"ADRA nomme de nouveaux administrateurs aux bureaux des finances, et des projets\"}]},{\"@type\":\"WebSite\",\"@id\":\"https:\\\/\\\/interamerica.org\\\/fr\\\/#website\",\"url\":\"https:\\\/\\\/interamerica.org\\\/fr\\\/\",\"name\":\"\u00c9glise Adventiste Du Septieme Jour - Inter Am\u00e9rique Division\",\"description\":\"\",\"potentialAction\":[{\"@type\":\"SearchAction\",\"target\":{\"@type\":\"EntryPoint\",\"urlTemplate\":\"https:\\\/\\\/interamerica.org\\\/fr\\\/?s={search_term_string}\"},\"query-input\":{\"@type\":\"PropertyValueSpecification\",\"valueRequired\":true,\"valueName\":\"search_term_string\"}}],\"inLanguage\":\"fr-FR\"},{\"@type\":\"Person\",\"@id\":\"https:\\\/\\\/interamerica.org\\\/fr\\\/#\\\/schema\\\/person\\\/68ede8bdc292885bb76c1e3810e73c39\",\"name\":\"Lorenzo Verduzco\",\"image\":{\"@type\":\"ImageObject\",\"inLanguage\":\"fr-FR\",\"@id\":\"https:\\\/\\\/secure.gravatar.com\\\/avatar\\\/fb81a55b6218459490a9c1dc841a34909185b81904c5337b4b27f7a6fd60c49e?s=96&d=mm&r=g\",\"url\":\"https:\\\/\\\/secure.gravatar.com\\\/avatar\\\/fb81a55b6218459490a9c1dc841a34909185b81904c5337b4b27f7a6fd60c49e?s=96&d=mm&r=g\",\"contentUrl\":\"https:\\\/\\\/secure.gravatar.com\\\/avatar\\\/fb81a55b6218459490a9c1dc841a34909185b81904c5337b4b27f7a6fd60c49e?s=96&d=mm&r=g\",\"caption\":\"Lorenzo Verduzco\"}}]}<\/script>\n<!-- \/ Yoast SEO plugin. -->","yoast_head_json":{"title":"ADRA nomme de nouveaux administrateurs aux bureaux des finances, et des projets - \u00c9glise Adventiste Du Septieme Jour - Inter Am\u00e9rique Division","robots":{"index":"index","follow":"follow","max-snippet":"max-snippet:-1","max-image-preview":"max-image-preview:large","max-video-preview":"max-video-preview:-1"},"canonical":"https:\/\/interamerica.org\/fr\/2011\/02\/adra-nomme-de-nouveaux-administrateurs-aux-bureaux-des-finances-et-des-projets\/","og_locale":"fr_FR","og_type":"article","og_title":"ADRA nomme de nouveaux administrateurs aux bureaux des finances, et des projets - \u00c9glise Adventiste Du Septieme Jour - Inter Am\u00e9rique Division","og_description":"Le Conseil International de Direction de l&#39;Agence Adventiste de D\u00e9veloppement et de Secours a annonc\u00e9 au cours de la semaine derni\u00e8re la nomination de deux nouveaux administrateurs.","og_url":"https:\/\/interamerica.org\/fr\/2011\/02\/adra-nomme-de-nouveaux-administrateurs-aux-bureaux-des-finances-et-des-projets\/","og_site_name":"\u00c9glise Adventiste Du Septieme Jour - Inter Am\u00e9rique Division","article_published_time":"2011-02-15T04:00:00+00:00","article_modified_time":"2017-06-02T17:02:29+00:00","author":"Lorenzo Verduzco","twitter_card":"summary_large_image","twitter_misc":{"\u00c9crit par":"Lorenzo Verduzco","Dur\u00e9e de lecture estim\u00e9e":"3 minutes"},"schema":{"@context":"https:\/\/schema.org","@graph":[{"@type":"Article","@id":"https:\/\/interamerica.org\/fr\/2011\/02\/adra-nomme-de-nouveaux-administrateurs-aux-bureaux-des-finances-et-des-projets\/#article","isPartOf":{"@id":"https:\/\/interamerica.org\/fr\/2011\/02\/adra-nomme-de-nouveaux-administrateurs-aux-bureaux-des-finances-et-des-projets\/"},"author":{"name":"Lorenzo Verduzco","@id":"https:\/\/interamerica.org\/fr\/#\/schema\/person\/68ede8bdc292885bb76c1e3810e73c39"},"headline":"ADRA nomme de nouveaux administrateurs aux bureaux des finances, et des projets","datePublished":"2011-02-15T04:00:00+00:00","dateModified":"2017-06-02T17:02:29+00:00","mainEntityOfPage":{"@id":"https:\/\/interamerica.org\/fr\/2011\/02\/adra-nomme-de-nouveaux-administrateurs-aux-bureaux-des-finances-et-des-projets\/"},"wordCount":611,"articleSection":["Archive"],"inLanguage":"fr-FR"},{"@type":"WebPage","@id":"https:\/\/interamerica.org\/fr\/2011\/02\/adra-nomme-de-nouveaux-administrateurs-aux-bureaux-des-finances-et-des-projets\/","url":"https:\/\/interamerica.org\/fr\/2011\/02\/adra-nomme-de-nouveaux-administrateurs-aux-bureaux-des-finances-et-des-projets\/","name":"ADRA nomme de nouveaux administrateurs aux bureaux des finances, et des projets - \u00c9glise Adventiste Du Septieme Jour - Inter Am\u00e9rique Division","isPartOf":{"@id":"https:\/\/interamerica.org\/fr\/#website"},"datePublished":"2011-02-15T04:00:00+00:00","dateModified":"2017-06-02T17:02:29+00:00","author":{"@id":"https:\/\/interamerica.org\/fr\/#\/schema\/person\/68ede8bdc292885bb76c1e3810e73c39"},"breadcrumb":{"@id":"https:\/\/interamerica.org\/fr\/2011\/02\/adra-nomme-de-nouveaux-administrateurs-aux-bureaux-des-finances-et-des-projets\/#breadcrumb"},"inLanguage":"fr-FR","potentialAction":[{"@type":"ReadAction","target":["https:\/\/interamerica.org\/fr\/2011\/02\/adra-nomme-de-nouveaux-administrateurs-aux-bureaux-des-finances-et-des-projets\/"]}]},{"@type":"BreadcrumbList","@id":"https:\/\/interamerica.org\/fr\/2011\/02\/adra-nomme-de-nouveaux-administrateurs-aux-bureaux-des-finances-et-des-projets\/#breadcrumb","itemListElement":[{"@type":"ListItem","position":1,"name":"Home","item":"https:\/\/interamerica.org\/fr\/"},{"@type":"ListItem","position":2,"name":"ADRA nomme de nouveaux administrateurs aux bureaux des finances, et des projets"}]},{"@type":"WebSite","@id":"https:\/\/interamerica.org\/fr\/#website","url":"https:\/\/interamerica.org\/fr\/","name":"\u00c9glise Adventiste Du Septieme Jour - Inter Am\u00e9rique Division","description":"","potentialAction":[{"@type":"SearchAction","target":{"@type":"EntryPoint","urlTemplate":"https:\/\/interamerica.org\/fr\/?s={search_term_string}"},"query-input":{"@type":"PropertyValueSpecification","valueRequired":true,"valueName":"search_term_string"}}],"inLanguage":"fr-FR"},{"@type":"Person","@id":"https:\/\/interamerica.org\/fr\/#\/schema\/person\/68ede8bdc292885bb76c1e3810e73c39","name":"Lorenzo Verduzco","image":{"@type":"ImageObject","inLanguage":"fr-FR","@id":"https:\/\/secure.gravatar.com\/avatar\/fb81a55b6218459490a9c1dc841a34909185b81904c5337b4b27f7a6fd60c49e?s=96&d=mm&r=g","url":"https:\/\/secure.gravatar.com\/avatar\/fb81a55b6218459490a9c1dc841a34909185b81904c5337b4b27f7a6fd60c49e?s=96&d=mm&r=g","contentUrl":"https:\/\/secure.gravatar.com\/avatar\/fb81a55b6218459490a9c1dc841a34909185b81904c5337b4b27f7a6fd60c49e?s=96&d=mm&r=g","caption":"Lorenzo Verduzco"}}]}},"_links":{"self":[{"href":"https:\/\/interamerica.org\/fr\/wp-json\/wp\/v2\/posts\/13513","targetHints":{"allow":["GET"]}}],"collection":[{"href":"https:\/\/interamerica.org\/fr\/wp-json\/wp\/v2\/posts"}],"about":[{"href":"https:\/\/interamerica.org\/fr\/wp-json\/wp\/v2\/types\/post"}],"author":[{"embeddable":true,"href":"https:\/\/interamerica.org\/fr\/wp-json\/wp\/v2\/users\/1"}],"replies":[{"embeddable":true,"href":"https:\/\/interamerica.org\/fr\/wp-json\/wp\/v2\/comments?post=13513"}],"version-history":[{"count":0,"href":"https:\/\/interamerica.org\/fr\/wp-json\/wp\/v2\/posts\/13513\/revisions"}],"wp:attachment":[{"href":"https:\/\/interamerica.org\/fr\/wp-json\/wp\/v2\/media?parent=13513"}],"wp:term":[{"taxonomy":"category","embeddable":true,"href":"https:\/\/interamerica.org\/fr\/wp-json\/wp\/v2\/categories?post=13513"},{"taxonomy":"post_tag","embeddable":true,"href":"https:\/\/interamerica.org\/fr\/wp-json\/wp\/v2\/tags?post=13513"}],"curies":[{"name":"wp","href":"https:\/\/api.w.org\/{rel}","templated":true}]}}