{"id":13514,"date":"2011-02-15T00:00:00","date_gmt":"2011-02-15T04:00:00","guid":{"rendered":"http:\/\/192.81.217.108\/interamerica\/2011\/02\/reconsideration-du-format-de-la-session\/"},"modified":"2017-06-02T13:02:30","modified_gmt":"2017-06-02T17:02:30","slug":"reconsideration-du-format-de-la-session","status":"publish","type":"post","link":"https:\/\/interamerica.org\/fr\/2011\/02\/reconsideration-du-format-de-la-session\/","title":{"rendered":"Reconsid\u00e9ration du format de la Session"},"content":{"rendered":"<p>10 F\u00e9vrier 2011, Silver Spring, Maryland, Etats Unis&#8230;Elizabeth Lechleitner\/ANN <\/p>\n<p>Six mois seulement apr\u00e8s la tenue de la plus grande rencontre administrative de l&#39;Eglise Adventiste du Septi\u00e8me jour, les planificateurs de la Session de la Conf\u00e9rence G\u00e9n\u00e9rale sont d\u00e9j\u00e0 en train de plancher sur la convention 2020 de la d\u00e9nomination mondiale. <\/p>\n<p>La planification pour cet \u00e9v\u00e8nement commence g\u00e9n\u00e9ralement 10 ans avant, cela signifie que le lieu o\u00f9 se d\u00e9roulera la Session 2015 a \u00e9t\u00e9 annonc\u00e9 en 2006 apr\u00e8s un processus de s\u00e9lection de villes d&#39;accueil, qui comprend la recherche d&#39;un site, des \u00e9valuations de propositions, de villes potentielles et des visites de sites. <\/p>\n<p>L&#39;administration de l&#39;Eglise Adventiste ne votera pas sur le lieu de la Session 2020 avant le mois d&#39;octobre, mais certains au si\u00e8ge de l&#39;\u00e9glise mondiale discutent pour savoir si une Session en moins grand n&#39;est pas ce qui se profile \u00e0 l&#39;horizon. <\/p>\n<p>Alors que l&#39;effectif de l&#39;\u00e9glise Adventiste a augment\u00e9, les lieux o\u00f9 se d\u00e9roulent les Sessions sont de plus en plus grands. Aujourd&#39;hui, une ville candidate doit pouvoir proposer un stade couvert pouvant contenir les 70000 personnes qui assistent aux rencontres tr\u00e8s fr\u00e9quent\u00e9es du weekend a indiqu\u00e9 Sheri Clemmer, adjointe \u00e0 la planification des rencontres pour l&#39;\u00e9glise mondiale. Le site doit \u00e9galement pouvoir offrir des centres de convention adjacents et des h\u00f4tels \u00e0 proximit\u00e9 pouvant loger jusqu&#39;\u00e0 6000 d\u00e9l\u00e9gu\u00e9s et membre du personnel pour la Session, a-t-elle ajout\u00e9. <\/p>\n<p>La circulation due \u00e0 la Session est moindre en g\u00e9n\u00e9ral pendant les jours de semaine. Les rencontres administratives quotidiennes &#8212; o\u00f9 des d\u00e9cisions cl\u00e9s sont prises &#8212; sont souvent peu fr\u00e9quent\u00e9es, sauf par les d\u00e9l\u00e9gu\u00e9s de la Session et quelques spectateurs fid\u00e8les. Par contre, les invit\u00e9s se retrouvent en foule dans les halls d&#39;exhibition ou alors ils participent aux nombreuses activit\u00e9s qui sont organis\u00e9es en marge de la Session. <\/p>\n<p>Pardon Mwansa, un des vice-pr\u00e9sidents de l&#39;\u00e9glise mondiale qui est \u00e0 la t\u00eate du Comit\u00e9 de Planification des Sessions de l&#39;\u00e9glise Adventiste, a dit que certains responsables de l&#39;\u00e9glise s&#39;interrogent sur la n\u00e9cessit\u00e9 d&#39;avoir des Sessions de style \u00ab camp-meetings \u00bb&#8211; qui sont autant des retraites spirituelles que des rencontres administratives. <\/p>\n<p>\u00ab Nous n&#39;avons pas besoin d&#39;une foule pour \u00e9lire des responsables. Nous n&#39;avons pas besoin d&#39;une foule pour effectuer des changements aux r\u00e8glements, \u00bb a d\u00e9clar\u00e9 Pardon Mwansa. <\/p>\n<p>D&#39;autres ont demand\u00e9 si une Session en moins grand pourrait ouvrir l&#39;opportunit\u00e9 pour d&#39;autres villes en dehors des Etats Unis d&#39;accueillir l&#39;\u00e9v\u00e8nement. Des 59 Sessions organis\u00e9es depuis la fondation de l&#39;Eglise Adventiste en 1863, seules trois ont \u00e9t\u00e9 tenues \u00e0 l&#39;ext\u00e9rieur des Etats Unis, a indiqu\u00e9 Pardon Mwansa qui sert en tant que vice-pr\u00e9sident de l&#39;\u00e9glise mondiale et pr\u00e9sident du Comit\u00e9 de Planification des Sessions de l&#39;\u00e9glise Adventiste. <\/p>\n<p>Le format de la plus grande rencontre administrative de l&#39;\u00e9glise ne peut \u00eatre r\u00e9examin\u00e9 qu&#39;\u00e0 l&#39;occasion d&#39;un vote lors d&#39;une Session. Bien qu&#39;il n&#39;y ait aucune proposition \u00e0 ce sujet, les administrateurs de l&#39;\u00e9glise ont eu des \u00ab conversations informelles \u00bb au sujet de la forme que pourraient prendre les futures Sessions, c&#39;est ce qu&#39;a dit Lowell Cooper, un des vice-pr\u00e9sidents de l&#39;\u00e9glise mondiale. <\/p>\n<p>\u00ab Alors que l&#39;\u00e9glise cro\u00eet, la probabilit\u00e9 que [la Session] devienne un \u00e9v\u00e8nement encore plus complexe et couteux augmente, et cela nous oblige \u00e0 consid\u00e9rer ce que nous voulons vraiment r\u00e9aliser lors des Sessions et ce qui est simplement optionnel, a indiqu\u00e9 Lowell Cooper. <\/p>\n<p>On peut se demander si cette discussion am\u00e8nera plus de Sessions \u00e0 \u00eatre organis\u00e9es en dehors de l&#39;Am\u00e9rique du Nord, ont dit les leaders de l&#39;\u00e9glise. <\/p>\n<p>Les administrateurs de l&#39;\u00e9glise qui ont particip\u00e9 \u00e0 la Session de 1995 \u00e0 Utrecht aux Pays Bas se rappellent les longs trajets en train et les installations loin d&#39;\u00eatre id\u00e9ales. <\/p>\n<p>\u00ab Certains d\u00e9l\u00e9gu\u00e9s &#8211; et j&#39;\u00e9tais l&#39;un deux, j&#39;\u00e9tais pr\u00e9sident d&#39;union cette ann\u00e9e l\u00e0 &#8211; voyageaient pendant au moins deux heures et demies chaque jour, seulement pour aller de notre h\u00f4tel au centre de convention, \u00bb a rappel\u00e9 Mwansa. \u00ab Nous devions commencer notre journ\u00e9e d\u00e8s 5h30. \u00bb <\/p>\n<p>Cela peut ne pas paraitre insurmontable de commencer t\u00f4t le matin, mais il faut consid\u00e9rer aussi la question du d\u00e9calage horaire a indiqu\u00e9 Mwansa, et les d\u00e9l\u00e9gu\u00e9s dont la t\u00e2che consiste \u00e0 prendre certaines des d\u00e9cisions les plus difficiles et plus cruciales de l&#39;\u00e9glise peuvent vite \u00eatre \u00e9puis\u00e9s. <\/p>\n<p>\u00ab Le facteur cl\u00e9 est de savoir comment faciliter au mieux le fonctionnement de l&#39;\u00e9glise, \u00bb a-t-il dit, sugg\u00e9rant qu&#39;un corps bien repos\u00e9 et un esprit clair sont tr\u00e8s utiles dans ce cas. <\/p>\n<p>Un autre point essentiel dans le choix du lieu o\u00f9 sera organis\u00e9 la Session est le budget. L&#39;\u00e9quipement audiovisuel, les frais pour le s\u00e9jour des d\u00e9l\u00e9gu\u00e9s et du personnel sur place est cher, a dit Verland Erntson, contr\u00f4leur pour le d\u00e9partement comptabilit\u00e9 de l&#39;\u00e9glise mondiale. <\/p>\n<p>En 1995, l&#39;\u00e9glise mondiale a d\u00e9pens\u00e9 5,8 millions de dollars pour payer la facture de la Session \u00e0 Utrecht, cela n&#39;inclut pas les billets d&#39;avion pour le personnel. Cinq ans plus tard, la Session de Toronto au Canada a co\u00fbt\u00e9 plus d&#39;un million de dollars de moins. M\u00eame la Session de l&#39;ann\u00e9e derni\u00e8re \u00e0 Atlanta en G\u00e9orgie -qui a co\u00fbt\u00e9 5,5 millions de dollars &#8211; a co\u00fbt\u00e9 moins cher que la Session d&#39;Utrecht. Cela me surprend, \u00bb a dit Erntson. <\/p>\n<p>Cependant, r\u00e9duire la taille de la Session juste pour accommoder les villes potentielles an dehors de l&#39;Am\u00e9rique du Nord, est une id\u00e9e qui jusqu&#39;ici a \u00ab tr\u00e8s peu d&#39;adeptes \u00bb a indiqu\u00e9 Lowell Cooper. <\/p>\n<p>En 2005, le pr\u00e9sident de l&#39;\u00e9glise mondiale de l&#39;\u00e9poque, Jan Paulsen avait demand\u00e9 aux pr\u00e9sidents des r\u00e9gions de l&#39;\u00e9glise de choisir un lieu de rencontre autre que le si\u00e8ge de l&#39;\u00e9glise mondiale pour organiser le Concile Annuel, une des deux rencontres administratives biannuelles de l&#39;\u00e9glise. \u00ab M\u00eame pour cette rencontre de moindre envergure, la plupart d&#39;entre eux pr\u00e9f\u00e9raient venir ici -ils \u00e9taient habitu\u00e9s et c&#39;\u00e9tait plus pratique, \u00bb a dit Pardon Mwansa. <\/p>\n<p>Le syst\u00e8me repr\u00e9sentatif de l&#39;\u00e9glise \u00ab fait bouger d&#39;une mani\u00e8re extraordinaire les d\u00e9cisions et l&#39;avenir de l&#39;\u00e9glise en vertu du fait que ces d\u00e9l\u00e9gu\u00e9s mettent en pratique leurs fa\u00e7ons de voir r\u00e9gionales, \u00bb a-t-il dit. <\/p>\n<p>En d\u00e9pit de l&#39;endroit o\u00f9 pourrait \u00eatre organis\u00e9e la Session, les leaders de l&#39;\u00e9glise sont d&#39;accord pour affirmer que la dimension mondiale de l&#39;\u00e9v\u00e8nement n&#39;est pas perdue, et que les voix des membres venant de toute la plan\u00e8te ne sont pas \u00e9touff\u00e9es. Les crit\u00e8res de s\u00e9lection pour le choix des d\u00e9l\u00e9gu\u00e9s \u00e0 la Session ne donnent aucun avantage \u00e0 la r\u00e9gion organisatrice a pr\u00e9cis\u00e9 Cooper. <\/p>\n<p>La fiert\u00e9 locale qui accompagne le fait d&#39;organiser la Session est, du moins pour l&#39;instant, r\u00e9serv\u00e9e aux r\u00e9sidents de San Antonio au Texas. C&#39;est dans leur ville que sera organis\u00e9e la prochaine Session de l&#39;\u00e9glise en 2015. Et pour 2025 ? <\/p>\n<p>Si les administrateurs de l&#39;\u00e9glise sont \u00ab suffisamment courageux \u00bb pour conclure que la Session est essentiellement une r\u00e9union administrative, ils doivent s&#39;interroger sur la fa\u00e7on la plus efficace de l&#39;organiser, a d\u00e9clar\u00e9 Pardon Mwansa. <\/p>\n<p>\u00ab Alors le r\u00e9sultat sera diff\u00e9rent, \u00bb a-t-il sp\u00e9cul\u00e9. <\/p>\n<p><em >Traducteur: Patrick Luciathe <\/em ><br  \/><\/p>\n","protected":false},"excerpt":{"rendered":"<p>Six mois seulement apr\u00e8s la tenue de la plusgrande rencontre administrative de l&#39;Eglise Adventiste du Septi\u00e8me jour, les planificateursde la Session de la Conf\u00e9rence G\u00e9n\u00e9rale sont d\u00e9j\u00e0 en train<\/p>\n","protected":false},"author":1,"featured_media":0,"comment_status":"closed","ping_status":"closed","sticky":false,"template":"","format":"standard","meta":{"_acf_changed":false,"footnotes":""},"categories":[9],"tags":[],"class_list":["post-13514","post","type-post","status-publish","format-standard","hentry","category-archive-fr"],"acf":[],"yoast_head":"<!-- This site is optimized with the Yoast SEO plugin v27.3 - https:\/\/yoast.com\/product\/yoast-seo-wordpress\/ -->\n<title>Reconsid\u00e9ration du format de la Session - \u00c9glise Adventiste Du Septieme Jour - Inter Am\u00e9rique Division<\/title>\n<meta name=\"robots\" content=\"index, follow, max-snippet:-1, max-image-preview:large, max-video-preview:-1\" \/>\n<link rel=\"canonical\" href=\"https:\/\/interamerica.org\/fr\/2011\/02\/reconsideration-du-format-de-la-session\/\" \/>\n<meta property=\"og:locale\" content=\"fr_FR\" \/>\n<meta property=\"og:type\" content=\"article\" \/>\n<meta property=\"og:title\" content=\"Reconsid\u00e9ration du format de la Session - \u00c9glise Adventiste Du Septieme Jour - Inter Am\u00e9rique Division\" \/>\n<meta property=\"og:description\" content=\"Six mois seulement apr\u00e8s la tenue de la plusgrande rencontre administrative de l&#039;Eglise Adventiste du Septi\u00e8me jour, les planificateursde la Session de la Conf\u00e9rence G\u00e9n\u00e9rale sont d\u00e9j\u00e0 en train\" \/>\n<meta property=\"og:url\" content=\"https:\/\/interamerica.org\/fr\/2011\/02\/reconsideration-du-format-de-la-session\/\" \/>\n<meta property=\"og:site_name\" content=\"\u00c9glise Adventiste Du Septieme Jour - Inter Am\u00e9rique Division\" \/>\n<meta property=\"article:published_time\" content=\"2011-02-15T04:00:00+00:00\" \/>\n<meta property=\"article:modified_time\" content=\"2017-06-02T17:02:30+00:00\" \/>\n<meta name=\"author\" content=\"Lorenzo Verduzco\" \/>\n<meta name=\"twitter:card\" content=\"summary_large_image\" \/>\n<meta name=\"twitter:label1\" content=\"\u00c9crit par\" \/>\n\t<meta name=\"twitter:data1\" content=\"Lorenzo Verduzco\" \/>\n\t<meta name=\"twitter:label2\" content=\"Dur\u00e9e de lecture estim\u00e9e\" \/>\n\t<meta name=\"twitter:data2\" content=\"7 minutes\" \/>\n<script type=\"application\/ld+json\" class=\"yoast-schema-graph\">{\"@context\":\"https:\\\/\\\/schema.org\",\"@graph\":[{\"@type\":\"Article\",\"@id\":\"https:\\\/\\\/interamerica.org\\\/fr\\\/2011\\\/02\\\/reconsideration-du-format-de-la-session\\\/#article\",\"isPartOf\":{\"@id\":\"https:\\\/\\\/interamerica.org\\\/fr\\\/2011\\\/02\\\/reconsideration-du-format-de-la-session\\\/\"},\"author\":{\"name\":\"Lorenzo Verduzco\",\"@id\":\"https:\\\/\\\/interamerica.org\\\/fr\\\/#\\\/schema\\\/person\\\/68ede8bdc292885bb76c1e3810e73c39\"},\"headline\":\"Reconsid\u00e9ration du format de la Session\",\"datePublished\":\"2011-02-15T04:00:00+00:00\",\"dateModified\":\"2017-06-02T17:02:30+00:00\",\"mainEntityOfPage\":{\"@id\":\"https:\\\/\\\/interamerica.org\\\/fr\\\/2011\\\/02\\\/reconsideration-du-format-de-la-session\\\/\"},\"wordCount\":1330,\"articleSection\":[\"Archive\"],\"inLanguage\":\"fr-FR\"},{\"@type\":\"WebPage\",\"@id\":\"https:\\\/\\\/interamerica.org\\\/fr\\\/2011\\\/02\\\/reconsideration-du-format-de-la-session\\\/\",\"url\":\"https:\\\/\\\/interamerica.org\\\/fr\\\/2011\\\/02\\\/reconsideration-du-format-de-la-session\\\/\",\"name\":\"Reconsid\u00e9ration du format de la Session - \u00c9glise Adventiste Du Septieme Jour - Inter Am\u00e9rique Division\",\"isPartOf\":{\"@id\":\"https:\\\/\\\/interamerica.org\\\/fr\\\/#website\"},\"datePublished\":\"2011-02-15T04:00:00+00:00\",\"dateModified\":\"2017-06-02T17:02:30+00:00\",\"author\":{\"@id\":\"https:\\\/\\\/interamerica.org\\\/fr\\\/#\\\/schema\\\/person\\\/68ede8bdc292885bb76c1e3810e73c39\"},\"breadcrumb\":{\"@id\":\"https:\\\/\\\/interamerica.org\\\/fr\\\/2011\\\/02\\\/reconsideration-du-format-de-la-session\\\/#breadcrumb\"},\"inLanguage\":\"fr-FR\",\"potentialAction\":[{\"@type\":\"ReadAction\",\"target\":[\"https:\\\/\\\/interamerica.org\\\/fr\\\/2011\\\/02\\\/reconsideration-du-format-de-la-session\\\/\"]}]},{\"@type\":\"BreadcrumbList\",\"@id\":\"https:\\\/\\\/interamerica.org\\\/fr\\\/2011\\\/02\\\/reconsideration-du-format-de-la-session\\\/#breadcrumb\",\"itemListElement\":[{\"@type\":\"ListItem\",\"position\":1,\"name\":\"Home\",\"item\":\"https:\\\/\\\/interamerica.org\\\/fr\\\/\"},{\"@type\":\"ListItem\",\"position\":2,\"name\":\"Reconsid\u00e9ration du format de la Session\"}]},{\"@type\":\"WebSite\",\"@id\":\"https:\\\/\\\/interamerica.org\\\/fr\\\/#website\",\"url\":\"https:\\\/\\\/interamerica.org\\\/fr\\\/\",\"name\":\"\u00c9glise Adventiste Du Septieme Jour - Inter Am\u00e9rique Division\",\"description\":\"\",\"potentialAction\":[{\"@type\":\"SearchAction\",\"target\":{\"@type\":\"EntryPoint\",\"urlTemplate\":\"https:\\\/\\\/interamerica.org\\\/fr\\\/?s={search_term_string}\"},\"query-input\":{\"@type\":\"PropertyValueSpecification\",\"valueRequired\":true,\"valueName\":\"search_term_string\"}}],\"inLanguage\":\"fr-FR\"},{\"@type\":\"Person\",\"@id\":\"https:\\\/\\\/interamerica.org\\\/fr\\\/#\\\/schema\\\/person\\\/68ede8bdc292885bb76c1e3810e73c39\",\"name\":\"Lorenzo Verduzco\",\"image\":{\"@type\":\"ImageObject\",\"inLanguage\":\"fr-FR\",\"@id\":\"https:\\\/\\\/secure.gravatar.com\\\/avatar\\\/fb81a55b6218459490a9c1dc841a34909185b81904c5337b4b27f7a6fd60c49e?s=96&d=mm&r=g\",\"url\":\"https:\\\/\\\/secure.gravatar.com\\\/avatar\\\/fb81a55b6218459490a9c1dc841a34909185b81904c5337b4b27f7a6fd60c49e?s=96&d=mm&r=g\",\"contentUrl\":\"https:\\\/\\\/secure.gravatar.com\\\/avatar\\\/fb81a55b6218459490a9c1dc841a34909185b81904c5337b4b27f7a6fd60c49e?s=96&d=mm&r=g\",\"caption\":\"Lorenzo Verduzco\"}}]}<\/script>\n<!-- \/ Yoast SEO plugin. -->","yoast_head_json":{"title":"Reconsid\u00e9ration du format de la Session - \u00c9glise Adventiste Du Septieme Jour - Inter Am\u00e9rique Division","robots":{"index":"index","follow":"follow","max-snippet":"max-snippet:-1","max-image-preview":"max-image-preview:large","max-video-preview":"max-video-preview:-1"},"canonical":"https:\/\/interamerica.org\/fr\/2011\/02\/reconsideration-du-format-de-la-session\/","og_locale":"fr_FR","og_type":"article","og_title":"Reconsid\u00e9ration du format de la Session - \u00c9glise Adventiste Du Septieme Jour - Inter Am\u00e9rique Division","og_description":"Six mois seulement apr\u00e8s la tenue de la plusgrande rencontre administrative de l&#39;Eglise Adventiste du Septi\u00e8me jour, les planificateursde la Session de la Conf\u00e9rence G\u00e9n\u00e9rale sont d\u00e9j\u00e0 en train","og_url":"https:\/\/interamerica.org\/fr\/2011\/02\/reconsideration-du-format-de-la-session\/","og_site_name":"\u00c9glise Adventiste Du Septieme Jour - Inter Am\u00e9rique Division","article_published_time":"2011-02-15T04:00:00+00:00","article_modified_time":"2017-06-02T17:02:30+00:00","author":"Lorenzo Verduzco","twitter_card":"summary_large_image","twitter_misc":{"\u00c9crit par":"Lorenzo Verduzco","Dur\u00e9e de lecture estim\u00e9e":"7 minutes"},"schema":{"@context":"https:\/\/schema.org","@graph":[{"@type":"Article","@id":"https:\/\/interamerica.org\/fr\/2011\/02\/reconsideration-du-format-de-la-session\/#article","isPartOf":{"@id":"https:\/\/interamerica.org\/fr\/2011\/02\/reconsideration-du-format-de-la-session\/"},"author":{"name":"Lorenzo Verduzco","@id":"https:\/\/interamerica.org\/fr\/#\/schema\/person\/68ede8bdc292885bb76c1e3810e73c39"},"headline":"Reconsid\u00e9ration du format de la Session","datePublished":"2011-02-15T04:00:00+00:00","dateModified":"2017-06-02T17:02:30+00:00","mainEntityOfPage":{"@id":"https:\/\/interamerica.org\/fr\/2011\/02\/reconsideration-du-format-de-la-session\/"},"wordCount":1330,"articleSection":["Archive"],"inLanguage":"fr-FR"},{"@type":"WebPage","@id":"https:\/\/interamerica.org\/fr\/2011\/02\/reconsideration-du-format-de-la-session\/","url":"https:\/\/interamerica.org\/fr\/2011\/02\/reconsideration-du-format-de-la-session\/","name":"Reconsid\u00e9ration du format de la Session - \u00c9glise Adventiste Du Septieme Jour - Inter Am\u00e9rique Division","isPartOf":{"@id":"https:\/\/interamerica.org\/fr\/#website"},"datePublished":"2011-02-15T04:00:00+00:00","dateModified":"2017-06-02T17:02:30+00:00","author":{"@id":"https:\/\/interamerica.org\/fr\/#\/schema\/person\/68ede8bdc292885bb76c1e3810e73c39"},"breadcrumb":{"@id":"https:\/\/interamerica.org\/fr\/2011\/02\/reconsideration-du-format-de-la-session\/#breadcrumb"},"inLanguage":"fr-FR","potentialAction":[{"@type":"ReadAction","target":["https:\/\/interamerica.org\/fr\/2011\/02\/reconsideration-du-format-de-la-session\/"]}]},{"@type":"BreadcrumbList","@id":"https:\/\/interamerica.org\/fr\/2011\/02\/reconsideration-du-format-de-la-session\/#breadcrumb","itemListElement":[{"@type":"ListItem","position":1,"name":"Home","item":"https:\/\/interamerica.org\/fr\/"},{"@type":"ListItem","position":2,"name":"Reconsid\u00e9ration du format de la Session"}]},{"@type":"WebSite","@id":"https:\/\/interamerica.org\/fr\/#website","url":"https:\/\/interamerica.org\/fr\/","name":"\u00c9glise Adventiste Du Septieme Jour - Inter Am\u00e9rique Division","description":"","potentialAction":[{"@type":"SearchAction","target":{"@type":"EntryPoint","urlTemplate":"https:\/\/interamerica.org\/fr\/?s={search_term_string}"},"query-input":{"@type":"PropertyValueSpecification","valueRequired":true,"valueName":"search_term_string"}}],"inLanguage":"fr-FR"},{"@type":"Person","@id":"https:\/\/interamerica.org\/fr\/#\/schema\/person\/68ede8bdc292885bb76c1e3810e73c39","name":"Lorenzo Verduzco","image":{"@type":"ImageObject","inLanguage":"fr-FR","@id":"https:\/\/secure.gravatar.com\/avatar\/fb81a55b6218459490a9c1dc841a34909185b81904c5337b4b27f7a6fd60c49e?s=96&d=mm&r=g","url":"https:\/\/secure.gravatar.com\/avatar\/fb81a55b6218459490a9c1dc841a34909185b81904c5337b4b27f7a6fd60c49e?s=96&d=mm&r=g","contentUrl":"https:\/\/secure.gravatar.com\/avatar\/fb81a55b6218459490a9c1dc841a34909185b81904c5337b4b27f7a6fd60c49e?s=96&d=mm&r=g","caption":"Lorenzo Verduzco"}}]}},"_links":{"self":[{"href":"https:\/\/interamerica.org\/fr\/wp-json\/wp\/v2\/posts\/13514","targetHints":{"allow":["GET"]}}],"collection":[{"href":"https:\/\/interamerica.org\/fr\/wp-json\/wp\/v2\/posts"}],"about":[{"href":"https:\/\/interamerica.org\/fr\/wp-json\/wp\/v2\/types\/post"}],"author":[{"embeddable":true,"href":"https:\/\/interamerica.org\/fr\/wp-json\/wp\/v2\/users\/1"}],"replies":[{"embeddable":true,"href":"https:\/\/interamerica.org\/fr\/wp-json\/wp\/v2\/comments?post=13514"}],"version-history":[{"count":0,"href":"https:\/\/interamerica.org\/fr\/wp-json\/wp\/v2\/posts\/13514\/revisions"}],"wp:attachment":[{"href":"https:\/\/interamerica.org\/fr\/wp-json\/wp\/v2\/media?parent=13514"}],"wp:term":[{"taxonomy":"category","embeddable":true,"href":"https:\/\/interamerica.org\/fr\/wp-json\/wp\/v2\/categories?post=13514"},{"taxonomy":"post_tag","embeddable":true,"href":"https:\/\/interamerica.org\/fr\/wp-json\/wp\/v2\/tags?post=13514"}],"curies":[{"name":"wp","href":"https:\/\/api.w.org\/{rel}","templated":true}]}}