{"id":13661,"date":"2011-09-18T00:00:00","date_gmt":"2011-09-18T04:00:00","guid":{"rendered":"http:\/\/192.81.217.108\/interamerica\/2011\/09\/le-magazine-message-bientot-present-dans-les-kiosques-a-journaux-des-etats-unis\/"},"modified":"2017-06-02T13:00:25","modified_gmt":"2017-06-02T17:00:25","slug":"le-magazine-message-bientot-present-dans-les-kiosques-a-journaux-des-etats-unis","status":"publish","type":"post","link":"https:\/\/interamerica.org\/fr\/2011\/09\/le-magazine-message-bientot-present-dans-les-kiosques-a-journaux-des-etats-unis\/","title":{"rendered":"Le Magazine Message bient\u00f4t pr\u00e9sent dans les kiosques \u00e0 journaux des Etats Unis"},"content":{"rendered":"<p>18 Septembre 2011 &#8211; Silver Spring, Maryland, Etats Unis&#8230;Mark A. Kellner, \u00e9diteur Adventist Review <\/p>\n<p>Le magazine Adventiste d&#39;action \u00e9vang\u00e9lique sera bient\u00f4t disponible dans les kiosques \u00e0 travers les Etats Unis <\/p>\n<p>Message, dont la premi\u00e8re publication remonte \u00e0 1898 sous le nom Gospel Herald, vise le lectorat noir Am\u00e9ricain comme principal groupe d\u00e9mographique, bien que la publication soit bien re\u00e7ue dans les autres communaut\u00e9s, a d\u00e9clar\u00e9 Samuel Thomas Jr, directeur du service marketing du magazine. <\/p>\n<p>\u00ab Depuis la fin de l&#39;ann\u00e9e 2007, le d\u00e9partement marketing de Message conjointement avec l&#39;\u00e9diteur, Washington Johnson II, a  poursuivi un seul objectif, celui de toucher les masses dans nos centres urbains de mani\u00e8re plus efficace, \u00bb a indiqu\u00e9 Samuel Thomas. \u00ab Etant un objectif constant, cette mission a \u00e9t\u00e9 combin\u00e9e avec la pri\u00e8re constante. \u00bb <\/p>\n<p>\u00ab Ce qui a d\u00e9but\u00e9 comme un contact ordinaire d&#39;Ingram Publishing aupr\u00e8s du d\u00e9partement marketing de Message promet d&#39;ouvrir le march\u00e9 urbain pour les non-Chr\u00e9tiens et les autres lecteurs Chr\u00e9tiens pour qu&#39;ils consid\u00e8rent notre publication, \u00bb a fait remarquer Samuel Thomas. Johnson, l&#39;\u00e9diteur du magazine a ajout\u00e9, \u00ab c&#39;est un jour que nous n&#39;avons jamais anticip\u00e9, mais cela permet de voir la puissance de Dieu pour r\u00e9pandre le message dans ces derni\u00e8res heures de l&#39;histoire du monde. \u00bb <\/p>\n<p>Samuel Thomas a expliqu\u00e9 que la d\u00e9cision d&#39;inclure les kiosques \u00e0 journaux dans la distribution visait deux objectifs : \u00ab Premi\u00e8rement, gagner en pr\u00e9sence au sein du lectorat g\u00e9n\u00e9ral, et deuxi\u00e8mement d\u00e9velopper la capacit\u00e9 pour Message de d\u00e9montrer sa valeur \u00e9vang\u00e9lique parmi ses membres. Plus nous parvenons \u00e0 d\u00e9montrer sa valeur, plus nous avons la capacit\u00e9 de d\u00e9velopper son utilisation et de compl\u00e9menter les projets d&#39;\u00e9vang\u00e9lisation. \u00bb <\/p>\n<p>Message a un tirage de 56000 copies pour les abonn\u00e9s a expliqu\u00e9 Thomas, auxquels s&#39;ajoutent en g\u00e9n\u00e9ral 19000 exemplaires suppl\u00e9mentaires pour chaque tirage, qui, dit-il, sont utilis\u00e9s dans des programmes d&#39;\u00e9vang\u00e9lisation et dans d&#39;autres programmes. Au cours des deux derni\u00e8res ann\u00e9es, trois programmes distincts d&#39;action \u00e9vang\u00e9lique par le magazine Message &#8211; au cours de l&#39;inauguration du pr\u00e9sident am\u00e9ricain Barack Obama en 2009 ; la session de la Conf\u00e9rence G\u00e9n\u00e9rale \u00e0 Atlanta en 2010 et le United Youth Congress de 2011 \u00e0 Orlando en Floride &#8212; ont permis la distribution au grand public de 100000 exemplaires de tirages sp\u00e9ciaux. <\/p>\n<p>\u00ab Quand vous avez un journal attractif et qui se penche \u00e9galement sur les \u00e9v\u00e8nements et les probl\u00e8mes d&#39;actualit\u00e9, le public se reconnaitra  \u00e0 travers lui, surtout  ceux qui sont non-Chr\u00e9tiens, \u00bb a dit Samuel Thomas. <\/p>\n<p><em >Traducteur: Patrick Luciathe <\/em ><br  \/><\/p>\n","protected":false},"excerpt":{"rendered":"<p>Le magazine Adventiste du Septi\u00e8me jour d&#39;action \u00e9vang\u00e9liquesera bient\u00f4t disponible dans les kiosques \u00e0 travers les Etats Unis<\/p>\n","protected":false},"author":1,"featured_media":0,"comment_status":"closed","ping_status":"closed","sticky":false,"template":"","format":"standard","meta":{"_acf_changed":false,"footnotes":""},"categories":[9],"tags":[],"class_list":["post-13661","post","type-post","status-publish","format-standard","hentry","category-archive-fr"],"acf":[],"yoast_head":"<!-- This site is optimized with the Yoast SEO plugin v27.3 - https:\/\/yoast.com\/product\/yoast-seo-wordpress\/ -->\n<title>Le Magazine Message bient\u00f4t pr\u00e9sent dans les kiosques \u00e0 journaux des Etats Unis - \u00c9glise Adventiste Du Septieme Jour - Inter Am\u00e9rique Division<\/title>\n<meta name=\"robots\" content=\"index, follow, max-snippet:-1, max-image-preview:large, max-video-preview:-1\" \/>\n<link rel=\"canonical\" href=\"https:\/\/interamerica.org\/fr\/2011\/09\/le-magazine-message-bientot-present-dans-les-kiosques-a-journaux-des-etats-unis\/\" \/>\n<meta property=\"og:locale\" content=\"fr_FR\" \/>\n<meta property=\"og:type\" content=\"article\" \/>\n<meta property=\"og:title\" content=\"Le Magazine Message bient\u00f4t pr\u00e9sent dans les kiosques \u00e0 journaux des Etats Unis - \u00c9glise Adventiste Du Septieme Jour - Inter Am\u00e9rique Division\" \/>\n<meta property=\"og:description\" content=\"Le magazine Adventiste du Septi\u00e8me jour d&#039;action \u00e9vang\u00e9liquesera bient\u00f4t disponible dans les kiosques \u00e0 travers les Etats Unis\" \/>\n<meta property=\"og:url\" content=\"https:\/\/interamerica.org\/fr\/2011\/09\/le-magazine-message-bientot-present-dans-les-kiosques-a-journaux-des-etats-unis\/\" \/>\n<meta property=\"og:site_name\" content=\"\u00c9glise Adventiste Du Septieme Jour - Inter Am\u00e9rique Division\" \/>\n<meta property=\"article:published_time\" content=\"2011-09-18T04:00:00+00:00\" \/>\n<meta property=\"article:modified_time\" content=\"2017-06-02T17:00:25+00:00\" \/>\n<meta name=\"author\" content=\"Lorenzo Verduzco\" \/>\n<meta name=\"twitter:card\" content=\"summary_large_image\" \/>\n<meta name=\"twitter:label1\" content=\"\u00c9crit par\" \/>\n\t<meta name=\"twitter:data1\" content=\"Lorenzo Verduzco\" \/>\n\t<meta name=\"twitter:label2\" content=\"Dur\u00e9e de lecture estim\u00e9e\" \/>\n\t<meta name=\"twitter:data2\" content=\"2 minutes\" \/>\n<script type=\"application\/ld+json\" class=\"yoast-schema-graph\">{\"@context\":\"https:\\\/\\\/schema.org\",\"@graph\":[{\"@type\":\"Article\",\"@id\":\"https:\\\/\\\/interamerica.org\\\/fr\\\/2011\\\/09\\\/le-magazine-message-bientot-present-dans-les-kiosques-a-journaux-des-etats-unis\\\/#article\",\"isPartOf\":{\"@id\":\"https:\\\/\\\/interamerica.org\\\/fr\\\/2011\\\/09\\\/le-magazine-message-bientot-present-dans-les-kiosques-a-journaux-des-etats-unis\\\/\"},\"author\":{\"name\":\"Lorenzo Verduzco\",\"@id\":\"https:\\\/\\\/interamerica.org\\\/fr\\\/#\\\/schema\\\/person\\\/68ede8bdc292885bb76c1e3810e73c39\"},\"headline\":\"Le Magazine Message bient\u00f4t pr\u00e9sent dans les kiosques \u00e0 journaux des Etats Unis\",\"datePublished\":\"2011-09-18T04:00:00+00:00\",\"dateModified\":\"2017-06-02T17:00:25+00:00\",\"mainEntityOfPage\":{\"@id\":\"https:\\\/\\\/interamerica.org\\\/fr\\\/2011\\\/09\\\/le-magazine-message-bientot-present-dans-les-kiosques-a-journaux-des-etats-unis\\\/\"},\"wordCount\":466,\"articleSection\":[\"Archive\"],\"inLanguage\":\"fr-FR\"},{\"@type\":\"WebPage\",\"@id\":\"https:\\\/\\\/interamerica.org\\\/fr\\\/2011\\\/09\\\/le-magazine-message-bientot-present-dans-les-kiosques-a-journaux-des-etats-unis\\\/\",\"url\":\"https:\\\/\\\/interamerica.org\\\/fr\\\/2011\\\/09\\\/le-magazine-message-bientot-present-dans-les-kiosques-a-journaux-des-etats-unis\\\/\",\"name\":\"Le Magazine Message bient\u00f4t pr\u00e9sent dans les kiosques \u00e0 journaux des Etats Unis - \u00c9glise Adventiste Du Septieme Jour - Inter Am\u00e9rique Division\",\"isPartOf\":{\"@id\":\"https:\\\/\\\/interamerica.org\\\/fr\\\/#website\"},\"datePublished\":\"2011-09-18T04:00:00+00:00\",\"dateModified\":\"2017-06-02T17:00:25+00:00\",\"author\":{\"@id\":\"https:\\\/\\\/interamerica.org\\\/fr\\\/#\\\/schema\\\/person\\\/68ede8bdc292885bb76c1e3810e73c39\"},\"breadcrumb\":{\"@id\":\"https:\\\/\\\/interamerica.org\\\/fr\\\/2011\\\/09\\\/le-magazine-message-bientot-present-dans-les-kiosques-a-journaux-des-etats-unis\\\/#breadcrumb\"},\"inLanguage\":\"fr-FR\",\"potentialAction\":[{\"@type\":\"ReadAction\",\"target\":[\"https:\\\/\\\/interamerica.org\\\/fr\\\/2011\\\/09\\\/le-magazine-message-bientot-present-dans-les-kiosques-a-journaux-des-etats-unis\\\/\"]}]},{\"@type\":\"BreadcrumbList\",\"@id\":\"https:\\\/\\\/interamerica.org\\\/fr\\\/2011\\\/09\\\/le-magazine-message-bientot-present-dans-les-kiosques-a-journaux-des-etats-unis\\\/#breadcrumb\",\"itemListElement\":[{\"@type\":\"ListItem\",\"position\":1,\"name\":\"Home\",\"item\":\"https:\\\/\\\/interamerica.org\\\/fr\\\/\"},{\"@type\":\"ListItem\",\"position\":2,\"name\":\"Le Magazine Message bient\u00f4t pr\u00e9sent dans les kiosques \u00e0 journaux des Etats Unis\"}]},{\"@type\":\"WebSite\",\"@id\":\"https:\\\/\\\/interamerica.org\\\/fr\\\/#website\",\"url\":\"https:\\\/\\\/interamerica.org\\\/fr\\\/\",\"name\":\"\u00c9glise Adventiste Du Septieme Jour - Inter Am\u00e9rique Division\",\"description\":\"\",\"potentialAction\":[{\"@type\":\"SearchAction\",\"target\":{\"@type\":\"EntryPoint\",\"urlTemplate\":\"https:\\\/\\\/interamerica.org\\\/fr\\\/?s={search_term_string}\"},\"query-input\":{\"@type\":\"PropertyValueSpecification\",\"valueRequired\":true,\"valueName\":\"search_term_string\"}}],\"inLanguage\":\"fr-FR\"},{\"@type\":\"Person\",\"@id\":\"https:\\\/\\\/interamerica.org\\\/fr\\\/#\\\/schema\\\/person\\\/68ede8bdc292885bb76c1e3810e73c39\",\"name\":\"Lorenzo Verduzco\",\"image\":{\"@type\":\"ImageObject\",\"inLanguage\":\"fr-FR\",\"@id\":\"https:\\\/\\\/secure.gravatar.com\\\/avatar\\\/fb81a55b6218459490a9c1dc841a34909185b81904c5337b4b27f7a6fd60c49e?s=96&d=mm&r=g\",\"url\":\"https:\\\/\\\/secure.gravatar.com\\\/avatar\\\/fb81a55b6218459490a9c1dc841a34909185b81904c5337b4b27f7a6fd60c49e?s=96&d=mm&r=g\",\"contentUrl\":\"https:\\\/\\\/secure.gravatar.com\\\/avatar\\\/fb81a55b6218459490a9c1dc841a34909185b81904c5337b4b27f7a6fd60c49e?s=96&d=mm&r=g\",\"caption\":\"Lorenzo Verduzco\"}}]}<\/script>\n<!-- \/ Yoast SEO plugin. -->","yoast_head_json":{"title":"Le Magazine Message bient\u00f4t pr\u00e9sent dans les kiosques \u00e0 journaux des Etats Unis - \u00c9glise Adventiste Du Septieme Jour - Inter Am\u00e9rique Division","robots":{"index":"index","follow":"follow","max-snippet":"max-snippet:-1","max-image-preview":"max-image-preview:large","max-video-preview":"max-video-preview:-1"},"canonical":"https:\/\/interamerica.org\/fr\/2011\/09\/le-magazine-message-bientot-present-dans-les-kiosques-a-journaux-des-etats-unis\/","og_locale":"fr_FR","og_type":"article","og_title":"Le Magazine Message bient\u00f4t pr\u00e9sent dans les kiosques \u00e0 journaux des Etats Unis - \u00c9glise Adventiste Du Septieme Jour - Inter Am\u00e9rique Division","og_description":"Le magazine Adventiste du Septi\u00e8me jour d&#39;action \u00e9vang\u00e9liquesera bient\u00f4t disponible dans les kiosques \u00e0 travers les Etats Unis","og_url":"https:\/\/interamerica.org\/fr\/2011\/09\/le-magazine-message-bientot-present-dans-les-kiosques-a-journaux-des-etats-unis\/","og_site_name":"\u00c9glise Adventiste Du Septieme Jour - Inter Am\u00e9rique Division","article_published_time":"2011-09-18T04:00:00+00:00","article_modified_time":"2017-06-02T17:00:25+00:00","author":"Lorenzo Verduzco","twitter_card":"summary_large_image","twitter_misc":{"\u00c9crit par":"Lorenzo Verduzco","Dur\u00e9e de lecture estim\u00e9e":"2 minutes"},"schema":{"@context":"https:\/\/schema.org","@graph":[{"@type":"Article","@id":"https:\/\/interamerica.org\/fr\/2011\/09\/le-magazine-message-bientot-present-dans-les-kiosques-a-journaux-des-etats-unis\/#article","isPartOf":{"@id":"https:\/\/interamerica.org\/fr\/2011\/09\/le-magazine-message-bientot-present-dans-les-kiosques-a-journaux-des-etats-unis\/"},"author":{"name":"Lorenzo Verduzco","@id":"https:\/\/interamerica.org\/fr\/#\/schema\/person\/68ede8bdc292885bb76c1e3810e73c39"},"headline":"Le Magazine Message bient\u00f4t pr\u00e9sent dans les kiosques \u00e0 journaux des Etats Unis","datePublished":"2011-09-18T04:00:00+00:00","dateModified":"2017-06-02T17:00:25+00:00","mainEntityOfPage":{"@id":"https:\/\/interamerica.org\/fr\/2011\/09\/le-magazine-message-bientot-present-dans-les-kiosques-a-journaux-des-etats-unis\/"},"wordCount":466,"articleSection":["Archive"],"inLanguage":"fr-FR"},{"@type":"WebPage","@id":"https:\/\/interamerica.org\/fr\/2011\/09\/le-magazine-message-bientot-present-dans-les-kiosques-a-journaux-des-etats-unis\/","url":"https:\/\/interamerica.org\/fr\/2011\/09\/le-magazine-message-bientot-present-dans-les-kiosques-a-journaux-des-etats-unis\/","name":"Le Magazine Message bient\u00f4t pr\u00e9sent dans les kiosques \u00e0 journaux des Etats Unis - \u00c9glise Adventiste Du Septieme Jour - Inter Am\u00e9rique Division","isPartOf":{"@id":"https:\/\/interamerica.org\/fr\/#website"},"datePublished":"2011-09-18T04:00:00+00:00","dateModified":"2017-06-02T17:00:25+00:00","author":{"@id":"https:\/\/interamerica.org\/fr\/#\/schema\/person\/68ede8bdc292885bb76c1e3810e73c39"},"breadcrumb":{"@id":"https:\/\/interamerica.org\/fr\/2011\/09\/le-magazine-message-bientot-present-dans-les-kiosques-a-journaux-des-etats-unis\/#breadcrumb"},"inLanguage":"fr-FR","potentialAction":[{"@type":"ReadAction","target":["https:\/\/interamerica.org\/fr\/2011\/09\/le-magazine-message-bientot-present-dans-les-kiosques-a-journaux-des-etats-unis\/"]}]},{"@type":"BreadcrumbList","@id":"https:\/\/interamerica.org\/fr\/2011\/09\/le-magazine-message-bientot-present-dans-les-kiosques-a-journaux-des-etats-unis\/#breadcrumb","itemListElement":[{"@type":"ListItem","position":1,"name":"Home","item":"https:\/\/interamerica.org\/fr\/"},{"@type":"ListItem","position":2,"name":"Le Magazine Message bient\u00f4t pr\u00e9sent dans les kiosques \u00e0 journaux des Etats Unis"}]},{"@type":"WebSite","@id":"https:\/\/interamerica.org\/fr\/#website","url":"https:\/\/interamerica.org\/fr\/","name":"\u00c9glise Adventiste Du Septieme Jour - Inter Am\u00e9rique Division","description":"","potentialAction":[{"@type":"SearchAction","target":{"@type":"EntryPoint","urlTemplate":"https:\/\/interamerica.org\/fr\/?s={search_term_string}"},"query-input":{"@type":"PropertyValueSpecification","valueRequired":true,"valueName":"search_term_string"}}],"inLanguage":"fr-FR"},{"@type":"Person","@id":"https:\/\/interamerica.org\/fr\/#\/schema\/person\/68ede8bdc292885bb76c1e3810e73c39","name":"Lorenzo Verduzco","image":{"@type":"ImageObject","inLanguage":"fr-FR","@id":"https:\/\/secure.gravatar.com\/avatar\/fb81a55b6218459490a9c1dc841a34909185b81904c5337b4b27f7a6fd60c49e?s=96&d=mm&r=g","url":"https:\/\/secure.gravatar.com\/avatar\/fb81a55b6218459490a9c1dc841a34909185b81904c5337b4b27f7a6fd60c49e?s=96&d=mm&r=g","contentUrl":"https:\/\/secure.gravatar.com\/avatar\/fb81a55b6218459490a9c1dc841a34909185b81904c5337b4b27f7a6fd60c49e?s=96&d=mm&r=g","caption":"Lorenzo Verduzco"}}]}},"_links":{"self":[{"href":"https:\/\/interamerica.org\/fr\/wp-json\/wp\/v2\/posts\/13661","targetHints":{"allow":["GET"]}}],"collection":[{"href":"https:\/\/interamerica.org\/fr\/wp-json\/wp\/v2\/posts"}],"about":[{"href":"https:\/\/interamerica.org\/fr\/wp-json\/wp\/v2\/types\/post"}],"author":[{"embeddable":true,"href":"https:\/\/interamerica.org\/fr\/wp-json\/wp\/v2\/users\/1"}],"replies":[{"embeddable":true,"href":"https:\/\/interamerica.org\/fr\/wp-json\/wp\/v2\/comments?post=13661"}],"version-history":[{"count":0,"href":"https:\/\/interamerica.org\/fr\/wp-json\/wp\/v2\/posts\/13661\/revisions"}],"wp:attachment":[{"href":"https:\/\/interamerica.org\/fr\/wp-json\/wp\/v2\/media?parent=13661"}],"wp:term":[{"taxonomy":"category","embeddable":true,"href":"https:\/\/interamerica.org\/fr\/wp-json\/wp\/v2\/categories?post=13661"},{"taxonomy":"post_tag","embeddable":true,"href":"https:\/\/interamerica.org\/fr\/wp-json\/wp\/v2\/tags?post=13661"}],"curies":[{"name":"wp","href":"https:\/\/api.w.org\/{rel}","templated":true}]}}