{"id":13663,"date":"2011-10-03T00:00:00","date_gmt":"2011-10-03T04:00:00","guid":{"rendered":"http:\/\/192.81.217.108\/interamerica\/2011\/10\/un-vote-probable-lors-du-concile-annuel-pourrait-provoquer-des-changements-dans-leglise\/"},"modified":"2017-06-02T13:00:24","modified_gmt":"2017-06-02T17:00:24","slug":"un-vote-probable-lors-du-concile-annuel-pourrait-provoquer-des-changements-dans-leglise","status":"publish","type":"post","link":"https:\/\/interamerica.org\/fr\/2011\/10\/un-vote-probable-lors-du-concile-annuel-pourrait-provoquer-des-changements-dans-leglise\/","title":{"rendered":"Un vote probable lors du Concile Annuel pourrait provoquer des changements dans l&#39;\u00e9glise"},"content":{"rendered":"<p>3 Octobre 2011, Silver Spring, Maryland, Etats Unis&#8230;Ansel Oliver\/ANN <\/p>\n<p>Les principaux responsables de l&#39;Eglise Adventiste du Septi\u00e8me jour devraient voter la semaine prochaine sur une s\u00e9rie de points administratifs, y compris un possible changement structurel au  niveau de son fonctionnement au Moyen Orient, ainsi que le lieu ou devrait se tenir la Session de la Conf\u00e9rence G\u00e9n\u00e9rale de 2020. <\/p>\n<p>Le Comit\u00e9 Ex\u00e9cutif de l&#39;Eglise Adventiste qui se retrouve pour les rencontres administratives annuelles, devrait \u00e9galement \u00eatre t\u00e9moin du lancement d&#39;un programme mondial d&#39;\u00e9vang\u00e9lisation urbaine, a indiqu\u00e9 Orville Parchment, assistant du pr\u00e9sident de l&#39;Eglise Adventiste, Ted N.C. Wilson. Lors de son sermon du sabbat 8 octobre, Ted Wilson encouragera la participation au programme dans chacune des 13 divisions de la d\u00e9nomination, a pr\u00e9cis\u00e9 Orville Parchment. <\/p>\n<p>Le comit\u00e9 devrait tenir les rencontres administratives \u00e0 partir de dimanche lors du Concile Annuel, qui aura lieu du 7 au 12 octobre. Les rencontres seront tenues au si\u00e8ge de de la d\u00e9nomination \u00e0 Silver Spring dans le Maryland aux Etats Unis. <\/p>\n<p>Le comit\u00e9 compte plus de 300 administrateurs, pasteurs et la\u00efcs venant de tous les pays du monde. <\/p>\n<p>La copie des points \u00e0 l&#39;ordre du jour n&#39;est pas rendue publique \u00e0 l&#39;avance car elle n&#39;est finalis\u00e9e que lorsqu&#39;elle a \u00e9t\u00e9 approuv\u00e9e par le comit\u00e9 au d\u00e9but des d\u00e9lib\u00e9rations. <\/p>\n<p>Les responsables de l&#39;\u00e9glise ont confirm\u00e9 que ces points sont \u00e0 l&#39;ordre du jour, mais les d\u00e9tails sp\u00e9cifiques ne sont pas encore publi\u00e9s vu que les membres du comit\u00e9 ont besoin d&#39;abord d&#39;entendre et de voter  sur ces points, ont-ils pr\u00e9cis\u00e9. Parmi les autres points potentiellement inscrits \u00e0 l&#39;ordre du jour, il y aurait : <\/p>\n<p>Le lancement de l&#39;Op\u00e9ration Grande Esp\u00e9rance, un programme de distribution massive du livre \u00ab La Trag\u00e9die des Si\u00e8cles \u00bb \u00e9crit par Ellen G. White, la co-fondatrice de l&#39;\u00e9glise. <\/p>\n<p>Une demi-journ\u00e9e de formation sur le d\u00e9veloppement du leadership. <\/p>\n<p>Une d\u00e9monstration de la mani\u00e8re dont certaines r\u00e9gions pourraient avoir besoin d&#39;analyses suppl\u00e9mentaires au sujet de l&#39;effectif de l&#39;\u00e9glise par rapport aux taux de mortalit\u00e9 chez les membres qui sont vraiment diff\u00e9rents des taux locaux de mortalit\u00e9 qu&#39;on retrouve au sein de la population g\u00e9n\u00e9rale. <\/p>\n<p>L&#39;annonce d&#39;une recherche r\u00e9cemment lanc\u00e9e pour guider la future planification strat\u00e9gique. Ces \u00e9tudes se pencheront sur les employ\u00e9s de l&#39;\u00e9glise, les membres et les anciens membres. Les chercheurs \u00e9tudieront le sch\u00e9ma de leur vie spirituelle personnelle, ainsi que le regard qu&#39;ils portent sur l&#39;\u00e9glise et ses activit\u00e9s. <\/p>\n<p>Une discussion de la requ\u00eate venant des divisions Nord-Am\u00e9ricaine et Transeurop\u00e9enne concernant une nuance apport\u00e9e \u00e0 l&#39;exigence selon laquelle les pr\u00e9sidents de f\u00e9d\u00e9rations doivent \u00eatre des pasteurs consacr\u00e9s. <\/p>\n<p>La poursuite de la discussion datant de la Rencontre de Printemps sur la fa\u00e7on dont l&#39;administration de l&#39;\u00e9glise peut \u00eatre plus transparente et responsable. <\/p>\n<p><em >Traducteur: Patrick Luciathe <\/em ><br  \/><\/p>\n","protected":false},"excerpt":{"rendered":"<p>Les principauxresponsables de l&#39;Eglise Adventiste du Septi\u00e8me jour devraient voter la semaineprochaine sur une s\u00e9rie de points administratifs, y compris un possiblechangement structurel au  niveau de sonfonctionnement au Moye<\/p>\n","protected":false},"author":1,"featured_media":0,"comment_status":"closed","ping_status":"closed","sticky":false,"template":"","format":"standard","meta":{"_acf_changed":false,"footnotes":""},"categories":[9],"tags":[],"class_list":["post-13663","post","type-post","status-publish","format-standard","hentry","category-archive-fr"],"acf":[],"yoast_head":"<!-- This site is optimized with the Yoast SEO plugin v27.3 - https:\/\/yoast.com\/product\/yoast-seo-wordpress\/ -->\n<title>Un vote probable lors du Concile Annuel pourrait provoquer des changements dans l&#039;\u00e9glise - \u00c9glise Adventiste Du Septieme Jour - Inter Am\u00e9rique Division<\/title>\n<meta name=\"robots\" content=\"index, follow, max-snippet:-1, max-image-preview:large, max-video-preview:-1\" \/>\n<link rel=\"canonical\" href=\"https:\/\/interamerica.org\/fr\/2011\/10\/un-vote-probable-lors-du-concile-annuel-pourrait-provoquer-des-changements-dans-leglise\/\" \/>\n<meta property=\"og:locale\" content=\"fr_FR\" \/>\n<meta property=\"og:type\" content=\"article\" \/>\n<meta property=\"og:title\" content=\"Un vote probable lors du Concile Annuel pourrait provoquer des changements dans l&#039;\u00e9glise - \u00c9glise Adventiste Du Septieme Jour - Inter Am\u00e9rique Division\" \/>\n<meta property=\"og:description\" content=\"Les principauxresponsables de l&#039;Eglise Adventiste du Septi\u00e8me jour devraient voter la semaineprochaine sur une s\u00e9rie de points administratifs, y compris un possiblechangement structurel au niveau de sonfonctionnement au Moye\" \/>\n<meta property=\"og:url\" content=\"https:\/\/interamerica.org\/fr\/2011\/10\/un-vote-probable-lors-du-concile-annuel-pourrait-provoquer-des-changements-dans-leglise\/\" \/>\n<meta property=\"og:site_name\" content=\"\u00c9glise Adventiste Du Septieme Jour - Inter Am\u00e9rique Division\" \/>\n<meta property=\"article:published_time\" content=\"2011-10-03T04:00:00+00:00\" \/>\n<meta property=\"article:modified_time\" content=\"2017-06-02T17:00:24+00:00\" \/>\n<meta name=\"author\" content=\"Lorenzo Verduzco\" \/>\n<meta name=\"twitter:card\" content=\"summary_large_image\" \/>\n<meta name=\"twitter:label1\" content=\"\u00c9crit par\" \/>\n\t<meta name=\"twitter:data1\" content=\"Lorenzo Verduzco\" \/>\n\t<meta name=\"twitter:label2\" content=\"Dur\u00e9e de lecture estim\u00e9e\" \/>\n\t<meta name=\"twitter:data2\" content=\"3 minutes\" \/>\n<script type=\"application\/ld+json\" class=\"yoast-schema-graph\">{\"@context\":\"https:\\\/\\\/schema.org\",\"@graph\":[{\"@type\":\"Article\",\"@id\":\"https:\\\/\\\/interamerica.org\\\/fr\\\/2011\\\/10\\\/un-vote-probable-lors-du-concile-annuel-pourrait-provoquer-des-changements-dans-leglise\\\/#article\",\"isPartOf\":{\"@id\":\"https:\\\/\\\/interamerica.org\\\/fr\\\/2011\\\/10\\\/un-vote-probable-lors-du-concile-annuel-pourrait-provoquer-des-changements-dans-leglise\\\/\"},\"author\":{\"name\":\"Lorenzo Verduzco\",\"@id\":\"https:\\\/\\\/interamerica.org\\\/fr\\\/#\\\/schema\\\/person\\\/68ede8bdc292885bb76c1e3810e73c39\"},\"headline\":\"Un vote probable lors du Concile Annuel pourrait provoquer des changements dans l&#39;\u00e9glise\",\"datePublished\":\"2011-10-03T04:00:00+00:00\",\"dateModified\":\"2017-06-02T17:00:24+00:00\",\"mainEntityOfPage\":{\"@id\":\"https:\\\/\\\/interamerica.org\\\/fr\\\/2011\\\/10\\\/un-vote-probable-lors-du-concile-annuel-pourrait-provoquer-des-changements-dans-leglise\\\/\"},\"wordCount\":531,\"articleSection\":[\"Archive\"],\"inLanguage\":\"fr-FR\"},{\"@type\":\"WebPage\",\"@id\":\"https:\\\/\\\/interamerica.org\\\/fr\\\/2011\\\/10\\\/un-vote-probable-lors-du-concile-annuel-pourrait-provoquer-des-changements-dans-leglise\\\/\",\"url\":\"https:\\\/\\\/interamerica.org\\\/fr\\\/2011\\\/10\\\/un-vote-probable-lors-du-concile-annuel-pourrait-provoquer-des-changements-dans-leglise\\\/\",\"name\":\"Un vote probable lors du Concile Annuel pourrait provoquer des changements dans l&#39;\u00e9glise - \u00c9glise Adventiste Du Septieme Jour - Inter Am\u00e9rique Division\",\"isPartOf\":{\"@id\":\"https:\\\/\\\/interamerica.org\\\/fr\\\/#website\"},\"datePublished\":\"2011-10-03T04:00:00+00:00\",\"dateModified\":\"2017-06-02T17:00:24+00:00\",\"author\":{\"@id\":\"https:\\\/\\\/interamerica.org\\\/fr\\\/#\\\/schema\\\/person\\\/68ede8bdc292885bb76c1e3810e73c39\"},\"breadcrumb\":{\"@id\":\"https:\\\/\\\/interamerica.org\\\/fr\\\/2011\\\/10\\\/un-vote-probable-lors-du-concile-annuel-pourrait-provoquer-des-changements-dans-leglise\\\/#breadcrumb\"},\"inLanguage\":\"fr-FR\",\"potentialAction\":[{\"@type\":\"ReadAction\",\"target\":[\"https:\\\/\\\/interamerica.org\\\/fr\\\/2011\\\/10\\\/un-vote-probable-lors-du-concile-annuel-pourrait-provoquer-des-changements-dans-leglise\\\/\"]}]},{\"@type\":\"BreadcrumbList\",\"@id\":\"https:\\\/\\\/interamerica.org\\\/fr\\\/2011\\\/10\\\/un-vote-probable-lors-du-concile-annuel-pourrait-provoquer-des-changements-dans-leglise\\\/#breadcrumb\",\"itemListElement\":[{\"@type\":\"ListItem\",\"position\":1,\"name\":\"Home\",\"item\":\"https:\\\/\\\/interamerica.org\\\/fr\\\/\"},{\"@type\":\"ListItem\",\"position\":2,\"name\":\"Un vote probable lors du Concile Annuel pourrait provoquer des changements dans l&#39;\u00e9glise\"}]},{\"@type\":\"WebSite\",\"@id\":\"https:\\\/\\\/interamerica.org\\\/fr\\\/#website\",\"url\":\"https:\\\/\\\/interamerica.org\\\/fr\\\/\",\"name\":\"\u00c9glise Adventiste Du Septieme Jour - Inter Am\u00e9rique Division\",\"description\":\"\",\"potentialAction\":[{\"@type\":\"SearchAction\",\"target\":{\"@type\":\"EntryPoint\",\"urlTemplate\":\"https:\\\/\\\/interamerica.org\\\/fr\\\/?s={search_term_string}\"},\"query-input\":{\"@type\":\"PropertyValueSpecification\",\"valueRequired\":true,\"valueName\":\"search_term_string\"}}],\"inLanguage\":\"fr-FR\"},{\"@type\":\"Person\",\"@id\":\"https:\\\/\\\/interamerica.org\\\/fr\\\/#\\\/schema\\\/person\\\/68ede8bdc292885bb76c1e3810e73c39\",\"name\":\"Lorenzo Verduzco\",\"image\":{\"@type\":\"ImageObject\",\"inLanguage\":\"fr-FR\",\"@id\":\"https:\\\/\\\/secure.gravatar.com\\\/avatar\\\/fb81a55b6218459490a9c1dc841a34909185b81904c5337b4b27f7a6fd60c49e?s=96&d=mm&r=g\",\"url\":\"https:\\\/\\\/secure.gravatar.com\\\/avatar\\\/fb81a55b6218459490a9c1dc841a34909185b81904c5337b4b27f7a6fd60c49e?s=96&d=mm&r=g\",\"contentUrl\":\"https:\\\/\\\/secure.gravatar.com\\\/avatar\\\/fb81a55b6218459490a9c1dc841a34909185b81904c5337b4b27f7a6fd60c49e?s=96&d=mm&r=g\",\"caption\":\"Lorenzo Verduzco\"}}]}<\/script>\n<!-- \/ Yoast SEO plugin. -->","yoast_head_json":{"title":"Un vote probable lors du Concile Annuel pourrait provoquer des changements dans l&#39;\u00e9glise - \u00c9glise Adventiste Du Septieme Jour - Inter Am\u00e9rique Division","robots":{"index":"index","follow":"follow","max-snippet":"max-snippet:-1","max-image-preview":"max-image-preview:large","max-video-preview":"max-video-preview:-1"},"canonical":"https:\/\/interamerica.org\/fr\/2011\/10\/un-vote-probable-lors-du-concile-annuel-pourrait-provoquer-des-changements-dans-leglise\/","og_locale":"fr_FR","og_type":"article","og_title":"Un vote probable lors du Concile Annuel pourrait provoquer des changements dans l&#39;\u00e9glise - \u00c9glise Adventiste Du Septieme Jour - Inter Am\u00e9rique Division","og_description":"Les principauxresponsables de l&#39;Eglise Adventiste du Septi\u00e8me jour devraient voter la semaineprochaine sur une s\u00e9rie de points administratifs, y compris un possiblechangement structurel au niveau de sonfonctionnement au Moye","og_url":"https:\/\/interamerica.org\/fr\/2011\/10\/un-vote-probable-lors-du-concile-annuel-pourrait-provoquer-des-changements-dans-leglise\/","og_site_name":"\u00c9glise Adventiste Du Septieme Jour - Inter Am\u00e9rique Division","article_published_time":"2011-10-03T04:00:00+00:00","article_modified_time":"2017-06-02T17:00:24+00:00","author":"Lorenzo Verduzco","twitter_card":"summary_large_image","twitter_misc":{"\u00c9crit par":"Lorenzo Verduzco","Dur\u00e9e de lecture estim\u00e9e":"3 minutes"},"schema":{"@context":"https:\/\/schema.org","@graph":[{"@type":"Article","@id":"https:\/\/interamerica.org\/fr\/2011\/10\/un-vote-probable-lors-du-concile-annuel-pourrait-provoquer-des-changements-dans-leglise\/#article","isPartOf":{"@id":"https:\/\/interamerica.org\/fr\/2011\/10\/un-vote-probable-lors-du-concile-annuel-pourrait-provoquer-des-changements-dans-leglise\/"},"author":{"name":"Lorenzo Verduzco","@id":"https:\/\/interamerica.org\/fr\/#\/schema\/person\/68ede8bdc292885bb76c1e3810e73c39"},"headline":"Un vote probable lors du Concile Annuel pourrait provoquer des changements dans l&#39;\u00e9glise","datePublished":"2011-10-03T04:00:00+00:00","dateModified":"2017-06-02T17:00:24+00:00","mainEntityOfPage":{"@id":"https:\/\/interamerica.org\/fr\/2011\/10\/un-vote-probable-lors-du-concile-annuel-pourrait-provoquer-des-changements-dans-leglise\/"},"wordCount":531,"articleSection":["Archive"],"inLanguage":"fr-FR"},{"@type":"WebPage","@id":"https:\/\/interamerica.org\/fr\/2011\/10\/un-vote-probable-lors-du-concile-annuel-pourrait-provoquer-des-changements-dans-leglise\/","url":"https:\/\/interamerica.org\/fr\/2011\/10\/un-vote-probable-lors-du-concile-annuel-pourrait-provoquer-des-changements-dans-leglise\/","name":"Un vote probable lors du Concile Annuel pourrait provoquer des changements dans l&#39;\u00e9glise - \u00c9glise Adventiste Du Septieme Jour - Inter Am\u00e9rique Division","isPartOf":{"@id":"https:\/\/interamerica.org\/fr\/#website"},"datePublished":"2011-10-03T04:00:00+00:00","dateModified":"2017-06-02T17:00:24+00:00","author":{"@id":"https:\/\/interamerica.org\/fr\/#\/schema\/person\/68ede8bdc292885bb76c1e3810e73c39"},"breadcrumb":{"@id":"https:\/\/interamerica.org\/fr\/2011\/10\/un-vote-probable-lors-du-concile-annuel-pourrait-provoquer-des-changements-dans-leglise\/#breadcrumb"},"inLanguage":"fr-FR","potentialAction":[{"@type":"ReadAction","target":["https:\/\/interamerica.org\/fr\/2011\/10\/un-vote-probable-lors-du-concile-annuel-pourrait-provoquer-des-changements-dans-leglise\/"]}]},{"@type":"BreadcrumbList","@id":"https:\/\/interamerica.org\/fr\/2011\/10\/un-vote-probable-lors-du-concile-annuel-pourrait-provoquer-des-changements-dans-leglise\/#breadcrumb","itemListElement":[{"@type":"ListItem","position":1,"name":"Home","item":"https:\/\/interamerica.org\/fr\/"},{"@type":"ListItem","position":2,"name":"Un vote probable lors du Concile Annuel pourrait provoquer des changements dans l&#39;\u00e9glise"}]},{"@type":"WebSite","@id":"https:\/\/interamerica.org\/fr\/#website","url":"https:\/\/interamerica.org\/fr\/","name":"\u00c9glise Adventiste Du Septieme Jour - Inter Am\u00e9rique Division","description":"","potentialAction":[{"@type":"SearchAction","target":{"@type":"EntryPoint","urlTemplate":"https:\/\/interamerica.org\/fr\/?s={search_term_string}"},"query-input":{"@type":"PropertyValueSpecification","valueRequired":true,"valueName":"search_term_string"}}],"inLanguage":"fr-FR"},{"@type":"Person","@id":"https:\/\/interamerica.org\/fr\/#\/schema\/person\/68ede8bdc292885bb76c1e3810e73c39","name":"Lorenzo Verduzco","image":{"@type":"ImageObject","inLanguage":"fr-FR","@id":"https:\/\/secure.gravatar.com\/avatar\/fb81a55b6218459490a9c1dc841a34909185b81904c5337b4b27f7a6fd60c49e?s=96&d=mm&r=g","url":"https:\/\/secure.gravatar.com\/avatar\/fb81a55b6218459490a9c1dc841a34909185b81904c5337b4b27f7a6fd60c49e?s=96&d=mm&r=g","contentUrl":"https:\/\/secure.gravatar.com\/avatar\/fb81a55b6218459490a9c1dc841a34909185b81904c5337b4b27f7a6fd60c49e?s=96&d=mm&r=g","caption":"Lorenzo Verduzco"}}]}},"_links":{"self":[{"href":"https:\/\/interamerica.org\/fr\/wp-json\/wp\/v2\/posts\/13663","targetHints":{"allow":["GET"]}}],"collection":[{"href":"https:\/\/interamerica.org\/fr\/wp-json\/wp\/v2\/posts"}],"about":[{"href":"https:\/\/interamerica.org\/fr\/wp-json\/wp\/v2\/types\/post"}],"author":[{"embeddable":true,"href":"https:\/\/interamerica.org\/fr\/wp-json\/wp\/v2\/users\/1"}],"replies":[{"embeddable":true,"href":"https:\/\/interamerica.org\/fr\/wp-json\/wp\/v2\/comments?post=13663"}],"version-history":[{"count":0,"href":"https:\/\/interamerica.org\/fr\/wp-json\/wp\/v2\/posts\/13663\/revisions"}],"wp:attachment":[{"href":"https:\/\/interamerica.org\/fr\/wp-json\/wp\/v2\/media?parent=13663"}],"wp:term":[{"taxonomy":"category","embeddable":true,"href":"https:\/\/interamerica.org\/fr\/wp-json\/wp\/v2\/categories?post=13663"},{"taxonomy":"post_tag","embeddable":true,"href":"https:\/\/interamerica.org\/fr\/wp-json\/wp\/v2\/tags?post=13663"}],"curies":[{"name":"wp","href":"https:\/\/api.w.org\/{rel}","templated":true}]}}