{"id":13669,"date":"2011-10-09T00:00:00","date_gmt":"2011-10-09T04:00:00","guid":{"rendered":"http:\/\/192.81.217.108\/interamerica\/2011\/10\/leglise-adventiste-approuve-lemphase-mise-sur-les-zones-urbaines-new-york-city-devient-le-premier-site-de-lancement\/"},"modified":"2017-06-02T13:00:22","modified_gmt":"2017-06-02T17:00:22","slug":"leglise-adventiste-approuve-lemphase-mise-sur-les-zones-urbaines-new-york-city-devient-le-premier-site-de-lancement","status":"publish","type":"post","link":"https:\/\/interamerica.org\/fr\/2011\/10\/leglise-adventiste-approuve-lemphase-mise-sur-les-zones-urbaines-new-york-city-devient-le-premier-site-de-lancement\/","title":{"rendered":"L&#39;Eglise Adventiste approuve l&#39;emphase mise sur les zones urbaines; New York City devient le premier site de lancement"},"content":{"rendered":"<p>9 Octobre 2011, <em >Silver Spring, Maryland, Etats Unis&#8230;.<\/em >Elizabeth Lechleitner\/ANN <\/p>\n<p>Les principaux responsables de l&#39;Eglise Adventiste du Septi\u00e8me jour ont approuv\u00e9 aujourd&#39;hui un plan visant \u00e0 \u00e9vang\u00e9liser les villes du monde, \u00e0 commencer par New York City en 2013. Le vote est intervenu comme une r\u00e9ponse concr\u00e8te \u00e0 l&#39;appel lanc\u00e9 hier par le pr\u00e9sident de l&#39;\u00e9glise mondiale Ted Wilson \u00e0 donner la priorit\u00e9 \u00e0 l&#39;\u00e9vang\u00e9lisation des grands centres urbains o\u00f9 la moiti\u00e9 de la population mondiale vit aujourd&#39;hui. <\/p>\n<p>Historiquement, les r\u00e9gions rurales ont davantage r\u00e9pondu au message d&#39;espoir de l&#39;\u00e9glise Adventiste plus que ne l&#39;ont fait les grandes villes, a indiqu\u00e9 le secr\u00e9taire de l&#39;\u00e9glise mondiale G.T. Ng. \u00ab Nous sommes une \u00e9glise d&#39;iles et de villages, \u00bb a-t-il dit aux plus de 300 d\u00e9l\u00e9gu\u00e9s pr\u00e9sents au si\u00e8ge mondial de l&#39;\u00e9glise le 9 octobre \u00e0 l&#39;occasion des rencontres administrative du Concile Annuel. <\/p>\n<p>\u00ab L&#39;\u00e9vang\u00e9lisation urbaine peut \u00eatre une t\u00e2che  impressionnante, \u00bb a ajout\u00e9 Ng. <\/p>\n<p>On estime qu&#39;il y a environ 19 millions de personnes parlant quelques 800 langues vivant \u00e0 New York City. <\/p>\n<p>L&#39;\u00e9vang\u00e9lisation dans les grandes villes avait une place importante m\u00eame dans l&#39;esprit des premiers Adventistes, a indiqu\u00e9 Ng. La cofondatrice de l&#39;\u00e9glise, Ellen G. White a \u00e9crit avoir pass\u00e9 de nombreuses nuits blanches en pensant \u00e0 l&#39;\u00e9vang\u00e9lisation dans les grandes villes. \u00ab Il est malheureux de r\u00e9aliser qu&#39;elles ont \u00e9t\u00e9 n\u00e9glig\u00e9es pendant six longtemps, \u00bb a-t-elle \u00e9crit. <\/p>\n<p>M\u00eame aujourd&#39;hui, \u00ab l&#39;essentiel des ressources de l&#39;\u00e9glise ne sont pas dirig\u00e9es vers les villes, m\u00eame si la plupart des besoins se trouvent maintenant \u00e0 l&#39;int\u00e9rieur des villes, \u00bb a d\u00e9clar\u00e9 Gary Krause, directeur du Bureau des Missions de l&#39;Eglise. Se faisant l&#39;\u00e9cho d&#39;une d\u00e9claration bien connue d&#39;Ellen White, Gary Krause a d\u00e9clar\u00e9 que l&#39;\u00e9glise devrait suivre l&#39;exemple de J\u00e9sus dans l&#39;\u00e9vang\u00e9lisation tel qu&#39;on le retrouve dans le Nouveau Testament. &#8211; Il est entr\u00e9 en contact avec les gens, a fait preuve d&#39;attention et de compassion et a satisfait les besoins physiques avant d&#39;appeler quiconque \u00e0 Le suivre, a-t-il dit. <\/p>\n<p>Le plan approuv\u00e9 aujourd&#39;hui par les d\u00e9l\u00e9gu\u00e9s s&#39;articule autour de l&#39;\u00e9vang\u00e9lisation personnelle et collective. Entre 2012 et 2015, les dirigeants de l&#39;\u00e9glise \u00e9quiperont les pasteurs et les la\u00efcs afin qu&#39;ils puissent lancer des efforts d&#39;\u00e9vang\u00e9lisation dans plus de 650 des principales villes du monde. Afin de mieux refl\u00e9ter \u00ab la diversit\u00e9 culturelle et le caract\u00e8re unique \u00bb des treize divisions mondiales de l&#39;\u00e9glise, les administrateurs r\u00e9gionaux choisiront les villes o\u00f9 se tiendront les campagnes d&#39;\u00e9vang\u00e9lisation et \u00e9laboreront une approche qui sera la plus adapt\u00e9e dans leurs communaut\u00e9s respectives. <\/p>\n<p>L&#39;\u00e9vang\u00e9liste Adventiste Mark Finley a compar\u00e9 le plan de neuf pages sur l&#39;\u00e9vang\u00e9lisation urbaine \u00e0 la D\u00e9claration  d&#39;Ind\u00e9pendance des Etats Unis. Cela sera consid\u00e9r\u00e9 comme un des tournants les plus significatifs dans l&#39;\u00e9glise Adventiste du Septi\u00e8me jour des temps modernes, \u00bb a dit Mark Finley. \u00ab Ce document est plus que simplement du papier, il peut \u00eatre une r\u00e9f\u00e9rence lorsqu&#39;il s&#39;agit de faire preuve d&#39;attention et de compassion envers les grandes villes. \u00bb <\/p>\n<p>Bien que les d\u00e9l\u00e9gu\u00e9s aient d\u00e9montr\u00e9 un soutien collectif au plan, plusieurs ont fait des suggestions sur la mani\u00e8re de le consolider. Plusieurs ont indiqu\u00e9 qu&#39;il devrait reconnaitre le travail des \u00e9vang\u00e9listes Adventistes et des la\u00efcs qui sont d\u00e9j\u00e0 \u00e0 l&#39;\u0153uvre \u00e0 New York City. <\/p>\n<p>Leslie N. Pollard, pr\u00e9sident de l&#39;Universit\u00e9 Adventiste d&#39;Oakwood, a indiqu\u00e9 que de telles personnes devraient \u00eatre reconnues dans le document. \u00ab Nous aimerions voir ces personnes affirm\u00e9es pour leur pers\u00e9v\u00e9rance dans le travail fait dans les grandes villes, sans l&#39;abandonner. Nous ne voulons pas les invalider maintenant simplement parce que grands gars de Washington arrivent, \u00bb a dit Leslie Pollard. <\/p>\n<p>G. Earl Knight, pr\u00e9sident de la F\u00e9d\u00e9ration de Greater New York, s&#39;est fait l&#39;\u00e9cho des propos de Leslie Pollard appelant \u00e0 une collaboration avec ceux qui sont sur le terrain \u00e0 New York City. \u00ab Ils connaissent les d\u00e9fis. Certains qui sont entr\u00e9s sur ce champ de bataille se sont d\u00e9courag\u00e9s et ont laiss\u00e9 tomber. Certains sont rest\u00e9s et ont combattu le bon combat. \u00bb a dit G. Earl Knight. En travaillant ensemble, et gr\u00e2ce \u00e0 \u00ab la perspective, la vision et toutes les ressources dont nous pourrons disposer, \u00bb l&#39;\u00e9glise peut accomplir cette \u00ab t\u00e2che extraordinaire, \u00bb a indiqu\u00e9 Earl Knight. <\/p>\n<p>D&#39;autres d\u00e9l\u00e9gu\u00e9s se sont interrog\u00e9s pour savoir si un effort d&#39;\u00e9vang\u00e9lisation majeur \u00e0 New York City pourra \u00eatre poursuivi \u00ab longtemps apr\u00e8s que les projecteurs se soient \u00e9teints, que les pr\u00e9dicateurs se soient retir\u00e9s et que le chapiteau soit d\u00e9mont\u00e9. \u00bb L&#39;un d&#39;entre eux a sugg\u00e9r\u00e9 un centre de style de vie mettant l&#39;accent sur l&#39;emphase plac\u00e9e par l&#39;\u00e9glise sur un style de vie sain. <\/p>\n<p>\u00ab Je vous promets que le D\u00e9partement de la Sant\u00e9 est ici pour former, pour coordonner avec vous, pour venir travailler avec vous dans les tranch\u00e9es et faire tout ce qui est en notre pouvoir, parce que le D\u00e9partement des Minist\u00e8res de la Sant\u00e9 est la premi\u00e8re fa\u00e7on d&#39;aborder l&#39;\u00e9vang\u00e9lisation, \u00bb a d\u00e9clar\u00e9 Allan Handysides, directeur du d\u00e9partement  Sant\u00e9 de l&#39;\u00e9glise mondiale. <\/p>\n<p>\u00ab Chaque d\u00e9partement de la Conf\u00e9rence G\u00e9n\u00e9rale se pliera en deux pour mettre \u00e0 votre disposition dans le champ les ressources dont vous pensez avoir besoin pour accomplir ce que vous croyez \u00eatre le plus appropri\u00e9 pour votre r\u00e9gion, \u00bb a d\u00e9clar\u00e9 Handysides. <\/p>\n<p>Les institutions \u00e9ducatives de l&#39;\u00e9glise peuvent \u00e9galement jouer un r\u00f4le cl\u00e9 pour faire en sorte que l&#39;\u00e9vang\u00e9lisation urbaine soit durable, a dit Leslie Pollard. <\/p>\n<p>\u00ab Nos \u00e9coles pourraient servir non seulement de refuge, \u00bb a dit Leslie Pollard, \u00ab mais aussi de centres de mission. \u00bb Les \u00e9coles pourraient aussi coordonner les recherches pour savoir quelles m\u00e9thodes d&#39;\u00e9vang\u00e9lisation urbaine sont les plus efficaces, transformant les \u00e9vang\u00e9listes en \u00ab professeurs de minist\u00e8re, \u00bb a indiqu\u00e9 Pollard. L\u00e0 encore il a plaid\u00e9 pour que l&#39;on pr\u00eate attention aux apports de ceux qui exercent d\u00e9j\u00e0 un minist\u00e8re dans la ville. \u00ab Ils ont une id\u00e9e assez claire de ce qui fonctionne et de ce qui ne fonctionne pas. \u00bb <\/p>\n<p>Trevor Baker, pr\u00e9sident de la F\u00e9d\u00e9ration du Nord-Est, a r\u00e9it\u00e9r\u00e9 le besoin d&#39;une \u00ab pr\u00e9sence durable \u00bb \u00e0 New York City apr\u00e8s \u00ab l&#39;offensive \u00e9vang\u00e9lique. \u00bb <\/p>\n<p>Le minist\u00e8re \u00e0 New York City est une passion de longue date pour Ted Wilson. La th\u00e8se de doctorat du pr\u00e9sident de l&#39;\u00e9glise mondiale en 1981 \u00e0 l&#39;Universit\u00e9 de new York \u00e9tait : \u00ab Une Etude de la Th\u00e9orie d&#39;Ellen G. White sur l&#39;\u0152uvre Religieuse Urbaine en Relation avec l&#39;\u0152uvre des Adventistes du Septi\u00e8me jour \u00e0 New York City. \u00bb <\/p>\n<p>Bien que l&#39;accent plac\u00e9 par l&#39;\u00e9glise sur l&#39;\u00e9vang\u00e9lisation urbaine d\u00e9bute \u00e0 New York City, Ted Wilson a rappel\u00e9 aux d\u00e9l\u00e9gu\u00e9s la dimension globale de l&#39;op\u00e9ration. Il a visit\u00e9 des villes en Europe plusieurs fois cette ann\u00e9e et a dit aux d\u00e9l\u00e9gu\u00e9s qu&#39;il a un \u00ab profond souci \u00bb pour la r\u00e9gion. <\/p>\n<p><em >Traducteur: Patrick Luciathe <\/em ><\/p>\n","protected":false},"excerpt":{"rendered":"<p>Les principauxresponsables de l&#39;Eglise Adventiste du Septi\u00e8me jour ont approuv\u00e9 aujourd&#39;huiun plan visant \u00e0 \u00e9vang\u00e9liser les villes du monde, \u00e0 commencer par New York Cityen 2013. Le vote est inte<\/p>\n","protected":false},"author":1,"featured_media":0,"comment_status":"closed","ping_status":"closed","sticky":false,"template":"","format":"standard","meta":{"_acf_changed":false,"footnotes":""},"categories":[9],"tags":[],"class_list":["post-13669","post","type-post","status-publish","format-standard","hentry","category-archive-fr"],"acf":[],"yoast_head":"<!-- This site is optimized with the Yoast SEO plugin v27.3 - https:\/\/yoast.com\/product\/yoast-seo-wordpress\/ -->\n<title>L&#039;Eglise Adventiste approuve l&#039;emphase mise sur les zones urbaines; New York City devient le premier site de lancement - \u00c9glise Adventiste Du Septieme Jour - Inter Am\u00e9rique Division<\/title>\n<meta name=\"robots\" content=\"index, follow, max-snippet:-1, max-image-preview:large, max-video-preview:-1\" \/>\n<link rel=\"canonical\" href=\"https:\/\/interamerica.org\/fr\/2011\/10\/leglise-adventiste-approuve-lemphase-mise-sur-les-zones-urbaines-new-york-city-devient-le-premier-site-de-lancement\/\" \/>\n<meta property=\"og:locale\" content=\"fr_FR\" \/>\n<meta property=\"og:type\" content=\"article\" \/>\n<meta property=\"og:title\" content=\"L&#039;Eglise Adventiste approuve l&#039;emphase mise sur les zones urbaines; New York City devient le premier site de lancement - \u00c9glise Adventiste Du Septieme Jour - Inter Am\u00e9rique Division\" \/>\n<meta property=\"og:description\" content=\"Les principauxresponsables de l&#039;Eglise Adventiste du Septi\u00e8me jour ont approuv\u00e9 aujourd&#039;huiun plan visant \u00e0 \u00e9vang\u00e9liser les villes du monde, \u00e0 commencer par New York Cityen 2013. Le vote est inte\" \/>\n<meta property=\"og:url\" content=\"https:\/\/interamerica.org\/fr\/2011\/10\/leglise-adventiste-approuve-lemphase-mise-sur-les-zones-urbaines-new-york-city-devient-le-premier-site-de-lancement\/\" \/>\n<meta property=\"og:site_name\" content=\"\u00c9glise Adventiste Du Septieme Jour - Inter Am\u00e9rique Division\" \/>\n<meta property=\"article:published_time\" content=\"2011-10-09T04:00:00+00:00\" \/>\n<meta property=\"article:modified_time\" content=\"2017-06-02T17:00:22+00:00\" \/>\n<meta name=\"author\" content=\"Lorenzo Verduzco\" \/>\n<meta name=\"twitter:card\" content=\"summary_large_image\" \/>\n<meta name=\"twitter:label1\" content=\"\u00c9crit par\" \/>\n\t<meta name=\"twitter:data1\" content=\"Lorenzo Verduzco\" \/>\n\t<meta name=\"twitter:label2\" content=\"Dur\u00e9e de lecture estim\u00e9e\" \/>\n\t<meta name=\"twitter:data2\" content=\"6 minutes\" \/>\n<script type=\"application\/ld+json\" class=\"yoast-schema-graph\">{\"@context\":\"https:\\\/\\\/schema.org\",\"@graph\":[{\"@type\":\"Article\",\"@id\":\"https:\\\/\\\/interamerica.org\\\/fr\\\/2011\\\/10\\\/leglise-adventiste-approuve-lemphase-mise-sur-les-zones-urbaines-new-york-city-devient-le-premier-site-de-lancement\\\/#article\",\"isPartOf\":{\"@id\":\"https:\\\/\\\/interamerica.org\\\/fr\\\/2011\\\/10\\\/leglise-adventiste-approuve-lemphase-mise-sur-les-zones-urbaines-new-york-city-devient-le-premier-site-de-lancement\\\/\"},\"author\":{\"name\":\"Lorenzo Verduzco\",\"@id\":\"https:\\\/\\\/interamerica.org\\\/fr\\\/#\\\/schema\\\/person\\\/68ede8bdc292885bb76c1e3810e73c39\"},\"headline\":\"L&#39;Eglise Adventiste approuve l&#39;emphase mise sur les zones urbaines; New York City devient le premier site de lancement\",\"datePublished\":\"2011-10-09T04:00:00+00:00\",\"dateModified\":\"2017-06-02T17:00:22+00:00\",\"mainEntityOfPage\":{\"@id\":\"https:\\\/\\\/interamerica.org\\\/fr\\\/2011\\\/10\\\/leglise-adventiste-approuve-lemphase-mise-sur-les-zones-urbaines-new-york-city-devient-le-premier-site-de-lancement\\\/\"},\"wordCount\":1284,\"articleSection\":[\"Archive\"],\"inLanguage\":\"fr-FR\"},{\"@type\":\"WebPage\",\"@id\":\"https:\\\/\\\/interamerica.org\\\/fr\\\/2011\\\/10\\\/leglise-adventiste-approuve-lemphase-mise-sur-les-zones-urbaines-new-york-city-devient-le-premier-site-de-lancement\\\/\",\"url\":\"https:\\\/\\\/interamerica.org\\\/fr\\\/2011\\\/10\\\/leglise-adventiste-approuve-lemphase-mise-sur-les-zones-urbaines-new-york-city-devient-le-premier-site-de-lancement\\\/\",\"name\":\"L&#39;Eglise Adventiste approuve l&#39;emphase mise sur les zones urbaines; New York City devient le premier site de lancement - \u00c9glise Adventiste Du Septieme Jour - Inter Am\u00e9rique Division\",\"isPartOf\":{\"@id\":\"https:\\\/\\\/interamerica.org\\\/fr\\\/#website\"},\"datePublished\":\"2011-10-09T04:00:00+00:00\",\"dateModified\":\"2017-06-02T17:00:22+00:00\",\"author\":{\"@id\":\"https:\\\/\\\/interamerica.org\\\/fr\\\/#\\\/schema\\\/person\\\/68ede8bdc292885bb76c1e3810e73c39\"},\"breadcrumb\":{\"@id\":\"https:\\\/\\\/interamerica.org\\\/fr\\\/2011\\\/10\\\/leglise-adventiste-approuve-lemphase-mise-sur-les-zones-urbaines-new-york-city-devient-le-premier-site-de-lancement\\\/#breadcrumb\"},\"inLanguage\":\"fr-FR\",\"potentialAction\":[{\"@type\":\"ReadAction\",\"target\":[\"https:\\\/\\\/interamerica.org\\\/fr\\\/2011\\\/10\\\/leglise-adventiste-approuve-lemphase-mise-sur-les-zones-urbaines-new-york-city-devient-le-premier-site-de-lancement\\\/\"]}]},{\"@type\":\"BreadcrumbList\",\"@id\":\"https:\\\/\\\/interamerica.org\\\/fr\\\/2011\\\/10\\\/leglise-adventiste-approuve-lemphase-mise-sur-les-zones-urbaines-new-york-city-devient-le-premier-site-de-lancement\\\/#breadcrumb\",\"itemListElement\":[{\"@type\":\"ListItem\",\"position\":1,\"name\":\"Home\",\"item\":\"https:\\\/\\\/interamerica.org\\\/fr\\\/\"},{\"@type\":\"ListItem\",\"position\":2,\"name\":\"L&#39;Eglise Adventiste approuve l&#39;emphase mise sur les zones urbaines; New York City devient le premier site de lancement\"}]},{\"@type\":\"WebSite\",\"@id\":\"https:\\\/\\\/interamerica.org\\\/fr\\\/#website\",\"url\":\"https:\\\/\\\/interamerica.org\\\/fr\\\/\",\"name\":\"\u00c9glise Adventiste Du Septieme Jour - Inter Am\u00e9rique Division\",\"description\":\"\",\"potentialAction\":[{\"@type\":\"SearchAction\",\"target\":{\"@type\":\"EntryPoint\",\"urlTemplate\":\"https:\\\/\\\/interamerica.org\\\/fr\\\/?s={search_term_string}\"},\"query-input\":{\"@type\":\"PropertyValueSpecification\",\"valueRequired\":true,\"valueName\":\"search_term_string\"}}],\"inLanguage\":\"fr-FR\"},{\"@type\":\"Person\",\"@id\":\"https:\\\/\\\/interamerica.org\\\/fr\\\/#\\\/schema\\\/person\\\/68ede8bdc292885bb76c1e3810e73c39\",\"name\":\"Lorenzo Verduzco\",\"image\":{\"@type\":\"ImageObject\",\"inLanguage\":\"fr-FR\",\"@id\":\"https:\\\/\\\/secure.gravatar.com\\\/avatar\\\/fb81a55b6218459490a9c1dc841a34909185b81904c5337b4b27f7a6fd60c49e?s=96&d=mm&r=g\",\"url\":\"https:\\\/\\\/secure.gravatar.com\\\/avatar\\\/fb81a55b6218459490a9c1dc841a34909185b81904c5337b4b27f7a6fd60c49e?s=96&d=mm&r=g\",\"contentUrl\":\"https:\\\/\\\/secure.gravatar.com\\\/avatar\\\/fb81a55b6218459490a9c1dc841a34909185b81904c5337b4b27f7a6fd60c49e?s=96&d=mm&r=g\",\"caption\":\"Lorenzo Verduzco\"}}]}<\/script>\n<!-- \/ Yoast SEO plugin. -->","yoast_head_json":{"title":"L&#39;Eglise Adventiste approuve l&#39;emphase mise sur les zones urbaines; New York City devient le premier site de lancement - \u00c9glise Adventiste Du Septieme Jour - Inter Am\u00e9rique Division","robots":{"index":"index","follow":"follow","max-snippet":"max-snippet:-1","max-image-preview":"max-image-preview:large","max-video-preview":"max-video-preview:-1"},"canonical":"https:\/\/interamerica.org\/fr\/2011\/10\/leglise-adventiste-approuve-lemphase-mise-sur-les-zones-urbaines-new-york-city-devient-le-premier-site-de-lancement\/","og_locale":"fr_FR","og_type":"article","og_title":"L&#39;Eglise Adventiste approuve l&#39;emphase mise sur les zones urbaines; New York City devient le premier site de lancement - \u00c9glise Adventiste Du Septieme Jour - Inter Am\u00e9rique Division","og_description":"Les principauxresponsables de l&#39;Eglise Adventiste du Septi\u00e8me jour ont approuv\u00e9 aujourd&#39;huiun plan visant \u00e0 \u00e9vang\u00e9liser les villes du monde, \u00e0 commencer par New York Cityen 2013. Le vote est inte","og_url":"https:\/\/interamerica.org\/fr\/2011\/10\/leglise-adventiste-approuve-lemphase-mise-sur-les-zones-urbaines-new-york-city-devient-le-premier-site-de-lancement\/","og_site_name":"\u00c9glise Adventiste Du Septieme Jour - Inter Am\u00e9rique Division","article_published_time":"2011-10-09T04:00:00+00:00","article_modified_time":"2017-06-02T17:00:22+00:00","author":"Lorenzo Verduzco","twitter_card":"summary_large_image","twitter_misc":{"\u00c9crit par":"Lorenzo Verduzco","Dur\u00e9e de lecture estim\u00e9e":"6 minutes"},"schema":{"@context":"https:\/\/schema.org","@graph":[{"@type":"Article","@id":"https:\/\/interamerica.org\/fr\/2011\/10\/leglise-adventiste-approuve-lemphase-mise-sur-les-zones-urbaines-new-york-city-devient-le-premier-site-de-lancement\/#article","isPartOf":{"@id":"https:\/\/interamerica.org\/fr\/2011\/10\/leglise-adventiste-approuve-lemphase-mise-sur-les-zones-urbaines-new-york-city-devient-le-premier-site-de-lancement\/"},"author":{"name":"Lorenzo Verduzco","@id":"https:\/\/interamerica.org\/fr\/#\/schema\/person\/68ede8bdc292885bb76c1e3810e73c39"},"headline":"L&#39;Eglise Adventiste approuve l&#39;emphase mise sur les zones urbaines; New York City devient le premier site de lancement","datePublished":"2011-10-09T04:00:00+00:00","dateModified":"2017-06-02T17:00:22+00:00","mainEntityOfPage":{"@id":"https:\/\/interamerica.org\/fr\/2011\/10\/leglise-adventiste-approuve-lemphase-mise-sur-les-zones-urbaines-new-york-city-devient-le-premier-site-de-lancement\/"},"wordCount":1284,"articleSection":["Archive"],"inLanguage":"fr-FR"},{"@type":"WebPage","@id":"https:\/\/interamerica.org\/fr\/2011\/10\/leglise-adventiste-approuve-lemphase-mise-sur-les-zones-urbaines-new-york-city-devient-le-premier-site-de-lancement\/","url":"https:\/\/interamerica.org\/fr\/2011\/10\/leglise-adventiste-approuve-lemphase-mise-sur-les-zones-urbaines-new-york-city-devient-le-premier-site-de-lancement\/","name":"L&#39;Eglise Adventiste approuve l&#39;emphase mise sur les zones urbaines; New York City devient le premier site de lancement - \u00c9glise Adventiste Du Septieme Jour - Inter Am\u00e9rique Division","isPartOf":{"@id":"https:\/\/interamerica.org\/fr\/#website"},"datePublished":"2011-10-09T04:00:00+00:00","dateModified":"2017-06-02T17:00:22+00:00","author":{"@id":"https:\/\/interamerica.org\/fr\/#\/schema\/person\/68ede8bdc292885bb76c1e3810e73c39"},"breadcrumb":{"@id":"https:\/\/interamerica.org\/fr\/2011\/10\/leglise-adventiste-approuve-lemphase-mise-sur-les-zones-urbaines-new-york-city-devient-le-premier-site-de-lancement\/#breadcrumb"},"inLanguage":"fr-FR","potentialAction":[{"@type":"ReadAction","target":["https:\/\/interamerica.org\/fr\/2011\/10\/leglise-adventiste-approuve-lemphase-mise-sur-les-zones-urbaines-new-york-city-devient-le-premier-site-de-lancement\/"]}]},{"@type":"BreadcrumbList","@id":"https:\/\/interamerica.org\/fr\/2011\/10\/leglise-adventiste-approuve-lemphase-mise-sur-les-zones-urbaines-new-york-city-devient-le-premier-site-de-lancement\/#breadcrumb","itemListElement":[{"@type":"ListItem","position":1,"name":"Home","item":"https:\/\/interamerica.org\/fr\/"},{"@type":"ListItem","position":2,"name":"L&#39;Eglise Adventiste approuve l&#39;emphase mise sur les zones urbaines; New York City devient le premier site de lancement"}]},{"@type":"WebSite","@id":"https:\/\/interamerica.org\/fr\/#website","url":"https:\/\/interamerica.org\/fr\/","name":"\u00c9glise Adventiste Du Septieme Jour - Inter Am\u00e9rique Division","description":"","potentialAction":[{"@type":"SearchAction","target":{"@type":"EntryPoint","urlTemplate":"https:\/\/interamerica.org\/fr\/?s={search_term_string}"},"query-input":{"@type":"PropertyValueSpecification","valueRequired":true,"valueName":"search_term_string"}}],"inLanguage":"fr-FR"},{"@type":"Person","@id":"https:\/\/interamerica.org\/fr\/#\/schema\/person\/68ede8bdc292885bb76c1e3810e73c39","name":"Lorenzo Verduzco","image":{"@type":"ImageObject","inLanguage":"fr-FR","@id":"https:\/\/secure.gravatar.com\/avatar\/fb81a55b6218459490a9c1dc841a34909185b81904c5337b4b27f7a6fd60c49e?s=96&d=mm&r=g","url":"https:\/\/secure.gravatar.com\/avatar\/fb81a55b6218459490a9c1dc841a34909185b81904c5337b4b27f7a6fd60c49e?s=96&d=mm&r=g","contentUrl":"https:\/\/secure.gravatar.com\/avatar\/fb81a55b6218459490a9c1dc841a34909185b81904c5337b4b27f7a6fd60c49e?s=96&d=mm&r=g","caption":"Lorenzo Verduzco"}}]}},"_links":{"self":[{"href":"https:\/\/interamerica.org\/fr\/wp-json\/wp\/v2\/posts\/13669","targetHints":{"allow":["GET"]}}],"collection":[{"href":"https:\/\/interamerica.org\/fr\/wp-json\/wp\/v2\/posts"}],"about":[{"href":"https:\/\/interamerica.org\/fr\/wp-json\/wp\/v2\/types\/post"}],"author":[{"embeddable":true,"href":"https:\/\/interamerica.org\/fr\/wp-json\/wp\/v2\/users\/1"}],"replies":[{"embeddable":true,"href":"https:\/\/interamerica.org\/fr\/wp-json\/wp\/v2\/comments?post=13669"}],"version-history":[{"count":0,"href":"https:\/\/interamerica.org\/fr\/wp-json\/wp\/v2\/posts\/13669\/revisions"}],"wp:attachment":[{"href":"https:\/\/interamerica.org\/fr\/wp-json\/wp\/v2\/media?parent=13669"}],"wp:term":[{"taxonomy":"category","embeddable":true,"href":"https:\/\/interamerica.org\/fr\/wp-json\/wp\/v2\/categories?post=13669"},{"taxonomy":"post_tag","embeddable":true,"href":"https:\/\/interamerica.org\/fr\/wp-json\/wp\/v2\/tags?post=13669"}],"curies":[{"name":"wp","href":"https:\/\/api.w.org\/{rel}","templated":true}]}}