{"id":136816,"date":"2025-12-10T14:57:55","date_gmt":"2025-12-10T19:57:55","guid":{"rendered":"https:\/\/interamerica.org\/?p=136816"},"modified":"2025-12-11T23:34:01","modified_gmt":"2025-12-12T04:34:01","slug":"linitiative-pour-la-sante-mentale-continue-de-se-developper-afin-dinformer-et-daider-les-gens-a-trouver-de-laide","status":"publish","type":"post","link":"https:\/\/interamerica.org\/fr\/2025\/12\/linitiative-pour-la-sante-mentale-continue-de-se-developper-afin-dinformer-et-daider-les-gens-a-trouver-de-laide\/","title":{"rendered":"L\u2019initiative pour la sant\u00e9 mentale continue de se d\u00e9velopper afin d\u2019informer et d\u2019aider les gens \u00e0 trouver de l\u2019aide"},"content":{"rendered":"<p class=\"c-post-header__subtitle\"><em>ReMindEdTM propose un contenu facile d\u2019acc\u00e8s et vise \u00e0 susciter des conversations pertinentes.<\/em><\/p>\n<p>10 Novembre 2025 | Marcos Paseggi, <em>Adventist Review<\/em><\/p>\n<p>Une initiative lanc\u00e9e en 2021 par les Minist\u00e8res Adventistes de la Sant\u00e9 (AHM) de la Conf\u00e9rence G\u00e9n\u00e9rale dans le but de proposer des ressources sur la sant\u00e9 mentale, continue de se d\u00e9velopper et de s\u2019am\u00e9liorer, ont r\u00e9cemment indiqu\u00e9 les dirigeants de l\u2019\u00c9glise adventiste du septi\u00e8me jour. L\u2019initiative\u00a0<a href=\"https:\/\/reminded.org\/\" target=\"_blank\" rel=\"noopener\">ReMindEd<sup>TM<\/sup><\/a>\u00a0qui vise \u00e0 soutenir les efforts d\u00e9ploy\u00e9s par l\u2019\u00c9glise \u00e0 l\u2019\u00e9chelle mondiale pour am\u00e9liorer la sant\u00e9 mentale de ses membres et du grand public, \u00e9tend sa port\u00e9e \u00e0 mesure que davantage de personnes prennent connaissance des ressources disponibles, ont-ils indiqu\u00e9.<\/p>\n<p>Le 15 novembre, lors de la convention 2025 du R\u00e9seau Mondial Adventiste d\u2019Internet (GAiN) Europe qui a eu lieu \u00e0 Pravets, en Bulgarie, Adrian Dur\u00e9, producteur et r\u00e9alisateur de documentaires et coordinateur des projets du r\u00e9seau pour Hope Media Europe, a pr\u00e9sent\u00e9 les derni\u00e8res informations sur l\u2019initiative\u00a0<a href=\"https:\/\/reminded.org\/\" target=\"_blank\" rel=\"noopener\">ReMindEd<sup>TM<\/sup><\/a>\u00a0au nom d\u2019AHM, et a parl\u00e9 des prochaines \u00e9tapes.<\/p>\n<div id=\"attachment_136768\" style=\"width: 818px\" class=\"wp-caption aligncenter\"><img fetchpriority=\"high\" decoding=\"async\" aria-describedby=\"caption-attachment-136768\" class=\" wp-image-136768\" src=\"https:\/\/interamerica.org\/wp-content\/uploads\/2025\/12\/mental-health3b-1024x616.jpg\" alt=\"\" width=\"808\" height=\"486\" srcset=\"https:\/\/interamerica.org\/wp-content\/uploads\/2025\/12\/mental-health3b-1024x616.jpg 1024w, https:\/\/interamerica.org\/wp-content\/uploads\/2025\/12\/mental-health3b-300x180.jpg 300w, https:\/\/interamerica.org\/wp-content\/uploads\/2025\/12\/mental-health3b-768x462.jpg 768w, https:\/\/interamerica.org\/wp-content\/uploads\/2025\/12\/mental-health3b.jpg 1440w\" sizes=\"(max-width: 808px) 100vw, 808px\" \/><p id=\"caption-attachment-136768\" class=\"wp-caption-text\">Adrian Dur\u00e9, producteur et r\u00e9alisateur de documentaires et coordinateur des projets du r\u00e9seau pour Hope Media Europe, a pr\u00e9sent\u00e9 les derni\u00e8res informations au sujet de l\u2019initiative ReMindEd\u2122. Il a aussi expliqu\u00e9 ce que ce service n\u2019est pas. [Photo : Marcos Paseggi, Adventist Review]<\/p><\/div>\n<h3 class=\"wp-block-heading\"><strong>Assez brave pour \u00eatre vuln\u00e9rable<\/strong><\/h3>\n<p>Pour lancer la discussion lors de sa pr\u00e9sentation du 15 novembre, Adrian Dur\u00e9 a pos\u00e9 plusieurs questions afin d\u2019aider les participants \u00e0 la convention \u00e0 r\u00e9fl\u00e9chir sur le sujet de la sant\u00e9 mentale, en particulier dans le contexte de l\u2019\u00c9glise adventiste et de la r\u00e9alit\u00e9 v\u00e9cue par les populations de leurs r\u00e9gions. Il a inclus des questions comme : \u00ab Comment l\u2019\u00c9glise adventiste a-t-elle abord\u00e9 les probl\u00e8mes de sant\u00e9 mentale jusqu\u2019\u00e0 pr\u00e9sent ? \u00bb et \u00ab Quelle est la r\u00e9alit\u00e9 de la sant\u00e9 mentale dans votre culture ? \u00bb Adrian Dur\u00e9 a ensuite abord\u00e9 le sujet sous un angle plus personnel en demandant : \u00ab \u00cates-vous suffisamment braves pour \u00eatre vuln\u00e9rables ? \u00bb<\/p>\n<p>Adrian Dur\u00e9 a expliqu\u00e9 que parler de sujets comme le suicide (ou les id\u00e9es suicidaires) nous rend extr\u00eamement vuln\u00e9rables. \u00ab Cela nous remplit de peurs, et il nous est donc tr\u00e8s difficile d\u2019en parler dans nos \u00e9glises, nos institutions, et m\u00eame avec nos amis, \u00bb a-t-il d\u00e9clar\u00e9.<\/p>\n<h3 class=\"wp-block-heading\"><strong>Cr\u00e9ation et partage de contenu comme outil<\/strong><\/h3>\n<p>En gardant cela \u00e0 l\u2019esprit, Adrian Dur\u00e9 a expliqu\u00e9 comment Hope Media Europe a commenc\u00e9 \u00e0 collaborer avec AHM afin de mettre \u00e0 disposition des ressources que chacun peut utiliser et partager. Hope Media Europe a aid\u00e9 \u00e0 produire certains contenus, dont des courts m\u00e9trages et des documentaires sur des sujets pertinents, a-t-il indiqu\u00e9.<\/p>\n<p>\u00ab La plupart des contenus sur ReMindEd<sup>TM<\/sup>\u00a0sont des t\u00e9moignages centr\u00e9s sur l\u2019humain, \u00bb a indiqu\u00e9 Adrian Dur\u00e9. En fait, ReMindEd<sup>TM<\/sup>\u00a0propose des informations sur au moins une douzaine de sujets,\u00e0 travers\u00a0<a href=\"https:\/\/reminded.org\/films\" target=\"_blank\" rel=\"noopener\">des films<\/a>,\u00a0<a href=\"https:\/\/reminded.org\/animations\" target=\"_blank\" rel=\"noopener\">des animations<\/a>,\u00a0<a href=\"https:\/\/reminded.org\/documentaries\" target=\"_blank\" rel=\"noopener\">des documentaires<\/a>, et\u00a0<a href=\"https:\/\/reminded.org\/articles\" target=\"_blank\" rel=\"noopener\">des articles<\/a>\u00a0sur l\u2019addiction, l\u2019anxi\u00e9t\u00e9, l\u2019attachement et le burnout, ainsi que des discussions sur la solitude, la r\u00e9silience, le suicide et les traumatismes, comme l\u2019indique son site web.<\/p>\n<p><div id=\"attachment_136767\" style=\"width: 459px\" class=\"wp-caption aligncenter\"><img decoding=\"async\" aria-describedby=\"caption-attachment-136767\" class=\" wp-image-136767\" src=\"https:\/\/interamerica.org\/wp-content\/uploads\/2025\/12\/mentalhealth2-1024x1024.webp\" alt=\"\" width=\"449\" height=\"449\" srcset=\"https:\/\/interamerica.org\/wp-content\/uploads\/2025\/12\/mentalhealth2-1024x1024.webp 1024w, https:\/\/interamerica.org\/wp-content\/uploads\/2025\/12\/mentalhealth2-300x300.webp 300w, https:\/\/interamerica.org\/wp-content\/uploads\/2025\/12\/mentalhealth2-150x150.webp 150w, https:\/\/interamerica.org\/wp-content\/uploads\/2025\/12\/mentalhealth2-768x768.webp 768w, https:\/\/interamerica.org\/wp-content\/uploads\/2025\/12\/mentalhealth2-1536x1536.webp 1536w, https:\/\/interamerica.org\/wp-content\/uploads\/2025\/12\/mentalhealth2-2048x2048.webp 2048w\" sizes=\"(max-width: 449px) 100vw, 449px\" \/><p id=\"caption-attachment-136767\" class=\"wp-caption-text\">ReMindEdTM est un service du D\u00e9partement des Minist\u00e8res de la Sant\u00e9 de la Conf\u00e9rence G\u00e9n\u00e9rale. [Image : Minist\u00e8res de la Sant\u00e9 de la Conf\u00e9rence G\u00e9n\u00e9rale]<\/p><\/div><br \/>\nLe site propose \u00e9galement des articles d\u2019int\u00e9r\u00eat g\u00e9n\u00e9ral sur des sujets susceptibles de contribuer \u00e0 une meilleure connaissance et une plus grande sensibilisation \u00e0 la sant\u00e9 mentale et aux difficult\u00e9s qu\u2019elle peut engendrer. Sur le site de ReMindEd<sup>TM\u00a0<\/sup>les visiteurs peuvent lire, entre autres titres, \u201c<a href=\"https:\/\/reminded.org\/articles\/alcohol-and-mental-health\" target=\"_blank\" rel=\"noopener\">L&rsquo;Alcool et la Sant\u00e9 Mentale<\/a>,\u201d \u201c<a href=\"https:\/\/reminded.org\/articles\/benefits-of-doing-sports\" target=\"_blank\" rel=\"noopener\">Les Bienfaits de la Pratique du Sport <\/a>,\u201d et \u201c<a href=\"https:\/\/reminded.org\/articles\/the-symptoms-of-depression\" target=\"_blank\" rel=\"noopener\">Les Symptomes de la D\u00e9pression<\/a>;\u201d mais aussi \u201c<a href=\"https:\/\/reminded.org\/articles\/mental-health-for-children\" target=\"_blank\" rel=\"noopener\">La Sant\u00e9 Mentale des Enfants<\/a>,\u201d \u201c<a href=\"https:\/\/reminded.org\/animations\/the-traumatized-brain\" target=\"_blank\" rel=\"noopener\">Le Cerveau Traumatis\u00e9<\/a>,\u201d et \u201c<a href=\"https:\/\/reminded.org\/articles\/attached-to-god\" target=\"_blank\" rel=\"noopener\">Attach\u00e9 \u00e0 Dieu<\/a>.\u201d<\/p>\n<p>Adrian Dur\u00e9 a partag\u00e9 des extraits vid\u00e9o illustrant le type de contenu propos\u00e9 ; ces vid\u00e9os mettent l\u2019accent sur diff\u00e9rents probl\u00e8mes de sant\u00e9 mentale.<\/p>\n<p>\u00ab J\u2019avais l\u2019impression d\u2019\u00eatre l\u2019ombre de moi-m\u00eame ; je ne me reconnaissais plus, \u00bb a dit une jeune femme dans une vid\u00e9o. \u00ab Ce n\u2019est pas simplement une pens\u00e9e, ce n\u2019est pas simplement une crainte. Lorsque votre c\u0153ur s\u2019emballe, vous transpirez\u2026 Vous avez peut-\u00eatre la naus\u00e9e ou mal \u00e0 la t\u00eate. Vous commencez \u00e0 vous dire : <em>maintenant je vais prendre beaucoup de poids ; je ne retrouverai plus jamais ce poids-l\u00e0<\/em>. Vous avez m\u00eame l\u2019impression que manger\u2026 est une mauvaise chose du point de vue moral. \u00bb<\/p>\n<p><strong>Un Changement de Paradigme<\/strong><\/p>\n<p>Apr\u00e8s la courte vid\u00e9o, Adrian Dur\u00e9 a soulign\u00e9 qu\u2019il est certainement grand temps de \u00ab commencer \u00e0 accompagner les gens et de briser la stigmatisation. C\u2019est l\u2019un des objectifs de ce projet : ouvrir le dialogue, cr\u00e9er des espaces, en commen\u00e7ant par la premi\u00e8re \u00e9tape, \u00bb c\u2019est-\u00e0-dire commencer \u00e0 en parler. \u00bb<\/p>\n<p>\u00c0 ce propos, Adrian Dur\u00e9 a pris le temps d\u2019expliquer ce qu\u2019est ReMindEd<sup>TM<\/sup>\u00a0et ce que ce n\u2019est pas. \u00ab ReMindEd\u2122 est comme une table sur laquelle vous posez tout votre contenu et de tr\u00e8s nombreuses ressources, \u00bb a-t-il expliqu\u00e9. C\u2019est un lieu o\u00f9 l\u2019on encourage l\u2019ouverture, ce qui permet aux personnes dans le besoin de demander de l\u2019aide. ReMindEd<sup>TM<\/sup>\u00a0vise \u00e9galement \u00e0 amener la discussion sur la sant\u00e9 mentale dans les \u00e9glises, les \u00e9coles et les communaut\u00e9s, a-t-il dit.<\/p>\n<p>En m\u00eame temps, a soulign\u00e9 Adrian Dur\u00e9 : \u201cReMindEd<sup>TM<\/sup>\u00a0n\u2019est ni une clinique, ni un h\u00f4pital, ni un organisme de sant\u00e9 mentale. Ce n\u2019est pas un kit d\u2019auto-assistance, mais simplement une plateforme, un endroit o\u00f9 vous allez pour trouver des informations. \u00bb En m\u00eame temps, \u00ab il ne s\u2019agit pas d\u2019un projet multim\u00e9dia visant \u00e0 pr\u00e9senter des croyances ou des doctrines sp\u00e9cifiques, \u00bb a-t-il indiqu\u00e9.<\/p>\n<p><strong>Demander de l&rsquo;aide<\/strong><\/p>\n<p>Adrian Dur\u00e9 a indiqu\u00e9 que parmi les d\u00e9veloppements envisag\u00e9s pour les prochains mois, il y a des plans qui pr\u00e9voient le lancement d\u2019une application et l\u2019inclusion de contenu dans d\u2019autres langues que l\u2019anglais. Il a \u00e9galement mentionn\u00e9 du contenu exclusif qui sera partag\u00e9 sur les r\u00e9seaux sociaux, ainsi que le projet d\u2019aborder des sujets qui n\u2019ont pas encore \u00e9t\u00e9 couverts.<\/p>\n<p>L\u2019objectif ultime, a expliqu\u00e9 Adrian Dur\u00e9, est qu\u2019en recevant des informations et en \u00e9coutant les t\u00e9moignages d\u2019autres personnes qui ont \u00e9t\u00e9 confront\u00e9es \u00e0 divers probl\u00e8mes de sant\u00e9 mentale, les gens soient motiv\u00e9s \u00e0 chercher de l\u2019aide. \u00ab Il peut s\u2019agir de m\u00e9decins, de th\u00e9rapeutes, de psychologues, de pasteurs ou d\u2019amis, mais demander de l\u2019aide est la premi\u00e8re \u00e9tape, \u00bb a-t-il dit.<\/p>\n<p>Traduction: Patrick Luciathe<\/p>\n","protected":false},"excerpt":{"rendered":"<p>ReMindEdTM propose un contenu facile d\u2019acc\u00e8s et vise \u00e0 susciter des conversations pertinentes. 10 Novembre 2025 | Marcos Paseggi, Adventist Review Une initiative lanc\u00e9e en 2021 par les Minist\u00e8res Adventistes&#8230;<\/p>\n","protected":false},"author":3,"featured_media":136817,"comment_status":"closed","ping_status":"closed","sticky":false,"template":"","format":"standard","meta":{"_acf_changed":false,"footnotes":""},"categories":[18,19],"tags":[],"class_list":["post-136816","post","type-post","status-publish","format-standard","has-post-thumbnail","hentry","category-nouvelles-de-leglise-mondiale","category-rss-francais"],"acf":[],"yoast_head":"<!-- This site is optimized with the Yoast SEO plugin v27.3 - https:\/\/yoast.com\/product\/yoast-seo-wordpress\/ -->\n<title>L\u2019initiative pour la sant\u00e9 mentale continue de se d\u00e9velopper afin d\u2019informer et d\u2019aider les gens \u00e0 trouver de l\u2019aide - \u00c9glise Adventiste Du Septieme Jour - Inter Am\u00e9rique Division<\/title>\n<meta name=\"robots\" content=\"index, follow, max-snippet:-1, max-image-preview:large, max-video-preview:-1\" \/>\n<link rel=\"canonical\" href=\"https:\/\/interamerica.org\/fr\/2025\/12\/linitiative-pour-la-sante-mentale-continue-de-se-developper-afin-dinformer-et-daider-les-gens-a-trouver-de-laide\/\" \/>\n<meta property=\"og:locale\" content=\"fr_FR\" \/>\n<meta property=\"og:type\" content=\"article\" \/>\n<meta property=\"og:title\" content=\"L\u2019initiative pour la sant\u00e9 mentale continue de se d\u00e9velopper afin d\u2019informer et d\u2019aider les gens \u00e0 trouver de l\u2019aide - \u00c9glise Adventiste Du Septieme Jour - Inter Am\u00e9rique Division\" \/>\n<meta property=\"og:description\" content=\"ReMindEdTM propose un contenu facile d\u2019acc\u00e8s et vise \u00e0 susciter des conversations pertinentes. 10 Novembre 2025 | Marcos Paseggi, Adventist Review Une initiative lanc\u00e9e en 2021 par les Minist\u00e8res Adventistes...\" \/>\n<meta property=\"og:url\" content=\"https:\/\/interamerica.org\/fr\/2025\/12\/linitiative-pour-la-sante-mentale-continue-de-se-developper-afin-dinformer-et-daider-les-gens-a-trouver-de-laide\/\" \/>\n<meta property=\"og:site_name\" content=\"\u00c9glise Adventiste Du Septieme Jour - Inter Am\u00e9rique Division\" \/>\n<meta property=\"article:published_time\" content=\"2025-12-10T19:57:55+00:00\" \/>\n<meta property=\"article:modified_time\" content=\"2025-12-12T04:34:01+00:00\" \/>\n<meta property=\"og:image\" content=\"https:\/\/interamerica.org\/wp-content\/uploads\/2025\/12\/unsplash-photo-1475137979732-b349acb6b7e3-1280.jpg\" \/>\n\t<meta property=\"og:image:width\" content=\"1280\" \/>\n\t<meta property=\"og:image:height\" content=\"800\" \/>\n\t<meta property=\"og:image:type\" content=\"image\/jpeg\" \/>\n<meta name=\"author\" content=\"libna\" \/>\n<meta name=\"twitter:card\" content=\"summary_large_image\" \/>\n<meta name=\"twitter:label1\" content=\"\u00c9crit par\" \/>\n\t<meta name=\"twitter:data1\" content=\"libna\" \/>\n\t<meta name=\"twitter:label2\" content=\"Dur\u00e9e de lecture estim\u00e9e\" \/>\n\t<meta name=\"twitter:data2\" content=\"6 minutes\" \/>\n<script type=\"application\/ld+json\" class=\"yoast-schema-graph\">{\"@context\":\"https:\\\/\\\/schema.org\",\"@graph\":[{\"@type\":\"Article\",\"@id\":\"https:\\\/\\\/interamerica.org\\\/fr\\\/2025\\\/12\\\/linitiative-pour-la-sante-mentale-continue-de-se-developper-afin-dinformer-et-daider-les-gens-a-trouver-de-laide\\\/#article\",\"isPartOf\":{\"@id\":\"https:\\\/\\\/interamerica.org\\\/fr\\\/2025\\\/12\\\/linitiative-pour-la-sante-mentale-continue-de-se-developper-afin-dinformer-et-daider-les-gens-a-trouver-de-laide\\\/\"},\"author\":{\"name\":\"libna\",\"@id\":\"https:\\\/\\\/interamerica.org\\\/fr\\\/#\\\/schema\\\/person\\\/29998f2bc2d8bd0d38662909289b54f1\"},\"headline\":\"L\u2019initiative pour la sant\u00e9 mentale continue de se d\u00e9velopper afin d\u2019informer et d\u2019aider les gens \u00e0 trouver de l\u2019aide\",\"datePublished\":\"2025-12-10T19:57:55+00:00\",\"dateModified\":\"2025-12-12T04:34:01+00:00\",\"mainEntityOfPage\":{\"@id\":\"https:\\\/\\\/interamerica.org\\\/fr\\\/2025\\\/12\\\/linitiative-pour-la-sante-mentale-continue-de-se-developper-afin-dinformer-et-daider-les-gens-a-trouver-de-laide\\\/\"},\"wordCount\":1175,\"image\":{\"@id\":\"https:\\\/\\\/interamerica.org\\\/fr\\\/2025\\\/12\\\/linitiative-pour-la-sante-mentale-continue-de-se-developper-afin-dinformer-et-daider-les-gens-a-trouver-de-laide\\\/#primaryimage\"},\"thumbnailUrl\":\"https:\\\/\\\/interamerica.org\\\/wp-content\\\/uploads\\\/2025\\\/12\\\/unsplash-photo-1475137979732-b349acb6b7e3-1280.jpg\",\"articleSection\":[\"Nouvelles de l'\u00c9glise mondiale\",\"RSS Fran\u00e7ais\"],\"inLanguage\":\"fr-FR\"},{\"@type\":\"WebPage\",\"@id\":\"https:\\\/\\\/interamerica.org\\\/fr\\\/2025\\\/12\\\/linitiative-pour-la-sante-mentale-continue-de-se-developper-afin-dinformer-et-daider-les-gens-a-trouver-de-laide\\\/\",\"url\":\"https:\\\/\\\/interamerica.org\\\/fr\\\/2025\\\/12\\\/linitiative-pour-la-sante-mentale-continue-de-se-developper-afin-dinformer-et-daider-les-gens-a-trouver-de-laide\\\/\",\"name\":\"L\u2019initiative pour la sant\u00e9 mentale continue de se d\u00e9velopper afin d\u2019informer et d\u2019aider les gens \u00e0 trouver de l\u2019aide - \u00c9glise Adventiste Du Septieme Jour - Inter Am\u00e9rique Division\",\"isPartOf\":{\"@id\":\"https:\\\/\\\/interamerica.org\\\/fr\\\/#website\"},\"primaryImageOfPage\":{\"@id\":\"https:\\\/\\\/interamerica.org\\\/fr\\\/2025\\\/12\\\/linitiative-pour-la-sante-mentale-continue-de-se-developper-afin-dinformer-et-daider-les-gens-a-trouver-de-laide\\\/#primaryimage\"},\"image\":{\"@id\":\"https:\\\/\\\/interamerica.org\\\/fr\\\/2025\\\/12\\\/linitiative-pour-la-sante-mentale-continue-de-se-developper-afin-dinformer-et-daider-les-gens-a-trouver-de-laide\\\/#primaryimage\"},\"thumbnailUrl\":\"https:\\\/\\\/interamerica.org\\\/wp-content\\\/uploads\\\/2025\\\/12\\\/unsplash-photo-1475137979732-b349acb6b7e3-1280.jpg\",\"datePublished\":\"2025-12-10T19:57:55+00:00\",\"dateModified\":\"2025-12-12T04:34:01+00:00\",\"author\":{\"@id\":\"https:\\\/\\\/interamerica.org\\\/fr\\\/#\\\/schema\\\/person\\\/29998f2bc2d8bd0d38662909289b54f1\"},\"breadcrumb\":{\"@id\":\"https:\\\/\\\/interamerica.org\\\/fr\\\/2025\\\/12\\\/linitiative-pour-la-sante-mentale-continue-de-se-developper-afin-dinformer-et-daider-les-gens-a-trouver-de-laide\\\/#breadcrumb\"},\"inLanguage\":\"fr-FR\",\"potentialAction\":[{\"@type\":\"ReadAction\",\"target\":[\"https:\\\/\\\/interamerica.org\\\/fr\\\/2025\\\/12\\\/linitiative-pour-la-sante-mentale-continue-de-se-developper-afin-dinformer-et-daider-les-gens-a-trouver-de-laide\\\/\"]}]},{\"@type\":\"ImageObject\",\"inLanguage\":\"fr-FR\",\"@id\":\"https:\\\/\\\/interamerica.org\\\/fr\\\/2025\\\/12\\\/linitiative-pour-la-sante-mentale-continue-de-se-developper-afin-dinformer-et-daider-les-gens-a-trouver-de-laide\\\/#primaryimage\",\"url\":\"https:\\\/\\\/interamerica.org\\\/wp-content\\\/uploads\\\/2025\\\/12\\\/unsplash-photo-1475137979732-b349acb6b7e3-1280.jpg\",\"contentUrl\":\"https:\\\/\\\/interamerica.org\\\/wp-content\\\/uploads\\\/2025\\\/12\\\/unsplash-photo-1475137979732-b349acb6b7e3-1280.jpg\",\"width\":1280,\"height\":800,\"caption\":\"[Photo: Unsplash]\"},{\"@type\":\"BreadcrumbList\",\"@id\":\"https:\\\/\\\/interamerica.org\\\/fr\\\/2025\\\/12\\\/linitiative-pour-la-sante-mentale-continue-de-se-developper-afin-dinformer-et-daider-les-gens-a-trouver-de-laide\\\/#breadcrumb\",\"itemListElement\":[{\"@type\":\"ListItem\",\"position\":1,\"name\":\"Home\",\"item\":\"https:\\\/\\\/interamerica.org\\\/fr\\\/\"},{\"@type\":\"ListItem\",\"position\":2,\"name\":\"L\u2019initiative pour la sant\u00e9 mentale continue de se d\u00e9velopper afin d\u2019informer et d\u2019aider les gens \u00e0 trouver de l\u2019aide\"}]},{\"@type\":\"WebSite\",\"@id\":\"https:\\\/\\\/interamerica.org\\\/fr\\\/#website\",\"url\":\"https:\\\/\\\/interamerica.org\\\/fr\\\/\",\"name\":\"\u00c9glise Adventiste Du Septieme Jour - Inter Am\u00e9rique Division\",\"description\":\"\",\"potentialAction\":[{\"@type\":\"SearchAction\",\"target\":{\"@type\":\"EntryPoint\",\"urlTemplate\":\"https:\\\/\\\/interamerica.org\\\/fr\\\/?s={search_term_string}\"},\"query-input\":{\"@type\":\"PropertyValueSpecification\",\"valueRequired\":true,\"valueName\":\"search_term_string\"}}],\"inLanguage\":\"fr-FR\"},{\"@type\":\"Person\",\"@id\":\"https:\\\/\\\/interamerica.org\\\/fr\\\/#\\\/schema\\\/person\\\/29998f2bc2d8bd0d38662909289b54f1\",\"name\":\"libna\",\"image\":{\"@type\":\"ImageObject\",\"inLanguage\":\"fr-FR\",\"@id\":\"https:\\\/\\\/secure.gravatar.com\\\/avatar\\\/7c5bd30ae4b47a9ba3c856590957fd1d96dc588bf3ac05719d247e126840331f?s=96&d=mm&r=g\",\"url\":\"https:\\\/\\\/secure.gravatar.com\\\/avatar\\\/7c5bd30ae4b47a9ba3c856590957fd1d96dc588bf3ac05719d247e126840331f?s=96&d=mm&r=g\",\"contentUrl\":\"https:\\\/\\\/secure.gravatar.com\\\/avatar\\\/7c5bd30ae4b47a9ba3c856590957fd1d96dc588bf3ac05719d247e126840331f?s=96&d=mm&r=g\",\"caption\":\"libna\"}}]}<\/script>\n<!-- \/ Yoast SEO plugin. -->","yoast_head_json":{"title":"L\u2019initiative pour la sant\u00e9 mentale continue de se d\u00e9velopper afin d\u2019informer et d\u2019aider les gens \u00e0 trouver de l\u2019aide - \u00c9glise Adventiste Du Septieme Jour - Inter Am\u00e9rique Division","robots":{"index":"index","follow":"follow","max-snippet":"max-snippet:-1","max-image-preview":"max-image-preview:large","max-video-preview":"max-video-preview:-1"},"canonical":"https:\/\/interamerica.org\/fr\/2025\/12\/linitiative-pour-la-sante-mentale-continue-de-se-developper-afin-dinformer-et-daider-les-gens-a-trouver-de-laide\/","og_locale":"fr_FR","og_type":"article","og_title":"L\u2019initiative pour la sant\u00e9 mentale continue de se d\u00e9velopper afin d\u2019informer et d\u2019aider les gens \u00e0 trouver de l\u2019aide - \u00c9glise Adventiste Du Septieme Jour - Inter Am\u00e9rique Division","og_description":"ReMindEdTM propose un contenu facile d\u2019acc\u00e8s et vise \u00e0 susciter des conversations pertinentes. 10 Novembre 2025 | Marcos Paseggi, Adventist Review Une initiative lanc\u00e9e en 2021 par les Minist\u00e8res Adventistes...","og_url":"https:\/\/interamerica.org\/fr\/2025\/12\/linitiative-pour-la-sante-mentale-continue-de-se-developper-afin-dinformer-et-daider-les-gens-a-trouver-de-laide\/","og_site_name":"\u00c9glise Adventiste Du Septieme Jour - Inter Am\u00e9rique Division","article_published_time":"2025-12-10T19:57:55+00:00","article_modified_time":"2025-12-12T04:34:01+00:00","og_image":[{"width":1280,"height":800,"url":"https:\/\/interamerica.org\/wp-content\/uploads\/2025\/12\/unsplash-photo-1475137979732-b349acb6b7e3-1280.jpg","type":"image\/jpeg"}],"author":"libna","twitter_card":"summary_large_image","twitter_misc":{"\u00c9crit par":"libna","Dur\u00e9e de lecture estim\u00e9e":"6 minutes"},"schema":{"@context":"https:\/\/schema.org","@graph":[{"@type":"Article","@id":"https:\/\/interamerica.org\/fr\/2025\/12\/linitiative-pour-la-sante-mentale-continue-de-se-developper-afin-dinformer-et-daider-les-gens-a-trouver-de-laide\/#article","isPartOf":{"@id":"https:\/\/interamerica.org\/fr\/2025\/12\/linitiative-pour-la-sante-mentale-continue-de-se-developper-afin-dinformer-et-daider-les-gens-a-trouver-de-laide\/"},"author":{"name":"libna","@id":"https:\/\/interamerica.org\/fr\/#\/schema\/person\/29998f2bc2d8bd0d38662909289b54f1"},"headline":"L\u2019initiative pour la sant\u00e9 mentale continue de se d\u00e9velopper afin d\u2019informer et d\u2019aider les gens \u00e0 trouver de l\u2019aide","datePublished":"2025-12-10T19:57:55+00:00","dateModified":"2025-12-12T04:34:01+00:00","mainEntityOfPage":{"@id":"https:\/\/interamerica.org\/fr\/2025\/12\/linitiative-pour-la-sante-mentale-continue-de-se-developper-afin-dinformer-et-daider-les-gens-a-trouver-de-laide\/"},"wordCount":1175,"image":{"@id":"https:\/\/interamerica.org\/fr\/2025\/12\/linitiative-pour-la-sante-mentale-continue-de-se-developper-afin-dinformer-et-daider-les-gens-a-trouver-de-laide\/#primaryimage"},"thumbnailUrl":"https:\/\/interamerica.org\/wp-content\/uploads\/2025\/12\/unsplash-photo-1475137979732-b349acb6b7e3-1280.jpg","articleSection":["Nouvelles de l'\u00c9glise mondiale","RSS Fran\u00e7ais"],"inLanguage":"fr-FR"},{"@type":"WebPage","@id":"https:\/\/interamerica.org\/fr\/2025\/12\/linitiative-pour-la-sante-mentale-continue-de-se-developper-afin-dinformer-et-daider-les-gens-a-trouver-de-laide\/","url":"https:\/\/interamerica.org\/fr\/2025\/12\/linitiative-pour-la-sante-mentale-continue-de-se-developper-afin-dinformer-et-daider-les-gens-a-trouver-de-laide\/","name":"L\u2019initiative pour la sant\u00e9 mentale continue de se d\u00e9velopper afin d\u2019informer et d\u2019aider les gens \u00e0 trouver de l\u2019aide - \u00c9glise Adventiste Du Septieme Jour - Inter Am\u00e9rique Division","isPartOf":{"@id":"https:\/\/interamerica.org\/fr\/#website"},"primaryImageOfPage":{"@id":"https:\/\/interamerica.org\/fr\/2025\/12\/linitiative-pour-la-sante-mentale-continue-de-se-developper-afin-dinformer-et-daider-les-gens-a-trouver-de-laide\/#primaryimage"},"image":{"@id":"https:\/\/interamerica.org\/fr\/2025\/12\/linitiative-pour-la-sante-mentale-continue-de-se-developper-afin-dinformer-et-daider-les-gens-a-trouver-de-laide\/#primaryimage"},"thumbnailUrl":"https:\/\/interamerica.org\/wp-content\/uploads\/2025\/12\/unsplash-photo-1475137979732-b349acb6b7e3-1280.jpg","datePublished":"2025-12-10T19:57:55+00:00","dateModified":"2025-12-12T04:34:01+00:00","author":{"@id":"https:\/\/interamerica.org\/fr\/#\/schema\/person\/29998f2bc2d8bd0d38662909289b54f1"},"breadcrumb":{"@id":"https:\/\/interamerica.org\/fr\/2025\/12\/linitiative-pour-la-sante-mentale-continue-de-se-developper-afin-dinformer-et-daider-les-gens-a-trouver-de-laide\/#breadcrumb"},"inLanguage":"fr-FR","potentialAction":[{"@type":"ReadAction","target":["https:\/\/interamerica.org\/fr\/2025\/12\/linitiative-pour-la-sante-mentale-continue-de-se-developper-afin-dinformer-et-daider-les-gens-a-trouver-de-laide\/"]}]},{"@type":"ImageObject","inLanguage":"fr-FR","@id":"https:\/\/interamerica.org\/fr\/2025\/12\/linitiative-pour-la-sante-mentale-continue-de-se-developper-afin-dinformer-et-daider-les-gens-a-trouver-de-laide\/#primaryimage","url":"https:\/\/interamerica.org\/wp-content\/uploads\/2025\/12\/unsplash-photo-1475137979732-b349acb6b7e3-1280.jpg","contentUrl":"https:\/\/interamerica.org\/wp-content\/uploads\/2025\/12\/unsplash-photo-1475137979732-b349acb6b7e3-1280.jpg","width":1280,"height":800,"caption":"[Photo: Unsplash]"},{"@type":"BreadcrumbList","@id":"https:\/\/interamerica.org\/fr\/2025\/12\/linitiative-pour-la-sante-mentale-continue-de-se-developper-afin-dinformer-et-daider-les-gens-a-trouver-de-laide\/#breadcrumb","itemListElement":[{"@type":"ListItem","position":1,"name":"Home","item":"https:\/\/interamerica.org\/fr\/"},{"@type":"ListItem","position":2,"name":"L\u2019initiative pour la sant\u00e9 mentale continue de se d\u00e9velopper afin d\u2019informer et d\u2019aider les gens \u00e0 trouver de l\u2019aide"}]},{"@type":"WebSite","@id":"https:\/\/interamerica.org\/fr\/#website","url":"https:\/\/interamerica.org\/fr\/","name":"\u00c9glise Adventiste Du Septieme Jour - Inter Am\u00e9rique Division","description":"","potentialAction":[{"@type":"SearchAction","target":{"@type":"EntryPoint","urlTemplate":"https:\/\/interamerica.org\/fr\/?s={search_term_string}"},"query-input":{"@type":"PropertyValueSpecification","valueRequired":true,"valueName":"search_term_string"}}],"inLanguage":"fr-FR"},{"@type":"Person","@id":"https:\/\/interamerica.org\/fr\/#\/schema\/person\/29998f2bc2d8bd0d38662909289b54f1","name":"libna","image":{"@type":"ImageObject","inLanguage":"fr-FR","@id":"https:\/\/secure.gravatar.com\/avatar\/7c5bd30ae4b47a9ba3c856590957fd1d96dc588bf3ac05719d247e126840331f?s=96&d=mm&r=g","url":"https:\/\/secure.gravatar.com\/avatar\/7c5bd30ae4b47a9ba3c856590957fd1d96dc588bf3ac05719d247e126840331f?s=96&d=mm&r=g","contentUrl":"https:\/\/secure.gravatar.com\/avatar\/7c5bd30ae4b47a9ba3c856590957fd1d96dc588bf3ac05719d247e126840331f?s=96&d=mm&r=g","caption":"libna"}}]}},"_links":{"self":[{"href":"https:\/\/interamerica.org\/fr\/wp-json\/wp\/v2\/posts\/136816","targetHints":{"allow":["GET"]}}],"collection":[{"href":"https:\/\/interamerica.org\/fr\/wp-json\/wp\/v2\/posts"}],"about":[{"href":"https:\/\/interamerica.org\/fr\/wp-json\/wp\/v2\/types\/post"}],"author":[{"embeddable":true,"href":"https:\/\/interamerica.org\/fr\/wp-json\/wp\/v2\/users\/3"}],"replies":[{"embeddable":true,"href":"https:\/\/interamerica.org\/fr\/wp-json\/wp\/v2\/comments?post=136816"}],"version-history":[{"count":1,"href":"https:\/\/interamerica.org\/fr\/wp-json\/wp\/v2\/posts\/136816\/revisions"}],"predecessor-version":[{"id":136876,"href":"https:\/\/interamerica.org\/fr\/wp-json\/wp\/v2\/posts\/136816\/revisions\/136876"}],"wp:featuredmedia":[{"embeddable":true,"href":"https:\/\/interamerica.org\/fr\/wp-json\/wp\/v2\/media\/136817"}],"wp:attachment":[{"href":"https:\/\/interamerica.org\/fr\/wp-json\/wp\/v2\/media?parent=136816"}],"wp:term":[{"taxonomy":"category","embeddable":true,"href":"https:\/\/interamerica.org\/fr\/wp-json\/wp\/v2\/categories?post=136816"},{"taxonomy":"post_tag","embeddable":true,"href":"https:\/\/interamerica.org\/fr\/wp-json\/wp\/v2\/tags?post=136816"}],"curies":[{"name":"wp","href":"https:\/\/api.w.org\/{rel}","templated":true}]}}