{"id":13695,"date":"2011-11-30T00:00:00","date_gmt":"2011-11-30T04:00:00","guid":{"rendered":"http:\/\/192.81.217.108\/interamerica\/2011\/11\/de-jeunes-adventistes-allemands-remportent-un-prix\/"},"modified":"2017-06-02T13:00:04","modified_gmt":"2017-06-02T17:00:04","slug":"de-jeunes-adventistes-allemands-remportent-un-prix","status":"publish","type":"post","link":"https:\/\/interamerica.org\/fr\/2011\/11\/de-jeunes-adventistes-allemands-remportent-un-prix\/","title":{"rendered":"De jeunes Adventistes Allemands remportent un prix"},"content":{"rendered":"<p>29 Novembre 2011, Berlin, Allemagne&#8230;DEU\/ANN <\/p>\n<p>Le travail r\u00e9alis\u00e9 par un groupe de jeunes Adventistes Allemands aupr\u00e8s des enfants d\u00e9favoris\u00e9s et des jeunes leur a valu une reconnaissance nationale la semaine derni\u00e8re. <\/p>\n<p>Les membres de Livingroom (<em >le Salon<\/em >), une \u00e9glise Adventiste de jeunes \u00e0 Mainz, ont remport\u00e9 le Gold Hope Prize (<em >Le Prix d&#39;Or de l&#39;Espoir<\/em >) pour leur projet, Projet d&#39;Opportunit\u00e9 Egale. En coop\u00e9ration avec trois \u00e9coles \u00e9l\u00e9mentaires et secondaires ainsi qu&#39;un centre de jeunesse local, les b\u00e9n\u00e9voles du projet proposent de l&#39;aide pour les devoirs scolaires ainsi que du tutorat pour les enfants venant de contextes \u00e9conomiques difficiles ou qui ne b\u00e9n\u00e9ficient pas du tout ou alors tr\u00e8s peu de soutien parental. <\/p>\n<p>Le Prix d&#39;Or de l&#39;Espoir est d\u00e9cern\u00e9 par le r\u00e9seau d&#39;Eglises Chr\u00e9tiennes en Allemagne, des associations ainsi que des communaut\u00e9s. Fond\u00e9s par l&#39;Alliance Evang\u00e9lique Allemande, les prix de l&#39;Espoir remis par le r\u00e9seau honorent \u00ab l&#39;engagement exemplaire et le t\u00e9moignage dans la charit\u00e9 Chr\u00e9tienne. \u00bb <\/p>\n<p>\u00ab Nous remercions Dieu pour cette r\u00e9compense. Plus de 90 pourcent de notre travail et de notre mission est r\u00e9alis\u00e9 par des jeunes. Dieu b\u00e9nit leur engagement et leur foi \u00bb a dit le pasteur de Livingroom, Ruben Grieco. <\/p>\n<p>Le Livingroom est con\u00e7u de telle sorte \u00e0 pouvoir proposer un environnement dans lequel les jeunes peuvent se sentir chez eux et faire l&#39;exp\u00e9rience de l&#39;amour de Dieu et du sentiment de communaut\u00e9, ont indiqu\u00e9 les dirigeants de l&#39;\u00e9glise. L&#39;\u00e9glise cherche \u00e0 avoir un impact positif sur la soci\u00e9t\u00e9. <\/p>\n<p>\u00ab Cette r\u00e9compense appartient \u00e0 tous les b\u00e9n\u00e9voles qui utilisent leur temps libre pour se mettre au service des autres, \u00bb a d\u00e9clar\u00e9 la directrice d&#39;Opportunit\u00e9 Egale, Jessica Dietrich. <\/p>\n<p>Ce projet est l&#39;un des nombreux programmes d&#39;action missionnaire dans la communaut\u00e9 men\u00e9s par le Livingroom. <\/p>\n<p><em >Traducteur: Patrick Luciathe <\/em ><br  \/><\/p>\n","protected":false},"excerpt":{"rendered":"<p>Le travail r\u00e9alis\u00e9par un groupe de jeunes Adventistes Allemands aupr\u00e8s des enfants d\u00e9favoris\u00e9s etdes jeunes leur a valu une reconnaissance nationale la semaine derni\u00e8re.<\/p>\n","protected":false},"author":1,"featured_media":0,"comment_status":"closed","ping_status":"closed","sticky":false,"template":"","format":"standard","meta":{"_acf_changed":false,"footnotes":""},"categories":[9],"tags":[],"class_list":["post-13695","post","type-post","status-publish","format-standard","hentry","category-archive-fr"],"acf":[],"yoast_head":"<!-- This site is optimized with the Yoast SEO plugin v27.3 - https:\/\/yoast.com\/product\/yoast-seo-wordpress\/ -->\n<title>De jeunes Adventistes Allemands remportent un prix - \u00c9glise Adventiste Du Septieme Jour - Inter Am\u00e9rique Division<\/title>\n<meta name=\"robots\" content=\"index, follow, max-snippet:-1, max-image-preview:large, max-video-preview:-1\" \/>\n<link rel=\"canonical\" href=\"https:\/\/interamerica.org\/fr\/2011\/11\/de-jeunes-adventistes-allemands-remportent-un-prix\/\" \/>\n<meta property=\"og:locale\" content=\"fr_FR\" \/>\n<meta property=\"og:type\" content=\"article\" \/>\n<meta property=\"og:title\" content=\"De jeunes Adventistes Allemands remportent un prix - \u00c9glise Adventiste Du Septieme Jour - Inter Am\u00e9rique Division\" \/>\n<meta property=\"og:description\" content=\"Le travail r\u00e9alis\u00e9par un groupe de jeunes Adventistes Allemands aupr\u00e8s des enfants d\u00e9favoris\u00e9s etdes jeunes leur a valu une reconnaissance nationale la semaine derni\u00e8re.\" \/>\n<meta property=\"og:url\" content=\"https:\/\/interamerica.org\/fr\/2011\/11\/de-jeunes-adventistes-allemands-remportent-un-prix\/\" \/>\n<meta property=\"og:site_name\" content=\"\u00c9glise Adventiste Du Septieme Jour - Inter Am\u00e9rique Division\" \/>\n<meta property=\"article:published_time\" content=\"2011-11-30T04:00:00+00:00\" \/>\n<meta property=\"article:modified_time\" content=\"2017-06-02T17:00:04+00:00\" \/>\n<meta name=\"author\" content=\"Lorenzo Verduzco\" \/>\n<meta name=\"twitter:card\" content=\"summary_large_image\" \/>\n<meta name=\"twitter:label1\" content=\"\u00c9crit par\" \/>\n\t<meta name=\"twitter:data1\" content=\"Lorenzo Verduzco\" \/>\n\t<meta name=\"twitter:label2\" content=\"Dur\u00e9e de lecture estim\u00e9e\" \/>\n\t<meta name=\"twitter:data2\" content=\"2 minutes\" \/>\n<script type=\"application\/ld+json\" class=\"yoast-schema-graph\">{\"@context\":\"https:\\\/\\\/schema.org\",\"@graph\":[{\"@type\":\"Article\",\"@id\":\"https:\\\/\\\/interamerica.org\\\/fr\\\/2011\\\/11\\\/de-jeunes-adventistes-allemands-remportent-un-prix\\\/#article\",\"isPartOf\":{\"@id\":\"https:\\\/\\\/interamerica.org\\\/fr\\\/2011\\\/11\\\/de-jeunes-adventistes-allemands-remportent-un-prix\\\/\"},\"author\":{\"name\":\"Lorenzo Verduzco\",\"@id\":\"https:\\\/\\\/interamerica.org\\\/fr\\\/#\\\/schema\\\/person\\\/68ede8bdc292885bb76c1e3810e73c39\"},\"headline\":\"De jeunes Adventistes Allemands remportent un prix\",\"datePublished\":\"2011-11-30T04:00:00+00:00\",\"dateModified\":\"2017-06-02T17:00:04+00:00\",\"mainEntityOfPage\":{\"@id\":\"https:\\\/\\\/interamerica.org\\\/fr\\\/2011\\\/11\\\/de-jeunes-adventistes-allemands-remportent-un-prix\\\/\"},\"wordCount\":339,\"articleSection\":[\"Archive\"],\"inLanguage\":\"fr-FR\"},{\"@type\":\"WebPage\",\"@id\":\"https:\\\/\\\/interamerica.org\\\/fr\\\/2011\\\/11\\\/de-jeunes-adventistes-allemands-remportent-un-prix\\\/\",\"url\":\"https:\\\/\\\/interamerica.org\\\/fr\\\/2011\\\/11\\\/de-jeunes-adventistes-allemands-remportent-un-prix\\\/\",\"name\":\"De jeunes Adventistes Allemands remportent un prix - \u00c9glise Adventiste Du Septieme Jour - Inter Am\u00e9rique Division\",\"isPartOf\":{\"@id\":\"https:\\\/\\\/interamerica.org\\\/fr\\\/#website\"},\"datePublished\":\"2011-11-30T04:00:00+00:00\",\"dateModified\":\"2017-06-02T17:00:04+00:00\",\"author\":{\"@id\":\"https:\\\/\\\/interamerica.org\\\/fr\\\/#\\\/schema\\\/person\\\/68ede8bdc292885bb76c1e3810e73c39\"},\"breadcrumb\":{\"@id\":\"https:\\\/\\\/interamerica.org\\\/fr\\\/2011\\\/11\\\/de-jeunes-adventistes-allemands-remportent-un-prix\\\/#breadcrumb\"},\"inLanguage\":\"fr-FR\",\"potentialAction\":[{\"@type\":\"ReadAction\",\"target\":[\"https:\\\/\\\/interamerica.org\\\/fr\\\/2011\\\/11\\\/de-jeunes-adventistes-allemands-remportent-un-prix\\\/\"]}]},{\"@type\":\"BreadcrumbList\",\"@id\":\"https:\\\/\\\/interamerica.org\\\/fr\\\/2011\\\/11\\\/de-jeunes-adventistes-allemands-remportent-un-prix\\\/#breadcrumb\",\"itemListElement\":[{\"@type\":\"ListItem\",\"position\":1,\"name\":\"Home\",\"item\":\"https:\\\/\\\/interamerica.org\\\/fr\\\/\"},{\"@type\":\"ListItem\",\"position\":2,\"name\":\"De jeunes Adventistes Allemands remportent un prix\"}]},{\"@type\":\"WebSite\",\"@id\":\"https:\\\/\\\/interamerica.org\\\/fr\\\/#website\",\"url\":\"https:\\\/\\\/interamerica.org\\\/fr\\\/\",\"name\":\"\u00c9glise Adventiste Du Septieme Jour - Inter Am\u00e9rique Division\",\"description\":\"\",\"potentialAction\":[{\"@type\":\"SearchAction\",\"target\":{\"@type\":\"EntryPoint\",\"urlTemplate\":\"https:\\\/\\\/interamerica.org\\\/fr\\\/?s={search_term_string}\"},\"query-input\":{\"@type\":\"PropertyValueSpecification\",\"valueRequired\":true,\"valueName\":\"search_term_string\"}}],\"inLanguage\":\"fr-FR\"},{\"@type\":\"Person\",\"@id\":\"https:\\\/\\\/interamerica.org\\\/fr\\\/#\\\/schema\\\/person\\\/68ede8bdc292885bb76c1e3810e73c39\",\"name\":\"Lorenzo Verduzco\",\"image\":{\"@type\":\"ImageObject\",\"inLanguage\":\"fr-FR\",\"@id\":\"https:\\\/\\\/secure.gravatar.com\\\/avatar\\\/fb81a55b6218459490a9c1dc841a34909185b81904c5337b4b27f7a6fd60c49e?s=96&d=mm&r=g\",\"url\":\"https:\\\/\\\/secure.gravatar.com\\\/avatar\\\/fb81a55b6218459490a9c1dc841a34909185b81904c5337b4b27f7a6fd60c49e?s=96&d=mm&r=g\",\"contentUrl\":\"https:\\\/\\\/secure.gravatar.com\\\/avatar\\\/fb81a55b6218459490a9c1dc841a34909185b81904c5337b4b27f7a6fd60c49e?s=96&d=mm&r=g\",\"caption\":\"Lorenzo Verduzco\"}}]}<\/script>\n<!-- \/ Yoast SEO plugin. -->","yoast_head_json":{"title":"De jeunes Adventistes Allemands remportent un prix - \u00c9glise Adventiste Du Septieme Jour - Inter Am\u00e9rique Division","robots":{"index":"index","follow":"follow","max-snippet":"max-snippet:-1","max-image-preview":"max-image-preview:large","max-video-preview":"max-video-preview:-1"},"canonical":"https:\/\/interamerica.org\/fr\/2011\/11\/de-jeunes-adventistes-allemands-remportent-un-prix\/","og_locale":"fr_FR","og_type":"article","og_title":"De jeunes Adventistes Allemands remportent un prix - \u00c9glise Adventiste Du Septieme Jour - Inter Am\u00e9rique Division","og_description":"Le travail r\u00e9alis\u00e9par un groupe de jeunes Adventistes Allemands aupr\u00e8s des enfants d\u00e9favoris\u00e9s etdes jeunes leur a valu une reconnaissance nationale la semaine derni\u00e8re.","og_url":"https:\/\/interamerica.org\/fr\/2011\/11\/de-jeunes-adventistes-allemands-remportent-un-prix\/","og_site_name":"\u00c9glise Adventiste Du Septieme Jour - Inter Am\u00e9rique Division","article_published_time":"2011-11-30T04:00:00+00:00","article_modified_time":"2017-06-02T17:00:04+00:00","author":"Lorenzo Verduzco","twitter_card":"summary_large_image","twitter_misc":{"\u00c9crit par":"Lorenzo Verduzco","Dur\u00e9e de lecture estim\u00e9e":"2 minutes"},"schema":{"@context":"https:\/\/schema.org","@graph":[{"@type":"Article","@id":"https:\/\/interamerica.org\/fr\/2011\/11\/de-jeunes-adventistes-allemands-remportent-un-prix\/#article","isPartOf":{"@id":"https:\/\/interamerica.org\/fr\/2011\/11\/de-jeunes-adventistes-allemands-remportent-un-prix\/"},"author":{"name":"Lorenzo Verduzco","@id":"https:\/\/interamerica.org\/fr\/#\/schema\/person\/68ede8bdc292885bb76c1e3810e73c39"},"headline":"De jeunes Adventistes Allemands remportent un prix","datePublished":"2011-11-30T04:00:00+00:00","dateModified":"2017-06-02T17:00:04+00:00","mainEntityOfPage":{"@id":"https:\/\/interamerica.org\/fr\/2011\/11\/de-jeunes-adventistes-allemands-remportent-un-prix\/"},"wordCount":339,"articleSection":["Archive"],"inLanguage":"fr-FR"},{"@type":"WebPage","@id":"https:\/\/interamerica.org\/fr\/2011\/11\/de-jeunes-adventistes-allemands-remportent-un-prix\/","url":"https:\/\/interamerica.org\/fr\/2011\/11\/de-jeunes-adventistes-allemands-remportent-un-prix\/","name":"De jeunes Adventistes Allemands remportent un prix - \u00c9glise Adventiste Du Septieme Jour - Inter Am\u00e9rique Division","isPartOf":{"@id":"https:\/\/interamerica.org\/fr\/#website"},"datePublished":"2011-11-30T04:00:00+00:00","dateModified":"2017-06-02T17:00:04+00:00","author":{"@id":"https:\/\/interamerica.org\/fr\/#\/schema\/person\/68ede8bdc292885bb76c1e3810e73c39"},"breadcrumb":{"@id":"https:\/\/interamerica.org\/fr\/2011\/11\/de-jeunes-adventistes-allemands-remportent-un-prix\/#breadcrumb"},"inLanguage":"fr-FR","potentialAction":[{"@type":"ReadAction","target":["https:\/\/interamerica.org\/fr\/2011\/11\/de-jeunes-adventistes-allemands-remportent-un-prix\/"]}]},{"@type":"BreadcrumbList","@id":"https:\/\/interamerica.org\/fr\/2011\/11\/de-jeunes-adventistes-allemands-remportent-un-prix\/#breadcrumb","itemListElement":[{"@type":"ListItem","position":1,"name":"Home","item":"https:\/\/interamerica.org\/fr\/"},{"@type":"ListItem","position":2,"name":"De jeunes Adventistes Allemands remportent un prix"}]},{"@type":"WebSite","@id":"https:\/\/interamerica.org\/fr\/#website","url":"https:\/\/interamerica.org\/fr\/","name":"\u00c9glise Adventiste Du Septieme Jour - Inter Am\u00e9rique Division","description":"","potentialAction":[{"@type":"SearchAction","target":{"@type":"EntryPoint","urlTemplate":"https:\/\/interamerica.org\/fr\/?s={search_term_string}"},"query-input":{"@type":"PropertyValueSpecification","valueRequired":true,"valueName":"search_term_string"}}],"inLanguage":"fr-FR"},{"@type":"Person","@id":"https:\/\/interamerica.org\/fr\/#\/schema\/person\/68ede8bdc292885bb76c1e3810e73c39","name":"Lorenzo Verduzco","image":{"@type":"ImageObject","inLanguage":"fr-FR","@id":"https:\/\/secure.gravatar.com\/avatar\/fb81a55b6218459490a9c1dc841a34909185b81904c5337b4b27f7a6fd60c49e?s=96&d=mm&r=g","url":"https:\/\/secure.gravatar.com\/avatar\/fb81a55b6218459490a9c1dc841a34909185b81904c5337b4b27f7a6fd60c49e?s=96&d=mm&r=g","contentUrl":"https:\/\/secure.gravatar.com\/avatar\/fb81a55b6218459490a9c1dc841a34909185b81904c5337b4b27f7a6fd60c49e?s=96&d=mm&r=g","caption":"Lorenzo Verduzco"}}]}},"_links":{"self":[{"href":"https:\/\/interamerica.org\/fr\/wp-json\/wp\/v2\/posts\/13695","targetHints":{"allow":["GET"]}}],"collection":[{"href":"https:\/\/interamerica.org\/fr\/wp-json\/wp\/v2\/posts"}],"about":[{"href":"https:\/\/interamerica.org\/fr\/wp-json\/wp\/v2\/types\/post"}],"author":[{"embeddable":true,"href":"https:\/\/interamerica.org\/fr\/wp-json\/wp\/v2\/users\/1"}],"replies":[{"embeddable":true,"href":"https:\/\/interamerica.org\/fr\/wp-json\/wp\/v2\/comments?post=13695"}],"version-history":[{"count":0,"href":"https:\/\/interamerica.org\/fr\/wp-json\/wp\/v2\/posts\/13695\/revisions"}],"wp:attachment":[{"href":"https:\/\/interamerica.org\/fr\/wp-json\/wp\/v2\/media?parent=13695"}],"wp:term":[{"taxonomy":"category","embeddable":true,"href":"https:\/\/interamerica.org\/fr\/wp-json\/wp\/v2\/categories?post=13695"},{"taxonomy":"post_tag","embeddable":true,"href":"https:\/\/interamerica.org\/fr\/wp-json\/wp\/v2\/tags?post=13695"}],"curies":[{"name":"wp","href":"https:\/\/api.w.org\/{rel}","templated":true}]}}