{"id":136955,"date":"2025-12-16T20:42:03","date_gmt":"2025-12-17T01:42:03","guid":{"rendered":"https:\/\/interamerica.org\/?p=136955"},"modified":"2025-12-17T10:59:24","modified_gmt":"2025-12-17T15:59:24","slug":"christ-au-centre","status":"publish","type":"post","link":"https:\/\/interamerica.org\/fr\/2025\/12\/christ-au-centre\/","title":{"rendered":"Christ au centre"},"content":{"rendered":"<p class=\"c-post-header__subtitle\"><em>La position d\u2019Ellen White sur No\u00ebl<\/em><\/p>\n<p>16 D\u00e9cembre 2025 | Siler Spring, Maryland, \u00c9tats-Unis | Anna Galeniece<\/p>\n<p>Dans la culture o\u00f9 j\u2019ai grandi, No\u00ebl n\u2019\u00e9tait pas c\u00e9l\u00e9br\u00e9, en partie \u00e0 cause de la propagande ath\u00e9e contre la religion, et en partie parce que les adventistes associaient le 25 d\u00e9cembre au solstice d\u2019hiver pa\u00efen. Des ann\u00e9es plus tard, apr\u00e8s avoir d\u00e9m\u00e9nag\u00e9 aux \u00c9tats-Unis, j\u2019ai d\u00e9couvert une r\u00e9alit\u00e9 bien diff\u00e9rente. No\u00ebl est largement c\u00e9l\u00e9br\u00e9, commercialis\u00e9 et souvent vid\u00e9 de sa signification religieuse. Les gens s\u2019\u00e9changent des cadeaux et profitent des festivit\u00e9s, mais le Christ est rarement au centre. Ces exp\u00e9riences oppos\u00e9es m\u2019ont amen\u00e9e \u00e0 me demander comment Ellen White voyait No\u00ebl et quels conseils elle pourrait offrir \u00e0 l\u2019\u00c9glise.<\/p>\n<p><strong>Se pr\u00e9parer pour No\u00ebl<\/strong><\/p>\n<p>En lisant les \u00e9crits d\u2019Ellen White, on remarque rapidement avec quelle constance elle exaltait le Christ. Il \u00e9tait la personne centrale qu\u2019elle adorait, aimait et \u00e0 qui elle avait consacr\u00e9 sa vie. Il n\u2019est donc pas surprenant que, lorsqu\u2019il \u00e9tait question de No\u00ebl, J\u00e9sus soit rest\u00e9 au c\u0153ur de cette occasion profond\u00e9ment spirituelle.<\/p>\n<p>\u00c0 l\u2019approche de No\u00ebl, son c\u0153ur se tournait vers les familles qui avaient des enfants. Elle encourageait les parents \u00e0 enseigner aux enfants et aux jeunes la v\u00e9ritable signification de cette f\u00eate et \u00e0 diriger leurs pens\u00e9es, leurs attentes et leurs offrandes vers Dieu. Elle a pr\u00e9cis\u00e9 que son \u00ab objectif \u00e9tait d\u2019attirer l\u2019attention des enfants sur l\u2019humilit\u00e9 avec laquelle le R\u00e9dempteur est venu dans le monde. \u00bb Et si \u00ab le ciel tout entier s\u2019int\u00e9ressait \u00e0 l\u2019\u00e9v\u00e9nement majeur qu\u2019\u00e9tait la venue du Christ sur terre, \u00bb<br \/>\n<a id=\"_ednref1\" href=\"https:\/\/adventistreview.org\/experiences\/heritage\/christ-at-the-center\/#_edn1\"><sup>[1]<\/sup><\/a>pourquoi devrions-nous faire diff\u00e9remment ?<br \/>\nEllen White encourageait \u00e9galement les chr\u00e9tiens \u00e0 faire preuve de cr\u00e9ativit\u00e9 dans leurs c\u00e9l\u00e9brations de No\u00ebl, afin de les rendre plus d\u00e9sirables et plus attrayantes, car No\u00ebl \u00e9tait une occasion d\u2019honorer Dieu avec toute la famille. Bien que le Christ ne soit pas n\u00e9 le jour de No\u00ebl, elle invitait les chr\u00e9tiens \u00e0 le garder au c\u0153ur de leurs c\u00e9l\u00e9brations et \u00e0 ne pas se laisser distraire par les diverses pratiques et traditions mondaines. \u00ab Aucune saintet\u00e9 divine ne repose sur le vingt-cinq d\u00e9cembre, et Dieu ne se r\u00e9jouit pas que quoique ce soit ayant trait au salut des hommes par le sacrifice infini consenti pour eux soit tristement perverti de son dessein voulu. Le Christ devrait \u00eatre le supr\u00eame objet de nos aspirations. \u00bb<a id=\"_ednref2\" href=\"https:\/\/adventistreview.org\/experiences\/heritage\/christ-at-the-center\/#_edn2\"><sup>[2]<\/sup><\/a>\u00a0a-t-elle \u00e9crit.<\/p>\n<p>Dans le cadre des pr\u00e9paratifs de No\u00ebl, Ellen White encourageait l\u2019utilisation d\u2019un arbre de No\u00ebl comme une source de b\u00e9n\u00e9diction plut\u00f4t que comme un objet d\u2019idol\u00e2trie ou de p\u00e9ch\u00e9.<a id=\"_ednref3\" href=\"https:\/\/adventistreview.org\/experiences\/heritage\/christ-at-the-center\/#_edn3\"><sup>[3]<\/sup><\/a>\u00a0Pour elle, il pouvait inspirer la g\u00e9n\u00e9rosit\u00e9, ses branches portant des dons pour les pauvres et des offrandes consacr\u00e9es \u00e0 Dieu.<a id=\"_ednref4\" href=\"https:\/\/adventistreview.org\/experiences\/heritage\/christ-at-the-center\/#_edn4\"><sup>[4]<\/sup><\/a><\/p>\n<p>\u00ab Nous serions agr\u00e9ables \u00e0 Dieu si, \u00e0 No\u00ebl, chaque \u00e9glise dressait un arbre aux branches duquel nous accrocherions des offrandes, grandes et petites, \u2026Que ses rameaux soient charg\u00e9s des fruits \u00e9tincelants de votre g\u00e9n\u00e9rosit\u00e9 et pr\u00e9sent\u00e9s \u00e0 Dieu comme votre offrande de No\u00ebl ! Et que vos dons puissent \u00eatre sanctifi\u00e9s par la pri\u00e8re\u00bb<a id=\"_ednref5\" href=\"https:\/\/adventistreview.org\/experiences\/heritage\/christ-at-the-center\/#_edn5\"><sup>[5]<\/sup><\/a><\/p>\n<p>Ainsi, elle utilisait l\u2019outil \u00e0 sa disposition, un sapin de No\u00ebl, en lui attribuant une signification qui glorifierait Dieu et mettrait en valeur l\u2019exemple sacrificiel du Christ.<br \/>\n<strong>Les cadeaux de No\u00ebl<\/strong><\/p>\n<p>Lorsqu\u2019il \u00e9tait question de faire des cadeaux de No\u00ebl, Ellen White pr\u00e9conisait une approche \u00e9quilibr\u00e9e. Bien qu\u2019elle n\u2019ait pas d\u00e9conseill\u00e9 d\u2019offrir des cadeaux aux enfants <a id=\"_ednref6\" href=\"https:\/\/adventistreview.org\/experiences\/heritage\/christ-at-the-center\/#_edn6\"><sup>[6]<\/sup><\/a>\u00a0elle a reconnu que \u00ab les f\u00eates ont \u00e9t\u00e9 d\u00e9tourn\u00e9es de leur objectif initial, \u00bb et que \u00ab les uns et les autres se faisaient des cadeaux \u00e0 profusion. \u00bb<sup><a id=\"_ednref7\" href=\"https:\/\/adventistreview.org\/experiences\/heritage\/christ-at-the-center\/#_edn7\">[7]<\/a>\u00a0<\/sup>Elle a par cons\u00e9quent, vivement encourag\u00e9 les croyants \u00e0 orienter leurs dons vers des causes plus importantes : soutenir les \u0153uvres caritatives \u00ab en faveur des plus d\u00e9munis, \u00bb<a id=\"_ednref8\" href=\"https:\/\/adventistreview.org\/experiences\/heritage\/christ-at-the-center\/#_edn8\"><sup>[8]<\/sup><\/a>et promouvoir l\u2019\u00e9vang\u00e9lisation, \u00ab l\u2019\u0153uvre pour laquelle le Christ est venu. \u00bb<a id=\"_ednref9\" href=\"https:\/\/adventistreview.org\/experiences\/heritage\/christ-at-the-center\/#_edn9\"><sup>[9]<\/sup><\/a><\/p>\n<div class=\"o-rich-text c-content-single__body\">\n<p>Cet esprit d\u2019abn\u00e9gation et de g\u00e9n\u00e9rosit\u00e9 encourage les dons et les festivit\u00e9s d\u00e9sint\u00e9ress\u00e9s, car \u00ab il y a plus de bonheur \u00e0 donner qu\u2019\u00e0 recevoir. \u00bb (Actes 20, 35) Comme elle l\u2019a dit : \u00ab Le jour de No\u00ebl, que les membres de chaque \u00e9glise se r\u00e9unissent, avec des offrandes venant de mains et de c\u0153urs sinc\u00e8res, fruits de l\u2019amour et de la gratitude envers Dieu. Que chacun utilise son influence et ses talents pour faire en sorte que ces rencontres soient attrayantes et int\u00e9ressantes. Voyez combien vous pouvez rassembler de ressources pour faire progresser l\u2019\u0153uvre du Seigneur. \u00bb<a id=\"_ednref10\" href=\"https:\/\/adventistreview.org\/experiences\/heritage\/christ-at-the-center\/#_edn10\"><sup>[10]<\/sup><\/a><\/p>\n<p>Au lieu de promouvoir \u00ab une journ\u00e9e de f\u00eate, de gourmandise et de satisfaction \u00e9go\u00efste, \u00bb Ellen White encourageait les parents \u00e0 r\u00e9v\u00e9ler la v\u00e9ritable signification de No\u00ebl : la g\u00e9n\u00e9rosit\u00e9 et l\u2019amour envers ceux qui sont dans le besoin. Elle a donn\u00e9 le conseil suivant : \u00ab Cette ann\u00e9e nous ne d\u00e9penserons pas notre argent dans des cadeaux pour nous-m\u00eames, mais nous honorerons et glorifierons Dieu. Nous t\u00e9moignerons de notre gratitude envers Lui qui a donn\u00e9 son Fils pour qu\u2019Il meurt en sacrifice afin que nous recevions le don de la vie \u00e9ternelle. \u00bb<a id=\"_ednref11\" href=\"https:\/\/adventistreview.org\/experiences\/heritage\/christ-at-the-center\/#_edn11\"><sup>[11]<\/sup><\/a><\/p>\n<p>Quel exemple \u00e0 suivre !<\/p>\n<p><strong>La mission de No\u00ebl <\/strong><\/p>\n<p>Pour la messag\u00e8re de Dieu, No\u00ebl \u00e9tait aussi un temps de mission.<strong>\u00a0<\/strong>Elle a d\u00e9fendu et soutenu l\u2019\u0153uvre missionnaire par ses pr\u00e9dications, ses \u00e9crits et sa vie personnelle. Par exemple, on peut lire son sermon prononc\u00e9 la veille de No\u00ebl \u00e0 l\u2019\u00e9glise de Parramatta, en Australie, en 1893. De nombreux non-adventistes \u00e9taient pr\u00e9sents, et son message \u00e9tait centr\u00e9 sur \u00ab la naissance du Christ et les offrandes de No\u00ebl, le grand sacrifice accompli par J\u00e9sus-Christ pour sauver un monde perdu. \u00bb<a id=\"_ednref12\" href=\"https:\/\/adventistreview.org\/experiences\/heritage\/christ-at-the-center\/#_edn12\"><sup>[12]<\/sup><\/a>\u00a0Tout au long de son minist\u00e8re actif, Ellen White a souvent utilis\u00e9 la pr\u00e9dication la veille ou le jour de No\u00ebl comme un moyen d\u2019atteindre les gens.<\/p>\n<p>Par un autre matin de No\u00ebl froid au Texas en 1878, Ellen et James White ont pris part \u00e0 une v\u00e9ritable c\u00e9l\u00e9bration : un petit-d\u00e9jeuner avec treize personnes pauvres, n\u00e9cessiteuses et malades, parmi lesquelles la famille Moore, compos\u00e9e de cinq personnes. De plus, la famille White a pass\u00e9 le jour de No\u00ebl \u00e0 aider la famille Moore, qui \u00e9tait dans une situation de grande pr\u00e9carit\u00e9. James et Ellen White leur ont apport\u00e9 des articles de premi\u00e8re n\u00e9cessit\u00e9 : nourriture, v\u00eatements, quelques meubles et ont fait des arrangements pour un h\u00e9bergement temporaire. Ils ont m\u00eame donn\u00e9 une partie de leur literie \u00e0 la famille Moore pour qu\u2019ils soient au chaud et \u00e0 l\u2019aise.<a id=\"_ednref13\" href=\"https:\/\/adventistreview.org\/experiences\/heritage\/christ-at-the-center\/#_edn13\"><sup>[13]<\/sup><\/a><\/p>\n<p>Ainsi, tandis que beaucoup font du shopping et ach\u00e8tent des cadeaux sans penser au Christ, les messages d\u2019Ellen White invitent le peuple de Dieu \u00e0 ouvrir son c\u0153ur \u00e0 la v\u00e9ritable raison qui justifie la p\u00e9riode : J\u00e9sus-Christ et son amour pour l\u2019humanit\u00e9.<\/p>\n<p><strong>Et maintenant?<\/strong><\/p>\n<p>En cette p\u00e9riode de No\u00ebl, alors que tout autour de nous il y a des festivit\u00e9s, puisse l\u2019appel d\u2019Ellen White invitant \u00e0 mettre l\u2019accent sur la mission et sur le Christ, vous guider, vous et votre famille. Dans cet esprit, arr\u00eatons-nous un moment pour m\u00e9diter, dans la pri\u00e8re, sur ses questions profondes :<\/p>\n<p>\u00ab Pourquoi ne pas, cette ann\u00e9e, consacrer \u00e0 Dieu non seulement une partie, mais <em>la totalit\u00e9 de<\/em>\u00a0de nos dons de No\u00ebl pour soutenir sa cause, qui en a si grand besoin ? Comment pouvons-nous c\u00e9l\u00e9brer de mani\u00e8re plus appropri\u00e9e le No\u00ebl qui approche, comment mieux exprimer notre gratitude envers Dieu pour le don de son Fils bien-aim\u00e9, qu\u2019en faisant des offrandes pour que soit annonc\u00e9e au monde entier la nouvelle de son prochain retour ? \u00bb<a id=\"_ednref14\" href=\"https:\/\/adventistreview.org\/experiences\/heritage\/christ-at-the-center\/#_edn14\"><sup>[14]<\/sup><\/a><\/p>\n<hr class=\"wp-block-separator has-alpha-channel-opacity\" \/>\n<p><a id=\"_edn1\" href=\"https:\/\/adventistreview.org\/experiences\/heritage\/christ-at-the-center\/#_ednref1\"><sup>[1]<\/sup><\/a>\u00a0Ellen G. White, dans\u00a0<em>Review and Herald<\/em>, 17 Dec. 1889<em>.<\/em><\/p>\n<p><a id=\"_edn2\" href=\"https:\/\/adventistreview.org\/experiences\/heritage\/christ-at-the-center\/#_ednref2\"><sup>[2]<\/sup><\/a>\u00a0Ellen G. White, \u201cChristmas Is Coming,\u201d\u00a0<em>Review and Herald<\/em>, Dec. 9, 1884.<\/p>\n<p><a id=\"_edn3\" href=\"https:\/\/adventistreview.org\/experiences\/heritage\/christ-at-the-center\/#_ednref3\"><sup>[3]<\/sup><\/a>\u00a0<em>Ibid<\/em>.<\/p>\n<p><a id=\"_edn4\" href=\"https:\/\/adventistreview.org\/experiences\/heritage\/christ-at-the-center\/#_ednref4\"><sup>[4]<\/sup><\/a>\u00a0Ellen G. White,\u00a0<em>The Adventist Home<\/em>\u00a0(Nashville: Southern Pub. Assn., 1952), p. 482.<\/p>\n<p><a id=\"_edn5\" href=\"https:\/\/adventistreview.org\/experiences\/heritage\/christ-at-the-center\/#_ednref5\"><sup>[5]<\/sup><\/a>\u00a0<em>Ibid.<\/em><\/p>\n<p><a id=\"_edn6\" href=\"https:\/\/adventistreview.org\/experiences\/heritage\/christ-at-the-center\/#_ednref6\"><sup>[6]<\/sup><\/a>\u00a0Ellen G. White \u00e0 Lucinda Hall, 19 Dec. 1873 (lettre 29, 1873).<\/p>\n<p><a id=\"_edn7\" href=\"https:\/\/adventistreview.org\/experiences\/heritage\/christ-at-the-center\/#_ednref7\"><sup>[7]<\/sup><\/a>\u00a0Ellen G. White, dans\u00a0<em>Review and Herald<\/em>, 11 Dec. 1879.<\/p>\n<p><a id=\"_edn8\" href=\"https:\/\/adventistreview.org\/experiences\/heritage\/christ-at-the-center\/#_ednref8\"><sup>[8]<\/sup><\/a>\u00a0E. G. White,\u00a0<em>The Adventist Home<\/em>, p. 482.<\/p>\n<p><a id=\"_edn9\" href=\"https:\/\/adventistreview.org\/experiences\/heritage\/christ-at-the-center\/#_ednref9\"><sup>[9]<\/sup><\/a>\u00a0Ellen G. White, dans\u00a0<em>Review and Herald<\/em>, 15 Dec. 1885.<\/p>\n<p><a id=\"_edn10\" href=\"https:\/\/adventistreview.org\/experiences\/heritage\/christ-at-the-center\/#_ednref10\"><sup>[10]<\/sup><\/a>\u00a0<em>Ibid.<\/em><\/p>\n<p><a id=\"_edn11\" href=\"https:\/\/adventistreview.org\/experiences\/heritage\/christ-at-the-center\/#_ednref11\"><sup>[11]<\/sup><\/a>\u00a0Ellen G. White, dans\u00a0<em>Review and Herald<\/em>, 11 Dec. 1888.<\/p>\n<p><a id=\"_edn12\" href=\"https:\/\/adventistreview.org\/experiences\/heritage\/christ-at-the-center\/#_ednref12\"><sup>[12]<\/sup><\/a>\u00a0Ellen G. White manuscript 89, 1893.<\/p>\n<p><a id=\"_edn13\" href=\"https:\/\/adventistreview.org\/experiences\/heritage\/christ-at-the-center\/#_ednref13\"><sup>[13]<\/sup><\/a>\u00a0Ellen G. White,\u00a0<em>Manuscript Releases<\/em>\u00a0(Silver Spring, Md: Ellen G. White Estate, 1993), vol. 14, pp. 318-321<em>.<\/em><\/p>\n<p><a id=\"_edn14\" href=\"https:\/\/adventistreview.org\/experiences\/heritage\/christ-at-the-center\/#_ednref14\"><sup>[14]<\/sup><\/a>\u00a0Ellen G. White, dans\u00a0<em>Review and Herald<\/em>, 6 Dec. 1887.<\/p>\n<\/div>\n<div id=\"social-share\" class=\"c-content-single__social-share\"><\/div>\n<div class=\"c-content-single__author\">\n<div class=\"c-content-single__author-wrap\">\n<div class=\"c-content-single__bio\">\n<p><em><strong>Anna Galeniece est directrice adjointe du Ellen G. White Estate \u00e0 Silver Spring, dans le Maryland.<\/strong><\/em><\/p>\n<\/div>\n<\/div>\n<\/div>\n<p>Traduction: Patrick Luciathe<\/p>\n","protected":false},"excerpt":{"rendered":"<p>La position d\u2019Ellen White sur No\u00ebl 16 D\u00e9cembre 2025 | Siler Spring, Maryland, \u00c9tats-Unis | Anna Galeniece Dans la culture o\u00f9 j\u2019ai grandi, No\u00ebl n\u2019\u00e9tait pas c\u00e9l\u00e9br\u00e9, en partie \u00e0&#8230;<\/p>\n","protected":false},"author":3,"featured_media":136956,"comment_status":"closed","ping_status":"closed","sticky":false,"template":"","format":"standard","meta":{"_acf_changed":false,"footnotes":""},"categories":[18,19],"tags":[],"class_list":["post-136955","post","type-post","status-publish","format-standard","has-post-thumbnail","hentry","category-nouvelles-de-leglise-mondiale","category-rss-francais"],"acf":[],"yoast_head":"<!-- This site is optimized with the Yoast SEO plugin v27.3 - https:\/\/yoast.com\/product\/yoast-seo-wordpress\/ -->\n<title>Christ au centre - \u00c9glise Adventiste Du Septieme Jour - Inter Am\u00e9rique Division<\/title>\n<meta name=\"robots\" content=\"index, follow, max-snippet:-1, max-image-preview:large, max-video-preview:-1\" \/>\n<link rel=\"canonical\" href=\"https:\/\/interamerica.org\/fr\/2025\/12\/christ-au-centre\/\" \/>\n<meta property=\"og:locale\" content=\"fr_FR\" \/>\n<meta property=\"og:type\" content=\"article\" \/>\n<meta property=\"og:title\" content=\"Christ au centre - \u00c9glise Adventiste Du Septieme Jour - Inter Am\u00e9rique Division\" \/>\n<meta property=\"og:description\" content=\"La position d\u2019Ellen White sur No\u00ebl 16 D\u00e9cembre 2025 | Siler Spring, Maryland, \u00c9tats-Unis | Anna Galeniece Dans la culture o\u00f9 j\u2019ai grandi, No\u00ebl n\u2019\u00e9tait pas c\u00e9l\u00e9br\u00e9, en partie \u00e0...\" \/>\n<meta property=\"og:url\" content=\"https:\/\/interamerica.org\/fr\/2025\/12\/christ-au-centre\/\" \/>\n<meta property=\"og:site_name\" content=\"\u00c9glise Adventiste Du Septieme Jour - Inter Am\u00e9rique Division\" \/>\n<meta property=\"article:published_time\" content=\"2025-12-17T01:42:03+00:00\" \/>\n<meta property=\"article:modified_time\" content=\"2025-12-17T15:59:24+00:00\" \/>\n<meta property=\"og:image\" content=\"https:\/\/interamerica.org\/wp-content\/uploads\/2025\/12\/18-ar12galeniece25-600x0-c-default.jpg\" \/>\n\t<meta property=\"og:image:width\" content=\"600\" \/>\n\t<meta property=\"og:image:height\" content=\"400\" \/>\n\t<meta property=\"og:image:type\" content=\"image\/jpeg\" \/>\n<meta name=\"author\" content=\"libna\" \/>\n<meta name=\"twitter:card\" content=\"summary_large_image\" \/>\n<meta name=\"twitter:label1\" content=\"\u00c9crit par\" \/>\n\t<meta name=\"twitter:data1\" content=\"libna\" \/>\n\t<meta name=\"twitter:label2\" content=\"Dur\u00e9e de lecture estim\u00e9e\" \/>\n\t<meta name=\"twitter:data2\" content=\"7 minutes\" \/>\n<script type=\"application\/ld+json\" class=\"yoast-schema-graph\">{\"@context\":\"https:\\\/\\\/schema.org\",\"@graph\":[{\"@type\":\"Article\",\"@id\":\"https:\\\/\\\/interamerica.org\\\/fr\\\/2025\\\/12\\\/christ-au-centre\\\/#article\",\"isPartOf\":{\"@id\":\"https:\\\/\\\/interamerica.org\\\/fr\\\/2025\\\/12\\\/christ-au-centre\\\/\"},\"author\":{\"name\":\"libna\",\"@id\":\"https:\\\/\\\/interamerica.org\\\/fr\\\/#\\\/schema\\\/person\\\/29998f2bc2d8bd0d38662909289b54f1\"},\"headline\":\"Christ au centre\",\"datePublished\":\"2025-12-17T01:42:03+00:00\",\"dateModified\":\"2025-12-17T15:59:24+00:00\",\"mainEntityOfPage\":{\"@id\":\"https:\\\/\\\/interamerica.org\\\/fr\\\/2025\\\/12\\\/christ-au-centre\\\/\"},\"wordCount\":1467,\"image\":{\"@id\":\"https:\\\/\\\/interamerica.org\\\/fr\\\/2025\\\/12\\\/christ-au-centre\\\/#primaryimage\"},\"thumbnailUrl\":\"https:\\\/\\\/interamerica.org\\\/wp-content\\\/uploads\\\/2025\\\/12\\\/18-ar12galeniece25-600x0-c-default.jpg\",\"articleSection\":[\"Nouvelles de l'\u00c9glise mondiale\",\"RSS Fran\u00e7ais\"],\"inLanguage\":\"fr-FR\"},{\"@type\":\"WebPage\",\"@id\":\"https:\\\/\\\/interamerica.org\\\/fr\\\/2025\\\/12\\\/christ-au-centre\\\/\",\"url\":\"https:\\\/\\\/interamerica.org\\\/fr\\\/2025\\\/12\\\/christ-au-centre\\\/\",\"name\":\"Christ au centre - \u00c9glise Adventiste Du Septieme Jour - Inter Am\u00e9rique Division\",\"isPartOf\":{\"@id\":\"https:\\\/\\\/interamerica.org\\\/fr\\\/#website\"},\"primaryImageOfPage\":{\"@id\":\"https:\\\/\\\/interamerica.org\\\/fr\\\/2025\\\/12\\\/christ-au-centre\\\/#primaryimage\"},\"image\":{\"@id\":\"https:\\\/\\\/interamerica.org\\\/fr\\\/2025\\\/12\\\/christ-au-centre\\\/#primaryimage\"},\"thumbnailUrl\":\"https:\\\/\\\/interamerica.org\\\/wp-content\\\/uploads\\\/2025\\\/12\\\/18-ar12galeniece25-600x0-c-default.jpg\",\"datePublished\":\"2025-12-17T01:42:03+00:00\",\"dateModified\":\"2025-12-17T15:59:24+00:00\",\"author\":{\"@id\":\"https:\\\/\\\/interamerica.org\\\/fr\\\/#\\\/schema\\\/person\\\/29998f2bc2d8bd0d38662909289b54f1\"},\"breadcrumb\":{\"@id\":\"https:\\\/\\\/interamerica.org\\\/fr\\\/2025\\\/12\\\/christ-au-centre\\\/#breadcrumb\"},\"inLanguage\":\"fr-FR\",\"potentialAction\":[{\"@type\":\"ReadAction\",\"target\":[\"https:\\\/\\\/interamerica.org\\\/fr\\\/2025\\\/12\\\/christ-au-centre\\\/\"]}]},{\"@type\":\"ImageObject\",\"inLanguage\":\"fr-FR\",\"@id\":\"https:\\\/\\\/interamerica.org\\\/fr\\\/2025\\\/12\\\/christ-au-centre\\\/#primaryimage\",\"url\":\"https:\\\/\\\/interamerica.org\\\/wp-content\\\/uploads\\\/2025\\\/12\\\/18-ar12galeniece25-600x0-c-default.jpg\",\"contentUrl\":\"https:\\\/\\\/interamerica.org\\\/wp-content\\\/uploads\\\/2025\\\/12\\\/18-ar12galeniece25-600x0-c-default.jpg\",\"width\":600,\"height\":400,\"caption\":\"[Photo: Photo de Andrik Langfield \\\/ Unsplash]\"},{\"@type\":\"BreadcrumbList\",\"@id\":\"https:\\\/\\\/interamerica.org\\\/fr\\\/2025\\\/12\\\/christ-au-centre\\\/#breadcrumb\",\"itemListElement\":[{\"@type\":\"ListItem\",\"position\":1,\"name\":\"Home\",\"item\":\"https:\\\/\\\/interamerica.org\\\/fr\\\/\"},{\"@type\":\"ListItem\",\"position\":2,\"name\":\"Christ au centre\"}]},{\"@type\":\"WebSite\",\"@id\":\"https:\\\/\\\/interamerica.org\\\/fr\\\/#website\",\"url\":\"https:\\\/\\\/interamerica.org\\\/fr\\\/\",\"name\":\"\u00c9glise Adventiste Du Septieme Jour - Inter Am\u00e9rique Division\",\"description\":\"\",\"potentialAction\":[{\"@type\":\"SearchAction\",\"target\":{\"@type\":\"EntryPoint\",\"urlTemplate\":\"https:\\\/\\\/interamerica.org\\\/fr\\\/?s={search_term_string}\"},\"query-input\":{\"@type\":\"PropertyValueSpecification\",\"valueRequired\":true,\"valueName\":\"search_term_string\"}}],\"inLanguage\":\"fr-FR\"},{\"@type\":\"Person\",\"@id\":\"https:\\\/\\\/interamerica.org\\\/fr\\\/#\\\/schema\\\/person\\\/29998f2bc2d8bd0d38662909289b54f1\",\"name\":\"libna\",\"image\":{\"@type\":\"ImageObject\",\"inLanguage\":\"fr-FR\",\"@id\":\"https:\\\/\\\/secure.gravatar.com\\\/avatar\\\/7c5bd30ae4b47a9ba3c856590957fd1d96dc588bf3ac05719d247e126840331f?s=96&d=mm&r=g\",\"url\":\"https:\\\/\\\/secure.gravatar.com\\\/avatar\\\/7c5bd30ae4b47a9ba3c856590957fd1d96dc588bf3ac05719d247e126840331f?s=96&d=mm&r=g\",\"contentUrl\":\"https:\\\/\\\/secure.gravatar.com\\\/avatar\\\/7c5bd30ae4b47a9ba3c856590957fd1d96dc588bf3ac05719d247e126840331f?s=96&d=mm&r=g\",\"caption\":\"libna\"}}]}<\/script>\n<!-- \/ Yoast SEO plugin. -->","yoast_head_json":{"title":"Christ au centre - \u00c9glise Adventiste Du Septieme Jour - Inter Am\u00e9rique Division","robots":{"index":"index","follow":"follow","max-snippet":"max-snippet:-1","max-image-preview":"max-image-preview:large","max-video-preview":"max-video-preview:-1"},"canonical":"https:\/\/interamerica.org\/fr\/2025\/12\/christ-au-centre\/","og_locale":"fr_FR","og_type":"article","og_title":"Christ au centre - \u00c9glise Adventiste Du Septieme Jour - Inter Am\u00e9rique Division","og_description":"La position d\u2019Ellen White sur No\u00ebl 16 D\u00e9cembre 2025 | Siler Spring, Maryland, \u00c9tats-Unis | Anna Galeniece Dans la culture o\u00f9 j\u2019ai grandi, No\u00ebl n\u2019\u00e9tait pas c\u00e9l\u00e9br\u00e9, en partie \u00e0...","og_url":"https:\/\/interamerica.org\/fr\/2025\/12\/christ-au-centre\/","og_site_name":"\u00c9glise Adventiste Du Septieme Jour - Inter Am\u00e9rique Division","article_published_time":"2025-12-17T01:42:03+00:00","article_modified_time":"2025-12-17T15:59:24+00:00","og_image":[{"width":600,"height":400,"url":"https:\/\/interamerica.org\/wp-content\/uploads\/2025\/12\/18-ar12galeniece25-600x0-c-default.jpg","type":"image\/jpeg"}],"author":"libna","twitter_card":"summary_large_image","twitter_misc":{"\u00c9crit par":"libna","Dur\u00e9e de lecture estim\u00e9e":"7 minutes"},"schema":{"@context":"https:\/\/schema.org","@graph":[{"@type":"Article","@id":"https:\/\/interamerica.org\/fr\/2025\/12\/christ-au-centre\/#article","isPartOf":{"@id":"https:\/\/interamerica.org\/fr\/2025\/12\/christ-au-centre\/"},"author":{"name":"libna","@id":"https:\/\/interamerica.org\/fr\/#\/schema\/person\/29998f2bc2d8bd0d38662909289b54f1"},"headline":"Christ au centre","datePublished":"2025-12-17T01:42:03+00:00","dateModified":"2025-12-17T15:59:24+00:00","mainEntityOfPage":{"@id":"https:\/\/interamerica.org\/fr\/2025\/12\/christ-au-centre\/"},"wordCount":1467,"image":{"@id":"https:\/\/interamerica.org\/fr\/2025\/12\/christ-au-centre\/#primaryimage"},"thumbnailUrl":"https:\/\/interamerica.org\/wp-content\/uploads\/2025\/12\/18-ar12galeniece25-600x0-c-default.jpg","articleSection":["Nouvelles de l'\u00c9glise mondiale","RSS Fran\u00e7ais"],"inLanguage":"fr-FR"},{"@type":"WebPage","@id":"https:\/\/interamerica.org\/fr\/2025\/12\/christ-au-centre\/","url":"https:\/\/interamerica.org\/fr\/2025\/12\/christ-au-centre\/","name":"Christ au centre - \u00c9glise Adventiste Du Septieme Jour - Inter Am\u00e9rique Division","isPartOf":{"@id":"https:\/\/interamerica.org\/fr\/#website"},"primaryImageOfPage":{"@id":"https:\/\/interamerica.org\/fr\/2025\/12\/christ-au-centre\/#primaryimage"},"image":{"@id":"https:\/\/interamerica.org\/fr\/2025\/12\/christ-au-centre\/#primaryimage"},"thumbnailUrl":"https:\/\/interamerica.org\/wp-content\/uploads\/2025\/12\/18-ar12galeniece25-600x0-c-default.jpg","datePublished":"2025-12-17T01:42:03+00:00","dateModified":"2025-12-17T15:59:24+00:00","author":{"@id":"https:\/\/interamerica.org\/fr\/#\/schema\/person\/29998f2bc2d8bd0d38662909289b54f1"},"breadcrumb":{"@id":"https:\/\/interamerica.org\/fr\/2025\/12\/christ-au-centre\/#breadcrumb"},"inLanguage":"fr-FR","potentialAction":[{"@type":"ReadAction","target":["https:\/\/interamerica.org\/fr\/2025\/12\/christ-au-centre\/"]}]},{"@type":"ImageObject","inLanguage":"fr-FR","@id":"https:\/\/interamerica.org\/fr\/2025\/12\/christ-au-centre\/#primaryimage","url":"https:\/\/interamerica.org\/wp-content\/uploads\/2025\/12\/18-ar12galeniece25-600x0-c-default.jpg","contentUrl":"https:\/\/interamerica.org\/wp-content\/uploads\/2025\/12\/18-ar12galeniece25-600x0-c-default.jpg","width":600,"height":400,"caption":"[Photo: Photo de Andrik Langfield \/ Unsplash]"},{"@type":"BreadcrumbList","@id":"https:\/\/interamerica.org\/fr\/2025\/12\/christ-au-centre\/#breadcrumb","itemListElement":[{"@type":"ListItem","position":1,"name":"Home","item":"https:\/\/interamerica.org\/fr\/"},{"@type":"ListItem","position":2,"name":"Christ au centre"}]},{"@type":"WebSite","@id":"https:\/\/interamerica.org\/fr\/#website","url":"https:\/\/interamerica.org\/fr\/","name":"\u00c9glise Adventiste Du Septieme Jour - Inter Am\u00e9rique Division","description":"","potentialAction":[{"@type":"SearchAction","target":{"@type":"EntryPoint","urlTemplate":"https:\/\/interamerica.org\/fr\/?s={search_term_string}"},"query-input":{"@type":"PropertyValueSpecification","valueRequired":true,"valueName":"search_term_string"}}],"inLanguage":"fr-FR"},{"@type":"Person","@id":"https:\/\/interamerica.org\/fr\/#\/schema\/person\/29998f2bc2d8bd0d38662909289b54f1","name":"libna","image":{"@type":"ImageObject","inLanguage":"fr-FR","@id":"https:\/\/secure.gravatar.com\/avatar\/7c5bd30ae4b47a9ba3c856590957fd1d96dc588bf3ac05719d247e126840331f?s=96&d=mm&r=g","url":"https:\/\/secure.gravatar.com\/avatar\/7c5bd30ae4b47a9ba3c856590957fd1d96dc588bf3ac05719d247e126840331f?s=96&d=mm&r=g","contentUrl":"https:\/\/secure.gravatar.com\/avatar\/7c5bd30ae4b47a9ba3c856590957fd1d96dc588bf3ac05719d247e126840331f?s=96&d=mm&r=g","caption":"libna"}}]}},"_links":{"self":[{"href":"https:\/\/interamerica.org\/fr\/wp-json\/wp\/v2\/posts\/136955","targetHints":{"allow":["GET"]}}],"collection":[{"href":"https:\/\/interamerica.org\/fr\/wp-json\/wp\/v2\/posts"}],"about":[{"href":"https:\/\/interamerica.org\/fr\/wp-json\/wp\/v2\/types\/post"}],"author":[{"embeddable":true,"href":"https:\/\/interamerica.org\/fr\/wp-json\/wp\/v2\/users\/3"}],"replies":[{"embeddable":true,"href":"https:\/\/interamerica.org\/fr\/wp-json\/wp\/v2\/comments?post=136955"}],"version-history":[{"count":1,"href":"https:\/\/interamerica.org\/fr\/wp-json\/wp\/v2\/posts\/136955\/revisions"}],"predecessor-version":[{"id":136973,"href":"https:\/\/interamerica.org\/fr\/wp-json\/wp\/v2\/posts\/136955\/revisions\/136973"}],"wp:featuredmedia":[{"embeddable":true,"href":"https:\/\/interamerica.org\/fr\/wp-json\/wp\/v2\/media\/136956"}],"wp:attachment":[{"href":"https:\/\/interamerica.org\/fr\/wp-json\/wp\/v2\/media?parent=136955"}],"wp:term":[{"taxonomy":"category","embeddable":true,"href":"https:\/\/interamerica.org\/fr\/wp-json\/wp\/v2\/categories?post=136955"},{"taxonomy":"post_tag","embeddable":true,"href":"https:\/\/interamerica.org\/fr\/wp-json\/wp\/v2\/tags?post=136955"}],"curies":[{"name":"wp","href":"https:\/\/api.w.org\/{rel}","templated":true}]}}