{"id":13696,"date":"2011-11-30T00:00:00","date_gmt":"2011-11-30T04:00:00","guid":{"rendered":"http:\/\/192.81.217.108\/interamerica\/2011\/11\/adra-se-joint-a-la-journee-mondiale-de-lutte-contre-le-sida\/"},"modified":"2017-06-02T13:00:04","modified_gmt":"2017-06-02T17:00:04","slug":"adra-se-joint-a-la-journee-mondiale-de-lutte-contre-le-sida","status":"publish","type":"post","link":"https:\/\/interamerica.org\/fr\/2011\/11\/adra-se-joint-a-la-journee-mondiale-de-lutte-contre-le-sida\/","title":{"rendered":"ADRA se joint \u00e0 la Journ\u00e9e Mondiale de Lutte contre le SIDA"},"content":{"rendered":"<p>29 Novembre 12011, Silver Spring, Maryland, Etats Unis&#8230;Christina Zaiback\/ADRA\/ANN <\/p>\n<p>L&#39;Agence Adventiste de D\u00e9veloppement et de Secours (ADRA) se pr\u00e9pare \u00e0 comm\u00e9morer la Journ\u00e9e Mondiale du SIDA le 1<sup >er<\/sup > D\u00e9cembre, se joignant ainsi \u00e0 des milliers de personnes \u00e0 travers le monde soutenant le th\u00e8me de cette ann\u00e9e, \u00ab Arriver \u00e0 Z\u00e9ro. Z\u00e9ro Nouvelle Infection par le VIH. Z\u00e9ro Discrimination et Z\u00e9ro D\u00e9c\u00e8s Caus\u00e9s par le SIDA. \u00bb <\/p>\n<p>Gr\u00e2ce aux ressources interactives en ligne d&#39;ADRA, ceux qui soutiennent la cause se voient proposer des moyens de contribuer \u00e0 l&#39;\u00e9radication de la maladie, et aussi d&#39;\u00e9duquer et de promouvoir la prise de conscience aupr\u00e8s des autres. <\/p>\n<p>Ces ressources incluent un Guide de la Journ\u00e9e Mondiale du SIDA qui comprend des t\u00e9moignages venant de personnes qui vivent avec le VIH\/SIDA, des faits importants ainsi que des informations visant \u00e0 \u00e9liminer les mythes et les st\u00e9r\u00e9otypes  relatifs au VIH\/SIDA, un bulletin d&#39;information et un encart \u00e0 placer dans les programmes distribu\u00e9s \u00e0 l&#39;\u00e9glise, une annonce \u00e0 faire en chaire, et un poster qui peut \u00eatre utilis\u00e9 pour favoriser la prise de conscience au sujet de la Journ\u00e9e Mondiale du SIDA dans les \u00e9glises locales, les \u00e9coles, les centres communautaires et les entreprises. <\/p>\n<p>Les personnes qui soutiennent peuvent \u00e9galement r\u00e9clamer une copie du Catalogue ADRA 2011 des Pr\u00e9sents Vraiment Utiles  qui comprend une collection de projets de d\u00e9veloppement, y compris des initiatives sur le VIH et le SIDA que les institutions et les individus peuvent soutenir avec leurs dons. <\/p>\n<p>Plus de 33 millions de personnes dans le monde vivent avec le VIH. De ce nombre, on estime que 2,5 millions sont des enfants \u00e2g\u00e9s de moins de 15 ans. <\/p>\n<p>La Journ\u00e9e Mondiale du SIDA qui a \u00e9t\u00e9 mise en place par l&#39;Organisation Mondiale de la Sant\u00e9 et l&#39;Assembl\u00e9e G\u00e9n\u00e9rale des Nations Unies en 1988, a amen\u00e9 une plus grande prise de conscience au sujet de la maladie, la lutte contre les id\u00e9es pr\u00e9con\u00e7ues, et a aid\u00e9 \u00e0 une meilleure compr\u00e9hension \u00e0 travers le monde. <\/p>\n<p>ADRA est une organisation non gouvernementale mondiale qui propose le d\u00e9veloppement communautaire durable et l&#39;intervention humanitaire lors des catastrophes sans consid\u00e9ration d&#39;affiliation politique ou religieuse, d&#39;\u00e2ge, de sexe, de race ou d&#39;ethnicit\u00e9. <\/p>\n<p>Pour en savoir plus visitez <a  href=\"http:\/\/www.adra.org\/\">www.adra.org<\/a > <\/p>\n<p><em >Traducteur: Patrick Luciathe <\/em ><br  \/><\/p>\n","protected":false},"excerpt":{"rendered":"<p>L&#39;AgenceAdventiste de D\u00e9veloppement et de Secours (ADRA) se pr\u00e9pare \u00e0 comm\u00e9morer laJourn\u00e9e Mondiale du SIDA le 1er D\u00e9cembre, se joignant ainsi \u00e0 desmilliers de personnes \u00e0 travers le mo<\/p>\n","protected":false},"author":1,"featured_media":0,"comment_status":"closed","ping_status":"closed","sticky":false,"template":"","format":"standard","meta":{"_acf_changed":false,"footnotes":""},"categories":[9],"tags":[],"class_list":["post-13696","post","type-post","status-publish","format-standard","hentry","category-archive-fr"],"acf":[],"yoast_head":"<!-- This site is optimized with the Yoast SEO plugin v27.3 - https:\/\/yoast.com\/product\/yoast-seo-wordpress\/ -->\n<title>ADRA se joint \u00e0 la Journ\u00e9e Mondiale de Lutte contre le SIDA - \u00c9glise Adventiste Du Septieme Jour - Inter Am\u00e9rique Division<\/title>\n<meta name=\"robots\" content=\"index, follow, max-snippet:-1, max-image-preview:large, max-video-preview:-1\" \/>\n<link rel=\"canonical\" href=\"https:\/\/interamerica.org\/fr\/2011\/11\/adra-se-joint-a-la-journee-mondiale-de-lutte-contre-le-sida\/\" \/>\n<meta property=\"og:locale\" content=\"fr_FR\" \/>\n<meta property=\"og:type\" content=\"article\" \/>\n<meta property=\"og:title\" content=\"ADRA se joint \u00e0 la Journ\u00e9e Mondiale de Lutte contre le SIDA - \u00c9glise Adventiste Du Septieme Jour - Inter Am\u00e9rique Division\" \/>\n<meta property=\"og:description\" content=\"L&#039;AgenceAdventiste de D\u00e9veloppement et de Secours (ADRA) se pr\u00e9pare \u00e0 comm\u00e9morer laJourn\u00e9e Mondiale du SIDA le 1er D\u00e9cembre, se joignant ainsi \u00e0 desmilliers de personnes \u00e0 travers le mo\" \/>\n<meta property=\"og:url\" content=\"https:\/\/interamerica.org\/fr\/2011\/11\/adra-se-joint-a-la-journee-mondiale-de-lutte-contre-le-sida\/\" \/>\n<meta property=\"og:site_name\" content=\"\u00c9glise Adventiste Du Septieme Jour - Inter Am\u00e9rique Division\" \/>\n<meta property=\"article:published_time\" content=\"2011-11-30T04:00:00+00:00\" \/>\n<meta property=\"article:modified_time\" content=\"2017-06-02T17:00:04+00:00\" \/>\n<meta name=\"author\" content=\"Lorenzo Verduzco\" \/>\n<meta name=\"twitter:card\" content=\"summary_large_image\" \/>\n<meta name=\"twitter:label1\" content=\"\u00c9crit par\" \/>\n\t<meta name=\"twitter:data1\" content=\"Lorenzo Verduzco\" \/>\n\t<meta name=\"twitter:label2\" content=\"Dur\u00e9e de lecture estim\u00e9e\" \/>\n\t<meta name=\"twitter:data2\" content=\"2 minutes\" \/>\n<script type=\"application\/ld+json\" class=\"yoast-schema-graph\">{\"@context\":\"https:\\\/\\\/schema.org\",\"@graph\":[{\"@type\":\"Article\",\"@id\":\"https:\\\/\\\/interamerica.org\\\/fr\\\/2011\\\/11\\\/adra-se-joint-a-la-journee-mondiale-de-lutte-contre-le-sida\\\/#article\",\"isPartOf\":{\"@id\":\"https:\\\/\\\/interamerica.org\\\/fr\\\/2011\\\/11\\\/adra-se-joint-a-la-journee-mondiale-de-lutte-contre-le-sida\\\/\"},\"author\":{\"name\":\"Lorenzo Verduzco\",\"@id\":\"https:\\\/\\\/interamerica.org\\\/fr\\\/#\\\/schema\\\/person\\\/68ede8bdc292885bb76c1e3810e73c39\"},\"headline\":\"ADRA se joint \u00e0 la Journ\u00e9e Mondiale de Lutte contre le SIDA\",\"datePublished\":\"2011-11-30T04:00:00+00:00\",\"dateModified\":\"2017-06-02T17:00:04+00:00\",\"mainEntityOfPage\":{\"@id\":\"https:\\\/\\\/interamerica.org\\\/fr\\\/2011\\\/11\\\/adra-se-joint-a-la-journee-mondiale-de-lutte-contre-le-sida\\\/\"},\"wordCount\":417,\"articleSection\":[\"Archive\"],\"inLanguage\":\"fr-FR\"},{\"@type\":\"WebPage\",\"@id\":\"https:\\\/\\\/interamerica.org\\\/fr\\\/2011\\\/11\\\/adra-se-joint-a-la-journee-mondiale-de-lutte-contre-le-sida\\\/\",\"url\":\"https:\\\/\\\/interamerica.org\\\/fr\\\/2011\\\/11\\\/adra-se-joint-a-la-journee-mondiale-de-lutte-contre-le-sida\\\/\",\"name\":\"ADRA se joint \u00e0 la Journ\u00e9e Mondiale de Lutte contre le SIDA - \u00c9glise Adventiste Du Septieme Jour - Inter Am\u00e9rique Division\",\"isPartOf\":{\"@id\":\"https:\\\/\\\/interamerica.org\\\/fr\\\/#website\"},\"datePublished\":\"2011-11-30T04:00:00+00:00\",\"dateModified\":\"2017-06-02T17:00:04+00:00\",\"author\":{\"@id\":\"https:\\\/\\\/interamerica.org\\\/fr\\\/#\\\/schema\\\/person\\\/68ede8bdc292885bb76c1e3810e73c39\"},\"breadcrumb\":{\"@id\":\"https:\\\/\\\/interamerica.org\\\/fr\\\/2011\\\/11\\\/adra-se-joint-a-la-journee-mondiale-de-lutte-contre-le-sida\\\/#breadcrumb\"},\"inLanguage\":\"fr-FR\",\"potentialAction\":[{\"@type\":\"ReadAction\",\"target\":[\"https:\\\/\\\/interamerica.org\\\/fr\\\/2011\\\/11\\\/adra-se-joint-a-la-journee-mondiale-de-lutte-contre-le-sida\\\/\"]}]},{\"@type\":\"BreadcrumbList\",\"@id\":\"https:\\\/\\\/interamerica.org\\\/fr\\\/2011\\\/11\\\/adra-se-joint-a-la-journee-mondiale-de-lutte-contre-le-sida\\\/#breadcrumb\",\"itemListElement\":[{\"@type\":\"ListItem\",\"position\":1,\"name\":\"Home\",\"item\":\"https:\\\/\\\/interamerica.org\\\/fr\\\/\"},{\"@type\":\"ListItem\",\"position\":2,\"name\":\"ADRA se joint \u00e0 la Journ\u00e9e Mondiale de Lutte contre le SIDA\"}]},{\"@type\":\"WebSite\",\"@id\":\"https:\\\/\\\/interamerica.org\\\/fr\\\/#website\",\"url\":\"https:\\\/\\\/interamerica.org\\\/fr\\\/\",\"name\":\"\u00c9glise Adventiste Du Septieme Jour - Inter Am\u00e9rique Division\",\"description\":\"\",\"potentialAction\":[{\"@type\":\"SearchAction\",\"target\":{\"@type\":\"EntryPoint\",\"urlTemplate\":\"https:\\\/\\\/interamerica.org\\\/fr\\\/?s={search_term_string}\"},\"query-input\":{\"@type\":\"PropertyValueSpecification\",\"valueRequired\":true,\"valueName\":\"search_term_string\"}}],\"inLanguage\":\"fr-FR\"},{\"@type\":\"Person\",\"@id\":\"https:\\\/\\\/interamerica.org\\\/fr\\\/#\\\/schema\\\/person\\\/68ede8bdc292885bb76c1e3810e73c39\",\"name\":\"Lorenzo Verduzco\",\"image\":{\"@type\":\"ImageObject\",\"inLanguage\":\"fr-FR\",\"@id\":\"https:\\\/\\\/secure.gravatar.com\\\/avatar\\\/fb81a55b6218459490a9c1dc841a34909185b81904c5337b4b27f7a6fd60c49e?s=96&d=mm&r=g\",\"url\":\"https:\\\/\\\/secure.gravatar.com\\\/avatar\\\/fb81a55b6218459490a9c1dc841a34909185b81904c5337b4b27f7a6fd60c49e?s=96&d=mm&r=g\",\"contentUrl\":\"https:\\\/\\\/secure.gravatar.com\\\/avatar\\\/fb81a55b6218459490a9c1dc841a34909185b81904c5337b4b27f7a6fd60c49e?s=96&d=mm&r=g\",\"caption\":\"Lorenzo Verduzco\"}}]}<\/script>\n<!-- \/ Yoast SEO plugin. -->","yoast_head_json":{"title":"ADRA se joint \u00e0 la Journ\u00e9e Mondiale de Lutte contre le SIDA - \u00c9glise Adventiste Du Septieme Jour - Inter Am\u00e9rique Division","robots":{"index":"index","follow":"follow","max-snippet":"max-snippet:-1","max-image-preview":"max-image-preview:large","max-video-preview":"max-video-preview:-1"},"canonical":"https:\/\/interamerica.org\/fr\/2011\/11\/adra-se-joint-a-la-journee-mondiale-de-lutte-contre-le-sida\/","og_locale":"fr_FR","og_type":"article","og_title":"ADRA se joint \u00e0 la Journ\u00e9e Mondiale de Lutte contre le SIDA - \u00c9glise Adventiste Du Septieme Jour - Inter Am\u00e9rique Division","og_description":"L&#39;AgenceAdventiste de D\u00e9veloppement et de Secours (ADRA) se pr\u00e9pare \u00e0 comm\u00e9morer laJourn\u00e9e Mondiale du SIDA le 1er D\u00e9cembre, se joignant ainsi \u00e0 desmilliers de personnes \u00e0 travers le mo","og_url":"https:\/\/interamerica.org\/fr\/2011\/11\/adra-se-joint-a-la-journee-mondiale-de-lutte-contre-le-sida\/","og_site_name":"\u00c9glise Adventiste Du Septieme Jour - Inter Am\u00e9rique Division","article_published_time":"2011-11-30T04:00:00+00:00","article_modified_time":"2017-06-02T17:00:04+00:00","author":"Lorenzo Verduzco","twitter_card":"summary_large_image","twitter_misc":{"\u00c9crit par":"Lorenzo Verduzco","Dur\u00e9e de lecture estim\u00e9e":"2 minutes"},"schema":{"@context":"https:\/\/schema.org","@graph":[{"@type":"Article","@id":"https:\/\/interamerica.org\/fr\/2011\/11\/adra-se-joint-a-la-journee-mondiale-de-lutte-contre-le-sida\/#article","isPartOf":{"@id":"https:\/\/interamerica.org\/fr\/2011\/11\/adra-se-joint-a-la-journee-mondiale-de-lutte-contre-le-sida\/"},"author":{"name":"Lorenzo Verduzco","@id":"https:\/\/interamerica.org\/fr\/#\/schema\/person\/68ede8bdc292885bb76c1e3810e73c39"},"headline":"ADRA se joint \u00e0 la Journ\u00e9e Mondiale de Lutte contre le SIDA","datePublished":"2011-11-30T04:00:00+00:00","dateModified":"2017-06-02T17:00:04+00:00","mainEntityOfPage":{"@id":"https:\/\/interamerica.org\/fr\/2011\/11\/adra-se-joint-a-la-journee-mondiale-de-lutte-contre-le-sida\/"},"wordCount":417,"articleSection":["Archive"],"inLanguage":"fr-FR"},{"@type":"WebPage","@id":"https:\/\/interamerica.org\/fr\/2011\/11\/adra-se-joint-a-la-journee-mondiale-de-lutte-contre-le-sida\/","url":"https:\/\/interamerica.org\/fr\/2011\/11\/adra-se-joint-a-la-journee-mondiale-de-lutte-contre-le-sida\/","name":"ADRA se joint \u00e0 la Journ\u00e9e Mondiale de Lutte contre le SIDA - \u00c9glise Adventiste Du Septieme Jour - Inter Am\u00e9rique Division","isPartOf":{"@id":"https:\/\/interamerica.org\/fr\/#website"},"datePublished":"2011-11-30T04:00:00+00:00","dateModified":"2017-06-02T17:00:04+00:00","author":{"@id":"https:\/\/interamerica.org\/fr\/#\/schema\/person\/68ede8bdc292885bb76c1e3810e73c39"},"breadcrumb":{"@id":"https:\/\/interamerica.org\/fr\/2011\/11\/adra-se-joint-a-la-journee-mondiale-de-lutte-contre-le-sida\/#breadcrumb"},"inLanguage":"fr-FR","potentialAction":[{"@type":"ReadAction","target":["https:\/\/interamerica.org\/fr\/2011\/11\/adra-se-joint-a-la-journee-mondiale-de-lutte-contre-le-sida\/"]}]},{"@type":"BreadcrumbList","@id":"https:\/\/interamerica.org\/fr\/2011\/11\/adra-se-joint-a-la-journee-mondiale-de-lutte-contre-le-sida\/#breadcrumb","itemListElement":[{"@type":"ListItem","position":1,"name":"Home","item":"https:\/\/interamerica.org\/fr\/"},{"@type":"ListItem","position":2,"name":"ADRA se joint \u00e0 la Journ\u00e9e Mondiale de Lutte contre le SIDA"}]},{"@type":"WebSite","@id":"https:\/\/interamerica.org\/fr\/#website","url":"https:\/\/interamerica.org\/fr\/","name":"\u00c9glise Adventiste Du Septieme Jour - Inter Am\u00e9rique Division","description":"","potentialAction":[{"@type":"SearchAction","target":{"@type":"EntryPoint","urlTemplate":"https:\/\/interamerica.org\/fr\/?s={search_term_string}"},"query-input":{"@type":"PropertyValueSpecification","valueRequired":true,"valueName":"search_term_string"}}],"inLanguage":"fr-FR"},{"@type":"Person","@id":"https:\/\/interamerica.org\/fr\/#\/schema\/person\/68ede8bdc292885bb76c1e3810e73c39","name":"Lorenzo Verduzco","image":{"@type":"ImageObject","inLanguage":"fr-FR","@id":"https:\/\/secure.gravatar.com\/avatar\/fb81a55b6218459490a9c1dc841a34909185b81904c5337b4b27f7a6fd60c49e?s=96&d=mm&r=g","url":"https:\/\/secure.gravatar.com\/avatar\/fb81a55b6218459490a9c1dc841a34909185b81904c5337b4b27f7a6fd60c49e?s=96&d=mm&r=g","contentUrl":"https:\/\/secure.gravatar.com\/avatar\/fb81a55b6218459490a9c1dc841a34909185b81904c5337b4b27f7a6fd60c49e?s=96&d=mm&r=g","caption":"Lorenzo Verduzco"}}]}},"_links":{"self":[{"href":"https:\/\/interamerica.org\/fr\/wp-json\/wp\/v2\/posts\/13696","targetHints":{"allow":["GET"]}}],"collection":[{"href":"https:\/\/interamerica.org\/fr\/wp-json\/wp\/v2\/posts"}],"about":[{"href":"https:\/\/interamerica.org\/fr\/wp-json\/wp\/v2\/types\/post"}],"author":[{"embeddable":true,"href":"https:\/\/interamerica.org\/fr\/wp-json\/wp\/v2\/users\/1"}],"replies":[{"embeddable":true,"href":"https:\/\/interamerica.org\/fr\/wp-json\/wp\/v2\/comments?post=13696"}],"version-history":[{"count":0,"href":"https:\/\/interamerica.org\/fr\/wp-json\/wp\/v2\/posts\/13696\/revisions"}],"wp:attachment":[{"href":"https:\/\/interamerica.org\/fr\/wp-json\/wp\/v2\/media?parent=13696"}],"wp:term":[{"taxonomy":"category","embeddable":true,"href":"https:\/\/interamerica.org\/fr\/wp-json\/wp\/v2\/categories?post=13696"},{"taxonomy":"post_tag","embeddable":true,"href":"https:\/\/interamerica.org\/fr\/wp-json\/wp\/v2\/tags?post=13696"}],"curies":[{"name":"wp","href":"https:\/\/api.w.org\/{rel}","templated":true}]}}