{"id":13700,"date":"2011-12-05T00:00:00","date_gmt":"2011-12-05T04:00:00","guid":{"rendered":"http:\/\/192.81.217.108\/interamerica\/2011\/12\/inter-amerique-les-nouveaux-administrateurs-regionaux-debutent-leur-formation-en-leadership\/"},"modified":"2017-06-02T13:00:01","modified_gmt":"2017-06-02T17:00:01","slug":"inter-amerique-les-nouveaux-administrateurs-regionaux-debutent-leur-formation-en-leadership","status":"publish","type":"post","link":"https:\/\/interamerica.org\/fr\/2011\/12\/inter-amerique-les-nouveaux-administrateurs-regionaux-debutent-leur-formation-en-leadership\/","title":{"rendered":"Inter Am\u00e9rique : Les nouveaux administrateurs r\u00e9gionaux d\u00e9butent leur formation en leadership"},"content":{"rendered":"<p>5 D\u00e9cembre 2011 &#8211; Miami, Floride, Etats Unis&#8230;Libna Stevens\/DIA <\/p>\n<p>\u00ab Le leadership n&#39;est pas un droit, c&#39;est un privil\u00e8ge que nous a donn\u00e9 Dieu, \u00bb a d\u00e9clar\u00e9 aujourd&#39;hui le pr\u00e9sident de l&#39;Eglise Adventiste du Septi\u00e8me jour en Inter Am\u00e9rique, pasteur Isra\u00ebl Leito alors qu&#39;il s&#39;adressait \u00e0 plus de 50 administrateurs nouvellement \u00e9lus lors d&#39;une conf\u00e9rence sur le leadership tenue au si\u00e8ge de l&#39;\u00e9glise \u00e0 Miami en Floride. <\/p>\n<p>Le message de pasteur Leito bas\u00e9 sur le texte de Josu\u00e9 7 :1 a trouv\u00e9 un \u00e9cho chez les nouveaux leaders qu&#39;il a invit\u00e9s \u00e0 servir humblement dans leurs nouvelles positions. <\/p>\n<p>\u00ab Vous \u00eates ici mes fr\u00e8res parce que nous voulons vous \u00ab d\u00e9gonfler \u00bb. Nous voulons que vos pieds touchent le sol, et que vous r\u00e9alisiez que Dieu nous accorde une opportunit\u00e9 en nous utilisant \u00e0 la direction de son \u00e9glise, \u00bb a-t-il ajout\u00e9. <\/p>\n<p>C&#39;est pour cette mission qui consiste \u00e0 diriger l&#39;\u00e9glise avec la bonne combinaison de connaissance et de comp\u00e9tences spirituelles, techniques, intellectuelles et interpersonnelles afin d&#39;accomplir les devoirs inh\u00e9rents \u00e0 leurs positions administratives que cette formation en leadership a \u00e9t\u00e9 organis\u00e9e, a dit pasteur Balvin Braham, directeur des Ressources Humaines et coordinateur du d\u00e9veloppement du leadership pour l&#39;\u00e9glise Adventiste en Inter Am\u00e9rique. <\/p>\n<p>C&#39;est une organisation religieuse, donc bien que nous nous consid\u00e9rions des perspectives d&#39;entreprise au niveau du leadership organisationnel, nous sommes compl\u00e8tement concern\u00e9s par l&#39;\u00e9l\u00e9ment foi, ainsi que la dynamique que l&#39;on retrouve dans le leadership et qui permet de fonctionner efficacement dans les soci\u00e9t\u00e9s s\u00e9culi\u00e8res, mais aussi qui pr\u00e9pare \u00e0 ce qu&#39;Ellen White appelle \u2018la joie plus grande encore du vaste service qui attend dans le monde \u00e0 venir, \u00bb a dit pasteur Braham. <\/p>\n<p>Les nouveaux administrateurs ont particip\u00e9 \u00e0 un certain nombre de s\u00e9minaires et d&#39;exercices d&#39;\u00e9tude de cas alors qu&#39;ils \u00e9tablissaient des r\u00e9seaux entre eux et recevaient des instructions quant \u00e0 leurs responsabilit\u00e9s envers les diff\u00e9rents niveaux de l&#39;organisation, et aussi au sujet des questions l\u00e9gales concernant les relations avec les employ\u00e9s, des questions strat\u00e9giques et ils ont \u00e9t\u00e9 aussi invit\u00e9s \u00e0 renforcer l&#39;implication dans la mission au niveau des \u00e9glises et groupes. <\/p>\n<p>Pasteur Mike Ryan, vice-pr\u00e9sident de l&#39;\u00e9glise Adventiste mondiale, a invit\u00e9 les pasteurs \u00e0 faire de la mission de proclamation de l&#39;\u00e9vangile dans les r\u00e9gions non encore p\u00e9n\u00e9tr\u00e9es, une priorit\u00e9. <\/p>\n<p>\u00ab La mission est quelque chose que nous en tant que leaders d\u00e9sirons accomplir, pas quelque chose que nous ressentons comme une corv\u00e9e, \u00bb a dit pasteur Ryan. Il a de plus invit\u00e9 les administrateurs \u00e0 \u00eatre proactifs lorsqu&#39;il s&#39;agit d&#39;offrir des opportunit\u00e9s qui conduisent les membres \u00e0 utiliser leurs dons et talents. <\/p>\n<p>\u00ab Notre \u00e9glise a d\u00e9but\u00e9 avec l&#39;esprit de sacrifice et avec l&#39;esprit d&#39;implication et c&#39;est ainsi que s&#39;ach\u00e8vera l&#39;\u0153uvre, \u00bb a ajout\u00e9 pasteur Ryan. <\/p>\n<p>Cinquante-six pr\u00e9sidents, secr\u00e9taires et tr\u00e9soriers venant de diverses unions, y compris le plus grand groupe comptant 15 personnes venant de l&#39;Union Carib\u00e9enne, huit du Venezuela, et quatre de Cuba, poursuivront la formation en leadership pendant les deux prochains jours. D&#39;autres s\u00e9minaires mettront l&#39;accent entre autres, sur les valeurs \u00e9thiques, la pri\u00e8re et le leadership, la pens\u00e9e strat\u00e9gique, et le fonctionnement efficace au niveau de la pr\u00e9sidence, du secr\u00e9tariat et de la tr\u00e9sorerie. <\/p>\n<p>Pendant plus de cinq ans, la Division Inter Am\u00e9ricaine a organis\u00e9 des dizaines de s\u00e9minaires de formation dans le d\u00e9veloppement du leadership \u00e0 l&#39;attention des administrateurs nouvellement \u00e9lus \u00e0 travers le vaste territoire. <\/p>\n<p>Pour voir les photos du s\u00e9minaire de d\u00e9veloppement du leadership cliquez ici <\/p>\n<p><em >Traducteur: Patrick Luciathe <\/em ><\/p>\n","protected":false},"excerpt":{"rendered":"<p>\u00ab Le leadership n&#39;est pas un droit, c&#39;est un privil\u00e8ge que nous a donn\u00e9 Dieu, \u00bb a d\u00e9clar\u00e9 aujourd&#39;hui le pr\u00e9sident de l&#39;Eglise Adventiste du Septi\u00e8me jour en Inter Am\u00e9rique, pa<\/p>\n","protected":false},"author":1,"featured_media":0,"comment_status":"closed","ping_status":"closed","sticky":false,"template":"","format":"standard","meta":{"_acf_changed":false,"footnotes":""},"categories":[9],"tags":[],"class_list":["post-13700","post","type-post","status-publish","format-standard","hentry","category-archive-fr"],"acf":[],"yoast_head":"<!-- This site is optimized with the Yoast SEO plugin v27.3 - https:\/\/yoast.com\/product\/yoast-seo-wordpress\/ -->\n<title>Inter Am\u00e9rique : Les nouveaux administrateurs r\u00e9gionaux d\u00e9butent leur formation en leadership - \u00c9glise Adventiste Du Septieme Jour - Inter Am\u00e9rique Division<\/title>\n<meta name=\"robots\" content=\"index, follow, max-snippet:-1, max-image-preview:large, max-video-preview:-1\" \/>\n<link rel=\"canonical\" href=\"https:\/\/interamerica.org\/fr\/2011\/12\/inter-amerique-les-nouveaux-administrateurs-regionaux-debutent-leur-formation-en-leadership\/\" \/>\n<meta property=\"og:locale\" content=\"fr_FR\" \/>\n<meta property=\"og:type\" content=\"article\" \/>\n<meta property=\"og:title\" content=\"Inter Am\u00e9rique : Les nouveaux administrateurs r\u00e9gionaux d\u00e9butent leur formation en leadership - \u00c9glise Adventiste Du Septieme Jour - Inter Am\u00e9rique Division\" \/>\n<meta property=\"og:description\" content=\"\u00ab Le leadership n&#039;est pas un droit, c&#039;est un privil\u00e8ge que nous a donn\u00e9 Dieu, \u00bb a d\u00e9clar\u00e9 aujourd&#039;hui le pr\u00e9sident de l&#039;Eglise Adventiste du Septi\u00e8me jour en Inter Am\u00e9rique, pa\" \/>\n<meta property=\"og:url\" content=\"https:\/\/interamerica.org\/fr\/2011\/12\/inter-amerique-les-nouveaux-administrateurs-regionaux-debutent-leur-formation-en-leadership\/\" \/>\n<meta property=\"og:site_name\" content=\"\u00c9glise Adventiste Du Septieme Jour - Inter Am\u00e9rique Division\" \/>\n<meta property=\"article:published_time\" content=\"2011-12-05T04:00:00+00:00\" \/>\n<meta property=\"article:modified_time\" content=\"2017-06-02T17:00:01+00:00\" \/>\n<meta name=\"author\" content=\"Lorenzo Verduzco\" \/>\n<meta name=\"twitter:card\" content=\"summary_large_image\" \/>\n<meta name=\"twitter:label1\" content=\"\u00c9crit par\" \/>\n\t<meta name=\"twitter:data1\" content=\"Lorenzo Verduzco\" \/>\n\t<meta name=\"twitter:label2\" content=\"Dur\u00e9e de lecture estim\u00e9e\" \/>\n\t<meta name=\"twitter:data2\" content=\"3 minutes\" \/>\n<script type=\"application\/ld+json\" class=\"yoast-schema-graph\">{\"@context\":\"https:\\\/\\\/schema.org\",\"@graph\":[{\"@type\":\"Article\",\"@id\":\"https:\\\/\\\/interamerica.org\\\/fr\\\/2011\\\/12\\\/inter-amerique-les-nouveaux-administrateurs-regionaux-debutent-leur-formation-en-leadership\\\/#article\",\"isPartOf\":{\"@id\":\"https:\\\/\\\/interamerica.org\\\/fr\\\/2011\\\/12\\\/inter-amerique-les-nouveaux-administrateurs-regionaux-debutent-leur-formation-en-leadership\\\/\"},\"author\":{\"name\":\"Lorenzo Verduzco\",\"@id\":\"https:\\\/\\\/interamerica.org\\\/fr\\\/#\\\/schema\\\/person\\\/68ede8bdc292885bb76c1e3810e73c39\"},\"headline\":\"Inter Am\u00e9rique : Les nouveaux administrateurs r\u00e9gionaux d\u00e9butent leur formation en leadership\",\"datePublished\":\"2011-12-05T04:00:00+00:00\",\"dateModified\":\"2017-06-02T17:00:01+00:00\",\"mainEntityOfPage\":{\"@id\":\"https:\\\/\\\/interamerica.org\\\/fr\\\/2011\\\/12\\\/inter-amerique-les-nouveaux-administrateurs-regionaux-debutent-leur-formation-en-leadership\\\/\"},\"wordCount\":656,\"articleSection\":[\"Archive\"],\"inLanguage\":\"fr-FR\"},{\"@type\":\"WebPage\",\"@id\":\"https:\\\/\\\/interamerica.org\\\/fr\\\/2011\\\/12\\\/inter-amerique-les-nouveaux-administrateurs-regionaux-debutent-leur-formation-en-leadership\\\/\",\"url\":\"https:\\\/\\\/interamerica.org\\\/fr\\\/2011\\\/12\\\/inter-amerique-les-nouveaux-administrateurs-regionaux-debutent-leur-formation-en-leadership\\\/\",\"name\":\"Inter Am\u00e9rique : Les nouveaux administrateurs r\u00e9gionaux d\u00e9butent leur formation en leadership - \u00c9glise Adventiste Du Septieme Jour - Inter Am\u00e9rique Division\",\"isPartOf\":{\"@id\":\"https:\\\/\\\/interamerica.org\\\/fr\\\/#website\"},\"datePublished\":\"2011-12-05T04:00:00+00:00\",\"dateModified\":\"2017-06-02T17:00:01+00:00\",\"author\":{\"@id\":\"https:\\\/\\\/interamerica.org\\\/fr\\\/#\\\/schema\\\/person\\\/68ede8bdc292885bb76c1e3810e73c39\"},\"breadcrumb\":{\"@id\":\"https:\\\/\\\/interamerica.org\\\/fr\\\/2011\\\/12\\\/inter-amerique-les-nouveaux-administrateurs-regionaux-debutent-leur-formation-en-leadership\\\/#breadcrumb\"},\"inLanguage\":\"fr-FR\",\"potentialAction\":[{\"@type\":\"ReadAction\",\"target\":[\"https:\\\/\\\/interamerica.org\\\/fr\\\/2011\\\/12\\\/inter-amerique-les-nouveaux-administrateurs-regionaux-debutent-leur-formation-en-leadership\\\/\"]}]},{\"@type\":\"BreadcrumbList\",\"@id\":\"https:\\\/\\\/interamerica.org\\\/fr\\\/2011\\\/12\\\/inter-amerique-les-nouveaux-administrateurs-regionaux-debutent-leur-formation-en-leadership\\\/#breadcrumb\",\"itemListElement\":[{\"@type\":\"ListItem\",\"position\":1,\"name\":\"Home\",\"item\":\"https:\\\/\\\/interamerica.org\\\/fr\\\/\"},{\"@type\":\"ListItem\",\"position\":2,\"name\":\"Inter Am\u00e9rique : Les nouveaux administrateurs r\u00e9gionaux d\u00e9butent leur formation en leadership\"}]},{\"@type\":\"WebSite\",\"@id\":\"https:\\\/\\\/interamerica.org\\\/fr\\\/#website\",\"url\":\"https:\\\/\\\/interamerica.org\\\/fr\\\/\",\"name\":\"\u00c9glise Adventiste Du Septieme Jour - Inter Am\u00e9rique Division\",\"description\":\"\",\"potentialAction\":[{\"@type\":\"SearchAction\",\"target\":{\"@type\":\"EntryPoint\",\"urlTemplate\":\"https:\\\/\\\/interamerica.org\\\/fr\\\/?s={search_term_string}\"},\"query-input\":{\"@type\":\"PropertyValueSpecification\",\"valueRequired\":true,\"valueName\":\"search_term_string\"}}],\"inLanguage\":\"fr-FR\"},{\"@type\":\"Person\",\"@id\":\"https:\\\/\\\/interamerica.org\\\/fr\\\/#\\\/schema\\\/person\\\/68ede8bdc292885bb76c1e3810e73c39\",\"name\":\"Lorenzo Verduzco\",\"image\":{\"@type\":\"ImageObject\",\"inLanguage\":\"fr-FR\",\"@id\":\"https:\\\/\\\/secure.gravatar.com\\\/avatar\\\/fb81a55b6218459490a9c1dc841a34909185b81904c5337b4b27f7a6fd60c49e?s=96&d=mm&r=g\",\"url\":\"https:\\\/\\\/secure.gravatar.com\\\/avatar\\\/fb81a55b6218459490a9c1dc841a34909185b81904c5337b4b27f7a6fd60c49e?s=96&d=mm&r=g\",\"contentUrl\":\"https:\\\/\\\/secure.gravatar.com\\\/avatar\\\/fb81a55b6218459490a9c1dc841a34909185b81904c5337b4b27f7a6fd60c49e?s=96&d=mm&r=g\",\"caption\":\"Lorenzo Verduzco\"}}]}<\/script>\n<!-- \/ Yoast SEO plugin. -->","yoast_head_json":{"title":"Inter Am\u00e9rique : Les nouveaux administrateurs r\u00e9gionaux d\u00e9butent leur formation en leadership - \u00c9glise Adventiste Du Septieme Jour - Inter Am\u00e9rique Division","robots":{"index":"index","follow":"follow","max-snippet":"max-snippet:-1","max-image-preview":"max-image-preview:large","max-video-preview":"max-video-preview:-1"},"canonical":"https:\/\/interamerica.org\/fr\/2011\/12\/inter-amerique-les-nouveaux-administrateurs-regionaux-debutent-leur-formation-en-leadership\/","og_locale":"fr_FR","og_type":"article","og_title":"Inter Am\u00e9rique : Les nouveaux administrateurs r\u00e9gionaux d\u00e9butent leur formation en leadership - \u00c9glise Adventiste Du Septieme Jour - Inter Am\u00e9rique Division","og_description":"\u00ab Le leadership n&#39;est pas un droit, c&#39;est un privil\u00e8ge que nous a donn\u00e9 Dieu, \u00bb a d\u00e9clar\u00e9 aujourd&#39;hui le pr\u00e9sident de l&#39;Eglise Adventiste du Septi\u00e8me jour en Inter Am\u00e9rique, pa","og_url":"https:\/\/interamerica.org\/fr\/2011\/12\/inter-amerique-les-nouveaux-administrateurs-regionaux-debutent-leur-formation-en-leadership\/","og_site_name":"\u00c9glise Adventiste Du Septieme Jour - Inter Am\u00e9rique Division","article_published_time":"2011-12-05T04:00:00+00:00","article_modified_time":"2017-06-02T17:00:01+00:00","author":"Lorenzo Verduzco","twitter_card":"summary_large_image","twitter_misc":{"\u00c9crit par":"Lorenzo Verduzco","Dur\u00e9e de lecture estim\u00e9e":"3 minutes"},"schema":{"@context":"https:\/\/schema.org","@graph":[{"@type":"Article","@id":"https:\/\/interamerica.org\/fr\/2011\/12\/inter-amerique-les-nouveaux-administrateurs-regionaux-debutent-leur-formation-en-leadership\/#article","isPartOf":{"@id":"https:\/\/interamerica.org\/fr\/2011\/12\/inter-amerique-les-nouveaux-administrateurs-regionaux-debutent-leur-formation-en-leadership\/"},"author":{"name":"Lorenzo Verduzco","@id":"https:\/\/interamerica.org\/fr\/#\/schema\/person\/68ede8bdc292885bb76c1e3810e73c39"},"headline":"Inter Am\u00e9rique : Les nouveaux administrateurs r\u00e9gionaux d\u00e9butent leur formation en leadership","datePublished":"2011-12-05T04:00:00+00:00","dateModified":"2017-06-02T17:00:01+00:00","mainEntityOfPage":{"@id":"https:\/\/interamerica.org\/fr\/2011\/12\/inter-amerique-les-nouveaux-administrateurs-regionaux-debutent-leur-formation-en-leadership\/"},"wordCount":656,"articleSection":["Archive"],"inLanguage":"fr-FR"},{"@type":"WebPage","@id":"https:\/\/interamerica.org\/fr\/2011\/12\/inter-amerique-les-nouveaux-administrateurs-regionaux-debutent-leur-formation-en-leadership\/","url":"https:\/\/interamerica.org\/fr\/2011\/12\/inter-amerique-les-nouveaux-administrateurs-regionaux-debutent-leur-formation-en-leadership\/","name":"Inter Am\u00e9rique : Les nouveaux administrateurs r\u00e9gionaux d\u00e9butent leur formation en leadership - \u00c9glise Adventiste Du Septieme Jour - Inter Am\u00e9rique Division","isPartOf":{"@id":"https:\/\/interamerica.org\/fr\/#website"},"datePublished":"2011-12-05T04:00:00+00:00","dateModified":"2017-06-02T17:00:01+00:00","author":{"@id":"https:\/\/interamerica.org\/fr\/#\/schema\/person\/68ede8bdc292885bb76c1e3810e73c39"},"breadcrumb":{"@id":"https:\/\/interamerica.org\/fr\/2011\/12\/inter-amerique-les-nouveaux-administrateurs-regionaux-debutent-leur-formation-en-leadership\/#breadcrumb"},"inLanguage":"fr-FR","potentialAction":[{"@type":"ReadAction","target":["https:\/\/interamerica.org\/fr\/2011\/12\/inter-amerique-les-nouveaux-administrateurs-regionaux-debutent-leur-formation-en-leadership\/"]}]},{"@type":"BreadcrumbList","@id":"https:\/\/interamerica.org\/fr\/2011\/12\/inter-amerique-les-nouveaux-administrateurs-regionaux-debutent-leur-formation-en-leadership\/#breadcrumb","itemListElement":[{"@type":"ListItem","position":1,"name":"Home","item":"https:\/\/interamerica.org\/fr\/"},{"@type":"ListItem","position":2,"name":"Inter Am\u00e9rique : Les nouveaux administrateurs r\u00e9gionaux d\u00e9butent leur formation en leadership"}]},{"@type":"WebSite","@id":"https:\/\/interamerica.org\/fr\/#website","url":"https:\/\/interamerica.org\/fr\/","name":"\u00c9glise Adventiste Du Septieme Jour - Inter Am\u00e9rique Division","description":"","potentialAction":[{"@type":"SearchAction","target":{"@type":"EntryPoint","urlTemplate":"https:\/\/interamerica.org\/fr\/?s={search_term_string}"},"query-input":{"@type":"PropertyValueSpecification","valueRequired":true,"valueName":"search_term_string"}}],"inLanguage":"fr-FR"},{"@type":"Person","@id":"https:\/\/interamerica.org\/fr\/#\/schema\/person\/68ede8bdc292885bb76c1e3810e73c39","name":"Lorenzo Verduzco","image":{"@type":"ImageObject","inLanguage":"fr-FR","@id":"https:\/\/secure.gravatar.com\/avatar\/fb81a55b6218459490a9c1dc841a34909185b81904c5337b4b27f7a6fd60c49e?s=96&d=mm&r=g","url":"https:\/\/secure.gravatar.com\/avatar\/fb81a55b6218459490a9c1dc841a34909185b81904c5337b4b27f7a6fd60c49e?s=96&d=mm&r=g","contentUrl":"https:\/\/secure.gravatar.com\/avatar\/fb81a55b6218459490a9c1dc841a34909185b81904c5337b4b27f7a6fd60c49e?s=96&d=mm&r=g","caption":"Lorenzo Verduzco"}}]}},"_links":{"self":[{"href":"https:\/\/interamerica.org\/fr\/wp-json\/wp\/v2\/posts\/13700","targetHints":{"allow":["GET"]}}],"collection":[{"href":"https:\/\/interamerica.org\/fr\/wp-json\/wp\/v2\/posts"}],"about":[{"href":"https:\/\/interamerica.org\/fr\/wp-json\/wp\/v2\/types\/post"}],"author":[{"embeddable":true,"href":"https:\/\/interamerica.org\/fr\/wp-json\/wp\/v2\/users\/1"}],"replies":[{"embeddable":true,"href":"https:\/\/interamerica.org\/fr\/wp-json\/wp\/v2\/comments?post=13700"}],"version-history":[{"count":0,"href":"https:\/\/interamerica.org\/fr\/wp-json\/wp\/v2\/posts\/13700\/revisions"}],"wp:attachment":[{"href":"https:\/\/interamerica.org\/fr\/wp-json\/wp\/v2\/media?parent=13700"}],"wp:term":[{"taxonomy":"category","embeddable":true,"href":"https:\/\/interamerica.org\/fr\/wp-json\/wp\/v2\/categories?post=13700"},{"taxonomy":"post_tag","embeddable":true,"href":"https:\/\/interamerica.org\/fr\/wp-json\/wp\/v2\/tags?post=13700"}],"curies":[{"name":"wp","href":"https:\/\/api.w.org\/{rel}","templated":true}]}}