{"id":13716,"date":"2012-01-19T00:00:00","date_gmt":"2012-01-19T04:00:00","guid":{"rendered":"http:\/\/192.81.217.108\/interamerica\/2012\/01\/leglise-adventiste-mondiale-marque-les-cent-ans-de-communication-de-la-denomination\/"},"modified":"2017-06-02T12:59:53","modified_gmt":"2017-06-02T16:59:53","slug":"leglise-adventiste-mondiale-marque-les-cent-ans-de-communication-de-la-denomination","status":"publish","type":"post","link":"https:\/\/interamerica.org\/fr\/2012\/01\/leglise-adventiste-mondiale-marque-les-cent-ans-de-communication-de-la-denomination\/","title":{"rendered":"L&#39;Eglise Adventiste mondiale marque les cent ans de communication de la d\u00e9nomination"},"content":{"rendered":"<p>19 Janvier 2012 &#8211; Silver Spring, Maryland, Etsts Unis&#8230;ANN <\/p>\n<p>L&#39;Eglise Adventiste du Septi\u00e8me jour c\u00e9l\u00e8bre ce mois-ci les cent ann\u00e9es du minist\u00e8re des relations publiques de la d\u00e9nomination. <\/p>\n<p>L&#39;anniversaire de ce centenaire du premier ouvrier de relations publiques pour l&#39;Eglise Adventiste met en lumi\u00e8re le besoin continuel pour l&#39;\u00e9glise d&#39;avoir des journalistes et des professionnels des relations publiques dans ses bureaux administratifs \u00e0 travers le monde. <\/p>\n<p>Les responsables de l&#39;\u00e9glise se sont souvenus aujourd&#39;hui de l&#39;embauche par la d\u00e9nomination d&#39;un reporter du Baltimore Sun en 1912 pour mettre en place le service presse de l&#39;\u00e9glise. La d\u00e9cision avait fait de l&#39;\u00e9glise Adventiste la premi\u00e8re \u00e9glise Protestante \u00e0 organiser un programme officiel de relations publiques. <\/p>\n<p>Ce reporter, Walter Burgan, a servi en tant que directeur du Service de Presse jusqu&#39;\u00e0 sa mort en 1940. Le Service de Presse a \u00e9volu\u00e9 plus tard pour devenir aujourd&#39;hui le d\u00e9partement des Communications, \u00e0 la fois au si\u00e8ge de l&#39;\u00e9glise mondiale et aussi dans les bureaux administratifs locaux \u00e0 travers le monde. <\/p>\n<p>\u00ab Tout comme ces administrateurs de l&#39;\u00e9glise il y a cent ans, il nous faut continuer \u00e0 \u00eatre \u00e0 l&#39;avant-garde des tendances de communication aujourd&#39;hui, \u00bb  a indiqu\u00e9 le directeur des Communications de l&#39;\u00e9glise mondiale, William Costa, \u00e0 un auditoire compos\u00e9 des principaux responsables de l&#39;\u00e9glise et d&#39;employ\u00e9s du si\u00e8ge de l&#39;\u00e9glise mondiale. <\/p>\n<p>\u00ab Dans beaucoup d&#39;endroits \u00e0 travers le monde, nous avons des gens qualifi\u00e9s qui font parvenir notre message dans les m\u00e9dias. Nous pouvons faire encore plus \u00e0  tous les niveaux de l&#39;administration dans le monde entier. Quand nous sommes efficaces dans notre communication au niveau de la d\u00e9nomination, le public nous comprend mieux et nous sommes plus proches en tant qu&#39;\u00e9glise \u00e0 l&#39;\u00e9chelle mondiale, \u00bb a encore dit William Costa. <\/p>\n<p>Lors de la c\u00e9r\u00e9monie du 19 janvier, l&#39;historien de l&#39;\u00e9glise, David Trim, a retrac\u00e9 l&#39;histoire du minist\u00e8re des communications Adventiste. L&#39;embauche de Burgan par l&#39;\u00e9glise l&#39;a plac\u00e9e au-devant des relations publiques religieuses.  <\/p>\n<p>\u00ab Aujourd&#39;hui nous ferions bien de repenser \u00e0 cette d\u00e9cision, d&#39;examiner pourquoi on a eu besoin de [Burgan], pourquoi est-ce que c&#39;est lui en particulier qui a \u00e9t\u00e9 embauch\u00e9, et comment le fait de raviver cette tradition \u00e0 tous les niveaux de la d\u00e9nomination peut renforcer notre unit\u00e9 et notre mission, \u00bb a d\u00e9clar\u00e9 David Trim. <\/p>\n<p>Dans les ann\u00e9es 40 et 50, l&#39;Eglise Adventiste est rest\u00e9e aux commandes de la communication religieuse, a dit David Trim. Le directeur de communication J.R. Ferren \u00ab a travaill\u00e9 de mani\u00e8re infatigable \u00bb pendant les ann\u00e9es 1940 afin de convaincre les bureaux administratifs de l&#39;\u00e9glise d&#39;embaucher des professionnels qualifi\u00e9s et en 1956, le directeur des communications Howard B. Weeks a \u00e9crit \u00ab Breakthrough : A Public Relations Guidebook for your Church \u00bb (<em >Derni\u00e8re minute : Un Guide de relations Publiques pour votre Eglise<\/em >). C&#39;\u00e9tait un livre qui a fait date dans le domaine des relations publiques religieuses. Il a \u00e9t\u00e9 largement utilis\u00e9 par les d\u00e9nominations Chr\u00e9tiennes \u00e0 l&#39;\u00e9poque car elles cherchaient \u00e0 booster leur pr\u00e9sence sur la sc\u00e8ne publique. <\/p>\n<p>Les premi\u00e8res incursions de l&#39;\u00e9glise dans les relations publiques ont eu du succ\u00e8s en grande partie parce que les dirigeants de l&#39;\u00e9glise ont embauch\u00e9 des professionnels qualifi\u00e9s pour modeler le message et l&#39;image de l&#39;\u00e9glise, a indiqu\u00e9 David Trim. <\/p>\n<p>De m\u00eame aujourd&#39;hui, si vous voulez faire de l&#39;\u00e9vang\u00e9lisation aupr\u00e8s des hispanophones, il vous faut embaucher quelqu&#39;un qui parle espagnol. Et c&#39;est la m\u00eame chose pour les autres types d&#39;actions \u00e9vang\u00e9liques &#8211; si vous voulez faire de l&#39;\u00e9vang\u00e9lisation par les m\u00e9dias, il vous embaucher quelqu&#39;un qui parle ce langage et comprend cette culture, \u00bb a-t-il ajout\u00e9. <\/p>\n<p>David Trim a fait remarquer que m\u00eame la co-fondatrice de l&#39;\u00e9glise Ellen G. White a invit\u00e9 instamment les premiers Adventistes \u00e0 tirer profit de la presse et des agences de publicit\u00e9 pour \u00ab attirer l&#39;attention sur l&#39;\u0153uvre. \u00bb <\/p>\n<p>\u00ab La nature et l&#39;importance de notre \u0153uvre sont jug\u00e9es selon les efforts que nous faisons pour la porter \u00e0 la connaissance du public, \u00bb \u00e9crivait Ellen White. \u00ab Si ces efforts sont timides, nous donnerons aux gens l&#39;impression que notre message ne vaut pas la peine qu&#39;on y pr\u00eate attention \u00bb (<em >Evang\u00e9liser p. 123<\/em >). <\/p>\n<p>Le vice-pr\u00e9sident de l&#39;\u00e9glise Adventiste mondiale, Ben Schoun, qui a fait la pri\u00e8re \u00e0 la fin de la c\u00e9r\u00e9monie a invit\u00e9 les dirigeants d&#39;\u00e9glise \u00e0 travers le monde \u00e0 combiner leurs efforts. Une emphase mise sur la communication globale contribuera \u00e0 consolider la famille de l&#39;\u00e9glise mondiale et soutiendra la proclamation continue de l&#39;Esp\u00e9rance Adventiste, a-t-il dit. <\/p>\n<p><em >Traducteur: Patrick Luciathe <\/em ><br  \/><\/p>\n","protected":false},"excerpt":{"rendered":"<p>L&#39;Eglise Adventiste du Septi\u00e8me jour c\u00e9l\u00e8bre ce mois-ci lescent ann\u00e9es du minist\u00e8re des relations publiques de la d\u00e9nomination.<\/p>\n","protected":false},"author":1,"featured_media":0,"comment_status":"closed","ping_status":"closed","sticky":false,"template":"","format":"standard","meta":{"_acf_changed":false,"footnotes":""},"categories":[9],"tags":[],"class_list":["post-13716","post","type-post","status-publish","format-standard","hentry","category-archive-fr"],"acf":[],"yoast_head":"<!-- This site is optimized with the Yoast SEO plugin v27.3 - https:\/\/yoast.com\/product\/yoast-seo-wordpress\/ -->\n<title>L&#039;Eglise Adventiste mondiale marque les cent ans de communication de la d\u00e9nomination - \u00c9glise Adventiste Du Septieme Jour - Inter Am\u00e9rique Division<\/title>\n<meta name=\"robots\" content=\"index, follow, max-snippet:-1, max-image-preview:large, max-video-preview:-1\" \/>\n<link rel=\"canonical\" href=\"https:\/\/interamerica.org\/fr\/2012\/01\/leglise-adventiste-mondiale-marque-les-cent-ans-de-communication-de-la-denomination\/\" \/>\n<meta property=\"og:locale\" content=\"fr_FR\" \/>\n<meta property=\"og:type\" content=\"article\" \/>\n<meta property=\"og:title\" content=\"L&#039;Eglise Adventiste mondiale marque les cent ans de communication de la d\u00e9nomination - \u00c9glise Adventiste Du Septieme Jour - Inter Am\u00e9rique Division\" \/>\n<meta property=\"og:description\" content=\"L&#039;Eglise Adventiste du Septi\u00e8me jour c\u00e9l\u00e8bre ce mois-ci lescent ann\u00e9es du minist\u00e8re des relations publiques de la d\u00e9nomination.\" \/>\n<meta property=\"og:url\" content=\"https:\/\/interamerica.org\/fr\/2012\/01\/leglise-adventiste-mondiale-marque-les-cent-ans-de-communication-de-la-denomination\/\" \/>\n<meta property=\"og:site_name\" content=\"\u00c9glise Adventiste Du Septieme Jour - Inter Am\u00e9rique Division\" \/>\n<meta property=\"article:published_time\" content=\"2012-01-19T04:00:00+00:00\" \/>\n<meta property=\"article:modified_time\" content=\"2017-06-02T16:59:53+00:00\" \/>\n<meta name=\"author\" content=\"Lorenzo Verduzco\" \/>\n<meta name=\"twitter:card\" content=\"summary_large_image\" \/>\n<meta name=\"twitter:label1\" content=\"\u00c9crit par\" \/>\n\t<meta name=\"twitter:data1\" content=\"Lorenzo Verduzco\" \/>\n\t<meta name=\"twitter:label2\" content=\"Dur\u00e9e de lecture estim\u00e9e\" \/>\n\t<meta name=\"twitter:data2\" content=\"4 minutes\" \/>\n<script type=\"application\/ld+json\" class=\"yoast-schema-graph\">{\"@context\":\"https:\\\/\\\/schema.org\",\"@graph\":[{\"@type\":\"Article\",\"@id\":\"https:\\\/\\\/interamerica.org\\\/fr\\\/2012\\\/01\\\/leglise-adventiste-mondiale-marque-les-cent-ans-de-communication-de-la-denomination\\\/#article\",\"isPartOf\":{\"@id\":\"https:\\\/\\\/interamerica.org\\\/fr\\\/2012\\\/01\\\/leglise-adventiste-mondiale-marque-les-cent-ans-de-communication-de-la-denomination\\\/\"},\"author\":{\"name\":\"Lorenzo Verduzco\",\"@id\":\"https:\\\/\\\/interamerica.org\\\/fr\\\/#\\\/schema\\\/person\\\/68ede8bdc292885bb76c1e3810e73c39\"},\"headline\":\"L&#39;Eglise Adventiste mondiale marque les cent ans de communication de la d\u00e9nomination\",\"datePublished\":\"2012-01-19T04:00:00+00:00\",\"dateModified\":\"2017-06-02T16:59:53+00:00\",\"mainEntityOfPage\":{\"@id\":\"https:\\\/\\\/interamerica.org\\\/fr\\\/2012\\\/01\\\/leglise-adventiste-mondiale-marque-les-cent-ans-de-communication-de-la-denomination\\\/\"},\"wordCount\":824,\"articleSection\":[\"Archive\"],\"inLanguage\":\"fr-FR\"},{\"@type\":\"WebPage\",\"@id\":\"https:\\\/\\\/interamerica.org\\\/fr\\\/2012\\\/01\\\/leglise-adventiste-mondiale-marque-les-cent-ans-de-communication-de-la-denomination\\\/\",\"url\":\"https:\\\/\\\/interamerica.org\\\/fr\\\/2012\\\/01\\\/leglise-adventiste-mondiale-marque-les-cent-ans-de-communication-de-la-denomination\\\/\",\"name\":\"L&#39;Eglise Adventiste mondiale marque les cent ans de communication de la d\u00e9nomination - \u00c9glise Adventiste Du Septieme Jour - Inter Am\u00e9rique Division\",\"isPartOf\":{\"@id\":\"https:\\\/\\\/interamerica.org\\\/fr\\\/#website\"},\"datePublished\":\"2012-01-19T04:00:00+00:00\",\"dateModified\":\"2017-06-02T16:59:53+00:00\",\"author\":{\"@id\":\"https:\\\/\\\/interamerica.org\\\/fr\\\/#\\\/schema\\\/person\\\/68ede8bdc292885bb76c1e3810e73c39\"},\"breadcrumb\":{\"@id\":\"https:\\\/\\\/interamerica.org\\\/fr\\\/2012\\\/01\\\/leglise-adventiste-mondiale-marque-les-cent-ans-de-communication-de-la-denomination\\\/#breadcrumb\"},\"inLanguage\":\"fr-FR\",\"potentialAction\":[{\"@type\":\"ReadAction\",\"target\":[\"https:\\\/\\\/interamerica.org\\\/fr\\\/2012\\\/01\\\/leglise-adventiste-mondiale-marque-les-cent-ans-de-communication-de-la-denomination\\\/\"]}]},{\"@type\":\"BreadcrumbList\",\"@id\":\"https:\\\/\\\/interamerica.org\\\/fr\\\/2012\\\/01\\\/leglise-adventiste-mondiale-marque-les-cent-ans-de-communication-de-la-denomination\\\/#breadcrumb\",\"itemListElement\":[{\"@type\":\"ListItem\",\"position\":1,\"name\":\"Home\",\"item\":\"https:\\\/\\\/interamerica.org\\\/fr\\\/\"},{\"@type\":\"ListItem\",\"position\":2,\"name\":\"L&#39;Eglise Adventiste mondiale marque les cent ans de communication de la d\u00e9nomination\"}]},{\"@type\":\"WebSite\",\"@id\":\"https:\\\/\\\/interamerica.org\\\/fr\\\/#website\",\"url\":\"https:\\\/\\\/interamerica.org\\\/fr\\\/\",\"name\":\"\u00c9glise Adventiste Du Septieme Jour - Inter Am\u00e9rique Division\",\"description\":\"\",\"potentialAction\":[{\"@type\":\"SearchAction\",\"target\":{\"@type\":\"EntryPoint\",\"urlTemplate\":\"https:\\\/\\\/interamerica.org\\\/fr\\\/?s={search_term_string}\"},\"query-input\":{\"@type\":\"PropertyValueSpecification\",\"valueRequired\":true,\"valueName\":\"search_term_string\"}}],\"inLanguage\":\"fr-FR\"},{\"@type\":\"Person\",\"@id\":\"https:\\\/\\\/interamerica.org\\\/fr\\\/#\\\/schema\\\/person\\\/68ede8bdc292885bb76c1e3810e73c39\",\"name\":\"Lorenzo Verduzco\",\"image\":{\"@type\":\"ImageObject\",\"inLanguage\":\"fr-FR\",\"@id\":\"https:\\\/\\\/secure.gravatar.com\\\/avatar\\\/fb81a55b6218459490a9c1dc841a34909185b81904c5337b4b27f7a6fd60c49e?s=96&d=mm&r=g\",\"url\":\"https:\\\/\\\/secure.gravatar.com\\\/avatar\\\/fb81a55b6218459490a9c1dc841a34909185b81904c5337b4b27f7a6fd60c49e?s=96&d=mm&r=g\",\"contentUrl\":\"https:\\\/\\\/secure.gravatar.com\\\/avatar\\\/fb81a55b6218459490a9c1dc841a34909185b81904c5337b4b27f7a6fd60c49e?s=96&d=mm&r=g\",\"caption\":\"Lorenzo Verduzco\"}}]}<\/script>\n<!-- \/ Yoast SEO plugin. -->","yoast_head_json":{"title":"L&#39;Eglise Adventiste mondiale marque les cent ans de communication de la d\u00e9nomination - \u00c9glise Adventiste Du Septieme Jour - Inter Am\u00e9rique Division","robots":{"index":"index","follow":"follow","max-snippet":"max-snippet:-1","max-image-preview":"max-image-preview:large","max-video-preview":"max-video-preview:-1"},"canonical":"https:\/\/interamerica.org\/fr\/2012\/01\/leglise-adventiste-mondiale-marque-les-cent-ans-de-communication-de-la-denomination\/","og_locale":"fr_FR","og_type":"article","og_title":"L&#39;Eglise Adventiste mondiale marque les cent ans de communication de la d\u00e9nomination - \u00c9glise Adventiste Du Septieme Jour - Inter Am\u00e9rique Division","og_description":"L&#39;Eglise Adventiste du Septi\u00e8me jour c\u00e9l\u00e8bre ce mois-ci lescent ann\u00e9es du minist\u00e8re des relations publiques de la d\u00e9nomination.","og_url":"https:\/\/interamerica.org\/fr\/2012\/01\/leglise-adventiste-mondiale-marque-les-cent-ans-de-communication-de-la-denomination\/","og_site_name":"\u00c9glise Adventiste Du Septieme Jour - Inter Am\u00e9rique Division","article_published_time":"2012-01-19T04:00:00+00:00","article_modified_time":"2017-06-02T16:59:53+00:00","author":"Lorenzo Verduzco","twitter_card":"summary_large_image","twitter_misc":{"\u00c9crit par":"Lorenzo Verduzco","Dur\u00e9e de lecture estim\u00e9e":"4 minutes"},"schema":{"@context":"https:\/\/schema.org","@graph":[{"@type":"Article","@id":"https:\/\/interamerica.org\/fr\/2012\/01\/leglise-adventiste-mondiale-marque-les-cent-ans-de-communication-de-la-denomination\/#article","isPartOf":{"@id":"https:\/\/interamerica.org\/fr\/2012\/01\/leglise-adventiste-mondiale-marque-les-cent-ans-de-communication-de-la-denomination\/"},"author":{"name":"Lorenzo Verduzco","@id":"https:\/\/interamerica.org\/fr\/#\/schema\/person\/68ede8bdc292885bb76c1e3810e73c39"},"headline":"L&#39;Eglise Adventiste mondiale marque les cent ans de communication de la d\u00e9nomination","datePublished":"2012-01-19T04:00:00+00:00","dateModified":"2017-06-02T16:59:53+00:00","mainEntityOfPage":{"@id":"https:\/\/interamerica.org\/fr\/2012\/01\/leglise-adventiste-mondiale-marque-les-cent-ans-de-communication-de-la-denomination\/"},"wordCount":824,"articleSection":["Archive"],"inLanguage":"fr-FR"},{"@type":"WebPage","@id":"https:\/\/interamerica.org\/fr\/2012\/01\/leglise-adventiste-mondiale-marque-les-cent-ans-de-communication-de-la-denomination\/","url":"https:\/\/interamerica.org\/fr\/2012\/01\/leglise-adventiste-mondiale-marque-les-cent-ans-de-communication-de-la-denomination\/","name":"L&#39;Eglise Adventiste mondiale marque les cent ans de communication de la d\u00e9nomination - \u00c9glise Adventiste Du Septieme Jour - Inter Am\u00e9rique Division","isPartOf":{"@id":"https:\/\/interamerica.org\/fr\/#website"},"datePublished":"2012-01-19T04:00:00+00:00","dateModified":"2017-06-02T16:59:53+00:00","author":{"@id":"https:\/\/interamerica.org\/fr\/#\/schema\/person\/68ede8bdc292885bb76c1e3810e73c39"},"breadcrumb":{"@id":"https:\/\/interamerica.org\/fr\/2012\/01\/leglise-adventiste-mondiale-marque-les-cent-ans-de-communication-de-la-denomination\/#breadcrumb"},"inLanguage":"fr-FR","potentialAction":[{"@type":"ReadAction","target":["https:\/\/interamerica.org\/fr\/2012\/01\/leglise-adventiste-mondiale-marque-les-cent-ans-de-communication-de-la-denomination\/"]}]},{"@type":"BreadcrumbList","@id":"https:\/\/interamerica.org\/fr\/2012\/01\/leglise-adventiste-mondiale-marque-les-cent-ans-de-communication-de-la-denomination\/#breadcrumb","itemListElement":[{"@type":"ListItem","position":1,"name":"Home","item":"https:\/\/interamerica.org\/fr\/"},{"@type":"ListItem","position":2,"name":"L&#39;Eglise Adventiste mondiale marque les cent ans de communication de la d\u00e9nomination"}]},{"@type":"WebSite","@id":"https:\/\/interamerica.org\/fr\/#website","url":"https:\/\/interamerica.org\/fr\/","name":"\u00c9glise Adventiste Du Septieme Jour - Inter Am\u00e9rique Division","description":"","potentialAction":[{"@type":"SearchAction","target":{"@type":"EntryPoint","urlTemplate":"https:\/\/interamerica.org\/fr\/?s={search_term_string}"},"query-input":{"@type":"PropertyValueSpecification","valueRequired":true,"valueName":"search_term_string"}}],"inLanguage":"fr-FR"},{"@type":"Person","@id":"https:\/\/interamerica.org\/fr\/#\/schema\/person\/68ede8bdc292885bb76c1e3810e73c39","name":"Lorenzo Verduzco","image":{"@type":"ImageObject","inLanguage":"fr-FR","@id":"https:\/\/secure.gravatar.com\/avatar\/fb81a55b6218459490a9c1dc841a34909185b81904c5337b4b27f7a6fd60c49e?s=96&d=mm&r=g","url":"https:\/\/secure.gravatar.com\/avatar\/fb81a55b6218459490a9c1dc841a34909185b81904c5337b4b27f7a6fd60c49e?s=96&d=mm&r=g","contentUrl":"https:\/\/secure.gravatar.com\/avatar\/fb81a55b6218459490a9c1dc841a34909185b81904c5337b4b27f7a6fd60c49e?s=96&d=mm&r=g","caption":"Lorenzo Verduzco"}}]}},"_links":{"self":[{"href":"https:\/\/interamerica.org\/fr\/wp-json\/wp\/v2\/posts\/13716","targetHints":{"allow":["GET"]}}],"collection":[{"href":"https:\/\/interamerica.org\/fr\/wp-json\/wp\/v2\/posts"}],"about":[{"href":"https:\/\/interamerica.org\/fr\/wp-json\/wp\/v2\/types\/post"}],"author":[{"embeddable":true,"href":"https:\/\/interamerica.org\/fr\/wp-json\/wp\/v2\/users\/1"}],"replies":[{"embeddable":true,"href":"https:\/\/interamerica.org\/fr\/wp-json\/wp\/v2\/comments?post=13716"}],"version-history":[{"count":0,"href":"https:\/\/interamerica.org\/fr\/wp-json\/wp\/v2\/posts\/13716\/revisions"}],"wp:attachment":[{"href":"https:\/\/interamerica.org\/fr\/wp-json\/wp\/v2\/media?parent=13716"}],"wp:term":[{"taxonomy":"category","embeddable":true,"href":"https:\/\/interamerica.org\/fr\/wp-json\/wp\/v2\/categories?post=13716"},{"taxonomy":"post_tag","embeddable":true,"href":"https:\/\/interamerica.org\/fr\/wp-json\/wp\/v2\/tags?post=13716"}],"curies":[{"name":"wp","href":"https:\/\/api.w.org\/{rel}","templated":true}]}}