{"id":137178,"date":"2025-12-30T02:34:38","date_gmt":"2025-12-30T07:34:38","guid":{"rendered":"https:\/\/interamerica.org\/?p=137178"},"modified":"2026-01-02T10:57:28","modified_gmt":"2026-01-02T15:57:28","slug":"intervention-en-jamaique-a-la-suite-de-louragan-melissa-reflexion-de-lequipe-durgence-dadra","status":"publish","type":"post","link":"https:\/\/interamerica.org\/fr\/2025\/12\/intervention-en-jamaique-a-la-suite-de-louragan-melissa-reflexion-de-lequipe-durgence-dadra\/","title":{"rendered":"Intervention en Jama\u00efque \u00e0 la suite de l\u2019ouragan Melissa : r\u00e9flexion de l\u2019\u00e9quipe d\u2019urgence d\u2019ADRA"},"content":{"rendered":"<p><span style=\"font-weight: 400;\">Le 30 d\u00e9cembre 2025 | Silver Spring, Maryland, \u00c9tats-Unis | Alejandra Lopez,\u00a0 gestionnaire de programme de l\u2019\u00e9quipe d\u2019intervention d\u2019urgence<\/span><\/p>\n<p><span style=\"font-weight: 400;\">L\u2019ouragan Melissa a frapp\u00e9 la Jama\u00efque le 28 octobre 2025 comme une puissante temp\u00eate de cat\u00e9gorie 5 avec des vents soutenus fr\u00f4lant les 300 km\/h, faisant d\u2019elle l\u2019ouragan le plus puissant de l\u2019histoire du pays. La temp\u00eate a caus\u00e9 une destruction g\u00e9n\u00e9ralis\u00e9e dans plusieurs paroisses, surtout dans le sud-ouest, o\u00f9 des maisons, des \u00e9coles et des infrastructures ont \u00e9t\u00e9 gravement endommag\u00e9es. Les rapports officiels ont confirm\u00e9 la mort de 45 personnes alors que de nombreuses autres manquent toujours \u00e0 l\u2019appel et qu\u2019une multitude d\u2019autres encore ont \u00e9t\u00e9 d\u00e9plac\u00e9es dans des abris d\u2019urgence d\u00e8s l\u2019arriv\u00e9e de la temp\u00eate alors que les pannes d\u2019\u00e9lectricit\u00e9 et les inondations compliquaient la crise encore davantage. Mais malgr\u00e9 la destruction, la r\u00e9silience de la Jama\u00efque et son esprit communautaire sont des signes d\u2019espoir malgr\u00e9 la catastrophe.\u00a0<\/span><\/p>\n<h4><b>D\u00e9ploiement rapide et coordination initiale<\/b><\/h4>\n<p><span style=\"font-weight: 400;\">Quand j\u2019ai \u00e9t\u00e9 envoy\u00e9e en Jama\u00efque comme membre de l\u2019\u00e9quipe d\u2019intervention d\u2019urgence d\u2019ADRA seulement 72 heures apr\u00e8s le passage de l\u2019ouragan Melissa et ses effets d\u00e9vastateurs sur l\u2019\u00eele, le rythme de nos journ\u00e9es s\u2019est rapidement transform\u00e9 en m\u00e9lange de planification, d\u2019\u00e9coute et d\u2019action. Apr\u00e8s neuf heures et deux vols d\u2019avion, je suis arriv\u00e9e dans la ville chaude et humide de Kingston, o\u00f9 j\u2019ai \u00e9t\u00e9 accueillie chaleureusement par ADRA Jama\u00efque et nos coll\u00e8gues de l\u2019\u00e9quipe d\u2019intervention d\u2019urgence, laquelle participait d\u00e9j\u00e0 aux efforts de secours. Nos journ\u00e9es consistaient \u00e0 planifier et \u00e0 pr\u00e9parer les s\u00e9ances lors desquelles nous organisions la journ\u00e9e suivante et am\u00e9liorions la mise en \u0153uvre de notre plan lors de la premi\u00e8re vague de distribution de sacs de nourriture et de la deuxi\u00e8me vague de distribution de trousses d\u2019hygi\u00e8ne et de r\u00e9servoirs d\u2019eau.<\/span><\/p>\n<div id=\"attachment_137179\" style=\"width: 869px\" class=\"wp-caption aligncenter\"><img fetchpriority=\"high\" decoding=\"async\" aria-describedby=\"caption-attachment-137179\" class=\" wp-image-137167\" src=\"https:\/\/interamerica.org\/wp-content\/uploads\/2025\/12\/blackriver-jamaica-2y3nov-migueroth-7-1-1024x682-1.jpg\" alt=\"\" width=\"859\" height=\"572\" srcset=\"https:\/\/interamerica.org\/wp-content\/uploads\/2025\/12\/blackriver-jamaica-2y3nov-migueroth-7-1-1024x682-1.jpg 1024w, https:\/\/interamerica.org\/wp-content\/uploads\/2025\/12\/blackriver-jamaica-2y3nov-migueroth-7-1-1024x682-1-300x200.jpg 300w, https:\/\/interamerica.org\/wp-content\/uploads\/2025\/12\/blackriver-jamaica-2y3nov-migueroth-7-1-1024x682-1-768x512.jpg 768w\" sizes=\"(max-width: 859px) 100vw, 859px\" \/><p id=\"caption-attachment-137179\" class=\"wp-caption-text\">[Une photo de Migue Roth]<\/p><\/div>\n<h4><b>\u00c9valuations communautaires et travail sur le terrain<\/b><\/h4>\n<p><span style=\"font-weight: 400;\">\u00c0 partir de l\u00e0, nous avons pass\u00e9 beaucoup de temps sur le terrain. Nous visitions les communaut\u00e9s affect\u00e9es, \u00e9valuions les dommages et \u00e9coutions les hommes et les femmes nous raconter la fa\u00e7on dont ils ont v\u00e9cu le jour de l\u2019arriv\u00e9e sur les c\u00f4tes de l\u2019ouragan et nous dire quels \u00e9taient leurs besoins imm\u00e9diats, nous permettant de nous assurer que nous r\u00e9pondions \u00e0 ces besoins. Nous avons travaill\u00e9 ensemble en \u00e9quipe pour identifier les sites de distribution s\u00e9curitaires et ad\u00e9quats, avons men\u00e9 des \u00e9valuations des besoins et offert des bons d\u2019\u00e9change aux familles pour le jour de la distribution. La pr\u00e9paration de pr\u00e9sentations et de contenu de formation pour les b\u00e9n\u00e9voles \u00e9tait une autre t\u00e2che cl\u00e9, car ils devaient absolument bien comprendre les principes humanitaires et effectuer la distribution de fa\u00e7on s\u00e9curitaire et de mani\u00e8re \u00e0 respecter la dignit\u00e9 des b\u00e9n\u00e9ficiaires.<\/span><\/p>\n<h4><b>Op\u00e9rations de distribution<\/b><\/h4>\n<p><span style=\"font-weight: 400;\">Les jours de distribution \u00e9taient parmi ceux qui avaient le plus grand impact. Je supervisais le chargement et le d\u00e9chargement des camions, puis je coordonnais les b\u00e9n\u00e9voles en leur assignant des r\u00f4les et des responsabilit\u00e9s lors de chaque \u00e9tape du processus de distribution, de la v\u00e9rification des b\u00e9n\u00e9ficiaires \u00e0 leur inscription et \u00e0 la remise des sacs, le tout en assurant des standards de s\u00e9curit\u00e9 et de qualit\u00e9. Nous r\u00e9pondions aux questions des b\u00e9n\u00e9ficiaires tout en les \u00e9coutant attentivement nous raconter comment l\u2019ouragan Melissa avait affect\u00e9 leur famille et en tentant de leur offrir des paroles d\u2019espoir et de compassion.<\/span><\/p>\n<div id=\"attachment_137168\" style=\"width: 888px\" class=\"wp-caption aligncenter\"><img decoding=\"async\" aria-describedby=\"caption-attachment-137168\" class=\" wp-image-137168\" src=\"https:\/\/interamerica.org\/wp-content\/uploads\/2025\/12\/volunteertraining-jamaica-4nov-migueroth-15-1024x682-1.jpg\" alt=\"\" width=\"878\" height=\"585\" srcset=\"https:\/\/interamerica.org\/wp-content\/uploads\/2025\/12\/volunteertraining-jamaica-4nov-migueroth-15-1024x682-1.jpg 1024w, https:\/\/interamerica.org\/wp-content\/uploads\/2025\/12\/volunteertraining-jamaica-4nov-migueroth-15-1024x682-1-300x200.jpg 300w, https:\/\/interamerica.org\/wp-content\/uploads\/2025\/12\/volunteertraining-jamaica-4nov-migueroth-15-1024x682-1-768x512.jpg 768w\" sizes=\"(max-width: 878px) 100vw, 878px\" \/><p id=\"caption-attachment-137168\" class=\"wp-caption-text\">[Photo Credit: Migue Roth]<\/p><\/div>\n<h4><b>Coordination avec les partenaires et les fournisseurs<\/b><\/h4>\n<p><span style=\"font-weight: 400;\">Au-del\u00e0 de l\u2019intervention directe, nous avons particip\u00e9 \u00e0 des r\u00e9unions sectorielles, \u00e0 des r\u00e9unions pour les groupes gouvernementaux et pour les ONG afin d\u2019assurer la bonne coordination entre ADRA et les autres agences. La communication avec les fournisseurs \u00e9tait constante, portant notamment sur la v\u00e9rification de la disponibilit\u00e9 des denr\u00e9es, la confirmation du calendrier de livraison et la r\u00e9solution des retards afin que l\u2019intervention demeure \u00e0 jour.<\/span><\/p>\n<h4><b>\u00c9quilibre entre logistique et connexion humaine<\/b><\/h4>\n<p><span style=\"font-weight: 400;\">Jour apr\u00e8s jour, le travail \u00e9tait rigoureux, mais profond\u00e9ment utile, caract\u00e9ris\u00e9 par un \u00e9quilibre entre la logistique, la planification, la connexion humaine, le d\u00e9chargement de chaque camion et la distribution des sacs. Chaque r\u00e9union devait contribuer \u00e0 une intervention qui devait \u00eatre aussi efficace que remplie de compassion.<\/span><\/p>\n<div id=\"attachment_137169\" style=\"width: 868px\" class=\"wp-caption aligncenter\"><img decoding=\"async\" aria-describedby=\"caption-attachment-137169\" class=\" wp-image-137169\" src=\"https:\/\/interamerica.org\/wp-content\/uploads\/2025\/12\/volunteertraining-jamaica-4nov-migueroth-2-1024x682-1.jpg\" alt=\"\" width=\"858\" height=\"572\" srcset=\"https:\/\/interamerica.org\/wp-content\/uploads\/2025\/12\/volunteertraining-jamaica-4nov-migueroth-2-1024x682-1.jpg 1024w, https:\/\/interamerica.org\/wp-content\/uploads\/2025\/12\/volunteertraining-jamaica-4nov-migueroth-2-1024x682-1-300x200.jpg 300w, https:\/\/interamerica.org\/wp-content\/uploads\/2025\/12\/volunteertraining-jamaica-4nov-migueroth-2-1024x682-1-768x512.jpg 768w\" sizes=\"(max-width: 858px) 100vw, 858px\" \/><p id=\"caption-attachment-137169\" class=\"wp-caption-text\">[Photo Credit: Migue Roth]<\/p><\/div>\n<h4><b>Impact communautaire<\/b><\/h4>\n<p><span style=\"font-weight: 400;\">Apr\u00e8s le passage de l\u2019ouragan Melissa, l\u2019ampleur de la destruction \u00e9tait \u00e9vidente. Les maisons et les entreprises en ruines, des toits partiellement ou enti\u00e8rement arrach\u00e9s, des familles utilisant des b\u00e2ches temporaires install\u00e9es sur des charpentes comme protection de fortune\u2026 Des d\u00e9bris recouvraient les routes et les champs alors que des arbres \u00e9taient d\u00e9racin\u00e9s ou ass\u00e9ch\u00e9s par les pluies d\u2019eau sal\u00e9e, un rappel de la force de la temp\u00eate. Sous les rayons du soleil radieux, par contre, ce sont des visages souriants que nous rencontrions. Les membres de la communaut\u00e9 nous saluaient avec gratitude et s\u2019aidaient les uns les autres \u00e0 reconstruire les murs et les toitures, faisant preuve de r\u00e9silience malgr\u00e9 leurs \u00e9normes pertes. Les r\u00e9servoirs d\u2019eau endommag\u00e9s \u00e9taient \u00e9parpill\u00e9s, certains pouss\u00e9s par le vent loin de leur lieu d\u2019origine. Pourtant, le b\u00e9tail, comme les vaches et les ch\u00e8vres, avait retrouv\u00e9 sa demeure et broutait dans les champs vides en guise de continuit\u00e9.<\/span><\/p>\n<h4><b>R\u00e9silience et d\u00e9termination<\/b><\/h4>\n<p><span style=\"font-weight: 400;\">Mais c\u2019est le moral des gens qui \u00e9tait vraiment \u00e9tonnant. Les membres des communaut\u00e9s se soutenaient les uns les autres, partageaient ce qu\u2019ils avaient et restaient debout avec force et espoir pour un avenir meilleur. M\u00eame dans la d\u00e9vastation, on percevait une d\u00e9termination tranquille ainsi qu\u2019une croyance collective que le r\u00e9tablissement \u00e9tait possible et qu\u2019ensemble, ils pouvaient reconstruire non seulement leur maison, mais aussi leur vie.<\/span><\/p>\n<div id=\"attachment_137170\" style=\"width: 849px\" class=\"wp-caption aligncenter\"><img loading=\"lazy\" decoding=\"async\" aria-describedby=\"caption-attachment-137170\" class=\" wp-image-137170\" src=\"https:\/\/interamerica.org\/wp-content\/uploads\/2025\/12\/mandeville-jamaica-3nov-migueroth-11-1024x682-1.jpg\" alt=\"\" width=\"839\" height=\"559\" srcset=\"https:\/\/interamerica.org\/wp-content\/uploads\/2025\/12\/mandeville-jamaica-3nov-migueroth-11-1024x682-1.jpg 1024w, https:\/\/interamerica.org\/wp-content\/uploads\/2025\/12\/mandeville-jamaica-3nov-migueroth-11-1024x682-1-300x200.jpg 300w, https:\/\/interamerica.org\/wp-content\/uploads\/2025\/12\/mandeville-jamaica-3nov-migueroth-11-1024x682-1-768x512.jpg 768w\" sizes=\"(max-width: 839px) 100vw, 839px\" \/><p id=\"caption-attachment-137170\" class=\"wp-caption-text\">[Photo Credit: Migue Roth]<\/p><\/div>\n<h4><b>Partenaires, b\u00e9n\u00e9voles et b\u00e9n\u00e9ficiaires<\/b><\/h4>\n<p><span style=\"font-weight: 400;\">Pendant que j\u2019\u00e9tais en Jama\u00efque apr\u00e8s le passage de l\u2019ouragan Melissa, les gens avec qui nous avons parl\u00e9 et aux c\u00f4t\u00e9s desquels nous avons travaill\u00e9 ont fa\u00e7onn\u00e9 chaque \u00e9tape de l\u2019intervention. Je commen\u00e7ais chaque journ\u00e9e avec l\u2019\u00e9quipe d\u2019ADRA Jama\u00efque et les membres de mon \u00e9quipe d\u2019intervention d\u2019urgence afin de planifier nos strat\u00e9gies et nos responsabilit\u00e9s et d\u2019assurer la continuit\u00e9 du d\u00e9roulement des op\u00e9rations. Sur le terrain, nous rencontrions des dirigeants communautaires et religieux qui servaient d\u2019ancrages dans les quartiers, qui nous conduisaient vers les familles les plus vuln\u00e9rables et qui rassemblaient les gens pouvant nous aider. Les autorit\u00e9s locales, quant \u00e0 elles, \u00e9taient \u00e9galement des partenaires essentiels, assurant l\u2019harmonie entre les activit\u00e9s et la direction officielle ainsi que la distribution s\u00e9curitaire de l\u2019assistance \u00e0 ceux qui en avaient le plus besoin.<\/span><\/p>\n<p><span style=\"font-weight: 400;\">Enfin, j\u2019ai \u00e9t\u00e9 inspir\u00e9e par les jeunes b\u00e9n\u00e9voles adventistes \u00e9nergiques, compatissants et pr\u00eats \u00e0 servir. Ils ont rempli de force et d\u2019espoir nos journ\u00e9es de distribution. Cependant, ce sont les b\u00e9n\u00e9ficiaires qui ont eu le plus grand impact, les familles qui avaient perdu leur maison et leur moyen de subsistance, mais qui nous accueillaient avec gratitude, partageant leur histoire de survie et faisant preuve de r\u00e9silience malgr\u00e9 la d\u00e9vastation. Nos \u00e9changes avec eux nous ont rappel\u00e9 que notre travail n\u2019\u00e9tait pas que logistique et distribution, mais qu\u2019il consistait \u00e9galement \u00e0 \u00e9couter, \u00e0 demeurer solidaires et \u00e0 aider les communaut\u00e9s \u00e0 retrouver l\u2019espoir.<\/span><\/p>\n<h4 class=\"wp-block-heading\"><span style=\"font-weight: 400;\">Traduction : Marie-Mich\u00e8le Robitaille<\/span><\/h4>\n","protected":false},"excerpt":{"rendered":"<p>Le 30 d\u00e9cembre 2025 | Silver Spring, Maryland, \u00c9tats-Unis | Alejandra Lopez,\u00a0 gestionnaire de programme de l\u2019\u00e9quipe d\u2019intervention d\u2019urgence L\u2019ouragan Melissa a frapp\u00e9 la Jama\u00efque le 28 octobre 2025 comme&#8230;<\/p>\n","protected":false},"author":3,"featured_media":137179,"comment_status":"closed","ping_status":"closed","sticky":false,"template":"","format":"standard","meta":{"_acf_changed":false,"footnotes":""},"categories":[18,19],"tags":[],"class_list":["post-137178","post","type-post","status-publish","format-standard","has-post-thumbnail","hentry","category-nouvelles-de-leglise-mondiale","category-rss-francais"],"acf":[],"yoast_head":"<!-- This site is optimized with the Yoast SEO plugin v27.3 - https:\/\/yoast.com\/product\/yoast-seo-wordpress\/ -->\n<title>Intervention en Jama\u00efque \u00e0 la suite de l\u2019ouragan Melissa : r\u00e9flexion de l\u2019\u00e9quipe d\u2019urgence d\u2019ADRA - \u00c9glise Adventiste Du Septieme Jour - Inter Am\u00e9rique Division<\/title>\n<meta name=\"robots\" content=\"index, follow, max-snippet:-1, max-image-preview:large, max-video-preview:-1\" \/>\n<link rel=\"canonical\" href=\"https:\/\/interamerica.org\/fr\/2025\/12\/intervention-en-jamaique-a-la-suite-de-louragan-melissa-reflexion-de-lequipe-durgence-dadra\/\" \/>\n<meta property=\"og:locale\" content=\"fr_FR\" \/>\n<meta property=\"og:type\" content=\"article\" \/>\n<meta property=\"og:title\" content=\"Intervention en Jama\u00efque \u00e0 la suite de l\u2019ouragan Melissa : r\u00e9flexion de l\u2019\u00e9quipe d\u2019urgence d\u2019ADRA - \u00c9glise Adventiste Du Septieme Jour - Inter Am\u00e9rique Division\" \/>\n<meta property=\"og:description\" content=\"Le 30 d\u00e9cembre 2025 | Silver Spring, Maryland, \u00c9tats-Unis | Alejandra Lopez,\u00a0 gestionnaire de programme de l\u2019\u00e9quipe d\u2019intervention d\u2019urgence L\u2019ouragan Melissa a frapp\u00e9 la Jama\u00efque le 28 octobre 2025 comme...\" \/>\n<meta property=\"og:url\" content=\"https:\/\/interamerica.org\/fr\/2025\/12\/intervention-en-jamaique-a-la-suite-de-louragan-melissa-reflexion-de-lequipe-durgence-dadra\/\" \/>\n<meta property=\"og:site_name\" content=\"\u00c9glise Adventiste Du Septieme Jour - Inter Am\u00e9rique Division\" \/>\n<meta property=\"article:published_time\" content=\"2025-12-30T07:34:38+00:00\" \/>\n<meta property=\"article:modified_time\" content=\"2026-01-02T15:57:28+00:00\" \/>\n<meta property=\"og:image\" content=\"https:\/\/interamerica.org\/wp-content\/uploads\/2025\/12\/blackriver-jamaica-2y3nov-migueroth-7-1-1024x682-1.jpg\" \/>\n\t<meta property=\"og:image:width\" content=\"1024\" \/>\n\t<meta property=\"og:image:height\" content=\"682\" \/>\n\t<meta property=\"og:image:type\" content=\"image\/jpeg\" \/>\n<meta name=\"author\" content=\"libna\" \/>\n<meta name=\"twitter:card\" content=\"summary_large_image\" \/>\n<meta name=\"twitter:label1\" content=\"\u00c9crit par\" \/>\n\t<meta name=\"twitter:data1\" content=\"libna\" \/>\n\t<meta name=\"twitter:label2\" content=\"Dur\u00e9e de lecture estim\u00e9e\" \/>\n\t<meta name=\"twitter:data2\" content=\"7 minutes\" \/>\n<script type=\"application\/ld+json\" class=\"yoast-schema-graph\">{\"@context\":\"https:\\\/\\\/schema.org\",\"@graph\":[{\"@type\":\"Article\",\"@id\":\"https:\\\/\\\/interamerica.org\\\/fr\\\/2025\\\/12\\\/intervention-en-jamaique-a-la-suite-de-louragan-melissa-reflexion-de-lequipe-durgence-dadra\\\/#article\",\"isPartOf\":{\"@id\":\"https:\\\/\\\/interamerica.org\\\/fr\\\/2025\\\/12\\\/intervention-en-jamaique-a-la-suite-de-louragan-melissa-reflexion-de-lequipe-durgence-dadra\\\/\"},\"author\":{\"name\":\"libna\",\"@id\":\"https:\\\/\\\/interamerica.org\\\/fr\\\/#\\\/schema\\\/person\\\/29998f2bc2d8bd0d38662909289b54f1\"},\"headline\":\"Intervention en Jama\u00efque \u00e0 la suite de l\u2019ouragan Melissa : r\u00e9flexion de l\u2019\u00e9quipe d\u2019urgence d\u2019ADRA\",\"datePublished\":\"2025-12-30T07:34:38+00:00\",\"dateModified\":\"2026-01-02T15:57:28+00:00\",\"mainEntityOfPage\":{\"@id\":\"https:\\\/\\\/interamerica.org\\\/fr\\\/2025\\\/12\\\/intervention-en-jamaique-a-la-suite-de-louragan-melissa-reflexion-de-lequipe-durgence-dadra\\\/\"},\"wordCount\":1368,\"image\":{\"@id\":\"https:\\\/\\\/interamerica.org\\\/fr\\\/2025\\\/12\\\/intervention-en-jamaique-a-la-suite-de-louragan-melissa-reflexion-de-lequipe-durgence-dadra\\\/#primaryimage\"},\"thumbnailUrl\":\"https:\\\/\\\/interamerica.org\\\/wp-content\\\/uploads\\\/2025\\\/12\\\/blackriver-jamaica-2y3nov-migueroth-7-1-1024x682-1.jpg\",\"articleSection\":[\"Nouvelles de l'\u00c9glise mondiale\",\"RSS Fran\u00e7ais\"],\"inLanguage\":\"fr-FR\"},{\"@type\":\"WebPage\",\"@id\":\"https:\\\/\\\/interamerica.org\\\/fr\\\/2025\\\/12\\\/intervention-en-jamaique-a-la-suite-de-louragan-melissa-reflexion-de-lequipe-durgence-dadra\\\/\",\"url\":\"https:\\\/\\\/interamerica.org\\\/fr\\\/2025\\\/12\\\/intervention-en-jamaique-a-la-suite-de-louragan-melissa-reflexion-de-lequipe-durgence-dadra\\\/\",\"name\":\"Intervention en Jama\u00efque \u00e0 la suite de l\u2019ouragan Melissa : r\u00e9flexion de l\u2019\u00e9quipe d\u2019urgence d\u2019ADRA - \u00c9glise Adventiste Du Septieme Jour - Inter Am\u00e9rique Division\",\"isPartOf\":{\"@id\":\"https:\\\/\\\/interamerica.org\\\/fr\\\/#website\"},\"primaryImageOfPage\":{\"@id\":\"https:\\\/\\\/interamerica.org\\\/fr\\\/2025\\\/12\\\/intervention-en-jamaique-a-la-suite-de-louragan-melissa-reflexion-de-lequipe-durgence-dadra\\\/#primaryimage\"},\"image\":{\"@id\":\"https:\\\/\\\/interamerica.org\\\/fr\\\/2025\\\/12\\\/intervention-en-jamaique-a-la-suite-de-louragan-melissa-reflexion-de-lequipe-durgence-dadra\\\/#primaryimage\"},\"thumbnailUrl\":\"https:\\\/\\\/interamerica.org\\\/wp-content\\\/uploads\\\/2025\\\/12\\\/blackriver-jamaica-2y3nov-migueroth-7-1-1024x682-1.jpg\",\"datePublished\":\"2025-12-30T07:34:38+00:00\",\"dateModified\":\"2026-01-02T15:57:28+00:00\",\"author\":{\"@id\":\"https:\\\/\\\/interamerica.org\\\/fr\\\/#\\\/schema\\\/person\\\/29998f2bc2d8bd0d38662909289b54f1\"},\"breadcrumb\":{\"@id\":\"https:\\\/\\\/interamerica.org\\\/fr\\\/2025\\\/12\\\/intervention-en-jamaique-a-la-suite-de-louragan-melissa-reflexion-de-lequipe-durgence-dadra\\\/#breadcrumb\"},\"inLanguage\":\"fr-FR\",\"potentialAction\":[{\"@type\":\"ReadAction\",\"target\":[\"https:\\\/\\\/interamerica.org\\\/fr\\\/2025\\\/12\\\/intervention-en-jamaique-a-la-suite-de-louragan-melissa-reflexion-de-lequipe-durgence-dadra\\\/\"]}]},{\"@type\":\"ImageObject\",\"inLanguage\":\"fr-FR\",\"@id\":\"https:\\\/\\\/interamerica.org\\\/fr\\\/2025\\\/12\\\/intervention-en-jamaique-a-la-suite-de-louragan-melissa-reflexion-de-lequipe-durgence-dadra\\\/#primaryimage\",\"url\":\"https:\\\/\\\/interamerica.org\\\/wp-content\\\/uploads\\\/2025\\\/12\\\/blackriver-jamaica-2y3nov-migueroth-7-1-1024x682-1.jpg\",\"contentUrl\":\"https:\\\/\\\/interamerica.org\\\/wp-content\\\/uploads\\\/2025\\\/12\\\/blackriver-jamaica-2y3nov-migueroth-7-1-1024x682-1.jpg\",\"width\":1024,\"height\":682,\"caption\":\"[Une photo de Migue Roth]\"},{\"@type\":\"BreadcrumbList\",\"@id\":\"https:\\\/\\\/interamerica.org\\\/fr\\\/2025\\\/12\\\/intervention-en-jamaique-a-la-suite-de-louragan-melissa-reflexion-de-lequipe-durgence-dadra\\\/#breadcrumb\",\"itemListElement\":[{\"@type\":\"ListItem\",\"position\":1,\"name\":\"Home\",\"item\":\"https:\\\/\\\/interamerica.org\\\/fr\\\/\"},{\"@type\":\"ListItem\",\"position\":2,\"name\":\"Intervention en Jama\u00efque \u00e0 la suite de l\u2019ouragan Melissa : r\u00e9flexion de l\u2019\u00e9quipe d\u2019urgence d\u2019ADRA\"}]},{\"@type\":\"WebSite\",\"@id\":\"https:\\\/\\\/interamerica.org\\\/fr\\\/#website\",\"url\":\"https:\\\/\\\/interamerica.org\\\/fr\\\/\",\"name\":\"\u00c9glise Adventiste Du Septieme Jour - Inter Am\u00e9rique Division\",\"description\":\"\",\"potentialAction\":[{\"@type\":\"SearchAction\",\"target\":{\"@type\":\"EntryPoint\",\"urlTemplate\":\"https:\\\/\\\/interamerica.org\\\/fr\\\/?s={search_term_string}\"},\"query-input\":{\"@type\":\"PropertyValueSpecification\",\"valueRequired\":true,\"valueName\":\"search_term_string\"}}],\"inLanguage\":\"fr-FR\"},{\"@type\":\"Person\",\"@id\":\"https:\\\/\\\/interamerica.org\\\/fr\\\/#\\\/schema\\\/person\\\/29998f2bc2d8bd0d38662909289b54f1\",\"name\":\"libna\",\"image\":{\"@type\":\"ImageObject\",\"inLanguage\":\"fr-FR\",\"@id\":\"https:\\\/\\\/secure.gravatar.com\\\/avatar\\\/7c5bd30ae4b47a9ba3c856590957fd1d96dc588bf3ac05719d247e126840331f?s=96&d=mm&r=g\",\"url\":\"https:\\\/\\\/secure.gravatar.com\\\/avatar\\\/7c5bd30ae4b47a9ba3c856590957fd1d96dc588bf3ac05719d247e126840331f?s=96&d=mm&r=g\",\"contentUrl\":\"https:\\\/\\\/secure.gravatar.com\\\/avatar\\\/7c5bd30ae4b47a9ba3c856590957fd1d96dc588bf3ac05719d247e126840331f?s=96&d=mm&r=g\",\"caption\":\"libna\"}}]}<\/script>\n<!-- \/ Yoast SEO plugin. -->","yoast_head_json":{"title":"Intervention en Jama\u00efque \u00e0 la suite de l\u2019ouragan Melissa : r\u00e9flexion de l\u2019\u00e9quipe d\u2019urgence d\u2019ADRA - \u00c9glise Adventiste Du Septieme Jour - Inter Am\u00e9rique Division","robots":{"index":"index","follow":"follow","max-snippet":"max-snippet:-1","max-image-preview":"max-image-preview:large","max-video-preview":"max-video-preview:-1"},"canonical":"https:\/\/interamerica.org\/fr\/2025\/12\/intervention-en-jamaique-a-la-suite-de-louragan-melissa-reflexion-de-lequipe-durgence-dadra\/","og_locale":"fr_FR","og_type":"article","og_title":"Intervention en Jama\u00efque \u00e0 la suite de l\u2019ouragan Melissa : r\u00e9flexion de l\u2019\u00e9quipe d\u2019urgence d\u2019ADRA - \u00c9glise Adventiste Du Septieme Jour - Inter Am\u00e9rique Division","og_description":"Le 30 d\u00e9cembre 2025 | Silver Spring, Maryland, \u00c9tats-Unis | Alejandra Lopez,\u00a0 gestionnaire de programme de l\u2019\u00e9quipe d\u2019intervention d\u2019urgence L\u2019ouragan Melissa a frapp\u00e9 la Jama\u00efque le 28 octobre 2025 comme...","og_url":"https:\/\/interamerica.org\/fr\/2025\/12\/intervention-en-jamaique-a-la-suite-de-louragan-melissa-reflexion-de-lequipe-durgence-dadra\/","og_site_name":"\u00c9glise Adventiste Du Septieme Jour - Inter Am\u00e9rique Division","article_published_time":"2025-12-30T07:34:38+00:00","article_modified_time":"2026-01-02T15:57:28+00:00","og_image":[{"width":1024,"height":682,"url":"https:\/\/interamerica.org\/wp-content\/uploads\/2025\/12\/blackriver-jamaica-2y3nov-migueroth-7-1-1024x682-1.jpg","type":"image\/jpeg"}],"author":"libna","twitter_card":"summary_large_image","twitter_misc":{"\u00c9crit par":"libna","Dur\u00e9e de lecture estim\u00e9e":"7 minutes"},"schema":{"@context":"https:\/\/schema.org","@graph":[{"@type":"Article","@id":"https:\/\/interamerica.org\/fr\/2025\/12\/intervention-en-jamaique-a-la-suite-de-louragan-melissa-reflexion-de-lequipe-durgence-dadra\/#article","isPartOf":{"@id":"https:\/\/interamerica.org\/fr\/2025\/12\/intervention-en-jamaique-a-la-suite-de-louragan-melissa-reflexion-de-lequipe-durgence-dadra\/"},"author":{"name":"libna","@id":"https:\/\/interamerica.org\/fr\/#\/schema\/person\/29998f2bc2d8bd0d38662909289b54f1"},"headline":"Intervention en Jama\u00efque \u00e0 la suite de l\u2019ouragan Melissa : r\u00e9flexion de l\u2019\u00e9quipe d\u2019urgence d\u2019ADRA","datePublished":"2025-12-30T07:34:38+00:00","dateModified":"2026-01-02T15:57:28+00:00","mainEntityOfPage":{"@id":"https:\/\/interamerica.org\/fr\/2025\/12\/intervention-en-jamaique-a-la-suite-de-louragan-melissa-reflexion-de-lequipe-durgence-dadra\/"},"wordCount":1368,"image":{"@id":"https:\/\/interamerica.org\/fr\/2025\/12\/intervention-en-jamaique-a-la-suite-de-louragan-melissa-reflexion-de-lequipe-durgence-dadra\/#primaryimage"},"thumbnailUrl":"https:\/\/interamerica.org\/wp-content\/uploads\/2025\/12\/blackriver-jamaica-2y3nov-migueroth-7-1-1024x682-1.jpg","articleSection":["Nouvelles de l'\u00c9glise mondiale","RSS Fran\u00e7ais"],"inLanguage":"fr-FR"},{"@type":"WebPage","@id":"https:\/\/interamerica.org\/fr\/2025\/12\/intervention-en-jamaique-a-la-suite-de-louragan-melissa-reflexion-de-lequipe-durgence-dadra\/","url":"https:\/\/interamerica.org\/fr\/2025\/12\/intervention-en-jamaique-a-la-suite-de-louragan-melissa-reflexion-de-lequipe-durgence-dadra\/","name":"Intervention en Jama\u00efque \u00e0 la suite de l\u2019ouragan Melissa : r\u00e9flexion de l\u2019\u00e9quipe d\u2019urgence d\u2019ADRA - \u00c9glise Adventiste Du Septieme Jour - Inter Am\u00e9rique Division","isPartOf":{"@id":"https:\/\/interamerica.org\/fr\/#website"},"primaryImageOfPage":{"@id":"https:\/\/interamerica.org\/fr\/2025\/12\/intervention-en-jamaique-a-la-suite-de-louragan-melissa-reflexion-de-lequipe-durgence-dadra\/#primaryimage"},"image":{"@id":"https:\/\/interamerica.org\/fr\/2025\/12\/intervention-en-jamaique-a-la-suite-de-louragan-melissa-reflexion-de-lequipe-durgence-dadra\/#primaryimage"},"thumbnailUrl":"https:\/\/interamerica.org\/wp-content\/uploads\/2025\/12\/blackriver-jamaica-2y3nov-migueroth-7-1-1024x682-1.jpg","datePublished":"2025-12-30T07:34:38+00:00","dateModified":"2026-01-02T15:57:28+00:00","author":{"@id":"https:\/\/interamerica.org\/fr\/#\/schema\/person\/29998f2bc2d8bd0d38662909289b54f1"},"breadcrumb":{"@id":"https:\/\/interamerica.org\/fr\/2025\/12\/intervention-en-jamaique-a-la-suite-de-louragan-melissa-reflexion-de-lequipe-durgence-dadra\/#breadcrumb"},"inLanguage":"fr-FR","potentialAction":[{"@type":"ReadAction","target":["https:\/\/interamerica.org\/fr\/2025\/12\/intervention-en-jamaique-a-la-suite-de-louragan-melissa-reflexion-de-lequipe-durgence-dadra\/"]}]},{"@type":"ImageObject","inLanguage":"fr-FR","@id":"https:\/\/interamerica.org\/fr\/2025\/12\/intervention-en-jamaique-a-la-suite-de-louragan-melissa-reflexion-de-lequipe-durgence-dadra\/#primaryimage","url":"https:\/\/interamerica.org\/wp-content\/uploads\/2025\/12\/blackriver-jamaica-2y3nov-migueroth-7-1-1024x682-1.jpg","contentUrl":"https:\/\/interamerica.org\/wp-content\/uploads\/2025\/12\/blackriver-jamaica-2y3nov-migueroth-7-1-1024x682-1.jpg","width":1024,"height":682,"caption":"[Une photo de Migue Roth]"},{"@type":"BreadcrumbList","@id":"https:\/\/interamerica.org\/fr\/2025\/12\/intervention-en-jamaique-a-la-suite-de-louragan-melissa-reflexion-de-lequipe-durgence-dadra\/#breadcrumb","itemListElement":[{"@type":"ListItem","position":1,"name":"Home","item":"https:\/\/interamerica.org\/fr\/"},{"@type":"ListItem","position":2,"name":"Intervention en Jama\u00efque \u00e0 la suite de l\u2019ouragan Melissa : r\u00e9flexion de l\u2019\u00e9quipe d\u2019urgence d\u2019ADRA"}]},{"@type":"WebSite","@id":"https:\/\/interamerica.org\/fr\/#website","url":"https:\/\/interamerica.org\/fr\/","name":"\u00c9glise Adventiste Du Septieme Jour - Inter Am\u00e9rique Division","description":"","potentialAction":[{"@type":"SearchAction","target":{"@type":"EntryPoint","urlTemplate":"https:\/\/interamerica.org\/fr\/?s={search_term_string}"},"query-input":{"@type":"PropertyValueSpecification","valueRequired":true,"valueName":"search_term_string"}}],"inLanguage":"fr-FR"},{"@type":"Person","@id":"https:\/\/interamerica.org\/fr\/#\/schema\/person\/29998f2bc2d8bd0d38662909289b54f1","name":"libna","image":{"@type":"ImageObject","inLanguage":"fr-FR","@id":"https:\/\/secure.gravatar.com\/avatar\/7c5bd30ae4b47a9ba3c856590957fd1d96dc588bf3ac05719d247e126840331f?s=96&d=mm&r=g","url":"https:\/\/secure.gravatar.com\/avatar\/7c5bd30ae4b47a9ba3c856590957fd1d96dc588bf3ac05719d247e126840331f?s=96&d=mm&r=g","contentUrl":"https:\/\/secure.gravatar.com\/avatar\/7c5bd30ae4b47a9ba3c856590957fd1d96dc588bf3ac05719d247e126840331f?s=96&d=mm&r=g","caption":"libna"}}]}},"_links":{"self":[{"href":"https:\/\/interamerica.org\/fr\/wp-json\/wp\/v2\/posts\/137178","targetHints":{"allow":["GET"]}}],"collection":[{"href":"https:\/\/interamerica.org\/fr\/wp-json\/wp\/v2\/posts"}],"about":[{"href":"https:\/\/interamerica.org\/fr\/wp-json\/wp\/v2\/types\/post"}],"author":[{"embeddable":true,"href":"https:\/\/interamerica.org\/fr\/wp-json\/wp\/v2\/users\/3"}],"replies":[{"embeddable":true,"href":"https:\/\/interamerica.org\/fr\/wp-json\/wp\/v2\/comments?post=137178"}],"version-history":[{"count":2,"href":"https:\/\/interamerica.org\/fr\/wp-json\/wp\/v2\/posts\/137178\/revisions"}],"predecessor-version":[{"id":137194,"href":"https:\/\/interamerica.org\/fr\/wp-json\/wp\/v2\/posts\/137178\/revisions\/137194"}],"wp:featuredmedia":[{"embeddable":true,"href":"https:\/\/interamerica.org\/fr\/wp-json\/wp\/v2\/media\/137179"}],"wp:attachment":[{"href":"https:\/\/interamerica.org\/fr\/wp-json\/wp\/v2\/media?parent=137178"}],"wp:term":[{"taxonomy":"category","embeddable":true,"href":"https:\/\/interamerica.org\/fr\/wp-json\/wp\/v2\/categories?post=137178"},{"taxonomy":"post_tag","embeddable":true,"href":"https:\/\/interamerica.org\/fr\/wp-json\/wp\/v2\/tags?post=137178"}],"curies":[{"name":"wp","href":"https:\/\/api.w.org\/{rel}","templated":true}]}}