{"id":13747,"date":"2012-03-12T00:00:00","date_gmt":"2012-03-12T04:00:00","guid":{"rendered":"http:\/\/192.81.217.108\/interamerica\/2012\/03\/godencounters-marque-une-decennie-de-ministere-aupres-des-jeunes-adultes\/"},"modified":"2017-06-02T12:59:36","modified_gmt":"2017-06-02T16:59:36","slug":"godencounters-marque-une-decennie-de-ministere-aupres-des-jeunes-adultes","status":"publish","type":"post","link":"https:\/\/interamerica.org\/fr\/2012\/03\/godencounters-marque-une-decennie-de-ministere-aupres-des-jeunes-adultes\/","title":{"rendered":"GODencounters marque une d\u00e9cennie de minist\u00e8re aupr\u00e8s des jeunes adultes"},"content":{"rendered":"<p>9 Mars 2012, Silver Spring, Maryland, Etats Unis&#8230;Ansel Oliver\/ANN <\/p>\n<p>GODencounters, une s\u00e9rie de rencontres de \u00ab r\u00e9glage \u00bb tenues le weekend pour les jeunes adultes, marque une d\u00e9cennie de minist\u00e8re depuis le d\u00e9but de cette initiative intervenu quand deux pasteurs Adventistes ont voulu lancer un minist\u00e8re aupr\u00e8s des jeunes adultes lors d&#39;un camp meeting. <\/p>\n<p>En 2001, pasteur A. Allan Martin et pasteur Jeff Gang  se sont retrouv\u00e9s en charge des sessions pour les jeunes adultes lors d&#39;un camp meeting de Floride et se sont demand\u00e9s ce qu&#39;ils pourraient faire pour aller au-del\u00e0 de la maigre assistance. La plupart des participants avaient la quarantaine et voulaient simplement profiter de la climatisation en attendant que leurs enfants aient termin\u00e9 leur \u00e9cole du sabbat. <\/p>\n<p>Pasteurs Martin et Gang se sont r\u00e9unis avec de jeunes adultes locaux afin de prier et chercher ce qui pouvait \u00eatre fait \u00e0 partir de cette opportunit\u00e9 afin de mieux toucher les plus jeunes g\u00e9n\u00e9rations. <\/p>\n<p>Cela a donn\u00e9 naissance l&#39;ann\u00e9e suivante \u00e0 ce qui est devenu aujourd&#39;hui GODencounters, une s\u00e9rie de rencontres spirituelles sur un weekend con\u00e7ues pour les jeunes adultes, et les invitant \u00e0 avoir une rencontre avec J\u00e9sus 24h sur 24 et 7 jours sur 7. <\/p>\n<p>La s\u00e9rie aborde des th\u00e8mes pour jeunes adultes comme les relations, l&#39;adoration et le service, tirer des le\u00e7ons de personnages bibliques ayant r\u00e9ussi mais ayant d\u00fb faire face \u00e0 des d\u00e9fis similaires \u00e0 ceux confront\u00e9s souvent par ceux qui sortent de l&#39;\u00e9cole secondaire et m\u00eame jusqu&#39;\u00e0 ceux qui sont dans la phase pr\u00e9-parentale. <\/p>\n<p>\u00ab Nous nous sommes demand\u00e9s : \u2018que pouvons-nous faire avec de jeunes adultes afin de les inciter \u00e0 avoir une relation continuelle avec le Dieu vivant, pas seulement les divertir spirituellement dans un programme,&#39; \u00bb a dit pasteur Martin qui est maintenant le pasteur de l&#39;Eglise de la Plus Jeune G\u00e9n\u00e9ration qui se r\u00e9unit \u00e0 l&#39;Eglise Adventiste d&#39;Arlington au Texas. <\/p>\n<p>Pasteur Martin a d\u00e9clar\u00e9 que les programmes des minist\u00e8res tournent trop souvent autour de la \u00ab loyaut\u00e9 envers l&#39;institution \u00bb ou alors de la cr\u00e9ation d&#39;un moment d&#39;\u00ab euphorie spirituelle. \u00bb \u00ab C&#39;est rare que l&#39;on planifie de mani\u00e8re intentionnelle pour le processus qui intervient longtemps apr\u00e8s la fin du programme. \u00bb <\/p>\n<p>La s\u00e9rie est g\u00e9n\u00e9ralement pr\u00e9c\u00e9d\u00e9e et suivie de plusieurs semaines de pri\u00e8re et de discussions, d&#39;utilisation des r\u00e9seaux sociaux en ligne, des blogs et de lectures recommand\u00e9es afin de connecter les jeunes adultes les uns avec les autres et faciliter une relation continuelle avec Dieu. <\/p>\n<p>Il y a plusieurs s\u00e9ries GODencounters qui se tiennent  \u00e0 travers les Etats Unis chaque ann\u00e9e. Les rencontres ont souvent lieu le vendredi soir, le samedi matin et le samedi apr\u00e8s-midi. <\/p>\n<p>Un programme GODencounters a eu lieu pendant la session de la Conf\u00e9rence G\u00e9n\u00e9rale \u00e0 Atlanta en 2010. Plus de 3000 personnes y ont pris part, faisant de cette rencontre une des plus importantes de la s\u00e9rie en cours. <\/p>\n<p>\u00ab GODencounters est une exp\u00e9rience de croissance continue pour les jeunes adultes qui sont s\u00e9rieux quant \u00e0 la question des minist\u00e8res dans leurs \u00e9glises, \u00bb a d\u00e9clar\u00e9 James Black, directeur des Minist\u00e8res pour les Jeunes et les Jeunes Adultes pour la Division Nord-Am\u00e9ricaine de la d\u00e9nomination. \u00ab Nous sommes vraiment passionn\u00e9s et s\u00e9rieux au sujet de  la promotion de cette exp\u00e9rience. \u00bb <\/p>\n<p>James Black a indiqu\u00e9 qu&#39;il re\u00e7oit  des requ\u00eates pour la s\u00e9rie en provenance du monde entier. GODencounters a r\u00e9cemment \u00e9t\u00e9 tenu en Nouvelle Z\u00e9lande et au Ghana et les organisateurs font des plans pour des programmes au Canada et aux Philippines l&#39;ann\u00e9e prochaine. <\/p>\n<p>R\u00e9cemment un vendredi soir, le pasteur invit\u00e9, Roger Hernandez a tenu une s\u00e9rie GODencounters \u00e0 Fulton dans le Maryland tirant des exp\u00e9riences de la vie de David le personnage biblique. <\/p>\n<p>\u00ab Comme pour beaucoup d&#39;entre vous, \u00bb a dit pasteur Hernandez \u00e0 l&#39;auditoire, \u00ab beaucoup de grandes choses lui \u00e9taient promises &#8211; il devait devenir roi. Mais il a du faire face \u00e0 beaucoup  et n&#39;a pas compris pourquoi tant de mauvaises choses arrivaient alors qu&#39;il vivait fid\u00e8lement. \u00bb <\/p>\n<p>Pasteur Hernandez a d\u00e9clar\u00e9 que David \u00e9tait en chemin pour devenir roi, mais qu&#39;il a perdu son \u00e9pouse, son travail, son leader spirituel, sa maison, son meilleur ami et m\u00eame sa dignit\u00e9. <\/p>\n<p>\u00ab Mais ce que David a appris peut nous interpeler aujourd&#39;hui de trois fa\u00e7ons, \u00bb a dit pasteur Hernandez. \u00ab Premi\u00e8rement, vous attirez le m\u00eame type de personne que vous \u00eates. Deuxi\u00e8mement, soyez et donnez le meilleur de vous-m\u00eame m\u00eame lorsque vous \u00eates dans la pire des situations. Et troisi\u00e8mement, avoir Dieu suffit. David a \u00e9crit ce grand classique qu&#39;est le Psaume 142 alors qu&#39;il \u00e9tait dans une grotte. \u00bb <\/p>\n<p>Un participant a dit que c&#39;\u00e9tait comme si tous les trois messages du weekend avaient \u00e9t\u00e9 pr\u00e9par\u00e9s juste pour lui. <\/p>\n<p>\u00ab N&#39;aimez-vous pas lorsque Dieu agit ainsi, \u00bb a dit Allan Martin. \u00ab Lorsque nous recherchons une rencontre avec Dieu, nous sommes souvent \u00e9merveill\u00e9s de d\u00e9couvrir que notre Dieu \u00e9tait \u00e0 notre recherche tout ce temps \u00bb <\/p>\n<p><em >Traducteur: Patrick Luciathe <\/em ><\/p>\n","protected":false},"excerpt":{"rendered":"<p>GODencounters, une s\u00e9rie de rencontres de \u00ab r\u00e9glage \u00bb tenues le weekend pour les jeunes adultes , marque une d\u00e9cennie de minist\u00e8re depuis le d\u00e9but de cette initiative intervenu quand deux pasteurs Adventist<\/p>\n","protected":false},"author":1,"featured_media":0,"comment_status":"closed","ping_status":"closed","sticky":false,"template":"","format":"standard","meta":{"_acf_changed":false,"footnotes":""},"categories":[9],"tags":[],"class_list":["post-13747","post","type-post","status-publish","format-standard","hentry","category-archive-fr"],"acf":[],"yoast_head":"<!-- This site is optimized with the Yoast SEO plugin v27.3 - https:\/\/yoast.com\/product\/yoast-seo-wordpress\/ -->\n<title>GODencounters marque une d\u00e9cennie de minist\u00e8re aupr\u00e8s des jeunes adultes - \u00c9glise Adventiste Du Septieme Jour - Inter Am\u00e9rique Division<\/title>\n<meta name=\"robots\" content=\"index, follow, max-snippet:-1, max-image-preview:large, max-video-preview:-1\" \/>\n<link rel=\"canonical\" href=\"https:\/\/interamerica.org\/fr\/2012\/03\/godencounters-marque-une-decennie-de-ministere-aupres-des-jeunes-adultes\/\" \/>\n<meta property=\"og:locale\" content=\"fr_FR\" \/>\n<meta property=\"og:type\" content=\"article\" \/>\n<meta property=\"og:title\" content=\"GODencounters marque une d\u00e9cennie de minist\u00e8re aupr\u00e8s des jeunes adultes - \u00c9glise Adventiste Du Septieme Jour - Inter Am\u00e9rique Division\" \/>\n<meta property=\"og:description\" content=\"GODencounters, une s\u00e9rie de rencontres de \u00ab r\u00e9glage \u00bb tenues le weekend pour les jeunes adultes , marque une d\u00e9cennie de minist\u00e8re depuis le d\u00e9but de cette initiative intervenu quand deux pasteurs Adventist\" \/>\n<meta property=\"og:url\" content=\"https:\/\/interamerica.org\/fr\/2012\/03\/godencounters-marque-une-decennie-de-ministere-aupres-des-jeunes-adultes\/\" \/>\n<meta property=\"og:site_name\" content=\"\u00c9glise Adventiste Du Septieme Jour - Inter Am\u00e9rique Division\" \/>\n<meta property=\"article:published_time\" content=\"2012-03-12T04:00:00+00:00\" \/>\n<meta property=\"article:modified_time\" content=\"2017-06-02T16:59:36+00:00\" \/>\n<meta name=\"author\" content=\"Lorenzo Verduzco\" \/>\n<meta name=\"twitter:card\" content=\"summary_large_image\" \/>\n<meta name=\"twitter:label1\" content=\"\u00c9crit par\" \/>\n\t<meta name=\"twitter:data1\" content=\"Lorenzo Verduzco\" \/>\n\t<meta name=\"twitter:label2\" content=\"Dur\u00e9e de lecture estim\u00e9e\" \/>\n\t<meta name=\"twitter:data2\" content=\"4 minutes\" \/>\n<script type=\"application\/ld+json\" class=\"yoast-schema-graph\">{\"@context\":\"https:\\\/\\\/schema.org\",\"@graph\":[{\"@type\":\"Article\",\"@id\":\"https:\\\/\\\/interamerica.org\\\/fr\\\/2012\\\/03\\\/godencounters-marque-une-decennie-de-ministere-aupres-des-jeunes-adultes\\\/#article\",\"isPartOf\":{\"@id\":\"https:\\\/\\\/interamerica.org\\\/fr\\\/2012\\\/03\\\/godencounters-marque-une-decennie-de-ministere-aupres-des-jeunes-adultes\\\/\"},\"author\":{\"name\":\"Lorenzo Verduzco\",\"@id\":\"https:\\\/\\\/interamerica.org\\\/fr\\\/#\\\/schema\\\/person\\\/68ede8bdc292885bb76c1e3810e73c39\"},\"headline\":\"GODencounters marque une d\u00e9cennie de minist\u00e8re aupr\u00e8s des jeunes adultes\",\"datePublished\":\"2012-03-12T04:00:00+00:00\",\"dateModified\":\"2017-06-02T16:59:36+00:00\",\"mainEntityOfPage\":{\"@id\":\"https:\\\/\\\/interamerica.org\\\/fr\\\/2012\\\/03\\\/godencounters-marque-une-decennie-de-ministere-aupres-des-jeunes-adultes\\\/\"},\"wordCount\":899,\"articleSection\":[\"Archive\"],\"inLanguage\":\"fr-FR\"},{\"@type\":\"WebPage\",\"@id\":\"https:\\\/\\\/interamerica.org\\\/fr\\\/2012\\\/03\\\/godencounters-marque-une-decennie-de-ministere-aupres-des-jeunes-adultes\\\/\",\"url\":\"https:\\\/\\\/interamerica.org\\\/fr\\\/2012\\\/03\\\/godencounters-marque-une-decennie-de-ministere-aupres-des-jeunes-adultes\\\/\",\"name\":\"GODencounters marque une d\u00e9cennie de minist\u00e8re aupr\u00e8s des jeunes adultes - \u00c9glise Adventiste Du Septieme Jour - Inter Am\u00e9rique Division\",\"isPartOf\":{\"@id\":\"https:\\\/\\\/interamerica.org\\\/fr\\\/#website\"},\"datePublished\":\"2012-03-12T04:00:00+00:00\",\"dateModified\":\"2017-06-02T16:59:36+00:00\",\"author\":{\"@id\":\"https:\\\/\\\/interamerica.org\\\/fr\\\/#\\\/schema\\\/person\\\/68ede8bdc292885bb76c1e3810e73c39\"},\"breadcrumb\":{\"@id\":\"https:\\\/\\\/interamerica.org\\\/fr\\\/2012\\\/03\\\/godencounters-marque-une-decennie-de-ministere-aupres-des-jeunes-adultes\\\/#breadcrumb\"},\"inLanguage\":\"fr-FR\",\"potentialAction\":[{\"@type\":\"ReadAction\",\"target\":[\"https:\\\/\\\/interamerica.org\\\/fr\\\/2012\\\/03\\\/godencounters-marque-une-decennie-de-ministere-aupres-des-jeunes-adultes\\\/\"]}]},{\"@type\":\"BreadcrumbList\",\"@id\":\"https:\\\/\\\/interamerica.org\\\/fr\\\/2012\\\/03\\\/godencounters-marque-une-decennie-de-ministere-aupres-des-jeunes-adultes\\\/#breadcrumb\",\"itemListElement\":[{\"@type\":\"ListItem\",\"position\":1,\"name\":\"Home\",\"item\":\"https:\\\/\\\/interamerica.org\\\/fr\\\/\"},{\"@type\":\"ListItem\",\"position\":2,\"name\":\"GODencounters marque une d\u00e9cennie de minist\u00e8re aupr\u00e8s des jeunes adultes\"}]},{\"@type\":\"WebSite\",\"@id\":\"https:\\\/\\\/interamerica.org\\\/fr\\\/#website\",\"url\":\"https:\\\/\\\/interamerica.org\\\/fr\\\/\",\"name\":\"\u00c9glise Adventiste Du Septieme Jour - Inter Am\u00e9rique Division\",\"description\":\"\",\"potentialAction\":[{\"@type\":\"SearchAction\",\"target\":{\"@type\":\"EntryPoint\",\"urlTemplate\":\"https:\\\/\\\/interamerica.org\\\/fr\\\/?s={search_term_string}\"},\"query-input\":{\"@type\":\"PropertyValueSpecification\",\"valueRequired\":true,\"valueName\":\"search_term_string\"}}],\"inLanguage\":\"fr-FR\"},{\"@type\":\"Person\",\"@id\":\"https:\\\/\\\/interamerica.org\\\/fr\\\/#\\\/schema\\\/person\\\/68ede8bdc292885bb76c1e3810e73c39\",\"name\":\"Lorenzo Verduzco\",\"image\":{\"@type\":\"ImageObject\",\"inLanguage\":\"fr-FR\",\"@id\":\"https:\\\/\\\/secure.gravatar.com\\\/avatar\\\/fb81a55b6218459490a9c1dc841a34909185b81904c5337b4b27f7a6fd60c49e?s=96&d=mm&r=g\",\"url\":\"https:\\\/\\\/secure.gravatar.com\\\/avatar\\\/fb81a55b6218459490a9c1dc841a34909185b81904c5337b4b27f7a6fd60c49e?s=96&d=mm&r=g\",\"contentUrl\":\"https:\\\/\\\/secure.gravatar.com\\\/avatar\\\/fb81a55b6218459490a9c1dc841a34909185b81904c5337b4b27f7a6fd60c49e?s=96&d=mm&r=g\",\"caption\":\"Lorenzo Verduzco\"}}]}<\/script>\n<!-- \/ Yoast SEO plugin. -->","yoast_head_json":{"title":"GODencounters marque une d\u00e9cennie de minist\u00e8re aupr\u00e8s des jeunes adultes - \u00c9glise Adventiste Du Septieme Jour - Inter Am\u00e9rique Division","robots":{"index":"index","follow":"follow","max-snippet":"max-snippet:-1","max-image-preview":"max-image-preview:large","max-video-preview":"max-video-preview:-1"},"canonical":"https:\/\/interamerica.org\/fr\/2012\/03\/godencounters-marque-une-decennie-de-ministere-aupres-des-jeunes-adultes\/","og_locale":"fr_FR","og_type":"article","og_title":"GODencounters marque une d\u00e9cennie de minist\u00e8re aupr\u00e8s des jeunes adultes - \u00c9glise Adventiste Du Septieme Jour - Inter Am\u00e9rique Division","og_description":"GODencounters, une s\u00e9rie de rencontres de \u00ab r\u00e9glage \u00bb tenues le weekend pour les jeunes adultes , marque une d\u00e9cennie de minist\u00e8re depuis le d\u00e9but de cette initiative intervenu quand deux pasteurs Adventist","og_url":"https:\/\/interamerica.org\/fr\/2012\/03\/godencounters-marque-une-decennie-de-ministere-aupres-des-jeunes-adultes\/","og_site_name":"\u00c9glise Adventiste Du Septieme Jour - Inter Am\u00e9rique Division","article_published_time":"2012-03-12T04:00:00+00:00","article_modified_time":"2017-06-02T16:59:36+00:00","author":"Lorenzo Verduzco","twitter_card":"summary_large_image","twitter_misc":{"\u00c9crit par":"Lorenzo Verduzco","Dur\u00e9e de lecture estim\u00e9e":"4 minutes"},"schema":{"@context":"https:\/\/schema.org","@graph":[{"@type":"Article","@id":"https:\/\/interamerica.org\/fr\/2012\/03\/godencounters-marque-une-decennie-de-ministere-aupres-des-jeunes-adultes\/#article","isPartOf":{"@id":"https:\/\/interamerica.org\/fr\/2012\/03\/godencounters-marque-une-decennie-de-ministere-aupres-des-jeunes-adultes\/"},"author":{"name":"Lorenzo Verduzco","@id":"https:\/\/interamerica.org\/fr\/#\/schema\/person\/68ede8bdc292885bb76c1e3810e73c39"},"headline":"GODencounters marque une d\u00e9cennie de minist\u00e8re aupr\u00e8s des jeunes adultes","datePublished":"2012-03-12T04:00:00+00:00","dateModified":"2017-06-02T16:59:36+00:00","mainEntityOfPage":{"@id":"https:\/\/interamerica.org\/fr\/2012\/03\/godencounters-marque-une-decennie-de-ministere-aupres-des-jeunes-adultes\/"},"wordCount":899,"articleSection":["Archive"],"inLanguage":"fr-FR"},{"@type":"WebPage","@id":"https:\/\/interamerica.org\/fr\/2012\/03\/godencounters-marque-une-decennie-de-ministere-aupres-des-jeunes-adultes\/","url":"https:\/\/interamerica.org\/fr\/2012\/03\/godencounters-marque-une-decennie-de-ministere-aupres-des-jeunes-adultes\/","name":"GODencounters marque une d\u00e9cennie de minist\u00e8re aupr\u00e8s des jeunes adultes - \u00c9glise Adventiste Du Septieme Jour - Inter Am\u00e9rique Division","isPartOf":{"@id":"https:\/\/interamerica.org\/fr\/#website"},"datePublished":"2012-03-12T04:00:00+00:00","dateModified":"2017-06-02T16:59:36+00:00","author":{"@id":"https:\/\/interamerica.org\/fr\/#\/schema\/person\/68ede8bdc292885bb76c1e3810e73c39"},"breadcrumb":{"@id":"https:\/\/interamerica.org\/fr\/2012\/03\/godencounters-marque-une-decennie-de-ministere-aupres-des-jeunes-adultes\/#breadcrumb"},"inLanguage":"fr-FR","potentialAction":[{"@type":"ReadAction","target":["https:\/\/interamerica.org\/fr\/2012\/03\/godencounters-marque-une-decennie-de-ministere-aupres-des-jeunes-adultes\/"]}]},{"@type":"BreadcrumbList","@id":"https:\/\/interamerica.org\/fr\/2012\/03\/godencounters-marque-une-decennie-de-ministere-aupres-des-jeunes-adultes\/#breadcrumb","itemListElement":[{"@type":"ListItem","position":1,"name":"Home","item":"https:\/\/interamerica.org\/fr\/"},{"@type":"ListItem","position":2,"name":"GODencounters marque une d\u00e9cennie de minist\u00e8re aupr\u00e8s des jeunes adultes"}]},{"@type":"WebSite","@id":"https:\/\/interamerica.org\/fr\/#website","url":"https:\/\/interamerica.org\/fr\/","name":"\u00c9glise Adventiste Du Septieme Jour - Inter Am\u00e9rique Division","description":"","potentialAction":[{"@type":"SearchAction","target":{"@type":"EntryPoint","urlTemplate":"https:\/\/interamerica.org\/fr\/?s={search_term_string}"},"query-input":{"@type":"PropertyValueSpecification","valueRequired":true,"valueName":"search_term_string"}}],"inLanguage":"fr-FR"},{"@type":"Person","@id":"https:\/\/interamerica.org\/fr\/#\/schema\/person\/68ede8bdc292885bb76c1e3810e73c39","name":"Lorenzo Verduzco","image":{"@type":"ImageObject","inLanguage":"fr-FR","@id":"https:\/\/secure.gravatar.com\/avatar\/fb81a55b6218459490a9c1dc841a34909185b81904c5337b4b27f7a6fd60c49e?s=96&d=mm&r=g","url":"https:\/\/secure.gravatar.com\/avatar\/fb81a55b6218459490a9c1dc841a34909185b81904c5337b4b27f7a6fd60c49e?s=96&d=mm&r=g","contentUrl":"https:\/\/secure.gravatar.com\/avatar\/fb81a55b6218459490a9c1dc841a34909185b81904c5337b4b27f7a6fd60c49e?s=96&d=mm&r=g","caption":"Lorenzo Verduzco"}}]}},"_links":{"self":[{"href":"https:\/\/interamerica.org\/fr\/wp-json\/wp\/v2\/posts\/13747","targetHints":{"allow":["GET"]}}],"collection":[{"href":"https:\/\/interamerica.org\/fr\/wp-json\/wp\/v2\/posts"}],"about":[{"href":"https:\/\/interamerica.org\/fr\/wp-json\/wp\/v2\/types\/post"}],"author":[{"embeddable":true,"href":"https:\/\/interamerica.org\/fr\/wp-json\/wp\/v2\/users\/1"}],"replies":[{"embeddable":true,"href":"https:\/\/interamerica.org\/fr\/wp-json\/wp\/v2\/comments?post=13747"}],"version-history":[{"count":0,"href":"https:\/\/interamerica.org\/fr\/wp-json\/wp\/v2\/posts\/13747\/revisions"}],"wp:attachment":[{"href":"https:\/\/interamerica.org\/fr\/wp-json\/wp\/v2\/media?parent=13747"}],"wp:term":[{"taxonomy":"category","embeddable":true,"href":"https:\/\/interamerica.org\/fr\/wp-json\/wp\/v2\/categories?post=13747"},{"taxonomy":"post_tag","embeddable":true,"href":"https:\/\/interamerica.org\/fr\/wp-json\/wp\/v2\/tags?post=13747"}],"curies":[{"name":"wp","href":"https:\/\/api.w.org\/{rel}","templated":true}]}}