{"id":13790,"date":"2012-04-27T00:00:00","date_gmt":"2012-04-27T04:00:00","guid":{"rendered":"http:\/\/192.81.217.108\/interamerica\/2012\/04\/le-secretaire-detat-de-la-republique-dominicaine-remercie-lirlapour-ses-efforts-visant-a-promouvoir-la-liberte-religieuse-dans-le-monde\/"},"modified":"2017-06-02T12:59:15","modified_gmt":"2017-06-02T16:59:15","slug":"le-secretaire-detat-de-la-republique-dominicaine-remercie-lirlapour-ses-efforts-visant-a-promouvoir-la-liberte-religieuse-dans-le-monde","status":"publish","type":"post","link":"https:\/\/interamerica.org\/fr\/2012\/04\/le-secretaire-detat-de-la-republique-dominicaine-remercie-lirlapour-ses-efforts-visant-a-promouvoir-la-liberte-religieuse-dans-le-monde\/","title":{"rendered":"Le Secr\u00e9taire d&#39;Etat de la R\u00e9publique Dominicaine remercie l&#39;IRLApour ses efforts visant \u00e0 promouvoir la libert\u00e9 religieuse dans le monde"},"content":{"rendered":"<p>26 Avril 2012 &#8211; Punta cana, R\u00e9publique Dominicaine&#8230;BettinaKrause\/IRLA<\/p>\n<p>Cesar Pina Toribio, Secr\u00e9taire d&#39;Etat de la R\u00e9publique Dominicaine,a assist\u00e9 \u00e0 la derni\u00e8re session du 7<sup >\u00e8me<\/sup > Congr\u00e8s Mondial de laLibert\u00e9 Religieuse le 26 avril, il a \u00e0 cette occasion dit aux d\u00e9l\u00e9gu\u00e9s que sonpays partage leur engagement \u00e0 pr\u00e9server et \u00e0 promouvoir la libert\u00e9 de religion.<\/p>\n<p>Pina Toribio a \u00e9galement transmis les salutations dupr\u00e9sident de la R\u00e9publique Dominicaine, Leonel Fernandez, aux participants au congr\u00e8s.S&#39;exprimant en espagnol, Cesar Pina Toribio a indiqu\u00e9 qu&#39;il existe un espaceclair, sinc\u00e8re et permanent pour la libert\u00e9 religieuse en R\u00e9publiqueDominicaine. Il a f\u00e9licit\u00e9 et remerci\u00e9 les organisateurs pour le succ\u00e8s ducongr\u00e8s et pour leur travail consistant \u00e0 favoriser la prise de conscience surle r\u00f4le vital que joue la libert\u00e9 de conscience dans la construction d&#39;unenation forte et pacifique.<\/p>\n<p>\u00ab La R\u00e9publique Dominicaine est une soci\u00e9t\u00e9 pluraliste,et nous voulons faire tout ce qui est possible pour favoriser de bonnesrelations entre les religions et nous assurer que tous les groupes religieuxre\u00e7oivent un traitement \u00e9quivalent, \u00bb a t-i dit.<\/p>\n<\/p>\n<p><em >Traducteur: Patrick Luciathe <\/em ><br  \/><\/p>\n","protected":false},"excerpt":{"rendered":"<p>Cesar Pina Toribio, Secr\u00e9taire d&#39;Etat de la R\u00e9publique Dominicaine,a assist\u00e9 \u00e0 la derni\u00e8re session du 7\u00e8me Congr\u00e8s Mondial de laLibert\u00e9 Religieuse le 26 avril, il a \u00e0 cette occasio<\/p>\n","protected":false},"author":1,"featured_media":0,"comment_status":"closed","ping_status":"closed","sticky":false,"template":"","format":"standard","meta":{"_acf_changed":false,"footnotes":""},"categories":[9],"tags":[],"class_list":["post-13790","post","type-post","status-publish","format-standard","hentry","category-archive-fr"],"acf":[],"yoast_head":"<!-- This site is optimized with the Yoast SEO plugin v27.3 - https:\/\/yoast.com\/product\/yoast-seo-wordpress\/ -->\n<title>Le Secr\u00e9taire d&#039;Etat de la R\u00e9publique Dominicaine remercie l&#039;IRLApour ses efforts visant \u00e0 promouvoir la libert\u00e9 religieuse dans le monde - \u00c9glise Adventiste Du Septieme Jour - Inter Am\u00e9rique Division<\/title>\n<meta name=\"robots\" content=\"index, follow, max-snippet:-1, max-image-preview:large, max-video-preview:-1\" \/>\n<link rel=\"canonical\" href=\"https:\/\/interamerica.org\/fr\/2012\/04\/le-secretaire-detat-de-la-republique-dominicaine-remercie-lirlapour-ses-efforts-visant-a-promouvoir-la-liberte-religieuse-dans-le-monde\/\" \/>\n<meta property=\"og:locale\" content=\"fr_FR\" \/>\n<meta property=\"og:type\" content=\"article\" \/>\n<meta property=\"og:title\" content=\"Le Secr\u00e9taire d&#039;Etat de la R\u00e9publique Dominicaine remercie l&#039;IRLApour ses efforts visant \u00e0 promouvoir la libert\u00e9 religieuse dans le monde - \u00c9glise Adventiste Du Septieme Jour - Inter Am\u00e9rique Division\" \/>\n<meta property=\"og:description\" content=\"Cesar Pina Toribio, Secr\u00e9taire d&#039;Etat de la R\u00e9publique Dominicaine,a assist\u00e9 \u00e0 la derni\u00e8re session du 7\u00e8me Congr\u00e8s Mondial de laLibert\u00e9 Religieuse le 26 avril, il a \u00e0 cette occasio\" \/>\n<meta property=\"og:url\" content=\"https:\/\/interamerica.org\/fr\/2012\/04\/le-secretaire-detat-de-la-republique-dominicaine-remercie-lirlapour-ses-efforts-visant-a-promouvoir-la-liberte-religieuse-dans-le-monde\/\" \/>\n<meta property=\"og:site_name\" content=\"\u00c9glise Adventiste Du Septieme Jour - Inter Am\u00e9rique Division\" \/>\n<meta property=\"article:published_time\" content=\"2012-04-27T04:00:00+00:00\" \/>\n<meta property=\"article:modified_time\" content=\"2017-06-02T16:59:15+00:00\" \/>\n<meta name=\"author\" content=\"Lorenzo Verduzco\" \/>\n<meta name=\"twitter:card\" content=\"summary_large_image\" \/>\n<meta name=\"twitter:label1\" content=\"\u00c9crit par\" \/>\n\t<meta name=\"twitter:data1\" content=\"Lorenzo Verduzco\" \/>\n\t<meta name=\"twitter:label2\" content=\"Dur\u00e9e de lecture estim\u00e9e\" \/>\n\t<meta name=\"twitter:data2\" content=\"1 minute\" \/>\n<script type=\"application\/ld+json\" class=\"yoast-schema-graph\">{\"@context\":\"https:\\\/\\\/schema.org\",\"@graph\":[{\"@type\":\"Article\",\"@id\":\"https:\\\/\\\/interamerica.org\\\/fr\\\/2012\\\/04\\\/le-secretaire-detat-de-la-republique-dominicaine-remercie-lirlapour-ses-efforts-visant-a-promouvoir-la-liberte-religieuse-dans-le-monde\\\/#article\",\"isPartOf\":{\"@id\":\"https:\\\/\\\/interamerica.org\\\/fr\\\/2012\\\/04\\\/le-secretaire-detat-de-la-republique-dominicaine-remercie-lirlapour-ses-efforts-visant-a-promouvoir-la-liberte-religieuse-dans-le-monde\\\/\"},\"author\":{\"name\":\"Lorenzo Verduzco\",\"@id\":\"https:\\\/\\\/interamerica.org\\\/fr\\\/#\\\/schema\\\/person\\\/68ede8bdc292885bb76c1e3810e73c39\"},\"headline\":\"Le Secr\u00e9taire d&#39;Etat de la R\u00e9publique Dominicaine remercie l&#39;IRLApour ses efforts visant \u00e0 promouvoir la libert\u00e9 religieuse dans le monde\",\"datePublished\":\"2012-04-27T04:00:00+00:00\",\"dateModified\":\"2017-06-02T16:59:15+00:00\",\"mainEntityOfPage\":{\"@id\":\"https:\\\/\\\/interamerica.org\\\/fr\\\/2012\\\/04\\\/le-secretaire-detat-de-la-republique-dominicaine-remercie-lirlapour-ses-efforts-visant-a-promouvoir-la-liberte-religieuse-dans-le-monde\\\/\"},\"wordCount\":214,\"articleSection\":[\"Archive\"],\"inLanguage\":\"fr-FR\"},{\"@type\":\"WebPage\",\"@id\":\"https:\\\/\\\/interamerica.org\\\/fr\\\/2012\\\/04\\\/le-secretaire-detat-de-la-republique-dominicaine-remercie-lirlapour-ses-efforts-visant-a-promouvoir-la-liberte-religieuse-dans-le-monde\\\/\",\"url\":\"https:\\\/\\\/interamerica.org\\\/fr\\\/2012\\\/04\\\/le-secretaire-detat-de-la-republique-dominicaine-remercie-lirlapour-ses-efforts-visant-a-promouvoir-la-liberte-religieuse-dans-le-monde\\\/\",\"name\":\"Le Secr\u00e9taire d&#39;Etat de la R\u00e9publique Dominicaine remercie l&#39;IRLApour ses efforts visant \u00e0 promouvoir la libert\u00e9 religieuse dans le monde - \u00c9glise Adventiste Du Septieme Jour - Inter Am\u00e9rique Division\",\"isPartOf\":{\"@id\":\"https:\\\/\\\/interamerica.org\\\/fr\\\/#website\"},\"datePublished\":\"2012-04-27T04:00:00+00:00\",\"dateModified\":\"2017-06-02T16:59:15+00:00\",\"author\":{\"@id\":\"https:\\\/\\\/interamerica.org\\\/fr\\\/#\\\/schema\\\/person\\\/68ede8bdc292885bb76c1e3810e73c39\"},\"breadcrumb\":{\"@id\":\"https:\\\/\\\/interamerica.org\\\/fr\\\/2012\\\/04\\\/le-secretaire-detat-de-la-republique-dominicaine-remercie-lirlapour-ses-efforts-visant-a-promouvoir-la-liberte-religieuse-dans-le-monde\\\/#breadcrumb\"},\"inLanguage\":\"fr-FR\",\"potentialAction\":[{\"@type\":\"ReadAction\",\"target\":[\"https:\\\/\\\/interamerica.org\\\/fr\\\/2012\\\/04\\\/le-secretaire-detat-de-la-republique-dominicaine-remercie-lirlapour-ses-efforts-visant-a-promouvoir-la-liberte-religieuse-dans-le-monde\\\/\"]}]},{\"@type\":\"BreadcrumbList\",\"@id\":\"https:\\\/\\\/interamerica.org\\\/fr\\\/2012\\\/04\\\/le-secretaire-detat-de-la-republique-dominicaine-remercie-lirlapour-ses-efforts-visant-a-promouvoir-la-liberte-religieuse-dans-le-monde\\\/#breadcrumb\",\"itemListElement\":[{\"@type\":\"ListItem\",\"position\":1,\"name\":\"Home\",\"item\":\"https:\\\/\\\/interamerica.org\\\/fr\\\/\"},{\"@type\":\"ListItem\",\"position\":2,\"name\":\"Le Secr\u00e9taire d&#39;Etat de la R\u00e9publique Dominicaine remercie l&#39;IRLApour ses efforts visant \u00e0 promouvoir la libert\u00e9 religieuse dans le monde\"}]},{\"@type\":\"WebSite\",\"@id\":\"https:\\\/\\\/interamerica.org\\\/fr\\\/#website\",\"url\":\"https:\\\/\\\/interamerica.org\\\/fr\\\/\",\"name\":\"\u00c9glise Adventiste Du Septieme Jour - Inter Am\u00e9rique Division\",\"description\":\"\",\"potentialAction\":[{\"@type\":\"SearchAction\",\"target\":{\"@type\":\"EntryPoint\",\"urlTemplate\":\"https:\\\/\\\/interamerica.org\\\/fr\\\/?s={search_term_string}\"},\"query-input\":{\"@type\":\"PropertyValueSpecification\",\"valueRequired\":true,\"valueName\":\"search_term_string\"}}],\"inLanguage\":\"fr-FR\"},{\"@type\":\"Person\",\"@id\":\"https:\\\/\\\/interamerica.org\\\/fr\\\/#\\\/schema\\\/person\\\/68ede8bdc292885bb76c1e3810e73c39\",\"name\":\"Lorenzo Verduzco\",\"image\":{\"@type\":\"ImageObject\",\"inLanguage\":\"fr-FR\",\"@id\":\"https:\\\/\\\/secure.gravatar.com\\\/avatar\\\/fb81a55b6218459490a9c1dc841a34909185b81904c5337b4b27f7a6fd60c49e?s=96&d=mm&r=g\",\"url\":\"https:\\\/\\\/secure.gravatar.com\\\/avatar\\\/fb81a55b6218459490a9c1dc841a34909185b81904c5337b4b27f7a6fd60c49e?s=96&d=mm&r=g\",\"contentUrl\":\"https:\\\/\\\/secure.gravatar.com\\\/avatar\\\/fb81a55b6218459490a9c1dc841a34909185b81904c5337b4b27f7a6fd60c49e?s=96&d=mm&r=g\",\"caption\":\"Lorenzo Verduzco\"}}]}<\/script>\n<!-- \/ Yoast SEO plugin. -->","yoast_head_json":{"title":"Le Secr\u00e9taire d&#39;Etat de la R\u00e9publique Dominicaine remercie l&#39;IRLApour ses efforts visant \u00e0 promouvoir la libert\u00e9 religieuse dans le monde - \u00c9glise Adventiste Du Septieme Jour - Inter Am\u00e9rique Division","robots":{"index":"index","follow":"follow","max-snippet":"max-snippet:-1","max-image-preview":"max-image-preview:large","max-video-preview":"max-video-preview:-1"},"canonical":"https:\/\/interamerica.org\/fr\/2012\/04\/le-secretaire-detat-de-la-republique-dominicaine-remercie-lirlapour-ses-efforts-visant-a-promouvoir-la-liberte-religieuse-dans-le-monde\/","og_locale":"fr_FR","og_type":"article","og_title":"Le Secr\u00e9taire d&#39;Etat de la R\u00e9publique Dominicaine remercie l&#39;IRLApour ses efforts visant \u00e0 promouvoir la libert\u00e9 religieuse dans le monde - \u00c9glise Adventiste Du Septieme Jour - Inter Am\u00e9rique Division","og_description":"Cesar Pina Toribio, Secr\u00e9taire d&#39;Etat de la R\u00e9publique Dominicaine,a assist\u00e9 \u00e0 la derni\u00e8re session du 7\u00e8me Congr\u00e8s Mondial de laLibert\u00e9 Religieuse le 26 avril, il a \u00e0 cette occasio","og_url":"https:\/\/interamerica.org\/fr\/2012\/04\/le-secretaire-detat-de-la-republique-dominicaine-remercie-lirlapour-ses-efforts-visant-a-promouvoir-la-liberte-religieuse-dans-le-monde\/","og_site_name":"\u00c9glise Adventiste Du Septieme Jour - Inter Am\u00e9rique Division","article_published_time":"2012-04-27T04:00:00+00:00","article_modified_time":"2017-06-02T16:59:15+00:00","author":"Lorenzo Verduzco","twitter_card":"summary_large_image","twitter_misc":{"\u00c9crit par":"Lorenzo Verduzco","Dur\u00e9e de lecture estim\u00e9e":"1 minute"},"schema":{"@context":"https:\/\/schema.org","@graph":[{"@type":"Article","@id":"https:\/\/interamerica.org\/fr\/2012\/04\/le-secretaire-detat-de-la-republique-dominicaine-remercie-lirlapour-ses-efforts-visant-a-promouvoir-la-liberte-religieuse-dans-le-monde\/#article","isPartOf":{"@id":"https:\/\/interamerica.org\/fr\/2012\/04\/le-secretaire-detat-de-la-republique-dominicaine-remercie-lirlapour-ses-efforts-visant-a-promouvoir-la-liberte-religieuse-dans-le-monde\/"},"author":{"name":"Lorenzo Verduzco","@id":"https:\/\/interamerica.org\/fr\/#\/schema\/person\/68ede8bdc292885bb76c1e3810e73c39"},"headline":"Le Secr\u00e9taire d&#39;Etat de la R\u00e9publique Dominicaine remercie l&#39;IRLApour ses efforts visant \u00e0 promouvoir la libert\u00e9 religieuse dans le monde","datePublished":"2012-04-27T04:00:00+00:00","dateModified":"2017-06-02T16:59:15+00:00","mainEntityOfPage":{"@id":"https:\/\/interamerica.org\/fr\/2012\/04\/le-secretaire-detat-de-la-republique-dominicaine-remercie-lirlapour-ses-efforts-visant-a-promouvoir-la-liberte-religieuse-dans-le-monde\/"},"wordCount":214,"articleSection":["Archive"],"inLanguage":"fr-FR"},{"@type":"WebPage","@id":"https:\/\/interamerica.org\/fr\/2012\/04\/le-secretaire-detat-de-la-republique-dominicaine-remercie-lirlapour-ses-efforts-visant-a-promouvoir-la-liberte-religieuse-dans-le-monde\/","url":"https:\/\/interamerica.org\/fr\/2012\/04\/le-secretaire-detat-de-la-republique-dominicaine-remercie-lirlapour-ses-efforts-visant-a-promouvoir-la-liberte-religieuse-dans-le-monde\/","name":"Le Secr\u00e9taire d&#39;Etat de la R\u00e9publique Dominicaine remercie l&#39;IRLApour ses efforts visant \u00e0 promouvoir la libert\u00e9 religieuse dans le monde - \u00c9glise Adventiste Du Septieme Jour - Inter Am\u00e9rique Division","isPartOf":{"@id":"https:\/\/interamerica.org\/fr\/#website"},"datePublished":"2012-04-27T04:00:00+00:00","dateModified":"2017-06-02T16:59:15+00:00","author":{"@id":"https:\/\/interamerica.org\/fr\/#\/schema\/person\/68ede8bdc292885bb76c1e3810e73c39"},"breadcrumb":{"@id":"https:\/\/interamerica.org\/fr\/2012\/04\/le-secretaire-detat-de-la-republique-dominicaine-remercie-lirlapour-ses-efforts-visant-a-promouvoir-la-liberte-religieuse-dans-le-monde\/#breadcrumb"},"inLanguage":"fr-FR","potentialAction":[{"@type":"ReadAction","target":["https:\/\/interamerica.org\/fr\/2012\/04\/le-secretaire-detat-de-la-republique-dominicaine-remercie-lirlapour-ses-efforts-visant-a-promouvoir-la-liberte-religieuse-dans-le-monde\/"]}]},{"@type":"BreadcrumbList","@id":"https:\/\/interamerica.org\/fr\/2012\/04\/le-secretaire-detat-de-la-republique-dominicaine-remercie-lirlapour-ses-efforts-visant-a-promouvoir-la-liberte-religieuse-dans-le-monde\/#breadcrumb","itemListElement":[{"@type":"ListItem","position":1,"name":"Home","item":"https:\/\/interamerica.org\/fr\/"},{"@type":"ListItem","position":2,"name":"Le Secr\u00e9taire d&#39;Etat de la R\u00e9publique Dominicaine remercie l&#39;IRLApour ses efforts visant \u00e0 promouvoir la libert\u00e9 religieuse dans le monde"}]},{"@type":"WebSite","@id":"https:\/\/interamerica.org\/fr\/#website","url":"https:\/\/interamerica.org\/fr\/","name":"\u00c9glise Adventiste Du Septieme Jour - Inter Am\u00e9rique Division","description":"","potentialAction":[{"@type":"SearchAction","target":{"@type":"EntryPoint","urlTemplate":"https:\/\/interamerica.org\/fr\/?s={search_term_string}"},"query-input":{"@type":"PropertyValueSpecification","valueRequired":true,"valueName":"search_term_string"}}],"inLanguage":"fr-FR"},{"@type":"Person","@id":"https:\/\/interamerica.org\/fr\/#\/schema\/person\/68ede8bdc292885bb76c1e3810e73c39","name":"Lorenzo Verduzco","image":{"@type":"ImageObject","inLanguage":"fr-FR","@id":"https:\/\/secure.gravatar.com\/avatar\/fb81a55b6218459490a9c1dc841a34909185b81904c5337b4b27f7a6fd60c49e?s=96&d=mm&r=g","url":"https:\/\/secure.gravatar.com\/avatar\/fb81a55b6218459490a9c1dc841a34909185b81904c5337b4b27f7a6fd60c49e?s=96&d=mm&r=g","contentUrl":"https:\/\/secure.gravatar.com\/avatar\/fb81a55b6218459490a9c1dc841a34909185b81904c5337b4b27f7a6fd60c49e?s=96&d=mm&r=g","caption":"Lorenzo Verduzco"}}]}},"_links":{"self":[{"href":"https:\/\/interamerica.org\/fr\/wp-json\/wp\/v2\/posts\/13790","targetHints":{"allow":["GET"]}}],"collection":[{"href":"https:\/\/interamerica.org\/fr\/wp-json\/wp\/v2\/posts"}],"about":[{"href":"https:\/\/interamerica.org\/fr\/wp-json\/wp\/v2\/types\/post"}],"author":[{"embeddable":true,"href":"https:\/\/interamerica.org\/fr\/wp-json\/wp\/v2\/users\/1"}],"replies":[{"embeddable":true,"href":"https:\/\/interamerica.org\/fr\/wp-json\/wp\/v2\/comments?post=13790"}],"version-history":[{"count":0,"href":"https:\/\/interamerica.org\/fr\/wp-json\/wp\/v2\/posts\/13790\/revisions"}],"wp:attachment":[{"href":"https:\/\/interamerica.org\/fr\/wp-json\/wp\/v2\/media?parent=13790"}],"wp:term":[{"taxonomy":"category","embeddable":true,"href":"https:\/\/interamerica.org\/fr\/wp-json\/wp\/v2\/categories?post=13790"},{"taxonomy":"post_tag","embeddable":true,"href":"https:\/\/interamerica.org\/fr\/wp-json\/wp\/v2\/tags?post=13790"}],"curies":[{"name":"wp","href":"https:\/\/api.w.org\/{rel}","templated":true}]}}