{"id":138025,"date":"2026-01-22T20:47:23","date_gmt":"2026-01-23T01:47:23","guid":{"rendered":"https:\/\/interamerica.org\/?p=138025"},"modified":"2026-01-23T12:27:24","modified_gmt":"2026-01-23T17:27:24","slug":"une-serie-speciale-de-formation-de-disciples-creatifs-pour-consolider-laction-des-femmes-dans-la-mission","status":"publish","type":"post","link":"https:\/\/interamerica.org\/fr\/2026\/01\/une-serie-speciale-de-formation-de-disciples-creatifs-pour-consolider-laction-des-femmes-dans-la-mission\/","title":{"rendered":"Une s\u00e9rie sp\u00e9ciale de formation de \u00ab Disciples Cr\u00e9atifs \u00bb pour consolider l\u2019action des femmes dans la mission"},"content":{"rendered":"<p><em>Un programme hebdomadaire en ligne permettra aux femmes d\u2019acqu\u00e9rir des outils num\u00e9riques pour la mission, \u00e0 partir du 8 f\u00e9vrier.<\/em><\/p>\n<p>23 Janvier 2026 | Miami, Floride, \u00c9tats-Unis | Libna Stevens, Actualit\u00e9s de la Division Inter Am\u00e9ricaine<\/p>\n<p>La Division Inter Am\u00e9ricaine (DIA) lancera, \u00e0 partir du 8 f\u00e9vrier et pour l\u2019ensemble du territoire, une nouvelle initiative de formation num\u00e9rique destin\u00e9e aux femmes. L\u2019objectif est de les \u00e9quiper de telle sorte qu\u2019elles puissent utiliser leur cr\u00e9ativit\u00e9 et les outils num\u00e9riques afin de partager leur foi dans le monde connect\u00e9 d\u2019aujourd\u2019hui.<\/p>\n<p>Intitul\u00e9e \u00ab Disciples Cr\u00e9atifs, \u00bb cette s\u00e9rie en ligne de 10 semaines se d\u00e9roulera le dimanche \u00e0 11 h (heure de Miami) jusqu\u2019au 12 avril. Elle est le fruit d\u2019une collaboration entre les minist\u00e8res de la femme et des d\u00e9partements de communication de la DIA.<\/p>\n<p>Sandra Pinto, directrice des minist\u00e8res de la femme de la DIA, a d\u00e9clar\u00e9 que cette initiative r\u00e9pond \u00e0 l\u2019appel du Christ \u00e0 faire des disciples, tout en tenant compte des changements intervenus dans la fa\u00e7on dont les gens entrent en contact et communiquent.<\/p>\n<p>\u00ab Cette formation a \u00e9t\u00e9 con\u00e7ue pour les femmes qui aiment Dieu et sont pr\u00eates \u00e0 proclamer son \u00e9vangile et son amour en utilisant des m\u00e9thodes qui sont vraiment pertinentes dans le monde d\u2019aujourd\u2019hui, \u00bb a d\u00e9clar\u00e9 Sandra Pinto. \u00ab Nous n\u2019apprenons pas seulement, nous mettons nos dons et nos talents au service de Dieu. \u00bb<\/p>\n<img fetchpriority=\"high\" decoding=\"async\" class=\"aligncenter wp-image-138005\" src=\"https:\/\/interamerica.org\/wp-content\/uploads\/2026\/01\/wm-cd26-poster-eng-1.jpeg\" alt=\"\" width=\"583\" height=\"849\" srcset=\"https:\/\/interamerica.org\/wp-content\/uploads\/2026\/01\/wm-cd26-poster-eng-1.jpeg 650w, https:\/\/interamerica.org\/wp-content\/uploads\/2026\/01\/wm-cd26-poster-eng-1-206x300.jpeg 206w\" sizes=\"(max-width: 583px) 100vw, 583px\" \/>\n<p>Les sessions hebdomadaires feront intervenir des professionnels de la communication venus de toute la DIA et de l\u2019\u00c9glise adventiste mondiale ; ils proposeront des pr\u00e9sentations courtes et pratiques mettant l\u2019accent sur l\u2019utilisation d\u2019outils num\u00e9riques accessibles, tels que les smartphones, les plateformes des r\u00e9seaux sociaux et les applications de messagerie. Chaque session se conclura par un d\u00e9fi hebdomadaire con\u00e7u pour aider les participantes \u00e0 appliquer imm\u00e9diatement ce qu\u2019elles apprennent dans des contextes de minist\u00e8re concrets.<\/p>\n<p>Sandra Pinto a d\u00e9crit le programme comme un cheminement plut\u00f4t qu\u2019un programme unique.<\/p>\n<p>\u00ab Il ne s\u2019agit pas d\u2019une activit\u00e9 isol\u00e9e, \u00bb a-t-elle pr\u00e9cis\u00e9. \u00ab C\u2019est le d\u00e9but d\u2019un parcours de 10 semaines durant lequel nous grandirons ensemble, nous apprendrons ensemble, et nous laisserons Dieu utiliser notre cr\u00e9ativit\u00e9 et notre engagement pour toucher des vies pour sa gloire. \u00bb<\/p>\n<p><strong>Former des femmes \u00e0 l\u2019\u00e9vang\u00e9lisation num\u00e9rique<\/strong><\/p>\n<p>Abel M\u00e1rquez, directeur de la communication de la DIA, a indiqu\u00e9 que ce projet t\u00e9moigne de l\u2019emphase croissante plac\u00e9e sur la collaboration entre les d\u00e9partements dans le cadre du plan strat\u00e9gique de la DIA.<\/p>\n<p>\u00ab Conform\u00e9ment au plan strat\u00e9gique de la division, nous travaillons maintenant plus \u00e9troitement entre d\u00e9partements. Il s\u2019agit d\u2019une initiative des minist\u00e8res de la femme qui ont voulu que nous travaillions ensemble pour former les femmes dans toute l\u2019Inter Am\u00e9rique afin que ces derni\u00e8res sachent utiliser les r\u00e9seaux sociaux et les technologies disponibles pour l\u2019\u00e9vang\u00e9lisation, \u00bb a d\u00e9clar\u00e9 Abel M\u00e1rquez.<\/p>\n<p>Il a expliqu\u00e9 que le format avait \u00e9t\u00e9 volontairement con\u00e7u pour \u00eatre simple, accessible et ax\u00e9 sur l\u2019action.<\/p>\n<p>\u00ab Il ne s\u2019agit pas de longs s\u00e9minaires comme on en trouve partout en ligne, \u00bb a pr\u00e9cis\u00e9 Abel M\u00e1rquez. \u00ab Ce sont des modules courts proposant des id\u00e9es pratiques, qui peuvent \u00eatre mises en place en utilisant une technologie simple, comme un t\u00e9l\u00e9phone portable, les r\u00e9seaux sociaux ou les groupes WhatsApp. \u00bb<\/p>\n<p>La formation est ouverte \u00e0 tous et ne n\u00e9cessite aucune inscription, ce qui permet une large participation sur l\u2019ensemble du territoire.<\/p>\n<p>\u00ab Nous ne voulions pas d\u2019une plateforme ferm\u00e9e, \u00bb a dit Abel M\u00e1rquez. \u00ab Cette formation est ouverte \u00e0 tous. Les femmes repr\u00e9sentent la majorit\u00e9 des membres d\u2019\u00e9glise, et lorsqu\u2019elles se mobilisent, l\u2019\u00c9glise progresse. \u00bb<\/p>\n<p><strong>Pr\u00e9paration pour des initiatives missionnaires sur l\u2019ensemble du territoire<\/strong><\/p>\n<p>Les dirigeants ont \u00e9galement soulign\u00e9 que cette initiative fait partie d\u2019une strat\u00e9gie de pr\u00e9paration plus vaste pour les prochaines campagnes d\u2019\u00e9vang\u00e9lisation.<\/p>\n<p>\u00ab Toutes les initiatives de 2026 visent \u00e0 pr\u00e9parer l\u2019\u00c9glise \u00e0 vivre la mission, en commen\u00e7ant par OneVoice27 (UneVoix27), qui marquera une \u00e9tape importante dans la communication mondiale, \u00bb a d\u00e9clar\u00e9 Abel M\u00e1rquez. \u00ab Cette fois-ci, il ne s\u2019agira pas de consid\u00e9rer une seule technologie, mais d\u2019utiliser tous les outils possibles pour proclamer l\u2019\u00e9vangile. \u00bb<\/p>\n<p>Sandra Pinto s\u2019est fait l\u2019\u00e9cho de cette vision, encourageant les femmes \u00e0 consid\u00e9rer leur cr\u00e9ativit\u00e9 comme un outil pour la mission.<\/p>\n<p>\u00ab Dieu veut utiliser leur voix, leurs id\u00e9es et leur cr\u00e9ativit\u00e9 pour apporter l\u2019esp\u00e9rance, \u00bb a-t-elle dit. \u00ab Cet espace est d\u00e9di\u00e9 aux femmes qui veulent servir Dieu avec ce qu\u2019il a d\u00e9j\u00e0 plac\u00e9 entre leurs mains. \u00bb<\/p>\n<p>Les sessions aborderont des th\u00e8mes tels que \u00ab La Femme Connect\u00e9e, \u00bb qui met l\u2019accent sur la construction de relations num\u00e9riques significatives ; \u00ab Des R\u00e9cits qui Transforment, \u00bb qui met en lumi\u00e8re le pouvoir de la narration pour la mission ; et \u00ab Du Clic au Message, \u00bb qui explore comment les \u00e9changes en ligne peuvent mener \u00e0 des conversations spirituelles.<\/p>\n<p>Les sessions de formation hebdomadaires seront diffus\u00e9es en ligne sur <a href=\"https:\/\/www.youtube.com\/InterAmericanDivision\">webcast.interamerica.org<\/a> en anglais et en espagnol \u00e0 partir du dimanche 8 f\u00e9vrier \u00e0 11h00 (heure de Miami) et se poursuivront pendant 10 dimanches cons\u00e9cutifs, jusqu\u2019au 12 avril.<\/p>\n<p>Les dirigeants d\u2019\u00e9glise encouragent les femmes de tout le territoire \u00e0 participer et \u00e0 inviter d\u2019autres personnes, ; ils soulignent que cette s\u00e9rie n\u2019a pas seulement pour objectif d\u2019informer, mais aussi de mobiliser les femmes pour une vie de disciples actifs et pour la mission num\u00e9rique.<\/p>\n<p>Les organisateurs pr\u00e9cisent que l\u2019objectif est que chaque participante reparte \u00e9quip\u00e9e, confiante et pr\u00eate \u00e0 utiliser sa voix, sa cr\u00e9ativit\u00e9 et son influence pour proclamer l\u2019esp\u00e9rance de mani\u00e8re concr\u00e8te.<\/p>\n<p>Traduction: Patrick Luciathe<\/p>\n","protected":false},"excerpt":{"rendered":"<p>Un programme hebdomadaire en ligne permettra aux femmes d\u2019acqu\u00e9rir des outils num\u00e9riques pour la mission, \u00e0 partir du 8 f\u00e9vrier. 23 Janvier 2026 | Miami, Floride, \u00c9tats-Unis | Libna Stevens,&#8230;<\/p>\n","protected":false},"author":3,"featured_media":138026,"comment_status":"closed","ping_status":"closed","sticky":false,"template":"","format":"standard","meta":{"_acf_changed":false,"footnotes":""},"categories":[20,19],"tags":[],"class_list":["post-138025","post","type-post","status-publish","format-standard","has-post-thumbnail","hentry","category-nouvelles-du-siege-de-la-division","category-rss-francais"],"acf":[],"yoast_head":"<!-- This site is optimized with the Yoast SEO plugin v27.3 - https:\/\/yoast.com\/product\/yoast-seo-wordpress\/ -->\n<title>Une s\u00e9rie sp\u00e9ciale de formation de \u00ab Disciples Cr\u00e9atifs \u00bb pour consolider l\u2019action des femmes dans la mission - \u00c9glise Adventiste Du Septieme Jour - Inter Am\u00e9rique Division<\/title>\n<meta name=\"robots\" content=\"index, follow, max-snippet:-1, max-image-preview:large, max-video-preview:-1\" \/>\n<link rel=\"canonical\" href=\"https:\/\/interamerica.org\/fr\/2026\/01\/une-serie-speciale-de-formation-de-disciples-creatifs-pour-consolider-laction-des-femmes-dans-la-mission\/\" \/>\n<meta property=\"og:locale\" content=\"fr_FR\" \/>\n<meta property=\"og:type\" content=\"article\" \/>\n<meta property=\"og:title\" content=\"Une s\u00e9rie sp\u00e9ciale de formation de \u00ab Disciples Cr\u00e9atifs \u00bb pour consolider l\u2019action des femmes dans la mission - \u00c9glise Adventiste Du Septieme Jour - Inter Am\u00e9rique Division\" \/>\n<meta property=\"og:description\" content=\"Un programme hebdomadaire en ligne permettra aux femmes d\u2019acqu\u00e9rir des outils num\u00e9riques pour la mission, \u00e0 partir du 8 f\u00e9vrier. 23 Janvier 2026 | Miami, Floride, \u00c9tats-Unis | Libna Stevens,...\" \/>\n<meta property=\"og:url\" content=\"https:\/\/interamerica.org\/fr\/2026\/01\/une-serie-speciale-de-formation-de-disciples-creatifs-pour-consolider-laction-des-femmes-dans-la-mission\/\" \/>\n<meta property=\"og:site_name\" content=\"\u00c9glise Adventiste Du Septieme Jour - Inter Am\u00e9rique Division\" \/>\n<meta property=\"article:published_time\" content=\"2026-01-23T01:47:23+00:00\" \/>\n<meta property=\"article:modified_time\" content=\"2026-01-23T17:27:24+00:00\" \/>\n<meta property=\"og:image\" content=\"https:\/\/interamerica.org\/wp-content\/uploads\/2026\/01\/wmcd26-header-web-2-1280-1.jpg\" \/>\n\t<meta property=\"og:image:width\" content=\"1280\" \/>\n\t<meta property=\"og:image:height\" content=\"800\" \/>\n\t<meta property=\"og:image:type\" content=\"image\/jpeg\" \/>\n<meta name=\"author\" content=\"libna\" \/>\n<meta name=\"twitter:card\" content=\"summary_large_image\" \/>\n<meta name=\"twitter:label1\" content=\"\u00c9crit par\" \/>\n\t<meta name=\"twitter:data1\" content=\"libna\" \/>\n\t<meta name=\"twitter:label2\" content=\"Dur\u00e9e de lecture estim\u00e9e\" \/>\n\t<meta name=\"twitter:data2\" content=\"5 minutes\" \/>\n<script type=\"application\/ld+json\" class=\"yoast-schema-graph\">{\"@context\":\"https:\\\/\\\/schema.org\",\"@graph\":[{\"@type\":\"Article\",\"@id\":\"https:\\\/\\\/interamerica.org\\\/fr\\\/2026\\\/01\\\/une-serie-speciale-de-formation-de-disciples-creatifs-pour-consolider-laction-des-femmes-dans-la-mission\\\/#article\",\"isPartOf\":{\"@id\":\"https:\\\/\\\/interamerica.org\\\/fr\\\/2026\\\/01\\\/une-serie-speciale-de-formation-de-disciples-creatifs-pour-consolider-laction-des-femmes-dans-la-mission\\\/\"},\"author\":{\"name\":\"libna\",\"@id\":\"https:\\\/\\\/interamerica.org\\\/fr\\\/#\\\/schema\\\/person\\\/29998f2bc2d8bd0d38662909289b54f1\"},\"headline\":\"Une s\u00e9rie sp\u00e9ciale de formation de \u00ab Disciples Cr\u00e9atifs \u00bb pour consolider l\u2019action des femmes dans la mission\",\"datePublished\":\"2026-01-23T01:47:23+00:00\",\"dateModified\":\"2026-01-23T17:27:24+00:00\",\"mainEntityOfPage\":{\"@id\":\"https:\\\/\\\/interamerica.org\\\/fr\\\/2026\\\/01\\\/une-serie-speciale-de-formation-de-disciples-creatifs-pour-consolider-laction-des-femmes-dans-la-mission\\\/\"},\"wordCount\":1017,\"image\":{\"@id\":\"https:\\\/\\\/interamerica.org\\\/fr\\\/2026\\\/01\\\/une-serie-speciale-de-formation-de-disciples-creatifs-pour-consolider-laction-des-femmes-dans-la-mission\\\/#primaryimage\"},\"thumbnailUrl\":\"https:\\\/\\\/interamerica.org\\\/wp-content\\\/uploads\\\/2026\\\/01\\\/wmcd26-header-web-2-1280-1.jpg\",\"articleSection\":[\"Nouvelles du si\u00e8ge de la division\",\"RSS Fran\u00e7ais\"],\"inLanguage\":\"fr-FR\"},{\"@type\":\"WebPage\",\"@id\":\"https:\\\/\\\/interamerica.org\\\/fr\\\/2026\\\/01\\\/une-serie-speciale-de-formation-de-disciples-creatifs-pour-consolider-laction-des-femmes-dans-la-mission\\\/\",\"url\":\"https:\\\/\\\/interamerica.org\\\/fr\\\/2026\\\/01\\\/une-serie-speciale-de-formation-de-disciples-creatifs-pour-consolider-laction-des-femmes-dans-la-mission\\\/\",\"name\":\"Une s\u00e9rie sp\u00e9ciale de formation de \u00ab Disciples Cr\u00e9atifs \u00bb pour consolider l\u2019action des femmes dans la mission - \u00c9glise Adventiste Du Septieme Jour - Inter Am\u00e9rique Division\",\"isPartOf\":{\"@id\":\"https:\\\/\\\/interamerica.org\\\/fr\\\/#website\"},\"primaryImageOfPage\":{\"@id\":\"https:\\\/\\\/interamerica.org\\\/fr\\\/2026\\\/01\\\/une-serie-speciale-de-formation-de-disciples-creatifs-pour-consolider-laction-des-femmes-dans-la-mission\\\/#primaryimage\"},\"image\":{\"@id\":\"https:\\\/\\\/interamerica.org\\\/fr\\\/2026\\\/01\\\/une-serie-speciale-de-formation-de-disciples-creatifs-pour-consolider-laction-des-femmes-dans-la-mission\\\/#primaryimage\"},\"thumbnailUrl\":\"https:\\\/\\\/interamerica.org\\\/wp-content\\\/uploads\\\/2026\\\/01\\\/wmcd26-header-web-2-1280-1.jpg\",\"datePublished\":\"2026-01-23T01:47:23+00:00\",\"dateModified\":\"2026-01-23T17:27:24+00:00\",\"author\":{\"@id\":\"https:\\\/\\\/interamerica.org\\\/fr\\\/#\\\/schema\\\/person\\\/29998f2bc2d8bd0d38662909289b54f1\"},\"breadcrumb\":{\"@id\":\"https:\\\/\\\/interamerica.org\\\/fr\\\/2026\\\/01\\\/une-serie-speciale-de-formation-de-disciples-creatifs-pour-consolider-laction-des-femmes-dans-la-mission\\\/#breadcrumb\"},\"inLanguage\":\"fr-FR\",\"potentialAction\":[{\"@type\":\"ReadAction\",\"target\":[\"https:\\\/\\\/interamerica.org\\\/fr\\\/2026\\\/01\\\/une-serie-speciale-de-formation-de-disciples-creatifs-pour-consolider-laction-des-femmes-dans-la-mission\\\/\"]}]},{\"@type\":\"ImageObject\",\"inLanguage\":\"fr-FR\",\"@id\":\"https:\\\/\\\/interamerica.org\\\/fr\\\/2026\\\/01\\\/une-serie-speciale-de-formation-de-disciples-creatifs-pour-consolider-laction-des-femmes-dans-la-mission\\\/#primaryimage\",\"url\":\"https:\\\/\\\/interamerica.org\\\/wp-content\\\/uploads\\\/2026\\\/01\\\/wmcd26-header-web-2-1280-1.jpg\",\"contentUrl\":\"https:\\\/\\\/interamerica.org\\\/wp-content\\\/uploads\\\/2026\\\/01\\\/wmcd26-header-web-2-1280-1.jpg\",\"width\":1280,\"height\":800,\"caption\":\"[Image: Communication DIA]\"},{\"@type\":\"BreadcrumbList\",\"@id\":\"https:\\\/\\\/interamerica.org\\\/fr\\\/2026\\\/01\\\/une-serie-speciale-de-formation-de-disciples-creatifs-pour-consolider-laction-des-femmes-dans-la-mission\\\/#breadcrumb\",\"itemListElement\":[{\"@type\":\"ListItem\",\"position\":1,\"name\":\"Home\",\"item\":\"https:\\\/\\\/interamerica.org\\\/fr\\\/\"},{\"@type\":\"ListItem\",\"position\":2,\"name\":\"Une s\u00e9rie sp\u00e9ciale de formation de \u00ab Disciples Cr\u00e9atifs \u00bb pour consolider l\u2019action des femmes dans la mission\"}]},{\"@type\":\"WebSite\",\"@id\":\"https:\\\/\\\/interamerica.org\\\/fr\\\/#website\",\"url\":\"https:\\\/\\\/interamerica.org\\\/fr\\\/\",\"name\":\"\u00c9glise Adventiste Du Septieme Jour - Inter Am\u00e9rique Division\",\"description\":\"\",\"potentialAction\":[{\"@type\":\"SearchAction\",\"target\":{\"@type\":\"EntryPoint\",\"urlTemplate\":\"https:\\\/\\\/interamerica.org\\\/fr\\\/?s={search_term_string}\"},\"query-input\":{\"@type\":\"PropertyValueSpecification\",\"valueRequired\":true,\"valueName\":\"search_term_string\"}}],\"inLanguage\":\"fr-FR\"},{\"@type\":\"Person\",\"@id\":\"https:\\\/\\\/interamerica.org\\\/fr\\\/#\\\/schema\\\/person\\\/29998f2bc2d8bd0d38662909289b54f1\",\"name\":\"libna\",\"image\":{\"@type\":\"ImageObject\",\"inLanguage\":\"fr-FR\",\"@id\":\"https:\\\/\\\/secure.gravatar.com\\\/avatar\\\/7c5bd30ae4b47a9ba3c856590957fd1d96dc588bf3ac05719d247e126840331f?s=96&d=mm&r=g\",\"url\":\"https:\\\/\\\/secure.gravatar.com\\\/avatar\\\/7c5bd30ae4b47a9ba3c856590957fd1d96dc588bf3ac05719d247e126840331f?s=96&d=mm&r=g\",\"contentUrl\":\"https:\\\/\\\/secure.gravatar.com\\\/avatar\\\/7c5bd30ae4b47a9ba3c856590957fd1d96dc588bf3ac05719d247e126840331f?s=96&d=mm&r=g\",\"caption\":\"libna\"}}]}<\/script>\n<!-- \/ Yoast SEO plugin. -->","yoast_head_json":{"title":"Une s\u00e9rie sp\u00e9ciale de formation de \u00ab Disciples Cr\u00e9atifs \u00bb pour consolider l\u2019action des femmes dans la mission - \u00c9glise Adventiste Du Septieme Jour - Inter Am\u00e9rique Division","robots":{"index":"index","follow":"follow","max-snippet":"max-snippet:-1","max-image-preview":"max-image-preview:large","max-video-preview":"max-video-preview:-1"},"canonical":"https:\/\/interamerica.org\/fr\/2026\/01\/une-serie-speciale-de-formation-de-disciples-creatifs-pour-consolider-laction-des-femmes-dans-la-mission\/","og_locale":"fr_FR","og_type":"article","og_title":"Une s\u00e9rie sp\u00e9ciale de formation de \u00ab Disciples Cr\u00e9atifs \u00bb pour consolider l\u2019action des femmes dans la mission - \u00c9glise Adventiste Du Septieme Jour - Inter Am\u00e9rique Division","og_description":"Un programme hebdomadaire en ligne permettra aux femmes d\u2019acqu\u00e9rir des outils num\u00e9riques pour la mission, \u00e0 partir du 8 f\u00e9vrier. 23 Janvier 2026 | Miami, Floride, \u00c9tats-Unis | Libna Stevens,...","og_url":"https:\/\/interamerica.org\/fr\/2026\/01\/une-serie-speciale-de-formation-de-disciples-creatifs-pour-consolider-laction-des-femmes-dans-la-mission\/","og_site_name":"\u00c9glise Adventiste Du Septieme Jour - Inter Am\u00e9rique Division","article_published_time":"2026-01-23T01:47:23+00:00","article_modified_time":"2026-01-23T17:27:24+00:00","og_image":[{"width":1280,"height":800,"url":"https:\/\/interamerica.org\/wp-content\/uploads\/2026\/01\/wmcd26-header-web-2-1280-1.jpg","type":"image\/jpeg"}],"author":"libna","twitter_card":"summary_large_image","twitter_misc":{"\u00c9crit par":"libna","Dur\u00e9e de lecture estim\u00e9e":"5 minutes"},"schema":{"@context":"https:\/\/schema.org","@graph":[{"@type":"Article","@id":"https:\/\/interamerica.org\/fr\/2026\/01\/une-serie-speciale-de-formation-de-disciples-creatifs-pour-consolider-laction-des-femmes-dans-la-mission\/#article","isPartOf":{"@id":"https:\/\/interamerica.org\/fr\/2026\/01\/une-serie-speciale-de-formation-de-disciples-creatifs-pour-consolider-laction-des-femmes-dans-la-mission\/"},"author":{"name":"libna","@id":"https:\/\/interamerica.org\/fr\/#\/schema\/person\/29998f2bc2d8bd0d38662909289b54f1"},"headline":"Une s\u00e9rie sp\u00e9ciale de formation de \u00ab Disciples Cr\u00e9atifs \u00bb pour consolider l\u2019action des femmes dans la mission","datePublished":"2026-01-23T01:47:23+00:00","dateModified":"2026-01-23T17:27:24+00:00","mainEntityOfPage":{"@id":"https:\/\/interamerica.org\/fr\/2026\/01\/une-serie-speciale-de-formation-de-disciples-creatifs-pour-consolider-laction-des-femmes-dans-la-mission\/"},"wordCount":1017,"image":{"@id":"https:\/\/interamerica.org\/fr\/2026\/01\/une-serie-speciale-de-formation-de-disciples-creatifs-pour-consolider-laction-des-femmes-dans-la-mission\/#primaryimage"},"thumbnailUrl":"https:\/\/interamerica.org\/wp-content\/uploads\/2026\/01\/wmcd26-header-web-2-1280-1.jpg","articleSection":["Nouvelles du si\u00e8ge de la division","RSS Fran\u00e7ais"],"inLanguage":"fr-FR"},{"@type":"WebPage","@id":"https:\/\/interamerica.org\/fr\/2026\/01\/une-serie-speciale-de-formation-de-disciples-creatifs-pour-consolider-laction-des-femmes-dans-la-mission\/","url":"https:\/\/interamerica.org\/fr\/2026\/01\/une-serie-speciale-de-formation-de-disciples-creatifs-pour-consolider-laction-des-femmes-dans-la-mission\/","name":"Une s\u00e9rie sp\u00e9ciale de formation de \u00ab Disciples Cr\u00e9atifs \u00bb pour consolider l\u2019action des femmes dans la mission - \u00c9glise Adventiste Du Septieme Jour - Inter Am\u00e9rique Division","isPartOf":{"@id":"https:\/\/interamerica.org\/fr\/#website"},"primaryImageOfPage":{"@id":"https:\/\/interamerica.org\/fr\/2026\/01\/une-serie-speciale-de-formation-de-disciples-creatifs-pour-consolider-laction-des-femmes-dans-la-mission\/#primaryimage"},"image":{"@id":"https:\/\/interamerica.org\/fr\/2026\/01\/une-serie-speciale-de-formation-de-disciples-creatifs-pour-consolider-laction-des-femmes-dans-la-mission\/#primaryimage"},"thumbnailUrl":"https:\/\/interamerica.org\/wp-content\/uploads\/2026\/01\/wmcd26-header-web-2-1280-1.jpg","datePublished":"2026-01-23T01:47:23+00:00","dateModified":"2026-01-23T17:27:24+00:00","author":{"@id":"https:\/\/interamerica.org\/fr\/#\/schema\/person\/29998f2bc2d8bd0d38662909289b54f1"},"breadcrumb":{"@id":"https:\/\/interamerica.org\/fr\/2026\/01\/une-serie-speciale-de-formation-de-disciples-creatifs-pour-consolider-laction-des-femmes-dans-la-mission\/#breadcrumb"},"inLanguage":"fr-FR","potentialAction":[{"@type":"ReadAction","target":["https:\/\/interamerica.org\/fr\/2026\/01\/une-serie-speciale-de-formation-de-disciples-creatifs-pour-consolider-laction-des-femmes-dans-la-mission\/"]}]},{"@type":"ImageObject","inLanguage":"fr-FR","@id":"https:\/\/interamerica.org\/fr\/2026\/01\/une-serie-speciale-de-formation-de-disciples-creatifs-pour-consolider-laction-des-femmes-dans-la-mission\/#primaryimage","url":"https:\/\/interamerica.org\/wp-content\/uploads\/2026\/01\/wmcd26-header-web-2-1280-1.jpg","contentUrl":"https:\/\/interamerica.org\/wp-content\/uploads\/2026\/01\/wmcd26-header-web-2-1280-1.jpg","width":1280,"height":800,"caption":"[Image: Communication DIA]"},{"@type":"BreadcrumbList","@id":"https:\/\/interamerica.org\/fr\/2026\/01\/une-serie-speciale-de-formation-de-disciples-creatifs-pour-consolider-laction-des-femmes-dans-la-mission\/#breadcrumb","itemListElement":[{"@type":"ListItem","position":1,"name":"Home","item":"https:\/\/interamerica.org\/fr\/"},{"@type":"ListItem","position":2,"name":"Une s\u00e9rie sp\u00e9ciale de formation de \u00ab Disciples Cr\u00e9atifs \u00bb pour consolider l\u2019action des femmes dans la mission"}]},{"@type":"WebSite","@id":"https:\/\/interamerica.org\/fr\/#website","url":"https:\/\/interamerica.org\/fr\/","name":"\u00c9glise Adventiste Du Septieme Jour - Inter Am\u00e9rique Division","description":"","potentialAction":[{"@type":"SearchAction","target":{"@type":"EntryPoint","urlTemplate":"https:\/\/interamerica.org\/fr\/?s={search_term_string}"},"query-input":{"@type":"PropertyValueSpecification","valueRequired":true,"valueName":"search_term_string"}}],"inLanguage":"fr-FR"},{"@type":"Person","@id":"https:\/\/interamerica.org\/fr\/#\/schema\/person\/29998f2bc2d8bd0d38662909289b54f1","name":"libna","image":{"@type":"ImageObject","inLanguage":"fr-FR","@id":"https:\/\/secure.gravatar.com\/avatar\/7c5bd30ae4b47a9ba3c856590957fd1d96dc588bf3ac05719d247e126840331f?s=96&d=mm&r=g","url":"https:\/\/secure.gravatar.com\/avatar\/7c5bd30ae4b47a9ba3c856590957fd1d96dc588bf3ac05719d247e126840331f?s=96&d=mm&r=g","contentUrl":"https:\/\/secure.gravatar.com\/avatar\/7c5bd30ae4b47a9ba3c856590957fd1d96dc588bf3ac05719d247e126840331f?s=96&d=mm&r=g","caption":"libna"}}]}},"_links":{"self":[{"href":"https:\/\/interamerica.org\/fr\/wp-json\/wp\/v2\/posts\/138025","targetHints":{"allow":["GET"]}}],"collection":[{"href":"https:\/\/interamerica.org\/fr\/wp-json\/wp\/v2\/posts"}],"about":[{"href":"https:\/\/interamerica.org\/fr\/wp-json\/wp\/v2\/types\/post"}],"author":[{"embeddable":true,"href":"https:\/\/interamerica.org\/fr\/wp-json\/wp\/v2\/users\/3"}],"replies":[{"embeddable":true,"href":"https:\/\/interamerica.org\/fr\/wp-json\/wp\/v2\/comments?post=138025"}],"version-history":[{"count":1,"href":"https:\/\/interamerica.org\/fr\/wp-json\/wp\/v2\/posts\/138025\/revisions"}],"predecessor-version":[{"id":138034,"href":"https:\/\/interamerica.org\/fr\/wp-json\/wp\/v2\/posts\/138025\/revisions\/138034"}],"wp:featuredmedia":[{"embeddable":true,"href":"https:\/\/interamerica.org\/fr\/wp-json\/wp\/v2\/media\/138026"}],"wp:attachment":[{"href":"https:\/\/interamerica.org\/fr\/wp-json\/wp\/v2\/media?parent=138025"}],"wp:term":[{"taxonomy":"category","embeddable":true,"href":"https:\/\/interamerica.org\/fr\/wp-json\/wp\/v2\/categories?post=138025"},{"taxonomy":"post_tag","embeddable":true,"href":"https:\/\/interamerica.org\/fr\/wp-json\/wp\/v2\/tags?post=138025"}],"curies":[{"name":"wp","href":"https:\/\/api.w.org\/{rel}","templated":true}]}}