{"id":13847,"date":"2012-07-30T00:00:00","date_gmt":"2012-07-30T04:00:00","guid":{"rendered":"http:\/\/192.81.217.108\/interamerica\/2012\/07\/etats-unis-lunion-de-columbia-vote-de-proceder-aux-ordinationssans-distinction-de-sexe\/"},"modified":"2017-06-02T12:58:43","modified_gmt":"2017-06-02T16:58:43","slug":"etats-unis-lunion-de-columbia-vote-de-proceder-aux-ordinationssans-distinction-de-sexe","status":"publish","type":"post","link":"https:\/\/interamerica.org\/fr\/2012\/07\/etats-unis-lunion-de-columbia-vote-de-proceder-aux-ordinationssans-distinction-de-sexe\/","title":{"rendered":"Etats Unis : l&#39;Union de Columbia vote de proc\u00e9der aux ordinationssans distinction de sexe"},"content":{"rendered":"<p>30 Juillet 2012 &#8211; Silver Spring, Maryland, EtatsUnis&#8230;Adventist Review<\/p>\n<p>Une assembl\u00e9e g\u00e9n\u00e9rale extraordinaire convoqu\u00e9e le 29juillet par l&#39;Union de F\u00e9d\u00e9rations Adventistes de Columbia a vot\u00e9 la r\u00e9solutionsuivante : \u00ab que l&#39;Union de F\u00e9d\u00e9rations de Columbia autorisel&#39;ordination au minist\u00e8re pastoral sans distinction de sexe. \u00bb<\/p>\n<p>A l&#39;aide de bulletins secrets, les d\u00e9l\u00e9gu\u00e9s des huitf\u00e9d\u00e9rations composant le territoire mid-atlantique de cette union ont vot\u00e9 par209 voix pour et 51 voix contre, et neuf abstentions. L&#39;Union de Columbiacompte 135000 membres dans plus de 700 congr\u00e9gations.<\/p>\n<p>D&#39;apr\u00e8s une d\u00e9claration faite par l&#39;Union de F\u00e9d\u00e9rations deColumbia tard dimanche, le comit\u00e9 ex\u00e9cutif de l&#39;union ne refusera plus desrequ\u00eates venant des f\u00e9d\u00e9rations pour l&#39;ordination de femmes exp\u00e9riment\u00e9es auminist\u00e8re pastoral, mais leur appel sera reconnu pleinement sur la m\u00eame baseque leurs coll\u00e8gues de la gente masculine.<\/p>\n<p>\u00ab Ce n&#39;est pas une p\u00e9riode facile pour l&#39;\u00e9glise, \u00bba d\u00e9clar\u00e9 apr\u00e8s le vote pasteur Dave Weigley, pr\u00e9sident de l&#39;Union de Columbia.\u00ab Nous faisons partie de l&#39;\u00e9glise mondiale, et nous sommes unis dans lamission de l&#39;Eglise Adventiste du Septi\u00e8me jour. \u00bb<\/p>\n<p>Pasteur Dan Jackson, pr\u00e9sident de la Division NordAm\u00e9ricaine, a cependant d\u00e9clar\u00e9 : \u00ab ce que nous faisons iciaujourd&#39;hui n&#39;aura pas seulement un impact \u00e0 notre niveau personnel ou auniveau de l&#39;union, cela aura aussi un impact sur notre \u00e9glise mondiale. Je veuxdire que notre responsabilit\u00e9 premi\u00e8re est envers Dieu. \u00bb<\/p>\n<p>Dans des remarques qu&#39;il a pr\u00e9sent\u00e9es, pasteur Ted N.C.Wilson, pr\u00e9sident de la Conf\u00e9rence G\u00e9n\u00e9rale a appel\u00e9 les d\u00e9l\u00e9gu\u00e9s \u00e0 ne pasaller de l&#39;avant avec cette proposition mais d&#39;attendre les r\u00e9sultats d&#39;une\u00e9tude men\u00e9e au niveau mondial et approuv\u00e9e en octobre dernier par le comit\u00e9ex\u00e9cutif de l&#39;\u00e9glise mondiale et qui devraient \u00eatre connus en 2014.<\/p>\n<p>\u00ab Je viens vers vous aujourd&#39;hui parce que lesquestions de conscience m&#39;importent, \u00bb a t-il dit. \u00ab Je viens versvous parce que l&#39;unit\u00e9 de l&#39;\u00e9glise mondiale m&#39;importe. \u00bb<\/p>\n<p>Pasteur Lowell Cooper, vice-pr\u00e9sident de l&#39;\u00e9glise mondiale aremis en question les pr\u00e9mices sur lesquelles les unions de f\u00e9d\u00e9rations sontautoris\u00e9es \u00e0 effectuer le type de changement envisag\u00e9 sous les r\u00e8glementsactuels de l&#39;\u00e9glise. \u00ab L&#39;id\u00e9e selon laquelle l&#39;autorit\u00e9 et laresponsabilit\u00e9 d&#39;un type d&#39;organisation dans la famille mondiale peuvent \u00eatreexerc\u00e9es de mani\u00e8re autonome et unilat\u00e9rale est un concept \u00e9tranger \u00e0  la philosophie et aux pratiques de l&#39;EgliseAdventiste du Septi\u00e8me jour, \u00bb a t-il dit aux d\u00e9l\u00e9gu\u00e9s.<\/p>\n<p>Pasteur Bill Miller, pr\u00e9sident de la F\u00e9d\u00e9ration du Potomacet pr\u00e9sident du comit\u00e9 Ad Hoc charg\u00e9 d&#39;\u00e9tudier la question, a d\u00e9but\u00e9 lapr\u00e9sentation du rapport du comit\u00e9 en r\u00e9it\u00e9rant qu&#39;il \u00e9tait un \u00ab membreloyal de l&#39;\u00e9glise du reste de Dieu. \u00bb il a ensuite relat\u00e9 l&#39;histoire desdiscussions et des d\u00e9cisions de l&#39;\u00e9glise sur la question de la cons\u00e9cration desfemmes au minist\u00e8re pastoral.<\/p>\n<p>Peu apr\u00e8s midi, Dave Weigley qui pr\u00e9sidait \u00e0 cette sessionsp\u00e9ciale a ouvert la discussion aux d\u00e9l\u00e9gu\u00e9s. Ces derniers ont rapidement form\u00e9trois longues lignes vers les micros. Plusieurs ont exprim\u00e9 leur croyance selonlaquelle tous ceux que le Saint Esprit  aclairement appel\u00e9s au minist\u00e8re devraient \u00eatre consacr\u00e9s sans consid\u00e9ration desexe, bien que plusieurs ont admis \u00eatre d\u00e9chir\u00e9s.<\/p>\n<p>Pasteur Larry Boggess, pr\u00e9sident de la F\u00e9d\u00e9ration deMountain View, dont le comit\u00e9 ex\u00e9cutif a publi\u00e9 une d\u00e9claration s&#39;opposant \u00e0 laproposition, a d\u00e9clar\u00e9 : \u00ab De peur que je sois mal compris, je rappelle que je vousaime tous, m\u00eame si je ne suis pas d&#39;accord avec vous. Si nous disons \u00eatre lecorps du Christ, alors nous agirons dans l&#39;unit\u00e9. Ce que nous faisonsaujourd&#39;hui n&#39;am\u00e8nera pas des milliers de nouveaux membres. \u00bb<\/p>\n<p>Suite au vote, pasteur Rick Remmers, pr\u00e9sident de la F\u00e9d\u00e9ration de Chesapeake a comment\u00e9 en disant : \u00ab J&#39;ai grandementappr\u00e9ci\u00e9 la tonalit\u00e9 spirituelle de mise aujourd&#39;hui et j&#39;ai ressenti l&#39;amouret la loyaut\u00e9 pour notre \u00e9glise. \u00bb<\/p>\n<p>\u00ab Je suis si fier de faire partie d&#39;une journ\u00e9ehistorique dans l&#39;Union de Columbia, \u00bb a d\u00e9clar\u00e9 Deborah Hill, membre dela F\u00e9d\u00e9ration de l&#39;Ouest de l&#39;Allegheny. \u00ab Nous avons vot\u00e9 du bon cot\u00e9 del&#39;histoire et nous travaillerons dur pour unifier non seulement notre unionmais aussi pour \u0153uvrer plus \u00e9troitement avec la Conf\u00e9rence G\u00e9n\u00e9rale. \u00bb<\/p>\n<p>&#8211;Avec un  reportage duColumbia Union Visitor<\/p>\n<\/p>\n<p><em >Traducteur: Patrick Luciathe <\/em ><br  \/><\/p>\n","protected":false},"excerpt":{"rendered":"<p>Une assembl\u00e9e g\u00e9n\u00e9rale extraordinaire convoqu\u00e9e le 29juillet par l&#39;Union de F\u00e9d\u00e9rations Adventistes de Columbia a vot\u00e9 la r\u00e9solutionsuivante : \u00ab que l&#39;Union de F\u00e9d\u00e9r<\/p>\n","protected":false},"author":1,"featured_media":0,"comment_status":"closed","ping_status":"closed","sticky":false,"template":"","format":"standard","meta":{"_acf_changed":false,"footnotes":""},"categories":[9],"tags":[],"class_list":["post-13847","post","type-post","status-publish","format-standard","hentry","category-archive-fr"],"acf":[],"yoast_head":"<!-- This site is optimized with the Yoast SEO plugin v27.3 - https:\/\/yoast.com\/product\/yoast-seo-wordpress\/ -->\n<title>Etats Unis : l&#039;Union de Columbia vote de proc\u00e9der aux ordinationssans distinction de sexe - \u00c9glise Adventiste Du Septieme Jour - Inter Am\u00e9rique Division<\/title>\n<meta name=\"robots\" content=\"index, follow, max-snippet:-1, max-image-preview:large, max-video-preview:-1\" \/>\n<link rel=\"canonical\" href=\"https:\/\/interamerica.org\/fr\/2012\/07\/etats-unis-lunion-de-columbia-vote-de-proceder-aux-ordinationssans-distinction-de-sexe\/\" \/>\n<meta property=\"og:locale\" content=\"fr_FR\" \/>\n<meta property=\"og:type\" content=\"article\" \/>\n<meta property=\"og:title\" content=\"Etats Unis : l&#039;Union de Columbia vote de proc\u00e9der aux ordinationssans distinction de sexe - \u00c9glise Adventiste Du Septieme Jour - Inter Am\u00e9rique Division\" \/>\n<meta property=\"og:description\" content=\"Une assembl\u00e9e g\u00e9n\u00e9rale extraordinaire convoqu\u00e9e le 29juillet par l&#039;Union de F\u00e9d\u00e9rations Adventistes de Columbia a vot\u00e9 la r\u00e9solutionsuivante : \u00ab que l&#039;Union de F\u00e9d\u00e9r\" \/>\n<meta property=\"og:url\" content=\"https:\/\/interamerica.org\/fr\/2012\/07\/etats-unis-lunion-de-columbia-vote-de-proceder-aux-ordinationssans-distinction-de-sexe\/\" \/>\n<meta property=\"og:site_name\" content=\"\u00c9glise Adventiste Du Septieme Jour - Inter Am\u00e9rique Division\" \/>\n<meta property=\"article:published_time\" content=\"2012-07-30T04:00:00+00:00\" \/>\n<meta property=\"article:modified_time\" content=\"2017-06-02T16:58:43+00:00\" \/>\n<meta name=\"author\" content=\"Lorenzo Verduzco\" \/>\n<meta name=\"twitter:card\" content=\"summary_large_image\" \/>\n<meta name=\"twitter:label1\" content=\"\u00c9crit par\" \/>\n\t<meta name=\"twitter:data1\" content=\"Lorenzo Verduzco\" \/>\n\t<meta name=\"twitter:label2\" content=\"Dur\u00e9e de lecture estim\u00e9e\" \/>\n\t<meta name=\"twitter:data2\" content=\"4 minutes\" \/>\n<script type=\"application\/ld+json\" class=\"yoast-schema-graph\">{\"@context\":\"https:\\\/\\\/schema.org\",\"@graph\":[{\"@type\":\"Article\",\"@id\":\"https:\\\/\\\/interamerica.org\\\/fr\\\/2012\\\/07\\\/etats-unis-lunion-de-columbia-vote-de-proceder-aux-ordinationssans-distinction-de-sexe\\\/#article\",\"isPartOf\":{\"@id\":\"https:\\\/\\\/interamerica.org\\\/fr\\\/2012\\\/07\\\/etats-unis-lunion-de-columbia-vote-de-proceder-aux-ordinationssans-distinction-de-sexe\\\/\"},\"author\":{\"name\":\"Lorenzo Verduzco\",\"@id\":\"https:\\\/\\\/interamerica.org\\\/fr\\\/#\\\/schema\\\/person\\\/68ede8bdc292885bb76c1e3810e73c39\"},\"headline\":\"Etats Unis : l&#39;Union de Columbia vote de proc\u00e9der aux ordinationssans distinction de sexe\",\"datePublished\":\"2012-07-30T04:00:00+00:00\",\"dateModified\":\"2017-06-02T16:58:43+00:00\",\"mainEntityOfPage\":{\"@id\":\"https:\\\/\\\/interamerica.org\\\/fr\\\/2012\\\/07\\\/etats-unis-lunion-de-columbia-vote-de-proceder-aux-ordinationssans-distinction-de-sexe\\\/\"},\"wordCount\":800,\"articleSection\":[\"Archive\"],\"inLanguage\":\"fr-FR\"},{\"@type\":\"WebPage\",\"@id\":\"https:\\\/\\\/interamerica.org\\\/fr\\\/2012\\\/07\\\/etats-unis-lunion-de-columbia-vote-de-proceder-aux-ordinationssans-distinction-de-sexe\\\/\",\"url\":\"https:\\\/\\\/interamerica.org\\\/fr\\\/2012\\\/07\\\/etats-unis-lunion-de-columbia-vote-de-proceder-aux-ordinationssans-distinction-de-sexe\\\/\",\"name\":\"Etats Unis : l&#39;Union de Columbia vote de proc\u00e9der aux ordinationssans distinction de sexe - \u00c9glise Adventiste Du Septieme Jour - Inter Am\u00e9rique Division\",\"isPartOf\":{\"@id\":\"https:\\\/\\\/interamerica.org\\\/fr\\\/#website\"},\"datePublished\":\"2012-07-30T04:00:00+00:00\",\"dateModified\":\"2017-06-02T16:58:43+00:00\",\"author\":{\"@id\":\"https:\\\/\\\/interamerica.org\\\/fr\\\/#\\\/schema\\\/person\\\/68ede8bdc292885bb76c1e3810e73c39\"},\"breadcrumb\":{\"@id\":\"https:\\\/\\\/interamerica.org\\\/fr\\\/2012\\\/07\\\/etats-unis-lunion-de-columbia-vote-de-proceder-aux-ordinationssans-distinction-de-sexe\\\/#breadcrumb\"},\"inLanguage\":\"fr-FR\",\"potentialAction\":[{\"@type\":\"ReadAction\",\"target\":[\"https:\\\/\\\/interamerica.org\\\/fr\\\/2012\\\/07\\\/etats-unis-lunion-de-columbia-vote-de-proceder-aux-ordinationssans-distinction-de-sexe\\\/\"]}]},{\"@type\":\"BreadcrumbList\",\"@id\":\"https:\\\/\\\/interamerica.org\\\/fr\\\/2012\\\/07\\\/etats-unis-lunion-de-columbia-vote-de-proceder-aux-ordinationssans-distinction-de-sexe\\\/#breadcrumb\",\"itemListElement\":[{\"@type\":\"ListItem\",\"position\":1,\"name\":\"Home\",\"item\":\"https:\\\/\\\/interamerica.org\\\/fr\\\/\"},{\"@type\":\"ListItem\",\"position\":2,\"name\":\"Etats Unis : l&#39;Union de Columbia vote de proc\u00e9der aux ordinationssans distinction de sexe\"}]},{\"@type\":\"WebSite\",\"@id\":\"https:\\\/\\\/interamerica.org\\\/fr\\\/#website\",\"url\":\"https:\\\/\\\/interamerica.org\\\/fr\\\/\",\"name\":\"\u00c9glise Adventiste Du Septieme Jour - Inter Am\u00e9rique Division\",\"description\":\"\",\"potentialAction\":[{\"@type\":\"SearchAction\",\"target\":{\"@type\":\"EntryPoint\",\"urlTemplate\":\"https:\\\/\\\/interamerica.org\\\/fr\\\/?s={search_term_string}\"},\"query-input\":{\"@type\":\"PropertyValueSpecification\",\"valueRequired\":true,\"valueName\":\"search_term_string\"}}],\"inLanguage\":\"fr-FR\"},{\"@type\":\"Person\",\"@id\":\"https:\\\/\\\/interamerica.org\\\/fr\\\/#\\\/schema\\\/person\\\/68ede8bdc292885bb76c1e3810e73c39\",\"name\":\"Lorenzo Verduzco\",\"image\":{\"@type\":\"ImageObject\",\"inLanguage\":\"fr-FR\",\"@id\":\"https:\\\/\\\/secure.gravatar.com\\\/avatar\\\/fb81a55b6218459490a9c1dc841a34909185b81904c5337b4b27f7a6fd60c49e?s=96&d=mm&r=g\",\"url\":\"https:\\\/\\\/secure.gravatar.com\\\/avatar\\\/fb81a55b6218459490a9c1dc841a34909185b81904c5337b4b27f7a6fd60c49e?s=96&d=mm&r=g\",\"contentUrl\":\"https:\\\/\\\/secure.gravatar.com\\\/avatar\\\/fb81a55b6218459490a9c1dc841a34909185b81904c5337b4b27f7a6fd60c49e?s=96&d=mm&r=g\",\"caption\":\"Lorenzo Verduzco\"}}]}<\/script>\n<!-- \/ Yoast SEO plugin. -->","yoast_head_json":{"title":"Etats Unis : l&#39;Union de Columbia vote de proc\u00e9der aux ordinationssans distinction de sexe - \u00c9glise Adventiste Du Septieme Jour - Inter Am\u00e9rique Division","robots":{"index":"index","follow":"follow","max-snippet":"max-snippet:-1","max-image-preview":"max-image-preview:large","max-video-preview":"max-video-preview:-1"},"canonical":"https:\/\/interamerica.org\/fr\/2012\/07\/etats-unis-lunion-de-columbia-vote-de-proceder-aux-ordinationssans-distinction-de-sexe\/","og_locale":"fr_FR","og_type":"article","og_title":"Etats Unis : l&#39;Union de Columbia vote de proc\u00e9der aux ordinationssans distinction de sexe - \u00c9glise Adventiste Du Septieme Jour - Inter Am\u00e9rique Division","og_description":"Une assembl\u00e9e g\u00e9n\u00e9rale extraordinaire convoqu\u00e9e le 29juillet par l&#39;Union de F\u00e9d\u00e9rations Adventistes de Columbia a vot\u00e9 la r\u00e9solutionsuivante : \u00ab que l&#39;Union de F\u00e9d\u00e9r","og_url":"https:\/\/interamerica.org\/fr\/2012\/07\/etats-unis-lunion-de-columbia-vote-de-proceder-aux-ordinationssans-distinction-de-sexe\/","og_site_name":"\u00c9glise Adventiste Du Septieme Jour - Inter Am\u00e9rique Division","article_published_time":"2012-07-30T04:00:00+00:00","article_modified_time":"2017-06-02T16:58:43+00:00","author":"Lorenzo Verduzco","twitter_card":"summary_large_image","twitter_misc":{"\u00c9crit par":"Lorenzo Verduzco","Dur\u00e9e de lecture estim\u00e9e":"4 minutes"},"schema":{"@context":"https:\/\/schema.org","@graph":[{"@type":"Article","@id":"https:\/\/interamerica.org\/fr\/2012\/07\/etats-unis-lunion-de-columbia-vote-de-proceder-aux-ordinationssans-distinction-de-sexe\/#article","isPartOf":{"@id":"https:\/\/interamerica.org\/fr\/2012\/07\/etats-unis-lunion-de-columbia-vote-de-proceder-aux-ordinationssans-distinction-de-sexe\/"},"author":{"name":"Lorenzo Verduzco","@id":"https:\/\/interamerica.org\/fr\/#\/schema\/person\/68ede8bdc292885bb76c1e3810e73c39"},"headline":"Etats Unis : l&#39;Union de Columbia vote de proc\u00e9der aux ordinationssans distinction de sexe","datePublished":"2012-07-30T04:00:00+00:00","dateModified":"2017-06-02T16:58:43+00:00","mainEntityOfPage":{"@id":"https:\/\/interamerica.org\/fr\/2012\/07\/etats-unis-lunion-de-columbia-vote-de-proceder-aux-ordinationssans-distinction-de-sexe\/"},"wordCount":800,"articleSection":["Archive"],"inLanguage":"fr-FR"},{"@type":"WebPage","@id":"https:\/\/interamerica.org\/fr\/2012\/07\/etats-unis-lunion-de-columbia-vote-de-proceder-aux-ordinationssans-distinction-de-sexe\/","url":"https:\/\/interamerica.org\/fr\/2012\/07\/etats-unis-lunion-de-columbia-vote-de-proceder-aux-ordinationssans-distinction-de-sexe\/","name":"Etats Unis : l&#39;Union de Columbia vote de proc\u00e9der aux ordinationssans distinction de sexe - \u00c9glise Adventiste Du Septieme Jour - Inter Am\u00e9rique Division","isPartOf":{"@id":"https:\/\/interamerica.org\/fr\/#website"},"datePublished":"2012-07-30T04:00:00+00:00","dateModified":"2017-06-02T16:58:43+00:00","author":{"@id":"https:\/\/interamerica.org\/fr\/#\/schema\/person\/68ede8bdc292885bb76c1e3810e73c39"},"breadcrumb":{"@id":"https:\/\/interamerica.org\/fr\/2012\/07\/etats-unis-lunion-de-columbia-vote-de-proceder-aux-ordinationssans-distinction-de-sexe\/#breadcrumb"},"inLanguage":"fr-FR","potentialAction":[{"@type":"ReadAction","target":["https:\/\/interamerica.org\/fr\/2012\/07\/etats-unis-lunion-de-columbia-vote-de-proceder-aux-ordinationssans-distinction-de-sexe\/"]}]},{"@type":"BreadcrumbList","@id":"https:\/\/interamerica.org\/fr\/2012\/07\/etats-unis-lunion-de-columbia-vote-de-proceder-aux-ordinationssans-distinction-de-sexe\/#breadcrumb","itemListElement":[{"@type":"ListItem","position":1,"name":"Home","item":"https:\/\/interamerica.org\/fr\/"},{"@type":"ListItem","position":2,"name":"Etats Unis : l&#39;Union de Columbia vote de proc\u00e9der aux ordinationssans distinction de sexe"}]},{"@type":"WebSite","@id":"https:\/\/interamerica.org\/fr\/#website","url":"https:\/\/interamerica.org\/fr\/","name":"\u00c9glise Adventiste Du Septieme Jour - Inter Am\u00e9rique Division","description":"","potentialAction":[{"@type":"SearchAction","target":{"@type":"EntryPoint","urlTemplate":"https:\/\/interamerica.org\/fr\/?s={search_term_string}"},"query-input":{"@type":"PropertyValueSpecification","valueRequired":true,"valueName":"search_term_string"}}],"inLanguage":"fr-FR"},{"@type":"Person","@id":"https:\/\/interamerica.org\/fr\/#\/schema\/person\/68ede8bdc292885bb76c1e3810e73c39","name":"Lorenzo Verduzco","image":{"@type":"ImageObject","inLanguage":"fr-FR","@id":"https:\/\/secure.gravatar.com\/avatar\/fb81a55b6218459490a9c1dc841a34909185b81904c5337b4b27f7a6fd60c49e?s=96&d=mm&r=g","url":"https:\/\/secure.gravatar.com\/avatar\/fb81a55b6218459490a9c1dc841a34909185b81904c5337b4b27f7a6fd60c49e?s=96&d=mm&r=g","contentUrl":"https:\/\/secure.gravatar.com\/avatar\/fb81a55b6218459490a9c1dc841a34909185b81904c5337b4b27f7a6fd60c49e?s=96&d=mm&r=g","caption":"Lorenzo Verduzco"}}]}},"_links":{"self":[{"href":"https:\/\/interamerica.org\/fr\/wp-json\/wp\/v2\/posts\/13847","targetHints":{"allow":["GET"]}}],"collection":[{"href":"https:\/\/interamerica.org\/fr\/wp-json\/wp\/v2\/posts"}],"about":[{"href":"https:\/\/interamerica.org\/fr\/wp-json\/wp\/v2\/types\/post"}],"author":[{"embeddable":true,"href":"https:\/\/interamerica.org\/fr\/wp-json\/wp\/v2\/users\/1"}],"replies":[{"embeddable":true,"href":"https:\/\/interamerica.org\/fr\/wp-json\/wp\/v2\/comments?post=13847"}],"version-history":[{"count":0,"href":"https:\/\/interamerica.org\/fr\/wp-json\/wp\/v2\/posts\/13847\/revisions"}],"wp:attachment":[{"href":"https:\/\/interamerica.org\/fr\/wp-json\/wp\/v2\/media?parent=13847"}],"wp:term":[{"taxonomy":"category","embeddable":true,"href":"https:\/\/interamerica.org\/fr\/wp-json\/wp\/v2\/categories?post=13847"},{"taxonomy":"post_tag","embeddable":true,"href":"https:\/\/interamerica.org\/fr\/wp-json\/wp\/v2\/tags?post=13847"}],"curies":[{"name":"wp","href":"https:\/\/api.w.org\/{rel}","templated":true}]}}