{"id":13852,"date":"2012-08-14T00:00:00","date_gmt":"2012-08-14T04:00:00","guid":{"rendered":"http:\/\/192.81.217.108\/interamerica\/2012\/08\/jamaique-unposte-de-police-local-et-un-bureau-de-poste-renoves-par-des-eglises-adventistes\/"},"modified":"2017-06-02T12:58:40","modified_gmt":"2017-06-02T16:58:40","slug":"jamaique-unposte-de-police-local-et-un-bureau-de-poste-renoves-par-des-eglises-adventistes","status":"publish","type":"post","link":"https:\/\/interamerica.org\/fr\/2012\/08\/jamaique-unposte-de-police-local-et-un-bureau-de-poste-renoves-par-des-eglises-adventistes\/","title":{"rendered":"Jama\u00efque : unposte de police local et un bureau de poste r\u00e9nov\u00e9s par des \u00e9glises Adventistes"},"content":{"rendered":"<p><em >14Aout 2012<\/em > &#8211; Montego Bay, St James,Jama\u00efque&#8230;Colleisha Osbourne\/JAMA\/DIA<\/p>\n<\/p>\n<p>Ce qui avait commenc\u00e9comme un seul projet communautaire pour les \u00e9glises Adventistes de Grange Hillet de Word of Hope aurait pu \u00eatre comptabilis\u00e9 comme deux projets \u00e0 la fin dela journ\u00e9e consacr\u00e9e aux projets communautaires \u00e0 Montego Bay en Jama\u00efque au cours du mois dernier.<\/p>\n<p>Les deux \u00e9glises ontcommenc\u00e9 un projet initial consistant \u00e0 peindre le Poste de Police de MorganBridge et se sont retrouv\u00e9es \u00e0 peindre aussi le Bureau de Poste de Grange Hill.<\/p>\n<p>Les membres de cesdeux \u00e9glises de Westmoreland ont ainsi \u0153uvr\u00e9 pour rendre \u00e0 ces hommes et \u00e0 cesfemmes le bien qu&#39;ils font en passant leur vie \u00e0 prot\u00e9ger la communaut\u00e9. Lesmembres d&#39;\u00e9glise ont nettoy\u00e9 et repeint l&#39;ext\u00e9rieur et l&#39;int\u00e9rieur du b\u00e2timentde deux \u00e9tages et ont aussi tondu la pelouse et enlev\u00e9 les d\u00e9bris se trouvantsur le site.<\/p>\n<p>L&#39;inspecteurprincipal, sous officier en charge, Noel Laing a d\u00e9clar\u00e9 : \u00ab mon\u00e9quipe et moi sommes enchant\u00e9s du travail accompli par les membres d&#39;\u00e9glise.Nous avons eu plus qu&#39;un ravalement. C&#39;est une r\u00e9novation totale. Ils ontnettoy\u00e9 du plancher au plafond. L&#39;endroit a un autre air et \u00e7a seressent. \u00bb<\/p>\n<p>\u00ab C&#39;est une joiede venir travailler dans un environnement propre et confortable, \u00bb a t-ildit en poursuivant. \u00ab Cela boostera certainement le moral des hommes etdes femmes qui sont ici. L&#39;impact a aussi \u00e9t\u00e9 ressenti par les gens de lacommunaut\u00e9 qui sont pass\u00e9s au poste apr\u00e8s cette r\u00e9novation. \u00bb<\/p>\n<p>L&#39;inspecteur, faisantremarquer l&#39;impact du travail sur la communaut\u00e9 a aussi indiqu\u00e9 :\u00ab c&#39;est \u00e7a la vie en communaut\u00e9, des citoyens qui s&#39;avancent pour \u00e9changeravec et aider la police alors que nous d\u00e9veloppons notre communaut\u00e9. Nousappr\u00e9cions vraiment le travail de l&#39;\u00e9glise et nous esp\u00e9rons un partenariat continuel. \u00bb<\/p>\n<p>Flecon Moodie,pasteur du district des \u00e9glises de Grange Hill a d\u00e9clar\u00e9 : \u00ab En tantque Chr\u00e9tiens Adventistes nous croyons dans l&#39;ordre public, par cons\u00e9quent il ya une synergie naturelle entre nous et la police, alors que nous travaillonspour pr\u00e9server cet ordre public dans la communaut\u00e9. Nous avons voulurendre leur environnement de travail plus confortable. Cela a \u00e9t\u00e9 une merveilleuseexp\u00e9rience et nous avons vraiment appr\u00e9ci\u00e9. \u00bb<\/p>\n<p>L&#39;\u00e9glise nes&#39;int\u00e9resse pas uniquement au bien \u00eatre spirituel de la communaut\u00e9, mais aussi\u00e0 tous les domaines de la vie de la communaut\u00e9. On a pu le constater lorsqueles membres sont venus et ont sacrifi\u00e9 de leur temps et leurs moyens pourr\u00e9aliser le projet, \u00bb a ajout\u00e9 pasteur Moodie.<\/p>\n<p>Apr\u00e8s avoir r\u00e9alis\u00e9leur travail sur le poste de police, les membres ont concentr\u00e9 leurs effortssur l&#39;ext\u00e9rieur des deux \u00e9tages du Bureau de Poste. M\u00eame tard dans l&#39;apr\u00e8s midiet avec des nuages noirs au dessus de leurs t\u00eates, on pouvait encore les voirtravaillant intens\u00e9ment pour terminer leur second projet. Ils ont \u00e9t\u00e9 emp\u00each\u00e9suniquement par la non disponibilit\u00e9 de couleurs sp\u00e9cifiques pour le b\u00e2timent. <\/p>\n<p>Le Bureau de Poste etle Poste de Police partagent le m\u00eame b\u00e2timent et desservent quelques 29communaut\u00e9s dans la r\u00e9gion de Grange Hill.<\/p>\n<p>Ce projet a \u00e9t\u00e9 r\u00e9alis\u00e9dans le cadre des c\u00e9l\u00e9brations du cinquantenaire du d\u00e9m\u00e9nagement de laF\u00e9d\u00e9ration de l&#39;Ouest de la Jama\u00efque de Mandeville \u00e0 son pr\u00e9sent emplacement \u00e0Mount Salem, St James.<\/p>\n<\/p>\n<p><em >Traducteur: Patrick Luciathe <\/em ><br  \/><\/p>\n","protected":false},"excerpt":{"rendered":"<p>Ce qui avait commenc\u00e9comme un seul projet communautaire pour les \u00e9glises Adventistes de Grange Hillet de Word of Hope aurait pu \u00eatre comptabilis\u00e9 comme deux projets \u00e0 la fin dela journ\u00e9e consacr\u00e9e au<\/p>\n","protected":false},"author":1,"featured_media":0,"comment_status":"closed","ping_status":"closed","sticky":false,"template":"","format":"standard","meta":{"_acf_changed":false,"footnotes":""},"categories":[9],"tags":[],"class_list":["post-13852","post","type-post","status-publish","format-standard","hentry","category-archive-fr"],"acf":[],"yoast_head":"<!-- This site is optimized with the Yoast SEO plugin v27.3 - https:\/\/yoast.com\/product\/yoast-seo-wordpress\/ -->\n<title>Jama\u00efque : unposte de police local et un bureau de poste r\u00e9nov\u00e9s par des \u00e9glises Adventistes - \u00c9glise Adventiste Du Septieme Jour - Inter Am\u00e9rique Division<\/title>\n<meta name=\"robots\" content=\"index, follow, max-snippet:-1, max-image-preview:large, max-video-preview:-1\" \/>\n<link rel=\"canonical\" href=\"https:\/\/interamerica.org\/fr\/2012\/08\/jamaique-unposte-de-police-local-et-un-bureau-de-poste-renoves-par-des-eglises-adventistes\/\" \/>\n<meta property=\"og:locale\" content=\"fr_FR\" \/>\n<meta property=\"og:type\" content=\"article\" \/>\n<meta property=\"og:title\" content=\"Jama\u00efque : unposte de police local et un bureau de poste r\u00e9nov\u00e9s par des \u00e9glises Adventistes - \u00c9glise Adventiste Du Septieme Jour - Inter Am\u00e9rique Division\" \/>\n<meta property=\"og:description\" content=\"Ce qui avait commenc\u00e9comme un seul projet communautaire pour les \u00e9glises Adventistes de Grange Hillet de Word of Hope aurait pu \u00eatre comptabilis\u00e9 comme deux projets \u00e0 la fin dela journ\u00e9e consacr\u00e9e au\" \/>\n<meta property=\"og:url\" content=\"https:\/\/interamerica.org\/fr\/2012\/08\/jamaique-unposte-de-police-local-et-un-bureau-de-poste-renoves-par-des-eglises-adventistes\/\" \/>\n<meta property=\"og:site_name\" content=\"\u00c9glise Adventiste Du Septieme Jour - Inter Am\u00e9rique Division\" \/>\n<meta property=\"article:published_time\" content=\"2012-08-14T04:00:00+00:00\" \/>\n<meta property=\"article:modified_time\" content=\"2017-06-02T16:58:40+00:00\" \/>\n<meta name=\"author\" content=\"Lorenzo Verduzco\" \/>\n<meta name=\"twitter:card\" content=\"summary_large_image\" \/>\n<meta name=\"twitter:label1\" content=\"\u00c9crit par\" \/>\n\t<meta name=\"twitter:data1\" content=\"Lorenzo Verduzco\" \/>\n\t<meta name=\"twitter:label2\" content=\"Dur\u00e9e de lecture estim\u00e9e\" \/>\n\t<meta name=\"twitter:data2\" content=\"3 minutes\" \/>\n<script type=\"application\/ld+json\" class=\"yoast-schema-graph\">{\"@context\":\"https:\\\/\\\/schema.org\",\"@graph\":[{\"@type\":\"Article\",\"@id\":\"https:\\\/\\\/interamerica.org\\\/fr\\\/2012\\\/08\\\/jamaique-unposte-de-police-local-et-un-bureau-de-poste-renoves-par-des-eglises-adventistes\\\/#article\",\"isPartOf\":{\"@id\":\"https:\\\/\\\/interamerica.org\\\/fr\\\/2012\\\/08\\\/jamaique-unposte-de-police-local-et-un-bureau-de-poste-renoves-par-des-eglises-adventistes\\\/\"},\"author\":{\"name\":\"Lorenzo Verduzco\",\"@id\":\"https:\\\/\\\/interamerica.org\\\/fr\\\/#\\\/schema\\\/person\\\/68ede8bdc292885bb76c1e3810e73c39\"},\"headline\":\"Jama\u00efque : unposte de police local et un bureau de poste r\u00e9nov\u00e9s par des \u00e9glises Adventistes\",\"datePublished\":\"2012-08-14T04:00:00+00:00\",\"dateModified\":\"2017-06-02T16:58:40+00:00\",\"mainEntityOfPage\":{\"@id\":\"https:\\\/\\\/interamerica.org\\\/fr\\\/2012\\\/08\\\/jamaique-unposte-de-police-local-et-un-bureau-de-poste-renoves-par-des-eglises-adventistes\\\/\"},\"wordCount\":592,\"articleSection\":[\"Archive\"],\"inLanguage\":\"fr-FR\"},{\"@type\":\"WebPage\",\"@id\":\"https:\\\/\\\/interamerica.org\\\/fr\\\/2012\\\/08\\\/jamaique-unposte-de-police-local-et-un-bureau-de-poste-renoves-par-des-eglises-adventistes\\\/\",\"url\":\"https:\\\/\\\/interamerica.org\\\/fr\\\/2012\\\/08\\\/jamaique-unposte-de-police-local-et-un-bureau-de-poste-renoves-par-des-eglises-adventistes\\\/\",\"name\":\"Jama\u00efque : unposte de police local et un bureau de poste r\u00e9nov\u00e9s par des \u00e9glises Adventistes - \u00c9glise Adventiste Du Septieme Jour - Inter Am\u00e9rique Division\",\"isPartOf\":{\"@id\":\"https:\\\/\\\/interamerica.org\\\/fr\\\/#website\"},\"datePublished\":\"2012-08-14T04:00:00+00:00\",\"dateModified\":\"2017-06-02T16:58:40+00:00\",\"author\":{\"@id\":\"https:\\\/\\\/interamerica.org\\\/fr\\\/#\\\/schema\\\/person\\\/68ede8bdc292885bb76c1e3810e73c39\"},\"breadcrumb\":{\"@id\":\"https:\\\/\\\/interamerica.org\\\/fr\\\/2012\\\/08\\\/jamaique-unposte-de-police-local-et-un-bureau-de-poste-renoves-par-des-eglises-adventistes\\\/#breadcrumb\"},\"inLanguage\":\"fr-FR\",\"potentialAction\":[{\"@type\":\"ReadAction\",\"target\":[\"https:\\\/\\\/interamerica.org\\\/fr\\\/2012\\\/08\\\/jamaique-unposte-de-police-local-et-un-bureau-de-poste-renoves-par-des-eglises-adventistes\\\/\"]}]},{\"@type\":\"BreadcrumbList\",\"@id\":\"https:\\\/\\\/interamerica.org\\\/fr\\\/2012\\\/08\\\/jamaique-unposte-de-police-local-et-un-bureau-de-poste-renoves-par-des-eglises-adventistes\\\/#breadcrumb\",\"itemListElement\":[{\"@type\":\"ListItem\",\"position\":1,\"name\":\"Home\",\"item\":\"https:\\\/\\\/interamerica.org\\\/fr\\\/\"},{\"@type\":\"ListItem\",\"position\":2,\"name\":\"Jama\u00efque : unposte de police local et un bureau de poste r\u00e9nov\u00e9s par des \u00e9glises Adventistes\"}]},{\"@type\":\"WebSite\",\"@id\":\"https:\\\/\\\/interamerica.org\\\/fr\\\/#website\",\"url\":\"https:\\\/\\\/interamerica.org\\\/fr\\\/\",\"name\":\"\u00c9glise Adventiste Du Septieme Jour - Inter Am\u00e9rique Division\",\"description\":\"\",\"potentialAction\":[{\"@type\":\"SearchAction\",\"target\":{\"@type\":\"EntryPoint\",\"urlTemplate\":\"https:\\\/\\\/interamerica.org\\\/fr\\\/?s={search_term_string}\"},\"query-input\":{\"@type\":\"PropertyValueSpecification\",\"valueRequired\":true,\"valueName\":\"search_term_string\"}}],\"inLanguage\":\"fr-FR\"},{\"@type\":\"Person\",\"@id\":\"https:\\\/\\\/interamerica.org\\\/fr\\\/#\\\/schema\\\/person\\\/68ede8bdc292885bb76c1e3810e73c39\",\"name\":\"Lorenzo Verduzco\",\"image\":{\"@type\":\"ImageObject\",\"inLanguage\":\"fr-FR\",\"@id\":\"https:\\\/\\\/secure.gravatar.com\\\/avatar\\\/fb81a55b6218459490a9c1dc841a34909185b81904c5337b4b27f7a6fd60c49e?s=96&d=mm&r=g\",\"url\":\"https:\\\/\\\/secure.gravatar.com\\\/avatar\\\/fb81a55b6218459490a9c1dc841a34909185b81904c5337b4b27f7a6fd60c49e?s=96&d=mm&r=g\",\"contentUrl\":\"https:\\\/\\\/secure.gravatar.com\\\/avatar\\\/fb81a55b6218459490a9c1dc841a34909185b81904c5337b4b27f7a6fd60c49e?s=96&d=mm&r=g\",\"caption\":\"Lorenzo Verduzco\"}}]}<\/script>\n<!-- \/ Yoast SEO plugin. -->","yoast_head_json":{"title":"Jama\u00efque : unposte de police local et un bureau de poste r\u00e9nov\u00e9s par des \u00e9glises Adventistes - \u00c9glise Adventiste Du Septieme Jour - Inter Am\u00e9rique Division","robots":{"index":"index","follow":"follow","max-snippet":"max-snippet:-1","max-image-preview":"max-image-preview:large","max-video-preview":"max-video-preview:-1"},"canonical":"https:\/\/interamerica.org\/fr\/2012\/08\/jamaique-unposte-de-police-local-et-un-bureau-de-poste-renoves-par-des-eglises-adventistes\/","og_locale":"fr_FR","og_type":"article","og_title":"Jama\u00efque : unposte de police local et un bureau de poste r\u00e9nov\u00e9s par des \u00e9glises Adventistes - \u00c9glise Adventiste Du Septieme Jour - Inter Am\u00e9rique Division","og_description":"Ce qui avait commenc\u00e9comme un seul projet communautaire pour les \u00e9glises Adventistes de Grange Hillet de Word of Hope aurait pu \u00eatre comptabilis\u00e9 comme deux projets \u00e0 la fin dela journ\u00e9e consacr\u00e9e au","og_url":"https:\/\/interamerica.org\/fr\/2012\/08\/jamaique-unposte-de-police-local-et-un-bureau-de-poste-renoves-par-des-eglises-adventistes\/","og_site_name":"\u00c9glise Adventiste Du Septieme Jour - Inter Am\u00e9rique Division","article_published_time":"2012-08-14T04:00:00+00:00","article_modified_time":"2017-06-02T16:58:40+00:00","author":"Lorenzo Verduzco","twitter_card":"summary_large_image","twitter_misc":{"\u00c9crit par":"Lorenzo Verduzco","Dur\u00e9e de lecture estim\u00e9e":"3 minutes"},"schema":{"@context":"https:\/\/schema.org","@graph":[{"@type":"Article","@id":"https:\/\/interamerica.org\/fr\/2012\/08\/jamaique-unposte-de-police-local-et-un-bureau-de-poste-renoves-par-des-eglises-adventistes\/#article","isPartOf":{"@id":"https:\/\/interamerica.org\/fr\/2012\/08\/jamaique-unposte-de-police-local-et-un-bureau-de-poste-renoves-par-des-eglises-adventistes\/"},"author":{"name":"Lorenzo Verduzco","@id":"https:\/\/interamerica.org\/fr\/#\/schema\/person\/68ede8bdc292885bb76c1e3810e73c39"},"headline":"Jama\u00efque : unposte de police local et un bureau de poste r\u00e9nov\u00e9s par des \u00e9glises Adventistes","datePublished":"2012-08-14T04:00:00+00:00","dateModified":"2017-06-02T16:58:40+00:00","mainEntityOfPage":{"@id":"https:\/\/interamerica.org\/fr\/2012\/08\/jamaique-unposte-de-police-local-et-un-bureau-de-poste-renoves-par-des-eglises-adventistes\/"},"wordCount":592,"articleSection":["Archive"],"inLanguage":"fr-FR"},{"@type":"WebPage","@id":"https:\/\/interamerica.org\/fr\/2012\/08\/jamaique-unposte-de-police-local-et-un-bureau-de-poste-renoves-par-des-eglises-adventistes\/","url":"https:\/\/interamerica.org\/fr\/2012\/08\/jamaique-unposte-de-police-local-et-un-bureau-de-poste-renoves-par-des-eglises-adventistes\/","name":"Jama\u00efque : unposte de police local et un bureau de poste r\u00e9nov\u00e9s par des \u00e9glises Adventistes - \u00c9glise Adventiste Du Septieme Jour - Inter Am\u00e9rique Division","isPartOf":{"@id":"https:\/\/interamerica.org\/fr\/#website"},"datePublished":"2012-08-14T04:00:00+00:00","dateModified":"2017-06-02T16:58:40+00:00","author":{"@id":"https:\/\/interamerica.org\/fr\/#\/schema\/person\/68ede8bdc292885bb76c1e3810e73c39"},"breadcrumb":{"@id":"https:\/\/interamerica.org\/fr\/2012\/08\/jamaique-unposte-de-police-local-et-un-bureau-de-poste-renoves-par-des-eglises-adventistes\/#breadcrumb"},"inLanguage":"fr-FR","potentialAction":[{"@type":"ReadAction","target":["https:\/\/interamerica.org\/fr\/2012\/08\/jamaique-unposte-de-police-local-et-un-bureau-de-poste-renoves-par-des-eglises-adventistes\/"]}]},{"@type":"BreadcrumbList","@id":"https:\/\/interamerica.org\/fr\/2012\/08\/jamaique-unposte-de-police-local-et-un-bureau-de-poste-renoves-par-des-eglises-adventistes\/#breadcrumb","itemListElement":[{"@type":"ListItem","position":1,"name":"Home","item":"https:\/\/interamerica.org\/fr\/"},{"@type":"ListItem","position":2,"name":"Jama\u00efque : unposte de police local et un bureau de poste r\u00e9nov\u00e9s par des \u00e9glises Adventistes"}]},{"@type":"WebSite","@id":"https:\/\/interamerica.org\/fr\/#website","url":"https:\/\/interamerica.org\/fr\/","name":"\u00c9glise Adventiste Du Septieme Jour - Inter Am\u00e9rique Division","description":"","potentialAction":[{"@type":"SearchAction","target":{"@type":"EntryPoint","urlTemplate":"https:\/\/interamerica.org\/fr\/?s={search_term_string}"},"query-input":{"@type":"PropertyValueSpecification","valueRequired":true,"valueName":"search_term_string"}}],"inLanguage":"fr-FR"},{"@type":"Person","@id":"https:\/\/interamerica.org\/fr\/#\/schema\/person\/68ede8bdc292885bb76c1e3810e73c39","name":"Lorenzo Verduzco","image":{"@type":"ImageObject","inLanguage":"fr-FR","@id":"https:\/\/secure.gravatar.com\/avatar\/fb81a55b6218459490a9c1dc841a34909185b81904c5337b4b27f7a6fd60c49e?s=96&d=mm&r=g","url":"https:\/\/secure.gravatar.com\/avatar\/fb81a55b6218459490a9c1dc841a34909185b81904c5337b4b27f7a6fd60c49e?s=96&d=mm&r=g","contentUrl":"https:\/\/secure.gravatar.com\/avatar\/fb81a55b6218459490a9c1dc841a34909185b81904c5337b4b27f7a6fd60c49e?s=96&d=mm&r=g","caption":"Lorenzo Verduzco"}}]}},"_links":{"self":[{"href":"https:\/\/interamerica.org\/fr\/wp-json\/wp\/v2\/posts\/13852","targetHints":{"allow":["GET"]}}],"collection":[{"href":"https:\/\/interamerica.org\/fr\/wp-json\/wp\/v2\/posts"}],"about":[{"href":"https:\/\/interamerica.org\/fr\/wp-json\/wp\/v2\/types\/post"}],"author":[{"embeddable":true,"href":"https:\/\/interamerica.org\/fr\/wp-json\/wp\/v2\/users\/1"}],"replies":[{"embeddable":true,"href":"https:\/\/interamerica.org\/fr\/wp-json\/wp\/v2\/comments?post=13852"}],"version-history":[{"count":0,"href":"https:\/\/interamerica.org\/fr\/wp-json\/wp\/v2\/posts\/13852\/revisions"}],"wp:attachment":[{"href":"https:\/\/interamerica.org\/fr\/wp-json\/wp\/v2\/media?parent=13852"}],"wp:term":[{"taxonomy":"category","embeddable":true,"href":"https:\/\/interamerica.org\/fr\/wp-json\/wp\/v2\/categories?post=13852"},{"taxonomy":"post_tag","embeddable":true,"href":"https:\/\/interamerica.org\/fr\/wp-json\/wp\/v2\/tags?post=13852"}],"curies":[{"name":"wp","href":"https:\/\/api.w.org\/{rel}","templated":true}]}}