{"id":139960,"date":"2026-03-02T23:00:57","date_gmt":"2026-03-03T04:00:57","guid":{"rendered":"https:\/\/interamerica.org\/?p=139960"},"modified":"2026-03-05T06:53:42","modified_gmt":"2026-03-05T11:53:42","slug":"le-president-de-leglise-adventiste-appelle-a-une-mission-integree-face-a-un-monde-qui-se-desagrege","status":"publish","type":"post","link":"https:\/\/interamerica.org\/fr\/2026\/03\/le-president-de-leglise-adventiste-appelle-a-une-mission-integree-face-a-un-monde-qui-se-desagrege\/","title":{"rendered":"Le pr\u00e9sident de l\u2019\u00c9glise adventiste appelle \u00e0 une mission int\u00e9gr\u00e9e face \u00e0 un monde qui se d\u00e9sagr\u00e8ge"},"content":{"rendered":"<p><em>Erton C. K\u00f6hler exhorte les dirigeants \u00e0 renforcer l\u2019unit\u00e9, la pri\u00e8re et la coordination strat\u00e9gique au sein de l\u2019\u00c9glise mondiale.<\/em><\/p>\n<p>2 Mars 2026 | Riviera Maya, Quintana Roo, Mexique | Libna Stevens, Actualit\u00e9s de la Division Inter Am\u00e9ricaine<\/p>\n<p>\u00ab Face \u00e0 un monde en pleine d\u00e9sint\u00e9gration, Dieu appelle son \u00c9glise \u00e0 aller \u00e0 contre-courant. \u00bb<\/p>\n<p data-start=\"325\" data-end=\"638\">Ayant \u00e9tabli ce contraste qui fait r\u00e9fl\u00e9chir, pasteur Erton C. K\u00f6hler, pr\u00e9sident de la Conf\u00e9rence G\u00e9n\u00e9rale des adventistes du septi\u00e8me jour, a prononc\u00e9 un message spirituel sur l\u2019int\u00e9gration lors de la deuxi\u00e8me journ\u00e9e du Sommet sur le Leadership intitul\u00e9 \u00ab J\u2019Irai \u2013 en Vivant la Mission, \u00bb \u00e0 Riviera Maya, au Mexique, le 2 mars.<\/p>\n<p data-start=\"640\" data-end=\"869\">AS\u2019adressant aux pr\u00e9sidents, secr\u00e9taires ex\u00e9cutifs, tr\u00e9soriers et responsables de d\u00e9partement de la Division Inter Am\u00e9ricaine (DIA), Erton K\u00f6hler a pr\u00e9sent\u00e9 l\u2019int\u00e9gration non comme une strat\u00e9gie administrative, mais comme une n\u00e9cessit\u00e9 spirituelle pour l\u2019\u00c9glise du 21\u00e8me si\u00e8cle.<\/p>\n<p><div id=\"attachment_139801\" style=\"width: 904px\" class=\"wp-caption aligncenter\"><img fetchpriority=\"high\" decoding=\"async\" aria-describedby=\"caption-attachment-139801\" class=\" wp-image-139801\" src=\"https:\/\/interamerica.org\/wp-content\/uploads\/2026\/03\/ertonkohler-mar2-ltm-summit-g2-0991-1024x640.jpg\" alt=\"\" width=\"894\" height=\"559\" srcset=\"https:\/\/interamerica.org\/wp-content\/uploads\/2026\/03\/ertonkohler-mar2-ltm-summit-g2-0991-1024x640.jpg 1024w, https:\/\/interamerica.org\/wp-content\/uploads\/2026\/03\/ertonkohler-mar2-ltm-summit-g2-0991-300x188.jpg 300w, https:\/\/interamerica.org\/wp-content\/uploads\/2026\/03\/ertonkohler-mar2-ltm-summit-g2-0991-768x480.jpg 768w, https:\/\/interamerica.org\/wp-content\/uploads\/2026\/03\/ertonkohler-mar2-ltm-summit-g2-0991.jpg 1280w\" sizes=\"(max-width: 894px) 100vw, 894px\" \/><p id=\"caption-attachment-139801\" class=\"wp-caption-text\">Pasteur Erton C. K\u00f6hler pr\u00e9sente le message de d\u00e9votion du matin sur l\u2019int\u00e9gration le 2 mars 2026, lors du Sommet sur le Leadership organis\u00e9 par la Division Inter Am\u00e9ricaine \u00e0 Riviera Maya, au Mexique. [Photo : Daniel Gallardo\/DIA]<\/p><\/div><strong>Un monde qui se d\u00e9sagr\u00e8ge<\/strong><\/p>\n<p>Faisant r\u00e9f\u00e9rence aux conflits mondiaux en cours \u2013 notamment la guerre au Moyen-Orient et les quatre ann\u00e9es de guerre en Ukraine \u2013 Erton K\u00f6hler a d\u00e9crit une plan\u00e8te \u00ab qui perd le contr\u00f4le. \u00bb<\/p>\n<p>\u00ab Le monde se d\u00e9sagr\u00e8ge sous nos yeux, \u00bb a-t-il d\u00e9clar\u00e9. \u00ab Face \u00e0 ce monde en d\u00e9sint\u00e9gration, le Seigneur appelle son \u00c9glise \u00e0 \u0153uvrer dans la direction oppos\u00e9e : l\u2019int\u00e9gration. \u00bb<\/p>\n<p>Si l\u2019\u00c9glise veut demeurer sel et lumi\u00e8re, a-t-il dit, elle doit d\u00e9montrer quelque chose que le monde ne peut produire par lui-m\u00eame.<\/p>\n<p>\u00ab Si nous vivons et travaillons comme eux vivent et travaillent, \u00bb a-t-il dit, \u00ab ils nous diront qu\u2019ils n\u2019ont pas besoin de nous. \u00bb<\/p>\n<p><div id=\"attachment_139802\" style=\"width: 979px\" class=\"wp-caption aligncenter\"><img decoding=\"async\" aria-describedby=\"caption-attachment-139802\" class=\" wp-image-139802\" src=\"https:\/\/interamerica.org\/wp-content\/uploads\/2026\/03\/erton-kohler-mar2-devotional-ltm-summit-stage.jpg\" alt=\"\" width=\"969\" height=\"646\" srcset=\"https:\/\/interamerica.org\/wp-content\/uploads\/2026\/03\/erton-kohler-mar2-devotional-ltm-summit-stage.jpg 1000w, https:\/\/interamerica.org\/wp-content\/uploads\/2026\/03\/erton-kohler-mar2-devotional-ltm-summit-stage-300x200.jpg 300w, https:\/\/interamerica.org\/wp-content\/uploads\/2026\/03\/erton-kohler-mar2-devotional-ltm-summit-stage-768x512.jpg 768w\" sizes=\"(max-width: 969px) 100vw, 969px\" \/><p id=\"caption-attachment-139802\" class=\"wp-caption-text\">Depuis la plateforme, pasteur Erton C. K\u00f6hler s\u2019adresse \u00e0 pr\u00e8s de 600 dirigeants d\u2019union, de f\u00e9d\u00e9ration et de champs locaux lors de la m\u00e9ditation matinale pendant le Sommet sur le Leadership organis\u00e9 par la DIA. [Photo : Daniel Gallardo\/DIA]<\/p><\/div><strong>Enracin\u00e9s dans la Bible, concentr\u00e9s sur la mission<\/strong><\/p>\n<p>Pasteur K\u00f6hler a li\u00e9 son appel \u00e0 l\u2019int\u00e9gration \u00e0 l\u2019emphase globale de l\u2019\u00c9glise : \u00eatre enracin\u00e9s dans les \u00c9critures et concentr\u00e9s sur la mission.<br \/>\nCette expression, a-t-il expliqu\u00e9, r\u00e9sume les quatre domaines d\u2019emphase de la Division Inter Am\u00e9ricaine : la communion avec Dieu, l\u2019identit\u00e9 en Christ, l\u2019unit\u00e9 par le Saint-Esprit et la mission pour tous \u2013 autant d\u2019\u00e9l\u00e9ments qui tombent sous le grand th\u00e8me global de la Conf\u00e9rence G\u00e9n\u00e9rale : \u00eatre enracin\u00e9s dans la Bible et concentr\u00e9s sur la mission.<\/p>\n<p>\u00ab Il n\u2019y a pas de Bible sans communion, \u00bb a-t-il d\u00e9clar\u00e9. \u00ab La Bible forge l\u2019identit\u00e9. Et lorsque nous unissons la Bible et la mission, le r\u00e9sultat c\u2019est l\u2019unit\u00e9. La mission est le meilleur rem\u00e8de pour l\u2019unit\u00e9 dans l\u2019\u00e9glise. \u00bb<\/p>\n<p><strong>Le mod\u00e8le de la Pentec\u00f4te<\/strong><\/p>\n<p>Faisant r\u00e9f\u00e9rence \u00e0 Actes 2, pasteur K\u00f6hler a mis en lumi\u00e8re la s\u00e9quence qu\u2019on retrouve dans l\u2019\u00c9glise Primitive : d\u2019abord l\u2019unit\u00e9, puis le Saint-Esprit, et enfin une r\u00e9volution dans la mission. \u00ab Le jour de la Pentec\u00f4te, ils \u00e9taient tous r\u00e9unis au m\u00eame endroit, \u00bb a-t-il cit\u00e9. \u00ab L\u2019unit\u00e9 a ouvert la porte. L\u2019Esprit est descendu. Et trois mille personnes ont \u00e9t\u00e9 baptis\u00e9es. \u00bb<\/p>\n<p>\u00ab Tout commence par l\u2019unit\u00e9, \u00bb a-t-il soulign\u00e9. \u00ab S\u2019il n\u2019y a pas d\u2019unit\u00e9, il n\u2019y a pas d\u2019Esprit. S\u2019il n\u2019y a pas d\u2019Esprit, il n\u2019y a pas de r\u00e9volution dans la mission. \u00bb<\/p>\n<p><div id=\"attachment_139803\" style=\"width: 962px\" class=\"wp-caption aligncenter\"><img decoding=\"async\" aria-describedby=\"caption-attachment-139803\" class=\" wp-image-139803\" src=\"https:\/\/interamerica.org\/wp-content\/uploads\/2026\/03\/ltm-summit-mar2-delegate-g2-1037-copy.jpg\" alt=\"\" width=\"952\" height=\"635\" srcset=\"https:\/\/interamerica.org\/wp-content\/uploads\/2026\/03\/ltm-summit-mar2-delegate-g2-1037-copy.jpg 1000w, https:\/\/interamerica.org\/wp-content\/uploads\/2026\/03\/ltm-summit-mar2-delegate-g2-1037-copy-300x200.jpg 300w, https:\/\/interamerica.org\/wp-content\/uploads\/2026\/03\/ltm-summit-mar2-delegate-g2-1037-copy-768x512.jpg 768w\" sizes=\"(max-width: 952px) 100vw, 952px\" \/><p id=\"caption-attachment-139803\" class=\"wp-caption-text\">Gladiola de Bouchot, de l\u2019Union Mexicaine du Chiapas, \u00e9coute attentivement le message spirituel sur l\u2019int\u00e9gration lors du Sommet sur le Leadership organis\u00e9 par la DIA \u00e0 Riviera Maya, au Mexique. [Photo : Daniel Gallardo\/DIA]<\/p><\/div>Erton K\u00f6hler a mis en garde les dirigeants contre un fonctionnement comparable \u00e0 celui d\u2019un \u00ab archipel \u00bb \u2013 des \u00eeles portant le m\u00eame nom mais d\u00e9connect\u00e9es les unes des autres.<\/p>\n<p>\u00ab L\u2019\u00c9glise n\u2019est pas un archipel, \u00bb a-t-il d\u00e9clar\u00e9. \u00ab C\u2019est un corps. \u00bb Les diff\u00e9rents d\u00e9partements restent distincts \u2013 minist\u00e8res personnels, \u00e9cole du sabbat, \u00e9ducation, communication \u2013 mais l\u2019int\u00e9gration signifie l\u2019alignement.<\/p>\n<p>L\u2019int\u00e9gration ne signifie pas l\u2019uniformit\u00e9, a-t-il pr\u00e9cis\u00e9. \u00ab Cela signifie que chacun avance dans la m\u00eame direction, avec un but commun et un engagement partag\u00e9. \u00bb<\/p>\n<p>Lorsque cela se produit, a-t-il ajout\u00e9 : \u201cUnis, nous sommes plus forts. Nous allons plus loin. Nous arrivons plus vite. Et nous ouvrons la porte au Saint-Esprit pour qu\u2019il agisse parmi nous. \u00bb<\/p>\n<p><strong>Une vision tir\u00e9e de l\u2019Esprit de proph\u00e9tie <\/strong><\/p>\n<p>Citant Ellen G. White, cofondatrice de l\u2019\u00c9glise adventiste du septi\u00e8me jour, pasteur K\u00f6hler a rappel\u00e9 aux dirigeants la promesse li\u00e9e \u00e0 l\u2019action unie, telle qu\u2019elle est \u00e9crite dans Conqu\u00e9rants Pacifiques, p. 80 : \u00ab Tandis qu\u2019ils continueraient \u00e0 travailler en harmonie, les messagers c\u00e9lestes les pr\u00e9c\u00e9deraient, leur ouvrant le chemin; les c\u0153urs seraient ainsi pr\u00e9par\u00e9s \u00e0 recevoir la v\u00e9rit\u00e9, et beaucoup seraient gagn\u00e9s au Christ. \u00bb<\/p>\n<p><div id=\"attachment_139804\" style=\"width: 964px\" class=\"wp-caption aligncenter\"><img loading=\"lazy\" decoding=\"async\" aria-describedby=\"caption-attachment-139804\" class=\" wp-image-139804\" src=\"https:\/\/interamerica.org\/wp-content\/uploads\/2026\/03\/ltm-summit-caru-delegate-mar2-g2-1030.jpg\" alt=\"\" width=\"954\" height=\"636\" srcset=\"https:\/\/interamerica.org\/wp-content\/uploads\/2026\/03\/ltm-summit-caru-delegate-mar2-g2-1030.jpg 1000w, https:\/\/interamerica.org\/wp-content\/uploads\/2026\/03\/ltm-summit-caru-delegate-mar2-g2-1030-300x200.jpg 300w, https:\/\/interamerica.org\/wp-content\/uploads\/2026\/03\/ltm-summit-caru-delegate-mar2-g2-1030-768x512.jpg 768w\" sizes=\"(max-width: 954px) 100vw, 954px\" \/><p id=\"caption-attachment-139804\" class=\"wp-caption-text\">Linda Tobias, de l\u2019Union Carib\u00e9enne, \u00e9coute attentivement pendant le moment de m\u00e9ditation le 2 mars 2026, lors du Sommet sur le Leadership organis\u00e9 par la DIA. [Photo : Daniel Gallardo\/DIA]<\/p><\/div>\u00ab N\u2019est-ce pas pour cela que nous travaillons ?\u00bb a-t-il demand\u00e9. \u00ab Pour voir des anges ouvrir des pays ferm\u00e9s, r\u00e9soudre des probl\u00e8mes que nous ne pouvons surmonter et pr\u00e9parer les c\u0153urs \u00e0 la v\u00e9rit\u00e9 ? \u00bb<\/p>\n<p>\u00ab Mais cela ne se produira \u00bb a-t-il soulign\u00e9 \u00ab que si nous travaillons dans l\u2019unit\u00e9. \u00bb<\/p>\n<p><strong>Des leaders qui f\u00e9d\u00e8rent<\/strong><\/p>\n<p>Erton K\u00f6hler a d\u00e9crit plusieurs des qualit\u00e9s qu\u2019on retrouve chez les leaders qui favorisent l\u2019int\u00e9gration ; il a indiqu\u00e9 qu\u2019ils privil\u00e9gient l\u2019unit\u00e9 plut\u00f4t que le territoire personnel et fonctionnent davantage comme des chefs d\u2019orchestre que comme des solistes. De tels leaders encouragent r\u00e9solument la participation, \u00e9valuent r\u00e9guli\u00e8rement leur efficacit\u00e9, simplifient les initiatives pour maintenir le cap et communiquent de mani\u00e8re constante afin que chacun reste align\u00e9 sur l\u2019objectif et la direction.<\/p>\n<p>\u00ab Les gens vont aider \u00e0 accomplir ce qu\u2019ils ont contribu\u00e9 \u00e0 planifier, \u00bb a-t-il d\u00e9clar\u00e9, exhortant les dirigeants \u00e0 impliquer les autres dans les processus strat\u00e9giques. Il a \u00e9galement mis en garde contre ce qu\u2019il a appel\u00e9 \u00ab la coupure d\u2019\u00e9lectricit\u00e9, \u00bb c\u2019est-\u00e0-dire le maintien de m\u00e9thodes qui ont fonctionn\u00e9 par le pass\u00e9 mais qui ne produisent plus de r\u00e9sultats.<\/p>\n<p><div id=\"attachment_139805\" style=\"width: 968px\" class=\"wp-caption aligncenter\"><img loading=\"lazy\" decoding=\"async\" aria-describedby=\"caption-attachment-139805\" class=\" wp-image-139805\" src=\"https:\/\/interamerica.org\/wp-content\/uploads\/2026\/03\/kohlers-adls-mar2-ltm-summit-g2-0828.jpg\" alt=\"\" width=\"958\" height=\"639\" srcset=\"https:\/\/interamerica.org\/wp-content\/uploads\/2026\/03\/kohlers-adls-mar2-ltm-summit-g2-0828.jpg 1000w, https:\/\/interamerica.org\/wp-content\/uploads\/2026\/03\/kohlers-adls-mar2-ltm-summit-g2-0828-300x200.jpg 300w, https:\/\/interamerica.org\/wp-content\/uploads\/2026\/03\/kohlers-adls-mar2-ltm-summit-g2-0828-768x512.jpg 768w\" sizes=\"(max-width: 958px) 100vw, 958px\" \/><p id=\"caption-attachment-139805\" class=\"wp-caption-text\">Pasteur Erton C. K\u00f6hler, pr\u00e9sident de la Conf\u00e9rence G\u00e9n\u00e9rale, et son \u00e9pouse, Adrienne, sourient tandis que le pasteur Abner De los Santos (\u00e0 droite), pr\u00e9sident de la DIA, l\u00e8ve la main pour indiquer qu\u2019il avait appr\u00e9ci\u00e9 le message de d\u00e9votion pr\u00e9sent\u00e9 par Erton K\u00f6hler, le 2 mars 2026. Le couple a re\u00e7u un pr\u00e9sent en signe de gratitude avant de partir pour son prochain engagement. [Photo : Daniel Gallardo\/DIA]<\/p><\/div>\u00ab Nous devons \u00e9valuer, \u00bb a-t-il dit. \u00ab Si nous voulons avancer ensemble, nous devons nous concentrer sur l\u2019essentiel. \u00bb<\/p>\n<p><strong>Simple. Audacieux. Pertinent.<\/strong><\/p>\n<p>Toute initiative majeure, a-t-il d\u00e9clar\u00e9, doit r\u00e9pondre \u00e0 trois crit\u00e8res : la simplicit\u00e9, l\u2019audace et la pertinence.<\/p>\n<p>Il a cit\u00e9 l\u2019exemple de l\u2019initiative mondiale <a href=\"https:\/\/onevoice27.org\/en\">OneVoice2027<\/a>(UneVoix2027), qui appelle les adventistes du monde entier \u00e0 proclamer le Christ en septembre 2027.<\/p>\n<p>\u00ab Si nous voulons pr\u00eacher d\u2019une voix forte, \u00bb a-t-il dit, \u00ab nous devons pr\u00eacher d\u2019une seule voix. \u00bb<\/p>\n<p>Pasteur K\u00f6hler a conclu en mettant l\u2019accent sur trois \u00e9l\u00e9ments essentiels pour une mission int\u00e9gr\u00e9e : la pri\u00e8re, une direction claire ancr\u00e9e dans les \u00c9critures et concentr\u00e9e sur la mission, et une d\u00e9marche volontaire pour aller de l\u2019avant ensemble.<\/p>\n<p><div id=\"attachment_139800\" style=\"width: 992px\" class=\"wp-caption aligncenter\"><img loading=\"lazy\" decoding=\"async\" aria-describedby=\"caption-attachment-139800\" class=\" wp-image-139800\" src=\"https:\/\/interamerica.org\/wp-content\/uploads\/2026\/03\/ltm-audience-chiapas-summit-mar2-g2-1038-copy.jpg\" alt=\"\" width=\"982\" height=\"655\" srcset=\"https:\/\/interamerica.org\/wp-content\/uploads\/2026\/03\/ltm-audience-chiapas-summit-mar2-g2-1038-copy.jpg 1000w, https:\/\/interamerica.org\/wp-content\/uploads\/2026\/03\/ltm-audience-chiapas-summit-mar2-g2-1038-copy-300x200.jpg 300w, https:\/\/interamerica.org\/wp-content\/uploads\/2026\/03\/ltm-audience-chiapas-summit-mar2-g2-1038-copy-768x512.jpg 768w\" sizes=\"(max-width: 982px) 100vw, 982px\" \/><p id=\"caption-attachment-139800\" class=\"wp-caption-text\">Pasteur Uriel Castellanos (\u00e0 droite), pr\u00e9sident de la F\u00e9d\u00e9ration Mexicaine de Soconusco, \u00e9coute pendant le service de d\u00e9votion aux c\u00f4t\u00e9s de son \u00e9pouse, Mary Torres (\u00e0 gauche), le 2 mars 2026. [Photo : Daniel Gallardo\/DIA]<\/p><\/div>\u00ab Quand nous travaillons, nous obtenons les r\u00e9sultats de nos efforts, \u00bb a-t-il d\u00e9clar\u00e9. \u00ab Quand nous prions, nous obtenons les r\u00e9sultats de l\u2019action divine. \u00bb<\/p>\n<p>Il a ensuite demand\u00e9 directement aux dirigeants : \u00ab \u00cates-vous partants ? \u00bb<\/p>\n<p>Alors que les mains se levaient dans l\u2019auditorium, pasteur K\u00f6hler a pri\u00e9 pour que l\u2019int\u00e9gration, bien que difficile, devienne un miracle accompli par le Saint-Esprit dans les 42 pays de la Division Inter Am\u00e9ricaine.<\/p>\n<p>\u00ab Il est facile d\u2019en parler, \u00bb a-t-il dit dans sa pri\u00e8re, \u00ab mais difficile de la r\u00e9aliser. Que le Seigneur accomplisse ce miracle parmi nous. \u00bb<\/p>\n<p>Alors que le sommet se poursuit, les dirigeants devraient explorer des fa\u00e7ons pratiques de renforcer l\u2019harmonie, de simplifier les priorit\u00e9s et de mobiliser les membres dans toute l\u2019Inter-Am\u00e9rique, afin d\u2019avancer non pas comme des iles dispers\u00e9es mais comme un seul corps, enracin\u00e9 dans la Bible et concentr\u00e9 sur l\u2019accomplissement de la mission, ont d\u00e9clar\u00e9 les organisateurs.<\/p>\n<p>Traduction: Patrick Luciathe<\/p>\n","protected":false},"excerpt":{"rendered":"<p>Erton C. K\u00f6hler exhorte les dirigeants \u00e0 renforcer l\u2019unit\u00e9, la pri\u00e8re et la coordination strat\u00e9gique au sein de l\u2019\u00c9glise mondiale. 2 Mars 2026 | Riviera Maya, Quintana Roo, Mexique |&#8230;<\/p>\n","protected":false},"author":3,"featured_media":139961,"comment_status":"closed","ping_status":"closed","sticky":false,"template":"","format":"standard","meta":{"_acf_changed":false,"footnotes":""},"categories":[20,19],"tags":[],"class_list":["post-139960","post","type-post","status-publish","format-standard","has-post-thumbnail","hentry","category-nouvelles-du-siege-de-la-division","category-rss-francais"],"acf":[],"yoast_head":"<!-- This site is optimized with the Yoast SEO plugin v27.3 - https:\/\/yoast.com\/product\/yoast-seo-wordpress\/ -->\n<title>Le pr\u00e9sident de l\u2019\u00c9glise adventiste appelle \u00e0 une mission int\u00e9gr\u00e9e face \u00e0 un monde qui se d\u00e9sagr\u00e8ge - \u00c9glise Adventiste Du Septieme Jour - Inter Am\u00e9rique Division<\/title>\n<meta name=\"robots\" content=\"index, follow, max-snippet:-1, max-image-preview:large, max-video-preview:-1\" \/>\n<link rel=\"canonical\" href=\"https:\/\/interamerica.org\/fr\/2026\/03\/le-president-de-leglise-adventiste-appelle-a-une-mission-integree-face-a-un-monde-qui-se-desagrege\/\" \/>\n<meta property=\"og:locale\" content=\"fr_FR\" \/>\n<meta property=\"og:type\" content=\"article\" \/>\n<meta property=\"og:title\" content=\"Le pr\u00e9sident de l\u2019\u00c9glise adventiste appelle \u00e0 une mission int\u00e9gr\u00e9e face \u00e0 un monde qui se d\u00e9sagr\u00e8ge - \u00c9glise Adventiste Du Septieme Jour - Inter Am\u00e9rique Division\" \/>\n<meta property=\"og:description\" content=\"Erton C. K\u00f6hler exhorte les dirigeants \u00e0 renforcer l\u2019unit\u00e9, la pri\u00e8re et la coordination strat\u00e9gique au sein de l\u2019\u00c9glise mondiale. 2 Mars 2026 | Riviera Maya, Quintana Roo, Mexique |...\" \/>\n<meta property=\"og:url\" content=\"https:\/\/interamerica.org\/fr\/2026\/03\/le-president-de-leglise-adventiste-appelle-a-une-mission-integree-face-a-un-monde-qui-se-desagrege\/\" \/>\n<meta property=\"og:site_name\" content=\"\u00c9glise Adventiste Du Septieme Jour - Inter Am\u00e9rique Division\" \/>\n<meta property=\"article:published_time\" content=\"2026-03-03T04:00:57+00:00\" \/>\n<meta property=\"article:modified_time\" content=\"2026-03-05T11:53:42+00:00\" \/>\n<meta property=\"og:image\" content=\"https:\/\/interamerica.org\/wp-content\/uploads\/2026\/03\/ertonkohler-mar2-ltm-summit-g2-0991.jpg\" \/>\n\t<meta property=\"og:image:width\" content=\"1280\" \/>\n\t<meta property=\"og:image:height\" content=\"800\" \/>\n\t<meta property=\"og:image:type\" content=\"image\/jpeg\" \/>\n<meta name=\"author\" content=\"libna\" \/>\n<meta name=\"twitter:card\" content=\"summary_large_image\" \/>\n<meta name=\"twitter:label1\" content=\"\u00c9crit par\" \/>\n\t<meta name=\"twitter:data1\" content=\"libna\" \/>\n\t<meta name=\"twitter:label2\" content=\"Dur\u00e9e de lecture estim\u00e9e\" \/>\n\t<meta name=\"twitter:data2\" content=\"8 minutes\" \/>\n<script type=\"application\/ld+json\" class=\"yoast-schema-graph\">{\"@context\":\"https:\\\/\\\/schema.org\",\"@graph\":[{\"@type\":\"Article\",\"@id\":\"https:\\\/\\\/interamerica.org\\\/fr\\\/2026\\\/03\\\/le-president-de-leglise-adventiste-appelle-a-une-mission-integree-face-a-un-monde-qui-se-desagrege\\\/#article\",\"isPartOf\":{\"@id\":\"https:\\\/\\\/interamerica.org\\\/fr\\\/2026\\\/03\\\/le-president-de-leglise-adventiste-appelle-a-une-mission-integree-face-a-un-monde-qui-se-desagrege\\\/\"},\"author\":{\"name\":\"libna\",\"@id\":\"https:\\\/\\\/interamerica.org\\\/fr\\\/#\\\/schema\\\/person\\\/29998f2bc2d8bd0d38662909289b54f1\"},\"headline\":\"Le pr\u00e9sident de l\u2019\u00c9glise adventiste appelle \u00e0 une mission int\u00e9gr\u00e9e face \u00e0 un monde qui se d\u00e9sagr\u00e8ge\",\"datePublished\":\"2026-03-03T04:00:57+00:00\",\"dateModified\":\"2026-03-05T11:53:42+00:00\",\"mainEntityOfPage\":{\"@id\":\"https:\\\/\\\/interamerica.org\\\/fr\\\/2026\\\/03\\\/le-president-de-leglise-adventiste-appelle-a-une-mission-integree-face-a-un-monde-qui-se-desagrege\\\/\"},\"wordCount\":1614,\"image\":{\"@id\":\"https:\\\/\\\/interamerica.org\\\/fr\\\/2026\\\/03\\\/le-president-de-leglise-adventiste-appelle-a-une-mission-integree-face-a-un-monde-qui-se-desagrege\\\/#primaryimage\"},\"thumbnailUrl\":\"https:\\\/\\\/interamerica.org\\\/wp-content\\\/uploads\\\/2026\\\/03\\\/ertonkohler-mar2-ltm-summit-g2-0991.jpg\",\"articleSection\":[\"Nouvelles du si\u00e8ge de la division\",\"RSS Fran\u00e7ais\"],\"inLanguage\":\"fr-FR\"},{\"@type\":\"WebPage\",\"@id\":\"https:\\\/\\\/interamerica.org\\\/fr\\\/2026\\\/03\\\/le-president-de-leglise-adventiste-appelle-a-une-mission-integree-face-a-un-monde-qui-se-desagrege\\\/\",\"url\":\"https:\\\/\\\/interamerica.org\\\/fr\\\/2026\\\/03\\\/le-president-de-leglise-adventiste-appelle-a-une-mission-integree-face-a-un-monde-qui-se-desagrege\\\/\",\"name\":\"Le pr\u00e9sident de l\u2019\u00c9glise adventiste appelle \u00e0 une mission int\u00e9gr\u00e9e face \u00e0 un monde qui se d\u00e9sagr\u00e8ge - \u00c9glise Adventiste Du Septieme Jour - Inter Am\u00e9rique Division\",\"isPartOf\":{\"@id\":\"https:\\\/\\\/interamerica.org\\\/fr\\\/#website\"},\"primaryImageOfPage\":{\"@id\":\"https:\\\/\\\/interamerica.org\\\/fr\\\/2026\\\/03\\\/le-president-de-leglise-adventiste-appelle-a-une-mission-integree-face-a-un-monde-qui-se-desagrege\\\/#primaryimage\"},\"image\":{\"@id\":\"https:\\\/\\\/interamerica.org\\\/fr\\\/2026\\\/03\\\/le-president-de-leglise-adventiste-appelle-a-une-mission-integree-face-a-un-monde-qui-se-desagrege\\\/#primaryimage\"},\"thumbnailUrl\":\"https:\\\/\\\/interamerica.org\\\/wp-content\\\/uploads\\\/2026\\\/03\\\/ertonkohler-mar2-ltm-summit-g2-0991.jpg\",\"datePublished\":\"2026-03-03T04:00:57+00:00\",\"dateModified\":\"2026-03-05T11:53:42+00:00\",\"author\":{\"@id\":\"https:\\\/\\\/interamerica.org\\\/fr\\\/#\\\/schema\\\/person\\\/29998f2bc2d8bd0d38662909289b54f1\"},\"breadcrumb\":{\"@id\":\"https:\\\/\\\/interamerica.org\\\/fr\\\/2026\\\/03\\\/le-president-de-leglise-adventiste-appelle-a-une-mission-integree-face-a-un-monde-qui-se-desagrege\\\/#breadcrumb\"},\"inLanguage\":\"fr-FR\",\"potentialAction\":[{\"@type\":\"ReadAction\",\"target\":[\"https:\\\/\\\/interamerica.org\\\/fr\\\/2026\\\/03\\\/le-president-de-leglise-adventiste-appelle-a-une-mission-integree-face-a-un-monde-qui-se-desagrege\\\/\"]}]},{\"@type\":\"ImageObject\",\"inLanguage\":\"fr-FR\",\"@id\":\"https:\\\/\\\/interamerica.org\\\/fr\\\/2026\\\/03\\\/le-president-de-leglise-adventiste-appelle-a-une-mission-integree-face-a-un-monde-qui-se-desagrege\\\/#primaryimage\",\"url\":\"https:\\\/\\\/interamerica.org\\\/wp-content\\\/uploads\\\/2026\\\/03\\\/ertonkohler-mar2-ltm-summit-g2-0991.jpg\",\"contentUrl\":\"https:\\\/\\\/interamerica.org\\\/wp-content\\\/uploads\\\/2026\\\/03\\\/ertonkohler-mar2-ltm-summit-g2-0991.jpg\",\"width\":1280,\"height\":800,\"caption\":\"Pasteur Erton C. K\u00f6hler pr\u00e9sente le message de d\u00e9votion du matin sur l\u2019int\u00e9gration le 2 mars 2026, lors du Sommet sur le Leadership organis\u00e9 par la Division Inter Am\u00e9ricaine \u00e0 Riviera Maya, au Mexique. [Photo : Daniel Gallardo\\\/DIA]\"},{\"@type\":\"BreadcrumbList\",\"@id\":\"https:\\\/\\\/interamerica.org\\\/fr\\\/2026\\\/03\\\/le-president-de-leglise-adventiste-appelle-a-une-mission-integree-face-a-un-monde-qui-se-desagrege\\\/#breadcrumb\",\"itemListElement\":[{\"@type\":\"ListItem\",\"position\":1,\"name\":\"Home\",\"item\":\"https:\\\/\\\/interamerica.org\\\/fr\\\/\"},{\"@type\":\"ListItem\",\"position\":2,\"name\":\"Le pr\u00e9sident de l\u2019\u00c9glise adventiste appelle \u00e0 une mission int\u00e9gr\u00e9e face \u00e0 un monde qui se d\u00e9sagr\u00e8ge\"}]},{\"@type\":\"WebSite\",\"@id\":\"https:\\\/\\\/interamerica.org\\\/fr\\\/#website\",\"url\":\"https:\\\/\\\/interamerica.org\\\/fr\\\/\",\"name\":\"\u00c9glise Adventiste Du Septieme Jour - Inter Am\u00e9rique Division\",\"description\":\"\",\"potentialAction\":[{\"@type\":\"SearchAction\",\"target\":{\"@type\":\"EntryPoint\",\"urlTemplate\":\"https:\\\/\\\/interamerica.org\\\/fr\\\/?s={search_term_string}\"},\"query-input\":{\"@type\":\"PropertyValueSpecification\",\"valueRequired\":true,\"valueName\":\"search_term_string\"}}],\"inLanguage\":\"fr-FR\"},{\"@type\":\"Person\",\"@id\":\"https:\\\/\\\/interamerica.org\\\/fr\\\/#\\\/schema\\\/person\\\/29998f2bc2d8bd0d38662909289b54f1\",\"name\":\"libna\",\"image\":{\"@type\":\"ImageObject\",\"inLanguage\":\"fr-FR\",\"@id\":\"https:\\\/\\\/secure.gravatar.com\\\/avatar\\\/7c5bd30ae4b47a9ba3c856590957fd1d96dc588bf3ac05719d247e126840331f?s=96&d=mm&r=g\",\"url\":\"https:\\\/\\\/secure.gravatar.com\\\/avatar\\\/7c5bd30ae4b47a9ba3c856590957fd1d96dc588bf3ac05719d247e126840331f?s=96&d=mm&r=g\",\"contentUrl\":\"https:\\\/\\\/secure.gravatar.com\\\/avatar\\\/7c5bd30ae4b47a9ba3c856590957fd1d96dc588bf3ac05719d247e126840331f?s=96&d=mm&r=g\",\"caption\":\"libna\"}}]}<\/script>\n<!-- \/ Yoast SEO plugin. -->","yoast_head_json":{"title":"Le pr\u00e9sident de l\u2019\u00c9glise adventiste appelle \u00e0 une mission int\u00e9gr\u00e9e face \u00e0 un monde qui se d\u00e9sagr\u00e8ge - \u00c9glise Adventiste Du Septieme Jour - Inter Am\u00e9rique Division","robots":{"index":"index","follow":"follow","max-snippet":"max-snippet:-1","max-image-preview":"max-image-preview:large","max-video-preview":"max-video-preview:-1"},"canonical":"https:\/\/interamerica.org\/fr\/2026\/03\/le-president-de-leglise-adventiste-appelle-a-une-mission-integree-face-a-un-monde-qui-se-desagrege\/","og_locale":"fr_FR","og_type":"article","og_title":"Le pr\u00e9sident de l\u2019\u00c9glise adventiste appelle \u00e0 une mission int\u00e9gr\u00e9e face \u00e0 un monde qui se d\u00e9sagr\u00e8ge - \u00c9glise Adventiste Du Septieme Jour - Inter Am\u00e9rique Division","og_description":"Erton C. K\u00f6hler exhorte les dirigeants \u00e0 renforcer l\u2019unit\u00e9, la pri\u00e8re et la coordination strat\u00e9gique au sein de l\u2019\u00c9glise mondiale. 2 Mars 2026 | Riviera Maya, Quintana Roo, Mexique |...","og_url":"https:\/\/interamerica.org\/fr\/2026\/03\/le-president-de-leglise-adventiste-appelle-a-une-mission-integree-face-a-un-monde-qui-se-desagrege\/","og_site_name":"\u00c9glise Adventiste Du Septieme Jour - Inter Am\u00e9rique Division","article_published_time":"2026-03-03T04:00:57+00:00","article_modified_time":"2026-03-05T11:53:42+00:00","og_image":[{"width":1280,"height":800,"url":"https:\/\/interamerica.org\/wp-content\/uploads\/2026\/03\/ertonkohler-mar2-ltm-summit-g2-0991.jpg","type":"image\/jpeg"}],"author":"libna","twitter_card":"summary_large_image","twitter_misc":{"\u00c9crit par":"libna","Dur\u00e9e de lecture estim\u00e9e":"8 minutes"},"schema":{"@context":"https:\/\/schema.org","@graph":[{"@type":"Article","@id":"https:\/\/interamerica.org\/fr\/2026\/03\/le-president-de-leglise-adventiste-appelle-a-une-mission-integree-face-a-un-monde-qui-se-desagrege\/#article","isPartOf":{"@id":"https:\/\/interamerica.org\/fr\/2026\/03\/le-president-de-leglise-adventiste-appelle-a-une-mission-integree-face-a-un-monde-qui-se-desagrege\/"},"author":{"name":"libna","@id":"https:\/\/interamerica.org\/fr\/#\/schema\/person\/29998f2bc2d8bd0d38662909289b54f1"},"headline":"Le pr\u00e9sident de l\u2019\u00c9glise adventiste appelle \u00e0 une mission int\u00e9gr\u00e9e face \u00e0 un monde qui se d\u00e9sagr\u00e8ge","datePublished":"2026-03-03T04:00:57+00:00","dateModified":"2026-03-05T11:53:42+00:00","mainEntityOfPage":{"@id":"https:\/\/interamerica.org\/fr\/2026\/03\/le-president-de-leglise-adventiste-appelle-a-une-mission-integree-face-a-un-monde-qui-se-desagrege\/"},"wordCount":1614,"image":{"@id":"https:\/\/interamerica.org\/fr\/2026\/03\/le-president-de-leglise-adventiste-appelle-a-une-mission-integree-face-a-un-monde-qui-se-desagrege\/#primaryimage"},"thumbnailUrl":"https:\/\/interamerica.org\/wp-content\/uploads\/2026\/03\/ertonkohler-mar2-ltm-summit-g2-0991.jpg","articleSection":["Nouvelles du si\u00e8ge de la division","RSS Fran\u00e7ais"],"inLanguage":"fr-FR"},{"@type":"WebPage","@id":"https:\/\/interamerica.org\/fr\/2026\/03\/le-president-de-leglise-adventiste-appelle-a-une-mission-integree-face-a-un-monde-qui-se-desagrege\/","url":"https:\/\/interamerica.org\/fr\/2026\/03\/le-president-de-leglise-adventiste-appelle-a-une-mission-integree-face-a-un-monde-qui-se-desagrege\/","name":"Le pr\u00e9sident de l\u2019\u00c9glise adventiste appelle \u00e0 une mission int\u00e9gr\u00e9e face \u00e0 un monde qui se d\u00e9sagr\u00e8ge - \u00c9glise Adventiste Du Septieme Jour - Inter Am\u00e9rique Division","isPartOf":{"@id":"https:\/\/interamerica.org\/fr\/#website"},"primaryImageOfPage":{"@id":"https:\/\/interamerica.org\/fr\/2026\/03\/le-president-de-leglise-adventiste-appelle-a-une-mission-integree-face-a-un-monde-qui-se-desagrege\/#primaryimage"},"image":{"@id":"https:\/\/interamerica.org\/fr\/2026\/03\/le-president-de-leglise-adventiste-appelle-a-une-mission-integree-face-a-un-monde-qui-se-desagrege\/#primaryimage"},"thumbnailUrl":"https:\/\/interamerica.org\/wp-content\/uploads\/2026\/03\/ertonkohler-mar2-ltm-summit-g2-0991.jpg","datePublished":"2026-03-03T04:00:57+00:00","dateModified":"2026-03-05T11:53:42+00:00","author":{"@id":"https:\/\/interamerica.org\/fr\/#\/schema\/person\/29998f2bc2d8bd0d38662909289b54f1"},"breadcrumb":{"@id":"https:\/\/interamerica.org\/fr\/2026\/03\/le-president-de-leglise-adventiste-appelle-a-une-mission-integree-face-a-un-monde-qui-se-desagrege\/#breadcrumb"},"inLanguage":"fr-FR","potentialAction":[{"@type":"ReadAction","target":["https:\/\/interamerica.org\/fr\/2026\/03\/le-president-de-leglise-adventiste-appelle-a-une-mission-integree-face-a-un-monde-qui-se-desagrege\/"]}]},{"@type":"ImageObject","inLanguage":"fr-FR","@id":"https:\/\/interamerica.org\/fr\/2026\/03\/le-president-de-leglise-adventiste-appelle-a-une-mission-integree-face-a-un-monde-qui-se-desagrege\/#primaryimage","url":"https:\/\/interamerica.org\/wp-content\/uploads\/2026\/03\/ertonkohler-mar2-ltm-summit-g2-0991.jpg","contentUrl":"https:\/\/interamerica.org\/wp-content\/uploads\/2026\/03\/ertonkohler-mar2-ltm-summit-g2-0991.jpg","width":1280,"height":800,"caption":"Pasteur Erton C. K\u00f6hler pr\u00e9sente le message de d\u00e9votion du matin sur l\u2019int\u00e9gration le 2 mars 2026, lors du Sommet sur le Leadership organis\u00e9 par la Division Inter Am\u00e9ricaine \u00e0 Riviera Maya, au Mexique. [Photo : Daniel Gallardo\/DIA]"},{"@type":"BreadcrumbList","@id":"https:\/\/interamerica.org\/fr\/2026\/03\/le-president-de-leglise-adventiste-appelle-a-une-mission-integree-face-a-un-monde-qui-se-desagrege\/#breadcrumb","itemListElement":[{"@type":"ListItem","position":1,"name":"Home","item":"https:\/\/interamerica.org\/fr\/"},{"@type":"ListItem","position":2,"name":"Le pr\u00e9sident de l\u2019\u00c9glise adventiste appelle \u00e0 une mission int\u00e9gr\u00e9e face \u00e0 un monde qui se d\u00e9sagr\u00e8ge"}]},{"@type":"WebSite","@id":"https:\/\/interamerica.org\/fr\/#website","url":"https:\/\/interamerica.org\/fr\/","name":"\u00c9glise Adventiste Du Septieme Jour - Inter Am\u00e9rique Division","description":"","potentialAction":[{"@type":"SearchAction","target":{"@type":"EntryPoint","urlTemplate":"https:\/\/interamerica.org\/fr\/?s={search_term_string}"},"query-input":{"@type":"PropertyValueSpecification","valueRequired":true,"valueName":"search_term_string"}}],"inLanguage":"fr-FR"},{"@type":"Person","@id":"https:\/\/interamerica.org\/fr\/#\/schema\/person\/29998f2bc2d8bd0d38662909289b54f1","name":"libna","image":{"@type":"ImageObject","inLanguage":"fr-FR","@id":"https:\/\/secure.gravatar.com\/avatar\/7c5bd30ae4b47a9ba3c856590957fd1d96dc588bf3ac05719d247e126840331f?s=96&d=mm&r=g","url":"https:\/\/secure.gravatar.com\/avatar\/7c5bd30ae4b47a9ba3c856590957fd1d96dc588bf3ac05719d247e126840331f?s=96&d=mm&r=g","contentUrl":"https:\/\/secure.gravatar.com\/avatar\/7c5bd30ae4b47a9ba3c856590957fd1d96dc588bf3ac05719d247e126840331f?s=96&d=mm&r=g","caption":"libna"}}]}},"_links":{"self":[{"href":"https:\/\/interamerica.org\/fr\/wp-json\/wp\/v2\/posts\/139960","targetHints":{"allow":["GET"]}}],"collection":[{"href":"https:\/\/interamerica.org\/fr\/wp-json\/wp\/v2\/posts"}],"about":[{"href":"https:\/\/interamerica.org\/fr\/wp-json\/wp\/v2\/types\/post"}],"author":[{"embeddable":true,"href":"https:\/\/interamerica.org\/fr\/wp-json\/wp\/v2\/users\/3"}],"replies":[{"embeddable":true,"href":"https:\/\/interamerica.org\/fr\/wp-json\/wp\/v2\/comments?post=139960"}],"version-history":[{"count":1,"href":"https:\/\/interamerica.org\/fr\/wp-json\/wp\/v2\/posts\/139960\/revisions"}],"predecessor-version":[{"id":139986,"href":"https:\/\/interamerica.org\/fr\/wp-json\/wp\/v2\/posts\/139960\/revisions\/139986"}],"wp:featuredmedia":[{"embeddable":true,"href":"https:\/\/interamerica.org\/fr\/wp-json\/wp\/v2\/media\/139961"}],"wp:attachment":[{"href":"https:\/\/interamerica.org\/fr\/wp-json\/wp\/v2\/media?parent=139960"}],"wp:term":[{"taxonomy":"category","embeddable":true,"href":"https:\/\/interamerica.org\/fr\/wp-json\/wp\/v2\/categories?post=139960"},{"taxonomy":"post_tag","embeddable":true,"href":"https:\/\/interamerica.org\/fr\/wp-json\/wp\/v2\/tags?post=139960"}],"curies":[{"name":"wp","href":"https:\/\/api.w.org\/{rel}","templated":true}]}}