{"id":140012,"date":"2026-03-03T23:05:46","date_gmt":"2026-03-04T04:05:46","guid":{"rendered":"https:\/\/interamerica.org\/?p=140012"},"modified":"2026-03-06T19:21:54","modified_gmt":"2026-03-07T00:21:54","slug":"les-dirigeants-adventistes-de-la-dia-invites-a-batir-sur-le-roc","status":"publish","type":"post","link":"https:\/\/interamerica.org\/fr\/2026\/03\/les-dirigeants-adventistes-de-la-dia-invites-a-batir-sur-le-roc\/","title":{"rendered":"Les dirigeants adventistes de la DIA invit\u00e9s \u00e0 b\u00e2tir sur \u00ab le Roc \u00bb"},"content":{"rendered":"<p><em>Balvin Braham encourage les administrateurs \u00e0 ancrer leur strat\u00e9gie et leur mission dans les \u00c9critures lors de la m\u00e9ditation pr\u00e9sent\u00e9e pendant le sommet.<\/em><\/p>\n<p>3 Mars 2026 | Riviera Maya, Quintana Roo, Mexique | Libna Stevens, Actualit\u00e9s de la Division Inter Am\u00e9ricaine<\/p>\n<p>\u00ab Ceci n\u2019est pas simplement un concile administratif. Il s\u2019agit d\u2019un concile d\u2019alliance. \u00bb<\/p>\n<p>Par ces mots, Balvin Braham, vice-pr\u00e9sident de la Division Inter Am\u00e9ricaine (DIA), a donn\u00e9 le ton spirituel de la troisi\u00e8me journ\u00e9e du sommet sur le leadership lors de la pr\u00e9sentation de son message de d\u00e9votion devant pr\u00e8s de 600 administrateurs d\u2019union, de f\u00e9d\u00e9ration et de champs locaux r\u00e9unis \u00e0 Riviera Maya, au Mexique.<\/p>\n<p><div id=\"attachment_139917\" style=\"width: 935px\" class=\"wp-caption aligncenter\"><img fetchpriority=\"high\" decoding=\"async\" aria-describedby=\"caption-attachment-139917\" class=\" wp-image-139917\" src=\"https:\/\/interamerica.org\/wp-content\/uploads\/2026\/03\/balvin-braham-ltm-summit-mar3-with-bible-g2-1729.jpg\" alt=\"\" width=\"925\" height=\"617\" srcset=\"https:\/\/interamerica.org\/wp-content\/uploads\/2026\/03\/balvin-braham-ltm-summit-mar3-with-bible-g2-1729.jpg 1000w, https:\/\/interamerica.org\/wp-content\/uploads\/2026\/03\/balvin-braham-ltm-summit-mar3-with-bible-g2-1729-300x200.jpg 300w, https:\/\/interamerica.org\/wp-content\/uploads\/2026\/03\/balvin-braham-ltm-summit-mar3-with-bible-g2-1729-768x512.jpg 768w\" sizes=\"(max-width: 925px) 100vw, 925px\" \/><p id=\"caption-attachment-139917\" class=\"wp-caption-text\">Pasteur Balvin Braham, vice-pr\u00e9sident de la Division Inter Am\u00e9ricaine, a prononc\u00e9 le message de d\u00e9votion du matin lors du Sommet sur le Leadership \u00e0 Riviera Maya, dans le Quintana Roo, au Mexique, le 3 mars 2026. Balvin Braham a encourag\u00e9 les administrateurs \u00e0 ancrer leur strat\u00e9gie et leur mission fermement dans les \u00c9critures. br data-start=\u00a0\u00bb430&Prime; data-end=\u00a0\u00bb433&Prime; \/&gt;[Photo: Daniel Gallardo\/DIA]<\/p><\/div>S\u2019appuyant sur son message <em>B\u00e2tir sur un Fondement Solide<\/em>, Balvin Braham a invit\u00e9 les dirigeants \u00e0 consid\u00e9rer ce rassemblement non comme une rencontre de routine pour des sessions sur la strat\u00e9gie, mais comme un moment d\u00e9cisif de responsabilit\u00e9 spirituelle.<\/p>\n<p><strong>L\u2019architecture de l\u2019ob\u00e9issance<\/strong><\/p>\n<p>DS\u2019inspirant de Matthieu 7:24-27, l\u2019illustration de J\u00e9sus qui conclut le Sermon sur la Montagne, Balvin Braham a d\u00e9crit ce passage comme \u00e9tant \u00ab une architecture \u00bb donn\u00e9e par le Christ lui-m\u00eame.<\/p>\n<p>Dans la parabole, J\u00e9sus \u00e9tablit un contraste entre deux b\u00e2tisseurs : l\u2019un qui construit sur le roc, l\u2019autre qui construit sur le sable. Tous deux entendent la Parole, mais un seul y ob\u00e9it.<\/p>\n<p>\u00ab J\u00e9sus n\u2019\u00e9tablit pas le contraste entre le fait d\u2019entendre ou de rejeter, \u00bb a soulign\u00e9 Balvin Braham. \u00ab Le contraste est \u00e9tablit entre le fait d\u2019entendre et de mettre en pratique et celui d\u2019entendre et de ne rien faire. \u00bb<\/p>\n<p>Pour les dirigeants d\u2019\u00e9glise, a-t-il affirm\u00e9, cette distinction est essentielle.<\/p>\n<p><div id=\"attachment_139916\" style=\"width: 949px\" class=\"wp-caption aligncenter\"><img decoding=\"async\" aria-describedby=\"caption-attachment-139916\" class=\" wp-image-139916\" src=\"https:\/\/interamerica.org\/wp-content\/uploads\/2026\/03\/ltm-summit-devotional-mar3-g2-1785.jpg\" alt=\"\" width=\"939\" height=\"626\" srcset=\"https:\/\/interamerica.org\/wp-content\/uploads\/2026\/03\/ltm-summit-devotional-mar3-g2-1785.jpg 1000w, https:\/\/interamerica.org\/wp-content\/uploads\/2026\/03\/ltm-summit-devotional-mar3-g2-1785-300x200.jpg 300w, https:\/\/interamerica.org\/wp-content\/uploads\/2026\/03\/ltm-summit-devotional-mar3-g2-1785-768x512.jpg 768w\" sizes=\"(max-width: 939px) 100vw, 939px\" \/><p id=\"caption-attachment-139916\" class=\"wp-caption-text\">Les dirigeants d\u2019union et de f\u00e9d\u00e9ration suivent le message de d\u00e9votion alors que pasteur Balvin Braham appelle l\u2019\u00c9glise \u00e0 rester ancr\u00e9e dans les \u00c9critures et la mission.<br data-start=\"462\" data-end=\"465\" \/>[Photo: Daniel Gallardo\/DIA]<\/p><\/div>\u00ab Nous pouvons ma\u00eetriser la th\u00e9ologie, nous pouvons \u00e9laborer des r\u00e8glements et g\u00e9rer des comit\u00e9s, \u00bb a-t-il d\u00e9clar\u00e9. \u00ab Pourtant, nous b\u00e2tissons quand m\u00eame sur du sable s\u2019il n\u2019y a pas d\u2019ob\u00e9issance. \u00bb<\/p>\n<p>Balvin Braham a rappel\u00e9 que le danger qui menace les dirigeants aujourd\u2019hui est subtil.<\/p>\n<p>\u00ab La trag\u00e9die des derniers jours ne sera pas un manque de r\u00e9v\u00e9lation, \u00bb a-t-il dit. \u00ab Ce sera un surplus de r\u00e9v\u00e9lation non mise en pratique. \u00bb<\/p>\n<p><strong>Des temp\u00eates surviendront<\/strong><\/p>\n<p>Dans le r\u00e9cit biblique, les temp\u00eates mettent \u00e0 l\u2019\u00e9preuve les deux maisons, a-t-il indiqu\u00e9. Balvin Braham a rappel\u00e9 aux administrateurs que la question n\u2019est pas de savoir si des temp\u00eates surviendront, mais ce qui subsistera lorsqu\u2019elles surviendront.<\/p>\n<p>\u00ab L\u2019ouragan eschatologique mettra \u00e0 l\u2019\u00e9preuve non pas la taille de nos institutions, mais la profondeur de notre fondement biblique, \u00bb a-t-il d\u00e9clar\u00e9. \u00ab Les programmes ne survivent pas aux temp\u00eates. Les fondements eux, oui. \u00bb<\/p>\n<p><div id=\"attachment_139913\" style=\"width: 949px\" class=\"wp-caption aligncenter\"><img decoding=\"async\" aria-describedby=\"caption-attachment-139913\" class=\" wp-image-139913\" src=\"https:\/\/interamerica.org\/wp-content\/uploads\/2026\/03\/ltm-summit-delegates-g2-1775.jpg\" alt=\"\" width=\"939\" height=\"626\" srcset=\"https:\/\/interamerica.org\/wp-content\/uploads\/2026\/03\/ltm-summit-delegates-g2-1775.jpg 1000w, https:\/\/interamerica.org\/wp-content\/uploads\/2026\/03\/ltm-summit-delegates-g2-1775-300x200.jpg 300w, https:\/\/interamerica.org\/wp-content\/uploads\/2026\/03\/ltm-summit-delegates-g2-1775-768x512.jpg 768w\" sizes=\"(max-width: 939px) 100vw, 939px\" \/><p id=\"caption-attachment-139913\" class=\"wp-caption-text\">Des d\u00e9l\u00e9gu\u00e9s sont dans la r\u00e9flexion lors du moment de m\u00e9ditation anim\u00e9 par Balvin Braham, vice-pr\u00e9sident de la DIA, le 3 mars 2026. [Photo : Daniel Gallardo\/DIA]<\/p><\/div>Faisant r\u00e9f\u00e9rence aux d\u00e9fis contemporains que l\u2019on retrouve dans toute l\u2019Inter-Am\u00e9rique, tels que la s\u00e9cularisation, les difficult\u00e9s financi\u00e8res, les mutations culturelles, l\u2019influence du num\u00e9rique et l\u2019apathie spirituelle, Balvin Braham les a d\u00e9crits comme des \u00ab temp\u00eates eschatologiques qui se manifestent d\u00e9j\u00e0 sur notre territoire. \u00bb<\/p>\n<p>Seule une \u00e9glise enracin\u00e9e dans les \u00c9critures, a-t-il affirm\u00e9, pourra faire face.<\/p>\n<p><strong>Les \u00c9critures comme fondement<\/strong><\/p>\n<p>Balvin Braham est revenu \u00e0 plusieurs reprises sur la primaut\u00e9 de la Parole de Dieu pour fa\u00e7onner la vie et la mission de l\u2019\u00c9glise.<\/p>\n<p>\u00ab La Bible n\u2019est pas notre manuel de r\u00e9f\u00e9rence, \u00bb a-t-il d\u00e9clar\u00e9. \u00ab Elle est notre pierre angulaire. \u00bb<\/p>\n<p><div id=\"attachment_139914\" style=\"width: 958px\" class=\"wp-caption aligncenter\"><img loading=\"lazy\" decoding=\"async\" aria-describedby=\"caption-attachment-139914\" class=\" wp-image-139914\" src=\"https:\/\/interamerica.org\/wp-content\/uploads\/2026\/03\/balvin-braham-ltm-summit-mar3-g2-1797.jpg\" alt=\"\" width=\"948\" height=\"632\" srcset=\"https:\/\/interamerica.org\/wp-content\/uploads\/2026\/03\/balvin-braham-ltm-summit-mar3-g2-1797.jpg 1000w, https:\/\/interamerica.org\/wp-content\/uploads\/2026\/03\/balvin-braham-ltm-summit-mar3-g2-1797-300x200.jpg 300w, https:\/\/interamerica.org\/wp-content\/uploads\/2026\/03\/balvin-braham-ltm-summit-mar3-g2-1797-768x512.jpg 768w\" sizes=\"(max-width: 948px) 100vw, 948px\" \/><p id=\"caption-attachment-139914\" class=\"wp-caption-text\">Pasteur Balvin Braham, vice-pr\u00e9sident de la DIA, rappelle \u00e0 pr\u00e8s de 600 administrateurs que l\u2019\u00c9glise doit demeurer ancr\u00e9e en Christ qui est son fondement. [Photo : Daniel Gallardo\/DIA]<\/p><\/div>La planification strat\u00e9gique, a-t-il ajout\u00e9, doit s\u2019appuyer non pas sur des mod\u00e8les d\u2019entreprise, mais sur une conviction biblique.<\/p>\n<p>\u00ab La planification strat\u00e9gique doit \u00eatre ex\u00e9g\u00e9tique avant d&rsquo;\u00eatre organisationnelle, \u00bb a dit Balvin Braham. \u00ab La mission d\u00e9coule de la r\u00e9v\u00e9lation, non d\u2019une analyse institutionnelle. \u00bb<\/p>\n<p>Il a mis en garde les dirigeants contre l\u2019id\u00e9e qui veut que l\u2019on soit efficace sans \u00eatre enracin\u00e9 dans les \u00c9critures.<\/p>\n<p>\u00ab \u00catre strat\u00e9gique sans \u00eatre soumis \u00e0 Dieu repr\u00e9sente un danger subtil pour l\u2019administration, \u00bb a-t-il dit.<\/p>\n<p>Citant 1 Corinthiens 3:11 : \u00ab Car personne ne peut poser un autre fondement que celui qui a \u00e9t\u00e9 pos\u00e9, savoir J\u00e9sus-Christ, \u00bb Balvin Braham a affirm\u00e9 que le Christ lui-m\u00eame, r\u00e9v\u00e9l\u00e9 dans les \u00c9critures, demeure le seul fondement s\u00fbr pour l\u2019\u00c9glise.<\/p>\n<p><div id=\"attachment_139912\" style=\"width: 967px\" class=\"wp-caption aligncenter\"><img loading=\"lazy\" decoding=\"async\" aria-describedby=\"caption-attachment-139912\" class=\" wp-image-139912\" src=\"https:\/\/interamerica.org\/wp-content\/uploads\/2026\/03\/ltm-administrator-mar3-devotional-g2-1793.jpg\" alt=\"\" width=\"957\" height=\"638\" srcset=\"https:\/\/interamerica.org\/wp-content\/uploads\/2026\/03\/ltm-administrator-mar3-devotional-g2-1793.jpg 1000w, https:\/\/interamerica.org\/wp-content\/uploads\/2026\/03\/ltm-administrator-mar3-devotional-g2-1793-300x200.jpg 300w, https:\/\/interamerica.org\/wp-content\/uploads\/2026\/03\/ltm-administrator-mar3-devotional-g2-1793-768x512.jpg 768w\" sizes=\"(max-width: 957px) 100vw, 957px\" \/><p id=\"caption-attachment-139912\" class=\"wp-caption-text\">Un administrateur de l\u2019\u00e9glise lit dans sa Bible tout en \u00e9coutant la m\u00e9ditation pr\u00e9sent\u00e9e par pasteur Balvin Braham lors du sommet sur le leadership, le 3 mars 2026. [Photo : Daniel Gallardo\/DIA]<\/p><\/div>\u00ab Le roc mentionn\u00e9 dans Matthieu 7 n\u2019est pas simplement la doctrine, \u00bb a-t-il d\u00e9clar\u00e9. \u00ab C\u2019est le Christ lui-m\u00eame r\u00e9v\u00e9l\u00e9 dans la Parole. \u00bb<\/p>\n<p><strong>Les leaders comme b\u00e2tisseurs de fondements<\/strong><\/p>\n<p>Balvin Braham a exhort\u00e9 les administrateurs \u00e0 consid\u00e9rer leur r\u00f4le sous un angle th\u00e9ologique.<\/p>\n<p>\u00ab Nous ne sommes pas simplement des administrateurs, \u00bb a-t-il dit. \u00ab Nous sommes les b\u00e2tisseurs de fondements pour le royaume de Dieu. \u00bb<\/p>\n<p>Chaque d\u00e9cision, a-t-il soulign\u00e9, a un poids spirituel. \u00ab Nos d\u00e9cisions budg\u00e9taires sont des d\u00e9cisions th\u00e9ologiques. Nos r\u00e8glements sont des d\u00e9clarations eccl\u00e9siologiques. Nos plans strat\u00e9giques sont des documents eschatologiques, \u00bb a-t-il d\u00e9clar\u00e9.<\/p>\n<p>Le leadership, a-t-il expliqu\u00e9, ne consiste pas \u00e0 \u00e9largir l\u2019institution, mais \u00e0 pr\u00e9parer des personnes pour le royaume de Dieu.<\/p>\n<p><div id=\"attachment_139918\" style=\"width: 958px\" class=\"wp-caption aligncenter\"><img loading=\"lazy\" decoding=\"async\" aria-describedby=\"caption-attachment-139918\" class=\" wp-image-139918\" src=\"https:\/\/interamerica.org\/wp-content\/uploads\/2026\/03\/ltm-summit-mar3-audience-front-g2-1711.jpg\" alt=\"\" width=\"948\" height=\"632\" srcset=\"https:\/\/interamerica.org\/wp-content\/uploads\/2026\/03\/ltm-summit-mar3-audience-front-g2-1711.jpg 1000w, https:\/\/interamerica.org\/wp-content\/uploads\/2026\/03\/ltm-summit-mar3-audience-front-g2-1711-300x200.jpg 300w, https:\/\/interamerica.org\/wp-content\/uploads\/2026\/03\/ltm-summit-mar3-audience-front-g2-1711-768x512.jpg 768w\" sizes=\"(max-width: 948px) 100vw, 948px\" \/><p id=\"caption-attachment-139918\" class=\"wp-caption-text\">Des dirigeants de la DIA \u00e9coutent la m\u00e9ditation matinale pr\u00e9sent\u00e9e par pasteur Balvin Braham le troisi\u00e8me jour du sommet sur le leadership intitul\u00e9 \u00ab J\u2019Irai, en Vivant la Mission, \u00bb le 3 mars 2026. [Photo : Daniel Gallardo\/DIA]<\/p><\/div>\u00ab Ce que nous faisons ici a \u00e0 voir avec un fondement qui d\u00e9termine la destin\u00e9e de 320 millions de personnes \u00e0 travers l\u2019Inter Am\u00e9rique, \u00bb a d\u00e9clar\u00e9 Balvin Braham, en faisant r\u00e9f\u00e9rence \u00e0 la population du territoire de la division.<\/p>\n<p>Avec environ 3,7 millions de membres adventistes du septi\u00e8me jour dans toute la r\u00e9gion, il a exhort\u00e9 les responsables \u00e0 consid\u00e9rer non seulement la croissance, mais aussi l\u2019engagement.<\/p>\n<p data-start=\"482\" data-end=\"647\">\u00ab Comment amener 320 millions de personnes autour du tr\u00f4ne de Dieu ? \u00bb a demand\u00e9 Balvin Braham. \u00ab Et comment impliquer les 71 pour cent de nos membres qui ne participent pas activement \u00e0 la mission ? \u00bb<\/p>\n<p data-start=\"649\" data-end=\"707\">Il a ensuite pr\u00e9sent\u00e9 trois applications pratiques pour les dirigeants.<\/p>\n<p data-start=\"709\" data-end=\"1079\">Premi\u00e8rement, il a appel\u00e9 \u00e0 un renouveau spirituel personnel. \u00ab Sur le plan personnel, nous devons construire sur la Parole \u00e0 travers la d\u00e9votion, \u00bb a dit Balvin Braham. Les comp\u00e9tences administratives, a-t-il indiqu\u00e9, ne peuvent remplacer la profondeur spirituelle. \u00ab Aucune habilet\u00e9 administrative ne peut se substituer \u00e0 une relation vivante avec le Christ. Notre d\u00e9pendance envers Lui et la direction du Saint-Esprit doivent \u00eatre notre marque de fabrique au quotidien. \u00bb<\/p>\n<div id=\"attachment_139911\" style=\"width: 980px\" class=\"wp-caption aligncenter\"><img loading=\"lazy\" decoding=\"async\" aria-describedby=\"caption-attachment-139911\" class=\" wp-image-139911\" src=\"https:\/\/interamerica.org\/wp-content\/uploads\/2026\/03\/ismael-castillo-ltm-summit-mar3-g2-1779.jpg\" alt=\"\" width=\"970\" height=\"647\" srcset=\"https:\/\/interamerica.org\/wp-content\/uploads\/2026\/03\/ismael-castillo-ltm-summit-mar3-g2-1779.jpg 1000w, https:\/\/interamerica.org\/wp-content\/uploads\/2026\/03\/ismael-castillo-ltm-summit-mar3-g2-1779-300x200.jpg 300w, https:\/\/interamerica.org\/wp-content\/uploads\/2026\/03\/ismael-castillo-ltm-summit-mar3-g2-1779-768x512.jpg 768w\" sizes=\"(max-width: 970px) 100vw, 970px\" \/><p id=\"caption-attachment-139911\" class=\"wp-caption-text\">Ismael Castillo, pr\u00e9sident de l\u2019Universit\u00e9 de Montemorelos, m\u00e8ne une r\u00e9flexion lors du message pr\u00e9sent\u00e9 pour la m\u00e9ditation du 3 mars 2026. [Photo : Daniel Gallardo\/DIA]<\/p><\/div>\n<p data-start=\"1081\" data-end=\"1248\">Deuxi\u00e8mement, il a exhort\u00e9 les dirigeants \u00e0 \u00e9valuer chaque d\u00e9cision importante \u00e0 travers le prisme des \u00c9critures. \u00ab Toute d\u00e9cision strat\u00e9gique doit passer le test, \u00bb a-t-il d\u00e9clar\u00e9. \u00ab Est-elle fond\u00e9e sur les \u00c9critures ? \u00bb<\/p>\n<p data-start=\"1250\" data-end=\"1413\">Troisi\u00e8mement, il a insist\u00e9 sur l\u2019implication dans la mission \u00e0 tous les niveaux de l\u2019\u00c9glise. <em>Bivre la mission<\/em>,a-t-il expliqu\u00e9, signifie s\u2019assurer que les membres ne soient pas de simples spectateurs, mais des participants.<\/p>\n<p><strong>De la proclamation \u00e0 l\u2019incarnation <\/strong><\/p>\n<p>Balvin Braham a soulign\u00e9 que \u00ab vivre la mission \u00bb exige plus que de voter des initiatives ou d\u2019organiser des campagnes d\u2019\u00e9vang\u00e9lisation.<\/p>\n<p>\u00ab Vivre la mission signifie passer de la proclamation \u00e0 l\u2019incarnation, \u00bb a-t-il d\u00e9clar\u00e9. \u00ab Notre leadership, nos relations et notre mani\u00e8re de diriger doivent refl\u00e9ter le caract\u00e8re du Christ. \u00bb<\/p>\n<p><div id=\"attachment_139915\" style=\"width: 961px\" class=\"wp-caption aligncenter\"><img loading=\"lazy\" decoding=\"async\" aria-describedby=\"caption-attachment-139915\" class=\" wp-image-139915\" src=\"https:\/\/interamerica.org\/wp-content\/uploads\/2026\/03\/ltm-summit-mar3-prayer-devotional-g2-1806.jpg\" alt=\"\" width=\"951\" height=\"634\" srcset=\"https:\/\/interamerica.org\/wp-content\/uploads\/2026\/03\/ltm-summit-mar3-prayer-devotional-g2-1806.jpg 1000w, https:\/\/interamerica.org\/wp-content\/uploads\/2026\/03\/ltm-summit-mar3-prayer-devotional-g2-1806-300x200.jpg 300w, https:\/\/interamerica.org\/wp-content\/uploads\/2026\/03\/ltm-summit-mar3-prayer-devotional-g2-1806-768x512.jpg 768w\" sizes=\"(max-width: 951px) 100vw, 951px\" \/><p id=\"caption-attachment-139915\" class=\"wp-caption-text\">Un administrateur de l\u2019\u00c9glise et son \u00e9pouse s\u2019unissent dans la pri\u00e8re \u00e0 la fin du message de d\u00e9votion le 3 mars 2026. [Photo : Daniel Gallardo\/DIA]<\/p><\/div>Il a \u00e9galement exprim\u00e9 sa pr\u00e9occupation quant aux jeunes g\u00e9n\u00e9rations qui pourraient se sentir d\u00e9connect\u00e9es des communaut\u00e9s de foi authentiques, et a encourag\u00e9 les dirigeants \u00e0 favoriser des environnements o\u00f9 les \u00c9critures fa\u00e7onnent \u00e0 la fois la structure et la culture.<\/p>\n<p><strong>L\u2019espoir \u00e0 venir<\/strong><\/p>\n<p>Cl\u00f4turant son message sur une note d\u2019espoir eschatologique, Balvin Braham a rappel\u00e9 aux dirigeants que la destin\u00e9e ultime de l\u2019\u00c9glise ne se trouve ni dans les r\u00e9unions ni dans les postes, mais dans le retour du Christ.<\/p>\n<p>\u00ab Le meilleur est \u00e0 venir, \u00bb a-t-il d\u00e9clar\u00e9<\/p>\n<p data-start=\"1081\" data-end=\"1248\">Citant l\u2019Apocalypse et faisant r\u00e9f\u00e9rence \u00e0 la promesse de r\u00e9surrection et de restauration, Balvin Braham a conclu en rappelant l\u2019espoir ultime de l\u2019\u00c9glise.<\/p>\n<p>\u00ab Nous pr\u00e9parons les gens pour le royaume de Dieu, \u00bb a-t-il dit. \u00ab L\u2019\u00c9glise peut \u00eatre \u00e9branl\u00e9e par les pressions de la s\u00e9cularisation, par les difficult\u00e9s financi\u00e8res et par les changements culturels, mais elle ne doit jamais s\u2019\u00e9loigner de son fondement. Lorsqu\u2019elle bouge, bougez avec elle, mais n\u2019allez nulle part. J\u00e9sus-Christ est le fondement de cette \u00c9glise. Une \u00c9glise b\u00e2tie sur le Christ restera debout. \u00bb<\/p>\n<p>Traduction: Patrick Luciathe<\/p>\n","protected":false},"excerpt":{"rendered":"<p>Balvin Braham encourage les administrateurs \u00e0 ancrer leur strat\u00e9gie et leur mission dans les \u00c9critures lors de la m\u00e9ditation pr\u00e9sent\u00e9e pendant le sommet. 3 Mars 2026 | Riviera Maya, Quintana&#8230;<\/p>\n","protected":false},"author":3,"featured_media":140014,"comment_status":"closed","ping_status":"closed","sticky":false,"template":"","format":"standard","meta":{"_acf_changed":false,"footnotes":""},"categories":[20,19],"tags":[],"class_list":["post-140012","post","type-post","status-publish","format-standard","has-post-thumbnail","hentry","category-nouvelles-du-siege-de-la-division","category-rss-francais"],"acf":[],"yoast_head":"<!-- This site is optimized with the Yoast SEO plugin v27.3 - https:\/\/yoast.com\/product\/yoast-seo-wordpress\/ -->\n<title>Les dirigeants adventistes de la DIA invit\u00e9s \u00e0 b\u00e2tir sur \u00ab le Roc \u00bb - \u00c9glise Adventiste Du Septieme Jour - Inter Am\u00e9rique Division<\/title>\n<meta name=\"robots\" content=\"index, follow, max-snippet:-1, max-image-preview:large, max-video-preview:-1\" \/>\n<link rel=\"canonical\" href=\"https:\/\/interamerica.org\/fr\/2026\/03\/les-dirigeants-adventistes-de-la-dia-invites-a-batir-sur-le-roc\/\" \/>\n<meta property=\"og:locale\" content=\"fr_FR\" \/>\n<meta property=\"og:type\" content=\"article\" \/>\n<meta property=\"og:title\" content=\"Les dirigeants adventistes de la DIA invit\u00e9s \u00e0 b\u00e2tir sur \u00ab le Roc \u00bb - \u00c9glise Adventiste Du Septieme Jour - Inter Am\u00e9rique Division\" \/>\n<meta property=\"og:description\" content=\"Balvin Braham encourage les administrateurs \u00e0 ancrer leur strat\u00e9gie et leur mission dans les \u00c9critures lors de la m\u00e9ditation pr\u00e9sent\u00e9e pendant le sommet. 3 Mars 2026 | Riviera Maya, Quintana...\" \/>\n<meta property=\"og:url\" content=\"https:\/\/interamerica.org\/fr\/2026\/03\/les-dirigeants-adventistes-de-la-dia-invites-a-batir-sur-le-roc\/\" \/>\n<meta property=\"og:site_name\" content=\"\u00c9glise Adventiste Du Septieme Jour - Inter Am\u00e9rique Division\" \/>\n<meta property=\"article:published_time\" content=\"2026-03-04T04:05:46+00:00\" \/>\n<meta property=\"article:modified_time\" content=\"2026-03-07T00:21:54+00:00\" \/>\n<meta property=\"og:image\" content=\"https:\/\/interamerica.org\/wp-content\/uploads\/2026\/03\/balvin-braham-ltm-summit-mar3-with-bible-g2-1729.jpg\" \/>\n\t<meta property=\"og:image:width\" content=\"1000\" \/>\n\t<meta property=\"og:image:height\" content=\"667\" \/>\n\t<meta property=\"og:image:type\" content=\"image\/jpeg\" \/>\n<meta name=\"author\" content=\"libna\" \/>\n<meta name=\"twitter:card\" content=\"summary_large_image\" \/>\n<meta name=\"twitter:label1\" content=\"\u00c9crit par\" \/>\n\t<meta name=\"twitter:data1\" content=\"libna\" \/>\n\t<meta name=\"twitter:label2\" content=\"Dur\u00e9e de lecture estim\u00e9e\" \/>\n\t<meta name=\"twitter:data2\" content=\"9 minutes\" \/>\n<script type=\"application\/ld+json\" class=\"yoast-schema-graph\">{\"@context\":\"https:\\\/\\\/schema.org\",\"@graph\":[{\"@type\":\"Article\",\"@id\":\"https:\\\/\\\/interamerica.org\\\/fr\\\/2026\\\/03\\\/les-dirigeants-adventistes-de-la-dia-invites-a-batir-sur-le-roc\\\/#article\",\"isPartOf\":{\"@id\":\"https:\\\/\\\/interamerica.org\\\/fr\\\/2026\\\/03\\\/les-dirigeants-adventistes-de-la-dia-invites-a-batir-sur-le-roc\\\/\"},\"author\":{\"name\":\"libna\",\"@id\":\"https:\\\/\\\/interamerica.org\\\/fr\\\/#\\\/schema\\\/person\\\/29998f2bc2d8bd0d38662909289b54f1\"},\"headline\":\"Les dirigeants adventistes de la DIA invit\u00e9s \u00e0 b\u00e2tir sur \u00ab le Roc \u00bb\",\"datePublished\":\"2026-03-04T04:05:46+00:00\",\"dateModified\":\"2026-03-07T00:21:54+00:00\",\"mainEntityOfPage\":{\"@id\":\"https:\\\/\\\/interamerica.org\\\/fr\\\/2026\\\/03\\\/les-dirigeants-adventistes-de-la-dia-invites-a-batir-sur-le-roc\\\/\"},\"wordCount\":1720,\"image\":{\"@id\":\"https:\\\/\\\/interamerica.org\\\/fr\\\/2026\\\/03\\\/les-dirigeants-adventistes-de-la-dia-invites-a-batir-sur-le-roc\\\/#primaryimage\"},\"thumbnailUrl\":\"https:\\\/\\\/interamerica.org\\\/wp-content\\\/uploads\\\/2026\\\/03\\\/balvin-braham-ltm-summit-mar3-with-bible-g2-1729.jpg\",\"articleSection\":[\"Nouvelles du si\u00e8ge de la division\",\"RSS Fran\u00e7ais\"],\"inLanguage\":\"fr-FR\"},{\"@type\":\"WebPage\",\"@id\":\"https:\\\/\\\/interamerica.org\\\/fr\\\/2026\\\/03\\\/les-dirigeants-adventistes-de-la-dia-invites-a-batir-sur-le-roc\\\/\",\"url\":\"https:\\\/\\\/interamerica.org\\\/fr\\\/2026\\\/03\\\/les-dirigeants-adventistes-de-la-dia-invites-a-batir-sur-le-roc\\\/\",\"name\":\"Les dirigeants adventistes de la DIA invit\u00e9s \u00e0 b\u00e2tir sur \u00ab le Roc \u00bb - \u00c9glise Adventiste Du Septieme Jour - Inter Am\u00e9rique Division\",\"isPartOf\":{\"@id\":\"https:\\\/\\\/interamerica.org\\\/fr\\\/#website\"},\"primaryImageOfPage\":{\"@id\":\"https:\\\/\\\/interamerica.org\\\/fr\\\/2026\\\/03\\\/les-dirigeants-adventistes-de-la-dia-invites-a-batir-sur-le-roc\\\/#primaryimage\"},\"image\":{\"@id\":\"https:\\\/\\\/interamerica.org\\\/fr\\\/2026\\\/03\\\/les-dirigeants-adventistes-de-la-dia-invites-a-batir-sur-le-roc\\\/#primaryimage\"},\"thumbnailUrl\":\"https:\\\/\\\/interamerica.org\\\/wp-content\\\/uploads\\\/2026\\\/03\\\/balvin-braham-ltm-summit-mar3-with-bible-g2-1729.jpg\",\"datePublished\":\"2026-03-04T04:05:46+00:00\",\"dateModified\":\"2026-03-07T00:21:54+00:00\",\"author\":{\"@id\":\"https:\\\/\\\/interamerica.org\\\/fr\\\/#\\\/schema\\\/person\\\/29998f2bc2d8bd0d38662909289b54f1\"},\"breadcrumb\":{\"@id\":\"https:\\\/\\\/interamerica.org\\\/fr\\\/2026\\\/03\\\/les-dirigeants-adventistes-de-la-dia-invites-a-batir-sur-le-roc\\\/#breadcrumb\"},\"inLanguage\":\"fr-FR\",\"potentialAction\":[{\"@type\":\"ReadAction\",\"target\":[\"https:\\\/\\\/interamerica.org\\\/fr\\\/2026\\\/03\\\/les-dirigeants-adventistes-de-la-dia-invites-a-batir-sur-le-roc\\\/\"]}]},{\"@type\":\"ImageObject\",\"inLanguage\":\"fr-FR\",\"@id\":\"https:\\\/\\\/interamerica.org\\\/fr\\\/2026\\\/03\\\/les-dirigeants-adventistes-de-la-dia-invites-a-batir-sur-le-roc\\\/#primaryimage\",\"url\":\"https:\\\/\\\/interamerica.org\\\/wp-content\\\/uploads\\\/2026\\\/03\\\/balvin-braham-ltm-summit-mar3-with-bible-g2-1729.jpg\",\"contentUrl\":\"https:\\\/\\\/interamerica.org\\\/wp-content\\\/uploads\\\/2026\\\/03\\\/balvin-braham-ltm-summit-mar3-with-bible-g2-1729.jpg\",\"width\":1000,\"height\":667,\"caption\":\"[Photo: Daniel Gallardo\\\/DIA]\"},{\"@type\":\"BreadcrumbList\",\"@id\":\"https:\\\/\\\/interamerica.org\\\/fr\\\/2026\\\/03\\\/les-dirigeants-adventistes-de-la-dia-invites-a-batir-sur-le-roc\\\/#breadcrumb\",\"itemListElement\":[{\"@type\":\"ListItem\",\"position\":1,\"name\":\"Home\",\"item\":\"https:\\\/\\\/interamerica.org\\\/fr\\\/\"},{\"@type\":\"ListItem\",\"position\":2,\"name\":\"Les dirigeants adventistes de la DIA invit\u00e9s \u00e0 b\u00e2tir sur \u00ab le Roc \u00bb\"}]},{\"@type\":\"WebSite\",\"@id\":\"https:\\\/\\\/interamerica.org\\\/fr\\\/#website\",\"url\":\"https:\\\/\\\/interamerica.org\\\/fr\\\/\",\"name\":\"\u00c9glise Adventiste Du Septieme Jour - Inter Am\u00e9rique Division\",\"description\":\"\",\"potentialAction\":[{\"@type\":\"SearchAction\",\"target\":{\"@type\":\"EntryPoint\",\"urlTemplate\":\"https:\\\/\\\/interamerica.org\\\/fr\\\/?s={search_term_string}\"},\"query-input\":{\"@type\":\"PropertyValueSpecification\",\"valueRequired\":true,\"valueName\":\"search_term_string\"}}],\"inLanguage\":\"fr-FR\"},{\"@type\":\"Person\",\"@id\":\"https:\\\/\\\/interamerica.org\\\/fr\\\/#\\\/schema\\\/person\\\/29998f2bc2d8bd0d38662909289b54f1\",\"name\":\"libna\",\"image\":{\"@type\":\"ImageObject\",\"inLanguage\":\"fr-FR\",\"@id\":\"https:\\\/\\\/secure.gravatar.com\\\/avatar\\\/7c5bd30ae4b47a9ba3c856590957fd1d96dc588bf3ac05719d247e126840331f?s=96&d=mm&r=g\",\"url\":\"https:\\\/\\\/secure.gravatar.com\\\/avatar\\\/7c5bd30ae4b47a9ba3c856590957fd1d96dc588bf3ac05719d247e126840331f?s=96&d=mm&r=g\",\"contentUrl\":\"https:\\\/\\\/secure.gravatar.com\\\/avatar\\\/7c5bd30ae4b47a9ba3c856590957fd1d96dc588bf3ac05719d247e126840331f?s=96&d=mm&r=g\",\"caption\":\"libna\"}}]}<\/script>\n<!-- \/ Yoast SEO plugin. -->","yoast_head_json":{"title":"Les dirigeants adventistes de la DIA invit\u00e9s \u00e0 b\u00e2tir sur \u00ab le Roc \u00bb - \u00c9glise Adventiste Du Septieme Jour - Inter Am\u00e9rique Division","robots":{"index":"index","follow":"follow","max-snippet":"max-snippet:-1","max-image-preview":"max-image-preview:large","max-video-preview":"max-video-preview:-1"},"canonical":"https:\/\/interamerica.org\/fr\/2026\/03\/les-dirigeants-adventistes-de-la-dia-invites-a-batir-sur-le-roc\/","og_locale":"fr_FR","og_type":"article","og_title":"Les dirigeants adventistes de la DIA invit\u00e9s \u00e0 b\u00e2tir sur \u00ab le Roc \u00bb - \u00c9glise Adventiste Du Septieme Jour - Inter Am\u00e9rique Division","og_description":"Balvin Braham encourage les administrateurs \u00e0 ancrer leur strat\u00e9gie et leur mission dans les \u00c9critures lors de la m\u00e9ditation pr\u00e9sent\u00e9e pendant le sommet. 3 Mars 2026 | Riviera Maya, Quintana...","og_url":"https:\/\/interamerica.org\/fr\/2026\/03\/les-dirigeants-adventistes-de-la-dia-invites-a-batir-sur-le-roc\/","og_site_name":"\u00c9glise Adventiste Du Septieme Jour - Inter Am\u00e9rique Division","article_published_time":"2026-03-04T04:05:46+00:00","article_modified_time":"2026-03-07T00:21:54+00:00","og_image":[{"width":1000,"height":667,"url":"https:\/\/interamerica.org\/wp-content\/uploads\/2026\/03\/balvin-braham-ltm-summit-mar3-with-bible-g2-1729.jpg","type":"image\/jpeg"}],"author":"libna","twitter_card":"summary_large_image","twitter_misc":{"\u00c9crit par":"libna","Dur\u00e9e de lecture estim\u00e9e":"9 minutes"},"schema":{"@context":"https:\/\/schema.org","@graph":[{"@type":"Article","@id":"https:\/\/interamerica.org\/fr\/2026\/03\/les-dirigeants-adventistes-de-la-dia-invites-a-batir-sur-le-roc\/#article","isPartOf":{"@id":"https:\/\/interamerica.org\/fr\/2026\/03\/les-dirigeants-adventistes-de-la-dia-invites-a-batir-sur-le-roc\/"},"author":{"name":"libna","@id":"https:\/\/interamerica.org\/fr\/#\/schema\/person\/29998f2bc2d8bd0d38662909289b54f1"},"headline":"Les dirigeants adventistes de la DIA invit\u00e9s \u00e0 b\u00e2tir sur \u00ab le Roc \u00bb","datePublished":"2026-03-04T04:05:46+00:00","dateModified":"2026-03-07T00:21:54+00:00","mainEntityOfPage":{"@id":"https:\/\/interamerica.org\/fr\/2026\/03\/les-dirigeants-adventistes-de-la-dia-invites-a-batir-sur-le-roc\/"},"wordCount":1720,"image":{"@id":"https:\/\/interamerica.org\/fr\/2026\/03\/les-dirigeants-adventistes-de-la-dia-invites-a-batir-sur-le-roc\/#primaryimage"},"thumbnailUrl":"https:\/\/interamerica.org\/wp-content\/uploads\/2026\/03\/balvin-braham-ltm-summit-mar3-with-bible-g2-1729.jpg","articleSection":["Nouvelles du si\u00e8ge de la division","RSS Fran\u00e7ais"],"inLanguage":"fr-FR"},{"@type":"WebPage","@id":"https:\/\/interamerica.org\/fr\/2026\/03\/les-dirigeants-adventistes-de-la-dia-invites-a-batir-sur-le-roc\/","url":"https:\/\/interamerica.org\/fr\/2026\/03\/les-dirigeants-adventistes-de-la-dia-invites-a-batir-sur-le-roc\/","name":"Les dirigeants adventistes de la DIA invit\u00e9s \u00e0 b\u00e2tir sur \u00ab le Roc \u00bb - \u00c9glise Adventiste Du Septieme Jour - Inter Am\u00e9rique Division","isPartOf":{"@id":"https:\/\/interamerica.org\/fr\/#website"},"primaryImageOfPage":{"@id":"https:\/\/interamerica.org\/fr\/2026\/03\/les-dirigeants-adventistes-de-la-dia-invites-a-batir-sur-le-roc\/#primaryimage"},"image":{"@id":"https:\/\/interamerica.org\/fr\/2026\/03\/les-dirigeants-adventistes-de-la-dia-invites-a-batir-sur-le-roc\/#primaryimage"},"thumbnailUrl":"https:\/\/interamerica.org\/wp-content\/uploads\/2026\/03\/balvin-braham-ltm-summit-mar3-with-bible-g2-1729.jpg","datePublished":"2026-03-04T04:05:46+00:00","dateModified":"2026-03-07T00:21:54+00:00","author":{"@id":"https:\/\/interamerica.org\/fr\/#\/schema\/person\/29998f2bc2d8bd0d38662909289b54f1"},"breadcrumb":{"@id":"https:\/\/interamerica.org\/fr\/2026\/03\/les-dirigeants-adventistes-de-la-dia-invites-a-batir-sur-le-roc\/#breadcrumb"},"inLanguage":"fr-FR","potentialAction":[{"@type":"ReadAction","target":["https:\/\/interamerica.org\/fr\/2026\/03\/les-dirigeants-adventistes-de-la-dia-invites-a-batir-sur-le-roc\/"]}]},{"@type":"ImageObject","inLanguage":"fr-FR","@id":"https:\/\/interamerica.org\/fr\/2026\/03\/les-dirigeants-adventistes-de-la-dia-invites-a-batir-sur-le-roc\/#primaryimage","url":"https:\/\/interamerica.org\/wp-content\/uploads\/2026\/03\/balvin-braham-ltm-summit-mar3-with-bible-g2-1729.jpg","contentUrl":"https:\/\/interamerica.org\/wp-content\/uploads\/2026\/03\/balvin-braham-ltm-summit-mar3-with-bible-g2-1729.jpg","width":1000,"height":667,"caption":"[Photo: Daniel Gallardo\/DIA]"},{"@type":"BreadcrumbList","@id":"https:\/\/interamerica.org\/fr\/2026\/03\/les-dirigeants-adventistes-de-la-dia-invites-a-batir-sur-le-roc\/#breadcrumb","itemListElement":[{"@type":"ListItem","position":1,"name":"Home","item":"https:\/\/interamerica.org\/fr\/"},{"@type":"ListItem","position":2,"name":"Les dirigeants adventistes de la DIA invit\u00e9s \u00e0 b\u00e2tir sur \u00ab le Roc \u00bb"}]},{"@type":"WebSite","@id":"https:\/\/interamerica.org\/fr\/#website","url":"https:\/\/interamerica.org\/fr\/","name":"\u00c9glise Adventiste Du Septieme Jour - Inter Am\u00e9rique Division","description":"","potentialAction":[{"@type":"SearchAction","target":{"@type":"EntryPoint","urlTemplate":"https:\/\/interamerica.org\/fr\/?s={search_term_string}"},"query-input":{"@type":"PropertyValueSpecification","valueRequired":true,"valueName":"search_term_string"}}],"inLanguage":"fr-FR"},{"@type":"Person","@id":"https:\/\/interamerica.org\/fr\/#\/schema\/person\/29998f2bc2d8bd0d38662909289b54f1","name":"libna","image":{"@type":"ImageObject","inLanguage":"fr-FR","@id":"https:\/\/secure.gravatar.com\/avatar\/7c5bd30ae4b47a9ba3c856590957fd1d96dc588bf3ac05719d247e126840331f?s=96&d=mm&r=g","url":"https:\/\/secure.gravatar.com\/avatar\/7c5bd30ae4b47a9ba3c856590957fd1d96dc588bf3ac05719d247e126840331f?s=96&d=mm&r=g","contentUrl":"https:\/\/secure.gravatar.com\/avatar\/7c5bd30ae4b47a9ba3c856590957fd1d96dc588bf3ac05719d247e126840331f?s=96&d=mm&r=g","caption":"libna"}}]}},"_links":{"self":[{"href":"https:\/\/interamerica.org\/fr\/wp-json\/wp\/v2\/posts\/140012","targetHints":{"allow":["GET"]}}],"collection":[{"href":"https:\/\/interamerica.org\/fr\/wp-json\/wp\/v2\/posts"}],"about":[{"href":"https:\/\/interamerica.org\/fr\/wp-json\/wp\/v2\/types\/post"}],"author":[{"embeddable":true,"href":"https:\/\/interamerica.org\/fr\/wp-json\/wp\/v2\/users\/3"}],"replies":[{"embeddable":true,"href":"https:\/\/interamerica.org\/fr\/wp-json\/wp\/v2\/comments?post=140012"}],"version-history":[{"count":1,"href":"https:\/\/interamerica.org\/fr\/wp-json\/wp\/v2\/posts\/140012\/revisions"}],"predecessor-version":[{"id":140079,"href":"https:\/\/interamerica.org\/fr\/wp-json\/wp\/v2\/posts\/140012\/revisions\/140079"}],"wp:featuredmedia":[{"embeddable":true,"href":"https:\/\/interamerica.org\/fr\/wp-json\/wp\/v2\/media\/140014"}],"wp:attachment":[{"href":"https:\/\/interamerica.org\/fr\/wp-json\/wp\/v2\/media?parent=140012"}],"wp:term":[{"taxonomy":"category","embeddable":true,"href":"https:\/\/interamerica.org\/fr\/wp-json\/wp\/v2\/categories?post=140012"},{"taxonomy":"post_tag","embeddable":true,"href":"https:\/\/interamerica.org\/fr\/wp-json\/wp\/v2\/tags?post=140012"}],"curies":[{"name":"wp","href":"https:\/\/api.w.org\/{rel}","templated":true}]}}