{"id":140027,"date":"2026-03-06T12:33:33","date_gmt":"2026-03-06T17:33:33","guid":{"rendered":"https:\/\/interamerica.org\/?p=140027"},"modified":"2026-03-06T19:22:38","modified_gmt":"2026-03-07T00:22:38","slug":"adra-appelle-a-la-priere-et-a-laide-humanitaire-face-aux-tensions-en-cours-au-moyen-orient","status":"publish","type":"post","link":"https:\/\/interamerica.org\/fr\/2026\/03\/adra-appelle-a-la-priere-et-a-laide-humanitaire-face-aux-tensions-en-cours-au-moyen-orient\/","title":{"rendered":"ADRA appelle \u00e0 la pri\u00e8re et \u00e0 l\u2019aide humanitaire face aux tensions en cours au Moyen-Orient"},"content":{"rendered":"<section class=\"elementor-section elementor-top-section elementor-element elementor-element-0218247 elementor-section-boxed elementor-section-height-default elementor-section-height-default\" data-particle_enable=\"false\" data-particle-mobile-disabled=\"false\" data-id=\"0218247\" data-element_type=\"section\" data-e-type=\"section\" data-settings=\"{&quot;jet_parallax_layout_list&quot;:[]}\">\n<div class=\"elementor-container elementor-column-gap-default\">\n<div class=\"elementor-column elementor-col-100 elementor-top-column elementor-element elementor-element-9c3dcf1\" data-id=\"9c3dcf1\" data-element_type=\"column\" data-e-type=\"column\">\n<div class=\"elementor-widget-wrap elementor-element-populated\">\n<div class=\"elementor-element elementor-element-65965a4 elementor-widget elementor-widget-theme-post-title elementor-page-title elementor-widget-heading is-mac\" data-id=\"65965a4\" data-element_type=\"widget\" data-e-type=\"widget\" data-widget_type=\"theme-post-title.default\">\n<div><em>L\u2019agence mobilise des \u00e9quipes r\u00e9gionales pour \u00e9valuer les besoins et venir en aide aux familles vuln\u00e9rables, tout en appelant \u00e0 la solidarit\u00e9 et \u00e0 la pri\u00e8re au niveau mondial.<\/em><\/div>\n<div><\/div>\n<div class=\"elementor-widget-container\">5 Mars 2026 | Silver Spring, Maryland, \u00c9tats Unis<\/div>\n<\/div>\n<\/div>\n<\/div>\n<\/div>\n<\/section>\n<section class=\"elementor-section elementor-top-section elementor-element elementor-element-02079c9 elementor-section-boxed elementor-section-height-default elementor-section-height-default\" data-particle_enable=\"false\" data-particle-mobile-disabled=\"false\" data-id=\"02079c9\" data-element_type=\"section\" data-e-type=\"section\" data-settings=\"{&quot;jet_parallax_layout_list&quot;:[]}\">\n<div class=\"elementor-container elementor-column-gap-default\">\n<div class=\"elementor-column elementor-col-100 elementor-top-column elementor-element elementor-element-3a8f9f2\" data-id=\"3a8f9f2\" data-element_type=\"column\" data-e-type=\"column\">\n<div class=\"elementor-widget-wrap elementor-element-populated\">\n<div class=\"elementor-element elementor-element-5f2262a elementor-widget elementor-widget-theme-post-content is-mac\" data-id=\"5f2262a\" data-element_type=\"widget\" data-e-type=\"widget\" data-widget_type=\"theme-post-content.default\">\n<div class=\"elementor-widget-container\">\n<p>L\u2019Agence Adventiste de D\u00e9veloppement et de Secours (ADRA) appelle \u00e0 la pri\u00e8re et \u00e0 la solidarit\u00e9 internationale alors que des communaut\u00e9s dans diff\u00e9rentes parties du Moyen-Orient font face \u00e0 l\u2019escalade des tensions et \u00e0 l\u2019aggravation des besoins humanitaires.<\/p>\n<p>Face \u00e0 la poursuite de l\u2019escalade dans la r\u00e9gion, le bureau r\u00e9gional d\u2019ADRA pour le Moyen-Orient et l\u2019Afrique du Nord (MENA), en collaboration avec les bureaux nationaux et les partenaires locaux, maintient son engagement \u00e0 \u00eatre au service des populations les plus vuln\u00e9rables. Les \u00e9quipes d\u2019ADRA \u00e9valuent activement les besoins et apportent de l\u2019aide l\u00e0 o\u00f9 l\u2019acc\u00e8s et la s\u00e9curit\u00e9 le permettent.<\/p>\n<p>Au Liban, ADRA soutient les familles touch\u00e9es en leur fournissant de l\u2019eau potable, des produits d\u2019hygi\u00e8ne et d\u2019autres articles de premi\u00e8re n\u00e9cessit\u00e9. Dans toute la r\u00e9gion, les bureaux d\u2019ADRA travaillent en coordination avec des r\u00e9seaux locaux de confiance afin de s\u2019assurer que l\u2019aide parvienne aux familles d\u00e9plac\u00e9es, aux enfants, aux personnes \u00e2g\u00e9es et aux personnes ayant des ressources limit\u00e9es.<\/p>\n<p>Afin de prot\u00e9ger la s\u00e9curit\u00e9 de son personnel, de ses b\u00e9n\u00e9voles et des communaut\u00e9s qu\u2019elle aide, ADRA ne divulgue pas de d\u00e9tails sp\u00e9cifiques concernant son fonctionnement. Cependant, l\u2019organisation affirme toutefois que des mesures sont en place pour \u00eatre pr\u00eat \u00e0 intervenir rapidement en fonction de l\u2019\u00e9volution des besoins.<\/p>\n<p>\u00ab En cette p\u00e9riode extr\u00eamement difficile, nous appelons chacun partout dans le monde, \u00e0 penser aux familles en qu\u00eate de s\u00e9curit\u00e9, aux enfants qui soupirent apr\u00e8s la paix et aux communaut\u00e9s qui ont subi de lourdes pertes, \u00bb a d\u00e9clar\u00e9 Denis Baratov, directeur d&rsquo;ADRA MENA, dans un communiqu\u00e9. \u00ab Puisse l\u2019espoir rena\u00eetre, puisse la compassion guider nos actions et que la gu\u00e9rison vienne bient\u00f4t. \u00bb<\/p>\n<p>ADRA est active au Moyen-Orient et en Afrique du Nord depuis des d\u00e9cennies, en partenariat avec des organisations locales, pour apporter de l\u2019aide dans les cas d\u2019urgence, soutenir les moyens de subsistance, renforcer la r\u00e9silience des communaut\u00e9s et restaurer la dignit\u00e9 en p\u00e9riode de crise. L\u2019action humanitaire de l\u2019agence est guid\u00e9e par les principes de justice, de compassion et d\u2019amour, elle est au service de tous sans distinction de race, d\u2019appartenance politique ou de croyance religieuse.<\/p>\n<p>ADRA invite les donateurs, les partenaires et les amis dans le monde entier \u00e0 \u00eatre solidaires des communaut\u00e9s touch\u00e9es et \u00e0 soutenir les interventions en cours et les d\u00e9marches de pr\u00e9paration. Les contributions permettent de s\u2019assurer que les fournitures essentielles, le personnel form\u00e9 et les m\u00e9canismes d\u2019intervention rapide soient pr\u00eats en cas de catastrophe.<\/p>\n<p>Pour en savoir plus sur l\u2019action d\u2019ADRA ou pour soutenir les efforts humanitaires, veuillez consulter le <a href=\"https:\/\/adra.org\">site web officiel<\/a> d&rsquo;ADRA.<\/p>\n<\/div>\n<\/div>\n<\/div>\n<\/div>\n<\/div>\n<\/section>\n<p>Traduction: Patrick Luciathe<\/p>\n","protected":false},"excerpt":{"rendered":"<p>L\u2019agence mobilise des \u00e9quipes r\u00e9gionales pour \u00e9valuer les besoins et venir en aide aux familles vuln\u00e9rables, tout en appelant \u00e0 la solidarit\u00e9 et \u00e0 la pri\u00e8re au niveau mondial. 5&#8230;<\/p>\n","protected":false},"author":3,"featured_media":140029,"comment_status":"closed","ping_status":"closed","sticky":false,"template":"","format":"standard","meta":{"_acf_changed":false,"footnotes":""},"categories":[18,19],"tags":[],"class_list":["post-140027","post","type-post","status-publish","format-standard","has-post-thumbnail","hentry","category-nouvelles-de-leglise-mondiale","category-rss-francais"],"acf":[],"yoast_head":"<!-- This site is optimized with the Yoast SEO plugin v27.3 - https:\/\/yoast.com\/product\/yoast-seo-wordpress\/ -->\n<title>ADRA appelle \u00e0 la pri\u00e8re et \u00e0 l\u2019aide humanitaire face aux tensions en cours au Moyen-Orient - \u00c9glise Adventiste Du Septieme Jour - Inter Am\u00e9rique Division<\/title>\n<meta name=\"robots\" content=\"index, follow, max-snippet:-1, max-image-preview:large, max-video-preview:-1\" \/>\n<link rel=\"canonical\" href=\"https:\/\/interamerica.org\/fr\/2026\/03\/adra-appelle-a-la-priere-et-a-laide-humanitaire-face-aux-tensions-en-cours-au-moyen-orient\/\" \/>\n<meta property=\"og:locale\" content=\"fr_FR\" \/>\n<meta property=\"og:type\" content=\"article\" \/>\n<meta property=\"og:title\" content=\"ADRA appelle \u00e0 la pri\u00e8re et \u00e0 l\u2019aide humanitaire face aux tensions en cours au Moyen-Orient - \u00c9glise Adventiste Du Septieme Jour - Inter Am\u00e9rique Division\" \/>\n<meta property=\"og:description\" content=\"L\u2019agence mobilise des \u00e9quipes r\u00e9gionales pour \u00e9valuer les besoins et venir en aide aux familles vuln\u00e9rables, tout en appelant \u00e0 la solidarit\u00e9 et \u00e0 la pri\u00e8re au niveau mondial. 5...\" \/>\n<meta property=\"og:url\" content=\"https:\/\/interamerica.org\/fr\/2026\/03\/adra-appelle-a-la-priere-et-a-laide-humanitaire-face-aux-tensions-en-cours-au-moyen-orient\/\" \/>\n<meta property=\"og:site_name\" content=\"\u00c9glise Adventiste Du Septieme Jour - Inter Am\u00e9rique Division\" \/>\n<meta property=\"article:published_time\" content=\"2026-03-06T17:33:33+00:00\" \/>\n<meta property=\"article:modified_time\" content=\"2026-03-07T00:22:38+00:00\" \/>\n<meta property=\"og:image\" content=\"https:\/\/interamerica.org\/wp-content\/uploads\/2026\/03\/baalbak-rubbles-2026.jpg\" \/>\n\t<meta property=\"og:image:width\" content=\"1080\" \/>\n\t<meta property=\"og:image:height\" content=\"810\" \/>\n\t<meta property=\"og:image:type\" content=\"image\/jpeg\" \/>\n<meta name=\"author\" content=\"libna\" \/>\n<meta name=\"twitter:card\" content=\"summary_large_image\" \/>\n<meta name=\"twitter:label1\" content=\"\u00c9crit par\" \/>\n\t<meta name=\"twitter:data1\" content=\"libna\" \/>\n\t<meta name=\"twitter:label2\" content=\"Dur\u00e9e de lecture estim\u00e9e\" \/>\n\t<meta name=\"twitter:data2\" content=\"3 minutes\" \/>\n<script type=\"application\/ld+json\" class=\"yoast-schema-graph\">{\"@context\":\"https:\\\/\\\/schema.org\",\"@graph\":[{\"@type\":\"Article\",\"@id\":\"https:\\\/\\\/interamerica.org\\\/fr\\\/2026\\\/03\\\/adra-appelle-a-la-priere-et-a-laide-humanitaire-face-aux-tensions-en-cours-au-moyen-orient\\\/#article\",\"isPartOf\":{\"@id\":\"https:\\\/\\\/interamerica.org\\\/fr\\\/2026\\\/03\\\/adra-appelle-a-la-priere-et-a-laide-humanitaire-face-aux-tensions-en-cours-au-moyen-orient\\\/\"},\"author\":{\"name\":\"libna\",\"@id\":\"https:\\\/\\\/interamerica.org\\\/fr\\\/#\\\/schema\\\/person\\\/29998f2bc2d8bd0d38662909289b54f1\"},\"headline\":\"ADRA appelle \u00e0 la pri\u00e8re et \u00e0 l\u2019aide humanitaire face aux tensions en cours au Moyen-Orient\",\"datePublished\":\"2026-03-06T17:33:33+00:00\",\"dateModified\":\"2026-03-07T00:22:38+00:00\",\"mainEntityOfPage\":{\"@id\":\"https:\\\/\\\/interamerica.org\\\/fr\\\/2026\\\/03\\\/adra-appelle-a-la-priere-et-a-laide-humanitaire-face-aux-tensions-en-cours-au-moyen-orient\\\/\"},\"wordCount\":543,\"image\":{\"@id\":\"https:\\\/\\\/interamerica.org\\\/fr\\\/2026\\\/03\\\/adra-appelle-a-la-priere-et-a-laide-humanitaire-face-aux-tensions-en-cours-au-moyen-orient\\\/#primaryimage\"},\"thumbnailUrl\":\"https:\\\/\\\/interamerica.org\\\/wp-content\\\/uploads\\\/2026\\\/03\\\/baalbak-rubbles-2026.jpg\",\"articleSection\":[\"Nouvelles de l'\u00c9glise mondiale\",\"RSS Fran\u00e7ais\"],\"inLanguage\":\"fr-FR\"},{\"@type\":\"WebPage\",\"@id\":\"https:\\\/\\\/interamerica.org\\\/fr\\\/2026\\\/03\\\/adra-appelle-a-la-priere-et-a-laide-humanitaire-face-aux-tensions-en-cours-au-moyen-orient\\\/\",\"url\":\"https:\\\/\\\/interamerica.org\\\/fr\\\/2026\\\/03\\\/adra-appelle-a-la-priere-et-a-laide-humanitaire-face-aux-tensions-en-cours-au-moyen-orient\\\/\",\"name\":\"ADRA appelle \u00e0 la pri\u00e8re et \u00e0 l\u2019aide humanitaire face aux tensions en cours au Moyen-Orient - \u00c9glise Adventiste Du Septieme Jour - Inter Am\u00e9rique Division\",\"isPartOf\":{\"@id\":\"https:\\\/\\\/interamerica.org\\\/fr\\\/#website\"},\"primaryImageOfPage\":{\"@id\":\"https:\\\/\\\/interamerica.org\\\/fr\\\/2026\\\/03\\\/adra-appelle-a-la-priere-et-a-laide-humanitaire-face-aux-tensions-en-cours-au-moyen-orient\\\/#primaryimage\"},\"image\":{\"@id\":\"https:\\\/\\\/interamerica.org\\\/fr\\\/2026\\\/03\\\/adra-appelle-a-la-priere-et-a-laide-humanitaire-face-aux-tensions-en-cours-au-moyen-orient\\\/#primaryimage\"},\"thumbnailUrl\":\"https:\\\/\\\/interamerica.org\\\/wp-content\\\/uploads\\\/2026\\\/03\\\/baalbak-rubbles-2026.jpg\",\"datePublished\":\"2026-03-06T17:33:33+00:00\",\"dateModified\":\"2026-03-07T00:22:38+00:00\",\"author\":{\"@id\":\"https:\\\/\\\/interamerica.org\\\/fr\\\/#\\\/schema\\\/person\\\/29998f2bc2d8bd0d38662909289b54f1\"},\"breadcrumb\":{\"@id\":\"https:\\\/\\\/interamerica.org\\\/fr\\\/2026\\\/03\\\/adra-appelle-a-la-priere-et-a-laide-humanitaire-face-aux-tensions-en-cours-au-moyen-orient\\\/#breadcrumb\"},\"inLanguage\":\"fr-FR\",\"potentialAction\":[{\"@type\":\"ReadAction\",\"target\":[\"https:\\\/\\\/interamerica.org\\\/fr\\\/2026\\\/03\\\/adra-appelle-a-la-priere-et-a-laide-humanitaire-face-aux-tensions-en-cours-au-moyen-orient\\\/\"]}]},{\"@type\":\"ImageObject\",\"inLanguage\":\"fr-FR\",\"@id\":\"https:\\\/\\\/interamerica.org\\\/fr\\\/2026\\\/03\\\/adra-appelle-a-la-priere-et-a-laide-humanitaire-face-aux-tensions-en-cours-au-moyen-orient\\\/#primaryimage\",\"url\":\"https:\\\/\\\/interamerica.org\\\/wp-content\\\/uploads\\\/2026\\\/03\\\/baalbak-rubbles-2026.jpg\",\"contentUrl\":\"https:\\\/\\\/interamerica.org\\\/wp-content\\\/uploads\\\/2026\\\/03\\\/baalbak-rubbles-2026.jpg\",\"width\":1080,\"height\":810,\"caption\":\"[Photo: ADRA Liban]\"},{\"@type\":\"BreadcrumbList\",\"@id\":\"https:\\\/\\\/interamerica.org\\\/fr\\\/2026\\\/03\\\/adra-appelle-a-la-priere-et-a-laide-humanitaire-face-aux-tensions-en-cours-au-moyen-orient\\\/#breadcrumb\",\"itemListElement\":[{\"@type\":\"ListItem\",\"position\":1,\"name\":\"Home\",\"item\":\"https:\\\/\\\/interamerica.org\\\/fr\\\/\"},{\"@type\":\"ListItem\",\"position\":2,\"name\":\"ADRA appelle \u00e0 la pri\u00e8re et \u00e0 l\u2019aide humanitaire face aux tensions en cours au Moyen-Orient\"}]},{\"@type\":\"WebSite\",\"@id\":\"https:\\\/\\\/interamerica.org\\\/fr\\\/#website\",\"url\":\"https:\\\/\\\/interamerica.org\\\/fr\\\/\",\"name\":\"\u00c9glise Adventiste Du Septieme Jour - Inter Am\u00e9rique Division\",\"description\":\"\",\"potentialAction\":[{\"@type\":\"SearchAction\",\"target\":{\"@type\":\"EntryPoint\",\"urlTemplate\":\"https:\\\/\\\/interamerica.org\\\/fr\\\/?s={search_term_string}\"},\"query-input\":{\"@type\":\"PropertyValueSpecification\",\"valueRequired\":true,\"valueName\":\"search_term_string\"}}],\"inLanguage\":\"fr-FR\"},{\"@type\":\"Person\",\"@id\":\"https:\\\/\\\/interamerica.org\\\/fr\\\/#\\\/schema\\\/person\\\/29998f2bc2d8bd0d38662909289b54f1\",\"name\":\"libna\",\"image\":{\"@type\":\"ImageObject\",\"inLanguage\":\"fr-FR\",\"@id\":\"https:\\\/\\\/secure.gravatar.com\\\/avatar\\\/7c5bd30ae4b47a9ba3c856590957fd1d96dc588bf3ac05719d247e126840331f?s=96&d=mm&r=g\",\"url\":\"https:\\\/\\\/secure.gravatar.com\\\/avatar\\\/7c5bd30ae4b47a9ba3c856590957fd1d96dc588bf3ac05719d247e126840331f?s=96&d=mm&r=g\",\"contentUrl\":\"https:\\\/\\\/secure.gravatar.com\\\/avatar\\\/7c5bd30ae4b47a9ba3c856590957fd1d96dc588bf3ac05719d247e126840331f?s=96&d=mm&r=g\",\"caption\":\"libna\"}}]}<\/script>\n<!-- \/ Yoast SEO plugin. -->","yoast_head_json":{"title":"ADRA appelle \u00e0 la pri\u00e8re et \u00e0 l\u2019aide humanitaire face aux tensions en cours au Moyen-Orient - \u00c9glise Adventiste Du Septieme Jour - Inter Am\u00e9rique Division","robots":{"index":"index","follow":"follow","max-snippet":"max-snippet:-1","max-image-preview":"max-image-preview:large","max-video-preview":"max-video-preview:-1"},"canonical":"https:\/\/interamerica.org\/fr\/2026\/03\/adra-appelle-a-la-priere-et-a-laide-humanitaire-face-aux-tensions-en-cours-au-moyen-orient\/","og_locale":"fr_FR","og_type":"article","og_title":"ADRA appelle \u00e0 la pri\u00e8re et \u00e0 l\u2019aide humanitaire face aux tensions en cours au Moyen-Orient - \u00c9glise Adventiste Du Septieme Jour - Inter Am\u00e9rique Division","og_description":"L\u2019agence mobilise des \u00e9quipes r\u00e9gionales pour \u00e9valuer les besoins et venir en aide aux familles vuln\u00e9rables, tout en appelant \u00e0 la solidarit\u00e9 et \u00e0 la pri\u00e8re au niveau mondial. 5...","og_url":"https:\/\/interamerica.org\/fr\/2026\/03\/adra-appelle-a-la-priere-et-a-laide-humanitaire-face-aux-tensions-en-cours-au-moyen-orient\/","og_site_name":"\u00c9glise Adventiste Du Septieme Jour - Inter Am\u00e9rique Division","article_published_time":"2026-03-06T17:33:33+00:00","article_modified_time":"2026-03-07T00:22:38+00:00","og_image":[{"width":1080,"height":810,"url":"https:\/\/interamerica.org\/wp-content\/uploads\/2026\/03\/baalbak-rubbles-2026.jpg","type":"image\/jpeg"}],"author":"libna","twitter_card":"summary_large_image","twitter_misc":{"\u00c9crit par":"libna","Dur\u00e9e de lecture estim\u00e9e":"3 minutes"},"schema":{"@context":"https:\/\/schema.org","@graph":[{"@type":"Article","@id":"https:\/\/interamerica.org\/fr\/2026\/03\/adra-appelle-a-la-priere-et-a-laide-humanitaire-face-aux-tensions-en-cours-au-moyen-orient\/#article","isPartOf":{"@id":"https:\/\/interamerica.org\/fr\/2026\/03\/adra-appelle-a-la-priere-et-a-laide-humanitaire-face-aux-tensions-en-cours-au-moyen-orient\/"},"author":{"name":"libna","@id":"https:\/\/interamerica.org\/fr\/#\/schema\/person\/29998f2bc2d8bd0d38662909289b54f1"},"headline":"ADRA appelle \u00e0 la pri\u00e8re et \u00e0 l\u2019aide humanitaire face aux tensions en cours au Moyen-Orient","datePublished":"2026-03-06T17:33:33+00:00","dateModified":"2026-03-07T00:22:38+00:00","mainEntityOfPage":{"@id":"https:\/\/interamerica.org\/fr\/2026\/03\/adra-appelle-a-la-priere-et-a-laide-humanitaire-face-aux-tensions-en-cours-au-moyen-orient\/"},"wordCount":543,"image":{"@id":"https:\/\/interamerica.org\/fr\/2026\/03\/adra-appelle-a-la-priere-et-a-laide-humanitaire-face-aux-tensions-en-cours-au-moyen-orient\/#primaryimage"},"thumbnailUrl":"https:\/\/interamerica.org\/wp-content\/uploads\/2026\/03\/baalbak-rubbles-2026.jpg","articleSection":["Nouvelles de l'\u00c9glise mondiale","RSS Fran\u00e7ais"],"inLanguage":"fr-FR"},{"@type":"WebPage","@id":"https:\/\/interamerica.org\/fr\/2026\/03\/adra-appelle-a-la-priere-et-a-laide-humanitaire-face-aux-tensions-en-cours-au-moyen-orient\/","url":"https:\/\/interamerica.org\/fr\/2026\/03\/adra-appelle-a-la-priere-et-a-laide-humanitaire-face-aux-tensions-en-cours-au-moyen-orient\/","name":"ADRA appelle \u00e0 la pri\u00e8re et \u00e0 l\u2019aide humanitaire face aux tensions en cours au Moyen-Orient - \u00c9glise Adventiste Du Septieme Jour - Inter Am\u00e9rique Division","isPartOf":{"@id":"https:\/\/interamerica.org\/fr\/#website"},"primaryImageOfPage":{"@id":"https:\/\/interamerica.org\/fr\/2026\/03\/adra-appelle-a-la-priere-et-a-laide-humanitaire-face-aux-tensions-en-cours-au-moyen-orient\/#primaryimage"},"image":{"@id":"https:\/\/interamerica.org\/fr\/2026\/03\/adra-appelle-a-la-priere-et-a-laide-humanitaire-face-aux-tensions-en-cours-au-moyen-orient\/#primaryimage"},"thumbnailUrl":"https:\/\/interamerica.org\/wp-content\/uploads\/2026\/03\/baalbak-rubbles-2026.jpg","datePublished":"2026-03-06T17:33:33+00:00","dateModified":"2026-03-07T00:22:38+00:00","author":{"@id":"https:\/\/interamerica.org\/fr\/#\/schema\/person\/29998f2bc2d8bd0d38662909289b54f1"},"breadcrumb":{"@id":"https:\/\/interamerica.org\/fr\/2026\/03\/adra-appelle-a-la-priere-et-a-laide-humanitaire-face-aux-tensions-en-cours-au-moyen-orient\/#breadcrumb"},"inLanguage":"fr-FR","potentialAction":[{"@type":"ReadAction","target":["https:\/\/interamerica.org\/fr\/2026\/03\/adra-appelle-a-la-priere-et-a-laide-humanitaire-face-aux-tensions-en-cours-au-moyen-orient\/"]}]},{"@type":"ImageObject","inLanguage":"fr-FR","@id":"https:\/\/interamerica.org\/fr\/2026\/03\/adra-appelle-a-la-priere-et-a-laide-humanitaire-face-aux-tensions-en-cours-au-moyen-orient\/#primaryimage","url":"https:\/\/interamerica.org\/wp-content\/uploads\/2026\/03\/baalbak-rubbles-2026.jpg","contentUrl":"https:\/\/interamerica.org\/wp-content\/uploads\/2026\/03\/baalbak-rubbles-2026.jpg","width":1080,"height":810,"caption":"[Photo: ADRA Liban]"},{"@type":"BreadcrumbList","@id":"https:\/\/interamerica.org\/fr\/2026\/03\/adra-appelle-a-la-priere-et-a-laide-humanitaire-face-aux-tensions-en-cours-au-moyen-orient\/#breadcrumb","itemListElement":[{"@type":"ListItem","position":1,"name":"Home","item":"https:\/\/interamerica.org\/fr\/"},{"@type":"ListItem","position":2,"name":"ADRA appelle \u00e0 la pri\u00e8re et \u00e0 l\u2019aide humanitaire face aux tensions en cours au Moyen-Orient"}]},{"@type":"WebSite","@id":"https:\/\/interamerica.org\/fr\/#website","url":"https:\/\/interamerica.org\/fr\/","name":"\u00c9glise Adventiste Du Septieme Jour - Inter Am\u00e9rique Division","description":"","potentialAction":[{"@type":"SearchAction","target":{"@type":"EntryPoint","urlTemplate":"https:\/\/interamerica.org\/fr\/?s={search_term_string}"},"query-input":{"@type":"PropertyValueSpecification","valueRequired":true,"valueName":"search_term_string"}}],"inLanguage":"fr-FR"},{"@type":"Person","@id":"https:\/\/interamerica.org\/fr\/#\/schema\/person\/29998f2bc2d8bd0d38662909289b54f1","name":"libna","image":{"@type":"ImageObject","inLanguage":"fr-FR","@id":"https:\/\/secure.gravatar.com\/avatar\/7c5bd30ae4b47a9ba3c856590957fd1d96dc588bf3ac05719d247e126840331f?s=96&d=mm&r=g","url":"https:\/\/secure.gravatar.com\/avatar\/7c5bd30ae4b47a9ba3c856590957fd1d96dc588bf3ac05719d247e126840331f?s=96&d=mm&r=g","contentUrl":"https:\/\/secure.gravatar.com\/avatar\/7c5bd30ae4b47a9ba3c856590957fd1d96dc588bf3ac05719d247e126840331f?s=96&d=mm&r=g","caption":"libna"}}]}},"_links":{"self":[{"href":"https:\/\/interamerica.org\/fr\/wp-json\/wp\/v2\/posts\/140027","targetHints":{"allow":["GET"]}}],"collection":[{"href":"https:\/\/interamerica.org\/fr\/wp-json\/wp\/v2\/posts"}],"about":[{"href":"https:\/\/interamerica.org\/fr\/wp-json\/wp\/v2\/types\/post"}],"author":[{"embeddable":true,"href":"https:\/\/interamerica.org\/fr\/wp-json\/wp\/v2\/users\/3"}],"replies":[{"embeddable":true,"href":"https:\/\/interamerica.org\/fr\/wp-json\/wp\/v2\/comments?post=140027"}],"version-history":[{"count":1,"href":"https:\/\/interamerica.org\/fr\/wp-json\/wp\/v2\/posts\/140027\/revisions"}],"predecessor-version":[{"id":140080,"href":"https:\/\/interamerica.org\/fr\/wp-json\/wp\/v2\/posts\/140027\/revisions\/140080"}],"wp:featuredmedia":[{"embeddable":true,"href":"https:\/\/interamerica.org\/fr\/wp-json\/wp\/v2\/media\/140029"}],"wp:attachment":[{"href":"https:\/\/interamerica.org\/fr\/wp-json\/wp\/v2\/media?parent=140027"}],"wp:term":[{"taxonomy":"category","embeddable":true,"href":"https:\/\/interamerica.org\/fr\/wp-json\/wp\/v2\/categories?post=140027"},{"taxonomy":"post_tag","embeddable":true,"href":"https:\/\/interamerica.org\/fr\/wp-json\/wp\/v2\/tags?post=140027"}],"curies":[{"name":"wp","href":"https:\/\/api.w.org\/{rel}","templated":true}]}}