{"id":140136,"date":"2026-03-06T17:40:18","date_gmt":"2026-03-06T22:40:18","guid":{"rendered":"https:\/\/interamerica.org\/?p=140136"},"modified":"2026-03-07T16:40:38","modified_gmt":"2026-03-07T21:40:38","slug":"les-dirigeants-de-la-dia-sengagent-a-mobiliser-leglise-pour-la-mission-sur-lensemble-du-territoire","status":"publish","type":"post","link":"https:\/\/interamerica.org\/fr\/2026\/03\/les-dirigeants-de-la-dia-sengagent-a-mobiliser-leglise-pour-la-mission-sur-lensemble-du-territoire\/","title":{"rendered":"Les dirigeants de la DIA s\u2019engagent \u00e0 mobiliser l\u2019\u00c9glise pour la mission sur l\u2019ensemble du territoire"},"content":{"rendered":"<p><div id=\"attachment_140032\" style=\"width: 958px\" class=\"wp-caption aligncenter\"><img fetchpriority=\"high\" decoding=\"async\" aria-describedby=\"caption-attachment-140032\" class=\" wp-image-140032\" src=\"https:\/\/interamerica.org\/wp-content\/uploads\/2026\/03\/abrahamsandoval-impact26-leadershipsummit.jpg\" alt=\"\" width=\"948\" height=\"632\" srcset=\"https:\/\/interamerica.org\/wp-content\/uploads\/2026\/03\/abrahamsandoval-impact26-leadershipsummit.jpg 1000w, https:\/\/interamerica.org\/wp-content\/uploads\/2026\/03\/abrahamsandoval-impact26-leadershipsummit-300x200.jpg 300w, https:\/\/interamerica.org\/wp-content\/uploads\/2026\/03\/abrahamsandoval-impact26-leadershipsummit-768x512.jpg 768w\" sizes=\"(max-width: 948px) 100vw, 948px\" \/><p id=\"caption-attachment-140032\" class=\"wp-caption-text\">Pasteur Abraham Sandoval, pr\u00e9sident de l\u2019Union Mexicaine Inter-Oc\u00e9anique, annonce des plans visant \u00e0 \u00e9tablir 9000 sites de pr\u00e9dication sur son territoire dans le cadre de l\u2019initiative Impact 2028 qui a \u00e9t\u00e9 pr\u00e9sent\u00e9e lors du Sommet sur le Leadership intitul\u00e9 : J\u2019Irai en Vivant la Mission et qui s\u2019est tenu \u00e0 Riviera Maya dans l\u2019\u00e9tat du Quintana Roo, au Mexique du 1er au 3 mars 2026. [Photo : Daniel Gallardo\/DIA]<\/p><\/div><em>Pr\u00e8s de 600 administrateurs examinent les priorit\u00e9s strat\u00e9giques et les initiatives visant \u00e0 consolider la mission dans toute l\u2019Inter Am\u00e9rique jusqu\u2019en 2030.<\/em><\/p>\n<p>6 mars 2026 | Riviera Maya, Quintana Roo, Mexique | Libna Stevens, actualit\u00e9s de la Division Inter Am\u00e9ricaine<\/p>\n<p>Les principaux administrateurs adventistes du septi\u00e8me jour des 25 unions et des 156 champs locaux de la Division Inter Am\u00e9ricaine (DIA) se sont engag\u00e9s \u00e0 utiliser leur leadership, leurs talents et leur influence pour mobiliser les membres et les dirigeants d\u2019\u00e9glise afin de proclamer le message du salut dans leurs communaut\u00e9s au cours des cinq prochaines ann\u00e9es.<\/p>\n<p>Cet engagement intervient alors que pr\u00e8s de 600 dirigeants viennent de terminer un sommet de trois jours sur le leadership le 3 mars au Mexique. Au cours de ce sommet, ils ont examin\u00e9 les principales priorit\u00e9s et initiatives strat\u00e9giques du programme <em>J\u2019Irai : en Vivant la Mission<\/em>.<\/p>\n<p><div id=\"attachment_140047\" style=\"width: 938px\" class=\"wp-caption aligncenter\"><img decoding=\"async\" aria-describedby=\"caption-attachment-140047\" class=\" wp-image-140047\" src=\"https:\/\/interamerica.org\/wp-content\/uploads\/2026\/03\/abnerdelossantos-bible-leadershipsummit-mar3.jpg\" alt=\"\" width=\"928\" height=\"619\" srcset=\"https:\/\/interamerica.org\/wp-content\/uploads\/2026\/03\/abnerdelossantos-bible-leadershipsummit-mar3.jpg 1000w, https:\/\/interamerica.org\/wp-content\/uploads\/2026\/03\/abnerdelossantos-bible-leadershipsummit-mar3-300x200.jpg 300w, https:\/\/interamerica.org\/wp-content\/uploads\/2026\/03\/abnerdelossantos-bible-leadershipsummit-mar3-768x512.jpg 768w\" sizes=\"(max-width: 928px) 100vw, 928px\" \/><p id=\"caption-attachment-140047\" class=\"wp-caption-text\">Pasteur Abner De Los Santos, pr\u00e9sident de la Division Inter Am\u00e9ricaine, parle, Bible en mains, de l\u2019importance d\u2019\u00eatre remplis du Saint-Esprit alors que les dirigeants conduisent la mission de l\u2019\u00c9glise sur le territoire. [Photo : Daniel Gallardo\/DIA]<\/p><\/div>Enracin\u00e9 dans les \u00c9critures et align\u00e9 sur l\u2019emphase plac\u00e9e sur la mission globale par la Conf\u00e9rence G\u00e9n\u00e9rale, ce cadre strat\u00e9gique met l\u2019accent sur une mise en \u0153uvre concr\u00e8te sur l\u2019ensemble du territoire de la division, tout en permettant aux \u00e9glises locales d\u2019adapter le plan \u00e0 leur contexte sp\u00e9cifique.<\/p>\n<p>S\u2019appuyant sur le mandat biblique de Matthieu 28 et d\u2019Apocalypse 14, l\u2019initiative <a href=\"https:\/\/interamerica.org\/fr\/project\/i-will-go-2020-2025\/\">\u00ab J\u2019Irai : en Vivant la Mission \u00bb<\/a> \u00a0vise \u00e0 harmoniser les actions des entit\u00e9s eccl\u00e9siales en Inter Am\u00e9rique, tout en faisant en sorte que les congr\u00e9gations locales fassent l\u2019exp\u00e9rience d\u2019un renouveau spirituel et d\u2019une croissance bas\u00e9e sur la mission.<\/p>\n<p><strong>Les dirigeants appel\u00e9s \u00e0 s\u2019impliquer dans la mission<\/strong><\/p>\n<p>Lors de la s\u00e9ance de cl\u00f4ture, pasteur Abner De Los Santos, pr\u00e9sident de la DIA, a exhort\u00e9 les pr\u00e9sidents d\u2019union et les dirigeants des f\u00e9d\u00e9rations et des missions locales \u00e0 prendre toutes leurs responsabilit\u00e9s pour faire avancer la mission de l\u2019\u00c9glise.<\/p>\n<p><div id=\"attachment_140037\" style=\"width: 1010px\" class=\"wp-caption aligncenter\"><img decoding=\"async\" aria-describedby=\"caption-attachment-140037\" class=\"size-full wp-image-140037\" src=\"https:\/\/interamerica.org\/wp-content\/uploads\/2026\/03\/aldoperez-cuba-leadershipsummit-impact28.jpg\" alt=\"\" width=\"1000\" height=\"667\" srcset=\"https:\/\/interamerica.org\/wp-content\/uploads\/2026\/03\/aldoperez-cuba-leadershipsummit-impact28.jpg 1000w, https:\/\/interamerica.org\/wp-content\/uploads\/2026\/03\/aldoperez-cuba-leadershipsummit-impact28-300x200.jpg 300w, https:\/\/interamerica.org\/wp-content\/uploads\/2026\/03\/aldoperez-cuba-leadershipsummit-impact28-768x512.jpg 768w\" sizes=\"(max-width: 1000px) 100vw, 1000px\" \/><p id=\"caption-attachment-140037\" class=\"wp-caption-text\">Lors de la c\u00e9r\u00e9monie de cl\u00f4ture, pasteur Aldo P\u00e9rez, pr\u00e9sident de l\u2019Union de F\u00e9d\u00e9rations de Cuba, a annonc\u00e9 qu\u2019il s\u2019engageait \u00e0 retenir 1520 sites de pr\u00e9dication \u00e0 Cuba dans le cadre de l\u2019initiative Impact 2028. [Photo : Daniel Gallardo\/DIA]<\/p><\/div>\u00ab Il est temps pour l\u2019\u00c9glise de m\u00fbrir pour l\u2019honneur et la gloire de Dieu, \u00bb a d\u00e9clar\u00e9 pasteur De Los Santos. \u00ab Nous devons encourager l\u2019\u00e9glise \u00e0 accomplir sa mission tout en accompagnant nos membres afin que nous ayons une \u00e9glise pr\u00eate \u00e0 rencontrer le Christ. \u00bb<\/p>\n<p>S\u2019adressant directement aux pr\u00e9sidents d\u2019union, il les a exhort\u00e9s \u00e0 amener l\u2019ensemble de l\u2019\u00e9glise \u00e0 s\u2019unir dans la mission.<\/p>\n<p>\u00ab \u00cates-vous pr\u00eats \u00e0 utiliser votre influence, vos talents et votre leadership pour accomplir la mission que Dieu nous a confi\u00e9e ?\u00bb a-t-il demand\u00e9. \u00ab Nous devons faire entendre nos voix afin que toute l\u2019\u00c9glise puisse avancer ensemble d\u2019une seule voix. \u00bb<\/p>\n<p><div id=\"attachment_140053\" style=\"width: 1010px\" class=\"wp-caption aligncenter\"><img loading=\"lazy\" decoding=\"async\" aria-describedby=\"caption-attachment-140053\" class=\"size-full wp-image-140053\" src=\"https:\/\/interamerica.org\/wp-content\/uploads\/2026\/03\/alpowell-agenda-leadershipsummit.jpg\" alt=\"\" width=\"1000\" height=\"667\" srcset=\"https:\/\/interamerica.org\/wp-content\/uploads\/2026\/03\/alpowell-agenda-leadershipsummit.jpg 1000w, https:\/\/interamerica.org\/wp-content\/uploads\/2026\/03\/alpowell-agenda-leadershipsummit-300x200.jpg 300w, https:\/\/interamerica.org\/wp-content\/uploads\/2026\/03\/alpowell-agenda-leadershipsummit-768x512.jpg 768w\" sizes=\"(max-width: 1000px) 100vw, 1000px\" \/><p id=\"caption-attachment-140053\" class=\"wp-caption-text\">Pasteur Abner De Los Santos, pr\u00e9sident de la Division Inter Am\u00e9ricaine, remet un agenda sp\u00e9cial au pasteur Al Powell, pr\u00e9sident de l\u2019Union Mission du Belize, le 3 mars 2026 lors de la c\u00e9r\u00e9monie de cl\u00f4ture du sommet sur le leadership organis\u00e9 par la DIA. [Photo : Daniel Gallardo\/DIA]<\/p><\/div>Les pr\u00e9sidents des unions ont \u00e9t\u00e9 invit\u00e9s \u00e0 monter sur l\u2019estrade pour r\u00e9affirmer publiquement leur engagement \u00e0 faire progresser la mission sur leurs territoires respectifs. Chacun d\u2019entre eux, ainsi que les autres administrateurs, a re\u00e7u un agenda de planification destin\u00e9 \u00e0 guider et \u00e0 suivre la mise en \u0153uvre des initiatives strat\u00e9giques de la division.<\/p>\n<p><strong>R\u00e9affirmer l\u2019emphase sur la mission<\/strong><\/p>\n<p>La tr\u00e9sori\u00e8re de la Division Inter Am\u00e9ricaine, Ivelisse Herrera, a \u00e9galement invit\u00e9 les responsables financiers \u00e0 r\u00e9affirmer le r\u00f4le des finances de l\u2019\u00c9glise dans l\u2019accomplissement de la mission.<\/p>\n<p>\u00ab Nous devons reconna\u00eetre que les finances de l\u2019\u00c9glise ne sont pas une fin en soi, \u00bb a d\u00e9clar\u00e9 Ivelisse Herrera. \u00ab Elles sont un instrument important au service de la mission. \u00bb<\/p>\n<p><div id=\"attachment_140052\" style=\"width: 1010px\" class=\"wp-caption aligncenter\"><img loading=\"lazy\" decoding=\"async\" aria-describedby=\"caption-attachment-140052\" class=\"size-full wp-image-140052\" src=\"https:\/\/interamerica.org\/wp-content\/uploads\/2026\/03\/ivelisse-herrera-finalcharge-leadershipsummit.jpg\" alt=\"\" width=\"1000\" height=\"667\" srcset=\"https:\/\/interamerica.org\/wp-content\/uploads\/2026\/03\/ivelisse-herrera-finalcharge-leadershipsummit.jpg 1000w, https:\/\/interamerica.org\/wp-content\/uploads\/2026\/03\/ivelisse-herrera-finalcharge-leadershipsummit-300x200.jpg 300w, https:\/\/interamerica.org\/wp-content\/uploads\/2026\/03\/ivelisse-herrera-finalcharge-leadershipsummit-768x512.jpg 768w\" sizes=\"(max-width: 1000px) 100vw, 1000px\" \/><p id=\"caption-attachment-140052\" class=\"wp-caption-text\">Ivelisse Herrera, tr\u00e9sori\u00e8re de la Division Inter Am\u00e9ricaine, a appel\u00e9 les responsables financiers \u00e0 concentrer les ressources de l\u2019\u00c9glise sur les initiatives missionnaires lors de la c\u00e9r\u00e9monie de cl\u00f4ture le 3 mars, alors que les pr\u00e9sidents des unions et les dirigeants de la DIA se tenaient debout ensemble pour r\u00e9affirmer leur engagement. [Photo : Daniel Gallardo\/DIA]<\/p><\/div>Elle a encourag\u00e9 les tr\u00e9soriers des unions et des champs locaux \u00e0 veiller \u00e0 ce que les budgets, les d\u00e9cisions financi\u00e8res et les rapports soutiennent l\u2019\u00e9vang\u00e9lisation.<\/p>\n<p>\u00ab Tout ce que nous faisons doit contribuer \u00e0 l\u2019avancement de l\u2019\u0153uvre de Dieu et la pr\u00e9dication de l\u2019\u00e9vangile, \u00bb a-t-elle d\u00e9clar\u00e9.<\/p>\n<p>Ivelisse Herrera a ajout\u00e9 que la consolidation des syst\u00e8mes financiers de l\u2019\u00c9glise sera essentielle pour soutenir les initiatives missionnaires dans toute la division.<\/p>\n<p><div id=\"attachment_140046\" style=\"width: 1010px\" class=\"wp-caption aligncenter\"><img loading=\"lazy\" decoding=\"async\" aria-describedby=\"caption-attachment-140046\" class=\"size-full wp-image-140046\" src=\"https:\/\/interamerica.org\/wp-content\/uploads\/2026\/03\/abnerdelossantos-roadmap-sp.jpg\" alt=\"\" width=\"1000\" height=\"667\" srcset=\"https:\/\/interamerica.org\/wp-content\/uploads\/2026\/03\/abnerdelossantos-roadmap-sp.jpg 1000w, https:\/\/interamerica.org\/wp-content\/uploads\/2026\/03\/abnerdelossantos-roadmap-sp-300x200.jpg 300w, https:\/\/interamerica.org\/wp-content\/uploads\/2026\/03\/abnerdelossantos-roadmap-sp-768x512.jpg 768w\" sizes=\"(max-width: 1000px) 100vw, 1000px\" \/><p id=\"caption-attachment-140046\" class=\"wp-caption-text\">Abner De Los Santos, pr\u00e9sident de la Division Inter Am\u00e9ricaine, a pr\u00e9sent\u00e9 la feuille de route du plan strat\u00e9gique pour les cinq prochaines ann\u00e9es lors du sommet sur le leadership organis\u00e9 par la DIA \u00e0 Riviera Maya, au Mexique. [Photo : Daniel Gallardo\/DIA]<\/p><\/div>\u00ab Notre \u00c9glise est d\u00e9vou\u00e9e \u00e0 une mission qui exige \u00e0 la fois cons\u00e9cration et ressources, \u00bb a-t-elle dit. \u00ab Et nous acceptons de relever ce d\u00e9fi, confiants que Dieu pourvoira \u00e0 ce qui est n\u00e9cessaire \u00e0 son \u0153uvre. \u00bb<\/p>\n<p><strong>Les secr\u00e9taires s\u2019engagent \u00e0 avoir une administration ax\u00e9e sur la mission<\/strong><\/p>\n<p>Pasteur Pierre Caporal, secr\u00e9taire ex\u00e9cutif de la Division Inter Am\u00e9ricaine, qui a particip\u00e9 \u00e0 la session par visioconf\u00e9rence, a affirm\u00e9 que le secr\u00e9tariat soutiendrait activement l\u2019emphase plac\u00e9e sur la mission sur l\u2019ensemble du territoire.<\/p>\n<p>\u00ab Nous nous engageons \u00e0 \u2018Vivre la Mission\u2019 et \u00e0 faire du secr\u00e9tariat une agence pour la mission, \u00bb a dit pasteur Caporal. \u00ab Nous utiliserons tous les outils \u00e0 notre disposition \u2013 les r\u00e8glements, le manuel d\u2019\u00e9glise et les syst\u00e8mes administratifs \u2013 pour faire progresser la mission dans toute la Division Inter Am\u00e9ricaine. \u00bb<\/p>\n<p><div id=\"attachment_140048\" style=\"width: 1010px\" class=\"wp-caption aligncenter\"><img loading=\"lazy\" decoding=\"async\" aria-describedby=\"caption-attachment-140048\" class=\"size-full wp-image-140048\" src=\"https:\/\/interamerica.org\/wp-content\/uploads\/2026\/03\/iad-leaders-lookat-sp.jpg\" alt=\"\" width=\"1000\" height=\"667\" srcset=\"https:\/\/interamerica.org\/wp-content\/uploads\/2026\/03\/iad-leaders-lookat-sp.jpg 1000w, https:\/\/interamerica.org\/wp-content\/uploads\/2026\/03\/iad-leaders-lookat-sp-300x200.jpg 300w, https:\/\/interamerica.org\/wp-content\/uploads\/2026\/03\/iad-leaders-lookat-sp-768x512.jpg 768w\" sizes=\"(max-width: 1000px) 100vw, 1000px\" \/><p id=\"caption-attachment-140048\" class=\"wp-caption-text\">Des administrateurs examinent le livret du plan strat\u00e9gique lors du sommet sur le leadership organis\u00e9 par la DIA \u00e0 Riviera Maya, au Mexique. [Photo : Daniel Gallardo\/DIA]<\/p><\/div>Pierre Caporal a invit\u00e9 les secr\u00e9taires ex\u00e9cutifs des unions et des f\u00e9d\u00e9rations \u00e0 s\u2019engager eux aussi \u00e0 soutenir l\u2019\u00e9vang\u00e9lisation et la croissance de l\u2019\u00e9glise par leur travail administratif.<\/p>\n<p><strong>Initiatives strat\u00e9giques pour encourager la mission<\/strong><\/p>\n<p>Afin de traduire la vision strat\u00e9gique en actes, les dirigeants de la DIA ont pr\u00e9sent\u00e9 trois initiatives majeures visant \u00e0 mobiliser les \u00e9glises tout au long du quinquennat :<\/p>\n<p><em><a href=\"https:\/\/onevoice27.org\/en\">OneVoice27<\/a> <\/em> (UneVoix27) s\u2019ach\u00e8vera avec une c\u00e9l\u00e9bration sur l\u2019ensemble du territoire en septembre 2027, marquant le 2000\u00e8me anniversaire du bapt\u00eame de J\u00e9sus. L\u2019initiative combinera une campagne m\u00e9diatique \u00e0 grande \u00e9chelle avec l\u2019implication actif des \u00e9glises locales, encouragera la participation aux \u00e9tudes bibliques et mettra les gens en relation avec J\u00e9sus gr\u00e2ce \u00e0 des initiatives coordonn\u00e9es men\u00e9es par les d\u00e9partements et minist\u00e8res dans toute la Division Inter Am\u00e9ricaine.<\/p>\n<p><div id=\"attachment_140040\" style=\"width: 970px\" class=\"wp-caption aligncenter\"><img loading=\"lazy\" decoding=\"async\" aria-describedby=\"caption-attachment-140040\" class=\" wp-image-140040\" src=\"https:\/\/interamerica.org\/wp-content\/uploads\/2026\/03\/abelmarquez-sb-leadership-mar-3.jpg\" alt=\"\" width=\"960\" height=\"640\" srcset=\"https:\/\/interamerica.org\/wp-content\/uploads\/2026\/03\/abelmarquez-sb-leadership-mar-3.jpg 1000w, https:\/\/interamerica.org\/wp-content\/uploads\/2026\/03\/abelmarquez-sb-leadership-mar-3-300x200.jpg 300w, https:\/\/interamerica.org\/wp-content\/uploads\/2026\/03\/abelmarquez-sb-leadership-mar-3-768x512.jpg 768w\" sizes=\"(max-width: 960px) 100vw, 960px\" \/><p id=\"caption-attachment-140040\" class=\"wp-caption-text\">Abel M\u00e1rquez, directeur de la communication de la Division Inter Am\u00e9ricaine, pr\u00e9sente l\u2019initiative OneVoice27 (UneVoix27), qui combinera une campagne sur les m\u00e9dias et une implication des \u00e9glises locales pour mettre les gens en relation avec J\u00e9sus sur l\u2019ensemble du territoire. [Photo : Daniel Gallardo\/DIA]<\/p><\/div><em>Impact 2028<\/em> vise \u00e0 \u00e9tablir au moins 100000 centres de pr\u00e9dication \u00e0 travers l\u2019Inter-Am\u00e9rique. Lors du sommet, les pr\u00e9sidents d\u2019union ont annonc\u00e9 le nombre de sites de pr\u00e9dication pr\u00e9vus sur leurs territoires, soit un total d\u2019environ 93000 sites, avec un engagement collectif \u00e0 atteindre l\u2019objectif de 100000 sites.<\/p>\n<p><em>Chaque \u00c9glise, une \u00c9glise <\/em> invite chaque congr\u00e9gation organis\u00e9e de la division \u00e0 implanter une nouvelle \u00e9glise d\u2019ici 2030.<\/p>\n<p><div id=\"attachment_140038\" style=\"width: 959px\" class=\"wp-caption aligncenter\"><img loading=\"lazy\" decoding=\"async\" aria-describedby=\"caption-attachment-140038\" class=\" wp-image-140038\" src=\"https:\/\/interamerica.org\/wp-content\/uploads\/2026\/03\/impacto28-leadershipsummitmar-3.jpg\" alt=\"\" width=\"949\" height=\"633\" srcset=\"https:\/\/interamerica.org\/wp-content\/uploads\/2026\/03\/impacto28-leadershipsummitmar-3.jpg 1000w, https:\/\/interamerica.org\/wp-content\/uploads\/2026\/03\/impacto28-leadershipsummitmar-3-300x200.jpg 300w, https:\/\/interamerica.org\/wp-content\/uploads\/2026\/03\/impacto28-leadershipsummitmar-3-768x512.jpg 768w\" sizes=\"(max-width: 949px) 100vw, 949px\" \/><p id=\"caption-attachment-140038\" class=\"wp-caption-text\">Josney Rodr\u00edguez, secr\u00e9taire de l\u2019association pastorale de la Division Inter Am\u00e9ricaine, pr\u00e9sente l\u2019initiative Impact 2028 qui mobilisera les \u00e9glises pour qu\u2019elles \u00e9tablissent 100000 sites de pr\u00e9dication sur tout le territoire. [Photo : Daniel Gallardo\/DIA]<\/p><\/div><strong>Consolider les \u00e9glises pour qu\u2019elles se multiplient<\/strong><\/p>\n<p>Les dirigeants d\u2019\u00e9glises ont d\u00e9crit l\u2019initiative d\u2019implantation d\u2019\u00e9glises comme \u00e9tant l\u2019une des priorit\u00e9s les plus importantes de la division pour les cinq prochaines ann\u00e9es.<\/p>\n<p>\u00ab Au cours des cinq prochaines ann\u00e9es, rien ne sera plus important ni plus pertinent pour l\u2019Inter-Am\u00e9rique que l\u2019initiative que nous pr\u00e9sentons aujourd\u2019hui : Chaque \u00c9glise, une \u00c9glise, \u00bb ont d\u00e9clar\u00e9 les dirigeants au cours de la pr\u00e9sentation.<\/p>\n<p>L\u2019initiative met l\u2019accent sur la consolidation des congr\u00e9gations existantes afin qu\u2019elles puissent se reproduire naturellement, plut\u00f4t que de simplement diviser les \u00e9glises existantes.<\/p>\n<p><div id=\"attachment_140034\" style=\"width: 958px\" class=\"wp-caption aligncenter\"><img loading=\"lazy\" decoding=\"async\" aria-describedby=\"caption-attachment-140034\" class=\" wp-image-140034\" src=\"https:\/\/interamerica.org\/wp-content\/uploads\/2026\/03\/robertoherrera-everychurch-leaderhip-summit.jpg\" alt=\"\" width=\"948\" height=\"632\" srcset=\"https:\/\/interamerica.org\/wp-content\/uploads\/2026\/03\/robertoherrera-everychurch-leaderhip-summit.jpg 1000w, https:\/\/interamerica.org\/wp-content\/uploads\/2026\/03\/robertoherrera-everychurch-leaderhip-summit-300x200.jpg 300w, https:\/\/interamerica.org\/wp-content\/uploads\/2026\/03\/robertoherrera-everychurch-leaderhip-summit-768x512.jpg 768w\" sizes=\"(max-width: 948px) 100vw, 948px\" \/><p id=\"caption-attachment-140034\" class=\"wp-caption-text\">Pasteur Roberto Herrera (\u00e0 gauche), directeur des minist\u00e8res de la gestion chr\u00e9tienne de la Division Inter Am\u00e9ricaine, pr\u00e9sente l\u2019initiative \u00ab Chaque \u00c9glise, une \u00c9glise \u00bb aux c\u00f4t\u00e9s des dirigeants de la DIA, et invite les congr\u00e9gations \u00e0 cro\u00eetre et \u00e0 \u00e9tablir de nouvelles \u00e9glises au cours de l\u2019actuel quinquennat. [Photo : Daniel Gallardo\/DIA]<\/p><\/div>\u00ab Nous ne demandons pas aux unions ou aux champs locaux de diviser les \u00e9glises qu\u2019ils poss\u00e8dent d\u00e9j\u00e0, \u00bb ont expliqu\u00e9 les dirigeants. \u00ab Nous demandons aux \u00e9glises de cro\u00eetre spirituellement et de devenir suffisamment fortes pour donner naissance \u00e0 de nouvelles congr\u00e9gations. \u00bb<\/p>\n<p>L\u2019initiative se d\u00e9roulera selon un calendrier qui inclut la mobilisation des congr\u00e9gations en 2026, l\u2019identification de nouveaux territoires en 2027, la pr\u00e9paration du leadership en 2028, l\u2019implantation de nouvelles congr\u00e9gations en 2029 et la c\u00e9l\u00e9bration des r\u00e9sultats sur l\u2019ensemble du territoire en 2030.<\/p>\n<p>\u00ab Par la gr\u00e2ce de Dieu, chaque \u00e9glise peut implanter une autre \u00e9glise en cinq ans, \u00bb a d\u00e9clar\u00e9 pasteur De Los Santos. \u00ab Mais cela ne se produira que si l\u2019\u00e9glise elle-m\u00eame adh\u00e8re \u00e0 cette vision et s\u2019engage \u00e0 grandir et \u00e0 m\u00fbrir. \u00bb<\/p>\n<p><div id=\"attachment_140041\" style=\"width: 940px\" class=\"wp-caption aligncenter\"><img loading=\"lazy\" decoding=\"async\" aria-describedby=\"caption-attachment-140041\" class=\" wp-image-140041\" src=\"https:\/\/interamerica.org\/wp-content\/uploads\/2026\/03\/sandrapinto-leadership-sp.jpg\" alt=\"\" width=\"930\" height=\"620\" srcset=\"https:\/\/interamerica.org\/wp-content\/uploads\/2026\/03\/sandrapinto-leadership-sp.jpg 1000w, https:\/\/interamerica.org\/wp-content\/uploads\/2026\/03\/sandrapinto-leadership-sp-300x200.jpg 300w, https:\/\/interamerica.org\/wp-content\/uploads\/2026\/03\/sandrapinto-leadership-sp-768x512.jpg 768w\" sizes=\"(max-width: 930px) 100vw, 930px\" \/><p id=\"caption-attachment-140041\" class=\"wp-caption-text\">Sandra Pinto, directrice des minist\u00e8res de la femme et des minist\u00e8res aupr\u00e8s des enfants et des adolescents de la Division Inter Am\u00e9ricaine, pr\u00e9sente des initiatives visant \u00e0 impliquer les membres de tous \u00e2ges dans la mission. [Photo : Daniel Gallardo\/DIA]<\/p><\/div>Les dirigeants de la DIA ont expos\u00e9 en d\u00e9tail les quatre piliers du plan strat\u00e9gique : la communion avec Dieu, l\u2019Identit\u00e9 en Christ, l\u2019Unit\u00e9 dans l\u2019Esprit pour le Service et la Mission pour Tous, ainsi que les initiatives con\u00e7ues pour promouvoir ces priorit\u00e9s missionnaires sur l\u2019ensemble du territoire de la DIA.<\/p>\n<p>Les enfants et les jeunes feront \u00e9galement l\u2019objet d\u2019une attention particuli\u00e8re durant le quinquennat, ont indiqu\u00e9 les dirigeants de la division. \u00ab Durant ce quinquennat, nous souhaitons mettre l\u2019accent sur les enfants et les jeunes, \u00bb a dit pasteur De Los Santos. \u00ab Ils ne sont pas seulement l\u2019avenir de l\u2019\u00c9glise, ils font partie int\u00e9grante de la mission aujourd\u2019hui. \u00bb<\/p>\n<p><div id=\"attachment_140039\" style=\"width: 967px\" class=\"wp-caption aligncenter\"><img loading=\"lazy\" decoding=\"async\" aria-describedby=\"caption-attachment-140039\" class=\" wp-image-140039\" src=\"https:\/\/interamerica.org\/wp-content\/uploads\/2026\/03\/danieltorreblanca-mar3-leadershipsummit.jpg\" alt=\"\" width=\"957\" height=\"638\" srcset=\"https:\/\/interamerica.org\/wp-content\/uploads\/2026\/03\/danieltorreblanca-mar3-leadershipsummit.jpg 1000w, https:\/\/interamerica.org\/wp-content\/uploads\/2026\/03\/danieltorreblanca-mar3-leadershipsummit-300x200.jpg 300w, https:\/\/interamerica.org\/wp-content\/uploads\/2026\/03\/danieltorreblanca-mar3-leadershipsummit-768x512.jpg 768w\" sizes=\"(max-width: 957px) 100vw, 957px\" \/><p id=\"caption-attachment-140039\" class=\"wp-caption-text\">Daniel Torreblanca, directeur des minist\u00e8res de la jeunesse de la Division Inter Am\u00e9ricaine, pr\u00e9sente des initiatives visant \u00e0 mobiliser les jeunes pour la mission sur l\u2019ensemble du territoire. [Photo : Daniel Gallardo\/DIA]<\/p><\/div>Afin de soutenir la mise en \u0153uvre du plan strat\u00e9gique sur tout le territoire, la Division Inter Am\u00e9ricaine fournira \u00e0 chaque \u00e9glise organis\u00e9e et \u00e0 chaque pasteur de la division un ensemble de cinq ouvrages ax\u00e9s sur la mission. Cette s\u00e9rie de ressources, align\u00e9e sur les quatre piliers strat\u00e9giques du plan quinquennal, sera distribu\u00e9e gratuitement pour aider les pasteurs et les congr\u00e9gations \u00e0 rester concentr\u00e9s sur la mission au cours des cinq prochaines ann\u00e9es. Les ouvrages sont imprim\u00e9s par les deux maisons d\u2019\u00e9dition de la Division Inter Am\u00e9ricaine. Ces livres serviront d\u2019outils pratiques pour la croissance spirituelle, le d\u00e9veloppement du leadership et l\u2019implication dans l\u2019\u00e9vang\u00e9lisation. Pendant le sommet, plusieurs institutions et organisations de la division ont \u00e9galement indiqu\u00e9 comment leurs propres initiatives contribueront \u00e0 la r\u00e9alisation des priorit\u00e9s strat\u00e9giques sur l\u2019ensemble du territoire.<\/p>\n<p><strong>R\u00e9flexions des dirigeants sur les opportunit\u00e9s missionnaires<\/strong><\/p>\n<p>Les pr\u00e9sidents d\u2019union pr\u00e9sents au sommet ont d\u00e9clar\u00e9 que cette rencontre avait renforc\u00e9 leur d\u00e9termination \u00e0 mettre en \u0153uvre les initiatives sur leurs territoires respectifs.<\/p>\n<p><div id=\"attachment_140042\" style=\"width: 1010px\" class=\"wp-caption aligncenter\"><img loading=\"lazy\" decoding=\"async\" aria-describedby=\"caption-attachment-140042\" class=\"size-full wp-image-140042\" src=\"https:\/\/interamerica.org\/wp-content\/uploads\/2026\/03\/ignacionavarro-gema-iadpa-mar3.jpg\" alt=\"\" width=\"1000\" height=\"667\" srcset=\"https:\/\/interamerica.org\/wp-content\/uploads\/2026\/03\/ignacionavarro-gema-iadpa-mar3.jpg 1000w, https:\/\/interamerica.org\/wp-content\/uploads\/2026\/03\/ignacionavarro-gema-iadpa-mar3-300x200.jpg 300w, https:\/\/interamerica.org\/wp-content\/uploads\/2026\/03\/ignacionavarro-gema-iadpa-mar3-768x512.jpg 768w\" sizes=\"(max-width: 1000px) 100vw, 1000px\" \/><p id=\"caption-attachment-140042\" class=\"wp-caption-text\">Ignacio Navarro, pr\u00e9sident des \u00c9ditions GEMA, explique les plans concernant l\u2019impression et la distribution d\u2019ouvrages bas\u00e9s sur la mission aux \u00e9glises et aux pasteurs dans toute la Division Inter Am\u00e9ricaine, dans le cadre de la strat\u00e9gie quinquennale. Sa\u00fal Ortiz de la IADPA et Isa\u00edas Espinoza, directeur des minist\u00e8res des publications de la DIA, observent pendant la pr\u00e9sentation le 3 mars 2026. [Photo : Daniel Gallardo\/DIA]<\/p><\/div>Pour le pasteur Jos\u00e9 Bouchot, pr\u00e9sident de l\u2019Union Mexicaine du Chiapas, la simplicit\u00e9 et la flexibilit\u00e9 du plan strat\u00e9gique ont \u00e9t\u00e9 des \u00e9l\u00e9ments marquants.<\/p>\n<p>\u00ab La planification strat\u00e9gique pr\u00e9sent\u00e9e par la division est simple, mais elle nous permet de l\u2019adapter \u00e0 notre territoire, \u00bb a dit pasteur Bouchot. \u00ab Nous sommes d\u00e9termin\u00e9s \u00e0 mettre en place l\u2019initiative \u2018Chaque \u00c9glise, une \u00c9glise\u2019 et nous pr\u00e9voyons d\u00e9j\u00e0 d\u2019implanter au moins 30 nouvelles \u00e9glises chaque ann\u00e9e dans de nouveaux territoires. \u00bb<\/p>\n<p>Pasteur Bouchot a indiqu\u00e9 que le Chiapas, qui compte actuellement plus de 3600 \u00e9glises et groupes, esp\u00e8re d\u00e9passer les 4000 congr\u00e9gations d\u2019ici la fin du quinquennat.<\/p>\n<p>\u00ab Le plus grand d\u00e9fi n\u2019est pas financier, \u00bb a-t-il ajout\u00e9. \u00ab Le plus grand d\u00e9fi, c\u2019est nous-m\u00eames : \u00eatre pleinement convaincus et dispos\u00e9s \u00e0 investir nos ressources l\u00e0 o\u00f9 elles doivent \u00eatre : dans la mission. \u00bb<\/p>\n<p><div id=\"attachment_140033\" style=\"width: 974px\" class=\"wp-caption aligncenter\"><img loading=\"lazy\" decoding=\"async\" aria-describedby=\"caption-attachment-140033\" class=\" wp-image-140033\" src=\"https:\/\/interamerica.org\/wp-content\/uploads\/2026\/03\/frankgeneus-healthminsitries-leadershipsummit.jpg\" alt=\"\" width=\"964\" height=\"643\" srcset=\"https:\/\/interamerica.org\/wp-content\/uploads\/2026\/03\/frankgeneus-healthminsitries-leadershipsummit.jpg 1000w, https:\/\/interamerica.org\/wp-content\/uploads\/2026\/03\/frankgeneus-healthminsitries-leadershipsummit-300x200.jpg 300w, https:\/\/interamerica.org\/wp-content\/uploads\/2026\/03\/frankgeneus-healthminsitries-leadershipsummit-768x512.jpg 768w\" sizes=\"(max-width: 964px) 100vw, 964px\" \/><p id=\"caption-attachment-140033\" class=\"wp-caption-text\">Dr Franck Geneus, directeur des minist\u00e8res de la sant\u00e9 de la Division Inter Am\u00e9ricaine, pr\u00e9sente des initiatives soutenant l\u2019emphase plac\u00e9e par l\u2019\u00c9glise sur la mission pour les cinq prochaines ann\u00e9es lors du sommet sur le leadership organis\u00e9 par la DIA \u00e0 Riviera Maya, au Mexique. [Photo : Daniel Gallardo\/DIA]<\/p><\/div>Pasteur Te\u00f3filo Silvestre, pr\u00e9sident de l\u2019Union Dominicaine, a d\u00e9clar\u00e9 que le sommet avait apport\u00e9 des id\u00e9es importantes et des perspectives administratives que les responsables envisagent d\u00e9j\u00e0 d\u2019appliquer sur leur territoire.<\/p>\n<p>\u00ab L\u2019avis g\u00e9n\u00e9ral de nos administrateurs est que ce fut une excellente rencontre, \u00bb a dit pasteur Silvestre. \u00ab Nous identifions d\u00e9j\u00e0 des id\u00e9es que nous pouvons reproduire et nous encourageons nos dirigeants \u00e0 appliquer ces bonnes pratiques, afin de rester en phase avec l\u2019id\u00e9e de \u2018Vivre la Mission.\u2019 \u00bb<\/p>\n<p>Pasteur Silvestre a indiqu\u00e9 que l\u2019Union Dominicaine pr\u00e9voit d\u2019\u00e9tablir plus de 3000 sites de pr\u00e9dication dans le cadre de l\u2019initiative Impact 2028.<\/p>\n<p><div id=\"attachment_140035\" style=\"width: 1010px\" class=\"wp-caption aligncenter\"><img loading=\"lazy\" decoding=\"async\" aria-describedby=\"caption-attachment-140035\" class=\"size-full wp-image-140035\" src=\"https:\/\/interamerica.org\/wp-content\/uploads\/2026\/03\/nocu-leaders-leadershipsummit-prayer-mar3.jpg\" alt=\"\" width=\"1000\" height=\"667\" srcset=\"https:\/\/interamerica.org\/wp-content\/uploads\/2026\/03\/nocu-leaders-leadershipsummit-prayer-mar3.jpg 1000w, https:\/\/interamerica.org\/wp-content\/uploads\/2026\/03\/nocu-leaders-leadershipsummit-prayer-mar3-300x200.jpg 300w, https:\/\/interamerica.org\/wp-content\/uploads\/2026\/03\/nocu-leaders-leadershipsummit-prayer-mar3-768x512.jpg 768w\" sizes=\"(max-width: 1000px) 100vw, 1000px\" \/><p id=\"caption-attachment-140035\" class=\"wp-caption-text\">Des administrateurs de l\u2019Union du Nord de la Colombie prient ensemble pour l\u2019initiative Impact 2028 lors du sommet sur le leadership organis\u00e9 par la Division Inter Am\u00e9ricaine, et s\u2019engagent \u00e0 \u00e9tablir jusqu\u2019\u00e0 100000 sites de pr\u00e9dication sur l\u2019ensemble du territoire. [Photo : Daniel Gallardo\/DIA]<\/p><\/div>Au Venezuela, le pasteur Orlando Ram\u00edrez, pr\u00e9sident de l\u2019Union de l\u2019Ouest du Venezuela, a d\u00e9clar\u00e9 que le territoire constate \u00e0 nouveau une certaine ouverture qui pourrait \u00e9largir les possibilit\u00e9s de mission.<\/p>\n<p>\u00ab Le nouveau plan strat\u00e9gique suscite un grand enthousiasme, \u00bb a d\u00e9clar\u00e9 pasteur Ram\u00edrez. \u00ab Nous avons constat\u00e9 une forte r\u00e9ceptivit\u00e9 et une grande adh\u00e9sion aux initiatives pr\u00e9sent\u00e9es, et nous croyons que nous avons l\u00e0 de nouvelles opportunit\u00e9s pour l\u2019action missionnaire. \u00bb<\/p>\n<p>Pasteur Ram\u00edrez a indiqu\u00e9 que le contexte actuel dans le pays permet \u00e0 l\u2019\u00c9glise d\u2019envisager une action \u00e9vang\u00e9lique plus large et un engagement plus fort aupr\u00e8s des communaut\u00e9s.<\/p>\n<p><div id=\"attachment_140043\" style=\"width: 1010px\" class=\"wp-caption aligncenter\"><img loading=\"lazy\" decoding=\"async\" aria-describedby=\"caption-attachment-140043\" class=\"size-full wp-image-140043\" src=\"https:\/\/interamerica.org\/wp-content\/uploads\/2026\/03\/orlandoramirez-wevu-leadershipsummit.jpg\" alt=\"\" width=\"1000\" height=\"667\" srcset=\"https:\/\/interamerica.org\/wp-content\/uploads\/2026\/03\/orlandoramirez-wevu-leadershipsummit.jpg 1000w, https:\/\/interamerica.org\/wp-content\/uploads\/2026\/03\/orlandoramirez-wevu-leadershipsummit-300x200.jpg 300w, https:\/\/interamerica.org\/wp-content\/uploads\/2026\/03\/orlandoramirez-wevu-leadershipsummit-768x512.jpg 768w\" sizes=\"(max-width: 1000px) 100vw, 1000px\" \/><p id=\"caption-attachment-140043\" class=\"wp-caption-text\">Pasteur Orlando Ram\u00edrez, pr\u00e9sident de l\u2019Union de l\u2019Ouest du Venezuela, \u00e9voque le renouveau dans l\u2019enthousiasme des dirigeants d\u2019\u00e9glise au V\u00e9n\u00e9zu\u00e9la pour la mise en \u0153uvre du plan missionnaire strat\u00e9gique sur leur territoire. [Photo : Daniel Gallardo\/DIA]<\/p><\/div>Pasteur Jos\u00e9 Smith, pr\u00e9sident de l\u2019Union du Panama, a d\u00e9clar\u00e9 que le sommet est arriv\u00e9 \u00e0 un moment providentiel pour le territoire o\u00f9 de nombreux administrateurs ont r\u00e9cemment acc\u00e9d\u00e9 \u00e0 de nouvelles fonctions de direction.<\/p>\n<p>\u00ab Au Panama, nous avons 610 congr\u00e9gations et, avec l\u2019aide de Dieu, nous souhaitons en atteindre 1050 d\u2019ici 2030, \u00bb a dit pasteur Smith. \u00ab Nous nous sommes \u00e9galement engag\u00e9s \u00e0 \u00e9tablir 3300 centres de pr\u00e9dication pour l\u2019initiative Impact 2028. \u00bb<\/p>\n<p>Il a reconnu que toucher les gens qui habitent dans les gratte-ciel de la ville de Panama repr\u00e9sentait un vrai d\u00e9fi, mais a pr\u00e9cis\u00e9 que l\u2019\u00c9glise explorait de nouvelles approches pour le minist\u00e8re des petits groupes et l\u2019action missionnaire en milieu urbain.<\/p>\n<p><div id=\"attachment_140044\" style=\"width: 1010px\" class=\"wp-caption aligncenter\"><img loading=\"lazy\" decoding=\"async\" aria-describedby=\"caption-attachment-140044\" class=\"wp-image-140044 size-full\" src=\"https:\/\/interamerica.org\/wp-content\/uploads\/2026\/03\/josesmith-leadership-mar3.jpg\" alt=\"\" width=\"1000\" height=\"667\" srcset=\"https:\/\/interamerica.org\/wp-content\/uploads\/2026\/03\/josesmith-leadership-mar3.jpg 1000w, https:\/\/interamerica.org\/wp-content\/uploads\/2026\/03\/josesmith-leadership-mar3-300x200.jpg 300w, https:\/\/interamerica.org\/wp-content\/uploads\/2026\/03\/josesmith-leadership-mar3-768x512.jpg 768w\" sizes=\"(max-width: 1000px) 100vw, 1000px\" \/><p id=\"caption-attachment-140044\" class=\"wp-caption-text\">Jos\u00e9 Smith, pr\u00e9sident de l\u2019Union du Panama, explique comment les dirigeants d\u2019\u00e9glise au Panama se pr\u00e9parent \u00e0 d\u00e9velopper les centres de pr\u00e9dication et \u00e0 renforcer les initiatives d\u2019implantation d\u2019\u00e9glises \u00e0 travers le pays. [Photo : Daniel Gallardo\/DIA]<\/p><\/div>\u00ab Le moment est venu d\u2019arr\u00eater de jouer \u00e0 l\u2019\u00e9glise, \u00bb a d\u00e9clar\u00e9 Jos\u00e9 Smith. \u00ab Si nous voulons que le Christ revienne, nous devons nous investir pleinement dans la mission. \u00bb<\/p>\n<p>Pasteur Anthony Hall, de la F\u00e9d\u00e9ration de l\u2019Est de la Cara\u00efbe, qui sert en tant que pr\u00e9sident supervisant la Barbade et de la Dominique, a d\u00e9clar\u00e9 que le sommet \u00e9tait important car il permettait aux dirigeants des champs locaux de participer directement aux discussions qui fa\u00e7onneront l\u2019avenir de l\u2019\u00c9glise.<\/p>\n<p>\u00ab Cela me donne le sentiment que nos dirigeants se soucient de nous et veulent nous entendre, \u00bb a dit pasteur Hall. \u00ab Cela nous rappelle que l\u2019\u00c9glise avance lorsque chacun remplit son r\u00f4le et que nous travaillons ensemble. \u00bb<\/p>\n<p><div id=\"attachment_140054\" style=\"width: 1010px\" class=\"wp-caption aligncenter\"><img loading=\"lazy\" decoding=\"async\" aria-describedby=\"caption-attachment-140054\" class=\"size-full wp-image-140054\" src=\"https:\/\/interamerica.org\/wp-content\/uploads\/2026\/03\/antohonyhall-ecc-leadershipsummit-mar3.jpg\" alt=\"\" width=\"1000\" height=\"667\" srcset=\"https:\/\/interamerica.org\/wp-content\/uploads\/2026\/03\/antohonyhall-ecc-leadershipsummit-mar3.jpg 1000w, https:\/\/interamerica.org\/wp-content\/uploads\/2026\/03\/antohonyhall-ecc-leadershipsummit-mar3-300x200.jpg 300w, https:\/\/interamerica.org\/wp-content\/uploads\/2026\/03\/antohonyhall-ecc-leadershipsummit-mar3-768x512.jpg 768w\" sizes=\"(max-width: 1000px) 100vw, 1000px\" \/><p id=\"caption-attachment-140054\" class=\"wp-caption-text\">Pasteur Anthony Hall, pr\u00e9sident de la F\u00e9d\u00e9ration de l\u2019Est de la Cara\u00efbe, explique comment les dirigeants \u00e0 la Barbade et \u00e0 la Dominique pr\u00e9voient d\u2019impliquer les membres et les jeunes pour faire avancer les initiatives missionnaires de l\u2019\u00c9glise. [Photo : Daniel Gallardo\/DIA]<\/p><\/div>Pasteur Hall a d\u00e9clar\u00e9 que la mission avancera non seulement gr\u00e2ce aux m\u00e9dias et aux technologies, mais aussi gr\u00e2ce aux relations personnelles et \u00e0 l\u2019implication des congr\u00e9gations locales sur le terrain.<\/p>\n<p>\u00ab Cela se produira lorsque de vraies personnes partageront leurs exp\u00e9riences et parleront les uns avec les autres, \u00bb a-t-il d\u00e9clar\u00e9.<\/p>\n<p>Pour pasteur Henry Beltr\u00e1n, pr\u00e9sident de l\u2019Union du Sud de la Colombie, le sommet a renforc\u00e9 le sentiment que l\u2019\u00c9glise avance avec une plus grande unit\u00e9 et une plus grande clart\u00e9.<\/p>\n<p><div id=\"attachment_140045\" style=\"width: 1010px\" class=\"wp-caption aligncenter\"><img loading=\"lazy\" decoding=\"async\" aria-describedby=\"caption-attachment-140045\" class=\"size-full wp-image-140045\" src=\"https:\/\/interamerica.org\/wp-content\/uploads\/2026\/03\/henry-beltran-leadershipsummit-mar3.jpg\" alt=\"\" width=\"1000\" height=\"667\" srcset=\"https:\/\/interamerica.org\/wp-content\/uploads\/2026\/03\/henry-beltran-leadershipsummit-mar3.jpg 1000w, https:\/\/interamerica.org\/wp-content\/uploads\/2026\/03\/henry-beltran-leadershipsummit-mar3-300x200.jpg 300w, https:\/\/interamerica.org\/wp-content\/uploads\/2026\/03\/henry-beltran-leadershipsummit-mar3-768x512.jpg 768w\" sizes=\"(max-width: 1000px) 100vw, 1000px\" \/><p id=\"caption-attachment-140045\" class=\"wp-caption-text\">Pasteur Henry Beltr\u00e1n, pr\u00e9sident de l\u2019Union du Sud de la Colombie, a pr\u00e9sent\u00e9 les initiatives visant \u00e0 mobiliser des milliers de petits groupes et de membres pour soutenir les initiatives d\u2019\u00e9vang\u00e9lisation qui m\u00e8neront \u00e0 OneVoice 2027 (UneVoix2027). [Photo : Daniel Gallardo\/DIA]<\/p><\/div>\u00ab Plus que jamais, l\u2019\u00c9glise est unie autour d\u2019un plan strat\u00e9gique pour avancer ensemble dans la mission, \u00bb a d\u00e9clar\u00e9 Henry Beltr\u00e1n.<\/p>\n<p>Pasteur Beltr\u00e1n a indiqu\u00e9 que l\u2019union mobilise 13000 petits groupes et esp\u00e8re enregistrer 27000 bapt\u00eames d\u2019ici septembre 2027 dans le cadre de l\u2019initiative OneVoice27. \u00ab Aujourd\u2019hui plus que jamais, l\u2019\u00c9glise se concentre sur la pr\u00e9dication de l\u2019\u00e9vangile, \u00bb a-t-il dit.<\/p>\n<p><div id=\"attachment_140049\" style=\"width: 1010px\" class=\"wp-caption aligncenter\"><img loading=\"lazy\" decoding=\"async\" aria-describedby=\"caption-attachment-140049\" class=\"size-full wp-image-140049\" src=\"https:\/\/interamerica.org\/wp-content\/uploads\/2026\/03\/iad-leadership-summit-group-photo.jpg\" alt=\"\" width=\"1000\" height=\"448\" srcset=\"https:\/\/interamerica.org\/wp-content\/uploads\/2026\/03\/iad-leadership-summit-group-photo.jpg 1000w, https:\/\/interamerica.org\/wp-content\/uploads\/2026\/03\/iad-leadership-summit-group-photo-300x134.jpg 300w, https:\/\/interamerica.org\/wp-content\/uploads\/2026\/03\/iad-leadership-summit-group-photo-768x344.jpg 768w\" sizes=\"(max-width: 1000px) 100vw, 1000px\" \/><p id=\"caption-attachment-140049\" class=\"wp-caption-text\">Pr\u00e8s de 600 administrateurs adventistes du septi\u00e8me jour, venus de toute la Division Inter Am\u00e9ricaine, se r\u00e9unissent pour une photo de groupe lors du sommet sur le leadership qui s\u2019est tenu \u00e0 Riviera Maya, dans l\u2019\u00e9tat de Quintana Roo, au Mexique, du 1er au 3 mars 2026. Les dirigeants y ont examin\u00e9 les priorit\u00e9s strat\u00e9giques de la mission pour les cinq prochaines ann\u00e9es. [Photo : Daniel Gallardo\/DIA]<\/p><\/div>\u00c0 la fin du sommet, les dirigeants se sont mis debout ensemble pour un moment de cons\u00e9cration, et pour r\u00e9affirmer leur engagement : <em>J\u2019Irai \u2013 en Vivant la Mission<\/em>.<\/p>\n<p>\u00ab Nous sommes ici parce que nous partageons un m\u00eame engagement, \u00bb a d\u00e9clar\u00e9 pasteur De Los Santos. \u00ab Un engagement \u00e0 aller et \u00e0 motiver l\u2019\u00c9glise \u00e0 vivre la mission, car J\u00e9sus revient bient\u00f4t, \u00bb a-t-il d\u00e9clar\u00e9.<\/p>\n<p>Traduction: Patrick Luciathe<\/p>\n","protected":false},"excerpt":{"rendered":"<p>Pr\u00e8s de 600 administrateurs examinent les priorit\u00e9s strat\u00e9giques et les initiatives visant \u00e0 consolider la mission dans toute l\u2019Inter Am\u00e9rique jusqu\u2019en 2030. 6 mars 2026 | Riviera Maya, Quintana Roo,&#8230;<\/p>\n","protected":false},"author":3,"featured_media":140137,"comment_status":"closed","ping_status":"closed","sticky":false,"template":"","format":"standard","meta":{"_acf_changed":false,"footnotes":""},"categories":[20,19],"tags":[],"class_list":["post-140136","post","type-post","status-publish","format-standard","has-post-thumbnail","hentry","category-nouvelles-du-siege-de-la-division","category-rss-francais"],"acf":[],"yoast_head":"<!-- This site is optimized with the Yoast SEO plugin v27.3 - https:\/\/yoast.com\/product\/yoast-seo-wordpress\/ -->\n<title>Les dirigeants de la DIA s\u2019engagent \u00e0 mobiliser l\u2019\u00c9glise pour la mission sur l\u2019ensemble du territoire - \u00c9glise Adventiste Du Septieme Jour - Inter Am\u00e9rique Division<\/title>\n<meta name=\"robots\" content=\"index, follow, max-snippet:-1, max-image-preview:large, max-video-preview:-1\" \/>\n<link rel=\"canonical\" href=\"https:\/\/interamerica.org\/fr\/2026\/03\/les-dirigeants-de-la-dia-sengagent-a-mobiliser-leglise-pour-la-mission-sur-lensemble-du-territoire\/\" \/>\n<meta property=\"og:locale\" content=\"fr_FR\" \/>\n<meta property=\"og:type\" content=\"article\" \/>\n<meta property=\"og:title\" content=\"Les dirigeants de la DIA s\u2019engagent \u00e0 mobiliser l\u2019\u00c9glise pour la mission sur l\u2019ensemble du territoire - \u00c9glise Adventiste Du Septieme Jour - Inter Am\u00e9rique Division\" \/>\n<meta property=\"og:description\" content=\"Pr\u00e8s de 600 administrateurs examinent les priorit\u00e9s strat\u00e9giques et les initiatives visant \u00e0 consolider la mission dans toute l\u2019Inter Am\u00e9rique jusqu\u2019en 2030. 6 mars 2026 | Riviera Maya, Quintana Roo,...\" \/>\n<meta property=\"og:url\" content=\"https:\/\/interamerica.org\/fr\/2026\/03\/les-dirigeants-de-la-dia-sengagent-a-mobiliser-leglise-pour-la-mission-sur-lensemble-du-territoire\/\" \/>\n<meta property=\"og:site_name\" content=\"\u00c9glise Adventiste Du Septieme Jour - Inter Am\u00e9rique Division\" \/>\n<meta property=\"article:published_time\" content=\"2026-03-06T22:40:18+00:00\" \/>\n<meta property=\"article:modified_time\" content=\"2026-03-07T21:40:38+00:00\" \/>\n<meta property=\"og:image\" content=\"https:\/\/interamerica.org\/wp-content\/uploads\/2026\/03\/abrahamsandoval-impact26-leadershipsummit.jpg\" \/>\n\t<meta property=\"og:image:width\" content=\"1000\" \/>\n\t<meta property=\"og:image:height\" content=\"667\" \/>\n\t<meta property=\"og:image:type\" content=\"image\/jpeg\" \/>\n<meta name=\"author\" content=\"libna\" \/>\n<meta name=\"twitter:card\" content=\"summary_large_image\" \/>\n<meta name=\"twitter:label1\" content=\"\u00c9crit par\" \/>\n\t<meta name=\"twitter:data1\" content=\"libna\" \/>\n\t<meta name=\"twitter:label2\" content=\"Dur\u00e9e de lecture estim\u00e9e\" \/>\n\t<meta name=\"twitter:data2\" content=\"18 minutes\" \/>\n<script type=\"application\/ld+json\" class=\"yoast-schema-graph\">{\"@context\":\"https:\\\/\\\/schema.org\",\"@graph\":[{\"@type\":\"Article\",\"@id\":\"https:\\\/\\\/interamerica.org\\\/fr\\\/2026\\\/03\\\/les-dirigeants-de-la-dia-sengagent-a-mobiliser-leglise-pour-la-mission-sur-lensemble-du-territoire\\\/#article\",\"isPartOf\":{\"@id\":\"https:\\\/\\\/interamerica.org\\\/fr\\\/2026\\\/03\\\/les-dirigeants-de-la-dia-sengagent-a-mobiliser-leglise-pour-la-mission-sur-lensemble-du-territoire\\\/\"},\"author\":{\"name\":\"libna\",\"@id\":\"https:\\\/\\\/interamerica.org\\\/fr\\\/#\\\/schema\\\/person\\\/29998f2bc2d8bd0d38662909289b54f1\"},\"headline\":\"Les dirigeants de la DIA s\u2019engagent \u00e0 mobiliser l\u2019\u00c9glise pour la mission sur l\u2019ensemble du territoire\",\"datePublished\":\"2026-03-06T22:40:18+00:00\",\"dateModified\":\"2026-03-07T21:40:38+00:00\",\"mainEntityOfPage\":{\"@id\":\"https:\\\/\\\/interamerica.org\\\/fr\\\/2026\\\/03\\\/les-dirigeants-de-la-dia-sengagent-a-mobiliser-leglise-pour-la-mission-sur-lensemble-du-territoire\\\/\"},\"wordCount\":3596,\"image\":{\"@id\":\"https:\\\/\\\/interamerica.org\\\/fr\\\/2026\\\/03\\\/les-dirigeants-de-la-dia-sengagent-a-mobiliser-leglise-pour-la-mission-sur-lensemble-du-territoire\\\/#primaryimage\"},\"thumbnailUrl\":\"https:\\\/\\\/interamerica.org\\\/wp-content\\\/uploads\\\/2026\\\/03\\\/abrahamsandoval-impact26-leadershipsummit.jpg\",\"articleSection\":[\"Nouvelles du si\u00e8ge de la division\",\"RSS Fran\u00e7ais\"],\"inLanguage\":\"fr-FR\"},{\"@type\":\"WebPage\",\"@id\":\"https:\\\/\\\/interamerica.org\\\/fr\\\/2026\\\/03\\\/les-dirigeants-de-la-dia-sengagent-a-mobiliser-leglise-pour-la-mission-sur-lensemble-du-territoire\\\/\",\"url\":\"https:\\\/\\\/interamerica.org\\\/fr\\\/2026\\\/03\\\/les-dirigeants-de-la-dia-sengagent-a-mobiliser-leglise-pour-la-mission-sur-lensemble-du-territoire\\\/\",\"name\":\"Les dirigeants de la DIA s\u2019engagent \u00e0 mobiliser l\u2019\u00c9glise pour la mission sur l\u2019ensemble du territoire - \u00c9glise Adventiste Du Septieme Jour - Inter Am\u00e9rique Division\",\"isPartOf\":{\"@id\":\"https:\\\/\\\/interamerica.org\\\/fr\\\/#website\"},\"primaryImageOfPage\":{\"@id\":\"https:\\\/\\\/interamerica.org\\\/fr\\\/2026\\\/03\\\/les-dirigeants-de-la-dia-sengagent-a-mobiliser-leglise-pour-la-mission-sur-lensemble-du-territoire\\\/#primaryimage\"},\"image\":{\"@id\":\"https:\\\/\\\/interamerica.org\\\/fr\\\/2026\\\/03\\\/les-dirigeants-de-la-dia-sengagent-a-mobiliser-leglise-pour-la-mission-sur-lensemble-du-territoire\\\/#primaryimage\"},\"thumbnailUrl\":\"https:\\\/\\\/interamerica.org\\\/wp-content\\\/uploads\\\/2026\\\/03\\\/abrahamsandoval-impact26-leadershipsummit.jpg\",\"datePublished\":\"2026-03-06T22:40:18+00:00\",\"dateModified\":\"2026-03-07T21:40:38+00:00\",\"author\":{\"@id\":\"https:\\\/\\\/interamerica.org\\\/fr\\\/#\\\/schema\\\/person\\\/29998f2bc2d8bd0d38662909289b54f1\"},\"breadcrumb\":{\"@id\":\"https:\\\/\\\/interamerica.org\\\/fr\\\/2026\\\/03\\\/les-dirigeants-de-la-dia-sengagent-a-mobiliser-leglise-pour-la-mission-sur-lensemble-du-territoire\\\/#breadcrumb\"},\"inLanguage\":\"fr-FR\",\"potentialAction\":[{\"@type\":\"ReadAction\",\"target\":[\"https:\\\/\\\/interamerica.org\\\/fr\\\/2026\\\/03\\\/les-dirigeants-de-la-dia-sengagent-a-mobiliser-leglise-pour-la-mission-sur-lensemble-du-territoire\\\/\"]}]},{\"@type\":\"ImageObject\",\"inLanguage\":\"fr-FR\",\"@id\":\"https:\\\/\\\/interamerica.org\\\/fr\\\/2026\\\/03\\\/les-dirigeants-de-la-dia-sengagent-a-mobiliser-leglise-pour-la-mission-sur-lensemble-du-territoire\\\/#primaryimage\",\"url\":\"https:\\\/\\\/interamerica.org\\\/wp-content\\\/uploads\\\/2026\\\/03\\\/abrahamsandoval-impact26-leadershipsummit.jpg\",\"contentUrl\":\"https:\\\/\\\/interamerica.org\\\/wp-content\\\/uploads\\\/2026\\\/03\\\/abrahamsandoval-impact26-leadershipsummit.jpg\",\"width\":1000,\"height\":667,\"caption\":\"[Photo: Daniel Gallardo\\\/DIA]\"},{\"@type\":\"BreadcrumbList\",\"@id\":\"https:\\\/\\\/interamerica.org\\\/fr\\\/2026\\\/03\\\/les-dirigeants-de-la-dia-sengagent-a-mobiliser-leglise-pour-la-mission-sur-lensemble-du-territoire\\\/#breadcrumb\",\"itemListElement\":[{\"@type\":\"ListItem\",\"position\":1,\"name\":\"Home\",\"item\":\"https:\\\/\\\/interamerica.org\\\/fr\\\/\"},{\"@type\":\"ListItem\",\"position\":2,\"name\":\"Les dirigeants de la DIA s\u2019engagent \u00e0 mobiliser l\u2019\u00c9glise pour la mission sur l\u2019ensemble du territoire\"}]},{\"@type\":\"WebSite\",\"@id\":\"https:\\\/\\\/interamerica.org\\\/fr\\\/#website\",\"url\":\"https:\\\/\\\/interamerica.org\\\/fr\\\/\",\"name\":\"\u00c9glise Adventiste Du Septieme Jour - Inter Am\u00e9rique Division\",\"description\":\"\",\"potentialAction\":[{\"@type\":\"SearchAction\",\"target\":{\"@type\":\"EntryPoint\",\"urlTemplate\":\"https:\\\/\\\/interamerica.org\\\/fr\\\/?s={search_term_string}\"},\"query-input\":{\"@type\":\"PropertyValueSpecification\",\"valueRequired\":true,\"valueName\":\"search_term_string\"}}],\"inLanguage\":\"fr-FR\"},{\"@type\":\"Person\",\"@id\":\"https:\\\/\\\/interamerica.org\\\/fr\\\/#\\\/schema\\\/person\\\/29998f2bc2d8bd0d38662909289b54f1\",\"name\":\"libna\",\"image\":{\"@type\":\"ImageObject\",\"inLanguage\":\"fr-FR\",\"@id\":\"https:\\\/\\\/secure.gravatar.com\\\/avatar\\\/7c5bd30ae4b47a9ba3c856590957fd1d96dc588bf3ac05719d247e126840331f?s=96&d=mm&r=g\",\"url\":\"https:\\\/\\\/secure.gravatar.com\\\/avatar\\\/7c5bd30ae4b47a9ba3c856590957fd1d96dc588bf3ac05719d247e126840331f?s=96&d=mm&r=g\",\"contentUrl\":\"https:\\\/\\\/secure.gravatar.com\\\/avatar\\\/7c5bd30ae4b47a9ba3c856590957fd1d96dc588bf3ac05719d247e126840331f?s=96&d=mm&r=g\",\"caption\":\"libna\"}}]}<\/script>\n<!-- \/ Yoast SEO plugin. -->","yoast_head_json":{"title":"Les dirigeants de la DIA s\u2019engagent \u00e0 mobiliser l\u2019\u00c9glise pour la mission sur l\u2019ensemble du territoire - \u00c9glise Adventiste Du Septieme Jour - Inter Am\u00e9rique Division","robots":{"index":"index","follow":"follow","max-snippet":"max-snippet:-1","max-image-preview":"max-image-preview:large","max-video-preview":"max-video-preview:-1"},"canonical":"https:\/\/interamerica.org\/fr\/2026\/03\/les-dirigeants-de-la-dia-sengagent-a-mobiliser-leglise-pour-la-mission-sur-lensemble-du-territoire\/","og_locale":"fr_FR","og_type":"article","og_title":"Les dirigeants de la DIA s\u2019engagent \u00e0 mobiliser l\u2019\u00c9glise pour la mission sur l\u2019ensemble du territoire - \u00c9glise Adventiste Du Septieme Jour - Inter Am\u00e9rique Division","og_description":"Pr\u00e8s de 600 administrateurs examinent les priorit\u00e9s strat\u00e9giques et les initiatives visant \u00e0 consolider la mission dans toute l\u2019Inter Am\u00e9rique jusqu\u2019en 2030. 6 mars 2026 | Riviera Maya, Quintana Roo,...","og_url":"https:\/\/interamerica.org\/fr\/2026\/03\/les-dirigeants-de-la-dia-sengagent-a-mobiliser-leglise-pour-la-mission-sur-lensemble-du-territoire\/","og_site_name":"\u00c9glise Adventiste Du Septieme Jour - Inter Am\u00e9rique Division","article_published_time":"2026-03-06T22:40:18+00:00","article_modified_time":"2026-03-07T21:40:38+00:00","og_image":[{"width":1000,"height":667,"url":"https:\/\/interamerica.org\/wp-content\/uploads\/2026\/03\/abrahamsandoval-impact26-leadershipsummit.jpg","type":"image\/jpeg"}],"author":"libna","twitter_card":"summary_large_image","twitter_misc":{"\u00c9crit par":"libna","Dur\u00e9e de lecture estim\u00e9e":"18 minutes"},"schema":{"@context":"https:\/\/schema.org","@graph":[{"@type":"Article","@id":"https:\/\/interamerica.org\/fr\/2026\/03\/les-dirigeants-de-la-dia-sengagent-a-mobiliser-leglise-pour-la-mission-sur-lensemble-du-territoire\/#article","isPartOf":{"@id":"https:\/\/interamerica.org\/fr\/2026\/03\/les-dirigeants-de-la-dia-sengagent-a-mobiliser-leglise-pour-la-mission-sur-lensemble-du-territoire\/"},"author":{"name":"libna","@id":"https:\/\/interamerica.org\/fr\/#\/schema\/person\/29998f2bc2d8bd0d38662909289b54f1"},"headline":"Les dirigeants de la DIA s\u2019engagent \u00e0 mobiliser l\u2019\u00c9glise pour la mission sur l\u2019ensemble du territoire","datePublished":"2026-03-06T22:40:18+00:00","dateModified":"2026-03-07T21:40:38+00:00","mainEntityOfPage":{"@id":"https:\/\/interamerica.org\/fr\/2026\/03\/les-dirigeants-de-la-dia-sengagent-a-mobiliser-leglise-pour-la-mission-sur-lensemble-du-territoire\/"},"wordCount":3596,"image":{"@id":"https:\/\/interamerica.org\/fr\/2026\/03\/les-dirigeants-de-la-dia-sengagent-a-mobiliser-leglise-pour-la-mission-sur-lensemble-du-territoire\/#primaryimage"},"thumbnailUrl":"https:\/\/interamerica.org\/wp-content\/uploads\/2026\/03\/abrahamsandoval-impact26-leadershipsummit.jpg","articleSection":["Nouvelles du si\u00e8ge de la division","RSS Fran\u00e7ais"],"inLanguage":"fr-FR"},{"@type":"WebPage","@id":"https:\/\/interamerica.org\/fr\/2026\/03\/les-dirigeants-de-la-dia-sengagent-a-mobiliser-leglise-pour-la-mission-sur-lensemble-du-territoire\/","url":"https:\/\/interamerica.org\/fr\/2026\/03\/les-dirigeants-de-la-dia-sengagent-a-mobiliser-leglise-pour-la-mission-sur-lensemble-du-territoire\/","name":"Les dirigeants de la DIA s\u2019engagent \u00e0 mobiliser l\u2019\u00c9glise pour la mission sur l\u2019ensemble du territoire - \u00c9glise Adventiste Du Septieme Jour - Inter Am\u00e9rique Division","isPartOf":{"@id":"https:\/\/interamerica.org\/fr\/#website"},"primaryImageOfPage":{"@id":"https:\/\/interamerica.org\/fr\/2026\/03\/les-dirigeants-de-la-dia-sengagent-a-mobiliser-leglise-pour-la-mission-sur-lensemble-du-territoire\/#primaryimage"},"image":{"@id":"https:\/\/interamerica.org\/fr\/2026\/03\/les-dirigeants-de-la-dia-sengagent-a-mobiliser-leglise-pour-la-mission-sur-lensemble-du-territoire\/#primaryimage"},"thumbnailUrl":"https:\/\/interamerica.org\/wp-content\/uploads\/2026\/03\/abrahamsandoval-impact26-leadershipsummit.jpg","datePublished":"2026-03-06T22:40:18+00:00","dateModified":"2026-03-07T21:40:38+00:00","author":{"@id":"https:\/\/interamerica.org\/fr\/#\/schema\/person\/29998f2bc2d8bd0d38662909289b54f1"},"breadcrumb":{"@id":"https:\/\/interamerica.org\/fr\/2026\/03\/les-dirigeants-de-la-dia-sengagent-a-mobiliser-leglise-pour-la-mission-sur-lensemble-du-territoire\/#breadcrumb"},"inLanguage":"fr-FR","potentialAction":[{"@type":"ReadAction","target":["https:\/\/interamerica.org\/fr\/2026\/03\/les-dirigeants-de-la-dia-sengagent-a-mobiliser-leglise-pour-la-mission-sur-lensemble-du-territoire\/"]}]},{"@type":"ImageObject","inLanguage":"fr-FR","@id":"https:\/\/interamerica.org\/fr\/2026\/03\/les-dirigeants-de-la-dia-sengagent-a-mobiliser-leglise-pour-la-mission-sur-lensemble-du-territoire\/#primaryimage","url":"https:\/\/interamerica.org\/wp-content\/uploads\/2026\/03\/abrahamsandoval-impact26-leadershipsummit.jpg","contentUrl":"https:\/\/interamerica.org\/wp-content\/uploads\/2026\/03\/abrahamsandoval-impact26-leadershipsummit.jpg","width":1000,"height":667,"caption":"[Photo: Daniel Gallardo\/DIA]"},{"@type":"BreadcrumbList","@id":"https:\/\/interamerica.org\/fr\/2026\/03\/les-dirigeants-de-la-dia-sengagent-a-mobiliser-leglise-pour-la-mission-sur-lensemble-du-territoire\/#breadcrumb","itemListElement":[{"@type":"ListItem","position":1,"name":"Home","item":"https:\/\/interamerica.org\/fr\/"},{"@type":"ListItem","position":2,"name":"Les dirigeants de la DIA s\u2019engagent \u00e0 mobiliser l\u2019\u00c9glise pour la mission sur l\u2019ensemble du territoire"}]},{"@type":"WebSite","@id":"https:\/\/interamerica.org\/fr\/#website","url":"https:\/\/interamerica.org\/fr\/","name":"\u00c9glise Adventiste Du Septieme Jour - Inter Am\u00e9rique Division","description":"","potentialAction":[{"@type":"SearchAction","target":{"@type":"EntryPoint","urlTemplate":"https:\/\/interamerica.org\/fr\/?s={search_term_string}"},"query-input":{"@type":"PropertyValueSpecification","valueRequired":true,"valueName":"search_term_string"}}],"inLanguage":"fr-FR"},{"@type":"Person","@id":"https:\/\/interamerica.org\/fr\/#\/schema\/person\/29998f2bc2d8bd0d38662909289b54f1","name":"libna","image":{"@type":"ImageObject","inLanguage":"fr-FR","@id":"https:\/\/secure.gravatar.com\/avatar\/7c5bd30ae4b47a9ba3c856590957fd1d96dc588bf3ac05719d247e126840331f?s=96&d=mm&r=g","url":"https:\/\/secure.gravatar.com\/avatar\/7c5bd30ae4b47a9ba3c856590957fd1d96dc588bf3ac05719d247e126840331f?s=96&d=mm&r=g","contentUrl":"https:\/\/secure.gravatar.com\/avatar\/7c5bd30ae4b47a9ba3c856590957fd1d96dc588bf3ac05719d247e126840331f?s=96&d=mm&r=g","caption":"libna"}}]}},"_links":{"self":[{"href":"https:\/\/interamerica.org\/fr\/wp-json\/wp\/v2\/posts\/140136","targetHints":{"allow":["GET"]}}],"collection":[{"href":"https:\/\/interamerica.org\/fr\/wp-json\/wp\/v2\/posts"}],"about":[{"href":"https:\/\/interamerica.org\/fr\/wp-json\/wp\/v2\/types\/post"}],"author":[{"embeddable":true,"href":"https:\/\/interamerica.org\/fr\/wp-json\/wp\/v2\/users\/3"}],"replies":[{"embeddable":true,"href":"https:\/\/interamerica.org\/fr\/wp-json\/wp\/v2\/comments?post=140136"}],"version-history":[{"count":1,"href":"https:\/\/interamerica.org\/fr\/wp-json\/wp\/v2\/posts\/140136\/revisions"}],"predecessor-version":[{"id":140161,"href":"https:\/\/interamerica.org\/fr\/wp-json\/wp\/v2\/posts\/140136\/revisions\/140161"}],"wp:featuredmedia":[{"embeddable":true,"href":"https:\/\/interamerica.org\/fr\/wp-json\/wp\/v2\/media\/140137"}],"wp:attachment":[{"href":"https:\/\/interamerica.org\/fr\/wp-json\/wp\/v2\/media?parent=140136"}],"wp:term":[{"taxonomy":"category","embeddable":true,"href":"https:\/\/interamerica.org\/fr\/wp-json\/wp\/v2\/categories?post=140136"},{"taxonomy":"post_tag","embeddable":true,"href":"https:\/\/interamerica.org\/fr\/wp-json\/wp\/v2\/tags?post=140136"}],"curies":[{"name":"wp","href":"https:\/\/api.w.org\/{rel}","templated":true}]}}