{"id":140229,"date":"2026-03-09T21:17:32","date_gmt":"2026-03-10T01:17:32","guid":{"rendered":"https:\/\/interamerica.org\/?p=140229"},"modified":"2026-03-10T06:10:07","modified_gmt":"2026-03-10T10:10:07","slug":"le-festival-des-missions-inspire-les-etudiants-de-luniversite-de-montemorelos-a-servir-dans-le-monde-entier","status":"publish","type":"post","link":"https:\/\/interamerica.org\/fr\/2026\/03\/le-festival-des-missions-inspire-les-etudiants-de-luniversite-de-montemorelos-a-servir-dans-le-monde-entier\/","title":{"rendered":"Le Festival des Missions inspire les \u00e9tudiants de l\u2019Universit\u00e9 de Montemorelos \u00e0 servir dans le monde entier"},"content":{"rendered":"<p><div id=\"attachment_140176\" style=\"width: 940px\" class=\"wp-caption aligncenter\"><img fetchpriority=\"high\" decoding=\"async\" aria-describedby=\"caption-attachment-140176\" class=\" wp-image-140176\" src=\"https:\/\/interamerica.org\/wp-content\/uploads\/2026\/03\/um-festivalmissionsimg-kirowb2xmv5tnlaf-1024x683.jpeg\" alt=\"\" width=\"930\" height=\"620\" srcset=\"https:\/\/interamerica.org\/wp-content\/uploads\/2026\/03\/um-festivalmissionsimg-kirowb2xmv5tnlaf-1024x683.jpeg 1024w, https:\/\/interamerica.org\/wp-content\/uploads\/2026\/03\/um-festivalmissionsimg-kirowb2xmv5tnlaf-300x200.jpeg 300w, https:\/\/interamerica.org\/wp-content\/uploads\/2026\/03\/um-festivalmissionsimg-kirowb2xmv5tnlaf-768x512.jpeg 768w, https:\/\/interamerica.org\/wp-content\/uploads\/2026\/03\/um-festivalmissionsimg-kirowb2xmv5tnlaf-1536x1024.jpeg 1536w, https:\/\/interamerica.org\/wp-content\/uploads\/2026\/03\/um-festivalmissionsimg-kirowb2xmv5tnlaf-2048x1366.jpeg 2048w\" sizes=\"(max-width: 930px) 100vw, 930px\" \/><p id=\"caption-attachment-140176\" class=\"wp-caption-text\">Un groupe musical form\u00e9 d\u2019\u00e9tudiants interpr\u00e8te un morceau dans le style musical africain lors du programme du sabbat matin du Festival des Missions \u00e0 l\u2019Universit\u00e9 de Montemorelos, le 28 f\u00e9vrier 2026. [Photo : Dania Guti\u00e9rrez\/Universit\u00e9 de Montemorelos]<\/p><\/div><em>Ce rassemblement autour de la mission motive 34 \u00e9tudiants \u00e0 entamer le processus pour entrer dans le service interculturel.<\/em>.<\/p>\n<p>9 mars 2026 | Montemorelos, Nuevo Le\u00f3n, Mexique | Laura Marrero et l\u2019\u00e9quipe de r\u00e9daction de la DIA<\/p>\n<p>Pendant quelques instants, l\u2019\u00e9glise de l\u2019universit\u00e9 a paru se transformer en terminal d\u2019a\u00e9roport. Le son pr\u00e9c\u00e9dant les annonces d\u2019embarquement a bris\u00e9 le silence et \u00e9veill\u00e9 la curiosit\u00e9 des personnes pr\u00e9sentes. Il ne s\u2019agissait pas d\u2019un voyage touristique, mais d\u2019un appel \u00e0 franchir les fronti\u00e8res pour la mission. Cela d\u00e9crit bien l\u2019atmosph\u00e8re lors du Festival des Missions \u00e0 l\u2019Universit\u00e9 de Montemorelos, \u00e0 Montemorelos, dans le Nuevo Le\u00f3n, au Mexique.<\/p>\n<p>Le programme a r\u00e9uni toute la communaut\u00e9 universitaire \u2013 \u00e9tudiants, professeurs, personnel administratif et membres d\u2019\u00e9glise de la communaut\u00e9 de Montemorelos \u2013 pour une exp\u00e9rience ax\u00e9e sur le service interculturel et l\u2019engagement envers la mission mondiale, les 27 et 28 f\u00e9vrier.<\/p>\n<p><div id=\"attachment_140180\" style=\"width: 937px\" class=\"wp-caption aligncenter\"><img decoding=\"async\" aria-describedby=\"caption-attachment-140180\" class=\" wp-image-140180\" src=\"https:\/\/interamerica.org\/wp-content\/uploads\/2026\/03\/festival-mission-header.jpg\" alt=\"\" width=\"927\" height=\"617\" srcset=\"https:\/\/interamerica.org\/wp-content\/uploads\/2026\/03\/festival-mission-header.jpg 1000w, https:\/\/interamerica.org\/wp-content\/uploads\/2026\/03\/festival-mission-header-300x200.jpg 300w, https:\/\/interamerica.org\/wp-content\/uploads\/2026\/03\/festival-mission-header-768x511.jpg 768w\" sizes=\"(max-width: 927px) 100vw, 927px\" \/><p id=\"caption-attachment-140180\" class=\"wp-caption-text\">Pasteur Ted N.C. Wilson, ancien pr\u00e9sident de l\u2019\u00c9glise adventiste du septi\u00e8me jour au niveau mondial (\u00e0 droite), intervient lors du programme du sabbat matin du Festival des Missions \u00e0 l\u2019Universit\u00e9 de Montemorelos, et est traduit par Ekel Collins, professeur retrait\u00e9 de l\u2019universit\u00e9 (\u00e0 gauche). [Photo : Christopher Castellanos\/Universit\u00e9 de Montemorelos]<\/p><\/div><strong>Un appel \u00e0 voir grand pour la mission<\/strong><\/p>\n<p>L\u2019ancien pr\u00e9sident de la Conf\u00e9rence G\u00e9n\u00e9rale, pasteur Ted N.C. Wilson, l\u2019un des orateurs principaux, a encourag\u00e9 les \u00e9tudiants \u00e0 conserver une vision large et globale de l\u2019appel chr\u00e9tien.<\/p>\n<p>\u00ab Lorsque vous participez \u00e0 la mission de Dieu, vous devez avoir de grands r\u00eaves, \u00bb a dit Ted Wilson lors de son message du sabbat matin.<\/p>\n<p>Utilisant l\u2019histoire biblique de Joseph, Ted Wilson a rappel\u00e9 \u00e0 l\u2019auditoire que la fid\u00e9lit\u00e9 au dessein de Dieu peut impliquer des difficult\u00e9s, mais ne devrait jamais conduire \u00e0 abandonner la mission.<\/p>\n<p>\u00ab Dans votre mission, vous vous retrouverez peut-\u00eatre souvent dans le donjon ou dans le trou, \u00bb a-t-il d\u00e9clar\u00e9. \u00ab Mais si vous demeurez fid\u00e8les, lorsque J\u00e9sus reviendra, il vous conduira dans les parvis c\u00e9lestes. \u00bb<\/p>\n<p><div id=\"attachment_140178\" style=\"width: 905px\" class=\"wp-caption aligncenter\"><img decoding=\"async\" aria-describedby=\"caption-attachment-140178\" class=\" wp-image-140178\" src=\"https:\/\/interamerica.org\/wp-content\/uploads\/2026\/03\/um-singers-festivalmission.jpg\" alt=\"\" width=\"895\" height=\"598\" srcset=\"https:\/\/interamerica.org\/wp-content\/uploads\/2026\/03\/um-singers-festivalmission.jpg 1000w, https:\/\/interamerica.org\/wp-content\/uploads\/2026\/03\/um-singers-festivalmission-300x200.jpg 300w, https:\/\/interamerica.org\/wp-content\/uploads\/2026\/03\/um-singers-festivalmission-768x513.jpg 768w\" sizes=\"(max-width: 895px) 100vw, 895px\" \/><p id=\"caption-attachment-140178\" class=\"wp-caption-text\">Un groupe musical se produit lors du programme du Festival des Missions, le 28 f\u00e9vrier 2026, \u00e0 l\u2019Universit\u00e9 de Montemorelos. [Photo : Dania Guti\u00e9rrez\/Universit\u00e9 de Montemorelos]<\/p><\/div>Ted Wilson a \u00e9galement salu\u00e9 l\u2019engagement de longue date de l\u2019Universit\u00e9 de Montemorelos envers la mission.<\/p>\n<p>\u00ab Cette universit\u00e9 n\u2019a jamais h\u00e9sit\u00e9 lorsqu\u2019il s\u2019agissait de se concentrer sur la mission, de voir grand et de nourrir de grandes ambitions, \u00bb a-t-il indiqu\u00e9.<\/p>\n<p>Lors d\u2019une pr\u00e9sentation faite l\u2019apr\u00e8s-midi, Ted Wilson a retrac\u00e9 l\u2019histoire du mouvement missionnaire adventiste, faisant remarquer que 150 ans se sont \u00e9coul\u00e9s depuis l\u2019envoi du premier missionnaire adventiste officiel, John N. Andrews, en Suisse en 1874. Ce moment a marqu\u00e9 le d\u00e9but officiel de l\u2019action missionnaire mondiale de l\u2019\u00c9glise.<\/p>\n<p>Ted Wilson a soulign\u00e9 \u00e0 quel point il \u00e9tait important de pr\u00e9server une identit\u00e9 spirituelle claire, ancr\u00e9e dans Apocalypse 12 :17 et 19 :10, qui d\u00e9crivent la mission du peuple du reste suscit\u00e9 par Dieu.<\/p>\n<p>Il a \u00e9galement mis en lumi\u00e8re trois principes essentiels pour les missionnaires \u0153uvrant dans des contextes interculturels :<\/p>\n<p>\u00ab S\u2019adapter, s\u2019adapter et s\u2019adapter. \u00bb<\/p>\n<p><div id=\"attachment_140179\" style=\"width: 910px\" class=\"wp-caption aligncenter\"><img loading=\"lazy\" decoding=\"async\" aria-describedby=\"caption-attachment-140179\" class=\" wp-image-140179\" src=\"https:\/\/interamerica.org\/wp-content\/uploads\/2026\/03\/ted-wilson-um-festival-mission-2026.jpg\" alt=\"\" width=\"900\" height=\"600\" srcset=\"https:\/\/interamerica.org\/wp-content\/uploads\/2026\/03\/ted-wilson-um-festival-mission-2026.jpg 1000w, https:\/\/interamerica.org\/wp-content\/uploads\/2026\/03\/ted-wilson-um-festival-mission-2026-300x200.jpg 300w, https:\/\/interamerica.org\/wp-content\/uploads\/2026\/03\/ted-wilson-um-festival-mission-2026-768x512.jpg 768w\" sizes=\"(max-width: 900px) 100vw, 900px\" \/><p id=\"caption-attachment-140179\" class=\"wp-caption-text\">Pasteur Ted N.C. Wilson, ancien pr\u00e9sident de l\u2019\u00c9glise adventiste du septi\u00e8me jour, encourage les \u00e9tudiants \u00e0 s\u2019approprier la mission de Dieu lors du Festival des Missions qui s\u2019est tenu \u00e0 l\u2019Universit\u00e9 de Montemorelos. [Photo : Daniel Gallardo\/DIA]<\/p><\/div>Respecter les cultures, apprendre les langues et contextualiser le message de l\u2019\u00e9vangile sans compromettre les principes bibliques, a-t-il affirm\u00e9, sont essentiels pour un travail missionnaire efficace.<\/p>\n<p><strong>La mission au del\u00e0 des fronti\u00e8res <\/strong><\/p>\n<p>Pasteur Joni De Oliveira, secr\u00e9taire ex\u00e9cutif adjoint de Mission Adventiste pour la Division de l\u2019Asie du Sud, a encourag\u00e9 les participants \u00e0 faire confiance \u00e0 la direction divine lorsqu\u2019ils r\u00e9pondent \u00e0 l\u2019appel missionnaire.<\/p>\n<p>Dans un message bas\u00e9 sur Actes 18, pasteur De Oliveira a mis en lumi\u00e8re quatre certitudes pour ceux qui r\u00e9pondent \u00e0 l\u2019appel missionnaire : il y aura de l\u2019opposition \u00e0 l\u2019\u00e9vangile, mais il y aura aussi des gens pr\u00eats \u00e0 ouvrir leurs portes et leurs c\u0153urs ; un travail fid\u00e8le produit des r\u00e9sultats ; et la pr\u00e9sence de Dieu demeure constante.<\/p>\n<p>\u00ab Ne vous inqui\u00e9tez pas en vous demandant : \u2018Que vais-je faire l\u00e0-bas ?\u2019 ou \u2018Qui vais-je rencontrer l\u00e0-bas ?\u2019 \u00bb a dit pasteur De Oliveira. \u00ab Votre pr\u00e9occupation devrait \u00eatre de dire : \u2018Seigneur, me voici, envoie-moi.\u2019 \u00bb<\/p>\n<p><div id=\"attachment_140175\" style=\"width: 911px\" class=\"wp-caption aligncenter\"><img loading=\"lazy\" decoding=\"async\" aria-describedby=\"caption-attachment-140175\" class=\" wp-image-140175\" src=\"https:\/\/interamerica.org\/wp-content\/uploads\/2026\/03\/um-festivalmissions-oliveira.jpg\" alt=\"\" width=\"901\" height=\"601\" srcset=\"https:\/\/interamerica.org\/wp-content\/uploads\/2026\/03\/um-festivalmissions-oliveira.jpg 1000w, https:\/\/interamerica.org\/wp-content\/uploads\/2026\/03\/um-festivalmissions-oliveira-300x200.jpg 300w, https:\/\/interamerica.org\/wp-content\/uploads\/2026\/03\/um-festivalmissions-oliveira-768x512.jpg 768w\" sizes=\"(max-width: 901px) 100vw, 901px\" \/><p id=\"caption-attachment-140175\" class=\"wp-caption-text\">Pasteur Joni De Oliveira, secr\u00e9taire ex\u00e9cutif adjoint de Mission Adventiste pour la Division de l\u2019Asie du Sud, intervient lors du programme du vendredi soir au Festival des Missions \u00e0 l\u2019Universit\u00e9 de Montemorelos. [Photo : Christopher Castellanos\/Universit\u00e9 de Montemorelos]<\/p><\/div>Partageant des exp\u00e9rience v\u00e9cues dans les champs missionnaires dans des contextes difficiles, il a rappel\u00e9 aux participants que la mission repose en r\u00e9alit\u00e9 sur l\u2019\u0153uvre de Dieu dans les c\u0153urs.<\/p>\n<p>\u00ab Dieu vous attend d\u00e9j\u00e0 l\u00e0-bas, \u00bb a-t-il dit.<\/p>\n<p>Plus tard dans l\u2019apr\u00e8s-midi, pasteur De Oliveira a pr\u00e9sent\u00e9 une r\u00e9flexion sur le bouddhisme et les d\u00e9fis li\u00e9s \u00e0 la proclamation de l\u2019esp\u00e9rance dans des contextes marqu\u00e9s par des visions du monde diff\u00e9rentes de celle du christianisme, soulignant \u00e0 quel point il est important de comprendre les cultures, de respecter les autres et de construire des ponts par le dialogue.<\/p>\n<p>Suite aux pr\u00e9sentations, un panel anim\u00e9 par Dr Ismael Castillo, pr\u00e9sident de l\u2019Universit\u00e9 de Montemorelos, a r\u00e9uni les intervenants du festival ainsi que le pasteur Abimael Lozano, directeur de l\u2019Institut des Missions de l\u2019universit\u00e9.<\/p>\n<p><div id=\"attachment_140174\" style=\"width: 907px\" class=\"wp-caption aligncenter\"><img loading=\"lazy\" decoding=\"async\" aria-describedby=\"caption-attachment-140174\" class=\" wp-image-140174\" src=\"https:\/\/interamerica.org\/wp-content\/uploads\/2026\/03\/um-festival-missions-3.jpg\" alt=\"\" width=\"897\" height=\"505\" srcset=\"https:\/\/interamerica.org\/wp-content\/uploads\/2026\/03\/um-festival-missions-3.jpg 1000w, https:\/\/interamerica.org\/wp-content\/uploads\/2026\/03\/um-festival-missions-3-300x169.jpg 300w, https:\/\/interamerica.org\/wp-content\/uploads\/2026\/03\/um-festival-missions-3-768x432.jpg 768w\" sizes=\"(max-width: 897px) 100vw, 897px\" \/><p id=\"caption-attachment-140174\" class=\"wp-caption-text\">Des \u00e9tudiants font des interventions culturelles et musicales lors du Festival des Missions \u00e0 l\u2019Universit\u00e9 de Montemorelos, et mettent en lumi\u00e8re la diversit\u00e9 de la mission mondiale de l\u2019\u00c9glise. [Photo : Universit\u00e9 de Montemorelos]<\/p><\/div>La conversation a port\u00e9 sur les d\u00e9fis actuels auxquels est confront\u00e9e la mission mondiale de l\u2019\u00c9glise, et a permis aux participants d\u2019entendre des exp\u00e9riences v\u00e9cues, d\u2019avoir des informations sur les tensions culturelles et de recevoir des enseignements tir\u00e9s de diff\u00e9rents contextes missionnaires \u00e0 travers le monde.<\/p>\n<p><strong>La mission \u00e0 travers la musique et le t\u00e9moignage <\/strong><\/p>\n<p>Tout au long du week-end, la musique et les t\u00e9moignages ont enrichi le programme et renforc\u00e9 l\u2019emphase missionnaire du festival.<\/p>\n<p>La Chorale Handel et l\u2019Orchestre de l\u2019Universit\u00e9 ont interpr\u00e9t\u00e9 une s\u00e9lection de morceaux musicaux, avec la participation d\u2019une chorale d\u2019enfants et d\u2019autres groupes musicaux de la communaut\u00e9 universitaire. L\u2019Ensemble Vox Laude et un groupe de musique carib\u00e9en ont \u00e9galement contribu\u00e9 \u00e0 la diversit\u00e9 culturelle du programme.<\/p>\n<p><div id=\"attachment_140181\" style=\"width: 928px\" class=\"wp-caption aligncenter\"><img loading=\"lazy\" decoding=\"async\" aria-describedby=\"caption-attachment-140181\" class=\" wp-image-140181\" src=\"https:\/\/interamerica.org\/wp-content\/uploads\/2026\/03\/um-festival-missions-musiciansl-2026.jpg\" alt=\"\" width=\"918\" height=\"612\" srcset=\"https:\/\/interamerica.org\/wp-content\/uploads\/2026\/03\/um-festival-missions-musiciansl-2026.jpg 1000w, https:\/\/interamerica.org\/wp-content\/uploads\/2026\/03\/um-festival-missions-musiciansl-2026-300x200.jpg 300w, https:\/\/interamerica.org\/wp-content\/uploads\/2026\/03\/um-festival-missions-musiciansl-2026-768x512.jpg 768w\" sizes=\"(max-width: 918px) 100vw, 918px\" \/><p id=\"caption-attachment-140181\" class=\"wp-caption-text\">Des \u00e9tudiants musiciens posent avec leurs instruments apr\u00e8s avoir particip\u00e9 au programme musical du Festival des Missions \u00e0 l\u2019Universit\u00e9 de Montemorelos. [Photo : Daniel Gallardo\/DIA]<\/p><\/div>De plus, des segments r\u00e9serv\u00e9s aux courtes vid\u00e9os ont \u00e9galement mis en lumi\u00e8re des exp\u00e9riences de mission interculturelle en Asie du Sud-Est, \u00e0 travers des t\u00e9moignages et des r\u00e9cits de missionnaires servant dans la r\u00e9gion.<\/p>\n<p><strong>Le festival suscite l\u2019engagement des \u00e9tudiants pour le service <\/strong><\/p>\n<p data-start=\"665\" data-end=\"765\">Le festival suscite l\u2019engagement des \u00e9tudiants pour le service<\/p>\n<p>Tout au long du week-end, les intervenants ont soulign\u00e9 que r\u00e9pondre \u00e0 l\u2019appel de Dieu est un processus \u00e0 la fois personnel et spirituel.<\/p>\n<p>Lorsque le programme s\u2019est achev\u00e9, 34 jeunes avaient entam\u00e9 les d\u00e9marches officielles pour servir \u00e0 l\u2019\u00e9tranger, franchissant ainsi une \u00e9tape importante vers le service missionnaire interculturel.<\/p>\n<p><div id=\"attachment_140173\" style=\"width: 958px\" class=\"wp-caption aligncenter\"><img loading=\"lazy\" decoding=\"async\" aria-describedby=\"caption-attachment-140173\" class=\" wp-image-140173\" src=\"https:\/\/interamerica.org\/wp-content\/uploads\/2026\/03\/umstudents-festival-missions.jpg\" alt=\"\" width=\"948\" height=\"632\" srcset=\"https:\/\/interamerica.org\/wp-content\/uploads\/2026\/03\/umstudents-festival-missions.jpg 1000w, https:\/\/interamerica.org\/wp-content\/uploads\/2026\/03\/umstudents-festival-missions-300x200.jpg 300w, https:\/\/interamerica.org\/wp-content\/uploads\/2026\/03\/umstudents-festival-missions-768x512.jpg 768w\" sizes=\"(max-width: 948px) 100vw, 948px\" \/><p id=\"caption-attachment-140173\" class=\"wp-caption-text\">Les \u00e9tudiants de l\u2019Universit\u00e9 de Montemorelos portent des tenues traditionnelles repr\u00e9sentant leurs pays d\u2019origine lors du Festival annuel des Missions. [Photo : Christopher Castellanos\/Universit\u00e9 de Montemorelos]<\/p><\/div>\u00c0 la fin du programme du sabbat, plusieurs \u00e9tudiants se sont avanc\u00e9s pour r\u00e9pondre publiquement \u00e0 l\u2019appel, et pasteur De Oliveira leur a pr\u00e9sent\u00e9 des paroles d\u2019encouragement et a fait une pri\u00e8re de cons\u00e9cration.<\/p>\n<p><strong>C\u00e9l\u00e9brer une culture de la mission<\/strong><\/p>\n<p>Le festival s\u2019est cl\u00f4tur\u00e9 le dimanche 1er mars par la Foire des Missions, une c\u00e9l\u00e9bration au cours de laquelle ont \u00e9t\u00e9 pr\u00e9sent\u00e9s des plats internationaux, de la musique folklorique et des expressions culturelles refl\u00e9tant la diversit\u00e9 de la communaut\u00e9 universitaire.<\/p>\n<p>Le Festival des Missions, qui a 26 ans, continue de r\u00e9affirmer l\u2019engagement institutionnel de l\u2019Universit\u00e9 de Montemorelos \u00e0 former des professionnels anim\u00e9s d\u2019une vision missionnaire, pr\u00eats \u00e0 servir dans tous les contextes \u00e0 travers le monde, ont d\u00e9clar\u00e9 les dirigeants de l\u2019universit\u00e9.<\/p>\n<p>Traduction: Patrick Luciathe<\/p>\n","protected":false},"excerpt":{"rendered":"<p>Ce rassemblement autour de la mission motive 34 \u00e9tudiants \u00e0 entamer le processus pour entrer dans le service interculturel.. 9 mars 2026 | Montemorelos, Nuevo Le\u00f3n, Mexique | Laura Marrero&#8230;<\/p>\n","protected":false},"author":3,"featured_media":140232,"comment_status":"closed","ping_status":"closed","sticky":false,"template":"","format":"standard","meta":{"_acf_changed":false,"footnotes":""},"categories":[20,19],"tags":[],"class_list":["post-140229","post","type-post","status-publish","format-standard","has-post-thumbnail","hentry","category-nouvelles-du-siege-de-la-division","category-rss-francais"],"acf":[],"yoast_head":"<!-- This site is optimized with the Yoast SEO plugin v27.3 - https:\/\/yoast.com\/product\/yoast-seo-wordpress\/ -->\n<title>Le Festival des Missions inspire les \u00e9tudiants de l\u2019Universit\u00e9 de Montemorelos \u00e0 servir dans le monde entier - \u00c9glise Adventiste Du Septieme Jour - Inter Am\u00e9rique Division<\/title>\n<meta name=\"robots\" content=\"index, follow, max-snippet:-1, max-image-preview:large, max-video-preview:-1\" \/>\n<link rel=\"canonical\" href=\"https:\/\/interamerica.org\/fr\/2026\/03\/le-festival-des-missions-inspire-les-etudiants-de-luniversite-de-montemorelos-a-servir-dans-le-monde-entier\/\" \/>\n<meta property=\"og:locale\" content=\"fr_FR\" \/>\n<meta property=\"og:type\" content=\"article\" \/>\n<meta property=\"og:title\" content=\"Le Festival des Missions inspire les \u00e9tudiants de l\u2019Universit\u00e9 de Montemorelos \u00e0 servir dans le monde entier - \u00c9glise Adventiste Du Septieme Jour - Inter Am\u00e9rique Division\" \/>\n<meta property=\"og:description\" content=\"Ce rassemblement autour de la mission motive 34 \u00e9tudiants \u00e0 entamer le processus pour entrer dans le service interculturel.. 9 mars 2026 | Montemorelos, Nuevo Le\u00f3n, Mexique | Laura Marrero...\" \/>\n<meta property=\"og:url\" content=\"https:\/\/interamerica.org\/fr\/2026\/03\/le-festival-des-missions-inspire-les-etudiants-de-luniversite-de-montemorelos-a-servir-dans-le-monde-entier\/\" \/>\n<meta property=\"og:site_name\" content=\"\u00c9glise Adventiste Du Septieme Jour - Inter Am\u00e9rique Division\" \/>\n<meta property=\"article:published_time\" content=\"2026-03-10T01:17:32+00:00\" \/>\n<meta property=\"article:modified_time\" content=\"2026-03-10T10:10:07+00:00\" \/>\n<meta property=\"og:image\" content=\"https:\/\/interamerica.org\/wp-content\/uploads\/2026\/03\/um-festivalmissionsimg-kirowb2xmv5tnlaf-scaled.jpeg\" \/>\n\t<meta property=\"og:image:width\" content=\"2560\" \/>\n\t<meta property=\"og:image:height\" content=\"1707\" \/>\n\t<meta property=\"og:image:type\" content=\"image\/jpeg\" \/>\n<meta name=\"author\" content=\"libna\" \/>\n<meta name=\"twitter:card\" content=\"summary_large_image\" \/>\n<meta name=\"twitter:label1\" content=\"\u00c9crit par\" \/>\n\t<meta name=\"twitter:data1\" content=\"libna\" \/>\n\t<meta name=\"twitter:label2\" content=\"Dur\u00e9e de lecture estim\u00e9e\" \/>\n\t<meta name=\"twitter:data2\" content=\"8 minutes\" \/>\n<script type=\"application\/ld+json\" class=\"yoast-schema-graph\">{\"@context\":\"https:\\\/\\\/schema.org\",\"@graph\":[{\"@type\":\"Article\",\"@id\":\"https:\\\/\\\/interamerica.org\\\/fr\\\/2026\\\/03\\\/le-festival-des-missions-inspire-les-etudiants-de-luniversite-de-montemorelos-a-servir-dans-le-monde-entier\\\/#article\",\"isPartOf\":{\"@id\":\"https:\\\/\\\/interamerica.org\\\/fr\\\/2026\\\/03\\\/le-festival-des-missions-inspire-les-etudiants-de-luniversite-de-montemorelos-a-servir-dans-le-monde-entier\\\/\"},\"author\":{\"name\":\"libna\",\"@id\":\"https:\\\/\\\/interamerica.org\\\/fr\\\/#\\\/schema\\\/person\\\/29998f2bc2d8bd0d38662909289b54f1\"},\"headline\":\"Le Festival des Missions inspire les \u00e9tudiants de l\u2019Universit\u00e9 de Montemorelos \u00e0 servir dans le monde entier\",\"datePublished\":\"2026-03-10T01:17:32+00:00\",\"dateModified\":\"2026-03-10T10:10:07+00:00\",\"mainEntityOfPage\":{\"@id\":\"https:\\\/\\\/interamerica.org\\\/fr\\\/2026\\\/03\\\/le-festival-des-missions-inspire-les-etudiants-de-luniversite-de-montemorelos-a-servir-dans-le-monde-entier\\\/\"},\"wordCount\":1538,\"image\":{\"@id\":\"https:\\\/\\\/interamerica.org\\\/fr\\\/2026\\\/03\\\/le-festival-des-missions-inspire-les-etudiants-de-luniversite-de-montemorelos-a-servir-dans-le-monde-entier\\\/#primaryimage\"},\"thumbnailUrl\":\"https:\\\/\\\/interamerica.org\\\/wp-content\\\/uploads\\\/2026\\\/03\\\/um-festivalmissionsimg-kirowb2xmv5tnlaf-scaled.jpeg\",\"articleSection\":[\"Nouvelles du si\u00e8ge de la division\",\"RSS Fran\u00e7ais\"],\"inLanguage\":\"fr-FR\"},{\"@type\":\"WebPage\",\"@id\":\"https:\\\/\\\/interamerica.org\\\/fr\\\/2026\\\/03\\\/le-festival-des-missions-inspire-les-etudiants-de-luniversite-de-montemorelos-a-servir-dans-le-monde-entier\\\/\",\"url\":\"https:\\\/\\\/interamerica.org\\\/fr\\\/2026\\\/03\\\/le-festival-des-missions-inspire-les-etudiants-de-luniversite-de-montemorelos-a-servir-dans-le-monde-entier\\\/\",\"name\":\"Le Festival des Missions inspire les \u00e9tudiants de l\u2019Universit\u00e9 de Montemorelos \u00e0 servir dans le monde entier - \u00c9glise Adventiste Du Septieme Jour - Inter Am\u00e9rique Division\",\"isPartOf\":{\"@id\":\"https:\\\/\\\/interamerica.org\\\/fr\\\/#website\"},\"primaryImageOfPage\":{\"@id\":\"https:\\\/\\\/interamerica.org\\\/fr\\\/2026\\\/03\\\/le-festival-des-missions-inspire-les-etudiants-de-luniversite-de-montemorelos-a-servir-dans-le-monde-entier\\\/#primaryimage\"},\"image\":{\"@id\":\"https:\\\/\\\/interamerica.org\\\/fr\\\/2026\\\/03\\\/le-festival-des-missions-inspire-les-etudiants-de-luniversite-de-montemorelos-a-servir-dans-le-monde-entier\\\/#primaryimage\"},\"thumbnailUrl\":\"https:\\\/\\\/interamerica.org\\\/wp-content\\\/uploads\\\/2026\\\/03\\\/um-festivalmissionsimg-kirowb2xmv5tnlaf-scaled.jpeg\",\"datePublished\":\"2026-03-10T01:17:32+00:00\",\"dateModified\":\"2026-03-10T10:10:07+00:00\",\"author\":{\"@id\":\"https:\\\/\\\/interamerica.org\\\/fr\\\/#\\\/schema\\\/person\\\/29998f2bc2d8bd0d38662909289b54f1\"},\"breadcrumb\":{\"@id\":\"https:\\\/\\\/interamerica.org\\\/fr\\\/2026\\\/03\\\/le-festival-des-missions-inspire-les-etudiants-de-luniversite-de-montemorelos-a-servir-dans-le-monde-entier\\\/#breadcrumb\"},\"inLanguage\":\"fr-FR\",\"potentialAction\":[{\"@type\":\"ReadAction\",\"target\":[\"https:\\\/\\\/interamerica.org\\\/fr\\\/2026\\\/03\\\/le-festival-des-missions-inspire-les-etudiants-de-luniversite-de-montemorelos-a-servir-dans-le-monde-entier\\\/\"]}]},{\"@type\":\"ImageObject\",\"inLanguage\":\"fr-FR\",\"@id\":\"https:\\\/\\\/interamerica.org\\\/fr\\\/2026\\\/03\\\/le-festival-des-missions-inspire-les-etudiants-de-luniversite-de-montemorelos-a-servir-dans-le-monde-entier\\\/#primaryimage\",\"url\":\"https:\\\/\\\/interamerica.org\\\/wp-content\\\/uploads\\\/2026\\\/03\\\/um-festivalmissionsimg-kirowb2xmv5tnlaf-scaled.jpeg\",\"contentUrl\":\"https:\\\/\\\/interamerica.org\\\/wp-content\\\/uploads\\\/2026\\\/03\\\/um-festivalmissionsimg-kirowb2xmv5tnlaf-scaled.jpeg\",\"width\":2560,\"height\":1707,\"caption\":\"A student musical group performs an African-style musical piece during the Sabbath morning program of the Festival of Missions at Montemorelos University on Feb. 28, 2026. [Photo: Dania Guti\u00e9rrez\\\/Montemorelos University]\"},{\"@type\":\"BreadcrumbList\",\"@id\":\"https:\\\/\\\/interamerica.org\\\/fr\\\/2026\\\/03\\\/le-festival-des-missions-inspire-les-etudiants-de-luniversite-de-montemorelos-a-servir-dans-le-monde-entier\\\/#breadcrumb\",\"itemListElement\":[{\"@type\":\"ListItem\",\"position\":1,\"name\":\"Home\",\"item\":\"https:\\\/\\\/interamerica.org\\\/fr\\\/\"},{\"@type\":\"ListItem\",\"position\":2,\"name\":\"Le Festival des Missions inspire les \u00e9tudiants de l\u2019Universit\u00e9 de Montemorelos \u00e0 servir dans le monde entier\"}]},{\"@type\":\"WebSite\",\"@id\":\"https:\\\/\\\/interamerica.org\\\/fr\\\/#website\",\"url\":\"https:\\\/\\\/interamerica.org\\\/fr\\\/\",\"name\":\"\u00c9glise Adventiste Du Septieme Jour - Inter Am\u00e9rique Division\",\"description\":\"\",\"potentialAction\":[{\"@type\":\"SearchAction\",\"target\":{\"@type\":\"EntryPoint\",\"urlTemplate\":\"https:\\\/\\\/interamerica.org\\\/fr\\\/?s={search_term_string}\"},\"query-input\":{\"@type\":\"PropertyValueSpecification\",\"valueRequired\":true,\"valueName\":\"search_term_string\"}}],\"inLanguage\":\"fr-FR\"},{\"@type\":\"Person\",\"@id\":\"https:\\\/\\\/interamerica.org\\\/fr\\\/#\\\/schema\\\/person\\\/29998f2bc2d8bd0d38662909289b54f1\",\"name\":\"libna\",\"image\":{\"@type\":\"ImageObject\",\"inLanguage\":\"fr-FR\",\"@id\":\"https:\\\/\\\/secure.gravatar.com\\\/avatar\\\/7c5bd30ae4b47a9ba3c856590957fd1d96dc588bf3ac05719d247e126840331f?s=96&d=mm&r=g\",\"url\":\"https:\\\/\\\/secure.gravatar.com\\\/avatar\\\/7c5bd30ae4b47a9ba3c856590957fd1d96dc588bf3ac05719d247e126840331f?s=96&d=mm&r=g\",\"contentUrl\":\"https:\\\/\\\/secure.gravatar.com\\\/avatar\\\/7c5bd30ae4b47a9ba3c856590957fd1d96dc588bf3ac05719d247e126840331f?s=96&d=mm&r=g\",\"caption\":\"libna\"}}]}<\/script>\n<!-- \/ Yoast SEO plugin. -->","yoast_head_json":{"title":"Le Festival des Missions inspire les \u00e9tudiants de l\u2019Universit\u00e9 de Montemorelos \u00e0 servir dans le monde entier - \u00c9glise Adventiste Du Septieme Jour - Inter Am\u00e9rique Division","robots":{"index":"index","follow":"follow","max-snippet":"max-snippet:-1","max-image-preview":"max-image-preview:large","max-video-preview":"max-video-preview:-1"},"canonical":"https:\/\/interamerica.org\/fr\/2026\/03\/le-festival-des-missions-inspire-les-etudiants-de-luniversite-de-montemorelos-a-servir-dans-le-monde-entier\/","og_locale":"fr_FR","og_type":"article","og_title":"Le Festival des Missions inspire les \u00e9tudiants de l\u2019Universit\u00e9 de Montemorelos \u00e0 servir dans le monde entier - \u00c9glise Adventiste Du Septieme Jour - Inter Am\u00e9rique Division","og_description":"Ce rassemblement autour de la mission motive 34 \u00e9tudiants \u00e0 entamer le processus pour entrer dans le service interculturel.. 9 mars 2026 | Montemorelos, Nuevo Le\u00f3n, Mexique | Laura Marrero...","og_url":"https:\/\/interamerica.org\/fr\/2026\/03\/le-festival-des-missions-inspire-les-etudiants-de-luniversite-de-montemorelos-a-servir-dans-le-monde-entier\/","og_site_name":"\u00c9glise Adventiste Du Septieme Jour - Inter Am\u00e9rique Division","article_published_time":"2026-03-10T01:17:32+00:00","article_modified_time":"2026-03-10T10:10:07+00:00","og_image":[{"width":2560,"height":1707,"url":"https:\/\/interamerica.org\/wp-content\/uploads\/2026\/03\/um-festivalmissionsimg-kirowb2xmv5tnlaf-scaled.jpeg","type":"image\/jpeg"}],"author":"libna","twitter_card":"summary_large_image","twitter_misc":{"\u00c9crit par":"libna","Dur\u00e9e de lecture estim\u00e9e":"8 minutes"},"schema":{"@context":"https:\/\/schema.org","@graph":[{"@type":"Article","@id":"https:\/\/interamerica.org\/fr\/2026\/03\/le-festival-des-missions-inspire-les-etudiants-de-luniversite-de-montemorelos-a-servir-dans-le-monde-entier\/#article","isPartOf":{"@id":"https:\/\/interamerica.org\/fr\/2026\/03\/le-festival-des-missions-inspire-les-etudiants-de-luniversite-de-montemorelos-a-servir-dans-le-monde-entier\/"},"author":{"name":"libna","@id":"https:\/\/interamerica.org\/fr\/#\/schema\/person\/29998f2bc2d8bd0d38662909289b54f1"},"headline":"Le Festival des Missions inspire les \u00e9tudiants de l\u2019Universit\u00e9 de Montemorelos \u00e0 servir dans le monde entier","datePublished":"2026-03-10T01:17:32+00:00","dateModified":"2026-03-10T10:10:07+00:00","mainEntityOfPage":{"@id":"https:\/\/interamerica.org\/fr\/2026\/03\/le-festival-des-missions-inspire-les-etudiants-de-luniversite-de-montemorelos-a-servir-dans-le-monde-entier\/"},"wordCount":1538,"image":{"@id":"https:\/\/interamerica.org\/fr\/2026\/03\/le-festival-des-missions-inspire-les-etudiants-de-luniversite-de-montemorelos-a-servir-dans-le-monde-entier\/#primaryimage"},"thumbnailUrl":"https:\/\/interamerica.org\/wp-content\/uploads\/2026\/03\/um-festivalmissionsimg-kirowb2xmv5tnlaf-scaled.jpeg","articleSection":["Nouvelles du si\u00e8ge de la division","RSS Fran\u00e7ais"],"inLanguage":"fr-FR"},{"@type":"WebPage","@id":"https:\/\/interamerica.org\/fr\/2026\/03\/le-festival-des-missions-inspire-les-etudiants-de-luniversite-de-montemorelos-a-servir-dans-le-monde-entier\/","url":"https:\/\/interamerica.org\/fr\/2026\/03\/le-festival-des-missions-inspire-les-etudiants-de-luniversite-de-montemorelos-a-servir-dans-le-monde-entier\/","name":"Le Festival des Missions inspire les \u00e9tudiants de l\u2019Universit\u00e9 de Montemorelos \u00e0 servir dans le monde entier - \u00c9glise Adventiste Du Septieme Jour - Inter Am\u00e9rique Division","isPartOf":{"@id":"https:\/\/interamerica.org\/fr\/#website"},"primaryImageOfPage":{"@id":"https:\/\/interamerica.org\/fr\/2026\/03\/le-festival-des-missions-inspire-les-etudiants-de-luniversite-de-montemorelos-a-servir-dans-le-monde-entier\/#primaryimage"},"image":{"@id":"https:\/\/interamerica.org\/fr\/2026\/03\/le-festival-des-missions-inspire-les-etudiants-de-luniversite-de-montemorelos-a-servir-dans-le-monde-entier\/#primaryimage"},"thumbnailUrl":"https:\/\/interamerica.org\/wp-content\/uploads\/2026\/03\/um-festivalmissionsimg-kirowb2xmv5tnlaf-scaled.jpeg","datePublished":"2026-03-10T01:17:32+00:00","dateModified":"2026-03-10T10:10:07+00:00","author":{"@id":"https:\/\/interamerica.org\/fr\/#\/schema\/person\/29998f2bc2d8bd0d38662909289b54f1"},"breadcrumb":{"@id":"https:\/\/interamerica.org\/fr\/2026\/03\/le-festival-des-missions-inspire-les-etudiants-de-luniversite-de-montemorelos-a-servir-dans-le-monde-entier\/#breadcrumb"},"inLanguage":"fr-FR","potentialAction":[{"@type":"ReadAction","target":["https:\/\/interamerica.org\/fr\/2026\/03\/le-festival-des-missions-inspire-les-etudiants-de-luniversite-de-montemorelos-a-servir-dans-le-monde-entier\/"]}]},{"@type":"ImageObject","inLanguage":"fr-FR","@id":"https:\/\/interamerica.org\/fr\/2026\/03\/le-festival-des-missions-inspire-les-etudiants-de-luniversite-de-montemorelos-a-servir-dans-le-monde-entier\/#primaryimage","url":"https:\/\/interamerica.org\/wp-content\/uploads\/2026\/03\/um-festivalmissionsimg-kirowb2xmv5tnlaf-scaled.jpeg","contentUrl":"https:\/\/interamerica.org\/wp-content\/uploads\/2026\/03\/um-festivalmissionsimg-kirowb2xmv5tnlaf-scaled.jpeg","width":2560,"height":1707,"caption":"A student musical group performs an African-style musical piece during the Sabbath morning program of the Festival of Missions at Montemorelos University on Feb. 28, 2026. [Photo: Dania Guti\u00e9rrez\/Montemorelos University]"},{"@type":"BreadcrumbList","@id":"https:\/\/interamerica.org\/fr\/2026\/03\/le-festival-des-missions-inspire-les-etudiants-de-luniversite-de-montemorelos-a-servir-dans-le-monde-entier\/#breadcrumb","itemListElement":[{"@type":"ListItem","position":1,"name":"Home","item":"https:\/\/interamerica.org\/fr\/"},{"@type":"ListItem","position":2,"name":"Le Festival des Missions inspire les \u00e9tudiants de l\u2019Universit\u00e9 de Montemorelos \u00e0 servir dans le monde entier"}]},{"@type":"WebSite","@id":"https:\/\/interamerica.org\/fr\/#website","url":"https:\/\/interamerica.org\/fr\/","name":"\u00c9glise Adventiste Du Septieme Jour - Inter Am\u00e9rique Division","description":"","potentialAction":[{"@type":"SearchAction","target":{"@type":"EntryPoint","urlTemplate":"https:\/\/interamerica.org\/fr\/?s={search_term_string}"},"query-input":{"@type":"PropertyValueSpecification","valueRequired":true,"valueName":"search_term_string"}}],"inLanguage":"fr-FR"},{"@type":"Person","@id":"https:\/\/interamerica.org\/fr\/#\/schema\/person\/29998f2bc2d8bd0d38662909289b54f1","name":"libna","image":{"@type":"ImageObject","inLanguage":"fr-FR","@id":"https:\/\/secure.gravatar.com\/avatar\/7c5bd30ae4b47a9ba3c856590957fd1d96dc588bf3ac05719d247e126840331f?s=96&d=mm&r=g","url":"https:\/\/secure.gravatar.com\/avatar\/7c5bd30ae4b47a9ba3c856590957fd1d96dc588bf3ac05719d247e126840331f?s=96&d=mm&r=g","contentUrl":"https:\/\/secure.gravatar.com\/avatar\/7c5bd30ae4b47a9ba3c856590957fd1d96dc588bf3ac05719d247e126840331f?s=96&d=mm&r=g","caption":"libna"}}]}},"_links":{"self":[{"href":"https:\/\/interamerica.org\/fr\/wp-json\/wp\/v2\/posts\/140229","targetHints":{"allow":["GET"]}}],"collection":[{"href":"https:\/\/interamerica.org\/fr\/wp-json\/wp\/v2\/posts"}],"about":[{"href":"https:\/\/interamerica.org\/fr\/wp-json\/wp\/v2\/types\/post"}],"author":[{"embeddable":true,"href":"https:\/\/interamerica.org\/fr\/wp-json\/wp\/v2\/users\/3"}],"replies":[{"embeddable":true,"href":"https:\/\/interamerica.org\/fr\/wp-json\/wp\/v2\/comments?post=140229"}],"version-history":[{"count":1,"href":"https:\/\/interamerica.org\/fr\/wp-json\/wp\/v2\/posts\/140229\/revisions"}],"predecessor-version":[{"id":140274,"href":"https:\/\/interamerica.org\/fr\/wp-json\/wp\/v2\/posts\/140229\/revisions\/140274"}],"wp:featuredmedia":[{"embeddable":true,"href":"https:\/\/interamerica.org\/fr\/wp-json\/wp\/v2\/media\/140232"}],"wp:attachment":[{"href":"https:\/\/interamerica.org\/fr\/wp-json\/wp\/v2\/media?parent=140229"}],"wp:term":[{"taxonomy":"category","embeddable":true,"href":"https:\/\/interamerica.org\/fr\/wp-json\/wp\/v2\/categories?post=140229"},{"taxonomy":"post_tag","embeddable":true,"href":"https:\/\/interamerica.org\/fr\/wp-json\/wp\/v2\/tags?post=140229"}],"curies":[{"name":"wp","href":"https:\/\/api.w.org\/{rel}","templated":true}]}}