{"id":140280,"date":"2026-03-11T18:12:32","date_gmt":"2026-03-11T22:12:32","guid":{"rendered":"https:\/\/interamerica.org\/?p=140280"},"modified":"2026-03-11T20:23:29","modified_gmt":"2026-03-12T00:23:29","slug":"une-station-de-radio-adventiste-en-colombie-prend-part-a-la-journee-des-mains-rouges-pour-la-protection-des-enfants","status":"publish","type":"post","link":"https:\/\/interamerica.org\/fr\/2026\/03\/une-station-de-radio-adventiste-en-colombie-prend-part-a-la-journee-des-mains-rouges-pour-la-protection-des-enfants\/","title":{"rendered":"Une station de radio adventiste en Colombie prend part \u00e0 la &lsquo;Journ\u00e9e des Mains Rouges&rsquo; pour la protection des enfants"},"content":{"rendered":"<p><em>L\u2019Arm\u00e9e Nationale souligne l\u2019impact qu\u2019a le minist\u00e8re de la radio aupr\u00e8s des communaut\u00e9s dans tout le pays.<\/em><\/p>\n<p>11 Mars 2026 | Medell\u00edn, Antioquia, Colombie | Cristin Serrano, UCN et Actualit\u00e9s de la DIA<\/p>\n<p>Les autorit\u00e9s civiles et militaires \u00e0 Medell\u00edn, en Colombie, ont publiquement mis en lumi\u00e8re l\u2019impact de la Radio Adventiste Mondiale (AWR) Colombie administr\u00e9e par l\u2019\u00c9glise adventiste du septi\u00e8me jour, lors de la comm\u00e9moration par la ville de la Journ\u00e9e des Mains Rouges, une journ\u00e9e internationale de sensibilisation au recrutement et \u00e0 l\u2019utilisation d\u2019enfants et d\u2019adolescents par des groupes arm\u00e9s. Le programme qui s\u2019est d\u00e9roul\u00e9 le 22 f\u00e9vrier 2026, a r\u00e9uni des responsables de communaut\u00e9s et des organisations engag\u00e9s dans la protection des jeunes vuln\u00e9rables.<\/p>\n<p>La manifestation, qui s\u2019est d\u00e9roul\u00e9e au Parque de las Banderas, pr\u00e8s du Stade Atanasio Girardot, a r\u00e9uni environ 2000 participants, dont des repr\u00e9sentants des autorit\u00e9s civiles, du personnel militaire, des \u00e9tablissements scolaires, des organisations sociales et des familles de la ville.<\/p>\n<p><div id=\"attachment_140197\" style=\"width: 1010px\" class=\"wp-caption aligncenter\"><img fetchpriority=\"high\" decoding=\"async\" aria-describedby=\"caption-attachment-140197\" class=\"size-full wp-image-140197\" src=\"https:\/\/interamerica.org\/wp-content\/uploads\/2026\/03\/nocu-stage-redhands-commemoration.png\" alt=\"\" width=\"1000\" height=\"748\" srcset=\"https:\/\/interamerica.org\/wp-content\/uploads\/2026\/03\/nocu-stage-redhands-commemoration.png 1000w, https:\/\/interamerica.org\/wp-content\/uploads\/2026\/03\/nocu-stage-redhands-commemoration-300x224.png 300w, https:\/\/interamerica.org\/wp-content\/uploads\/2026\/03\/nocu-stage-redhands-commemoration-768x574.png 768w\" sizes=\"(max-width: 1000px) 100vw, 1000px\" \/><p id=\"caption-attachment-140197\" class=\"wp-caption-text\">Pasteur Omar Pi\u00f1a, directeur des minist\u00e8res de la jeunesse de l\u2019Union du Nord de la Colombie, prononce une pri\u00e8re lors de la comm\u00e9moration de la Journ\u00e9e Internationale des Mains Rouges au Parque de las Banderas \u00e0 Medell\u00edn, en Colombie, le 22 f\u00e9vrier 2026. [Photo : Communications UCN]<\/p><\/div>Dans ce contexte, le personnel d\u2019AWR Colombie a \u00e9t\u00e9 officiellement invit\u00e9 par la Table Ronde R\u00e9gionale sur les Droits de l\u2019Homme \u00e0 contribuer \u00e0 la logistique et \u00e0 la coordination de la manifestation, et a pr\u00e9sent\u00e9 un message clair : \u00ab Les enfants sont le plus grand tr\u00e9sor de Dieu et rien ne doit bafouer leurs droits. \u00bb<\/p>\n<p>Tr\u00e8s t\u00f4t le matin, l\u2019\u00e9quipe de la radio a install\u00e9 une tente et du mat\u00e9riel de transmission, a distribu\u00e9 de l\u2019eau, des publications chr\u00e9tiennes \u2013 notamment le livre missionnaire d\u2019Ellen G. White, Paroles d\u2019Espoir \u2013 et a apport\u00e9 un soutien spirituel aux familles pr\u00e9sentes.<\/p>\n<p>Au cours du programme, les autorit\u00e9s ont pr\u00e9sent\u00e9 des statistiques pertinentes sur la situation dans la ville. Sous l\u2019administration actuelle, 44 cas li\u00e9s au risque de recrutement d\u2019enfants ont \u00e9t\u00e9 trait\u00e9s, dont 20 en 2025 et 14 jusqu\u2019ici en 2026 gr\u00e2ce \u00e0 l\u2019activation de dispositifs de protection.<\/p>\n<p>De m\u00eame, le programme \u00ab Parceros, \u00bb men\u00e9 par la mairie de Medell\u00edn, a soutenu plus de 1500 jeunes \u00e0 risque et a lanc\u00e9 des initiatives de sensibilisation aupr\u00e8s de milliers d\u2019enfants et d\u2019adolescents dans toute la ville. Ces actions comprennent un soutien psychosocial, une validation scolaire et des formations artistiques et professionnelles.<\/p>\n<p><div id=\"attachment_140186\" style=\"width: 934px\" class=\"wp-caption aligncenter\"><img decoding=\"async\" aria-describedby=\"caption-attachment-140186\" class=\" wp-image-140186\" src=\"https:\/\/interamerica.org\/wp-content\/uploads\/2026\/03\/nocu-awrcolombia-march-1024x768.jpg\" alt=\"\" width=\"924\" height=\"693\" srcset=\"https:\/\/interamerica.org\/wp-content\/uploads\/2026\/03\/nocu-awrcolombia-march-1024x768.jpg 1024w, https:\/\/interamerica.org\/wp-content\/uploads\/2026\/03\/nocu-awrcolombia-march-300x225.jpg 300w, https:\/\/interamerica.org\/wp-content\/uploads\/2026\/03\/nocu-awrcolombia-march-768x576.jpg 768w, https:\/\/interamerica.org\/wp-content\/uploads\/2026\/03\/nocu-awrcolombia-march-1536x1152.jpg 1536w, https:\/\/interamerica.org\/wp-content\/uploads\/2026\/03\/nocu-awrcolombia-march-2048x1536.jpg 2048w\" sizes=\"(max-width: 924px) 100vw, 924px\" \/><p id=\"caption-attachment-140186\" class=\"wp-caption-text\">2000 personnes environ ont particip\u00e9 \u00e0 la comm\u00e9moration de la Journ\u00e9e des Mains Rouges, qui s\u2019est tenue au Parque de las Banderas \u00e0 Medell\u00edn, en Colombie, le 22 f\u00e9vrier 2026. [Photo : Communication UCN]<\/p><\/div><strong>Reconnaissance de l\u2019impact d\u2019Adventist Radio<\/strong><\/p>\n<p>Le commandant Tovar Camilo Rodr\u00edguez, repr\u00e9sentant l\u2019Arm\u00e9e Nationale colombienne pour la r\u00e9gion d\u2019Antioquia, a soulign\u00e9 l\u2019importance de la collaboration entre les institutions.<\/p>\n<p>\u00ab Chaque jour devrait \u00eatre un jour de lutte contre le recrutement de nos enfants, car ils sont l\u2019avenir de notre pays, \u00bb a-t-il d\u00e9clar\u00e9.<\/p>\n<p>L\u2019officier a \u00e9galement mis l\u2019accent sur le r\u00f4le d\u2019AWR Colombie en tant que canal d\u2019espoir pour la nation.<\/p>\n<p>\u00ab La radio est le canal qui porte les messages jusqu\u2019aux r\u00e9gions les plus recul\u00e9es de la Colombie, dans des zones difficiles d\u2019acc\u00e8s et o\u00f9 les autres m\u00e9dias ne parviennent pas toujours. Vous accomplissez un travail formidable et vous \u00eates un \u00e9l\u00e9ment essentiel dans la proclamation de ce message important. \u00bb<\/p>\n<p><div id=\"attachment_140185\" style=\"width: 1034px\" class=\"wp-caption aligncenter\"><img decoding=\"async\" aria-describedby=\"caption-attachment-140185\" class=\"size-large wp-image-140185\" src=\"https:\/\/interamerica.org\/wp-content\/uploads\/2026\/03\/nocu-awr-colombia-staff-1024x768.jpg\" alt=\"\" width=\"1024\" height=\"768\" srcset=\"https:\/\/interamerica.org\/wp-content\/uploads\/2026\/03\/nocu-awr-colombia-staff-1024x768.jpg 1024w, https:\/\/interamerica.org\/wp-content\/uploads\/2026\/03\/nocu-awr-colombia-staff-300x225.jpg 300w, https:\/\/interamerica.org\/wp-content\/uploads\/2026\/03\/nocu-awr-colombia-staff-768x576.jpg 768w, https:\/\/interamerica.org\/wp-content\/uploads\/2026\/03\/nocu-awr-colombia-staff-1536x1152.jpg 1536w, https:\/\/interamerica.org\/wp-content\/uploads\/2026\/03\/nocu-awr-colombia-staff-2048x1536.jpg 2048w\" sizes=\"(max-width: 1024px) 100vw, 1024px\" \/><p id=\"caption-attachment-140185\" class=\"wp-caption-text\">Le commandant Tovar Camilo Rodr\u00edguez de l\u2019Arm\u00e9e nationale colombienne met en lumi\u00e8re l\u2019impact social d\u2019AWR Colombie lors de la Journ\u00e9e des Mains Rouges \u00e0 Medell\u00edn, en Colombie, le 22 f\u00e9vrier 2025. [Photo : Communications UCN]<\/p><\/div>AWR Colombie g\u00e8re actuellement cinq stations de radio AM et une application num\u00e9rique, permettant ainsi \u00e0 des contenus spirituels et \u00e9ducatifs d\u2019atteindre les gens dans tout le pays et dans le monde entier gr\u00e2ce \u00e0 Internet. Par ces plateformes, le minist\u00e8re continue d\u2019accomplir sa mission qui est d\u2019apporter l\u2019amour de J\u00e9sus dans chaque foyer.<\/p>\n<p><strong>La voix active de l\u2019\u00c9glise dans la soci\u00e9t\u00e9<\/strong><\/p>\n<p>Pasteur Omar Pi\u00f1a, directeur des minist\u00e8res de la jeunesse de l\u2019Union du Nord de la Colombie, a prononc\u00e9 une pri\u00e8re et pr\u00e9sent\u00e9 une br\u00e8ve r\u00e9flexion spirituelle depuis la tribune ; il a encourag\u00e9 l\u2019\u00c9glise \u00e0 prendre une part active dans la d\u00e9marche visant \u00e0 soutenir les enfants et les jeunes vuln\u00e9rables.<\/p>\n<p>\u00ab Nous ne pouvons rester silencieux. Nous sommes le message pour cette p\u00e9riode. Dieu nous a confi\u00e9 la responsabilit\u00e9 de guider, d\u2019accompagner et de prot\u00e9ger nos enfants et nos jeunes, \u00bb a-t-il d\u00e9clar\u00e9.<\/p>\n<p>Pasteur Pi\u00f1a a \u00e9galement soulign\u00e9 le travail qui continue d\u2019\u00eatre accompli par les clubs des Aventuriers, des \u00c9claireurs, des Ambassadeurs et des Chefs-Guides \u2013 des espaces o\u00f9 des milliers d\u2019enfants et de jeunes re\u00e7oivent une formation compl\u00e8te qui renforce les valeurs chr\u00e9tiennes, le leadership et l\u2019esprit de service.<\/p>\n<p><div id=\"attachment_140200\" style=\"width: 1010px\" class=\"wp-caption aligncenter\"><img loading=\"lazy\" decoding=\"async\" aria-describedby=\"caption-attachment-140200\" class=\"size-full wp-image-140200\" src=\"https:\/\/interamerica.org\/wp-content\/uploads\/2026\/03\/nocu-state-leader.png\" alt=\"\" width=\"1000\" height=\"744\" srcset=\"https:\/\/interamerica.org\/wp-content\/uploads\/2026\/03\/nocu-state-leader.png 1000w, https:\/\/interamerica.org\/wp-content\/uploads\/2026\/03\/nocu-state-leader-300x223.png 300w, https:\/\/interamerica.org\/wp-content\/uploads\/2026\/03\/nocu-state-leader-768x571.png 768w\" sizes=\"(max-width: 1000px) 100vw, 1000px\" \/><p id=\"caption-attachment-140200\" class=\"wp-caption-text\">Carlos Arcilla, secr\u00e9taire de Paix et Droits de l\u2019Homme pour la mairie de Medell\u00edn, passe au micro d\u2019AWR Colombie et re\u00e7oit le livre missionnaire de l\u2019ann\u00e9e, \u00ab Paroles d\u2019Espoir. \u00bb [Photo : Communication UCN]<\/p><\/div><strong>Nouvelles opportunit\u00e9s de collaboration<\/strong><\/p>\n<p>Suite \u00e0 cette participation, de nouvelles initiatives de collaboration sont \u00e0 l\u2019\u00e9tude entre AWR Colombie et plusieurs services de la mairie de Medell\u00edn afin de promouvoir des programmes et des activit\u00e9s b\u00e9n\u00e9fiques \u00e0 la communaut\u00e9, ont indiqu\u00e9 les responsables.<\/p>\n<p>Des programmes tels que \u00ab Matin\u00e9es d\u2019Espoir \u00bb pourraient servir de plateformes d\u2019information o\u00f9 les citoyens peuvent \u00eatre renseign\u00e9s sur les services de soutien, les initiatives de pr\u00e9vention et les actions de proximit\u00e9 ; cela contribuerait \u00e0 am\u00e9liorer l\u2019acc\u00e8s \u00e0 une information opportune et utile.<\/p>\n<p>Les autorit\u00e9s envisagent \u00e9galement d\u2019int\u00e9grer AWR Colombie \u00e0 leur r\u00e9seau de partenaires m\u00e9dias institutionnels pour les futures campagnes et manifestations publiques, renfor\u00e7ant ainsi son r\u00f4le de m\u00e9dia engag\u00e9 dans le bien-\u00eatre de la soci\u00e9t\u00e9.<\/p>\n<p><div id=\"attachment_140201\" style=\"width: 1008px\" class=\"wp-caption aligncenter\"><img loading=\"lazy\" decoding=\"async\" aria-describedby=\"caption-attachment-140201\" class=\"size-full wp-image-140201\" src=\"https:\/\/interamerica.org\/wp-content\/uploads\/2026\/03\/nocu-team-redhands.png\" alt=\"\" width=\"998\" height=\"748\" srcset=\"https:\/\/interamerica.org\/wp-content\/uploads\/2026\/03\/nocu-team-redhands.png 998w, https:\/\/interamerica.org\/wp-content\/uploads\/2026\/03\/nocu-team-redhands-300x225.png 300w, https:\/\/interamerica.org\/wp-content\/uploads\/2026\/03\/nocu-team-redhands-768x576.png 768w\" sizes=\"(max-width: 998px) 100vw, 998px\" \/><p id=\"caption-attachment-140201\" class=\"wp-caption-text\">L\u2019\u00e9quipe d\u2019AWR Colombie se tient aux c\u00f4t\u00e9s des organisateurs de la comm\u00e9moration de la Journ\u00e9e des Mains Rouges, elle est rejointe par des repr\u00e9sentants de l\u2019Arm\u00e9e Nationale Colombienne et de la Police Nationale. [Photo : Communication UCN]<\/p><\/div><strong>L\u2019\u00e9ducation, oui ; la guerre, non <\/strong><\/p>\n<p>La manifestation qui avait pour th\u00e8me \u00ab L\u2019\u00c9ducation, Oui ; la Guerre, Non : les Mains Libres pour R\u00eaver, \u00bb comprenait des activit\u00e9s \u00e9ducatives et une marche symbolique \u00e0 travers le complexe sportif, afin de r\u00e9affirmer l\u2019engagement de la ville envers la protection des enfants.<\/p>\n<p>Pour l\u2019\u00c9glise adventiste, participer \u00e0 des initiatives comme celle-ci refl\u00e8te sa mission biblique et sociale, a d\u00e9clar\u00e9 pasteur Gabriel Moreno, directeur de la communication de l\u2019Union du Nord de la Colombie. Il a cit\u00e9 le passage biblique : \u00ab Instruis l&rsquo;enfant selon la voie qu&rsquo;il doit suivre; Et quand il sera vieux, il ne s&rsquo;en d\u00e9tournera pas. \u00bb (Proverbes 22:6).<\/p>\n<p>Dans un contexte o\u00f9 de nombreux enfants sont confront\u00e9s aux risques li\u00e9s aux conflits et \u00e0 la violence, l\u2019\u00c9glise demeure d\u00e9termin\u00e9e \u00e0 \u00eatre une voix d\u2019espoir en promouvant l\u2019\u00e9ducation, les valeurs chr\u00e9tiennes et le service communautaire, a d\u00e9clar\u00e9 pasteur Omar Pi\u00f1a, directeur des minist\u00e8res de la jeunesse de l\u2019Union du Nord de la Colombie. \u00ab Prot\u00e9ger les enfants est une responsabilit\u00e9 \u00e0 la fois spirituelle et sociale. \u00bb<\/p>\n<p>Traduction: Patrick Luciathe<\/p>\n","protected":false},"excerpt":{"rendered":"<p>L\u2019Arm\u00e9e Nationale souligne l\u2019impact qu\u2019a le minist\u00e8re de la radio aupr\u00e8s des communaut\u00e9s dans tout le pays. 11 Mars 2026 | Medell\u00edn, Antioquia, Colombie | Cristin Serrano, UCN et Actualit\u00e9s&#8230;<\/p>\n","protected":false},"author":3,"featured_media":140283,"comment_status":"closed","ping_status":"closed","sticky":false,"template":"","format":"standard","meta":{"_acf_changed":false,"footnotes":""},"categories":[21,19],"tags":[],"class_list":["post-140280","post","type-post","status-publish","format-standard","has-post-thumbnail","hentry","category-nouvelles-du-territoire","category-rss-francais"],"acf":[],"yoast_head":"<!-- This site is optimized with the Yoast SEO plugin v27.3 - https:\/\/yoast.com\/product\/yoast-seo-wordpress\/ -->\n<title>Une station de radio adventiste en Colombie prend part \u00e0 la &#039;Journ\u00e9e des Mains Rouges&#039; pour la protection des enfants - \u00c9glise Adventiste Du Septieme Jour - Inter Am\u00e9rique Division<\/title>\n<meta name=\"robots\" content=\"index, follow, max-snippet:-1, max-image-preview:large, max-video-preview:-1\" \/>\n<link rel=\"canonical\" href=\"https:\/\/interamerica.org\/fr\/2026\/03\/une-station-de-radio-adventiste-en-colombie-prend-part-a-la-journee-des-mains-rouges-pour-la-protection-des-enfants\/\" \/>\n<meta property=\"og:locale\" content=\"fr_FR\" \/>\n<meta property=\"og:type\" content=\"article\" \/>\n<meta property=\"og:title\" content=\"Une station de radio adventiste en Colombie prend part \u00e0 la &#039;Journ\u00e9e des Mains Rouges&#039; pour la protection des enfants - \u00c9glise Adventiste Du Septieme Jour - Inter Am\u00e9rique Division\" \/>\n<meta property=\"og:description\" content=\"L\u2019Arm\u00e9e Nationale souligne l\u2019impact qu\u2019a le minist\u00e8re de la radio aupr\u00e8s des communaut\u00e9s dans tout le pays. 11 Mars 2026 | Medell\u00edn, Antioquia, Colombie | Cristin Serrano, UCN et Actualit\u00e9s...\" \/>\n<meta property=\"og:url\" content=\"https:\/\/interamerica.org\/fr\/2026\/03\/une-station-de-radio-adventiste-en-colombie-prend-part-a-la-journee-des-mains-rouges-pour-la-protection-des-enfants\/\" \/>\n<meta property=\"og:site_name\" content=\"\u00c9glise Adventiste Du Septieme Jour - Inter Am\u00e9rique Division\" \/>\n<meta property=\"article:published_time\" content=\"2026-03-11T22:12:32+00:00\" \/>\n<meta property=\"article:modified_time\" content=\"2026-03-12T00:23:29+00:00\" \/>\n<meta property=\"og:image\" content=\"https:\/\/interamerica.org\/wp-content\/uploads\/2026\/03\/nocu-stage-redhands-commemoration.png\" \/>\n\t<meta property=\"og:image:width\" content=\"1000\" \/>\n\t<meta property=\"og:image:height\" content=\"748\" \/>\n\t<meta property=\"og:image:type\" content=\"image\/png\" \/>\n<meta name=\"author\" content=\"libna\" \/>\n<meta name=\"twitter:card\" content=\"summary_large_image\" \/>\n<meta name=\"twitter:label1\" content=\"\u00c9crit par\" \/>\n\t<meta name=\"twitter:data1\" content=\"libna\" \/>\n\t<meta name=\"twitter:label2\" content=\"Dur\u00e9e de lecture estim\u00e9e\" \/>\n\t<meta name=\"twitter:data2\" content=\"7 minutes\" \/>\n<script type=\"application\/ld+json\" class=\"yoast-schema-graph\">{\"@context\":\"https:\\\/\\\/schema.org\",\"@graph\":[{\"@type\":\"Article\",\"@id\":\"https:\\\/\\\/interamerica.org\\\/fr\\\/2026\\\/03\\\/une-station-de-radio-adventiste-en-colombie-prend-part-a-la-journee-des-mains-rouges-pour-la-protection-des-enfants\\\/#article\",\"isPartOf\":{\"@id\":\"https:\\\/\\\/interamerica.org\\\/fr\\\/2026\\\/03\\\/une-station-de-radio-adventiste-en-colombie-prend-part-a-la-journee-des-mains-rouges-pour-la-protection-des-enfants\\\/\"},\"author\":{\"name\":\"libna\",\"@id\":\"https:\\\/\\\/interamerica.org\\\/fr\\\/#\\\/schema\\\/person\\\/29998f2bc2d8bd0d38662909289b54f1\"},\"headline\":\"Une station de radio adventiste en Colombie prend part \u00e0 la &lsquo;Journ\u00e9e des Mains Rouges&rsquo; pour la protection des enfants\",\"datePublished\":\"2026-03-11T22:12:32+00:00\",\"dateModified\":\"2026-03-12T00:23:29+00:00\",\"mainEntityOfPage\":{\"@id\":\"https:\\\/\\\/interamerica.org\\\/fr\\\/2026\\\/03\\\/une-station-de-radio-adventiste-en-colombie-prend-part-a-la-journee-des-mains-rouges-pour-la-protection-des-enfants\\\/\"},\"wordCount\":1350,\"image\":{\"@id\":\"https:\\\/\\\/interamerica.org\\\/fr\\\/2026\\\/03\\\/une-station-de-radio-adventiste-en-colombie-prend-part-a-la-journee-des-mains-rouges-pour-la-protection-des-enfants\\\/#primaryimage\"},\"thumbnailUrl\":\"https:\\\/\\\/interamerica.org\\\/wp-content\\\/uploads\\\/2026\\\/03\\\/nocu-stage-redhands-commemoration.png\",\"articleSection\":[\"Nouvelles du territoire\",\"RSS Fran\u00e7ais\"],\"inLanguage\":\"fr-FR\"},{\"@type\":\"WebPage\",\"@id\":\"https:\\\/\\\/interamerica.org\\\/fr\\\/2026\\\/03\\\/une-station-de-radio-adventiste-en-colombie-prend-part-a-la-journee-des-mains-rouges-pour-la-protection-des-enfants\\\/\",\"url\":\"https:\\\/\\\/interamerica.org\\\/fr\\\/2026\\\/03\\\/une-station-de-radio-adventiste-en-colombie-prend-part-a-la-journee-des-mains-rouges-pour-la-protection-des-enfants\\\/\",\"name\":\"Une station de radio adventiste en Colombie prend part \u00e0 la 'Journ\u00e9e des Mains Rouges' pour la protection des enfants - \u00c9glise Adventiste Du Septieme Jour - Inter Am\u00e9rique Division\",\"isPartOf\":{\"@id\":\"https:\\\/\\\/interamerica.org\\\/fr\\\/#website\"},\"primaryImageOfPage\":{\"@id\":\"https:\\\/\\\/interamerica.org\\\/fr\\\/2026\\\/03\\\/une-station-de-radio-adventiste-en-colombie-prend-part-a-la-journee-des-mains-rouges-pour-la-protection-des-enfants\\\/#primaryimage\"},\"image\":{\"@id\":\"https:\\\/\\\/interamerica.org\\\/fr\\\/2026\\\/03\\\/une-station-de-radio-adventiste-en-colombie-prend-part-a-la-journee-des-mains-rouges-pour-la-protection-des-enfants\\\/#primaryimage\"},\"thumbnailUrl\":\"https:\\\/\\\/interamerica.org\\\/wp-content\\\/uploads\\\/2026\\\/03\\\/nocu-stage-redhands-commemoration.png\",\"datePublished\":\"2026-03-11T22:12:32+00:00\",\"dateModified\":\"2026-03-12T00:23:29+00:00\",\"author\":{\"@id\":\"https:\\\/\\\/interamerica.org\\\/fr\\\/#\\\/schema\\\/person\\\/29998f2bc2d8bd0d38662909289b54f1\"},\"breadcrumb\":{\"@id\":\"https:\\\/\\\/interamerica.org\\\/fr\\\/2026\\\/03\\\/une-station-de-radio-adventiste-en-colombie-prend-part-a-la-journee-des-mains-rouges-pour-la-protection-des-enfants\\\/#breadcrumb\"},\"inLanguage\":\"fr-FR\",\"potentialAction\":[{\"@type\":\"ReadAction\",\"target\":[\"https:\\\/\\\/interamerica.org\\\/fr\\\/2026\\\/03\\\/une-station-de-radio-adventiste-en-colombie-prend-part-a-la-journee-des-mains-rouges-pour-la-protection-des-enfants\\\/\"]}]},{\"@type\":\"ImageObject\",\"inLanguage\":\"fr-FR\",\"@id\":\"https:\\\/\\\/interamerica.org\\\/fr\\\/2026\\\/03\\\/une-station-de-radio-adventiste-en-colombie-prend-part-a-la-journee-des-mains-rouges-pour-la-protection-des-enfants\\\/#primaryimage\",\"url\":\"https:\\\/\\\/interamerica.org\\\/wp-content\\\/uploads\\\/2026\\\/03\\\/nocu-stage-redhands-commemoration.png\",\"contentUrl\":\"https:\\\/\\\/interamerica.org\\\/wp-content\\\/uploads\\\/2026\\\/03\\\/nocu-stage-redhands-commemoration.png\",\"width\":1000,\"height\":748,\"caption\":\"Pasteur Omar Pi\u00f1a, directeur des minist\u00e8res de la jeunesse de l\u2019Union du Nord de la Colombie, prononce une pri\u00e8re lors de la comm\u00e9moration de la Journ\u00e9e Internationale des Mains Rouges au Parque de las Banderas \u00e0 Medell\u00edn, en Colombie, le 22 f\u00e9vrier 2026. [Photo : Communications UCN]\"},{\"@type\":\"BreadcrumbList\",\"@id\":\"https:\\\/\\\/interamerica.org\\\/fr\\\/2026\\\/03\\\/une-station-de-radio-adventiste-en-colombie-prend-part-a-la-journee-des-mains-rouges-pour-la-protection-des-enfants\\\/#breadcrumb\",\"itemListElement\":[{\"@type\":\"ListItem\",\"position\":1,\"name\":\"Home\",\"item\":\"https:\\\/\\\/interamerica.org\\\/fr\\\/\"},{\"@type\":\"ListItem\",\"position\":2,\"name\":\"Une station de radio adventiste en Colombie prend part \u00e0 la &#8216;Journ\u00e9e des Mains Rouges&#8217; pour la protection des enfants\"}]},{\"@type\":\"WebSite\",\"@id\":\"https:\\\/\\\/interamerica.org\\\/fr\\\/#website\",\"url\":\"https:\\\/\\\/interamerica.org\\\/fr\\\/\",\"name\":\"\u00c9glise Adventiste Du Septieme Jour - Inter Am\u00e9rique Division\",\"description\":\"\",\"potentialAction\":[{\"@type\":\"SearchAction\",\"target\":{\"@type\":\"EntryPoint\",\"urlTemplate\":\"https:\\\/\\\/interamerica.org\\\/fr\\\/?s={search_term_string}\"},\"query-input\":{\"@type\":\"PropertyValueSpecification\",\"valueRequired\":true,\"valueName\":\"search_term_string\"}}],\"inLanguage\":\"fr-FR\"},{\"@type\":\"Person\",\"@id\":\"https:\\\/\\\/interamerica.org\\\/fr\\\/#\\\/schema\\\/person\\\/29998f2bc2d8bd0d38662909289b54f1\",\"name\":\"libna\",\"image\":{\"@type\":\"ImageObject\",\"inLanguage\":\"fr-FR\",\"@id\":\"https:\\\/\\\/secure.gravatar.com\\\/avatar\\\/7c5bd30ae4b47a9ba3c856590957fd1d96dc588bf3ac05719d247e126840331f?s=96&d=mm&r=g\",\"url\":\"https:\\\/\\\/secure.gravatar.com\\\/avatar\\\/7c5bd30ae4b47a9ba3c856590957fd1d96dc588bf3ac05719d247e126840331f?s=96&d=mm&r=g\",\"contentUrl\":\"https:\\\/\\\/secure.gravatar.com\\\/avatar\\\/7c5bd30ae4b47a9ba3c856590957fd1d96dc588bf3ac05719d247e126840331f?s=96&d=mm&r=g\",\"caption\":\"libna\"}}]}<\/script>\n<!-- \/ Yoast SEO plugin. -->","yoast_head_json":{"title":"Une station de radio adventiste en Colombie prend part \u00e0 la 'Journ\u00e9e des Mains Rouges' pour la protection des enfants - \u00c9glise Adventiste Du Septieme Jour - Inter Am\u00e9rique Division","robots":{"index":"index","follow":"follow","max-snippet":"max-snippet:-1","max-image-preview":"max-image-preview:large","max-video-preview":"max-video-preview:-1"},"canonical":"https:\/\/interamerica.org\/fr\/2026\/03\/une-station-de-radio-adventiste-en-colombie-prend-part-a-la-journee-des-mains-rouges-pour-la-protection-des-enfants\/","og_locale":"fr_FR","og_type":"article","og_title":"Une station de radio adventiste en Colombie prend part \u00e0 la 'Journ\u00e9e des Mains Rouges' pour la protection des enfants - \u00c9glise Adventiste Du Septieme Jour - Inter Am\u00e9rique Division","og_description":"L\u2019Arm\u00e9e Nationale souligne l\u2019impact qu\u2019a le minist\u00e8re de la radio aupr\u00e8s des communaut\u00e9s dans tout le pays. 11 Mars 2026 | Medell\u00edn, Antioquia, Colombie | Cristin Serrano, UCN et Actualit\u00e9s...","og_url":"https:\/\/interamerica.org\/fr\/2026\/03\/une-station-de-radio-adventiste-en-colombie-prend-part-a-la-journee-des-mains-rouges-pour-la-protection-des-enfants\/","og_site_name":"\u00c9glise Adventiste Du Septieme Jour - Inter Am\u00e9rique Division","article_published_time":"2026-03-11T22:12:32+00:00","article_modified_time":"2026-03-12T00:23:29+00:00","og_image":[{"width":1000,"height":748,"url":"https:\/\/interamerica.org\/wp-content\/uploads\/2026\/03\/nocu-stage-redhands-commemoration.png","type":"image\/png"}],"author":"libna","twitter_card":"summary_large_image","twitter_misc":{"\u00c9crit par":"libna","Dur\u00e9e de lecture estim\u00e9e":"7 minutes"},"schema":{"@context":"https:\/\/schema.org","@graph":[{"@type":"Article","@id":"https:\/\/interamerica.org\/fr\/2026\/03\/une-station-de-radio-adventiste-en-colombie-prend-part-a-la-journee-des-mains-rouges-pour-la-protection-des-enfants\/#article","isPartOf":{"@id":"https:\/\/interamerica.org\/fr\/2026\/03\/une-station-de-radio-adventiste-en-colombie-prend-part-a-la-journee-des-mains-rouges-pour-la-protection-des-enfants\/"},"author":{"name":"libna","@id":"https:\/\/interamerica.org\/fr\/#\/schema\/person\/29998f2bc2d8bd0d38662909289b54f1"},"headline":"Une station de radio adventiste en Colombie prend part \u00e0 la &lsquo;Journ\u00e9e des Mains Rouges&rsquo; pour la protection des enfants","datePublished":"2026-03-11T22:12:32+00:00","dateModified":"2026-03-12T00:23:29+00:00","mainEntityOfPage":{"@id":"https:\/\/interamerica.org\/fr\/2026\/03\/une-station-de-radio-adventiste-en-colombie-prend-part-a-la-journee-des-mains-rouges-pour-la-protection-des-enfants\/"},"wordCount":1350,"image":{"@id":"https:\/\/interamerica.org\/fr\/2026\/03\/une-station-de-radio-adventiste-en-colombie-prend-part-a-la-journee-des-mains-rouges-pour-la-protection-des-enfants\/#primaryimage"},"thumbnailUrl":"https:\/\/interamerica.org\/wp-content\/uploads\/2026\/03\/nocu-stage-redhands-commemoration.png","articleSection":["Nouvelles du territoire","RSS Fran\u00e7ais"],"inLanguage":"fr-FR"},{"@type":"WebPage","@id":"https:\/\/interamerica.org\/fr\/2026\/03\/une-station-de-radio-adventiste-en-colombie-prend-part-a-la-journee-des-mains-rouges-pour-la-protection-des-enfants\/","url":"https:\/\/interamerica.org\/fr\/2026\/03\/une-station-de-radio-adventiste-en-colombie-prend-part-a-la-journee-des-mains-rouges-pour-la-protection-des-enfants\/","name":"Une station de radio adventiste en Colombie prend part \u00e0 la 'Journ\u00e9e des Mains Rouges' pour la protection des enfants - \u00c9glise Adventiste Du Septieme Jour - Inter Am\u00e9rique Division","isPartOf":{"@id":"https:\/\/interamerica.org\/fr\/#website"},"primaryImageOfPage":{"@id":"https:\/\/interamerica.org\/fr\/2026\/03\/une-station-de-radio-adventiste-en-colombie-prend-part-a-la-journee-des-mains-rouges-pour-la-protection-des-enfants\/#primaryimage"},"image":{"@id":"https:\/\/interamerica.org\/fr\/2026\/03\/une-station-de-radio-adventiste-en-colombie-prend-part-a-la-journee-des-mains-rouges-pour-la-protection-des-enfants\/#primaryimage"},"thumbnailUrl":"https:\/\/interamerica.org\/wp-content\/uploads\/2026\/03\/nocu-stage-redhands-commemoration.png","datePublished":"2026-03-11T22:12:32+00:00","dateModified":"2026-03-12T00:23:29+00:00","author":{"@id":"https:\/\/interamerica.org\/fr\/#\/schema\/person\/29998f2bc2d8bd0d38662909289b54f1"},"breadcrumb":{"@id":"https:\/\/interamerica.org\/fr\/2026\/03\/une-station-de-radio-adventiste-en-colombie-prend-part-a-la-journee-des-mains-rouges-pour-la-protection-des-enfants\/#breadcrumb"},"inLanguage":"fr-FR","potentialAction":[{"@type":"ReadAction","target":["https:\/\/interamerica.org\/fr\/2026\/03\/une-station-de-radio-adventiste-en-colombie-prend-part-a-la-journee-des-mains-rouges-pour-la-protection-des-enfants\/"]}]},{"@type":"ImageObject","inLanguage":"fr-FR","@id":"https:\/\/interamerica.org\/fr\/2026\/03\/une-station-de-radio-adventiste-en-colombie-prend-part-a-la-journee-des-mains-rouges-pour-la-protection-des-enfants\/#primaryimage","url":"https:\/\/interamerica.org\/wp-content\/uploads\/2026\/03\/nocu-stage-redhands-commemoration.png","contentUrl":"https:\/\/interamerica.org\/wp-content\/uploads\/2026\/03\/nocu-stage-redhands-commemoration.png","width":1000,"height":748,"caption":"Pasteur Omar Pi\u00f1a, directeur des minist\u00e8res de la jeunesse de l\u2019Union du Nord de la Colombie, prononce une pri\u00e8re lors de la comm\u00e9moration de la Journ\u00e9e Internationale des Mains Rouges au Parque de las Banderas \u00e0 Medell\u00edn, en Colombie, le 22 f\u00e9vrier 2026. [Photo : Communications UCN]"},{"@type":"BreadcrumbList","@id":"https:\/\/interamerica.org\/fr\/2026\/03\/une-station-de-radio-adventiste-en-colombie-prend-part-a-la-journee-des-mains-rouges-pour-la-protection-des-enfants\/#breadcrumb","itemListElement":[{"@type":"ListItem","position":1,"name":"Home","item":"https:\/\/interamerica.org\/fr\/"},{"@type":"ListItem","position":2,"name":"Une station de radio adventiste en Colombie prend part \u00e0 la &#8216;Journ\u00e9e des Mains Rouges&#8217; pour la protection des enfants"}]},{"@type":"WebSite","@id":"https:\/\/interamerica.org\/fr\/#website","url":"https:\/\/interamerica.org\/fr\/","name":"\u00c9glise Adventiste Du Septieme Jour - Inter Am\u00e9rique Division","description":"","potentialAction":[{"@type":"SearchAction","target":{"@type":"EntryPoint","urlTemplate":"https:\/\/interamerica.org\/fr\/?s={search_term_string}"},"query-input":{"@type":"PropertyValueSpecification","valueRequired":true,"valueName":"search_term_string"}}],"inLanguage":"fr-FR"},{"@type":"Person","@id":"https:\/\/interamerica.org\/fr\/#\/schema\/person\/29998f2bc2d8bd0d38662909289b54f1","name":"libna","image":{"@type":"ImageObject","inLanguage":"fr-FR","@id":"https:\/\/secure.gravatar.com\/avatar\/7c5bd30ae4b47a9ba3c856590957fd1d96dc588bf3ac05719d247e126840331f?s=96&d=mm&r=g","url":"https:\/\/secure.gravatar.com\/avatar\/7c5bd30ae4b47a9ba3c856590957fd1d96dc588bf3ac05719d247e126840331f?s=96&d=mm&r=g","contentUrl":"https:\/\/secure.gravatar.com\/avatar\/7c5bd30ae4b47a9ba3c856590957fd1d96dc588bf3ac05719d247e126840331f?s=96&d=mm&r=g","caption":"libna"}}]}},"_links":{"self":[{"href":"https:\/\/interamerica.org\/fr\/wp-json\/wp\/v2\/posts\/140280","targetHints":{"allow":["GET"]}}],"collection":[{"href":"https:\/\/interamerica.org\/fr\/wp-json\/wp\/v2\/posts"}],"about":[{"href":"https:\/\/interamerica.org\/fr\/wp-json\/wp\/v2\/types\/post"}],"author":[{"embeddable":true,"href":"https:\/\/interamerica.org\/fr\/wp-json\/wp\/v2\/users\/3"}],"replies":[{"embeddable":true,"href":"https:\/\/interamerica.org\/fr\/wp-json\/wp\/v2\/comments?post=140280"}],"version-history":[{"count":1,"href":"https:\/\/interamerica.org\/fr\/wp-json\/wp\/v2\/posts\/140280\/revisions"}],"predecessor-version":[{"id":140291,"href":"https:\/\/interamerica.org\/fr\/wp-json\/wp\/v2\/posts\/140280\/revisions\/140291"}],"wp:featuredmedia":[{"embeddable":true,"href":"https:\/\/interamerica.org\/fr\/wp-json\/wp\/v2\/media\/140283"}],"wp:attachment":[{"href":"https:\/\/interamerica.org\/fr\/wp-json\/wp\/v2\/media?parent=140280"}],"wp:term":[{"taxonomy":"category","embeddable":true,"href":"https:\/\/interamerica.org\/fr\/wp-json\/wp\/v2\/categories?post=140280"},{"taxonomy":"post_tag","embeddable":true,"href":"https:\/\/interamerica.org\/fr\/wp-json\/wp\/v2\/tags?post=140280"}],"curies":[{"name":"wp","href":"https:\/\/api.w.org\/{rel}","templated":true}]}}