{"id":140303,"date":"2026-03-08T15:46:49","date_gmt":"2026-03-08T19:46:49","guid":{"rendered":"https:\/\/interamerica.org\/?p=140303"},"modified":"2026-03-10T15:29:04","modified_gmt":"2026-03-10T19:29:04","slug":"un-episode-de-creative-disciples-souligne-la-puissance-du-visuel","status":"publish","type":"post","link":"https:\/\/interamerica.org\/fr\/2026\/03\/un-episode-de-creative-disciples-souligne-la-puissance-du-visuel\/","title":{"rendered":"Un \u00e9pisode de \u2018Creative Disciples\u2019 souligne la puissance du visuel"},"content":{"rendered":"<p><i><span style=\"font-weight: 400;\">Licci Zemleduch partage des principes conceptuels pour aider les communicatrices de l\u2019\u00c9glise \u00e0 faire visualiser leur message et \u00e0 atteindre un auditoire plus vaste.<\/span><\/i><\/p>\n<p><span style=\"font-weight: 400;\">Le 8 mars 2026 | Miami, Floride, \u00c9tats-Unis | Libna Stevens, Actualit\u00e9s de la Division interam\u00e9ricaine<\/span><\/p>\n<p><span style=\"font-weight: 400;\">Les communicatrices de l\u2019\u00c9glise et les dirigeantes minist\u00e9rielles se sont faites rappeler la puissance des histoires visuelles lors d\u2019un \u00e9pisode de <\/span><i><span style=\"font-weight: 400;\">Creative Disciples<\/span><\/i><span style=\"font-weight: 400;\"> (\u00ab\u00a0Disciples cr\u00e9atives\u00a0\u00bb) anim\u00e9e par Licci Zemleduch, directrice du Centre de l\u2019Innovation et de l\u2019entrepreneuriat de l\u2019Universit\u00e9 adventiste Southwestern \u00e0 Keene, dans l\u2019\u00c9tat am\u00e9ricain du Texas.<\/span><\/p>\n<p><span style=\"font-weight: 400;\">Mme Zemleduch a partag\u00e9 des principes pratiques pour la conception de messages qui communiquent clairement l\u2019espoir et la mission dans un monde o\u00f9 le visuel est pris\u00e9.<\/span><\/p>\n<p><span style=\"font-weight: 400;\">\u00ab\u00a0Le langage visuel est universel, a-t-elle dit. Il s\u2019agit d\u2019un outil particuli\u00e8rement puissant pour communiquer un message que des gens de partout peuvent comprendre.\u00a0\u00bb<\/span><\/p>\n<p><span style=\"font-weight: 400;\">\u00ab\u00a0Elle a illustr\u00e9 l\u2019importance de la communication visuelle par l\u2019histoire personnelle d\u2019un voyage en Chine au d\u00e9but des ann\u00e9es 2000. Apr\u00e8s un long voyage \u00e0 P\u00e9kin, Mme Zemleduch a r\u00e9alis\u00e9 que les barri\u00e8res linguistiques compliquaient m\u00eame les t\u00e2ches simples. L\u2019acc\u00e8s \u00e0 l\u2019anglais \u00e9tant limit\u00e9 l\u00e0 o\u00f9 ils \u00e9taient, elle et ses compagnons d\u00e9pendaient fortement d\u2019indices visuels, de symboles et de photos pour se d\u00e9placer, trouver des restaurants et commander de la nourriture.<\/span><\/p>\n<p><span style=\"font-weight: 400;\">\u00ab\u00a0Cette exp\u00e9rience a renforc\u00e9 quelque chose que j\u2019ai toujours cru, a-t-elle dit. Les images transcendent les cultures, contrairement aux paroles.\u00a0\u00bb<\/span><\/p>\n<p><b>Conception visuelle efficace<\/b><\/p>\n<p><span style=\"font-weight: 400;\">Lors de sa pr\u00e9sentation, Mme Zemleduch a expos\u00e9 quatre principes fondamentaux pour la conception d\u2019effets visuels qui communiquent efficacement un message.<\/span><\/p>\n<p><span style=\"font-weight: 400;\">Le premier principe est la clart\u00e9 d\u2019objectif. Avant de penser aux couleurs, aux polices et aux agencements, les communicateurs doivent d\u2019abord identifier leur auditoire et le message dont ils veulent qu\u2019il se souvienne.<\/span><\/p>\n<p><span style=\"font-weight: 400;\">\u00ab\u00a0La conception ne commence pas par un joli plan, mais par une id\u00e9e claire, a expliqu\u00e9 Mme Zemleduch. Que voulons-nous communiquer? De quoi les gens devraient-ils se souvenir apr\u00e8s avoir \u00e9cout\u00e9 le message?\u00a0\u00bb<\/span><\/p>\n<p><span style=\"font-weight: 400;\">Elle a encourag\u00e9 les dirigeantes minist\u00e9rielles \u00e0 r\u00e9fl\u00e9chir \u00e0 la r\u00e9action qu\u2019elles veulent susciter chez leur auditoire, comme s\u2019inscrire \u00e0 un \u00e9v\u00e9nement, visiter un site internet ou participer \u00e0 une activit\u00e9 d\u2019\u00e9glise.<\/span><\/p>\n<p><span style=\"font-weight: 400;\">Le deuxi\u00e8me principe consiste \u00e0 reconna\u00eetre que le design traduit des \u00e9motions. Les choix de typographies, de couleurs et d\u2019agencements aident \u00e0 communiquer sens et sentiments.<\/span><\/p>\n<p><span style=\"font-weight: 400;\">\u00ab\u00a0Les polices ont une personnalit\u00e9, a-t-elle expliqu\u00e9. Certaines transmettent l\u2019\u00e9l\u00e9gance, d\u2019autres la gaiet\u00e9. Les couleurs communiquent \u00e9galement des \u00e9motions \u2014 le jaune est joyeux et \u00e9nergique alors que le bleu exprime souvent la paix et le clame.\u00a0\u00bb<\/span><\/p>\n<p><span style=\"font-weight: 400;\">Le troisi\u00e8me principe est ax\u00e9 sur la puissance des images pour raconter des histoires.<\/span><\/p>\n<p><span style=\"font-weight: 400;\">\u00ab\u00a0Une image vaut mille mots, a dit Mme Zemleduch. Les images connectent les gens \u00e9motionnellement et les aident \u00e0 comprendre le message que nous voulons transmettre.\u00a0\u00bb<\/span><\/p>\n<p><span style=\"font-weight: 400;\">Elle a encourag\u00e9 les conceptrices \u00e0 choisir des images qui repr\u00e9sentent clairement le concept qu\u2019elles partagent, qu\u2019il s\u2019agisse de communaut\u00e9, d\u2019amour, de service ou de foi.<\/span><\/p>\n<p><span style=\"font-weight: 400;\">Le quatri\u00e8me principe consiste \u00e0 utiliser les outils d\u00e9j\u00e0 disponibles.<\/span><\/p>\n<p><span style=\"font-weight: 400;\">\u00ab\u00a0Nous sommes nombreuses \u00e0 d\u00e9j\u00e0 avoir tout ce dont nous avons besoin, a-t-elle dit. Nous avons des t\u00e9l\u00e9phones dot\u00e9s de cam\u00e9ras, un acc\u00e8s internet et des plateformes de design qui peuvent nous aider \u00e0 cr\u00e9er des effets visuels significatifs.\u00a0\u00bb<\/span><\/p>\n<p><b>Encourager la cr\u00e9ativit\u00e9 dans le minist\u00e8re<\/b><\/p>\n<p><span style=\"font-weight: 400;\">Mme Zemleduch a insist\u00e9 pour dire que la cr\u00e9ativit\u00e9 ne se limite pas aux concepteurs visuels professionnels, mais qu\u2019il s\u2019agit d\u2019une comp\u00e9tence que n\u2019importe qui peut d\u00e9velopper par la pratique.<\/span><\/p>\n<p><span style=\"font-weight: 400;\">\u00ab\u00a0La lumi\u00e8re est l\u2019\u00e9l\u00e9ment le plus important d\u2019une bonne photo, a-t-elle mentionn\u00e9. M\u00eame avec un t\u00e9l\u00e9phone cellulaire, vous pouvez prendre des images r\u00e9v\u00e9latrices en portant attention \u00e0 l\u2019\u00e9clairage, aux angles et \u00e0 la composition.\u00a0\u00bb<\/span><\/p>\n<p><span style=\"font-weight: 400;\">Elle a encourag\u00e9 les participantes \u00e0 am\u00e9liorer leurs comp\u00e9tences cr\u00e9atives gr\u00e2ce \u00e0 un exercice simple\u00a0: prendre dix photos par jour pendant une semaine en se concentrant chaque jour sur une couleur diff\u00e9rente pour aiguiser leur attention aux d\u00e9tails visuels.\u00a0<\/span><\/p>\n<p><span style=\"font-weight: 400;\">L\u2019objectif, a-t-elle expliqu\u00e9, consiste \u00e0 aider les communicatrices \u00e0 observer le monde plus attentivement et \u00e0 apprendre \u00e0 traduire des moments de tous les jours en messages visuels significatifs.<\/span><\/p>\n<p><span style=\"font-weight: 400;\">\u00ab\u00a0Dieu nous a cr\u00e9\u00e9s pour \u00eatre cr\u00e9atifs, a dit Mme Zemleduch. La cr\u00e9ativit\u00e9 est un cadeau qui se d\u00e9veloppe avec la pratique.\u00a0\u00bb<\/span><\/p>\n<p><span style=\"font-weight: 400;\">Alors que les dirigeantes d\u2019\u00e9glise continuent d\u2019exploiter de nouvelles fa\u00e7ons d\u2019int\u00e9resser les communaut\u00e9s et de propager l\u2019\u00c9vangile, Mme Zemleduch les a encourag\u00e9es \u00e0 user intentionnellement de cr\u00e9ativit\u00e9.<\/span><\/p>\n<p><span style=\"font-weight: 400;\">\u00ab\u00a0Chaque fois que nous cr\u00e9ons quelque chose, nous communiquons quelque chose, a-t-elle dit. Communiquons au monde l\u2019espoir, l\u2019esprit de communaut\u00e9 et l\u2019amour.\u00a0\u00bb<\/span><\/p>\n<p>Traduction : Marie-Mich\u00e8le Robitaille<\/p>\n<p><iframe title=\"Visualizing the Message | Creative Disciples | Episode 5\" width=\"500\" height=\"281\" src=\"https:\/\/www.youtube.com\/embed\/dxeHt3PBvQw?feature=oembed\" frameborder=\"0\" allow=\"accelerometer; autoplay; clipboard-write; encrypted-media; gyroscope; picture-in-picture; web-share\" referrerpolicy=\"strict-origin-when-cross-origin\" allowfullscreen><\/iframe><\/p>\n<p>&nbsp;<\/p>\n","protected":false},"excerpt":{"rendered":"<p>Licci Zemleduch partage des principes conceptuels pour aider les communicatrices de l\u2019\u00c9glise \u00e0 faire visualiser leur message et \u00e0 atteindre un auditoire plus vaste. Le 8 mars 2026 | Miami,&#8230;<\/p>\n","protected":false},"author":3,"featured_media":140006,"comment_status":"closed","ping_status":"closed","sticky":false,"template":"","format":"standard","meta":{"_acf_changed":false,"footnotes":""},"categories":[20,19],"tags":[],"class_list":["post-140303","post","type-post","status-publish","format-standard","has-post-thumbnail","hentry","category-nouvelles-du-siege-de-la-division","category-rss-francais"],"acf":[],"yoast_head":"<!-- This site is optimized with the Yoast SEO plugin v27.3 - https:\/\/yoast.com\/product\/yoast-seo-wordpress\/ -->\n<title>Un \u00e9pisode de \u2018Creative Disciples\u2019 souligne la puissance du visuel - \u00c9glise Adventiste Du Septieme Jour - Inter Am\u00e9rique Division<\/title>\n<meta name=\"robots\" content=\"index, follow, max-snippet:-1, max-image-preview:large, max-video-preview:-1\" \/>\n<link rel=\"canonical\" href=\"https:\/\/interamerica.org\/fr\/2026\/03\/un-episode-de-creative-disciples-souligne-la-puissance-du-visuel\/\" \/>\n<meta property=\"og:locale\" content=\"fr_FR\" \/>\n<meta property=\"og:type\" content=\"article\" \/>\n<meta property=\"og:title\" content=\"Un \u00e9pisode de \u2018Creative Disciples\u2019 souligne la puissance du visuel - \u00c9glise Adventiste Du Septieme Jour - Inter Am\u00e9rique Division\" \/>\n<meta property=\"og:description\" content=\"Licci Zemleduch partage des principes conceptuels pour aider les communicatrices de l\u2019\u00c9glise \u00e0 faire visualiser leur message et \u00e0 atteindre un auditoire plus vaste. Le 8 mars 2026 | Miami,...\" \/>\n<meta property=\"og:url\" content=\"https:\/\/interamerica.org\/fr\/2026\/03\/un-episode-de-creative-disciples-souligne-la-puissance-du-visuel\/\" \/>\n<meta property=\"og:site_name\" content=\"\u00c9glise Adventiste Du Septieme Jour - Inter Am\u00e9rique Division\" \/>\n<meta property=\"article:published_time\" content=\"2026-03-08T19:46:49+00:00\" \/>\n<meta property=\"article:modified_time\" content=\"2026-03-10T19:29:04+00:00\" \/>\n<meta property=\"og:image\" content=\"https:\/\/interamerica.org\/wp-content\/uploads\/2026\/03\/captura-de-pantalla-2026-03-05-a-las-43046-pm.png\" \/>\n\t<meta property=\"og:image:width\" content=\"875\" \/>\n\t<meta property=\"og:image:height\" content=\"436\" \/>\n\t<meta property=\"og:image:type\" content=\"image\/png\" \/>\n<meta name=\"author\" content=\"libna\" \/>\n<meta name=\"twitter:card\" content=\"summary_large_image\" \/>\n<meta name=\"twitter:label1\" content=\"\u00c9crit par\" \/>\n\t<meta name=\"twitter:data1\" content=\"libna\" \/>\n\t<meta name=\"twitter:label2\" content=\"Dur\u00e9e de lecture estim\u00e9e\" \/>\n\t<meta name=\"twitter:data2\" content=\"4 minutes\" \/>\n<script type=\"application\/ld+json\" class=\"yoast-schema-graph\">{\"@context\":\"https:\\\/\\\/schema.org\",\"@graph\":[{\"@type\":\"Article\",\"@id\":\"https:\\\/\\\/interamerica.org\\\/fr\\\/2026\\\/03\\\/un-episode-de-creative-disciples-souligne-la-puissance-du-visuel\\\/#article\",\"isPartOf\":{\"@id\":\"https:\\\/\\\/interamerica.org\\\/fr\\\/2026\\\/03\\\/un-episode-de-creative-disciples-souligne-la-puissance-du-visuel\\\/\"},\"author\":{\"name\":\"libna\",\"@id\":\"https:\\\/\\\/interamerica.org\\\/fr\\\/#\\\/schema\\\/person\\\/29998f2bc2d8bd0d38662909289b54f1\"},\"headline\":\"Un \u00e9pisode de \u2018Creative Disciples\u2019 souligne la puissance du visuel\",\"datePublished\":\"2026-03-08T19:46:49+00:00\",\"dateModified\":\"2026-03-10T19:29:04+00:00\",\"mainEntityOfPage\":{\"@id\":\"https:\\\/\\\/interamerica.org\\\/fr\\\/2026\\\/03\\\/un-episode-de-creative-disciples-souligne-la-puissance-du-visuel\\\/\"},\"wordCount\":851,\"image\":{\"@id\":\"https:\\\/\\\/interamerica.org\\\/fr\\\/2026\\\/03\\\/un-episode-de-creative-disciples-souligne-la-puissance-du-visuel\\\/#primaryimage\"},\"thumbnailUrl\":\"https:\\\/\\\/interamerica.org\\\/wp-content\\\/uploads\\\/2026\\\/03\\\/captura-de-pantalla-2026-03-05-a-las-43046-pm.png\",\"articleSection\":[\"Nouvelles du si\u00e8ge de la division\",\"RSS Fran\u00e7ais\"],\"inLanguage\":\"fr-FR\"},{\"@type\":\"WebPage\",\"@id\":\"https:\\\/\\\/interamerica.org\\\/fr\\\/2026\\\/03\\\/un-episode-de-creative-disciples-souligne-la-puissance-du-visuel\\\/\",\"url\":\"https:\\\/\\\/interamerica.org\\\/fr\\\/2026\\\/03\\\/un-episode-de-creative-disciples-souligne-la-puissance-du-visuel\\\/\",\"name\":\"Un \u00e9pisode de \u2018Creative Disciples\u2019 souligne la puissance du visuel - \u00c9glise Adventiste Du Septieme Jour - Inter Am\u00e9rique Division\",\"isPartOf\":{\"@id\":\"https:\\\/\\\/interamerica.org\\\/fr\\\/#website\"},\"primaryImageOfPage\":{\"@id\":\"https:\\\/\\\/interamerica.org\\\/fr\\\/2026\\\/03\\\/un-episode-de-creative-disciples-souligne-la-puissance-du-visuel\\\/#primaryimage\"},\"image\":{\"@id\":\"https:\\\/\\\/interamerica.org\\\/fr\\\/2026\\\/03\\\/un-episode-de-creative-disciples-souligne-la-puissance-du-visuel\\\/#primaryimage\"},\"thumbnailUrl\":\"https:\\\/\\\/interamerica.org\\\/wp-content\\\/uploads\\\/2026\\\/03\\\/captura-de-pantalla-2026-03-05-a-las-43046-pm.png\",\"datePublished\":\"2026-03-08T19:46:49+00:00\",\"dateModified\":\"2026-03-10T19:29:04+00:00\",\"author\":{\"@id\":\"https:\\\/\\\/interamerica.org\\\/fr\\\/#\\\/schema\\\/person\\\/29998f2bc2d8bd0d38662909289b54f1\"},\"breadcrumb\":{\"@id\":\"https:\\\/\\\/interamerica.org\\\/fr\\\/2026\\\/03\\\/un-episode-de-creative-disciples-souligne-la-puissance-du-visuel\\\/#breadcrumb\"},\"inLanguage\":\"fr-FR\",\"potentialAction\":[{\"@type\":\"ReadAction\",\"target\":[\"https:\\\/\\\/interamerica.org\\\/fr\\\/2026\\\/03\\\/un-episode-de-creative-disciples-souligne-la-puissance-du-visuel\\\/\"]}]},{\"@type\":\"ImageObject\",\"inLanguage\":\"fr-FR\",\"@id\":\"https:\\\/\\\/interamerica.org\\\/fr\\\/2026\\\/03\\\/un-episode-de-creative-disciples-souligne-la-puissance-du-visuel\\\/#primaryimage\",\"url\":\"https:\\\/\\\/interamerica.org\\\/wp-content\\\/uploads\\\/2026\\\/03\\\/captura-de-pantalla-2026-03-05-a-las-43046-pm.png\",\"contentUrl\":\"https:\\\/\\\/interamerica.org\\\/wp-content\\\/uploads\\\/2026\\\/03\\\/captura-de-pantalla-2026-03-05-a-las-43046-pm.png\",\"width\":875,\"height\":436},{\"@type\":\"BreadcrumbList\",\"@id\":\"https:\\\/\\\/interamerica.org\\\/fr\\\/2026\\\/03\\\/un-episode-de-creative-disciples-souligne-la-puissance-du-visuel\\\/#breadcrumb\",\"itemListElement\":[{\"@type\":\"ListItem\",\"position\":1,\"name\":\"Home\",\"item\":\"https:\\\/\\\/interamerica.org\\\/fr\\\/\"},{\"@type\":\"ListItem\",\"position\":2,\"name\":\"Un \u00e9pisode de \u2018Creative Disciples\u2019 souligne la puissance du visuel\"}]},{\"@type\":\"WebSite\",\"@id\":\"https:\\\/\\\/interamerica.org\\\/fr\\\/#website\",\"url\":\"https:\\\/\\\/interamerica.org\\\/fr\\\/\",\"name\":\"\u00c9glise Adventiste Du Septieme Jour - Inter Am\u00e9rique Division\",\"description\":\"\",\"potentialAction\":[{\"@type\":\"SearchAction\",\"target\":{\"@type\":\"EntryPoint\",\"urlTemplate\":\"https:\\\/\\\/interamerica.org\\\/fr\\\/?s={search_term_string}\"},\"query-input\":{\"@type\":\"PropertyValueSpecification\",\"valueRequired\":true,\"valueName\":\"search_term_string\"}}],\"inLanguage\":\"fr-FR\"},{\"@type\":\"Person\",\"@id\":\"https:\\\/\\\/interamerica.org\\\/fr\\\/#\\\/schema\\\/person\\\/29998f2bc2d8bd0d38662909289b54f1\",\"name\":\"libna\",\"image\":{\"@type\":\"ImageObject\",\"inLanguage\":\"fr-FR\",\"@id\":\"https:\\\/\\\/secure.gravatar.com\\\/avatar\\\/7c5bd30ae4b47a9ba3c856590957fd1d96dc588bf3ac05719d247e126840331f?s=96&d=mm&r=g\",\"url\":\"https:\\\/\\\/secure.gravatar.com\\\/avatar\\\/7c5bd30ae4b47a9ba3c856590957fd1d96dc588bf3ac05719d247e126840331f?s=96&d=mm&r=g\",\"contentUrl\":\"https:\\\/\\\/secure.gravatar.com\\\/avatar\\\/7c5bd30ae4b47a9ba3c856590957fd1d96dc588bf3ac05719d247e126840331f?s=96&d=mm&r=g\",\"caption\":\"libna\"}}]}<\/script>\n<!-- \/ Yoast SEO plugin. -->","yoast_head_json":{"title":"Un \u00e9pisode de \u2018Creative Disciples\u2019 souligne la puissance du visuel - \u00c9glise Adventiste Du Septieme Jour - Inter Am\u00e9rique Division","robots":{"index":"index","follow":"follow","max-snippet":"max-snippet:-1","max-image-preview":"max-image-preview:large","max-video-preview":"max-video-preview:-1"},"canonical":"https:\/\/interamerica.org\/fr\/2026\/03\/un-episode-de-creative-disciples-souligne-la-puissance-du-visuel\/","og_locale":"fr_FR","og_type":"article","og_title":"Un \u00e9pisode de \u2018Creative Disciples\u2019 souligne la puissance du visuel - \u00c9glise Adventiste Du Septieme Jour - Inter Am\u00e9rique Division","og_description":"Licci Zemleduch partage des principes conceptuels pour aider les communicatrices de l\u2019\u00c9glise \u00e0 faire visualiser leur message et \u00e0 atteindre un auditoire plus vaste. Le 8 mars 2026 | Miami,...","og_url":"https:\/\/interamerica.org\/fr\/2026\/03\/un-episode-de-creative-disciples-souligne-la-puissance-du-visuel\/","og_site_name":"\u00c9glise Adventiste Du Septieme Jour - Inter Am\u00e9rique Division","article_published_time":"2026-03-08T19:46:49+00:00","article_modified_time":"2026-03-10T19:29:04+00:00","og_image":[{"width":875,"height":436,"url":"https:\/\/interamerica.org\/wp-content\/uploads\/2026\/03\/captura-de-pantalla-2026-03-05-a-las-43046-pm.png","type":"image\/png"}],"author":"libna","twitter_card":"summary_large_image","twitter_misc":{"\u00c9crit par":"libna","Dur\u00e9e de lecture estim\u00e9e":"4 minutes"},"schema":{"@context":"https:\/\/schema.org","@graph":[{"@type":"Article","@id":"https:\/\/interamerica.org\/fr\/2026\/03\/un-episode-de-creative-disciples-souligne-la-puissance-du-visuel\/#article","isPartOf":{"@id":"https:\/\/interamerica.org\/fr\/2026\/03\/un-episode-de-creative-disciples-souligne-la-puissance-du-visuel\/"},"author":{"name":"libna","@id":"https:\/\/interamerica.org\/fr\/#\/schema\/person\/29998f2bc2d8bd0d38662909289b54f1"},"headline":"Un \u00e9pisode de \u2018Creative Disciples\u2019 souligne la puissance du visuel","datePublished":"2026-03-08T19:46:49+00:00","dateModified":"2026-03-10T19:29:04+00:00","mainEntityOfPage":{"@id":"https:\/\/interamerica.org\/fr\/2026\/03\/un-episode-de-creative-disciples-souligne-la-puissance-du-visuel\/"},"wordCount":851,"image":{"@id":"https:\/\/interamerica.org\/fr\/2026\/03\/un-episode-de-creative-disciples-souligne-la-puissance-du-visuel\/#primaryimage"},"thumbnailUrl":"https:\/\/interamerica.org\/wp-content\/uploads\/2026\/03\/captura-de-pantalla-2026-03-05-a-las-43046-pm.png","articleSection":["Nouvelles du si\u00e8ge de la division","RSS Fran\u00e7ais"],"inLanguage":"fr-FR"},{"@type":"WebPage","@id":"https:\/\/interamerica.org\/fr\/2026\/03\/un-episode-de-creative-disciples-souligne-la-puissance-du-visuel\/","url":"https:\/\/interamerica.org\/fr\/2026\/03\/un-episode-de-creative-disciples-souligne-la-puissance-du-visuel\/","name":"Un \u00e9pisode de \u2018Creative Disciples\u2019 souligne la puissance du visuel - \u00c9glise Adventiste Du Septieme Jour - Inter Am\u00e9rique Division","isPartOf":{"@id":"https:\/\/interamerica.org\/fr\/#website"},"primaryImageOfPage":{"@id":"https:\/\/interamerica.org\/fr\/2026\/03\/un-episode-de-creative-disciples-souligne-la-puissance-du-visuel\/#primaryimage"},"image":{"@id":"https:\/\/interamerica.org\/fr\/2026\/03\/un-episode-de-creative-disciples-souligne-la-puissance-du-visuel\/#primaryimage"},"thumbnailUrl":"https:\/\/interamerica.org\/wp-content\/uploads\/2026\/03\/captura-de-pantalla-2026-03-05-a-las-43046-pm.png","datePublished":"2026-03-08T19:46:49+00:00","dateModified":"2026-03-10T19:29:04+00:00","author":{"@id":"https:\/\/interamerica.org\/fr\/#\/schema\/person\/29998f2bc2d8bd0d38662909289b54f1"},"breadcrumb":{"@id":"https:\/\/interamerica.org\/fr\/2026\/03\/un-episode-de-creative-disciples-souligne-la-puissance-du-visuel\/#breadcrumb"},"inLanguage":"fr-FR","potentialAction":[{"@type":"ReadAction","target":["https:\/\/interamerica.org\/fr\/2026\/03\/un-episode-de-creative-disciples-souligne-la-puissance-du-visuel\/"]}]},{"@type":"ImageObject","inLanguage":"fr-FR","@id":"https:\/\/interamerica.org\/fr\/2026\/03\/un-episode-de-creative-disciples-souligne-la-puissance-du-visuel\/#primaryimage","url":"https:\/\/interamerica.org\/wp-content\/uploads\/2026\/03\/captura-de-pantalla-2026-03-05-a-las-43046-pm.png","contentUrl":"https:\/\/interamerica.org\/wp-content\/uploads\/2026\/03\/captura-de-pantalla-2026-03-05-a-las-43046-pm.png","width":875,"height":436},{"@type":"BreadcrumbList","@id":"https:\/\/interamerica.org\/fr\/2026\/03\/un-episode-de-creative-disciples-souligne-la-puissance-du-visuel\/#breadcrumb","itemListElement":[{"@type":"ListItem","position":1,"name":"Home","item":"https:\/\/interamerica.org\/fr\/"},{"@type":"ListItem","position":2,"name":"Un \u00e9pisode de \u2018Creative Disciples\u2019 souligne la puissance du visuel"}]},{"@type":"WebSite","@id":"https:\/\/interamerica.org\/fr\/#website","url":"https:\/\/interamerica.org\/fr\/","name":"\u00c9glise Adventiste Du Septieme Jour - Inter Am\u00e9rique Division","description":"","potentialAction":[{"@type":"SearchAction","target":{"@type":"EntryPoint","urlTemplate":"https:\/\/interamerica.org\/fr\/?s={search_term_string}"},"query-input":{"@type":"PropertyValueSpecification","valueRequired":true,"valueName":"search_term_string"}}],"inLanguage":"fr-FR"},{"@type":"Person","@id":"https:\/\/interamerica.org\/fr\/#\/schema\/person\/29998f2bc2d8bd0d38662909289b54f1","name":"libna","image":{"@type":"ImageObject","inLanguage":"fr-FR","@id":"https:\/\/secure.gravatar.com\/avatar\/7c5bd30ae4b47a9ba3c856590957fd1d96dc588bf3ac05719d247e126840331f?s=96&d=mm&r=g","url":"https:\/\/secure.gravatar.com\/avatar\/7c5bd30ae4b47a9ba3c856590957fd1d96dc588bf3ac05719d247e126840331f?s=96&d=mm&r=g","contentUrl":"https:\/\/secure.gravatar.com\/avatar\/7c5bd30ae4b47a9ba3c856590957fd1d96dc588bf3ac05719d247e126840331f?s=96&d=mm&r=g","caption":"libna"}}]}},"_links":{"self":[{"href":"https:\/\/interamerica.org\/fr\/wp-json\/wp\/v2\/posts\/140303","targetHints":{"allow":["GET"]}}],"collection":[{"href":"https:\/\/interamerica.org\/fr\/wp-json\/wp\/v2\/posts"}],"about":[{"href":"https:\/\/interamerica.org\/fr\/wp-json\/wp\/v2\/types\/post"}],"author":[{"embeddable":true,"href":"https:\/\/interamerica.org\/fr\/wp-json\/wp\/v2\/users\/3"}],"replies":[{"embeddable":true,"href":"https:\/\/interamerica.org\/fr\/wp-json\/wp\/v2\/comments?post=140303"}],"version-history":[{"count":1,"href":"https:\/\/interamerica.org\/fr\/wp-json\/wp\/v2\/posts\/140303\/revisions"}],"predecessor-version":[{"id":140314,"href":"https:\/\/interamerica.org\/fr\/wp-json\/wp\/v2\/posts\/140303\/revisions\/140314"}],"wp:featuredmedia":[{"embeddable":true,"href":"https:\/\/interamerica.org\/fr\/wp-json\/wp\/v2\/media\/140006"}],"wp:attachment":[{"href":"https:\/\/interamerica.org\/fr\/wp-json\/wp\/v2\/media?parent=140303"}],"wp:term":[{"taxonomy":"category","embeddable":true,"href":"https:\/\/interamerica.org\/fr\/wp-json\/wp\/v2\/categories?post=140303"},{"taxonomy":"post_tag","embeddable":true,"href":"https:\/\/interamerica.org\/fr\/wp-json\/wp\/v2\/tags?post=140303"}],"curies":[{"name":"wp","href":"https:\/\/api.w.org\/{rel}","templated":true}]}}