{"id":140324,"date":"2026-03-11T11:01:18","date_gmt":"2026-03-11T15:01:18","guid":{"rendered":"https:\/\/interamerica.org\/?p=140324"},"modified":"2026-03-11T12:05:14","modified_gmt":"2026-03-11T16:05:14","slug":"notre-petitesse-face-a-limmensite-de-la-tache-qui-est-devant-nous","status":"publish","type":"post","link":"https:\/\/interamerica.org\/fr\/2026\/03\/notre-petitesse-face-a-limmensite-de-la-tache-qui-est-devant-nous\/","title":{"rendered":"Notre petitesse face \u00e0 l\u2019immensit\u00e9 de la t\u00e2che qui est devant nous"},"content":{"rendered":"<p class=\"c-post-header__subtitle\"><em>Voir 8 milliards de personnes \u00e0 travers le regard de Dieu.<\/em><\/p>\n<p>11 Mars 2026 | Silver Spring, Maryland, \u00c9tats-Unis | Erton C. K\u00f6hler pour Adventist Review<\/p>\n<p>Imaginez la population mondiale enti\u00e8re comprim\u00e9e dans un cube. Des math\u00e9maticiens ont calcul\u00e9 que 8 milliards d\u2019\u00eatres humains, empil\u00e9s les uns sur les autres, pourraient tenir dans un cube d\u2019environ un kilom\u00e8tre de c\u00f4t\u00e9.<a id=\"_ednref1\" href=\"https:\/\/adventistreview.org\/church-life\/our-voice\/columnists-our-voice\/how-small-we-are-how-great-the-work-before-us\/#_edn1\"><sup>[1]<\/sup><\/a>\u00a0L\u2019humanit\u00e9, avec son histoire et sa complexit\u00e9, pourrait \u00eatre contenue dans un carr\u00e9 plus petit que bien des quartiers. Cette image est si surprenante qu\u2019elle invite \u00e0 la r\u00e9flexion. Physiquement, nous n\u2019occupons presque aucun espace, et pourtant notre impact et notre h\u00e9ritage vont bien au-del\u00e0 de notre volume mesurable.<\/p>\n<p>D\u00e8s le commencement, Dieu a confi\u00e9 \u00e0 l\u2019humanit\u00e9 un r\u00f4le qui d\u00e9passe sa taille. \u00ab Qu\u2019ils dominent \u00bb (Gen\u00e8se 1:26) parle de gestion, pas de privil\u00e8ge. Nous sommes cr\u00e9\u00e9s pour fa\u00e7onner la vie, prendre soin de la cr\u00e9ation et prot\u00e9ger la beaut\u00e9 qui nous a \u00e9t\u00e9 donn\u00e9e. L\u2019histoire d\u00e9montre le caract\u00e8re s\u00e9rieux de ce devoir. Ce qu\u2019Adam et \u00c8ve prot\u00e9geaient a \u00e9t\u00e9 perdu \u00e0 cause de leur d\u00e9sob\u00e9issance. No\u00e9 a vu un monde \u00eatre transform\u00e9 par la violence (Gen\u00e8se 6.11). Abraham a \u00e9t\u00e9 t\u00e9moin du co\u00fbt de la d\u00e9cadence morale. Aujourd\u2019hui, la soci\u00e9t\u00e9 subit les cons\u00e9quences cumulatives de choix qui \u00e9rodent la plan\u00e8te, pervertissent les valeurs et font diminuer l\u2019espoir.<\/p>\n<p>Le r\u00e9cit biblique ne c\u00e8de pas au d\u00e9clin. L\u2019\u00c9criture nous \u00e9l\u00e8ve au-del\u00e0 de l\u2019effondrement et nous appelle \u00e0 un but : \u00ab A l\u2019\u00c9ternel la terre et ce qu\u2019elle renferme \u00bb (Psaume 24.1). La cr\u00e9ation demeure sa possession, et il appelle son peuple \u00e0 restaurer la relation, non par la contrainte, mais par le t\u00e9moignage. J\u00e9sus a affirm\u00e9 la dignit\u00e9 de notre vocation : \u00ab Vous \u00eates la lumi\u00e8re du monde \u00bb (Matthieu 5.14). Nous sommes appel\u00e9s \u00e0 \u00e9clairer le monde, non \u00e0 le laisser inchang\u00e9.<\/p>\n<p>Le mouvement adventiste existe parce que, dans un monde d\u2019un kilom\u00e8tre cube, huit milliards d\u2019histoires aspirent \u00e0 l\u2019esp\u00e9rance. Aucune r\u00e9alisation, aucun r\u00e8glement ne peut satisfaire la faim qu\u2019a chaque langue et chaque culture. L\u2019\u00e9vangile \u00e9ternel aborde cette question avec clart\u00e9, pertinence et gr\u00e2ce. Ce n\u2019est pas une option ; C\u2019est le rem\u00e8de divin pour une plan\u00e8te qui a oubli\u00e9 ses origines et perdu de vue sa destin\u00e9e. Ellen White a dit : \u00ab Chaque \u00e2me est l\u2019objet, de la part de J\u00e9sus, d\u2019une connaissance aussi compl\u00e8te que si elle \u00e9tait la seule pour laquelle le Sauveur mourut. \u00bb<a id=\"_ednref2\" href=\"https:\/\/adventistreview.org\/church-life\/our-voice\/columnists-our-voice\/how-small-we-are-how-great-the-work-before-us\/#_edn2\"><sup>[2]<\/sup><\/a><\/p>\n<p>Si le Christ consid\u00e8re chaque personne avec une telle d\u00e9votion, alors l\u2019\u00c9glise ne peut d\u00e9finir sa mission par des statistiques, des budgets ou la g\u00e9ographie. Chaque vie est inestimable. Un mouvement qui croit cela devient une source de gu\u00e9rison dans un monde d\u00e9g\u00e9n\u00e9r\u00e9. Notre mission se fortifie car elle est enracin\u00e9e dans l\u2019\u00c9criture, centr\u00e9e sur le Christ et mue par l\u2019Esprit. Une \u00c9glise <em>gancr\u00e9e dans la Bible et concentr\u00e9e sur la mission<\/em>\u00a0sert de t\u00e9moin d\u2019esp\u00e9rance l\u00e0 o\u00f9 le d\u00e9sespoir r\u00e8gne.<\/p>\n<p>Cette p\u00e9riode exige plus qu\u2019une simple observation. Elle appelle \u00e0 la d\u00e9votion, au discernement et au courage. Le monde se sent submerg\u00e9 par les crises, mais reste accessible par l\u2019amour. La plan\u00e8te souffre de d\u00e9cisions qui appauvrissent la vie, mais elle peut encore \u00eatre restaur\u00e9e par des vies soumises au Christ. Notre responsabilit\u00e9 de gestion concerne non seulement la terre nous nos pieds, mais aussi les personnes qui nous entourent. Alors que nous annon\u00e7ons le message adventiste \u00e0 toute nation, toute tribu, toute langue et tout peuple, un nouvel horizon se dessine au-del\u00e0 de l\u2019ancien. L\u2019appel n\u2019a jamais \u00e9t\u00e9 aussi clair. Le temps est venu pour que l\u2019\u00c9glise rayonne, serve et proclame.<\/p>\n<p>Maranatha.<\/p>\n<hr class=\"wp-block-separator has-alpha-channel-opacity\" \/>\n<p><a id=\"_edn1\" href=\"https:\/\/adventistreview.org\/church-life\/our-voice\/columnists-our-voice\/how-small-we-are-how-great-the-work-before-us\/#_ednref1\"><sup>[1]<\/sup><\/a>\u00a0Voir Phil Plait, \u201cThe Human Cube: The Volume of Humanity,\u201d\u00a0<em>Syfy Wire<\/em>, 14 Oct. 2018,\u00a0<a href=\"https:\/\/www.syfy.com\/syfy-wire\/the-human-cube-the-volume-of-humanity\" target=\"_blank\" rel=\"noopener\">https:\/\/www.syfy.com\/syfy-wire\/the-human-cube-the-volume-of-humanity<\/a>, et Carson Chow, \u201cThe Mass of Humanity,\u201d\u00a0<em>Scientific Clearing House<\/em>, 26 Juin 2009, \u00a0\u00a0<a href=\"https:\/\/sciencehouse.wordpress.com\/2009\/06\/26\/the-mass-of-humanity\/\" target=\"_blank\" rel=\"noopener\">https:\/\/sciencehouse.wordpress.com\/2009\/06\/26\/the-mass-of-humanity\/<\/a>.<\/p>\n<p><a id=\"_edn2\" href=\"https:\/\/adventistreview.org\/church-life\/our-voice\/columnists-our-voice\/how-small-we-are-how-great-the-work-before-us\/#_ednref2\"><sup>[2]<\/sup><\/a>\u00a0Ellen G. White,\u00a0<em>J\u00e9sus-Christ<\/em>\u00a0(\u00c9ditions Vie et Sant\u00e9), p. 478.<\/p>\n<div id=\"social-share\" class=\"c-content-single__social-share\"><\/div>\n<div class=\"c-content-single__author\">\n<div class=\"c-content-single__author-wrap\">\n<div class=\"c-content-single__bio\">\n<p><em><strong>Erton C. K\u00f6hler<\/strong> est le pr\u00e9sident de la Conf\u00e9rence G\u00e9n\u00e9rale des adventistes du septi\u00e8me jour.<\/em><\/p>\n<\/div>\n<\/div>\n<\/div>\n<p>Traduction: Patrick Luciathe<\/p>\n","protected":false},"excerpt":{"rendered":"<p>Voir 8 milliards de personnes \u00e0 travers le regard de Dieu. 11 Mars 2026 | Silver Spring, Maryland, \u00c9tats-Unis | Erton C. K\u00f6hler pour Adventist Review Imaginez la population mondiale&#8230;<\/p>\n","protected":false},"author":3,"featured_media":140326,"comment_status":"closed","ping_status":"closed","sticky":false,"template":"","format":"standard","meta":{"_acf_changed":false,"footnotes":""},"categories":[18,19],"tags":[],"class_list":["post-140324","post","type-post","status-publish","format-standard","has-post-thumbnail","hentry","category-nouvelles-de-leglise-mondiale","category-rss-francais"],"acf":[],"yoast_head":"<!-- This site is optimized with the Yoast SEO plugin v27.3 - https:\/\/yoast.com\/product\/yoast-seo-wordpress\/ -->\n<title>Notre petitesse face \u00e0 l\u2019immensit\u00e9 de la t\u00e2che qui est devant nous - \u00c9glise Adventiste Du Septieme Jour - Inter Am\u00e9rique Division<\/title>\n<meta name=\"robots\" content=\"index, follow, max-snippet:-1, max-image-preview:large, max-video-preview:-1\" \/>\n<link rel=\"canonical\" href=\"https:\/\/interamerica.org\/fr\/2026\/03\/notre-petitesse-face-a-limmensite-de-la-tache-qui-est-devant-nous\/\" \/>\n<meta property=\"og:locale\" content=\"fr_FR\" \/>\n<meta property=\"og:type\" content=\"article\" \/>\n<meta property=\"og:title\" content=\"Notre petitesse face \u00e0 l\u2019immensit\u00e9 de la t\u00e2che qui est devant nous - \u00c9glise Adventiste Du Septieme Jour - Inter Am\u00e9rique Division\" \/>\n<meta property=\"og:description\" content=\"Voir 8 milliards de personnes \u00e0 travers le regard de Dieu. 11 Mars 2026 | Silver Spring, Maryland, \u00c9tats-Unis | Erton C. K\u00f6hler pour Adventist Review Imaginez la population mondiale...\" \/>\n<meta property=\"og:url\" content=\"https:\/\/interamerica.org\/fr\/2026\/03\/notre-petitesse-face-a-limmensite-de-la-tache-qui-est-devant-nous\/\" \/>\n<meta property=\"og:site_name\" content=\"\u00c9glise Adventiste Du Septieme Jour - Inter Am\u00e9rique Division\" \/>\n<meta property=\"article:published_time\" content=\"2026-03-11T15:01:18+00:00\" \/>\n<meta property=\"article:modified_time\" content=\"2026-03-11T16:05:14+00:00\" \/>\n<meta property=\"og:image\" content=\"https:\/\/interamerica.org\/wp-content\/uploads\/2026\/03\/pexels-zelch-30596225.jpg\" \/>\n\t<meta property=\"og:image:width\" content=\"1280\" \/>\n\t<meta property=\"og:image:height\" content=\"800\" \/>\n\t<meta property=\"og:image:type\" content=\"image\/jpeg\" \/>\n<meta name=\"author\" content=\"libna\" \/>\n<meta name=\"twitter:card\" content=\"summary_large_image\" \/>\n<meta name=\"twitter:label1\" content=\"\u00c9crit par\" \/>\n\t<meta name=\"twitter:data1\" content=\"libna\" \/>\n\t<meta name=\"twitter:label2\" content=\"Dur\u00e9e de lecture estim\u00e9e\" \/>\n\t<meta name=\"twitter:data2\" content=\"4 minutes\" \/>\n<script type=\"application\/ld+json\" class=\"yoast-schema-graph\">{\"@context\":\"https:\\\/\\\/schema.org\",\"@graph\":[{\"@type\":\"Article\",\"@id\":\"https:\\\/\\\/interamerica.org\\\/fr\\\/2026\\\/03\\\/notre-petitesse-face-a-limmensite-de-la-tache-qui-est-devant-nous\\\/#article\",\"isPartOf\":{\"@id\":\"https:\\\/\\\/interamerica.org\\\/fr\\\/2026\\\/03\\\/notre-petitesse-face-a-limmensite-de-la-tache-qui-est-devant-nous\\\/\"},\"author\":{\"name\":\"libna\",\"@id\":\"https:\\\/\\\/interamerica.org\\\/fr\\\/#\\\/schema\\\/person\\\/29998f2bc2d8bd0d38662909289b54f1\"},\"headline\":\"Notre petitesse face \u00e0 l\u2019immensit\u00e9 de la t\u00e2che qui est devant nous\",\"datePublished\":\"2026-03-11T15:01:18+00:00\",\"dateModified\":\"2026-03-11T16:05:14+00:00\",\"mainEntityOfPage\":{\"@id\":\"https:\\\/\\\/interamerica.org\\\/fr\\\/2026\\\/03\\\/notre-petitesse-face-a-limmensite-de-la-tache-qui-est-devant-nous\\\/\"},\"wordCount\":753,\"image\":{\"@id\":\"https:\\\/\\\/interamerica.org\\\/fr\\\/2026\\\/03\\\/notre-petitesse-face-a-limmensite-de-la-tache-qui-est-devant-nous\\\/#primaryimage\"},\"thumbnailUrl\":\"https:\\\/\\\/interamerica.org\\\/wp-content\\\/uploads\\\/2026\\\/03\\\/pexels-zelch-30596225.jpg\",\"articleSection\":[\"Nouvelles de l'\u00c9glise mondiale\",\"RSS Fran\u00e7ais\"],\"inLanguage\":\"fr-FR\"},{\"@type\":\"WebPage\",\"@id\":\"https:\\\/\\\/interamerica.org\\\/fr\\\/2026\\\/03\\\/notre-petitesse-face-a-limmensite-de-la-tache-qui-est-devant-nous\\\/\",\"url\":\"https:\\\/\\\/interamerica.org\\\/fr\\\/2026\\\/03\\\/notre-petitesse-face-a-limmensite-de-la-tache-qui-est-devant-nous\\\/\",\"name\":\"Notre petitesse face \u00e0 l\u2019immensit\u00e9 de la t\u00e2che qui est devant nous - \u00c9glise Adventiste Du Septieme Jour - Inter Am\u00e9rique Division\",\"isPartOf\":{\"@id\":\"https:\\\/\\\/interamerica.org\\\/fr\\\/#website\"},\"primaryImageOfPage\":{\"@id\":\"https:\\\/\\\/interamerica.org\\\/fr\\\/2026\\\/03\\\/notre-petitesse-face-a-limmensite-de-la-tache-qui-est-devant-nous\\\/#primaryimage\"},\"image\":{\"@id\":\"https:\\\/\\\/interamerica.org\\\/fr\\\/2026\\\/03\\\/notre-petitesse-face-a-limmensite-de-la-tache-qui-est-devant-nous\\\/#primaryimage\"},\"thumbnailUrl\":\"https:\\\/\\\/interamerica.org\\\/wp-content\\\/uploads\\\/2026\\\/03\\\/pexels-zelch-30596225.jpg\",\"datePublished\":\"2026-03-11T15:01:18+00:00\",\"dateModified\":\"2026-03-11T16:05:14+00:00\",\"author\":{\"@id\":\"https:\\\/\\\/interamerica.org\\\/fr\\\/#\\\/schema\\\/person\\\/29998f2bc2d8bd0d38662909289b54f1\"},\"breadcrumb\":{\"@id\":\"https:\\\/\\\/interamerica.org\\\/fr\\\/2026\\\/03\\\/notre-petitesse-face-a-limmensite-de-la-tache-qui-est-devant-nous\\\/#breadcrumb\"},\"inLanguage\":\"fr-FR\",\"potentialAction\":[{\"@type\":\"ReadAction\",\"target\":[\"https:\\\/\\\/interamerica.org\\\/fr\\\/2026\\\/03\\\/notre-petitesse-face-a-limmensite-de-la-tache-qui-est-devant-nous\\\/\"]}]},{\"@type\":\"ImageObject\",\"inLanguage\":\"fr-FR\",\"@id\":\"https:\\\/\\\/interamerica.org\\\/fr\\\/2026\\\/03\\\/notre-petitesse-face-a-limmensite-de-la-tache-qui-est-devant-nous\\\/#primaryimage\",\"url\":\"https:\\\/\\\/interamerica.org\\\/wp-content\\\/uploads\\\/2026\\\/03\\\/pexels-zelch-30596225.jpg\",\"contentUrl\":\"https:\\\/\\\/interamerica.org\\\/wp-content\\\/uploads\\\/2026\\\/03\\\/pexels-zelch-30596225.jpg\",\"width\":1280,\"height\":800,\"caption\":\"[Photo: Xelch-Csaba\\\/pexels.com]\"},{\"@type\":\"BreadcrumbList\",\"@id\":\"https:\\\/\\\/interamerica.org\\\/fr\\\/2026\\\/03\\\/notre-petitesse-face-a-limmensite-de-la-tache-qui-est-devant-nous\\\/#breadcrumb\",\"itemListElement\":[{\"@type\":\"ListItem\",\"position\":1,\"name\":\"Home\",\"item\":\"https:\\\/\\\/interamerica.org\\\/fr\\\/\"},{\"@type\":\"ListItem\",\"position\":2,\"name\":\"Notre petitesse face \u00e0 l\u2019immensit\u00e9 de la t\u00e2che qui est devant nous\"}]},{\"@type\":\"WebSite\",\"@id\":\"https:\\\/\\\/interamerica.org\\\/fr\\\/#website\",\"url\":\"https:\\\/\\\/interamerica.org\\\/fr\\\/\",\"name\":\"\u00c9glise Adventiste Du Septieme Jour - Inter Am\u00e9rique Division\",\"description\":\"\",\"potentialAction\":[{\"@type\":\"SearchAction\",\"target\":{\"@type\":\"EntryPoint\",\"urlTemplate\":\"https:\\\/\\\/interamerica.org\\\/fr\\\/?s={search_term_string}\"},\"query-input\":{\"@type\":\"PropertyValueSpecification\",\"valueRequired\":true,\"valueName\":\"search_term_string\"}}],\"inLanguage\":\"fr-FR\"},{\"@type\":\"Person\",\"@id\":\"https:\\\/\\\/interamerica.org\\\/fr\\\/#\\\/schema\\\/person\\\/29998f2bc2d8bd0d38662909289b54f1\",\"name\":\"libna\",\"image\":{\"@type\":\"ImageObject\",\"inLanguage\":\"fr-FR\",\"@id\":\"https:\\\/\\\/secure.gravatar.com\\\/avatar\\\/7c5bd30ae4b47a9ba3c856590957fd1d96dc588bf3ac05719d247e126840331f?s=96&d=mm&r=g\",\"url\":\"https:\\\/\\\/secure.gravatar.com\\\/avatar\\\/7c5bd30ae4b47a9ba3c856590957fd1d96dc588bf3ac05719d247e126840331f?s=96&d=mm&r=g\",\"contentUrl\":\"https:\\\/\\\/secure.gravatar.com\\\/avatar\\\/7c5bd30ae4b47a9ba3c856590957fd1d96dc588bf3ac05719d247e126840331f?s=96&d=mm&r=g\",\"caption\":\"libna\"}}]}<\/script>\n<!-- \/ Yoast SEO plugin. -->","yoast_head_json":{"title":"Notre petitesse face \u00e0 l\u2019immensit\u00e9 de la t\u00e2che qui est devant nous - \u00c9glise Adventiste Du Septieme Jour - Inter Am\u00e9rique Division","robots":{"index":"index","follow":"follow","max-snippet":"max-snippet:-1","max-image-preview":"max-image-preview:large","max-video-preview":"max-video-preview:-1"},"canonical":"https:\/\/interamerica.org\/fr\/2026\/03\/notre-petitesse-face-a-limmensite-de-la-tache-qui-est-devant-nous\/","og_locale":"fr_FR","og_type":"article","og_title":"Notre petitesse face \u00e0 l\u2019immensit\u00e9 de la t\u00e2che qui est devant nous - \u00c9glise Adventiste Du Septieme Jour - Inter Am\u00e9rique Division","og_description":"Voir 8 milliards de personnes \u00e0 travers le regard de Dieu. 11 Mars 2026 | Silver Spring, Maryland, \u00c9tats-Unis | Erton C. K\u00f6hler pour Adventist Review Imaginez la population mondiale...","og_url":"https:\/\/interamerica.org\/fr\/2026\/03\/notre-petitesse-face-a-limmensite-de-la-tache-qui-est-devant-nous\/","og_site_name":"\u00c9glise Adventiste Du Septieme Jour - Inter Am\u00e9rique Division","article_published_time":"2026-03-11T15:01:18+00:00","article_modified_time":"2026-03-11T16:05:14+00:00","og_image":[{"width":1280,"height":800,"url":"https:\/\/interamerica.org\/wp-content\/uploads\/2026\/03\/pexels-zelch-30596225.jpg","type":"image\/jpeg"}],"author":"libna","twitter_card":"summary_large_image","twitter_misc":{"\u00c9crit par":"libna","Dur\u00e9e de lecture estim\u00e9e":"4 minutes"},"schema":{"@context":"https:\/\/schema.org","@graph":[{"@type":"Article","@id":"https:\/\/interamerica.org\/fr\/2026\/03\/notre-petitesse-face-a-limmensite-de-la-tache-qui-est-devant-nous\/#article","isPartOf":{"@id":"https:\/\/interamerica.org\/fr\/2026\/03\/notre-petitesse-face-a-limmensite-de-la-tache-qui-est-devant-nous\/"},"author":{"name":"libna","@id":"https:\/\/interamerica.org\/fr\/#\/schema\/person\/29998f2bc2d8bd0d38662909289b54f1"},"headline":"Notre petitesse face \u00e0 l\u2019immensit\u00e9 de la t\u00e2che qui est devant nous","datePublished":"2026-03-11T15:01:18+00:00","dateModified":"2026-03-11T16:05:14+00:00","mainEntityOfPage":{"@id":"https:\/\/interamerica.org\/fr\/2026\/03\/notre-petitesse-face-a-limmensite-de-la-tache-qui-est-devant-nous\/"},"wordCount":753,"image":{"@id":"https:\/\/interamerica.org\/fr\/2026\/03\/notre-petitesse-face-a-limmensite-de-la-tache-qui-est-devant-nous\/#primaryimage"},"thumbnailUrl":"https:\/\/interamerica.org\/wp-content\/uploads\/2026\/03\/pexels-zelch-30596225.jpg","articleSection":["Nouvelles de l'\u00c9glise mondiale","RSS Fran\u00e7ais"],"inLanguage":"fr-FR"},{"@type":"WebPage","@id":"https:\/\/interamerica.org\/fr\/2026\/03\/notre-petitesse-face-a-limmensite-de-la-tache-qui-est-devant-nous\/","url":"https:\/\/interamerica.org\/fr\/2026\/03\/notre-petitesse-face-a-limmensite-de-la-tache-qui-est-devant-nous\/","name":"Notre petitesse face \u00e0 l\u2019immensit\u00e9 de la t\u00e2che qui est devant nous - \u00c9glise Adventiste Du Septieme Jour - Inter Am\u00e9rique Division","isPartOf":{"@id":"https:\/\/interamerica.org\/fr\/#website"},"primaryImageOfPage":{"@id":"https:\/\/interamerica.org\/fr\/2026\/03\/notre-petitesse-face-a-limmensite-de-la-tache-qui-est-devant-nous\/#primaryimage"},"image":{"@id":"https:\/\/interamerica.org\/fr\/2026\/03\/notre-petitesse-face-a-limmensite-de-la-tache-qui-est-devant-nous\/#primaryimage"},"thumbnailUrl":"https:\/\/interamerica.org\/wp-content\/uploads\/2026\/03\/pexels-zelch-30596225.jpg","datePublished":"2026-03-11T15:01:18+00:00","dateModified":"2026-03-11T16:05:14+00:00","author":{"@id":"https:\/\/interamerica.org\/fr\/#\/schema\/person\/29998f2bc2d8bd0d38662909289b54f1"},"breadcrumb":{"@id":"https:\/\/interamerica.org\/fr\/2026\/03\/notre-petitesse-face-a-limmensite-de-la-tache-qui-est-devant-nous\/#breadcrumb"},"inLanguage":"fr-FR","potentialAction":[{"@type":"ReadAction","target":["https:\/\/interamerica.org\/fr\/2026\/03\/notre-petitesse-face-a-limmensite-de-la-tache-qui-est-devant-nous\/"]}]},{"@type":"ImageObject","inLanguage":"fr-FR","@id":"https:\/\/interamerica.org\/fr\/2026\/03\/notre-petitesse-face-a-limmensite-de-la-tache-qui-est-devant-nous\/#primaryimage","url":"https:\/\/interamerica.org\/wp-content\/uploads\/2026\/03\/pexels-zelch-30596225.jpg","contentUrl":"https:\/\/interamerica.org\/wp-content\/uploads\/2026\/03\/pexels-zelch-30596225.jpg","width":1280,"height":800,"caption":"[Photo: Xelch-Csaba\/pexels.com]"},{"@type":"BreadcrumbList","@id":"https:\/\/interamerica.org\/fr\/2026\/03\/notre-petitesse-face-a-limmensite-de-la-tache-qui-est-devant-nous\/#breadcrumb","itemListElement":[{"@type":"ListItem","position":1,"name":"Home","item":"https:\/\/interamerica.org\/fr\/"},{"@type":"ListItem","position":2,"name":"Notre petitesse face \u00e0 l\u2019immensit\u00e9 de la t\u00e2che qui est devant nous"}]},{"@type":"WebSite","@id":"https:\/\/interamerica.org\/fr\/#website","url":"https:\/\/interamerica.org\/fr\/","name":"\u00c9glise Adventiste Du Septieme Jour - Inter Am\u00e9rique Division","description":"","potentialAction":[{"@type":"SearchAction","target":{"@type":"EntryPoint","urlTemplate":"https:\/\/interamerica.org\/fr\/?s={search_term_string}"},"query-input":{"@type":"PropertyValueSpecification","valueRequired":true,"valueName":"search_term_string"}}],"inLanguage":"fr-FR"},{"@type":"Person","@id":"https:\/\/interamerica.org\/fr\/#\/schema\/person\/29998f2bc2d8bd0d38662909289b54f1","name":"libna","image":{"@type":"ImageObject","inLanguage":"fr-FR","@id":"https:\/\/secure.gravatar.com\/avatar\/7c5bd30ae4b47a9ba3c856590957fd1d96dc588bf3ac05719d247e126840331f?s=96&d=mm&r=g","url":"https:\/\/secure.gravatar.com\/avatar\/7c5bd30ae4b47a9ba3c856590957fd1d96dc588bf3ac05719d247e126840331f?s=96&d=mm&r=g","contentUrl":"https:\/\/secure.gravatar.com\/avatar\/7c5bd30ae4b47a9ba3c856590957fd1d96dc588bf3ac05719d247e126840331f?s=96&d=mm&r=g","caption":"libna"}}]}},"_links":{"self":[{"href":"https:\/\/interamerica.org\/fr\/wp-json\/wp\/v2\/posts\/140324","targetHints":{"allow":["GET"]}}],"collection":[{"href":"https:\/\/interamerica.org\/fr\/wp-json\/wp\/v2\/posts"}],"about":[{"href":"https:\/\/interamerica.org\/fr\/wp-json\/wp\/v2\/types\/post"}],"author":[{"embeddable":true,"href":"https:\/\/interamerica.org\/fr\/wp-json\/wp\/v2\/users\/3"}],"replies":[{"embeddable":true,"href":"https:\/\/interamerica.org\/fr\/wp-json\/wp\/v2\/comments?post=140324"}],"version-history":[{"count":1,"href":"https:\/\/interamerica.org\/fr\/wp-json\/wp\/v2\/posts\/140324\/revisions"}],"predecessor-version":[{"id":140340,"href":"https:\/\/interamerica.org\/fr\/wp-json\/wp\/v2\/posts\/140324\/revisions\/140340"}],"wp:featuredmedia":[{"embeddable":true,"href":"https:\/\/interamerica.org\/fr\/wp-json\/wp\/v2\/media\/140326"}],"wp:attachment":[{"href":"https:\/\/interamerica.org\/fr\/wp-json\/wp\/v2\/media?parent=140324"}],"wp:term":[{"taxonomy":"category","embeddable":true,"href":"https:\/\/interamerica.org\/fr\/wp-json\/wp\/v2\/categories?post=140324"},{"taxonomy":"post_tag","embeddable":true,"href":"https:\/\/interamerica.org\/fr\/wp-json\/wp\/v2\/tags?post=140324"}],"curies":[{"name":"wp","href":"https:\/\/api.w.org\/{rel}","templated":true}]}}