{"id":140350,"date":"2026-03-10T21:11:25","date_gmt":"2026-03-11T01:11:25","guid":{"rendered":"https:\/\/interamerica.org\/?p=140350"},"modified":"2026-03-15T21:41:45","modified_gmt":"2026-03-16T01:41:45","slug":"les-dirigeants-de-la-dia-poursuivent-leur-recherche-pour-trouver-le-prochain-president-de-luniversite-de-montemorelos","status":"publish","type":"post","link":"https:\/\/interamerica.org\/fr\/2026\/03\/les-dirigeants-de-la-dia-poursuivent-leur-recherche-pour-trouver-le-prochain-president-de-luniversite-de-montemorelos\/","title":{"rendered":"Les dirigeants de la DIA poursuivent leur recherche pour trouver le prochain pr\u00e9sident de l\u2019Universit\u00e9 de Montemorelos"},"content":{"rendered":"<p><em>La nomination est pr\u00e9vue lors des rencontres du Comit\u00e9 Ex\u00e9cutif de la division qui auront lieu en mai.<\/em><\/p>\n<p>10 Mars 2026 | Miami, Floride, \u00c9tats-Unis | Libna Stevens, Actualit\u00e9s de la Division Inter Am\u00e9ricaine<\/p>\n<p>Les dirigeants de la Division Inter Am\u00e9ricaine (DIA) poursuivent le processus de s\u00e9lection du prochain pr\u00e9sident de l\u2019Universit\u00e9 de Montemorelos, la seule universit\u00e9 plac\u00e9e directement sous la supervision de la division.<\/p>\n<p>Un comit\u00e9 de s\u00e9lection sp\u00e9cial, mis en place lors des rencontres du Comit\u00e9 Ex\u00e9cutif de la division en novembre, examine les propositions de noms pour la position et devrait pr\u00e9senter une recommandation lors des prochaines rencontres administratives pr\u00e9vues en mai 2026.<\/p>\n<p>Cette recherche intervient dans le cadre de la transition de direction pr\u00e9vue avec le d\u00e9part de l\u2019actuel pr\u00e9sident de l\u2019universit\u00e9, Ismael Castillo, qui a \u00e9t\u00e9 invit\u00e9 \u00e0 devenir secr\u00e9taire itin\u00e9rant de la DIA et conseiller du pr\u00e9sident de la division pour l\u2019\u00e9ducation au niveau universitaire sur l\u2019ensemble du territoire.<\/p>\n<p>Selon le pasteur Abner De los Santos, le processus est men\u00e9 avec une attention minutieuse et dans un esprit de pri\u00e8re, alors que les dirigeants cherchent la bonne personne pour guider l\u2019\u00e9tablissement dans la prochaine phase de sa mission.<\/p>\n<p>\u00ab Le comit\u00e9 de s\u00e9lection sp\u00e9cial \u00e9tudie actuellement les candidatures propos\u00e9es pour la pr\u00e9sidence de l\u2019Universit\u00e9 de Montemorelos, \u00bb a d\u00e9clar\u00e9 pasteur De los Santos. \u00ab Nous voulons prendre le temps n\u00e9cessaire pour \u00e9valuer les candidats attentivement et dans un esprit de pri\u00e8re. \u00bb<\/p>\n<p>Par rapport \u00e0 son r\u00f4le unique au sein de la division, l\u2019Universit\u00e9 de Montemorelos exerce une influence consid\u00e9rable sur l\u2019ensemble du territoire, a-t-il ajout\u00e9.<\/p>\n<p>\u00ab Une fois le nom du candidat transmis par le comit\u00e9 de s\u00e9lection sp\u00e9cial lors de nos prochaines rencontres et apr\u00e8s le vote, nous pourrons entamer une transition harmonieuse \u00e0 la direction de l\u2019universit\u00e9, \u00bb a expliqu\u00e9 pasteur De los Santos. \u00ab L\u2019id\u00e9e est de laisser suffisamment de temps au pr\u00e9sident actuel pour transmettre ses responsabilit\u00e9s au nouveau recteur de mani\u00e8re ordonn\u00e9e. \u00bb<\/p>\n<p>Le comit\u00e9 a re\u00e7u plusieurs noms et poursuit l\u2019examen des candidats potentiels, a pr\u00e9cis\u00e9 Abner De los Santos. \u00ab Nous maintenons le processus ouvert afin de consid\u00e9rer toutes les possibilit\u00e9s. \u00bb<\/p>\n<p>La pri\u00e8re et le discernement demeurent essentiels tout au long du processus.<\/p>\n<p>\u00ab Nous croyons que Dieu guide ce processus, \u00bb a affirm\u00e9 pasteur De los Santos. \u00ab Nous envisageons souvent diff\u00e9rentes possibilit\u00e9s, mais Dieu conna\u00eet la fin d\u00e8s le commencement, c\u2019est pourquoi le comit\u00e9 aborde ce processus dans un esprit de pri\u00e8re. \u00bb<\/p>\n<p>La prochaine transition mettra \u00e9galement en lumi\u00e8re le leadership de plusieurs d\u00e9cennies de l\u2019actuel pr\u00e9sident de l\u2019universit\u00e9.<\/p>\n<p>\u00ab L\u2019h\u00e9ritage d\u2019Ismael Castillo est consid\u00e9rable, \u00bb a d\u00e9clar\u00e9 pasteur De los Santos. \u00ab Beaucoup de dirigeants servant actuellement au Mexique ont \u00e9t\u00e9 influenc\u00e9s par son leadership durant ses ann\u00e9es \u00e0 l\u2019Universit\u00e9 de Montemorelos. \u00bb<\/p>\n<p>Les dirigeants de la division ont indiqu\u00e9 que la transition offre une opportunit\u00e9 de renforcer davantage l\u2019enseignement sup\u00e9rieur adventiste dans toute la r\u00e9gion.<\/p>\n<p>\u00ab Nous croyons que c\u2019est le bon moment pour entamer une transition qui permettra de consolider l\u2019enseignement sup\u00e9rieur adventiste sur notre territoire, \u00bb a dit Abner De los Santos.<\/p>\n<p>Chaque administration d\u2019union peut soumettre les noms de candidats int\u00e9ress\u00e9s et qualifi\u00e9s, accompagn\u00e9s de leur candidature et de leur curriculum vitae, au secr\u00e9tariat de la Division interam\u00e9ricaine <a href=\"UM@interamerica.org\">ICI<\/a><\/p>\n<p>Traduction: Patrick Luciathe<\/p>\n","protected":false},"excerpt":{"rendered":"<p>La nomination est pr\u00e9vue lors des rencontres du Comit\u00e9 Ex\u00e9cutif de la division qui auront lieu en mai. 10 Mars 2026 | Miami, Floride, \u00c9tats-Unis | Libna Stevens, Actualit\u00e9s de&#8230;<\/p>\n","protected":false},"author":3,"featured_media":78358,"comment_status":"closed","ping_status":"closed","sticky":false,"template":"","format":"standard","meta":{"_acf_changed":false,"footnotes":""},"categories":[20,19],"tags":[],"class_list":["post-140350","post","type-post","status-publish","format-standard","has-post-thumbnail","hentry","category-nouvelles-du-siege-de-la-division","category-rss-francais"],"acf":[],"yoast_head":"<!-- This site is optimized with the Yoast SEO plugin v27.3 - https:\/\/yoast.com\/product\/yoast-seo-wordpress\/ -->\n<title>Les dirigeants de la DIA poursuivent leur recherche pour trouver le prochain pr\u00e9sident de l\u2019Universit\u00e9 de Montemorelos - \u00c9glise Adventiste Du Septieme Jour - Inter Am\u00e9rique Division<\/title>\n<meta name=\"robots\" content=\"index, follow, max-snippet:-1, max-image-preview:large, max-video-preview:-1\" \/>\n<link rel=\"canonical\" href=\"https:\/\/interamerica.org\/fr\/2026\/03\/les-dirigeants-de-la-dia-poursuivent-leur-recherche-pour-trouver-le-prochain-president-de-luniversite-de-montemorelos\/\" \/>\n<meta property=\"og:locale\" content=\"fr_FR\" \/>\n<meta property=\"og:type\" content=\"article\" \/>\n<meta property=\"og:title\" content=\"Les dirigeants de la DIA poursuivent leur recherche pour trouver le prochain pr\u00e9sident de l\u2019Universit\u00e9 de Montemorelos - \u00c9glise Adventiste Du Septieme Jour - Inter Am\u00e9rique Division\" \/>\n<meta property=\"og:description\" content=\"La nomination est pr\u00e9vue lors des rencontres du Comit\u00e9 Ex\u00e9cutif de la division qui auront lieu en mai. 10 Mars 2026 | Miami, Floride, \u00c9tats-Unis | Libna Stevens, Actualit\u00e9s de...\" \/>\n<meta property=\"og:url\" content=\"https:\/\/interamerica.org\/fr\/2026\/03\/les-dirigeants-de-la-dia-poursuivent-leur-recherche-pour-trouver-le-prochain-president-de-luniversite-de-montemorelos\/\" \/>\n<meta property=\"og:site_name\" content=\"\u00c9glise Adventiste Du Septieme Jour - Inter Am\u00e9rique Division\" \/>\n<meta property=\"article:published_time\" content=\"2026-03-11T01:11:25+00:00\" \/>\n<meta property=\"article:modified_time\" content=\"2026-03-16T01:41:45+00:00\" \/>\n<meta property=\"og:image\" content=\"https:\/\/interamerica.org\/wp-content\/uploads\/2021\/11\/iad-yem21-7-iad-entrance.jpg\" \/>\n\t<meta property=\"og:image:width\" content=\"1280\" \/>\n\t<meta property=\"og:image:height\" content=\"800\" \/>\n\t<meta property=\"og:image:type\" content=\"image\/jpeg\" \/>\n<meta name=\"author\" content=\"libna\" \/>\n<meta name=\"twitter:card\" content=\"summary_large_image\" \/>\n<meta name=\"twitter:label1\" content=\"\u00c9crit par\" \/>\n\t<meta name=\"twitter:data1\" content=\"libna\" \/>\n\t<meta name=\"twitter:label2\" content=\"Dur\u00e9e de lecture estim\u00e9e\" \/>\n\t<meta name=\"twitter:data2\" content=\"3 minutes\" \/>\n<script type=\"application\/ld+json\" class=\"yoast-schema-graph\">{\"@context\":\"https:\\\/\\\/schema.org\",\"@graph\":[{\"@type\":\"Article\",\"@id\":\"https:\\\/\\\/interamerica.org\\\/fr\\\/2026\\\/03\\\/les-dirigeants-de-la-dia-poursuivent-leur-recherche-pour-trouver-le-prochain-president-de-luniversite-de-montemorelos\\\/#article\",\"isPartOf\":{\"@id\":\"https:\\\/\\\/interamerica.org\\\/fr\\\/2026\\\/03\\\/les-dirigeants-de-la-dia-poursuivent-leur-recherche-pour-trouver-le-prochain-president-de-luniversite-de-montemorelos\\\/\"},\"author\":{\"name\":\"libna\",\"@id\":\"https:\\\/\\\/interamerica.org\\\/fr\\\/#\\\/schema\\\/person\\\/29998f2bc2d8bd0d38662909289b54f1\"},\"headline\":\"Les dirigeants de la DIA poursuivent leur recherche pour trouver le prochain pr\u00e9sident de l\u2019Universit\u00e9 de Montemorelos\",\"datePublished\":\"2026-03-11T01:11:25+00:00\",\"dateModified\":\"2026-03-16T01:41:45+00:00\",\"mainEntityOfPage\":{\"@id\":\"https:\\\/\\\/interamerica.org\\\/fr\\\/2026\\\/03\\\/les-dirigeants-de-la-dia-poursuivent-leur-recherche-pour-trouver-le-prochain-president-de-luniversite-de-montemorelos\\\/\"},\"wordCount\":621,\"image\":{\"@id\":\"https:\\\/\\\/interamerica.org\\\/fr\\\/2026\\\/03\\\/les-dirigeants-de-la-dia-poursuivent-leur-recherche-pour-trouver-le-prochain-president-de-luniversite-de-montemorelos\\\/#primaryimage\"},\"thumbnailUrl\":\"https:\\\/\\\/interamerica.org\\\/wp-content\\\/uploads\\\/2021\\\/11\\\/iad-yem21-7-iad-entrance.jpg\",\"articleSection\":[\"Nouvelles du si\u00e8ge de la division\",\"RSS Fran\u00e7ais\"],\"inLanguage\":\"fr-FR\"},{\"@type\":\"WebPage\",\"@id\":\"https:\\\/\\\/interamerica.org\\\/fr\\\/2026\\\/03\\\/les-dirigeants-de-la-dia-poursuivent-leur-recherche-pour-trouver-le-prochain-president-de-luniversite-de-montemorelos\\\/\",\"url\":\"https:\\\/\\\/interamerica.org\\\/fr\\\/2026\\\/03\\\/les-dirigeants-de-la-dia-poursuivent-leur-recherche-pour-trouver-le-prochain-president-de-luniversite-de-montemorelos\\\/\",\"name\":\"Les dirigeants de la DIA poursuivent leur recherche pour trouver le prochain pr\u00e9sident de l\u2019Universit\u00e9 de Montemorelos - \u00c9glise Adventiste Du Septieme Jour - Inter Am\u00e9rique Division\",\"isPartOf\":{\"@id\":\"https:\\\/\\\/interamerica.org\\\/fr\\\/#website\"},\"primaryImageOfPage\":{\"@id\":\"https:\\\/\\\/interamerica.org\\\/fr\\\/2026\\\/03\\\/les-dirigeants-de-la-dia-poursuivent-leur-recherche-pour-trouver-le-prochain-president-de-luniversite-de-montemorelos\\\/#primaryimage\"},\"image\":{\"@id\":\"https:\\\/\\\/interamerica.org\\\/fr\\\/2026\\\/03\\\/les-dirigeants-de-la-dia-poursuivent-leur-recherche-pour-trouver-le-prochain-president-de-luniversite-de-montemorelos\\\/#primaryimage\"},\"thumbnailUrl\":\"https:\\\/\\\/interamerica.org\\\/wp-content\\\/uploads\\\/2021\\\/11\\\/iad-yem21-7-iad-entrance.jpg\",\"datePublished\":\"2026-03-11T01:11:25+00:00\",\"dateModified\":\"2026-03-16T01:41:45+00:00\",\"author\":{\"@id\":\"https:\\\/\\\/interamerica.org\\\/fr\\\/#\\\/schema\\\/person\\\/29998f2bc2d8bd0d38662909289b54f1\"},\"breadcrumb\":{\"@id\":\"https:\\\/\\\/interamerica.org\\\/fr\\\/2026\\\/03\\\/les-dirigeants-de-la-dia-poursuivent-leur-recherche-pour-trouver-le-prochain-president-de-luniversite-de-montemorelos\\\/#breadcrumb\"},\"inLanguage\":\"fr-FR\",\"potentialAction\":[{\"@type\":\"ReadAction\",\"target\":[\"https:\\\/\\\/interamerica.org\\\/fr\\\/2026\\\/03\\\/les-dirigeants-de-la-dia-poursuivent-leur-recherche-pour-trouver-le-prochain-president-de-luniversite-de-montemorelos\\\/\"]}]},{\"@type\":\"ImageObject\",\"inLanguage\":\"fr-FR\",\"@id\":\"https:\\\/\\\/interamerica.org\\\/fr\\\/2026\\\/03\\\/les-dirigeants-de-la-dia-poursuivent-leur-recherche-pour-trouver-le-prochain-president-de-luniversite-de-montemorelos\\\/#primaryimage\",\"url\":\"https:\\\/\\\/interamerica.org\\\/wp-content\\\/uploads\\\/2021\\\/11\\\/iad-yem21-7-iad-entrance.jpg\",\"contentUrl\":\"https:\\\/\\\/interamerica.org\\\/wp-content\\\/uploads\\\/2021\\\/11\\\/iad-yem21-7-iad-entrance.jpg\",\"width\":1280,\"height\":800,\"caption\":\"[Photo: Keila Verduzco\\\/DIA]\"},{\"@type\":\"BreadcrumbList\",\"@id\":\"https:\\\/\\\/interamerica.org\\\/fr\\\/2026\\\/03\\\/les-dirigeants-de-la-dia-poursuivent-leur-recherche-pour-trouver-le-prochain-president-de-luniversite-de-montemorelos\\\/#breadcrumb\",\"itemListElement\":[{\"@type\":\"ListItem\",\"position\":1,\"name\":\"Home\",\"item\":\"https:\\\/\\\/interamerica.org\\\/fr\\\/\"},{\"@type\":\"ListItem\",\"position\":2,\"name\":\"Les dirigeants de la DIA poursuivent leur recherche pour trouver le prochain pr\u00e9sident de l\u2019Universit\u00e9 de Montemorelos\"}]},{\"@type\":\"WebSite\",\"@id\":\"https:\\\/\\\/interamerica.org\\\/fr\\\/#website\",\"url\":\"https:\\\/\\\/interamerica.org\\\/fr\\\/\",\"name\":\"\u00c9glise Adventiste Du Septieme Jour - Inter Am\u00e9rique Division\",\"description\":\"\",\"potentialAction\":[{\"@type\":\"SearchAction\",\"target\":{\"@type\":\"EntryPoint\",\"urlTemplate\":\"https:\\\/\\\/interamerica.org\\\/fr\\\/?s={search_term_string}\"},\"query-input\":{\"@type\":\"PropertyValueSpecification\",\"valueRequired\":true,\"valueName\":\"search_term_string\"}}],\"inLanguage\":\"fr-FR\"},{\"@type\":\"Person\",\"@id\":\"https:\\\/\\\/interamerica.org\\\/fr\\\/#\\\/schema\\\/person\\\/29998f2bc2d8bd0d38662909289b54f1\",\"name\":\"libna\",\"image\":{\"@type\":\"ImageObject\",\"inLanguage\":\"fr-FR\",\"@id\":\"https:\\\/\\\/secure.gravatar.com\\\/avatar\\\/7c5bd30ae4b47a9ba3c856590957fd1d96dc588bf3ac05719d247e126840331f?s=96&d=mm&r=g\",\"url\":\"https:\\\/\\\/secure.gravatar.com\\\/avatar\\\/7c5bd30ae4b47a9ba3c856590957fd1d96dc588bf3ac05719d247e126840331f?s=96&d=mm&r=g\",\"contentUrl\":\"https:\\\/\\\/secure.gravatar.com\\\/avatar\\\/7c5bd30ae4b47a9ba3c856590957fd1d96dc588bf3ac05719d247e126840331f?s=96&d=mm&r=g\",\"caption\":\"libna\"}}]}<\/script>\n<!-- \/ Yoast SEO plugin. -->","yoast_head_json":{"title":"Les dirigeants de la DIA poursuivent leur recherche pour trouver le prochain pr\u00e9sident de l\u2019Universit\u00e9 de Montemorelos - \u00c9glise Adventiste Du Septieme Jour - Inter Am\u00e9rique Division","robots":{"index":"index","follow":"follow","max-snippet":"max-snippet:-1","max-image-preview":"max-image-preview:large","max-video-preview":"max-video-preview:-1"},"canonical":"https:\/\/interamerica.org\/fr\/2026\/03\/les-dirigeants-de-la-dia-poursuivent-leur-recherche-pour-trouver-le-prochain-president-de-luniversite-de-montemorelos\/","og_locale":"fr_FR","og_type":"article","og_title":"Les dirigeants de la DIA poursuivent leur recherche pour trouver le prochain pr\u00e9sident de l\u2019Universit\u00e9 de Montemorelos - \u00c9glise Adventiste Du Septieme Jour - Inter Am\u00e9rique Division","og_description":"La nomination est pr\u00e9vue lors des rencontres du Comit\u00e9 Ex\u00e9cutif de la division qui auront lieu en mai. 10 Mars 2026 | Miami, Floride, \u00c9tats-Unis | Libna Stevens, Actualit\u00e9s de...","og_url":"https:\/\/interamerica.org\/fr\/2026\/03\/les-dirigeants-de-la-dia-poursuivent-leur-recherche-pour-trouver-le-prochain-president-de-luniversite-de-montemorelos\/","og_site_name":"\u00c9glise Adventiste Du Septieme Jour - Inter Am\u00e9rique Division","article_published_time":"2026-03-11T01:11:25+00:00","article_modified_time":"2026-03-16T01:41:45+00:00","og_image":[{"width":1280,"height":800,"url":"https:\/\/interamerica.org\/wp-content\/uploads\/2021\/11\/iad-yem21-7-iad-entrance.jpg","type":"image\/jpeg"}],"author":"libna","twitter_card":"summary_large_image","twitter_misc":{"\u00c9crit par":"libna","Dur\u00e9e de lecture estim\u00e9e":"3 minutes"},"schema":{"@context":"https:\/\/schema.org","@graph":[{"@type":"Article","@id":"https:\/\/interamerica.org\/fr\/2026\/03\/les-dirigeants-de-la-dia-poursuivent-leur-recherche-pour-trouver-le-prochain-president-de-luniversite-de-montemorelos\/#article","isPartOf":{"@id":"https:\/\/interamerica.org\/fr\/2026\/03\/les-dirigeants-de-la-dia-poursuivent-leur-recherche-pour-trouver-le-prochain-president-de-luniversite-de-montemorelos\/"},"author":{"name":"libna","@id":"https:\/\/interamerica.org\/fr\/#\/schema\/person\/29998f2bc2d8bd0d38662909289b54f1"},"headline":"Les dirigeants de la DIA poursuivent leur recherche pour trouver le prochain pr\u00e9sident de l\u2019Universit\u00e9 de Montemorelos","datePublished":"2026-03-11T01:11:25+00:00","dateModified":"2026-03-16T01:41:45+00:00","mainEntityOfPage":{"@id":"https:\/\/interamerica.org\/fr\/2026\/03\/les-dirigeants-de-la-dia-poursuivent-leur-recherche-pour-trouver-le-prochain-president-de-luniversite-de-montemorelos\/"},"wordCount":621,"image":{"@id":"https:\/\/interamerica.org\/fr\/2026\/03\/les-dirigeants-de-la-dia-poursuivent-leur-recherche-pour-trouver-le-prochain-president-de-luniversite-de-montemorelos\/#primaryimage"},"thumbnailUrl":"https:\/\/interamerica.org\/wp-content\/uploads\/2021\/11\/iad-yem21-7-iad-entrance.jpg","articleSection":["Nouvelles du si\u00e8ge de la division","RSS Fran\u00e7ais"],"inLanguage":"fr-FR"},{"@type":"WebPage","@id":"https:\/\/interamerica.org\/fr\/2026\/03\/les-dirigeants-de-la-dia-poursuivent-leur-recherche-pour-trouver-le-prochain-president-de-luniversite-de-montemorelos\/","url":"https:\/\/interamerica.org\/fr\/2026\/03\/les-dirigeants-de-la-dia-poursuivent-leur-recherche-pour-trouver-le-prochain-president-de-luniversite-de-montemorelos\/","name":"Les dirigeants de la DIA poursuivent leur recherche pour trouver le prochain pr\u00e9sident de l\u2019Universit\u00e9 de Montemorelos - \u00c9glise Adventiste Du Septieme Jour - Inter Am\u00e9rique Division","isPartOf":{"@id":"https:\/\/interamerica.org\/fr\/#website"},"primaryImageOfPage":{"@id":"https:\/\/interamerica.org\/fr\/2026\/03\/les-dirigeants-de-la-dia-poursuivent-leur-recherche-pour-trouver-le-prochain-president-de-luniversite-de-montemorelos\/#primaryimage"},"image":{"@id":"https:\/\/interamerica.org\/fr\/2026\/03\/les-dirigeants-de-la-dia-poursuivent-leur-recherche-pour-trouver-le-prochain-president-de-luniversite-de-montemorelos\/#primaryimage"},"thumbnailUrl":"https:\/\/interamerica.org\/wp-content\/uploads\/2021\/11\/iad-yem21-7-iad-entrance.jpg","datePublished":"2026-03-11T01:11:25+00:00","dateModified":"2026-03-16T01:41:45+00:00","author":{"@id":"https:\/\/interamerica.org\/fr\/#\/schema\/person\/29998f2bc2d8bd0d38662909289b54f1"},"breadcrumb":{"@id":"https:\/\/interamerica.org\/fr\/2026\/03\/les-dirigeants-de-la-dia-poursuivent-leur-recherche-pour-trouver-le-prochain-president-de-luniversite-de-montemorelos\/#breadcrumb"},"inLanguage":"fr-FR","potentialAction":[{"@type":"ReadAction","target":["https:\/\/interamerica.org\/fr\/2026\/03\/les-dirigeants-de-la-dia-poursuivent-leur-recherche-pour-trouver-le-prochain-president-de-luniversite-de-montemorelos\/"]}]},{"@type":"ImageObject","inLanguage":"fr-FR","@id":"https:\/\/interamerica.org\/fr\/2026\/03\/les-dirigeants-de-la-dia-poursuivent-leur-recherche-pour-trouver-le-prochain-president-de-luniversite-de-montemorelos\/#primaryimage","url":"https:\/\/interamerica.org\/wp-content\/uploads\/2021\/11\/iad-yem21-7-iad-entrance.jpg","contentUrl":"https:\/\/interamerica.org\/wp-content\/uploads\/2021\/11\/iad-yem21-7-iad-entrance.jpg","width":1280,"height":800,"caption":"[Photo: Keila Verduzco\/DIA]"},{"@type":"BreadcrumbList","@id":"https:\/\/interamerica.org\/fr\/2026\/03\/les-dirigeants-de-la-dia-poursuivent-leur-recherche-pour-trouver-le-prochain-president-de-luniversite-de-montemorelos\/#breadcrumb","itemListElement":[{"@type":"ListItem","position":1,"name":"Home","item":"https:\/\/interamerica.org\/fr\/"},{"@type":"ListItem","position":2,"name":"Les dirigeants de la DIA poursuivent leur recherche pour trouver le prochain pr\u00e9sident de l\u2019Universit\u00e9 de Montemorelos"}]},{"@type":"WebSite","@id":"https:\/\/interamerica.org\/fr\/#website","url":"https:\/\/interamerica.org\/fr\/","name":"\u00c9glise Adventiste Du Septieme Jour - Inter Am\u00e9rique Division","description":"","potentialAction":[{"@type":"SearchAction","target":{"@type":"EntryPoint","urlTemplate":"https:\/\/interamerica.org\/fr\/?s={search_term_string}"},"query-input":{"@type":"PropertyValueSpecification","valueRequired":true,"valueName":"search_term_string"}}],"inLanguage":"fr-FR"},{"@type":"Person","@id":"https:\/\/interamerica.org\/fr\/#\/schema\/person\/29998f2bc2d8bd0d38662909289b54f1","name":"libna","image":{"@type":"ImageObject","inLanguage":"fr-FR","@id":"https:\/\/secure.gravatar.com\/avatar\/7c5bd30ae4b47a9ba3c856590957fd1d96dc588bf3ac05719d247e126840331f?s=96&d=mm&r=g","url":"https:\/\/secure.gravatar.com\/avatar\/7c5bd30ae4b47a9ba3c856590957fd1d96dc588bf3ac05719d247e126840331f?s=96&d=mm&r=g","contentUrl":"https:\/\/secure.gravatar.com\/avatar\/7c5bd30ae4b47a9ba3c856590957fd1d96dc588bf3ac05719d247e126840331f?s=96&d=mm&r=g","caption":"libna"}}]}},"_links":{"self":[{"href":"https:\/\/interamerica.org\/fr\/wp-json\/wp\/v2\/posts\/140350","targetHints":{"allow":["GET"]}}],"collection":[{"href":"https:\/\/interamerica.org\/fr\/wp-json\/wp\/v2\/posts"}],"about":[{"href":"https:\/\/interamerica.org\/fr\/wp-json\/wp\/v2\/types\/post"}],"author":[{"embeddable":true,"href":"https:\/\/interamerica.org\/fr\/wp-json\/wp\/v2\/users\/3"}],"replies":[{"embeddable":true,"href":"https:\/\/interamerica.org\/fr\/wp-json\/wp\/v2\/comments?post=140350"}],"version-history":[{"count":5,"href":"https:\/\/interamerica.org\/fr\/wp-json\/wp\/v2\/posts\/140350\/revisions"}],"predecessor-version":[{"id":140484,"href":"https:\/\/interamerica.org\/fr\/wp-json\/wp\/v2\/posts\/140350\/revisions\/140484"}],"wp:featuredmedia":[{"embeddable":true,"href":"https:\/\/interamerica.org\/fr\/wp-json\/wp\/v2\/media\/78358"}],"wp:attachment":[{"href":"https:\/\/interamerica.org\/fr\/wp-json\/wp\/v2\/media?parent=140350"}],"wp:term":[{"taxonomy":"category","embeddable":true,"href":"https:\/\/interamerica.org\/fr\/wp-json\/wp\/v2\/categories?post=140350"},{"taxonomy":"post_tag","embeddable":true,"href":"https:\/\/interamerica.org\/fr\/wp-json\/wp\/v2\/tags?post=140350"}],"curies":[{"name":"wp","href":"https:\/\/api.w.org\/{rel}","templated":true}]}}