{"id":140389,"date":"2026-03-12T11:49:00","date_gmt":"2026-03-12T15:49:00","guid":{"rendered":"https:\/\/interamerica.org\/?p=140389"},"modified":"2026-03-12T17:13:45","modified_gmt":"2026-03-12T21:13:45","slug":"lles-jeunes-adventistes-en-inter-amerique-se-mobilisent-pour-servir-et-partager-lespoir-lors-de-la-journee-mondiale-de-la-jeunesse","status":"publish","type":"post","link":"https:\/\/interamerica.org\/fr\/2026\/03\/lles-jeunes-adventistes-en-inter-amerique-se-mobilisent-pour-servir-et-partager-lespoir-lors-de-la-journee-mondiale-de-la-jeunesse\/","title":{"rendered":"Les jeunes adventistes en Inter-Am\u00e9rique se mobilisent pour servir et partager l\u2019espoir lors de la Journ\u00e9e Mondiale de la Jeunesse."},"content":{"rendered":"<p>&nbsp;<\/p>\n<img fetchpriority=\"high\" decoding=\"async\" class=\"aligncenter wp-image-140400\" src=\"https:\/\/interamerica.org\/wp-content\/uploads\/2026\/03\/gyd26-fren-1-1024x379.jpg\" alt=\"\" width=\"1146\" height=\"424\" srcset=\"https:\/\/interamerica.org\/wp-content\/uploads\/2026\/03\/gyd26-fren-1-1024x379.jpg 1024w, https:\/\/interamerica.org\/wp-content\/uploads\/2026\/03\/gyd26-fren-1-300x111.jpg 300w, https:\/\/interamerica.org\/wp-content\/uploads\/2026\/03\/gyd26-fren-1-768x284.jpg 768w, https:\/\/interamerica.org\/wp-content\/uploads\/2026\/03\/gyd26-fren-1.jpg 1501w\" sizes=\"(max-width: 1146px) 100vw, 1146px\" \/>\n<p>&nbsp;<\/p>\n<p><em>Des milliers de jeunes sont attendus pour participer \u00e0 des actions dans la communaut\u00e9 et \u00e0 la distribution de livres le 21 mars.<\/em><\/p>\n<p>11 mars 2026 | Miami, Floride, \u00c9tats-Unis | Libna Stevens, Actualit\u00e9s de la Division Inter Am\u00e9ricaine<\/p>\n<p>Des milliers de jeunes dans toute la Division Inter Am\u00e9ricaine se pr\u00e9parent \u00e0 se mettre au service de leurs communaut\u00e9s \u00e0 l\u2019occasion de la Journ\u00e9e Mondiale de la Jeunesse, une initiative mondiale encourageant les jeunes adventistes \u00e0 d\u00e9montrer l\u2019amour du Christ \u00e0 travers des actes de service.<\/p>\n<p>Le th\u00e8me de la journ\u00e9e pour 2026, \u00ab La Communion en Action, \u00bb a \u00e9t\u00e9 inspir\u00e9 par Actes 4 :31, o\u00f9 il est dit que les premiers croyants priaient ensemble, \u00e9taient remplis du Saint-Esprit et annon\u00e7aient avec audace le message de Dieu. Ce th\u00e8me souligne la puissance de la pri\u00e8re et de l\u2019action collectives, alors que les jeunes s\u2019unissent pour se mettre au service des autres et partager l\u2019espoir dans leurs communaut\u00e9s.<\/p>\n<p>\u00ab En ce mois de mars, des millions de jeunes adventistes \u00e0 travers le monde accomplissent quelque chose d\u2019extraordinaire, \u00bb a dit Daniel Torreblanca, directeur des minist\u00e8res de la jeunesse de la Division interam\u00e9ricaine. \u00ab Ils ne sont pas seulement dans les \u00e9glises ; ils sont dans les rues, dans les h\u00f4pitaux, dans les parcs et dans les communaut\u00e9s, au service des autres. \u00bb<\/p>\n<p><strong>Un appel \u00e0 r\u00e9aliser des actes de bienveillance<\/strong><\/p>\n<p>La Journ\u00e9e Mondiale de la Jeunesse invite les jeunes \u00e0 sortir des murs de l\u2019\u00e9glise et \u00e0 s\u2019impliquer directement aupr\u00e8s de leur communaut\u00e9 \u00e0 travers des actes concrets de bienveillance.<\/p>\n<p>\u00ab La Journ\u00e9e Mondiale de la Jeunesse est une journ\u00e9e au cours de laquelle les jeunes d\u00e9montrent de mani\u00e8re sp\u00e9cifique l\u2019amour de J\u00e9sus \u00e0 travers des actes de bienveillance, \u00bb a dit Daniel Torreblanca.<\/p>\n<img decoding=\"async\" class=\"aligncenter wp-image-140391\" src=\"https:\/\/interamerica.org\/wp-content\/uploads\/2026\/03\/post-gyd26-french-819x1024.png\" alt=\"\" width=\"708\" height=\"885\" srcset=\"https:\/\/interamerica.org\/wp-content\/uploads\/2026\/03\/post-gyd26-french-819x1024.png 819w, https:\/\/interamerica.org\/wp-content\/uploads\/2026\/03\/post-gyd26-french-240x300.png 240w, https:\/\/interamerica.org\/wp-content\/uploads\/2026\/03\/post-gyd26-french-768x960.png 768w, https:\/\/interamerica.org\/wp-content\/uploads\/2026\/03\/post-gyd26-french-1229x1536.png 1229w, https:\/\/interamerica.org\/wp-content\/uploads\/2026\/03\/post-gyd26-french-1638x2048.png 1638w, https:\/\/interamerica.org\/wp-content\/uploads\/2026\/03\/post-gyd26-french.png 2000w\" sizes=\"(max-width: 708px) 100vw, 708px\" \/>\n<p>Tout au long de la journ\u00e9e, des groupes de jeunes dans tout le territoire participeront \u00e0 diverses actions missionnaires : dons de sang, visites \u00e0 l\u2019h\u00f4pital, nettoyage des espaces publics, distribution de nourriture et pri\u00e8re avec les personnes ayant besoin d\u2019encouragement.<\/p>\n<p>\u00ab Pour certaines personnes ces actes peuvent para\u00eetre insignifiants, mais pour une personne dans le besoin, ils peuvent faire une \u00e9norme diff\u00e9rence. Une accolade, ou un sourire, peut changer la vie d\u2019une personne, \u00bb a-t-il dit.<\/p>\n<p>Daniel Torreblanca a indiqu\u00e9 que cette initiative rappelle aux jeunes croyants que la foi chr\u00e9tienne doit se vivre \u00e0 travers des actes.<\/p>\n<p>\u00ab La foi n\u2019est pas seulement quelque chose dont on entend parler, c\u2019est quelque chose que l\u2019on vit, \u00bb a-t-il dit en faisant r\u00e9f\u00e9rence \u00e0 Luc 10 : 37. \u00ab J\u00e9sus a dit : \u2018Va, et toi, fais de m\u00eame.\u2019 \u00bb<\/p>\n<p>Il a invit\u00e9 les jeunes de toute la division \u00e0 r\u00e9pondre \u00e0 l\u2019appel au service.<\/p>\n<p>\u00ab Ce 21 mars, ne vous contentez pas d\u2019\u00e9couter un sermon ; soyez le sermon, \u00bb a d\u00e9clar\u00e9 Daniel Torreblanca. \u00ab J\u00e9sus vous appelle \u00e0 \u00eatre ses mains, ses pieds et sa voix. \u00bb<\/p>\n<p><iframe title=\"Global Youth Day | Be the Sermon: Adventist Youth Living Their Faith\" width=\"500\" height=\"281\" src=\"https:\/\/www.youtube.com\/embed\/7wGOZ2jiFvE?feature=oembed\" frameborder=\"0\" allow=\"accelerometer; autoplay; clipboard-write; encrypted-media; gyroscope; picture-in-picture; web-share\" referrerpolicy=\"strict-origin-when-cross-origin\" allowfullscreen><\/iframe><\/p>\n<p><strong>Partager l\u2019espoir \u00e0 travers des publications<\/strong><\/p>\n<p>En plus des initiatives de service, les \u00e9glises dans tout le territoire participeront \u00e9galement \u00e0 la distribution annuelle de livres missionnaires, coordonn\u00e9e par le d\u00e9partement des minist\u00e8res des publications de la division.<\/p>\n<p>D\u2019apr\u00e8s Isaias Espinoza, directeur des minist\u00e8res des publications de la division, la distribution massive de livres missionnaires aura lieu le m\u00eame jour que la Journ\u00e9e Mondiale de la Jeunesse.<\/p>\n<p>\u00ab Le livre missionnaire sera distribu\u00e9 \u00e0 l\u2019occasion de la Journ\u00e9e Mondiale de la Jeunesse, ce qui donnera \u00e0 chacun l\u2019occasion de partager le message d\u2019esp\u00e9rance, \u00bb a dit Isaias Espinoza.<\/p>\n<p>Cette ann\u00e9e, les \u00e9glises dans toute la division distribueront le livre \u00ab Paroles d\u2019Esp\u00e9rance \u00bb d\u2019Ellen G. White, cofondatrice de l\u2019\u00c9glise adventiste, et feront en sorte de toucher les communaut\u00e9s de tout le territoire.<\/p>\n<p>\u00ab Enfants, jeunes, adultes et a\u00een\u00e9s participeront tous \u00e0 la distribution du livre *Paroles d\u2019Esp\u00e9rance,* \u00bb a d\u00e9clar\u00e9 Isaias Espinoza. \u00ab Dans toute la Division Inter Am\u00e9ricaine, nous pr\u00e9voyons de distribuer environ cinq millions d\u2019exemplaires. \u00bb<\/p>\n<p>Isaias Espinoza a encourag\u00e9 les membres d\u2019\u00e9glise \u00e0 distribuer les livres avec attention et avec une claire intention.<\/p>\n<p>\u00ab La meilleure fa\u00e7on de distribuer le livre n\u2019est pas simplement de le donner, mais de le faire avec une intention claire, \u00bb a-t-il dit. \u00ab Lorsque vous distribuez le livre, engagez la conversation et renseignez-vous sur les besoins de la personne afin que le message du livre puisse r\u00e9pondre \u00e0 leurs pr\u00e9occupations. \u00bb<\/p>\n<p>Il a ajout\u00e9 que les publications peuvent \u00eatre un outil puissant pour proclamer l\u2019\u00e9vangile, m\u00eame pour ceux qui h\u00e9sitent lorsqu\u2019il s\u2019agit de pr\u00eacher ou de donner des \u00e9tudes bibliques.<\/p>\n<p>\u00ab Vous ne savez peut-\u00eatre pas comment pr\u00eacher ou donner des \u00e9tudes bibliques, mais le livre peut parler \u00e0 votre place, \u00bb a dit Isaias Espinoza. \u00ab Donnez un livre, car le livre porte le message. \u00bb<\/p>\n<p><iframe title=\"Words of Hope: Bringing Hope in Times of Crisis | March 21\" width=\"500\" height=\"281\" src=\"https:\/\/www.youtube.com\/embed\/7y01hhOO5K0?feature=oembed\" frameborder=\"0\" allow=\"accelerometer; autoplay; clipboard-write; encrypted-media; gyroscope; picture-in-picture; web-share\" referrerpolicy=\"strict-origin-when-cross-origin\" allowfullscreen><\/iframe><\/p>\n<p><strong>Une opportunit\u00e9 de partager la compassion<\/strong><\/p>\n<p>Les dirigeants dans toute la Division Inter Am\u00e9ricaine affirment que la combinaison d\u2019initiatives de service et de distribution de publications offre aux membres d\u2019\u00e9glise de tous \u00e2ges, une opportunit\u00e9 de proclamer activement l\u2019esp\u00e9rance et de d\u00e9montrer l\u2019amour du Christ dans leurs communaut\u00e9s.<\/p>\n<p>Par des actes de bienveillance, \u00e0 travers la pri\u00e8re et des conversations pertinentes, les jeunes de tout le territoire devraient contribuer \u00e0 cr\u00e9er un effet d\u2019entra\u00eenement dans la compassion et la foi, qui refl\u00e8te l\u2019esprit de l\u2019\u00c9glise Primitive, a dit Daniel Torreblanca.<\/p>\n<p>Lanc\u00e9e en 2013, la Journ\u00e9e Mondiale de la Jeunesse a une vision, celle de r\u00e9affirmer que la jeunesse adventiste est un mouvement mondial mobilis\u00e9 pour le service, et qu\u2019elle contribue \u00e0 la proclamation de l\u2019\u00e9vangile \u00e9ternel et pr\u00e9pare le monde \u00e0 la seconde venue de J\u00e9sus-Christ.<\/p>\n<p>Pour en savoir plus sur la Journ\u00e9e Mondiale de la Jeunesse de cette ann\u00e9e et acc\u00e9der aux ressources de la Semaine de Pri\u00e8re des Jeunes en anglais, en espagnol et en fran\u00e7ais, cliquez <a href=\"https:\/\/interamerica.org\/fr\/event\/gyd2026\/\">ICI<\/a><\/p>\n<p>Page web de la JMJ (GYD) :\u00a0<a href=\"https:\/\/www.gcyouthministries.org\/events-and-projects\/global-youth-day-gyd\/\">ICI<\/a><\/p>\n<p>Utiliser le Hashtag: #GYD2026<\/p>\n<p>&nbsp;<\/p>\n<p>Traduction: Patrick Luciathe<\/p>\n","protected":false},"excerpt":{"rendered":"<p>&nbsp; &nbsp; Des milliers de jeunes sont attendus pour participer \u00e0 des actions dans la communaut\u00e9 et \u00e0 la distribution de livres le 21 mars. 11 mars 2026 | Miami,&#8230;<\/p>\n","protected":false},"author":3,"featured_media":140393,"comment_status":"closed","ping_status":"closed","sticky":false,"template":"","format":"standard","meta":{"_acf_changed":false,"footnotes":""},"categories":[20,19],"tags":[],"class_list":["post-140389","post","type-post","status-publish","format-standard","has-post-thumbnail","hentry","category-nouvelles-du-siege-de-la-division","category-rss-francais"],"acf":[],"yoast_head":"<!-- This site is optimized with the Yoast SEO plugin v27.3 - https:\/\/yoast.com\/product\/yoast-seo-wordpress\/ -->\n<title>Les jeunes adventistes en Inter-Am\u00e9rique se mobilisent pour servir et partager l\u2019espoir lors de la Journ\u00e9e Mondiale de la Jeunesse. - \u00c9glise Adventiste Du Septieme Jour - Inter Am\u00e9rique Division<\/title>\n<meta name=\"robots\" content=\"index, follow, max-snippet:-1, max-image-preview:large, max-video-preview:-1\" \/>\n<link rel=\"canonical\" href=\"https:\/\/interamerica.org\/fr\/2026\/03\/lles-jeunes-adventistes-en-inter-amerique-se-mobilisent-pour-servir-et-partager-lespoir-lors-de-la-journee-mondiale-de-la-jeunesse\/\" \/>\n<meta property=\"og:locale\" content=\"fr_FR\" \/>\n<meta property=\"og:type\" content=\"article\" \/>\n<meta property=\"og:title\" content=\"Les jeunes adventistes en Inter-Am\u00e9rique se mobilisent pour servir et partager l\u2019espoir lors de la Journ\u00e9e Mondiale de la Jeunesse. - \u00c9glise Adventiste Du Septieme Jour - Inter Am\u00e9rique Division\" \/>\n<meta property=\"og:description\" content=\"&nbsp; &nbsp; Des milliers de jeunes sont attendus pour participer \u00e0 des actions dans la communaut\u00e9 et \u00e0 la distribution de livres le 21 mars. 11 mars 2026 | Miami,...\" \/>\n<meta property=\"og:url\" content=\"https:\/\/interamerica.org\/fr\/2026\/03\/lles-jeunes-adventistes-en-inter-amerique-se-mobilisent-pour-servir-et-partager-lespoir-lors-de-la-journee-mondiale-de-la-jeunesse\/\" \/>\n<meta property=\"og:site_name\" content=\"\u00c9glise Adventiste Du Septieme Jour - Inter Am\u00e9rique Division\" \/>\n<meta property=\"article:published_time\" content=\"2026-03-12T15:49:00+00:00\" \/>\n<meta property=\"article:modified_time\" content=\"2026-03-12T21:13:45+00:00\" \/>\n<meta property=\"og:image\" content=\"https:\/\/interamerica.org\/wp-content\/uploads\/2026\/03\/gyd-2026-header-1280.jpg\" \/>\n\t<meta property=\"og:image:width\" content=\"1280\" \/>\n\t<meta property=\"og:image:height\" content=\"800\" \/>\n\t<meta property=\"og:image:type\" content=\"image\/jpeg\" \/>\n<meta name=\"author\" content=\"libna\" \/>\n<meta name=\"twitter:card\" content=\"summary_large_image\" \/>\n<meta name=\"twitter:label1\" content=\"\u00c9crit par\" \/>\n\t<meta name=\"twitter:data1\" content=\"libna\" \/>\n\t<meta name=\"twitter:label2\" content=\"Dur\u00e9e de lecture estim\u00e9e\" \/>\n\t<meta name=\"twitter:data2\" content=\"5 minutes\" \/>\n<script type=\"application\/ld+json\" class=\"yoast-schema-graph\">{\"@context\":\"https:\\\/\\\/schema.org\",\"@graph\":[{\"@type\":\"Article\",\"@id\":\"https:\\\/\\\/interamerica.org\\\/fr\\\/2026\\\/03\\\/lles-jeunes-adventistes-en-inter-amerique-se-mobilisent-pour-servir-et-partager-lespoir-lors-de-la-journee-mondiale-de-la-jeunesse\\\/#article\",\"isPartOf\":{\"@id\":\"https:\\\/\\\/interamerica.org\\\/fr\\\/2026\\\/03\\\/lles-jeunes-adventistes-en-inter-amerique-se-mobilisent-pour-servir-et-partager-lespoir-lors-de-la-journee-mondiale-de-la-jeunesse\\\/\"},\"author\":{\"name\":\"libna\",\"@id\":\"https:\\\/\\\/interamerica.org\\\/fr\\\/#\\\/schema\\\/person\\\/29998f2bc2d8bd0d38662909289b54f1\"},\"headline\":\"Les jeunes adventistes en Inter-Am\u00e9rique se mobilisent pour servir et partager l\u2019espoir lors de la Journ\u00e9e Mondiale de la Jeunesse.\",\"datePublished\":\"2026-03-12T15:49:00+00:00\",\"dateModified\":\"2026-03-12T21:13:45+00:00\",\"mainEntityOfPage\":{\"@id\":\"https:\\\/\\\/interamerica.org\\\/fr\\\/2026\\\/03\\\/lles-jeunes-adventistes-en-inter-amerique-se-mobilisent-pour-servir-et-partager-lespoir-lors-de-la-journee-mondiale-de-la-jeunesse\\\/\"},\"wordCount\":1068,\"image\":{\"@id\":\"https:\\\/\\\/interamerica.org\\\/fr\\\/2026\\\/03\\\/lles-jeunes-adventistes-en-inter-amerique-se-mobilisent-pour-servir-et-partager-lespoir-lors-de-la-journee-mondiale-de-la-jeunesse\\\/#primaryimage\"},\"thumbnailUrl\":\"https:\\\/\\\/interamerica.org\\\/wp-content\\\/uploads\\\/2026\\\/03\\\/gyd-2026-header-1280.jpg\",\"articleSection\":[\"Nouvelles du si\u00e8ge de la division\",\"RSS Fran\u00e7ais\"],\"inLanguage\":\"fr-FR\"},{\"@type\":\"WebPage\",\"@id\":\"https:\\\/\\\/interamerica.org\\\/fr\\\/2026\\\/03\\\/lles-jeunes-adventistes-en-inter-amerique-se-mobilisent-pour-servir-et-partager-lespoir-lors-de-la-journee-mondiale-de-la-jeunesse\\\/\",\"url\":\"https:\\\/\\\/interamerica.org\\\/fr\\\/2026\\\/03\\\/lles-jeunes-adventistes-en-inter-amerique-se-mobilisent-pour-servir-et-partager-lespoir-lors-de-la-journee-mondiale-de-la-jeunesse\\\/\",\"name\":\"Les jeunes adventistes en Inter-Am\u00e9rique se mobilisent pour servir et partager l\u2019espoir lors de la Journ\u00e9e Mondiale de la Jeunesse. - \u00c9glise Adventiste Du Septieme Jour - Inter Am\u00e9rique Division\",\"isPartOf\":{\"@id\":\"https:\\\/\\\/interamerica.org\\\/fr\\\/#website\"},\"primaryImageOfPage\":{\"@id\":\"https:\\\/\\\/interamerica.org\\\/fr\\\/2026\\\/03\\\/lles-jeunes-adventistes-en-inter-amerique-se-mobilisent-pour-servir-et-partager-lespoir-lors-de-la-journee-mondiale-de-la-jeunesse\\\/#primaryimage\"},\"image\":{\"@id\":\"https:\\\/\\\/interamerica.org\\\/fr\\\/2026\\\/03\\\/lles-jeunes-adventistes-en-inter-amerique-se-mobilisent-pour-servir-et-partager-lespoir-lors-de-la-journee-mondiale-de-la-jeunesse\\\/#primaryimage\"},\"thumbnailUrl\":\"https:\\\/\\\/interamerica.org\\\/wp-content\\\/uploads\\\/2026\\\/03\\\/gyd-2026-header-1280.jpg\",\"datePublished\":\"2026-03-12T15:49:00+00:00\",\"dateModified\":\"2026-03-12T21:13:45+00:00\",\"author\":{\"@id\":\"https:\\\/\\\/interamerica.org\\\/fr\\\/#\\\/schema\\\/person\\\/29998f2bc2d8bd0d38662909289b54f1\"},\"breadcrumb\":{\"@id\":\"https:\\\/\\\/interamerica.org\\\/fr\\\/2026\\\/03\\\/lles-jeunes-adventistes-en-inter-amerique-se-mobilisent-pour-servir-et-partager-lespoir-lors-de-la-journee-mondiale-de-la-jeunesse\\\/#breadcrumb\"},\"inLanguage\":\"fr-FR\",\"potentialAction\":[{\"@type\":\"ReadAction\",\"target\":[\"https:\\\/\\\/interamerica.org\\\/fr\\\/2026\\\/03\\\/lles-jeunes-adventistes-en-inter-amerique-se-mobilisent-pour-servir-et-partager-lespoir-lors-de-la-journee-mondiale-de-la-jeunesse\\\/\"]}]},{\"@type\":\"ImageObject\",\"inLanguage\":\"fr-FR\",\"@id\":\"https:\\\/\\\/interamerica.org\\\/fr\\\/2026\\\/03\\\/lles-jeunes-adventistes-en-inter-amerique-se-mobilisent-pour-servir-et-partager-lespoir-lors-de-la-journee-mondiale-de-la-jeunesse\\\/#primaryimage\",\"url\":\"https:\\\/\\\/interamerica.org\\\/wp-content\\\/uploads\\\/2026\\\/03\\\/gyd-2026-header-1280.jpg\",\"contentUrl\":\"https:\\\/\\\/interamerica.org\\\/wp-content\\\/uploads\\\/2026\\\/03\\\/gyd-2026-header-1280.jpg\",\"width\":1280,\"height\":800},{\"@type\":\"BreadcrumbList\",\"@id\":\"https:\\\/\\\/interamerica.org\\\/fr\\\/2026\\\/03\\\/lles-jeunes-adventistes-en-inter-amerique-se-mobilisent-pour-servir-et-partager-lespoir-lors-de-la-journee-mondiale-de-la-jeunesse\\\/#breadcrumb\",\"itemListElement\":[{\"@type\":\"ListItem\",\"position\":1,\"name\":\"Home\",\"item\":\"https:\\\/\\\/interamerica.org\\\/fr\\\/\"},{\"@type\":\"ListItem\",\"position\":2,\"name\":\"Les jeunes adventistes en Inter-Am\u00e9rique se mobilisent pour servir et partager l\u2019espoir lors de la Journ\u00e9e Mondiale de la Jeunesse.\"}]},{\"@type\":\"WebSite\",\"@id\":\"https:\\\/\\\/interamerica.org\\\/fr\\\/#website\",\"url\":\"https:\\\/\\\/interamerica.org\\\/fr\\\/\",\"name\":\"\u00c9glise Adventiste Du Septieme Jour - Inter Am\u00e9rique Division\",\"description\":\"\",\"potentialAction\":[{\"@type\":\"SearchAction\",\"target\":{\"@type\":\"EntryPoint\",\"urlTemplate\":\"https:\\\/\\\/interamerica.org\\\/fr\\\/?s={search_term_string}\"},\"query-input\":{\"@type\":\"PropertyValueSpecification\",\"valueRequired\":true,\"valueName\":\"search_term_string\"}}],\"inLanguage\":\"fr-FR\"},{\"@type\":\"Person\",\"@id\":\"https:\\\/\\\/interamerica.org\\\/fr\\\/#\\\/schema\\\/person\\\/29998f2bc2d8bd0d38662909289b54f1\",\"name\":\"libna\",\"image\":{\"@type\":\"ImageObject\",\"inLanguage\":\"fr-FR\",\"@id\":\"https:\\\/\\\/secure.gravatar.com\\\/avatar\\\/7c5bd30ae4b47a9ba3c856590957fd1d96dc588bf3ac05719d247e126840331f?s=96&d=mm&r=g\",\"url\":\"https:\\\/\\\/secure.gravatar.com\\\/avatar\\\/7c5bd30ae4b47a9ba3c856590957fd1d96dc588bf3ac05719d247e126840331f?s=96&d=mm&r=g\",\"contentUrl\":\"https:\\\/\\\/secure.gravatar.com\\\/avatar\\\/7c5bd30ae4b47a9ba3c856590957fd1d96dc588bf3ac05719d247e126840331f?s=96&d=mm&r=g\",\"caption\":\"libna\"}}]}<\/script>\n<!-- \/ Yoast SEO plugin. -->","yoast_head_json":{"title":"Les jeunes adventistes en Inter-Am\u00e9rique se mobilisent pour servir et partager l\u2019espoir lors de la Journ\u00e9e Mondiale de la Jeunesse. - \u00c9glise Adventiste Du Septieme Jour - Inter Am\u00e9rique Division","robots":{"index":"index","follow":"follow","max-snippet":"max-snippet:-1","max-image-preview":"max-image-preview:large","max-video-preview":"max-video-preview:-1"},"canonical":"https:\/\/interamerica.org\/fr\/2026\/03\/lles-jeunes-adventistes-en-inter-amerique-se-mobilisent-pour-servir-et-partager-lespoir-lors-de-la-journee-mondiale-de-la-jeunesse\/","og_locale":"fr_FR","og_type":"article","og_title":"Les jeunes adventistes en Inter-Am\u00e9rique se mobilisent pour servir et partager l\u2019espoir lors de la Journ\u00e9e Mondiale de la Jeunesse. - \u00c9glise Adventiste Du Septieme Jour - Inter Am\u00e9rique Division","og_description":"&nbsp; &nbsp; Des milliers de jeunes sont attendus pour participer \u00e0 des actions dans la communaut\u00e9 et \u00e0 la distribution de livres le 21 mars. 11 mars 2026 | Miami,...","og_url":"https:\/\/interamerica.org\/fr\/2026\/03\/lles-jeunes-adventistes-en-inter-amerique-se-mobilisent-pour-servir-et-partager-lespoir-lors-de-la-journee-mondiale-de-la-jeunesse\/","og_site_name":"\u00c9glise Adventiste Du Septieme Jour - Inter Am\u00e9rique Division","article_published_time":"2026-03-12T15:49:00+00:00","article_modified_time":"2026-03-12T21:13:45+00:00","og_image":[{"width":1280,"height":800,"url":"https:\/\/interamerica.org\/wp-content\/uploads\/2026\/03\/gyd-2026-header-1280.jpg","type":"image\/jpeg"}],"author":"libna","twitter_card":"summary_large_image","twitter_misc":{"\u00c9crit par":"libna","Dur\u00e9e de lecture estim\u00e9e":"5 minutes"},"schema":{"@context":"https:\/\/schema.org","@graph":[{"@type":"Article","@id":"https:\/\/interamerica.org\/fr\/2026\/03\/lles-jeunes-adventistes-en-inter-amerique-se-mobilisent-pour-servir-et-partager-lespoir-lors-de-la-journee-mondiale-de-la-jeunesse\/#article","isPartOf":{"@id":"https:\/\/interamerica.org\/fr\/2026\/03\/lles-jeunes-adventistes-en-inter-amerique-se-mobilisent-pour-servir-et-partager-lespoir-lors-de-la-journee-mondiale-de-la-jeunesse\/"},"author":{"name":"libna","@id":"https:\/\/interamerica.org\/fr\/#\/schema\/person\/29998f2bc2d8bd0d38662909289b54f1"},"headline":"Les jeunes adventistes en Inter-Am\u00e9rique se mobilisent pour servir et partager l\u2019espoir lors de la Journ\u00e9e Mondiale de la Jeunesse.","datePublished":"2026-03-12T15:49:00+00:00","dateModified":"2026-03-12T21:13:45+00:00","mainEntityOfPage":{"@id":"https:\/\/interamerica.org\/fr\/2026\/03\/lles-jeunes-adventistes-en-inter-amerique-se-mobilisent-pour-servir-et-partager-lespoir-lors-de-la-journee-mondiale-de-la-jeunesse\/"},"wordCount":1068,"image":{"@id":"https:\/\/interamerica.org\/fr\/2026\/03\/lles-jeunes-adventistes-en-inter-amerique-se-mobilisent-pour-servir-et-partager-lespoir-lors-de-la-journee-mondiale-de-la-jeunesse\/#primaryimage"},"thumbnailUrl":"https:\/\/interamerica.org\/wp-content\/uploads\/2026\/03\/gyd-2026-header-1280.jpg","articleSection":["Nouvelles du si\u00e8ge de la division","RSS Fran\u00e7ais"],"inLanguage":"fr-FR"},{"@type":"WebPage","@id":"https:\/\/interamerica.org\/fr\/2026\/03\/lles-jeunes-adventistes-en-inter-amerique-se-mobilisent-pour-servir-et-partager-lespoir-lors-de-la-journee-mondiale-de-la-jeunesse\/","url":"https:\/\/interamerica.org\/fr\/2026\/03\/lles-jeunes-adventistes-en-inter-amerique-se-mobilisent-pour-servir-et-partager-lespoir-lors-de-la-journee-mondiale-de-la-jeunesse\/","name":"Les jeunes adventistes en Inter-Am\u00e9rique se mobilisent pour servir et partager l\u2019espoir lors de la Journ\u00e9e Mondiale de la Jeunesse. - \u00c9glise Adventiste Du Septieme Jour - Inter Am\u00e9rique Division","isPartOf":{"@id":"https:\/\/interamerica.org\/fr\/#website"},"primaryImageOfPage":{"@id":"https:\/\/interamerica.org\/fr\/2026\/03\/lles-jeunes-adventistes-en-inter-amerique-se-mobilisent-pour-servir-et-partager-lespoir-lors-de-la-journee-mondiale-de-la-jeunesse\/#primaryimage"},"image":{"@id":"https:\/\/interamerica.org\/fr\/2026\/03\/lles-jeunes-adventistes-en-inter-amerique-se-mobilisent-pour-servir-et-partager-lespoir-lors-de-la-journee-mondiale-de-la-jeunesse\/#primaryimage"},"thumbnailUrl":"https:\/\/interamerica.org\/wp-content\/uploads\/2026\/03\/gyd-2026-header-1280.jpg","datePublished":"2026-03-12T15:49:00+00:00","dateModified":"2026-03-12T21:13:45+00:00","author":{"@id":"https:\/\/interamerica.org\/fr\/#\/schema\/person\/29998f2bc2d8bd0d38662909289b54f1"},"breadcrumb":{"@id":"https:\/\/interamerica.org\/fr\/2026\/03\/lles-jeunes-adventistes-en-inter-amerique-se-mobilisent-pour-servir-et-partager-lespoir-lors-de-la-journee-mondiale-de-la-jeunesse\/#breadcrumb"},"inLanguage":"fr-FR","potentialAction":[{"@type":"ReadAction","target":["https:\/\/interamerica.org\/fr\/2026\/03\/lles-jeunes-adventistes-en-inter-amerique-se-mobilisent-pour-servir-et-partager-lespoir-lors-de-la-journee-mondiale-de-la-jeunesse\/"]}]},{"@type":"ImageObject","inLanguage":"fr-FR","@id":"https:\/\/interamerica.org\/fr\/2026\/03\/lles-jeunes-adventistes-en-inter-amerique-se-mobilisent-pour-servir-et-partager-lespoir-lors-de-la-journee-mondiale-de-la-jeunesse\/#primaryimage","url":"https:\/\/interamerica.org\/wp-content\/uploads\/2026\/03\/gyd-2026-header-1280.jpg","contentUrl":"https:\/\/interamerica.org\/wp-content\/uploads\/2026\/03\/gyd-2026-header-1280.jpg","width":1280,"height":800},{"@type":"BreadcrumbList","@id":"https:\/\/interamerica.org\/fr\/2026\/03\/lles-jeunes-adventistes-en-inter-amerique-se-mobilisent-pour-servir-et-partager-lespoir-lors-de-la-journee-mondiale-de-la-jeunesse\/#breadcrumb","itemListElement":[{"@type":"ListItem","position":1,"name":"Home","item":"https:\/\/interamerica.org\/fr\/"},{"@type":"ListItem","position":2,"name":"Les jeunes adventistes en Inter-Am\u00e9rique se mobilisent pour servir et partager l\u2019espoir lors de la Journ\u00e9e Mondiale de la Jeunesse."}]},{"@type":"WebSite","@id":"https:\/\/interamerica.org\/fr\/#website","url":"https:\/\/interamerica.org\/fr\/","name":"\u00c9glise Adventiste Du Septieme Jour - Inter Am\u00e9rique Division","description":"","potentialAction":[{"@type":"SearchAction","target":{"@type":"EntryPoint","urlTemplate":"https:\/\/interamerica.org\/fr\/?s={search_term_string}"},"query-input":{"@type":"PropertyValueSpecification","valueRequired":true,"valueName":"search_term_string"}}],"inLanguage":"fr-FR"},{"@type":"Person","@id":"https:\/\/interamerica.org\/fr\/#\/schema\/person\/29998f2bc2d8bd0d38662909289b54f1","name":"libna","image":{"@type":"ImageObject","inLanguage":"fr-FR","@id":"https:\/\/secure.gravatar.com\/avatar\/7c5bd30ae4b47a9ba3c856590957fd1d96dc588bf3ac05719d247e126840331f?s=96&d=mm&r=g","url":"https:\/\/secure.gravatar.com\/avatar\/7c5bd30ae4b47a9ba3c856590957fd1d96dc588bf3ac05719d247e126840331f?s=96&d=mm&r=g","contentUrl":"https:\/\/secure.gravatar.com\/avatar\/7c5bd30ae4b47a9ba3c856590957fd1d96dc588bf3ac05719d247e126840331f?s=96&d=mm&r=g","caption":"libna"}}]}},"_links":{"self":[{"href":"https:\/\/interamerica.org\/fr\/wp-json\/wp\/v2\/posts\/140389","targetHints":{"allow":["GET"]}}],"collection":[{"href":"https:\/\/interamerica.org\/fr\/wp-json\/wp\/v2\/posts"}],"about":[{"href":"https:\/\/interamerica.org\/fr\/wp-json\/wp\/v2\/types\/post"}],"author":[{"embeddable":true,"href":"https:\/\/interamerica.org\/fr\/wp-json\/wp\/v2\/users\/3"}],"replies":[{"embeddable":true,"href":"https:\/\/interamerica.org\/fr\/wp-json\/wp\/v2\/comments?post=140389"}],"version-history":[{"count":4,"href":"https:\/\/interamerica.org\/fr\/wp-json\/wp\/v2\/posts\/140389\/revisions"}],"predecessor-version":[{"id":140427,"href":"https:\/\/interamerica.org\/fr\/wp-json\/wp\/v2\/posts\/140389\/revisions\/140427"}],"wp:featuredmedia":[{"embeddable":true,"href":"https:\/\/interamerica.org\/fr\/wp-json\/wp\/v2\/media\/140393"}],"wp:attachment":[{"href":"https:\/\/interamerica.org\/fr\/wp-json\/wp\/v2\/media?parent=140389"}],"wp:term":[{"taxonomy":"category","embeddable":true,"href":"https:\/\/interamerica.org\/fr\/wp-json\/wp\/v2\/categories?post=140389"},{"taxonomy":"post_tag","embeddable":true,"href":"https:\/\/interamerica.org\/fr\/wp-json\/wp\/v2\/tags?post=140389"}],"curies":[{"name":"wp","href":"https:\/\/api.w.org\/{rel}","templated":true}]}}