{"id":142251,"date":"2026-04-21T15:34:24","date_gmt":"2026-04-21T19:34:24","guid":{"rendered":"https:\/\/interamerica.org\/?p=142251"},"modified":"2026-04-24T07:57:42","modified_gmt":"2026-04-24T11:57:42","slug":"une-eglise-adventiste-a-aruba-declaree-monument-national","status":"publish","type":"post","link":"https:\/\/interamerica.org\/fr\/2026\/04\/une-eglise-adventiste-a-aruba-declaree-monument-national\/","title":{"rendered":"Une \u00e9glise adventiste \u00e0 Aruba d\u00e9clar\u00e9e monument national"},"content":{"rendered":"<p><div id=\"attachment_142085\" style=\"width: 906px\" class=\"wp-caption aligncenter\"><img fetchpriority=\"high\" decoding=\"async\" aria-describedby=\"caption-attachment-142085\" class=\" wp-image-142085\" src=\"https:\/\/interamerica.org\/wp-content\/uploads\/2026\/04\/aruba-adventistchurch-seyo-monumental-12.jpg\" alt=\"\" width=\"896\" height=\"504\" srcset=\"https:\/\/interamerica.org\/wp-content\/uploads\/2026\/04\/aruba-adventistchurch-seyo-monumental-12.jpg 1000w, https:\/\/interamerica.org\/wp-content\/uploads\/2026\/04\/aruba-adventistchurch-seyo-monumental-12-300x169.jpg 300w, https:\/\/interamerica.org\/wp-content\/uploads\/2026\/04\/aruba-adventistchurch-seyo-monumental-12-768x432.jpg 768w\" sizes=\"(max-width: 896px) 100vw, 896px\" \/><p id=\"caption-attachment-142085\" class=\"wp-caption-text\">Vue de face de l&rsquo;\u00e9glise adventiste du septi\u00e8me jour de Bernhardstraat \u00e0 Aruba, reconnue monument national lors d&rsquo;une c\u00e9r\u00e9monie qui a eu lieu le 22 avril 2026. [Photo Facebook : Gabinete AVP-Futuro]<\/p><\/div><em>La reconnaissance par le gouvernement ainsi que le plan de restauration, mettent en lumi\u00e8re l&rsquo;h\u00e9ritage de l&rsquo;\u00e9glise et son r\u00f4le dans la consolidation de la foi et de la communaut\u00e9.<\/em><\/p>\n<p>22 avril 2026 | Aruba | Pablo Lake et \u00c9quipe de r\u00e9daction de la Division Inter Am\u00e9ricaine<\/p>\n<p>Le gouvernement d&rsquo;Aruba, en partenariat avec le Monumentenbureau, a officiellement reconnu l&rsquo;\u00e9glise adventiste du septi\u00e8me jour de Bernhardstraat comme monument national lors d&rsquo;une c\u00e9r\u00e9monie sp\u00e9ciale qui a eu lieu le 22 avril, marquant une \u00e9tape importante pour la communaut\u00e9 adventiste de l&rsquo;\u00eele.<\/p>\n<p>Des dirigeants de l&rsquo;\u00e9glise, des repr\u00e9sentants du gouvernement et des membres d\u2019\u00e9glise se sont r\u00e9unis pour l&rsquo;occasion, qui a \u00e9galement \u00e9t\u00e9 marqu\u00e9e par la signature d&rsquo;un accord de restauration visant \u00e0 pr\u00e9server l&rsquo;\u00e9difice historique.<\/p>\n<p><div id=\"attachment_142095\" style=\"width: 892px\" class=\"wp-caption aligncenter\"><img decoding=\"async\" aria-describedby=\"caption-attachment-142095\" class=\" wp-image-142095\" src=\"https:\/\/interamerica.org\/wp-content\/uploads\/2026\/04\/aruba-audienceimg-9719.jpg\" alt=\"\" width=\"882\" height=\"588\" srcset=\"https:\/\/interamerica.org\/wp-content\/uploads\/2026\/04\/aruba-audienceimg-9719.jpg 1000w, https:\/\/interamerica.org\/wp-content\/uploads\/2026\/04\/aruba-audienceimg-9719-300x200.jpg 300w, https:\/\/interamerica.org\/wp-content\/uploads\/2026\/04\/aruba-audienceimg-9719-768x512.jpg 768w\" sizes=\"(max-width: 882px) 100vw, 882px\" \/><p id=\"caption-attachment-142095\" class=\"wp-caption-text\">Des membres d\u2019\u00e9glise \u00e9coutent lors de la c\u00e9r\u00e9monie de reconnaissance de l&rsquo;\u00e9glise adventiste du septi\u00e8me jour de Bernhardstraat comme monument national, le 22 avril 2026. [Photo : Hope Media Aruba]<\/p><\/div>Le b\u00e2timent, initialement d\u00e9dicac\u00e9 le 11 juillet 1936, est un t\u00e9moignage du travail des premiers missionnaires qui ont contribu\u00e9 \u00e0 l&rsquo;implantation de l&rsquo;\u00c9glise adventiste du septi\u00e8me jour \u00e0 Aruba, ont d\u00e9clar\u00e9 les dirigeants de l&rsquo;\u00c9glise. L&rsquo;\u00c9glise \u00e0 Aruba est rattach\u00e9e \u00e0 l&rsquo;Union de la Cara\u00efbe N\u00e9erlandaise, qui comprend Aruba, Bonaire et Cura\u00e7ao.<\/p>\n<p><strong>Un h\u00e9ritage enracin\u00e9 dans la mission<\/strong><\/p>\n<p>Au cours de la c\u00e9r\u00e9monie, Luciano Milliard, sp\u00e9cialiste de l&rsquo;histoire de l&rsquo;\u00c9glise, a pr\u00e9sent\u00e9 un aper\u00e7u historique retra\u00e7ant les origines du message adventiste \u00e0 Aruba dans les ann\u00e9es 1920, p\u00e9riode o\u00f9 le colportage et l&rsquo;action missionnaire ont permis de jeter les bases de la croissance de l&rsquo;\u00c9glise.<\/p>\n<p>\u00ab Ces initiatives ont conduit \u00e0 l\u2019organisation de la premi\u00e8re congr\u00e9gation adventiste en 1934, puis \u00e0 la construction et \u00e0 l&rsquo;inauguration de l&rsquo;\u00e9glise adventiste du septi\u00e8me jour de Bernhardstraat en 1936, \u00bb a indiqu\u00e9 Luciano Milliard.<\/p>\n<p><div id=\"attachment_142090\" style=\"width: 904px\" class=\"wp-caption aligncenter\"><img decoding=\"async\" aria-describedby=\"caption-attachment-142090\" class=\" wp-image-142090\" src=\"https:\/\/interamerica.org\/wp-content\/uploads\/2026\/04\/aruba-luciano-milliard-history-1.jpg\" alt=\"\" width=\"894\" height=\"596\" srcset=\"https:\/\/interamerica.org\/wp-content\/uploads\/2026\/04\/aruba-luciano-milliard-history-1.jpg 1000w, https:\/\/interamerica.org\/wp-content\/uploads\/2026\/04\/aruba-luciano-milliard-history-1-300x200.jpg 300w, https:\/\/interamerica.org\/wp-content\/uploads\/2026\/04\/aruba-luciano-milliard-history-1-768x512.jpg 768w\" sizes=\"(max-width: 894px) 100vw, 894px\" \/><p id=\"caption-attachment-142090\" class=\"wp-caption-text\">Luciano Milliard retrace l&rsquo;histoire de l&rsquo;\u00c9glise adventiste du septi\u00e8me jour \u00e0 Aruba et celle de l&rsquo;\u00e9glise adventiste du septi\u00e8me jour de Bernhardstraat. [Hope Media Aruba]<\/p><\/div>Au fil des d\u00e9cennies, le b\u00e2timent a jou\u00e9 de multiples r\u00f4les dans l\u2019accomplissement de la mission de l&rsquo;\u00c9glise : il a servi de lieu de culte, d\u2019\u00e9tablissement d&rsquo;enseignement et de centre pour l\u2019action missionnaire dans la communaut\u00e9.<\/p>\n<p>\u00ab Le b\u00e2timent est rest\u00e9 un symbole de foi, de r\u00e9silience et d&rsquo;engagement au service, \u00bb a ajout\u00e9 Luciano Milliard.<\/p>\n<p><strong>Importance nationale et effort de restauration <\/strong><\/p>\n<p>Le Premier ministre d&rsquo;Aruba, Mike Eman, a soulign\u00e9 l&rsquo;importance de cette reconnaissance, faisant remarquer que la restauration repr\u00e9sente \u00e0 la fois la pr\u00e9servation du patrimoine national et une opportunit\u00e9 d&rsquo;inspirer un renouveau dans la foi et la vie communautaire.<\/p>\n<p>\u00ab Ce b\u00e2timent repr\u00e9sente la foi, l&rsquo;attachement \u00e0 la Parole de Dieu et l&rsquo;engagement envers notre prochain. Il a inspir\u00e9 de nombreuses personnes \u00e0 aspirer \u00e0 une vie meilleure, \u00bb a d\u00e9clar\u00e9 Mike Eman lors de la c\u00e9r\u00e9monie.<\/p>\n<p><div id=\"attachment_142082\" style=\"width: 889px\" class=\"wp-caption aligncenter\"><img loading=\"lazy\" decoding=\"async\" aria-describedby=\"caption-attachment-142082\" class=\" wp-image-142082\" src=\"https:\/\/interamerica.org\/wp-content\/uploads\/2026\/04\/aruba-prime-minister-img-9832.jpg\" alt=\"\" width=\"879\" height=\"586\" srcset=\"https:\/\/interamerica.org\/wp-content\/uploads\/2026\/04\/aruba-prime-minister-img-9832.jpg 1000w, https:\/\/interamerica.org\/wp-content\/uploads\/2026\/04\/aruba-prime-minister-img-9832-300x200.jpg 300w, https:\/\/interamerica.org\/wp-content\/uploads\/2026\/04\/aruba-prime-minister-img-9832-768x512.jpg 768w\" sizes=\"(max-width: 879px) 100vw, 879px\" \/><p id=\"caption-attachment-142082\" class=\"wp-caption-text\">Le Premier ministre d&rsquo;Aruba, Mike Eman, prononce un discours lors de la c\u00e9r\u00e9monie de reconnaissance du monument national. [Photo : Hope Media Aruba]<\/p><\/div>Il a ajout\u00e9 que la restauration rev\u00eat une signification symbolique pour la nation.<\/p>\n<p>\u00ab Chaque couche de peinture, chaque porte, chaque fen\u00eatre que nous restaurons repr\u00e9sentera \u00e9galement une restauration de la foi \u00e0 Aruba, \u00bb a d\u00e9clar\u00e9 Mike Eman.<\/p>\n<p>Le Premier ministre Mike Eman a ensuite soulign\u00e9 l\u2019impact plus profond de cette initiative, au-del\u00e0 de la simple restauration de la structure physique.<\/p>\n<p>\u00ab Dans un monde en qu\u00eate de sens, des moments comme celui-ci nous rappellent que la restauration ne concerne pas seulement les b\u00e2timents, mais qu\u2019il s\u2019agit aussi de r\u00e9tablir la foi, la raison d\u2019\u00eatre, et l&rsquo;engagement au sein de notre soci\u00e9t\u00e9, \u00bb a-t-il d\u00e9clar\u00e9.<\/p>\n<p>Il a \u00e9galement mis en lumi\u00e8re le soutien apport\u00e9 par le gouvernement \u00e0 ce projet.<\/p>\n<p><div id=\"attachment_142089\" style=\"width: 879px\" class=\"wp-caption aligncenter\"><img loading=\"lazy\" decoding=\"async\" aria-describedby=\"caption-attachment-142089\" class=\" wp-image-142089\" src=\"https:\/\/interamerica.org\/wp-content\/uploads\/2026\/04\/aruba-signageimg-9866-1.jpg\" alt=\"\" width=\"869\" height=\"579\" srcset=\"https:\/\/interamerica.org\/wp-content\/uploads\/2026\/04\/aruba-signageimg-9866-1.jpg 1000w, https:\/\/interamerica.org\/wp-content\/uploads\/2026\/04\/aruba-signageimg-9866-1-300x200.jpg 300w, https:\/\/interamerica.org\/wp-content\/uploads\/2026\/04\/aruba-signageimg-9866-1-768x512.jpg 768w\" sizes=\"(max-width: 869px) 100vw, 869px\" \/><p id=\"caption-attachment-142089\" class=\"wp-caption-text\">De gauche \u00e0 droite : le pasteur Calix Ashby, tr\u00e9sorier de l&rsquo;Union de la Cara\u00efbe N\u00e9erlandaise ; Mike Eman, Premier Ministre d&rsquo;Aruba ; et Raul Gei, directeur du Monumentenbureau, signent l&rsquo;accord de restauration. [Photo : Hope Media Aruba]<\/p><\/div>\u00ab Nous n&rsquo;avons pas h\u00e9sit\u00e9 \u00e0 soutenir cette initiative, car c&rsquo;est un lieu charg\u00e9 d&rsquo;histoire o\u00f9 ont \u00e9t\u00e9 pos\u00e9s les fondements de la communaut\u00e9 et de la foi, \u00bb a dit Mike Eman.<\/p>\n<p><strong>Engagement \u00e0 pr\u00e9server et consolider la mission <\/strong><\/p>\n<p>Lors de la c\u00e9r\u00e9monie, le Premier Ministre et les dirigeants de l&rsquo;\u00c9glise ont sign\u00e9 l &lsquo;accord de restauration et d\u00e9voil\u00e9 l&#8217;embl\u00e8me officiel d\u00e9signant l&rsquo;\u00e9glise comme monument national. Les travaux de restauration devraient d\u00e9buter dans les prochains mois.<\/p>\n<p>Pasteur Virgil Sams, pr\u00e9sident de la Mission d&rsquo;Aruba, a soulign\u00e9 l&rsquo;importance spirituelle de l&rsquo;\u00e9glise.<\/p>\n<p>\u00ab Des g\u00e9n\u00e9rations ont rencontr\u00e9 Dieu entre ses murs, \u00bb a d\u00e9clar\u00e9 pasteur Sams, reconnaissant aussi les contributions des membres la\u00efcs d\u00e9vou\u00e9s, tels qu&rsquo;Eric Principaal, dont la vie de service refl\u00e8te la mission de l\u2019\u00e9glise.<\/p>\n<p><div id=\"attachment_142088\" style=\"width: 940px\" class=\"wp-caption aligncenter\"><img loading=\"lazy\" decoding=\"async\" aria-describedby=\"caption-attachment-142088\" class=\" wp-image-142088\" src=\"https:\/\/interamerica.org\/wp-content\/uploads\/2026\/04\/aruba-plaque-monumentimg-9840.jpg\" alt=\"\" width=\"930\" height=\"620\" srcset=\"https:\/\/interamerica.org\/wp-content\/uploads\/2026\/04\/aruba-plaque-monumentimg-9840.jpg 1000w, https:\/\/interamerica.org\/wp-content\/uploads\/2026\/04\/aruba-plaque-monumentimg-9840-300x200.jpg 300w, https:\/\/interamerica.org\/wp-content\/uploads\/2026\/04\/aruba-plaque-monumentimg-9840-768x512.jpg 768w\" sizes=\"(max-width: 930px) 100vw, 930px\" \/><p id=\"caption-attachment-142088\" class=\"wp-caption-text\">Le Premier Ministre d&rsquo;Aruba, Mike Eman (\u00e0 gauche), remet la plaque de reconnaissance officielle d\u00e9signant l&rsquo;\u00e9glise comme monument national au pasteur Virgil Sams (\u00e0 droite), pr\u00e9sident de la Mission Adventiste d&rsquo;Aruba, le 22 avril 2026. [Photo : Hope Media Aruba]<\/p><\/div>Pasteur Calix Ashby, tr\u00e9sorier de l&rsquo;Union de la Cara\u00efbe N\u00e9erlandaise, a soulign\u00e9 que ce projet repr\u00e9sente bien plus qu&rsquo;une simple restauration physique.<\/p>\n<p>\u00ab Il s&rsquo;agit de la restauration de l&rsquo;identit\u00e9, du but et de la mission, \u00bb a d\u00e9clar\u00e9 pasteur Ashby, r\u00e9affirmant l&rsquo;engagement de l&rsquo;\u00e9glise \u00e0 continuer son minist\u00e8re et son implication dans la communaut\u00e9.<\/p>\n<p><strong>Perspectives d&rsquo;avenir<\/strong><\/p>\n<p>L&rsquo;\u00e9glise compte actuellement une quarantaine de membres hispanophones qui se r\u00e9unissent chaque semaine \u00e0 l&rsquo;\u00e9glise. Les responsables ont indiqu\u00e9 que la restauration permettra d&rsquo;avoir un b\u00e2timent r\u00e9nov\u00e9 pour mieux servir la congr\u00e9gation et la communaut\u00e9 environnante.<\/p>\n<p>La c\u00e9r\u00e9monie s&rsquo;est achev\u00e9e par la pose de la plaque comm\u00e9morative officielle sur le b\u00e2timent, reconnaissant officiellement son importance historique et culturelle.<\/p>\n<p><div id=\"attachment_142087\" style=\"width: 914px\" class=\"wp-caption aligncenter\"><img loading=\"lazy\" decoding=\"async\" aria-describedby=\"caption-attachment-142087\" class=\" wp-image-142087\" src=\"https:\/\/interamerica.org\/wp-content\/uploads\/2026\/04\/aruba-award-pioneerimg-9805.jpg\" alt=\"\" width=\"904\" height=\"603\" srcset=\"https:\/\/interamerica.org\/wp-content\/uploads\/2026\/04\/aruba-award-pioneerimg-9805.jpg 1000w, https:\/\/interamerica.org\/wp-content\/uploads\/2026\/04\/aruba-award-pioneerimg-9805-300x200.jpg 300w, https:\/\/interamerica.org\/wp-content\/uploads\/2026\/04\/aruba-award-pioneerimg-9805-768x512.jpg 768w\" sizes=\"(max-width: 904px) 100vw, 904px\" \/><p id=\"caption-attachment-142087\" class=\"wp-caption-text\">Erich Principaal (au centre), l&rsquo;un des pionniers de l&rsquo;\u00e9glise adventiste du septi\u00e8me jour de Bernhardstraat, est honor\u00e9 par pasteur Virgil Sams (\u00e0 gauche), pr\u00e9sident de l&rsquo;\u00c9glise adventiste du septi\u00e8me jour \u00e0 Aruba, et pasteur Wilson Navarro, secr\u00e9taire ex\u00e9cutif de la Mission d&rsquo;Aruba. [Photo : Hope Media Aruba]<\/p><\/div>En pr\u00e9vision du 90\u00e8me anniversaire de l&rsquo;\u00e9glise, le pasteur Virgil Sams a d\u00e9clar\u00e9 que cette reconnaissance met en lumi\u00e8re \u00e0 la fois son h\u00e9ritage durable et la poursuite de sa mission.<\/p>\n<p>\u00ab Cette \u00e9tape importante garantit que ce site historique continuera d&rsquo;\u00eatre un centre d&rsquo;espoir, d\u2019action missionnaire et de transformation \u00e0 Aruba et au-del\u00e0, \u00bb a-t-il affirm\u00e9.<\/p>\n<p>L&rsquo;\u00c9glise adventiste du septi\u00e8me jour \u00e0 Aruba compte environ 1200 membres qui se r\u00e9unissent pour adorer dans 11 congr\u00e9gations. La Mission d&rsquo;Aruba supervise \u00e9galement l&rsquo;\u00c9cole Adventiste d&rsquo;Aruba sur l&rsquo;\u00eele.<\/p>\n<p>Traduction: Patrick Luciathe<\/p>\n","protected":false},"excerpt":{"rendered":"<p>La reconnaissance par le gouvernement ainsi que le plan de restauration, mettent en lumi\u00e8re l&rsquo;h\u00e9ritage de l&rsquo;\u00e9glise et son r\u00f4le dans la consolidation de la foi et de la communaut\u00e9&#8230;.<\/p>\n","protected":false},"author":3,"featured_media":142252,"comment_status":"closed","ping_status":"closed","sticky":false,"template":"","format":"standard","meta":{"_acf_changed":false,"footnotes":""},"categories":[21,19],"tags":[],"class_list":["post-142251","post","type-post","status-publish","format-standard","has-post-thumbnail","hentry","category-nouvelles-du-territoire","category-rss-francais"],"acf":[],"yoast_head":"<!-- This site is optimized with the Yoast SEO plugin v27.3 - https:\/\/yoast.com\/product\/yoast-seo-wordpress\/ -->\n<title>Une \u00e9glise adventiste \u00e0 Aruba d\u00e9clar\u00e9e monument national - \u00c9glise Adventiste Du Septieme Jour - Inter Am\u00e9rique Division<\/title>\n<meta name=\"robots\" content=\"index, follow, max-snippet:-1, max-image-preview:large, max-video-preview:-1\" \/>\n<link rel=\"canonical\" href=\"https:\/\/interamerica.org\/fr\/2026\/04\/une-eglise-adventiste-a-aruba-declaree-monument-national\/\" \/>\n<meta property=\"og:locale\" content=\"fr_FR\" \/>\n<meta property=\"og:type\" content=\"article\" \/>\n<meta property=\"og:title\" content=\"Une \u00e9glise adventiste \u00e0 Aruba d\u00e9clar\u00e9e monument national - \u00c9glise Adventiste Du Septieme Jour - Inter Am\u00e9rique Division\" \/>\n<meta property=\"og:description\" content=\"La reconnaissance par le gouvernement ainsi que le plan de restauration, mettent en lumi\u00e8re l&rsquo;h\u00e9ritage de l&rsquo;\u00e9glise et son r\u00f4le dans la consolidation de la foi et de la communaut\u00e9....\" \/>\n<meta property=\"og:url\" content=\"https:\/\/interamerica.org\/fr\/2026\/04\/une-eglise-adventiste-a-aruba-declaree-monument-national\/\" \/>\n<meta property=\"og:site_name\" content=\"\u00c9glise Adventiste Du Septieme Jour - Inter Am\u00e9rique Division\" \/>\n<meta property=\"article:published_time\" content=\"2026-04-21T19:34:24+00:00\" \/>\n<meta property=\"article:modified_time\" content=\"2026-04-24T11:57:42+00:00\" \/>\n<meta property=\"og:image\" content=\"https:\/\/interamerica.org\/wp-content\/uploads\/2026\/04\/aruba-adventistchurch-seyo-monumental-12.jpg\" \/>\n\t<meta property=\"og:image:width\" content=\"1000\" \/>\n\t<meta property=\"og:image:height\" content=\"563\" \/>\n\t<meta property=\"og:image:type\" content=\"image\/jpeg\" \/>\n<meta name=\"author\" content=\"libna\" \/>\n<meta name=\"twitter:card\" content=\"summary_large_image\" \/>\n<meta name=\"twitter:label1\" content=\"\u00c9crit par\" \/>\n\t<meta name=\"twitter:data1\" content=\"libna\" \/>\n\t<meta name=\"twitter:label2\" content=\"Dur\u00e9e de lecture estim\u00e9e\" \/>\n\t<meta name=\"twitter:data2\" content=\"7 minutes\" \/>\n<script type=\"application\/ld+json\" class=\"yoast-schema-graph\">{\"@context\":\"https:\\\/\\\/schema.org\",\"@graph\":[{\"@type\":\"Article\",\"@id\":\"https:\\\/\\\/interamerica.org\\\/fr\\\/2026\\\/04\\\/une-eglise-adventiste-a-aruba-declaree-monument-national\\\/#article\",\"isPartOf\":{\"@id\":\"https:\\\/\\\/interamerica.org\\\/fr\\\/2026\\\/04\\\/une-eglise-adventiste-a-aruba-declaree-monument-national\\\/\"},\"author\":{\"name\":\"libna\",\"@id\":\"https:\\\/\\\/interamerica.org\\\/fr\\\/#\\\/schema\\\/person\\\/29998f2bc2d8bd0d38662909289b54f1\"},\"headline\":\"Une \u00e9glise adventiste \u00e0 Aruba d\u00e9clar\u00e9e monument national\",\"datePublished\":\"2026-04-21T19:34:24+00:00\",\"dateModified\":\"2026-04-24T11:57:42+00:00\",\"mainEntityOfPage\":{\"@id\":\"https:\\\/\\\/interamerica.org\\\/fr\\\/2026\\\/04\\\/une-eglise-adventiste-a-aruba-declaree-monument-national\\\/\"},\"wordCount\":1277,\"image\":{\"@id\":\"https:\\\/\\\/interamerica.org\\\/fr\\\/2026\\\/04\\\/une-eglise-adventiste-a-aruba-declaree-monument-national\\\/#primaryimage\"},\"thumbnailUrl\":\"https:\\\/\\\/interamerica.org\\\/wp-content\\\/uploads\\\/2026\\\/04\\\/aruba-adventistchurch-seyo-monumental-12.jpg\",\"articleSection\":[\"Nouvelles du territoire\",\"RSS Fran\u00e7ais\"],\"inLanguage\":\"fr-FR\"},{\"@type\":\"WebPage\",\"@id\":\"https:\\\/\\\/interamerica.org\\\/fr\\\/2026\\\/04\\\/une-eglise-adventiste-a-aruba-declaree-monument-national\\\/\",\"url\":\"https:\\\/\\\/interamerica.org\\\/fr\\\/2026\\\/04\\\/une-eglise-adventiste-a-aruba-declaree-monument-national\\\/\",\"name\":\"Une \u00e9glise adventiste \u00e0 Aruba d\u00e9clar\u00e9e monument national - \u00c9glise Adventiste Du Septieme Jour - Inter Am\u00e9rique Division\",\"isPartOf\":{\"@id\":\"https:\\\/\\\/interamerica.org\\\/fr\\\/#website\"},\"primaryImageOfPage\":{\"@id\":\"https:\\\/\\\/interamerica.org\\\/fr\\\/2026\\\/04\\\/une-eglise-adventiste-a-aruba-declaree-monument-national\\\/#primaryimage\"},\"image\":{\"@id\":\"https:\\\/\\\/interamerica.org\\\/fr\\\/2026\\\/04\\\/une-eglise-adventiste-a-aruba-declaree-monument-national\\\/#primaryimage\"},\"thumbnailUrl\":\"https:\\\/\\\/interamerica.org\\\/wp-content\\\/uploads\\\/2026\\\/04\\\/aruba-adventistchurch-seyo-monumental-12.jpg\",\"datePublished\":\"2026-04-21T19:34:24+00:00\",\"dateModified\":\"2026-04-24T11:57:42+00:00\",\"author\":{\"@id\":\"https:\\\/\\\/interamerica.org\\\/fr\\\/#\\\/schema\\\/person\\\/29998f2bc2d8bd0d38662909289b54f1\"},\"breadcrumb\":{\"@id\":\"https:\\\/\\\/interamerica.org\\\/fr\\\/2026\\\/04\\\/une-eglise-adventiste-a-aruba-declaree-monument-national\\\/#breadcrumb\"},\"inLanguage\":\"fr-FR\",\"potentialAction\":[{\"@type\":\"ReadAction\",\"target\":[\"https:\\\/\\\/interamerica.org\\\/fr\\\/2026\\\/04\\\/une-eglise-adventiste-a-aruba-declaree-monument-national\\\/\"]}]},{\"@type\":\"ImageObject\",\"inLanguage\":\"fr-FR\",\"@id\":\"https:\\\/\\\/interamerica.org\\\/fr\\\/2026\\\/04\\\/une-eglise-adventiste-a-aruba-declaree-monument-national\\\/#primaryimage\",\"url\":\"https:\\\/\\\/interamerica.org\\\/wp-content\\\/uploads\\\/2026\\\/04\\\/aruba-adventistchurch-seyo-monumental-12.jpg\",\"contentUrl\":\"https:\\\/\\\/interamerica.org\\\/wp-content\\\/uploads\\\/2026\\\/04\\\/aruba-adventistchurch-seyo-monumental-12.jpg\",\"width\":1000,\"height\":563,\"caption\":\"Front view of the Bernhardstraat Seventh-day Adventist Church in Aruba, recognized as a national monument during a ceremony held on April 22, 2026. [Facebook photo: Gabinete AVP-Futuro]\"},{\"@type\":\"BreadcrumbList\",\"@id\":\"https:\\\/\\\/interamerica.org\\\/fr\\\/2026\\\/04\\\/une-eglise-adventiste-a-aruba-declaree-monument-national\\\/#breadcrumb\",\"itemListElement\":[{\"@type\":\"ListItem\",\"position\":1,\"name\":\"Home\",\"item\":\"https:\\\/\\\/interamerica.org\\\/fr\\\/\"},{\"@type\":\"ListItem\",\"position\":2,\"name\":\"Une \u00e9glise adventiste \u00e0 Aruba d\u00e9clar\u00e9e monument national\"}]},{\"@type\":\"WebSite\",\"@id\":\"https:\\\/\\\/interamerica.org\\\/fr\\\/#website\",\"url\":\"https:\\\/\\\/interamerica.org\\\/fr\\\/\",\"name\":\"\u00c9glise Adventiste Du Septieme Jour - Inter Am\u00e9rique Division\",\"description\":\"\",\"potentialAction\":[{\"@type\":\"SearchAction\",\"target\":{\"@type\":\"EntryPoint\",\"urlTemplate\":\"https:\\\/\\\/interamerica.org\\\/fr\\\/?s={search_term_string}\"},\"query-input\":{\"@type\":\"PropertyValueSpecification\",\"valueRequired\":true,\"valueName\":\"search_term_string\"}}],\"inLanguage\":\"fr-FR\"},{\"@type\":\"Person\",\"@id\":\"https:\\\/\\\/interamerica.org\\\/fr\\\/#\\\/schema\\\/person\\\/29998f2bc2d8bd0d38662909289b54f1\",\"name\":\"libna\",\"image\":{\"@type\":\"ImageObject\",\"inLanguage\":\"fr-FR\",\"@id\":\"https:\\\/\\\/secure.gravatar.com\\\/avatar\\\/7c5bd30ae4b47a9ba3c856590957fd1d96dc588bf3ac05719d247e126840331f?s=96&d=mm&r=g\",\"url\":\"https:\\\/\\\/secure.gravatar.com\\\/avatar\\\/7c5bd30ae4b47a9ba3c856590957fd1d96dc588bf3ac05719d247e126840331f?s=96&d=mm&r=g\",\"contentUrl\":\"https:\\\/\\\/secure.gravatar.com\\\/avatar\\\/7c5bd30ae4b47a9ba3c856590957fd1d96dc588bf3ac05719d247e126840331f?s=96&d=mm&r=g\",\"caption\":\"libna\"}}]}<\/script>\n<!-- \/ Yoast SEO plugin. -->","yoast_head_json":{"title":"Une \u00e9glise adventiste \u00e0 Aruba d\u00e9clar\u00e9e monument national - \u00c9glise Adventiste Du Septieme Jour - Inter Am\u00e9rique Division","robots":{"index":"index","follow":"follow","max-snippet":"max-snippet:-1","max-image-preview":"max-image-preview:large","max-video-preview":"max-video-preview:-1"},"canonical":"https:\/\/interamerica.org\/fr\/2026\/04\/une-eglise-adventiste-a-aruba-declaree-monument-national\/","og_locale":"fr_FR","og_type":"article","og_title":"Une \u00e9glise adventiste \u00e0 Aruba d\u00e9clar\u00e9e monument national - \u00c9glise Adventiste Du Septieme Jour - Inter Am\u00e9rique Division","og_description":"La reconnaissance par le gouvernement ainsi que le plan de restauration, mettent en lumi\u00e8re l&rsquo;h\u00e9ritage de l&rsquo;\u00e9glise et son r\u00f4le dans la consolidation de la foi et de la communaut\u00e9....","og_url":"https:\/\/interamerica.org\/fr\/2026\/04\/une-eglise-adventiste-a-aruba-declaree-monument-national\/","og_site_name":"\u00c9glise Adventiste Du Septieme Jour - Inter Am\u00e9rique Division","article_published_time":"2026-04-21T19:34:24+00:00","article_modified_time":"2026-04-24T11:57:42+00:00","og_image":[{"width":1000,"height":563,"url":"https:\/\/interamerica.org\/wp-content\/uploads\/2026\/04\/aruba-adventistchurch-seyo-monumental-12.jpg","type":"image\/jpeg"}],"author":"libna","twitter_card":"summary_large_image","twitter_misc":{"\u00c9crit par":"libna","Dur\u00e9e de lecture estim\u00e9e":"7 minutes"},"schema":{"@context":"https:\/\/schema.org","@graph":[{"@type":"Article","@id":"https:\/\/interamerica.org\/fr\/2026\/04\/une-eglise-adventiste-a-aruba-declaree-monument-national\/#article","isPartOf":{"@id":"https:\/\/interamerica.org\/fr\/2026\/04\/une-eglise-adventiste-a-aruba-declaree-monument-national\/"},"author":{"name":"libna","@id":"https:\/\/interamerica.org\/fr\/#\/schema\/person\/29998f2bc2d8bd0d38662909289b54f1"},"headline":"Une \u00e9glise adventiste \u00e0 Aruba d\u00e9clar\u00e9e monument national","datePublished":"2026-04-21T19:34:24+00:00","dateModified":"2026-04-24T11:57:42+00:00","mainEntityOfPage":{"@id":"https:\/\/interamerica.org\/fr\/2026\/04\/une-eglise-adventiste-a-aruba-declaree-monument-national\/"},"wordCount":1277,"image":{"@id":"https:\/\/interamerica.org\/fr\/2026\/04\/une-eglise-adventiste-a-aruba-declaree-monument-national\/#primaryimage"},"thumbnailUrl":"https:\/\/interamerica.org\/wp-content\/uploads\/2026\/04\/aruba-adventistchurch-seyo-monumental-12.jpg","articleSection":["Nouvelles du territoire","RSS Fran\u00e7ais"],"inLanguage":"fr-FR"},{"@type":"WebPage","@id":"https:\/\/interamerica.org\/fr\/2026\/04\/une-eglise-adventiste-a-aruba-declaree-monument-national\/","url":"https:\/\/interamerica.org\/fr\/2026\/04\/une-eglise-adventiste-a-aruba-declaree-monument-national\/","name":"Une \u00e9glise adventiste \u00e0 Aruba d\u00e9clar\u00e9e monument national - \u00c9glise Adventiste Du Septieme Jour - Inter Am\u00e9rique Division","isPartOf":{"@id":"https:\/\/interamerica.org\/fr\/#website"},"primaryImageOfPage":{"@id":"https:\/\/interamerica.org\/fr\/2026\/04\/une-eglise-adventiste-a-aruba-declaree-monument-national\/#primaryimage"},"image":{"@id":"https:\/\/interamerica.org\/fr\/2026\/04\/une-eglise-adventiste-a-aruba-declaree-monument-national\/#primaryimage"},"thumbnailUrl":"https:\/\/interamerica.org\/wp-content\/uploads\/2026\/04\/aruba-adventistchurch-seyo-monumental-12.jpg","datePublished":"2026-04-21T19:34:24+00:00","dateModified":"2026-04-24T11:57:42+00:00","author":{"@id":"https:\/\/interamerica.org\/fr\/#\/schema\/person\/29998f2bc2d8bd0d38662909289b54f1"},"breadcrumb":{"@id":"https:\/\/interamerica.org\/fr\/2026\/04\/une-eglise-adventiste-a-aruba-declaree-monument-national\/#breadcrumb"},"inLanguage":"fr-FR","potentialAction":[{"@type":"ReadAction","target":["https:\/\/interamerica.org\/fr\/2026\/04\/une-eglise-adventiste-a-aruba-declaree-monument-national\/"]}]},{"@type":"ImageObject","inLanguage":"fr-FR","@id":"https:\/\/interamerica.org\/fr\/2026\/04\/une-eglise-adventiste-a-aruba-declaree-monument-national\/#primaryimage","url":"https:\/\/interamerica.org\/wp-content\/uploads\/2026\/04\/aruba-adventistchurch-seyo-monumental-12.jpg","contentUrl":"https:\/\/interamerica.org\/wp-content\/uploads\/2026\/04\/aruba-adventistchurch-seyo-monumental-12.jpg","width":1000,"height":563,"caption":"Front view of the Bernhardstraat Seventh-day Adventist Church in Aruba, recognized as a national monument during a ceremony held on April 22, 2026. [Facebook photo: Gabinete AVP-Futuro]"},{"@type":"BreadcrumbList","@id":"https:\/\/interamerica.org\/fr\/2026\/04\/une-eglise-adventiste-a-aruba-declaree-monument-national\/#breadcrumb","itemListElement":[{"@type":"ListItem","position":1,"name":"Home","item":"https:\/\/interamerica.org\/fr\/"},{"@type":"ListItem","position":2,"name":"Une \u00e9glise adventiste \u00e0 Aruba d\u00e9clar\u00e9e monument national"}]},{"@type":"WebSite","@id":"https:\/\/interamerica.org\/fr\/#website","url":"https:\/\/interamerica.org\/fr\/","name":"\u00c9glise Adventiste Du Septieme Jour - Inter Am\u00e9rique Division","description":"","potentialAction":[{"@type":"SearchAction","target":{"@type":"EntryPoint","urlTemplate":"https:\/\/interamerica.org\/fr\/?s={search_term_string}"},"query-input":{"@type":"PropertyValueSpecification","valueRequired":true,"valueName":"search_term_string"}}],"inLanguage":"fr-FR"},{"@type":"Person","@id":"https:\/\/interamerica.org\/fr\/#\/schema\/person\/29998f2bc2d8bd0d38662909289b54f1","name":"libna","image":{"@type":"ImageObject","inLanguage":"fr-FR","@id":"https:\/\/secure.gravatar.com\/avatar\/7c5bd30ae4b47a9ba3c856590957fd1d96dc588bf3ac05719d247e126840331f?s=96&d=mm&r=g","url":"https:\/\/secure.gravatar.com\/avatar\/7c5bd30ae4b47a9ba3c856590957fd1d96dc588bf3ac05719d247e126840331f?s=96&d=mm&r=g","contentUrl":"https:\/\/secure.gravatar.com\/avatar\/7c5bd30ae4b47a9ba3c856590957fd1d96dc588bf3ac05719d247e126840331f?s=96&d=mm&r=g","caption":"libna"}}]}},"_links":{"self":[{"href":"https:\/\/interamerica.org\/fr\/wp-json\/wp\/v2\/posts\/142251","targetHints":{"allow":["GET"]}}],"collection":[{"href":"https:\/\/interamerica.org\/fr\/wp-json\/wp\/v2\/posts"}],"about":[{"href":"https:\/\/interamerica.org\/fr\/wp-json\/wp\/v2\/types\/post"}],"author":[{"embeddable":true,"href":"https:\/\/interamerica.org\/fr\/wp-json\/wp\/v2\/users\/3"}],"replies":[{"embeddable":true,"href":"https:\/\/interamerica.org\/fr\/wp-json\/wp\/v2\/comments?post=142251"}],"version-history":[{"count":1,"href":"https:\/\/interamerica.org\/fr\/wp-json\/wp\/v2\/posts\/142251\/revisions"}],"predecessor-version":[{"id":142334,"href":"https:\/\/interamerica.org\/fr\/wp-json\/wp\/v2\/posts\/142251\/revisions\/142334"}],"wp:featuredmedia":[{"embeddable":true,"href":"https:\/\/interamerica.org\/fr\/wp-json\/wp\/v2\/media\/142252"}],"wp:attachment":[{"href":"https:\/\/interamerica.org\/fr\/wp-json\/wp\/v2\/media?parent=142251"}],"wp:term":[{"taxonomy":"category","embeddable":true,"href":"https:\/\/interamerica.org\/fr\/wp-json\/wp\/v2\/categories?post=142251"},{"taxonomy":"post_tag","embeddable":true,"href":"https:\/\/interamerica.org\/fr\/wp-json\/wp\/v2\/tags?post=142251"}],"curies":[{"name":"wp","href":"https:\/\/api.w.org\/{rel}","templated":true}]}}