{"id":142257,"date":"2026-04-20T14:43:14","date_gmt":"2026-04-20T18:43:14","guid":{"rendered":"https:\/\/interamerica.org\/?p=142257"},"modified":"2026-04-24T07:56:41","modified_gmt":"2026-04-24T11:56:41","slug":"anthony-hilliard-nomme-nouveau-president-du-pole-sante-de-luniversite-de-loma-linda","status":"publish","type":"post","link":"https:\/\/interamerica.org\/fr\/2026\/04\/anthony-hilliard-nomme-nouveau-president-du-pole-sante-de-luniversite-de-loma-linda\/","title":{"rendered":"Anthony Hilliard nomm\u00e9 nouveau pr\u00e9sident du P\u00f4le Sant\u00e9 de l\u2019Universit\u00e9 de Loma Linda"},"content":{"rendered":"<p class=\"c-post-header__subtitle\"><em>Administrateur de sant\u00e9 exp\u00e9riment\u00e9, il succ\u00e9dera \u00e0 Richard Hart, qui prend sa retraite.<\/em><\/p>\n<p>20 avril 2026 | Loma Linda, Californie, \u00c9tats-Unis | Actualit\u00e9s du P\u00f4le Sant\u00e9 de l\u2019Universit\u00e9 de Loma Linda<\/p>\n<p>Le Conseil d&rsquo;Administration du P\u00f4le Sant\u00e9 de l\u2019Universit\u00e9 de Loma Linda (Loma Linda University Health) a \u00e9lu Anthony Hilliard \u00e0 la pr\u00e9sidence du P\u00f4le Sant\u00e9 de l\u2019Universit\u00e9 de Loma Linda (LLUH), \u00e0 compter du 1er juillet. Anthony Hilliard continuera d&rsquo;exercer simultan\u00e9ment les fonctions de directeur g\u00e9n\u00e9ral des h\u00f4pitaux de Loma Linda University Health, poste qu&rsquo;il occupe depuis octobre 2024.<\/p>\n<p>Anthony Hilliard servira en tant que pr\u00e9sident \u00e9lu jusqu\u2019au 30 juin, en \u00e9troite collaboration avec le pr\u00e9sident actuel, Richard Hart, qui restera en fonction jusqu\u2019\u00e0 la transition.<\/p>\n<p><div id=\"attachment_142173\" style=\"width: 833px\" class=\"wp-caption aligncenter\"><img fetchpriority=\"high\" decoding=\"async\" aria-describedby=\"caption-attachment-142173\" class=\" wp-image-142173\" src=\"https:\/\/interamerica.org\/wp-content\/uploads\/2026\/04\/llu-1-1-1.jpg\" alt=\"\" width=\"823\" height=\"463\" srcset=\"https:\/\/interamerica.org\/wp-content\/uploads\/2026\/04\/llu-1-1-1.jpg 755w, https:\/\/interamerica.org\/wp-content\/uploads\/2026\/04\/llu-1-1-1-300x169.jpg 300w\" sizes=\"(max-width: 823px) 100vw, 823px\" \/><p id=\"caption-attachment-142173\" class=\"wp-caption-text\">Anthony Hilliard a \u00e9t\u00e9 nomm\u00e9 pr\u00e9sident du P\u00f4le Sant\u00e9 de l\u2019Universit\u00e9 de Loma Linda, avec prise d\u2019effet le 1er juillet. Il remplacera Richard Hart, qui prend sa retraite. [Photo : Loma Linda University Health News]<\/p><\/div>\u00ab Dr Hilliard est un dirigeant profond\u00e9ment motiv\u00e9 par la mission, poss\u00e9dant une exp\u00e9rience exceptionnelle dans les domaines des soins cliniques, de la m\u00e9decine universitaire et de la gestion des soins de sant\u00e9, \u00bb a d\u00e9clar\u00e9 Thomas Lemon, pr\u00e9sident du conseil d&rsquo;administration de LLUH. \u00ab Alors que le P\u00f4le Sant\u00e9 de l\u2019Universit\u00e9 de Loma Linda poursuit l\u2019expansion de son empreinte mondiale dans les domaines de la prestation de soins et de l\u2019\u00e9ducation, le conseil d&rsquo;administration a pleinement confiance en la capacit\u00e9 du Dr Hilliard \u00e0 diriger avec clart\u00e9, esprit de collaboration et foi. \u00bb<\/p>\n<p>Le conseil d&rsquo;administration de LLUH a \u00e9galement exprim\u00e9 sa profonde reconnaissance envers le Dr Hart pour son leadership amenant la transformation, qui a permis \u00e0 LLUH de vivre une p\u00e9riode de croissance historique, de renforcer l&rsquo;int\u00e9gration de sa mission et de r\u00e9aliser des progr\u00e8s significatifs dans ses activit\u00e9s cliniques et universitaires.<\/p>\n<p>Originaire du sud de la Californie, Dr Anthony Hilliard a obtenu son dipl\u00f4me de m\u00e9decine \u00e0 la Facult\u00e9 de M\u00e9decine de l&rsquo;Universit\u00e9 de Loma Linda et a effectu\u00e9 son internat et ses sp\u00e9cialisations en cardiologie \u00e0 la Mayo Clinic, o\u00f9 il a re\u00e7u de nombreuses distinctions nationales. Depuis son retour \u00e0 Loma Linda University Health en 2009, il a occup\u00e9 des postes \u00e0 responsabilit\u00e9s croissantes, notamment celui de chef du service de cardiologie ; directeur g\u00e9n\u00e9ral des op\u00e9rations du Groupe M\u00e9dical Enseignant de l&rsquo;Universit\u00e9 de Loma Linda et de LLU Health Care ; vice-pr\u00e9sident principal des op\u00e9rations cliniques de LLUH ; doyen adjoint des op\u00e9rations cliniques de la Facult\u00e9 de M\u00e9decine ; et, depuis 2024, directeur g\u00e9n\u00e9ral des h\u00f4pitaux.<\/p>\n<p>En 2025, Dr Anthony Hilliard a \u00e9t\u00e9 promu professeur de m\u00e9decine en reconnaissance de ses contributions continues \u00e0 la m\u00e9decine universitaire, de son leadership et de son action dans le mentorat. Au niveau national, il a \u00e9galement occup\u00e9 des postes de direction au sein du Coll\u00e8ge Am\u00e9ricain de Cardiologie et de l&rsquo;Association Am\u00e9ricaine de Cardiologie.<\/p>\n<p>\u00ab Dr Hilliard comprend \u00e0 la fois la complexit\u00e9 de notre organisation int\u00e9gr\u00e9e et la responsabilit\u00e9 sacr\u00e9e de notre mission mondiale, \u00bb a ajout\u00e9 Thomas Lemon. \u00ab Son leadership t\u00e9moigne de l&rsquo;engagement de Loma Linda University Health envers les soins apport\u00e9s \u00e0 l\u2019int\u00e9gralit\u00e9 de la personne, localement et dans le monde entier. \u00bb<\/p>\n<p><em>La\u00a0<\/em><a href=\"https:\/\/news.llu.edu\/community\/dr-anthony-hilliard-named-new-president-loma-linda-university-health\" target=\"_blank\" rel=\"noopener\"><em>version originale<\/em><\/a><em>\u00a0de ce communiqu\u00e9 a \u00e9t\u00e9 publi\u00e9e par\u00a0<\/em><a href=\"https:\/\/news.llu.edu\/\" target=\"_blank\" rel=\"noopener\"><em>Loma Linda University Health News<\/em><\/a><em>.<\/em><\/p>\n<p>Traduction: Patrick Luciathe<\/p>\n","protected":false},"excerpt":{"rendered":"<p>Administrateur de sant\u00e9 exp\u00e9riment\u00e9, il succ\u00e9dera \u00e0 Richard Hart, qui prend sa retraite. 20 avril 2026 | Loma Linda, Californie, \u00c9tats-Unis | Actualit\u00e9s du P\u00f4le Sant\u00e9 de l\u2019Universit\u00e9 de Loma&#8230;<\/p>\n","protected":false},"author":3,"featured_media":142258,"comment_status":"closed","ping_status":"closed","sticky":false,"template":"","format":"standard","meta":{"_acf_changed":false,"footnotes":""},"categories":[18,19],"tags":[],"class_list":["post-142257","post","type-post","status-publish","format-standard","has-post-thumbnail","hentry","category-nouvelles-de-leglise-mondiale","category-rss-francais"],"acf":[],"yoast_head":"<!-- This site is optimized with the Yoast SEO plugin v27.3 - https:\/\/yoast.com\/product\/yoast-seo-wordpress\/ -->\n<title>Anthony Hilliard nomm\u00e9 nouveau pr\u00e9sident du P\u00f4le Sant\u00e9 de l\u2019Universit\u00e9 de Loma Linda - \u00c9glise Adventiste Du Septieme Jour - Inter Am\u00e9rique Division<\/title>\n<meta name=\"robots\" content=\"index, follow, max-snippet:-1, max-image-preview:large, max-video-preview:-1\" \/>\n<link rel=\"canonical\" href=\"https:\/\/interamerica.org\/fr\/2026\/04\/anthony-hilliard-nomme-nouveau-president-du-pole-sante-de-luniversite-de-loma-linda\/\" \/>\n<meta property=\"og:locale\" content=\"fr_FR\" \/>\n<meta property=\"og:type\" content=\"article\" \/>\n<meta property=\"og:title\" content=\"Anthony Hilliard nomm\u00e9 nouveau pr\u00e9sident du P\u00f4le Sant\u00e9 de l\u2019Universit\u00e9 de Loma Linda - \u00c9glise Adventiste Du Septieme Jour - Inter Am\u00e9rique Division\" \/>\n<meta property=\"og:description\" content=\"Administrateur de sant\u00e9 exp\u00e9riment\u00e9, il succ\u00e9dera \u00e0 Richard Hart, qui prend sa retraite. 20 avril 2026 | Loma Linda, Californie, \u00c9tats-Unis | Actualit\u00e9s du P\u00f4le Sant\u00e9 de l\u2019Universit\u00e9 de Loma...\" \/>\n<meta property=\"og:url\" content=\"https:\/\/interamerica.org\/fr\/2026\/04\/anthony-hilliard-nomme-nouveau-president-du-pole-sante-de-luniversite-de-loma-linda\/\" \/>\n<meta property=\"og:site_name\" content=\"\u00c9glise Adventiste Du Septieme Jour - Inter Am\u00e9rique Division\" \/>\n<meta property=\"article:published_time\" content=\"2026-04-20T18:43:14+00:00\" \/>\n<meta property=\"article:modified_time\" content=\"2026-04-24T11:56:41+00:00\" \/>\n<meta property=\"og:image\" content=\"https:\/\/interamerica.org\/wp-content\/uploads\/2026\/04\/llu-1-1-1.jpg\" \/>\n\t<meta property=\"og:image:width\" content=\"755\" \/>\n\t<meta property=\"og:image:height\" content=\"425\" \/>\n\t<meta property=\"og:image:type\" content=\"image\/jpeg\" \/>\n<meta name=\"author\" content=\"libna\" \/>\n<meta name=\"twitter:card\" content=\"summary_large_image\" \/>\n<meta name=\"twitter:label1\" content=\"\u00c9crit par\" \/>\n\t<meta name=\"twitter:data1\" content=\"libna\" \/>\n\t<meta name=\"twitter:label2\" content=\"Dur\u00e9e de lecture estim\u00e9e\" \/>\n\t<meta name=\"twitter:data2\" content=\"3 minutes\" \/>\n<script type=\"application\/ld+json\" class=\"yoast-schema-graph\">{\"@context\":\"https:\\\/\\\/schema.org\",\"@graph\":[{\"@type\":\"Article\",\"@id\":\"https:\\\/\\\/interamerica.org\\\/fr\\\/2026\\\/04\\\/anthony-hilliard-nomme-nouveau-president-du-pole-sante-de-luniversite-de-loma-linda\\\/#article\",\"isPartOf\":{\"@id\":\"https:\\\/\\\/interamerica.org\\\/fr\\\/2026\\\/04\\\/anthony-hilliard-nomme-nouveau-president-du-pole-sante-de-luniversite-de-loma-linda\\\/\"},\"author\":{\"name\":\"libna\",\"@id\":\"https:\\\/\\\/interamerica.org\\\/fr\\\/#\\\/schema\\\/person\\\/29998f2bc2d8bd0d38662909289b54f1\"},\"headline\":\"Anthony Hilliard nomm\u00e9 nouveau pr\u00e9sident du P\u00f4le Sant\u00e9 de l\u2019Universit\u00e9 de Loma Linda\",\"datePublished\":\"2026-04-20T18:43:14+00:00\",\"dateModified\":\"2026-04-24T11:56:41+00:00\",\"mainEntityOfPage\":{\"@id\":\"https:\\\/\\\/interamerica.org\\\/fr\\\/2026\\\/04\\\/anthony-hilliard-nomme-nouveau-president-du-pole-sante-de-luniversite-de-loma-linda\\\/\"},\"wordCount\":608,\"image\":{\"@id\":\"https:\\\/\\\/interamerica.org\\\/fr\\\/2026\\\/04\\\/anthony-hilliard-nomme-nouveau-president-du-pole-sante-de-luniversite-de-loma-linda\\\/#primaryimage\"},\"thumbnailUrl\":\"https:\\\/\\\/interamerica.org\\\/wp-content\\\/uploads\\\/2026\\\/04\\\/llu-1-1-1.jpg\",\"articleSection\":[\"Nouvelles de l'\u00c9glise mondiale\",\"RSS Fran\u00e7ais\"],\"inLanguage\":\"fr-FR\"},{\"@type\":\"WebPage\",\"@id\":\"https:\\\/\\\/interamerica.org\\\/fr\\\/2026\\\/04\\\/anthony-hilliard-nomme-nouveau-president-du-pole-sante-de-luniversite-de-loma-linda\\\/\",\"url\":\"https:\\\/\\\/interamerica.org\\\/fr\\\/2026\\\/04\\\/anthony-hilliard-nomme-nouveau-president-du-pole-sante-de-luniversite-de-loma-linda\\\/\",\"name\":\"Anthony Hilliard nomm\u00e9 nouveau pr\u00e9sident du P\u00f4le Sant\u00e9 de l\u2019Universit\u00e9 de Loma Linda - \u00c9glise Adventiste Du Septieme Jour - Inter Am\u00e9rique Division\",\"isPartOf\":{\"@id\":\"https:\\\/\\\/interamerica.org\\\/fr\\\/#website\"},\"primaryImageOfPage\":{\"@id\":\"https:\\\/\\\/interamerica.org\\\/fr\\\/2026\\\/04\\\/anthony-hilliard-nomme-nouveau-president-du-pole-sante-de-luniversite-de-loma-linda\\\/#primaryimage\"},\"image\":{\"@id\":\"https:\\\/\\\/interamerica.org\\\/fr\\\/2026\\\/04\\\/anthony-hilliard-nomme-nouveau-president-du-pole-sante-de-luniversite-de-loma-linda\\\/#primaryimage\"},\"thumbnailUrl\":\"https:\\\/\\\/interamerica.org\\\/wp-content\\\/uploads\\\/2026\\\/04\\\/llu-1-1-1.jpg\",\"datePublished\":\"2026-04-20T18:43:14+00:00\",\"dateModified\":\"2026-04-24T11:56:41+00:00\",\"author\":{\"@id\":\"https:\\\/\\\/interamerica.org\\\/fr\\\/#\\\/schema\\\/person\\\/29998f2bc2d8bd0d38662909289b54f1\"},\"breadcrumb\":{\"@id\":\"https:\\\/\\\/interamerica.org\\\/fr\\\/2026\\\/04\\\/anthony-hilliard-nomme-nouveau-president-du-pole-sante-de-luniversite-de-loma-linda\\\/#breadcrumb\"},\"inLanguage\":\"fr-FR\",\"potentialAction\":[{\"@type\":\"ReadAction\",\"target\":[\"https:\\\/\\\/interamerica.org\\\/fr\\\/2026\\\/04\\\/anthony-hilliard-nomme-nouveau-president-du-pole-sante-de-luniversite-de-loma-linda\\\/\"]}]},{\"@type\":\"ImageObject\",\"inLanguage\":\"fr-FR\",\"@id\":\"https:\\\/\\\/interamerica.org\\\/fr\\\/2026\\\/04\\\/anthony-hilliard-nomme-nouveau-president-du-pole-sante-de-luniversite-de-loma-linda\\\/#primaryimage\",\"url\":\"https:\\\/\\\/interamerica.org\\\/wp-content\\\/uploads\\\/2026\\\/04\\\/llu-1-1-1.jpg\",\"contentUrl\":\"https:\\\/\\\/interamerica.org\\\/wp-content\\\/uploads\\\/2026\\\/04\\\/llu-1-1-1.jpg\",\"width\":755,\"height\":425,\"caption\":\"Anthony Hilliard a \u00e9t\u00e9 nomm\u00e9 pr\u00e9sident du P\u00f4le Sant\u00e9 de l\u2019Universit\u00e9 de Loma Linda, avec prise d\u2019effet le 1er juillet. Il remplacera Richard Hart, qui prend sa retraite. [Photo : Loma Linda University Health News]\"},{\"@type\":\"BreadcrumbList\",\"@id\":\"https:\\\/\\\/interamerica.org\\\/fr\\\/2026\\\/04\\\/anthony-hilliard-nomme-nouveau-president-du-pole-sante-de-luniversite-de-loma-linda\\\/#breadcrumb\",\"itemListElement\":[{\"@type\":\"ListItem\",\"position\":1,\"name\":\"Home\",\"item\":\"https:\\\/\\\/interamerica.org\\\/fr\\\/\"},{\"@type\":\"ListItem\",\"position\":2,\"name\":\"Anthony Hilliard nomm\u00e9 nouveau pr\u00e9sident du P\u00f4le Sant\u00e9 de l\u2019Universit\u00e9 de Loma Linda\"}]},{\"@type\":\"WebSite\",\"@id\":\"https:\\\/\\\/interamerica.org\\\/fr\\\/#website\",\"url\":\"https:\\\/\\\/interamerica.org\\\/fr\\\/\",\"name\":\"\u00c9glise Adventiste Du Septieme Jour - Inter Am\u00e9rique Division\",\"description\":\"\",\"potentialAction\":[{\"@type\":\"SearchAction\",\"target\":{\"@type\":\"EntryPoint\",\"urlTemplate\":\"https:\\\/\\\/interamerica.org\\\/fr\\\/?s={search_term_string}\"},\"query-input\":{\"@type\":\"PropertyValueSpecification\",\"valueRequired\":true,\"valueName\":\"search_term_string\"}}],\"inLanguage\":\"fr-FR\"},{\"@type\":\"Person\",\"@id\":\"https:\\\/\\\/interamerica.org\\\/fr\\\/#\\\/schema\\\/person\\\/29998f2bc2d8bd0d38662909289b54f1\",\"name\":\"libna\",\"image\":{\"@type\":\"ImageObject\",\"inLanguage\":\"fr-FR\",\"@id\":\"https:\\\/\\\/secure.gravatar.com\\\/avatar\\\/7c5bd30ae4b47a9ba3c856590957fd1d96dc588bf3ac05719d247e126840331f?s=96&d=mm&r=g\",\"url\":\"https:\\\/\\\/secure.gravatar.com\\\/avatar\\\/7c5bd30ae4b47a9ba3c856590957fd1d96dc588bf3ac05719d247e126840331f?s=96&d=mm&r=g\",\"contentUrl\":\"https:\\\/\\\/secure.gravatar.com\\\/avatar\\\/7c5bd30ae4b47a9ba3c856590957fd1d96dc588bf3ac05719d247e126840331f?s=96&d=mm&r=g\",\"caption\":\"libna\"}}]}<\/script>\n<!-- \/ Yoast SEO plugin. -->","yoast_head_json":{"title":"Anthony Hilliard nomm\u00e9 nouveau pr\u00e9sident du P\u00f4le Sant\u00e9 de l\u2019Universit\u00e9 de Loma Linda - \u00c9glise Adventiste Du Septieme Jour - Inter Am\u00e9rique Division","robots":{"index":"index","follow":"follow","max-snippet":"max-snippet:-1","max-image-preview":"max-image-preview:large","max-video-preview":"max-video-preview:-1"},"canonical":"https:\/\/interamerica.org\/fr\/2026\/04\/anthony-hilliard-nomme-nouveau-president-du-pole-sante-de-luniversite-de-loma-linda\/","og_locale":"fr_FR","og_type":"article","og_title":"Anthony Hilliard nomm\u00e9 nouveau pr\u00e9sident du P\u00f4le Sant\u00e9 de l\u2019Universit\u00e9 de Loma Linda - \u00c9glise Adventiste Du Septieme Jour - Inter Am\u00e9rique Division","og_description":"Administrateur de sant\u00e9 exp\u00e9riment\u00e9, il succ\u00e9dera \u00e0 Richard Hart, qui prend sa retraite. 20 avril 2026 | Loma Linda, Californie, \u00c9tats-Unis | Actualit\u00e9s du P\u00f4le Sant\u00e9 de l\u2019Universit\u00e9 de Loma...","og_url":"https:\/\/interamerica.org\/fr\/2026\/04\/anthony-hilliard-nomme-nouveau-president-du-pole-sante-de-luniversite-de-loma-linda\/","og_site_name":"\u00c9glise Adventiste Du Septieme Jour - Inter Am\u00e9rique Division","article_published_time":"2026-04-20T18:43:14+00:00","article_modified_time":"2026-04-24T11:56:41+00:00","og_image":[{"width":755,"height":425,"url":"https:\/\/interamerica.org\/wp-content\/uploads\/2026\/04\/llu-1-1-1.jpg","type":"image\/jpeg"}],"author":"libna","twitter_card":"summary_large_image","twitter_misc":{"\u00c9crit par":"libna","Dur\u00e9e de lecture estim\u00e9e":"3 minutes"},"schema":{"@context":"https:\/\/schema.org","@graph":[{"@type":"Article","@id":"https:\/\/interamerica.org\/fr\/2026\/04\/anthony-hilliard-nomme-nouveau-president-du-pole-sante-de-luniversite-de-loma-linda\/#article","isPartOf":{"@id":"https:\/\/interamerica.org\/fr\/2026\/04\/anthony-hilliard-nomme-nouveau-president-du-pole-sante-de-luniversite-de-loma-linda\/"},"author":{"name":"libna","@id":"https:\/\/interamerica.org\/fr\/#\/schema\/person\/29998f2bc2d8bd0d38662909289b54f1"},"headline":"Anthony Hilliard nomm\u00e9 nouveau pr\u00e9sident du P\u00f4le Sant\u00e9 de l\u2019Universit\u00e9 de Loma Linda","datePublished":"2026-04-20T18:43:14+00:00","dateModified":"2026-04-24T11:56:41+00:00","mainEntityOfPage":{"@id":"https:\/\/interamerica.org\/fr\/2026\/04\/anthony-hilliard-nomme-nouveau-president-du-pole-sante-de-luniversite-de-loma-linda\/"},"wordCount":608,"image":{"@id":"https:\/\/interamerica.org\/fr\/2026\/04\/anthony-hilliard-nomme-nouveau-president-du-pole-sante-de-luniversite-de-loma-linda\/#primaryimage"},"thumbnailUrl":"https:\/\/interamerica.org\/wp-content\/uploads\/2026\/04\/llu-1-1-1.jpg","articleSection":["Nouvelles de l'\u00c9glise mondiale","RSS Fran\u00e7ais"],"inLanguage":"fr-FR"},{"@type":"WebPage","@id":"https:\/\/interamerica.org\/fr\/2026\/04\/anthony-hilliard-nomme-nouveau-president-du-pole-sante-de-luniversite-de-loma-linda\/","url":"https:\/\/interamerica.org\/fr\/2026\/04\/anthony-hilliard-nomme-nouveau-president-du-pole-sante-de-luniversite-de-loma-linda\/","name":"Anthony Hilliard nomm\u00e9 nouveau pr\u00e9sident du P\u00f4le Sant\u00e9 de l\u2019Universit\u00e9 de Loma Linda - \u00c9glise Adventiste Du Septieme Jour - Inter Am\u00e9rique Division","isPartOf":{"@id":"https:\/\/interamerica.org\/fr\/#website"},"primaryImageOfPage":{"@id":"https:\/\/interamerica.org\/fr\/2026\/04\/anthony-hilliard-nomme-nouveau-president-du-pole-sante-de-luniversite-de-loma-linda\/#primaryimage"},"image":{"@id":"https:\/\/interamerica.org\/fr\/2026\/04\/anthony-hilliard-nomme-nouveau-president-du-pole-sante-de-luniversite-de-loma-linda\/#primaryimage"},"thumbnailUrl":"https:\/\/interamerica.org\/wp-content\/uploads\/2026\/04\/llu-1-1-1.jpg","datePublished":"2026-04-20T18:43:14+00:00","dateModified":"2026-04-24T11:56:41+00:00","author":{"@id":"https:\/\/interamerica.org\/fr\/#\/schema\/person\/29998f2bc2d8bd0d38662909289b54f1"},"breadcrumb":{"@id":"https:\/\/interamerica.org\/fr\/2026\/04\/anthony-hilliard-nomme-nouveau-president-du-pole-sante-de-luniversite-de-loma-linda\/#breadcrumb"},"inLanguage":"fr-FR","potentialAction":[{"@type":"ReadAction","target":["https:\/\/interamerica.org\/fr\/2026\/04\/anthony-hilliard-nomme-nouveau-president-du-pole-sante-de-luniversite-de-loma-linda\/"]}]},{"@type":"ImageObject","inLanguage":"fr-FR","@id":"https:\/\/interamerica.org\/fr\/2026\/04\/anthony-hilliard-nomme-nouveau-president-du-pole-sante-de-luniversite-de-loma-linda\/#primaryimage","url":"https:\/\/interamerica.org\/wp-content\/uploads\/2026\/04\/llu-1-1-1.jpg","contentUrl":"https:\/\/interamerica.org\/wp-content\/uploads\/2026\/04\/llu-1-1-1.jpg","width":755,"height":425,"caption":"Anthony Hilliard a \u00e9t\u00e9 nomm\u00e9 pr\u00e9sident du P\u00f4le Sant\u00e9 de l\u2019Universit\u00e9 de Loma Linda, avec prise d\u2019effet le 1er juillet. Il remplacera Richard Hart, qui prend sa retraite. [Photo : Loma Linda University Health News]"},{"@type":"BreadcrumbList","@id":"https:\/\/interamerica.org\/fr\/2026\/04\/anthony-hilliard-nomme-nouveau-president-du-pole-sante-de-luniversite-de-loma-linda\/#breadcrumb","itemListElement":[{"@type":"ListItem","position":1,"name":"Home","item":"https:\/\/interamerica.org\/fr\/"},{"@type":"ListItem","position":2,"name":"Anthony Hilliard nomm\u00e9 nouveau pr\u00e9sident du P\u00f4le Sant\u00e9 de l\u2019Universit\u00e9 de Loma Linda"}]},{"@type":"WebSite","@id":"https:\/\/interamerica.org\/fr\/#website","url":"https:\/\/interamerica.org\/fr\/","name":"\u00c9glise Adventiste Du Septieme Jour - Inter Am\u00e9rique Division","description":"","potentialAction":[{"@type":"SearchAction","target":{"@type":"EntryPoint","urlTemplate":"https:\/\/interamerica.org\/fr\/?s={search_term_string}"},"query-input":{"@type":"PropertyValueSpecification","valueRequired":true,"valueName":"search_term_string"}}],"inLanguage":"fr-FR"},{"@type":"Person","@id":"https:\/\/interamerica.org\/fr\/#\/schema\/person\/29998f2bc2d8bd0d38662909289b54f1","name":"libna","image":{"@type":"ImageObject","inLanguage":"fr-FR","@id":"https:\/\/secure.gravatar.com\/avatar\/7c5bd30ae4b47a9ba3c856590957fd1d96dc588bf3ac05719d247e126840331f?s=96&d=mm&r=g","url":"https:\/\/secure.gravatar.com\/avatar\/7c5bd30ae4b47a9ba3c856590957fd1d96dc588bf3ac05719d247e126840331f?s=96&d=mm&r=g","contentUrl":"https:\/\/secure.gravatar.com\/avatar\/7c5bd30ae4b47a9ba3c856590957fd1d96dc588bf3ac05719d247e126840331f?s=96&d=mm&r=g","caption":"libna"}}]}},"_links":{"self":[{"href":"https:\/\/interamerica.org\/fr\/wp-json\/wp\/v2\/posts\/142257","targetHints":{"allow":["GET"]}}],"collection":[{"href":"https:\/\/interamerica.org\/fr\/wp-json\/wp\/v2\/posts"}],"about":[{"href":"https:\/\/interamerica.org\/fr\/wp-json\/wp\/v2\/types\/post"}],"author":[{"embeddable":true,"href":"https:\/\/interamerica.org\/fr\/wp-json\/wp\/v2\/users\/3"}],"replies":[{"embeddable":true,"href":"https:\/\/interamerica.org\/fr\/wp-json\/wp\/v2\/comments?post=142257"}],"version-history":[{"count":1,"href":"https:\/\/interamerica.org\/fr\/wp-json\/wp\/v2\/posts\/142257\/revisions"}],"predecessor-version":[{"id":142327,"href":"https:\/\/interamerica.org\/fr\/wp-json\/wp\/v2\/posts\/142257\/revisions\/142327"}],"wp:featuredmedia":[{"embeddable":true,"href":"https:\/\/interamerica.org\/fr\/wp-json\/wp\/v2\/media\/142258"}],"wp:attachment":[{"href":"https:\/\/interamerica.org\/fr\/wp-json\/wp\/v2\/media?parent=142257"}],"wp:term":[{"taxonomy":"category","embeddable":true,"href":"https:\/\/interamerica.org\/fr\/wp-json\/wp\/v2\/categories?post=142257"},{"taxonomy":"post_tag","embeddable":true,"href":"https:\/\/interamerica.org\/fr\/wp-json\/wp\/v2\/tags?post=142257"}],"curies":[{"name":"wp","href":"https:\/\/api.w.org\/{rel}","templated":true}]}}