{"id":142280,"date":"2026-04-23T21:29:09","date_gmt":"2026-04-24T01:29:09","guid":{"rendered":"https:\/\/interamerica.org\/?p=142280"},"modified":"2026-04-24T07:59:57","modified_gmt":"2026-04-24T11:59:57","slug":"dun-cabinet-dentaire-a-un-centre-medical-adventiste-en-angola","status":"publish","type":"post","link":"https:\/\/interamerica.org\/fr\/2026\/04\/dun-cabinet-dentaire-a-un-centre-medical-adventiste-en-angola\/","title":{"rendered":"D\u2019un cabinet dentaire \u00e0 un centre m\u00e9dical adventiste en Angola"},"content":{"rendered":"<p data-start=\"226\" data-end=\"395\"><em>Des dipl\u00f4m\u00e9s de l\u2019Universit\u00e9 de Montemorelos contribuent \u00e0 transformer l\u2019\u0153uvre de sant\u00e9 \u00e0 Luanda gr\u00e2ce aux soins m\u00e9dicaux, \u00e0 la formation et \u00e0 l\u2019action communautaire<\/em><\/p>\n<p data-start=\"397\" data-end=\"466\">21 avril 2026 | Montemorelos, Nuevo Le\u00f3n, Mexique | Laura Marrero et l\u2019\u00e9quipe de presse de la Division interam\u00e9ricaine<\/p>\n<p data-start=\"468\" data-end=\"709\">Pendant plusieurs ann\u00e9es, le travail de Maydi D\u00edaz et Miguel O. Rodr\u00edguez en Angola a \u00e9t\u00e9 un t\u00e9moignage constant de service \u00e0 travers le minist\u00e8re de la sant\u00e9 et de l\u2019engagement missionnaire des dipl\u00f4m\u00e9s de l\u2019Universit\u00e9 de Montemorelos (UM).<\/p>\n<p data-start=\"711\" data-end=\"786\">Aujourd\u2019hui, leur histoire continue de s\u2019\u00e9crire avec de nouveaux chapitres.<\/p>\n<p data-start=\"788\" data-end=\"1152\">Apr\u00e8s pr\u00e8s d\u2019une d\u00e9cennie de service en Angola, ils sont retourn\u00e9s au Mexique, o\u00f9 D\u00edaz a int\u00e9gr\u00e9 le corps professoral de l\u2019\u00c9cole d\u2019infirmi\u00e8res de l\u2019UM, tandis que Rodr\u00edguez a poursuivi une ma\u00eetrise en prosthodontie \u00e0 l\u2019Universit\u00e9 autonome de Nuevo Le\u00f3n, ainsi qu\u2019une ma\u00eetrise en finances \u00e0 l\u2019UM. Cette p\u00e9riode de trois ans a pos\u00e9 les bases de ce qui allait suivre.<\/p>\n<div id=\"attachment_142276\" style=\"width: 926px\" class=\"wp-caption aligncenter\"><img fetchpriority=\"high\" decoding=\"async\" aria-describedby=\"caption-attachment-142276\" class=\"wp-image-142276\" src=\"https:\/\/interamerica.org\/wp-content\/uploads\/2026\/04\/um-img-1fzcutnptxbvadqr-upscale-1000.jpg\" alt=\"\" width=\"916\" height=\"623\" \/><p id=\"caption-attachment-142276\" class=\"wp-caption-text\">Patients wait to be evaluated for full dental prostheses during a medical brigade in Pungo Andongo, Angola, in 2024. [Photo: Courtesy of Maydi D\u00edaz]<\/p><\/div>\n<p data-start=\"1154\" data-end=\"1250\">Au d\u00e9but de 2024, ils ont de nouveau r\u00e9pondu \u00e0 l\u2019appel de servir au-del\u00e0 de leur pays d\u2019origine.<\/p>\n<p data-start=\"1252\" data-end=\"1467\">Cet appel les a conduits \u00e0 retourner en Angola, cette fois dans la ville de Luanda, o\u00f9 ils ont particip\u00e9 au d\u00e9veloppement d\u2019un projet qui allait transformer compl\u00e8tement la port\u00e9e de l\u2019\u0153uvre de sant\u00e9 dans la r\u00e9gion.<\/p>\n<p data-start=\"1469\" data-end=\"1614\">\u00c0 leur arriv\u00e9e, ils ont trouv\u00e9 une infrastructure pleine de potentiel \u2014 \u00ab une belle structure de deux niveaux \u00bb \u2014 mais avec des services limit\u00e9s.<\/p>\n<p data-start=\"1616\" data-end=\"1891\">\u00ab D\u00e8s notre arriv\u00e9e, nous avons \u00e9t\u00e9 t\u00e9moins de la providence de Dieu. L\u2019infrastructure avait \u00e9t\u00e9 restaur\u00e9e gr\u00e2ce \u00e0 un don du gouvernement et au soutien d\u2019Adventist Health International, posant ainsi les bases de la croissance d\u2019un centre de sant\u00e9 complet \u00bb, ont-ils expliqu\u00e9.<\/p>\n<p data-start=\"1893\" data-end=\"1975\">Au fil des mois, cet espace a commenc\u00e9 \u00e0 s\u2019\u00e9tendre, tant en capacit\u00e9 qu\u2019en impact.<\/p>\n<div id=\"attachment_142277\" style=\"width: 947px\" class=\"wp-caption aligncenter\"><img decoding=\"async\" aria-describedby=\"caption-attachment-142277\" class=\" wp-image-142277\" src=\"https:\/\/interamerica.org\/wp-content\/uploads\/2026\/04\/um-img-tohezkitf4mxgnsa-1024x576.jpg\" alt=\"\" width=\"937\" height=\"527\" \/><p id=\"caption-attachment-142277\" class=\"wp-caption-text\">Maydi D\u00edaz et Miguel O. Rodr\u00edguez (au centre) posent avec des membres de l\u2019\u00e9quipe du centre de sant\u00e9, form\u00e9s \u00e0 la r\u00e9animation cardiopulmonaire (RCP) et aux techniques d\u2019empreinte \u00e0 l\u2019alginate. [Photo : Avec l\u2019aimable autorisation de Maydi D\u00edaz]<\/p><\/div>\n<p data-start=\"1977\" data-end=\"2252\">\u00ab Lorsque nous sommes arriv\u00e9s, il s\u2019agissait d\u2019un cabinet dentaire ; cependant, nous avons eu le privil\u00e8ge de participer \u00e0 sa transformation en un centre m\u00e9dical avec plusieurs domaines de soins, en faisant un v\u00e9ritable centre de service pour la communaut\u00e9 \u00bb, ont-ils ajout\u00e9.<\/p>\n<p data-start=\"2254\" data-end=\"2588\">Gr\u00e2ce aux efforts conjoints de l\u2019\u00c9glise adventiste du septi\u00e8me jour, de ses dirigeants dans la Division de l\u2019Afrique australe et de l\u2019oc\u00e9an Indien, de l\u2019\u00c9glise dans le nord-est du pays, et d\u2019Adventist Health International, le projet a connu une croissance significative jusqu\u2019\u00e0 devenir le <strong data-start=\"2543\" data-end=\"2587\">Centre m\u00e9dical adventiste Vida Saludable<\/strong>.<\/p>\n<p data-start=\"2590\" data-end=\"3062\">Le centre est pass\u00e9 de services limit\u00e9s \u00e0 une offre de soins compl\u00e8te, incluant un laboratoire dentaire enti\u00e8rement \u00e9quip\u00e9 \u2014 avec proth\u00e8ses fixes et amovibles, esth\u00e9tique dentaire, orthodontie et goutti\u00e8res \u2014 ainsi que la physioth\u00e9rapie, l\u2019\u00e9lectroth\u00e9rapie, la th\u00e9rapie infrarouge, les massages th\u00e9rapeutiques, les soins infirmiers, la m\u00e9decine g\u00e9n\u00e9rale et plusieurs sp\u00e9cialit\u00e9s, dont l\u2019oto-rhino-laryngologie, l\u2019ophtalmologie, l\u2019optom\u00e9trie, la psychologie et la nutrition.<\/p>\n<p data-start=\"3064\" data-end=\"3166\">Au-del\u00e0 du d\u00e9veloppement des infrastructures, la formation de l\u2019\u00e9quipe a \u00e9t\u00e9 une priorit\u00e9 essentielle.<\/p>\n<p data-start=\"3168\" data-end=\"3503\">\u00ab L\u2019un des principaux objectifs \u00e9tait de former une \u00e9quipe engag\u00e9e dans une vision et une mission communes : servir avec excellence, compassion et sens du devoir. Avant notre d\u00e9part, des plans \u00e9taient d\u00e9j\u00e0 en cours pour la mise en place d\u2019un laboratoire clinique, \u00e9largissant encore davantage la port\u00e9e des services \u00bb, ont-ils indiqu\u00e9.<\/p>\n<div id=\"attachment_142278\" style=\"width: 949px\" class=\"wp-caption aligncenter\"><img decoding=\"async\" aria-describedby=\"caption-attachment-142278\" class=\" wp-image-142278\" src=\"https:\/\/interamerica.org\/wp-content\/uploads\/2026\/04\/um-img-grk1dwacbw9cpypq-1024x576.jpg\" alt=\"\" width=\"939\" height=\"528\" \/><p id=\"caption-attachment-142278\" class=\"wp-caption-text\">Des images avant\/apr\u00e8s montrent une patiente ayant re\u00e7u des proth\u00e8ses dentaires compl\u00e8tes lors d\u2019une action m\u00e9dicale \u00e0 Pungo Andongo, en Angola, en 2024. [Photo : Avec l\u2019aimable autorisation de Maydi D\u00edaz]<\/p><\/div>\n<p data-start=\"3505\" data-end=\"3703\">Les missionnaires ont soulign\u00e9 que l\u2019acquisition d\u2019\u00e9quipements et la formation du personnel repr\u00e9sentaient des d\u00e9fis importants. Toutefois, ils ont t\u00e9moign\u00e9 de la fid\u00e9lit\u00e9 de Dieu dans ce processus.<\/p>\n<p data-start=\"3705\" data-end=\"4051\">\u00ab Du personnel a \u00e9t\u00e9 form\u00e9 dans divers domaines, notamment le laboratoire dentaire, les soins infirmiers, l\u2019assistance dentaire et la physioth\u00e9rapie. De plus, des professionnels locaux, avec le soutien international de m\u00e9decins cubains et d\u2019une sp\u00e9cialiste colombienne en ophtalmologie, ont consid\u00e9rablement renforc\u00e9 l\u2019\u00e9quipe \u00bb, ont-ils expliqu\u00e9.<\/p>\n<p data-start=\"4053\" data-end=\"4182\">Parall\u00e8lement au d\u00e9veloppement du centre m\u00e9dical, l\u2019impact s\u2019est \u00e9tendu aux communaut\u00e9s de la capitale et des provinces voisines.<\/p>\n<p data-start=\"4184\" data-end=\"4372\">\u00ab Pendant pr\u00e8s de deux ans, nous avons promu la sant\u00e9 int\u00e9grale \u00e0 travers des semaines de pri\u00e8re, des brigades m\u00e9dicales de trois jours et des congr\u00e8s de sant\u00e9 \u00e0 Luanda \u00bb, ont-ils d\u00e9clar\u00e9.<\/p>\n<p data-start=\"4374\" data-end=\"4821\">L\u2019une des initiatives les plus marquantes s\u2019est d\u00e9roul\u00e9e dans la municipalit\u00e9 de Pungo Andongo, en collaboration avec le gouvernement de la province de Malanje. Des services de p\u00e9diatrie, de m\u00e9decine g\u00e9n\u00e9rale, de dentisterie, de proth\u00e8ses, d\u2019analyses cliniques, de tests rapides du paludisme et la distribution gratuite de m\u00e9dicaments ont \u00e9t\u00e9 offerts. L\u2019\u00e9ducation \u00e0 la sant\u00e9, en particulier l\u2019hygi\u00e8ne bucco-dentaire, a \u00e9galement \u00e9t\u00e9 mise en avant.<\/p>\n<div id=\"attachment_142279\" style=\"width: 958px\" class=\"wp-caption aligncenter\"><img loading=\"lazy\" decoding=\"async\" aria-describedby=\"caption-attachment-142279\" class=\" wp-image-142279\" src=\"https:\/\/interamerica.org\/wp-content\/uploads\/2026\/04\/um-img-zhbgxjtqad2nd9ne-1024x576.jpg\" alt=\"\" width=\"948\" height=\"533\" \/><p id=\"caption-attachment-142279\" class=\"wp-caption-text\">Premi\u00e8re campagne d\u2019optom\u00e9trie r\u00e9alis\u00e9e en collaboration avec OneSight, une organisation d\u00e9di\u00e9e \u00e0 la sant\u00e9 visuelle, en septembre 2024. [Photo : Avec l\u2019aimable autorisation de Maydi D\u00edaz]<\/p><\/div>\n<p data-start=\"4823\" data-end=\"4974\">\u00ab Plus de 2 000 personnes ont b\u00e9n\u00e9fici\u00e9 de cette initiative, qui a eu un impact important et a m\u00eame \u00e9t\u00e9 reconnue au niveau national \u00bb, ont-ils pr\u00e9cis\u00e9.<\/p>\n<p data-start=\"4976\" data-end=\"5114\">Ces initiatives ont permis de servir des milliers de personnes et de positionner l\u2019\u0153uvre de sant\u00e9 comme un pont de service et d\u2019esp\u00e9rance.<\/p>\n<p data-start=\"5116\" data-end=\"5216\">Pour D\u00edaz et Rodr\u00edguez, l\u2019Angola est redevenu un chapitre d\u00e9terminant de leur parcours missionnaire.<\/p>\n<p data-start=\"5218\" data-end=\"5513\">\u00ab L\u2019Angola est devenu un lieu sp\u00e9cial pour notre famille. Nous avons \u00e9t\u00e9 t\u00e9moins de l\u2019amour de Dieu \u00e0 l\u2019\u0153uvre dans ce pays. Nous gardons chaque exp\u00e9rience dans nos c\u0153urs et prions pour que l\u2019\u0153uvre de sant\u00e9 continue de grandir et d\u2019apporter de l\u2019esp\u00e9rance \u00e0 de nombreuses vies \u00bb, ont-ils d\u00e9clar\u00e9.<\/p>\n<p data-start=\"5515\" data-end=\"5735\">Cependant, leur histoire ne s\u2019arr\u00eate pas l\u00e0. Ce qui a commenc\u00e9 \u00e0 Luanda ouvre d\u00e9sormais la porte \u00e0 un nouvel appel, les conduisant vers un autre territoire, avec de nouveaux d\u00e9fis et de nouvelles opportunit\u00e9s de service.<\/p>\n","protected":false},"excerpt":{"rendered":"<p>Des dipl\u00f4m\u00e9s de l\u2019Universit\u00e9 de Montemorelos contribuent \u00e0 transformer l\u2019\u0153uvre de sant\u00e9 \u00e0 Luanda gr\u00e2ce aux soins m\u00e9dicaux, \u00e0 la formation et \u00e0 l\u2019action communautaire 21 avril 2026 | Montemorelos,&#8230;<\/p>\n","protected":false},"author":3,"featured_media":0,"comment_status":"closed","ping_status":"closed","sticky":false,"template":"","format":"standard","meta":{"_acf_changed":false,"footnotes":""},"categories":[20,19],"tags":[],"class_list":["post-142280","post","type-post","status-publish","format-standard","hentry","category-nouvelles-du-siege-de-la-division","category-rss-francais"],"acf":[],"yoast_head":"<!-- This site is optimized with the Yoast SEO plugin v27.3 - https:\/\/yoast.com\/product\/yoast-seo-wordpress\/ -->\n<title>D\u2019un cabinet dentaire \u00e0 un centre m\u00e9dical adventiste en Angola - \u00c9glise Adventiste Du Septieme Jour - Inter Am\u00e9rique Division<\/title>\n<meta name=\"robots\" content=\"index, follow, max-snippet:-1, max-image-preview:large, max-video-preview:-1\" \/>\n<link rel=\"canonical\" href=\"https:\/\/interamerica.org\/fr\/2026\/04\/dun-cabinet-dentaire-a-un-centre-medical-adventiste-en-angola\/\" \/>\n<meta property=\"og:locale\" content=\"fr_FR\" \/>\n<meta property=\"og:type\" content=\"article\" \/>\n<meta property=\"og:title\" content=\"D\u2019un cabinet dentaire \u00e0 un centre m\u00e9dical adventiste en Angola - \u00c9glise Adventiste Du Septieme Jour - Inter Am\u00e9rique Division\" \/>\n<meta property=\"og:description\" content=\"Des dipl\u00f4m\u00e9s de l\u2019Universit\u00e9 de Montemorelos contribuent \u00e0 transformer l\u2019\u0153uvre de sant\u00e9 \u00e0 Luanda gr\u00e2ce aux soins m\u00e9dicaux, \u00e0 la formation et \u00e0 l\u2019action communautaire 21 avril 2026 | Montemorelos,...\" \/>\n<meta property=\"og:url\" content=\"https:\/\/interamerica.org\/fr\/2026\/04\/dun-cabinet-dentaire-a-un-centre-medical-adventiste-en-angola\/\" \/>\n<meta property=\"og:site_name\" content=\"\u00c9glise Adventiste Du Septieme Jour - Inter Am\u00e9rique Division\" \/>\n<meta property=\"article:published_time\" content=\"2026-04-24T01:29:09+00:00\" \/>\n<meta property=\"article:modified_time\" content=\"2026-04-24T11:59:57+00:00\" \/>\n<meta property=\"og:image\" content=\"https:\/\/interamerica.org\/wp-content\/uploads\/2026\/04\/um-img-1fzcutnptxbvadqr-upscale-1000.jpg\" \/>\n\t<meta property=\"og:image:width\" content=\"1000\" \/>\n\t<meta property=\"og:image:height\" content=\"680\" \/>\n\t<meta property=\"og:image:type\" content=\"image\/jpeg\" \/>\n<meta name=\"author\" content=\"libna\" \/>\n<meta name=\"twitter:card\" content=\"summary_large_image\" \/>\n<meta name=\"twitter:label1\" content=\"\u00c9crit par\" \/>\n\t<meta name=\"twitter:data1\" content=\"libna\" \/>\n\t<meta name=\"twitter:label2\" content=\"Dur\u00e9e de lecture estim\u00e9e\" \/>\n\t<meta name=\"twitter:data2\" content=\"6 minutes\" \/>\n<script type=\"application\/ld+json\" class=\"yoast-schema-graph\">{\"@context\":\"https:\\\/\\\/schema.org\",\"@graph\":[{\"@type\":\"Article\",\"@id\":\"https:\\\/\\\/interamerica.org\\\/fr\\\/2026\\\/04\\\/dun-cabinet-dentaire-a-un-centre-medical-adventiste-en-angola\\\/#article\",\"isPartOf\":{\"@id\":\"https:\\\/\\\/interamerica.org\\\/fr\\\/2026\\\/04\\\/dun-cabinet-dentaire-a-un-centre-medical-adventiste-en-angola\\\/\"},\"author\":{\"name\":\"libna\",\"@id\":\"https:\\\/\\\/interamerica.org\\\/fr\\\/#\\\/schema\\\/person\\\/29998f2bc2d8bd0d38662909289b54f1\"},\"headline\":\"D\u2019un cabinet dentaire \u00e0 un centre m\u00e9dical adventiste en Angola\",\"datePublished\":\"2026-04-24T01:29:09+00:00\",\"dateModified\":\"2026-04-24T11:59:57+00:00\",\"mainEntityOfPage\":{\"@id\":\"https:\\\/\\\/interamerica.org\\\/fr\\\/2026\\\/04\\\/dun-cabinet-dentaire-a-un-centre-medical-adventiste-en-angola\\\/\"},\"wordCount\":1157,\"image\":{\"@id\":\"https:\\\/\\\/interamerica.org\\\/fr\\\/2026\\\/04\\\/dun-cabinet-dentaire-a-un-centre-medical-adventiste-en-angola\\\/#primaryimage\"},\"thumbnailUrl\":\"https:\\\/\\\/interamerica.org\\\/wp-content\\\/uploads\\\/2026\\\/04\\\/um-img-1fzcutnptxbvadqr-upscale-1000.jpg\",\"articleSection\":[\"Nouvelles du si\u00e8ge de la division\",\"RSS Fran\u00e7ais\"],\"inLanguage\":\"fr-FR\"},{\"@type\":\"WebPage\",\"@id\":\"https:\\\/\\\/interamerica.org\\\/fr\\\/2026\\\/04\\\/dun-cabinet-dentaire-a-un-centre-medical-adventiste-en-angola\\\/\",\"url\":\"https:\\\/\\\/interamerica.org\\\/fr\\\/2026\\\/04\\\/dun-cabinet-dentaire-a-un-centre-medical-adventiste-en-angola\\\/\",\"name\":\"D\u2019un cabinet dentaire \u00e0 un centre m\u00e9dical adventiste en Angola - \u00c9glise Adventiste Du Septieme Jour - Inter Am\u00e9rique Division\",\"isPartOf\":{\"@id\":\"https:\\\/\\\/interamerica.org\\\/fr\\\/#website\"},\"primaryImageOfPage\":{\"@id\":\"https:\\\/\\\/interamerica.org\\\/fr\\\/2026\\\/04\\\/dun-cabinet-dentaire-a-un-centre-medical-adventiste-en-angola\\\/#primaryimage\"},\"image\":{\"@id\":\"https:\\\/\\\/interamerica.org\\\/fr\\\/2026\\\/04\\\/dun-cabinet-dentaire-a-un-centre-medical-adventiste-en-angola\\\/#primaryimage\"},\"thumbnailUrl\":\"https:\\\/\\\/interamerica.org\\\/wp-content\\\/uploads\\\/2026\\\/04\\\/um-img-1fzcutnptxbvadqr-upscale-1000.jpg\",\"datePublished\":\"2026-04-24T01:29:09+00:00\",\"dateModified\":\"2026-04-24T11:59:57+00:00\",\"author\":{\"@id\":\"https:\\\/\\\/interamerica.org\\\/fr\\\/#\\\/schema\\\/person\\\/29998f2bc2d8bd0d38662909289b54f1\"},\"breadcrumb\":{\"@id\":\"https:\\\/\\\/interamerica.org\\\/fr\\\/2026\\\/04\\\/dun-cabinet-dentaire-a-un-centre-medical-adventiste-en-angola\\\/#breadcrumb\"},\"inLanguage\":\"fr-FR\",\"potentialAction\":[{\"@type\":\"ReadAction\",\"target\":[\"https:\\\/\\\/interamerica.org\\\/fr\\\/2026\\\/04\\\/dun-cabinet-dentaire-a-un-centre-medical-adventiste-en-angola\\\/\"]}]},{\"@type\":\"ImageObject\",\"inLanguage\":\"fr-FR\",\"@id\":\"https:\\\/\\\/interamerica.org\\\/fr\\\/2026\\\/04\\\/dun-cabinet-dentaire-a-un-centre-medical-adventiste-en-angola\\\/#primaryimage\",\"url\":\"https:\\\/\\\/interamerica.org\\\/wp-content\\\/uploads\\\/2026\\\/04\\\/um-img-1fzcutnptxbvadqr-upscale-1000.jpg\",\"contentUrl\":\"https:\\\/\\\/interamerica.org\\\/wp-content\\\/uploads\\\/2026\\\/04\\\/um-img-1fzcutnptxbvadqr-upscale-1000.jpg\"},{\"@type\":\"BreadcrumbList\",\"@id\":\"https:\\\/\\\/interamerica.org\\\/fr\\\/2026\\\/04\\\/dun-cabinet-dentaire-a-un-centre-medical-adventiste-en-angola\\\/#breadcrumb\",\"itemListElement\":[{\"@type\":\"ListItem\",\"position\":1,\"name\":\"Home\",\"item\":\"https:\\\/\\\/interamerica.org\\\/fr\\\/\"},{\"@type\":\"ListItem\",\"position\":2,\"name\":\"D\u2019un cabinet dentaire \u00e0 un centre m\u00e9dical adventiste en Angola\"}]},{\"@type\":\"WebSite\",\"@id\":\"https:\\\/\\\/interamerica.org\\\/fr\\\/#website\",\"url\":\"https:\\\/\\\/interamerica.org\\\/fr\\\/\",\"name\":\"\u00c9glise Adventiste Du Septieme Jour - Inter Am\u00e9rique Division\",\"description\":\"\",\"potentialAction\":[{\"@type\":\"SearchAction\",\"target\":{\"@type\":\"EntryPoint\",\"urlTemplate\":\"https:\\\/\\\/interamerica.org\\\/fr\\\/?s={search_term_string}\"},\"query-input\":{\"@type\":\"PropertyValueSpecification\",\"valueRequired\":true,\"valueName\":\"search_term_string\"}}],\"inLanguage\":\"fr-FR\"},{\"@type\":\"Person\",\"@id\":\"https:\\\/\\\/interamerica.org\\\/fr\\\/#\\\/schema\\\/person\\\/29998f2bc2d8bd0d38662909289b54f1\",\"name\":\"libna\",\"image\":{\"@type\":\"ImageObject\",\"inLanguage\":\"fr-FR\",\"@id\":\"https:\\\/\\\/secure.gravatar.com\\\/avatar\\\/7c5bd30ae4b47a9ba3c856590957fd1d96dc588bf3ac05719d247e126840331f?s=96&d=mm&r=g\",\"url\":\"https:\\\/\\\/secure.gravatar.com\\\/avatar\\\/7c5bd30ae4b47a9ba3c856590957fd1d96dc588bf3ac05719d247e126840331f?s=96&d=mm&r=g\",\"contentUrl\":\"https:\\\/\\\/secure.gravatar.com\\\/avatar\\\/7c5bd30ae4b47a9ba3c856590957fd1d96dc588bf3ac05719d247e126840331f?s=96&d=mm&r=g\",\"caption\":\"libna\"}}]}<\/script>\n<!-- \/ Yoast SEO plugin. -->","yoast_head_json":{"title":"D\u2019un cabinet dentaire \u00e0 un centre m\u00e9dical adventiste en Angola - \u00c9glise Adventiste Du Septieme Jour - Inter Am\u00e9rique Division","robots":{"index":"index","follow":"follow","max-snippet":"max-snippet:-1","max-image-preview":"max-image-preview:large","max-video-preview":"max-video-preview:-1"},"canonical":"https:\/\/interamerica.org\/fr\/2026\/04\/dun-cabinet-dentaire-a-un-centre-medical-adventiste-en-angola\/","og_locale":"fr_FR","og_type":"article","og_title":"D\u2019un cabinet dentaire \u00e0 un centre m\u00e9dical adventiste en Angola - \u00c9glise Adventiste Du Septieme Jour - Inter Am\u00e9rique Division","og_description":"Des dipl\u00f4m\u00e9s de l\u2019Universit\u00e9 de Montemorelos contribuent \u00e0 transformer l\u2019\u0153uvre de sant\u00e9 \u00e0 Luanda gr\u00e2ce aux soins m\u00e9dicaux, \u00e0 la formation et \u00e0 l\u2019action communautaire 21 avril 2026 | Montemorelos,...","og_url":"https:\/\/interamerica.org\/fr\/2026\/04\/dun-cabinet-dentaire-a-un-centre-medical-adventiste-en-angola\/","og_site_name":"\u00c9glise Adventiste Du Septieme Jour - Inter Am\u00e9rique Division","article_published_time":"2026-04-24T01:29:09+00:00","article_modified_time":"2026-04-24T11:59:57+00:00","og_image":[{"width":1000,"height":680,"url":"https:\/\/interamerica.org\/wp-content\/uploads\/2026\/04\/um-img-1fzcutnptxbvadqr-upscale-1000.jpg","type":"image\/jpeg"}],"author":"libna","twitter_card":"summary_large_image","twitter_misc":{"\u00c9crit par":"libna","Dur\u00e9e de lecture estim\u00e9e":"6 minutes"},"schema":{"@context":"https:\/\/schema.org","@graph":[{"@type":"Article","@id":"https:\/\/interamerica.org\/fr\/2026\/04\/dun-cabinet-dentaire-a-un-centre-medical-adventiste-en-angola\/#article","isPartOf":{"@id":"https:\/\/interamerica.org\/fr\/2026\/04\/dun-cabinet-dentaire-a-un-centre-medical-adventiste-en-angola\/"},"author":{"name":"libna","@id":"https:\/\/interamerica.org\/fr\/#\/schema\/person\/29998f2bc2d8bd0d38662909289b54f1"},"headline":"D\u2019un cabinet dentaire \u00e0 un centre m\u00e9dical adventiste en Angola","datePublished":"2026-04-24T01:29:09+00:00","dateModified":"2026-04-24T11:59:57+00:00","mainEntityOfPage":{"@id":"https:\/\/interamerica.org\/fr\/2026\/04\/dun-cabinet-dentaire-a-un-centre-medical-adventiste-en-angola\/"},"wordCount":1157,"image":{"@id":"https:\/\/interamerica.org\/fr\/2026\/04\/dun-cabinet-dentaire-a-un-centre-medical-adventiste-en-angola\/#primaryimage"},"thumbnailUrl":"https:\/\/interamerica.org\/wp-content\/uploads\/2026\/04\/um-img-1fzcutnptxbvadqr-upscale-1000.jpg","articleSection":["Nouvelles du si\u00e8ge de la division","RSS Fran\u00e7ais"],"inLanguage":"fr-FR"},{"@type":"WebPage","@id":"https:\/\/interamerica.org\/fr\/2026\/04\/dun-cabinet-dentaire-a-un-centre-medical-adventiste-en-angola\/","url":"https:\/\/interamerica.org\/fr\/2026\/04\/dun-cabinet-dentaire-a-un-centre-medical-adventiste-en-angola\/","name":"D\u2019un cabinet dentaire \u00e0 un centre m\u00e9dical adventiste en Angola - \u00c9glise Adventiste Du Septieme Jour - Inter Am\u00e9rique Division","isPartOf":{"@id":"https:\/\/interamerica.org\/fr\/#website"},"primaryImageOfPage":{"@id":"https:\/\/interamerica.org\/fr\/2026\/04\/dun-cabinet-dentaire-a-un-centre-medical-adventiste-en-angola\/#primaryimage"},"image":{"@id":"https:\/\/interamerica.org\/fr\/2026\/04\/dun-cabinet-dentaire-a-un-centre-medical-adventiste-en-angola\/#primaryimage"},"thumbnailUrl":"https:\/\/interamerica.org\/wp-content\/uploads\/2026\/04\/um-img-1fzcutnptxbvadqr-upscale-1000.jpg","datePublished":"2026-04-24T01:29:09+00:00","dateModified":"2026-04-24T11:59:57+00:00","author":{"@id":"https:\/\/interamerica.org\/fr\/#\/schema\/person\/29998f2bc2d8bd0d38662909289b54f1"},"breadcrumb":{"@id":"https:\/\/interamerica.org\/fr\/2026\/04\/dun-cabinet-dentaire-a-un-centre-medical-adventiste-en-angola\/#breadcrumb"},"inLanguage":"fr-FR","potentialAction":[{"@type":"ReadAction","target":["https:\/\/interamerica.org\/fr\/2026\/04\/dun-cabinet-dentaire-a-un-centre-medical-adventiste-en-angola\/"]}]},{"@type":"ImageObject","inLanguage":"fr-FR","@id":"https:\/\/interamerica.org\/fr\/2026\/04\/dun-cabinet-dentaire-a-un-centre-medical-adventiste-en-angola\/#primaryimage","url":"https:\/\/interamerica.org\/wp-content\/uploads\/2026\/04\/um-img-1fzcutnptxbvadqr-upscale-1000.jpg","contentUrl":"https:\/\/interamerica.org\/wp-content\/uploads\/2026\/04\/um-img-1fzcutnptxbvadqr-upscale-1000.jpg"},{"@type":"BreadcrumbList","@id":"https:\/\/interamerica.org\/fr\/2026\/04\/dun-cabinet-dentaire-a-un-centre-medical-adventiste-en-angola\/#breadcrumb","itemListElement":[{"@type":"ListItem","position":1,"name":"Home","item":"https:\/\/interamerica.org\/fr\/"},{"@type":"ListItem","position":2,"name":"D\u2019un cabinet dentaire \u00e0 un centre m\u00e9dical adventiste en Angola"}]},{"@type":"WebSite","@id":"https:\/\/interamerica.org\/fr\/#website","url":"https:\/\/interamerica.org\/fr\/","name":"\u00c9glise Adventiste Du Septieme Jour - Inter Am\u00e9rique Division","description":"","potentialAction":[{"@type":"SearchAction","target":{"@type":"EntryPoint","urlTemplate":"https:\/\/interamerica.org\/fr\/?s={search_term_string}"},"query-input":{"@type":"PropertyValueSpecification","valueRequired":true,"valueName":"search_term_string"}}],"inLanguage":"fr-FR"},{"@type":"Person","@id":"https:\/\/interamerica.org\/fr\/#\/schema\/person\/29998f2bc2d8bd0d38662909289b54f1","name":"libna","image":{"@type":"ImageObject","inLanguage":"fr-FR","@id":"https:\/\/secure.gravatar.com\/avatar\/7c5bd30ae4b47a9ba3c856590957fd1d96dc588bf3ac05719d247e126840331f?s=96&d=mm&r=g","url":"https:\/\/secure.gravatar.com\/avatar\/7c5bd30ae4b47a9ba3c856590957fd1d96dc588bf3ac05719d247e126840331f?s=96&d=mm&r=g","contentUrl":"https:\/\/secure.gravatar.com\/avatar\/7c5bd30ae4b47a9ba3c856590957fd1d96dc588bf3ac05719d247e126840331f?s=96&d=mm&r=g","caption":"libna"}}]}},"_links":{"self":[{"href":"https:\/\/interamerica.org\/fr\/wp-json\/wp\/v2\/posts\/142280","targetHints":{"allow":["GET"]}}],"collection":[{"href":"https:\/\/interamerica.org\/fr\/wp-json\/wp\/v2\/posts"}],"about":[{"href":"https:\/\/interamerica.org\/fr\/wp-json\/wp\/v2\/types\/post"}],"author":[{"embeddable":true,"href":"https:\/\/interamerica.org\/fr\/wp-json\/wp\/v2\/users\/3"}],"replies":[{"embeddable":true,"href":"https:\/\/interamerica.org\/fr\/wp-json\/wp\/v2\/comments?post=142280"}],"version-history":[{"count":3,"href":"https:\/\/interamerica.org\/fr\/wp-json\/wp\/v2\/posts\/142280\/revisions"}],"predecessor-version":[{"id":142285,"href":"https:\/\/interamerica.org\/fr\/wp-json\/wp\/v2\/posts\/142280\/revisions\/142285"}],"wp:attachment":[{"href":"https:\/\/interamerica.org\/fr\/wp-json\/wp\/v2\/media?parent=142280"}],"wp:term":[{"taxonomy":"category","embeddable":true,"href":"https:\/\/interamerica.org\/fr\/wp-json\/wp\/v2\/categories?post=142280"},{"taxonomy":"post_tag","embeddable":true,"href":"https:\/\/interamerica.org\/fr\/wp-json\/wp\/v2\/tags?post=142280"}],"curies":[{"name":"wp","href":"https:\/\/api.w.org\/{rel}","templated":true}]}}