{"id":142294,"date":"2026-04-21T18:54:19","date_gmt":"2026-04-21T22:54:19","guid":{"rendered":"https:\/\/interamerica.org\/?p=142294"},"modified":"2026-04-24T07:58:28","modified_gmt":"2026-04-24T11:58:28","slug":"les-responsables-financiers-adventistes-rendent-grace-a-dieu-et-engagent-davantage-de-fonds-pour-la-mission","status":"publish","type":"post","link":"https:\/\/interamerica.org\/fr\/2026\/04\/les-responsables-financiers-adventistes-rendent-grace-a-dieu-et-engagent-davantage-de-fonds-pour-la-mission\/","title":{"rendered":"Les responsables financiers adventistes rendent gr\u00e2ce \u00e0 Dieu et engagent davantage de fonds pour la mission"},"content":{"rendered":"<p class=\"c-post-header__subtitle\"><em>Le rapport du tr\u00e9sorier lors de la Rencontre de Printemps met en lumi\u00e8re une gestion prudente des fonds de l\u2019\u00c9glise.<\/em><\/p>\n<p>21 avril 2026 | Silver Spring, Maryland, \u00c9tats-Unis | Marcos Paseggi<em>Adventist Review<\/em><\/p>\n<p>\u00ab J\u2019ai le privil\u00e8ge d\u2019annoncer que la situation financi\u00e8re de la Conf\u00e9rence G\u00e9n\u00e9rale, au 31 d\u00e9cembre 2025, est solide, \u00bb a d\u00e9clar\u00e9 Paul H. Douglas, tr\u00e9sorier de la Conf\u00e9rence G\u00e9n\u00e9rale, au d\u00e9but de son rapport le 14 avril. Ce rapport, pr\u00e9sent\u00e9 aux membres du Comit\u00e9 Ex\u00e9cutif de la Conf\u00e9rence G\u00e9n\u00e9rale (GC EXCOM), a mis en lumi\u00e8re les principaux indicateurs financiers et donn\u00e9 des chiffres cl\u00e9s lors de la premi\u00e8re journ\u00e9e de la Rencontre de Printemps au si\u00e8ge mondial de l\u2019\u00c9glise \u00e0 Silver Spring, dans le Maryland, aux \u00c9tats-Unis.<\/p>\n<p>\u00ab Nous louons le Seigneur pour cette situation financi\u00e8re solide, compte tenu du contexte \u00e9conomique mondial actuel, \u00bb a dit Paul Douglas aux dirigeants de l\u2019\u00c9glise, ajoutant : \u00ab Nous avons \u00e9t\u00e9 de fid\u00e8les intendants des ressources que Dieu nous a confi\u00e9es pour faire avancer la cause de son royaume. \u00bb Dans le m\u00eame temps, il a toutefois soulign\u00e9 que la solidit\u00e9 financi\u00e8re de la Conf\u00e9rence G\u00e9n\u00e9rale n&rsquo;est \u00ab pas le fruit de nos propres accomplissements. \u00bb Il s\u2019agit plut\u00f4t \u00ab du dessein de Dieu de nous accorder ce dont nous avons besoin pour r\u00e9aliser son \u0153uvre, \u00bb a-t-il d\u00e9clar\u00e9. \u00ab Nous sommes forts parce que Dieu est fort. \u00bb<\/p>\n<p><div id=\"attachment_142212\" style=\"width: 910px\" class=\"wp-caption aligncenter\"><img fetchpriority=\"high\" decoding=\"async\" aria-describedby=\"caption-attachment-142212\" class=\" wp-image-142212\" src=\"https:\/\/interamerica.org\/wp-content\/uploads\/2026\/04\/paul-douglas-1-11-1024x683.jpg\" alt=\"\" width=\"900\" height=\"600\" srcset=\"https:\/\/interamerica.org\/wp-content\/uploads\/2026\/04\/paul-douglas-1-11-1024x683.jpg 1024w, https:\/\/interamerica.org\/wp-content\/uploads\/2026\/04\/paul-douglas-1-11-300x200.jpg 300w, https:\/\/interamerica.org\/wp-content\/uploads\/2026\/04\/paul-douglas-1-11-768x512.jpg 768w, https:\/\/interamerica.org\/wp-content\/uploads\/2026\/04\/paul-douglas-1-11-1536x1024.jpg 1536w, https:\/\/interamerica.org\/wp-content\/uploads\/2026\/04\/paul-douglas-1-11-2048x1366.jpg 2048w\" sizes=\"(max-width: 900px) 100vw, 900px\" \/><p id=\"caption-attachment-142212\" class=\"wp-caption-text\">Paul H. Douglas, tr\u00e9sorier de la Conf\u00e9rence G\u00e9n\u00e9rale des adventistes du septi\u00e8me jour, pr\u00e9sente son rapport lors de la Rencontre de Printemps \u00e0 Silver Spring, dans le Maryland, aux \u00c9tats-Unis, le 14 avril. [Photo : George Nelson\/Adventist Media Exchange (CC BY 4.0)]<\/p><\/div><strong>Bein au-dessus des pr\u00e9visions budg\u00e9taires<\/strong><\/p>\n<p>Au cours des minutes qui ont suivi, Paul Douglas a pr\u00e9sent\u00e9 les principaux chiffres de l&rsquo;activit\u00e9 financi\u00e8re de 2025. Ils incluent les 89 millions de dollars am\u00e9ricains correspondant \u00e0 la part des d\u00eemes que le si\u00e8ge mondial a re\u00e7ue du monde entier pour financer ses activit\u00e9s. Ce montant \u00e9tait sup\u00e9rieur de 2 millions de dollars \u00e0 la somme budg\u00e9t\u00e9e et similaire \u00e0 celui re\u00e7u en 2019, consid\u00e9r\u00e9e comme \u00ab la derni\u00e8re ann\u00e9e normale \u00bb avant la perturbation caus\u00e9e par la pand\u00e9mie de COVID-19. Ce montant \u00e9tait \u00e9galement sup\u00e9rieur de 3 millions aux 86 millions de dollars re\u00e7us en 2024, a-t-il indiqu\u00e9.<\/p>\n<p>Les offrandes, quant \u00e0 elles, se sont \u00e9lev\u00e9es \u00e0 101 millions de dollars, soit 14 millions de dollars de plus que les 87 millions de dollars budg\u00e9tis\u00e9s pour l&rsquo;ann\u00e9e et 24 millions de dollars de plus qu&rsquo;en 2019, ann\u00e9e de r\u00e9f\u00e9rence, a dit Paul Douglas. Alors qu&rsquo;en 2021, les offrandes repr\u00e9sentaient 44 pour cent des fonds utilis\u00e9s par la Conf\u00e9rence G\u00e9n\u00e9rale pour mener \u00e0 bien ses activit\u00e9s ; elles ont atteint 53 pour cent du montant total en 2025, a-t-il pr\u00e9cis\u00e9. \u00ab Cette \u00e9volution constante\u2026 sugg\u00e8re que l&rsquo;int\u00e9r\u00eat pour la mission mondiale de l&rsquo;\u00c9glise se ravive dans le c\u0153ur et dans l&rsquo;esprit de nos membres. \u00bb<\/p>\n<p>Dans cette optique, Paul Douglas pr\u00e9voit que, par rapport \u00e0 cette tendance dans les offrandes, l&rsquo;\u0153uvre au niveau local \u00ab prosp\u00e9rera davantage gr\u00e2ce \u00e0 l&rsquo;attention particuli\u00e8re port\u00e9e \u00e0 l&rsquo;\u0153uvre mondiale. \u00bb<\/p>\n<p><strong>De plus grandes d\u00e9penses li\u00e9es \u00e0 la mission<\/strong><\/p>\n<p>Concernant les d\u00e9penses pour les programmes, Paul Douglas a indiqu\u00e9 que 46 pour cent du montant total ont \u00e9t\u00e9 consacr\u00e9s \u00e0 la strat\u00e9gie et au soutien de la mission, 17 pour cent aux m\u00e9dias et aux publications, et 17 pour cent au d\u00e9veloppement des dirigeants et \u00e0 la possibilit\u00e9 pour eux de rendre des comptes. Huit pour cent ont \u00e9t\u00e9 investis dans les institutions \u00e9ducative, tandis que 12 pour cent ont \u00e9t\u00e9 affect\u00e9s \u00e0 d&rsquo;autres activit\u00e9s.<\/p>\n<p><div id=\"attachment_142213\" style=\"width: 634px\" class=\"wp-caption aligncenter\"><img decoding=\"async\" aria-describedby=\"caption-attachment-142213\" class=\" wp-image-142213\" src=\"https:\/\/interamerica.org\/wp-content\/uploads\/2026\/04\/wahlen-2-10-768x1152-1-683x1024.jpg\" alt=\"\" width=\"624\" height=\"936\" srcset=\"https:\/\/interamerica.org\/wp-content\/uploads\/2026\/04\/wahlen-2-10-768x1152-1-683x1024.jpg 683w, https:\/\/interamerica.org\/wp-content\/uploads\/2026\/04\/wahlen-2-10-768x1152-1-200x300.jpg 200w, https:\/\/interamerica.org\/wp-content\/uploads\/2026\/04\/wahlen-2-10-768x1152-1.jpg 768w\" sizes=\"(max-width: 624px) 100vw, 624px\" \/><p id=\"caption-attachment-142213\" class=\"wp-caption-text\">Ray Wahlen, sous-tr\u00e9sorier de la Conf\u00e9rence G\u00e9n\u00e9rale, a parl\u00e9 du plafond des d\u00e9penses de fonctionnement et a remerci\u00e9 le Seigneur et les membres pour leur gestion fid\u00e8le. [Photo: George Nelson\/Adventist Media Exchange (CC BY 4.0)]<\/p><\/div>\u00ab Le total des d\u00e9penses pour les programmes s&rsquo;est \u00e9lev\u00e9 \u00e0 environ 20 millions de dollars, soit 11 pour cent de plus qu&rsquo;en 2024 \u00bb, a dit Paul Douglas. Ce montant inclut les d\u00e9penses de fonds affect\u00e9s par les donateurs \u00e0 des fins sp\u00e9cifiques, les fonds vers\u00e9s aux r\u00e9gions de l&rsquo;\u00c9glise pour des projets sp\u00e9ciaux et les fonds destin\u00e9s aux interventions en cas d&rsquo;urgence.<\/p>\n<p>Dans l&rsquo;ensemble, Cependant, Paul Douglas a fait \u00e9tat d&rsquo;une augmentation de 25 millions de dollars de l&rsquo;actif net, principalement due \u00e0 27 millions de dollars de revenus de placements.<\/p>\n<p><strong>Plus de fonds pour la mission <\/strong><\/p>\n<p>Pour l&rsquo;avenir, Paul Douglas a indiqu\u00e9 que son \u00e9quipe avait analys\u00e9 les tendances en mati\u00e8re de d\u00eemes et d\u2019offrandes, et constat\u00e9 que \u00ab ce que nous avions envisag\u00e9 ne s\u2019est pas r\u00e9alis\u00e9, \u00bb vu que les montants r\u00e9els \u00ab ont d\u00e9pass\u00e9 nos attentes budg\u00e9taires. \u00bb Si cette tendance se maintient, la Conf\u00e9rence G\u00e9n\u00e9rale a \u00e9labor\u00e9 un plan pour utiliser ces fonds suppl\u00e9mentaires. Ce plan pr\u00e9voit d&rsquo;allouer 50 pour cent de cette augmentation au Comit\u00e9 Strat\u00e9gique et Budg\u00e9taire afin qu&rsquo;il puisse \u00ab prendre des d\u00e9cisions collectives pour l&rsquo;\u00c9glise mondiale pour des investissements dans les priorit\u00e9s missionnaires strat\u00e9giques. \u00bb Le reste serait \u00ab restitu\u00e9 aux divisions mondiales \u00bb afin qu&rsquo;elles puissent affecter ces fonds \u00e0 leurs propres priorit\u00e9s missionnaires.<\/p>\n<p>Globalement, Paul Douglas a soulign\u00e9 la grande attention avec laquelle les responsables financiers s\u2019assurent que la situation financi\u00e8re de la Conf\u00e9rence G\u00e9n\u00e9rale soit solide. C\u2019est quelque chose d\u2019important, a-t-il soulign\u00e9, car la Conf\u00e9rence G\u00e9n\u00e9rale \u00ab doit \u00eatre en mesure de soutenir financi\u00e8rement les priorit\u00e9s strat\u00e9giques mondiales de l&rsquo;\u00c9glise \u00bb et \u00ab doit \u00eatre en mesure de \u2026faire face aux urgences et de saisir les opportunit\u00e9s exceptionnelles. \u00bb De plus, la Conf\u00e9rence G\u00e9n\u00e9rale \u00ab doit \u00eatre vue comme un mod\u00e8le de solidit\u00e9 et de stabilit\u00e9 financi\u00e8res, \u00bb a-t-il d\u00e9clar\u00e9. \u00ab Nous louons Dieu pour la situation dans laquelle nous nous trouvons aujourd\u2019hui. \u00bb<\/p>\n<p><div id=\"attachment_142214\" style=\"width: 910px\" class=\"wp-caption aligncenter\"><img decoding=\"async\" aria-describedby=\"caption-attachment-142214\" class=\" wp-image-142214\" src=\"https:\/\/interamerica.org\/wp-content\/uploads\/2026\/04\/scouncil-3-7-1024x683-1.jpg\" alt=\"\" width=\"900\" height=\"600\" srcset=\"https:\/\/interamerica.org\/wp-content\/uploads\/2026\/04\/scouncil-3-7-1024x683-1.jpg 1024w, https:\/\/interamerica.org\/wp-content\/uploads\/2026\/04\/scouncil-3-7-1024x683-1-300x200.jpg 300w, https:\/\/interamerica.org\/wp-content\/uploads\/2026\/04\/scouncil-3-7-1024x683-1-768x512.jpg 768w\" sizes=\"(max-width: 900px) 100vw, 900px\" \/><p id=\"caption-attachment-142214\" class=\"wp-caption-text\">G. T. Ng, ancien secr\u00e9taire de la Conf\u00e9rence G\u00e9n\u00e9rale, commente depuis un site ext\u00e9rieur, alors qu\u2019il suit les travaux de la Rencontre de Printemps en ligne le 14 avril. [Photo: George Nelson\/Adventist Media Exchange (CC BY 4.0)]<\/p><\/div><strong>Planification et ex\u00e9cution minutieuses<\/strong><\/p>\n<p>Apr\u00e8s Paul Douglas, le sous-tr\u00e9sorier de la Conf\u00e9rence G\u00e9n\u00e9rale, Ray Wahlen, a pr\u00e9sent\u00e9 un rapport sur le plafond des d\u00e9penses de fonctionnement, soit le montant maximal que la Conf\u00e9rence G\u00e9n\u00e9rale peut consacrer, conform\u00e9ment au r\u00e8glement, \u00e0 ses op\u00e9rations de fonctionnement du si\u00e8ge sur une ann\u00e9e. Ce montant, fix\u00e9 il y a plusieurs ann\u00e9es \u00e0 2 pour cent de la d\u00eeme mondiale, requiert une planification rigoureuse, ont expliqu\u00e9 les responsables financiers. Dans son rapport, Ray Wahlen s&rsquo;est f\u00e9licit\u00e9 de pouvoir annoncer qu&rsquo;en 2025, les d\u00e9penses ont \u00e9t\u00e9 maintenues en dessous de ce plafond, atteignant seulement 91,16 pour cent de la limite annuelle. Cela refl\u00e8te une augmentation de 4,6 pour cent de la d\u00eeme re\u00e7ue dans les \u00e9glises locales du monde entier en 2025, a-t-il indiqu\u00e9.<\/p>\n<p>Cela n\u2019a pas \u00e9t\u00e9 une t\u00e2che facile, mais le fruit d&rsquo;une approche prudente, a expliqu\u00e9 Ray Wahlen, car les \u00c9tats-Unis ont connu une forte hausse du co\u00fbt de la vie ces derni\u00e8res ann\u00e9es. \u00ab Nous remercions le Seigneur pour la pratique d\u2019une bonne gestion chr\u00e9tienne\u2026 malgr\u00e9 ces temps incertains, \u00bb a-t-il dit. \u00ab Nous n\u2019avons aucune raison de craindre l\u2019avenir alors que nous servons notre Dieu g\u00e9n\u00e9reux. \u00bb<\/p>\n<p>Paul Douglas a appuy\u00e9 l\u2019analyse de Ray Wahlen. \u00ab Nous n\u2019avons aucune raison d\u2019\u00eatre dans l\u2019incertitude, car nous servons un Dieu s\u00fbr, \u00bb a d\u00e9clar\u00e9 Paul Douglas. \u00ab Nous avons tout ce dont nous avons besoin pour accomplir l\u2019\u0153uvre \u00e0 laquelle il nous a appel\u00e9s. \u00bb<\/p>\n<p><strong>Montant de fonds record pour OneVoice27<\/strong><\/p>\n<p>Alors que l\u2019\u00c9glise cherche \u00e0 aller de l\u2019avant, Paul Douglas a rappel\u00e9 aux membres du Comit\u00e9 Ex\u00e9cutif de la Conf\u00e9rence G\u00e9n\u00e9rale que notre mandat est de \u00ab pr\u00eacher l\u2019\u00e9vangile du Royaume \u00bb et que \u00ab nous devons le faire d\u2019une seule voix. \u00bb Il a ensuite \u00e9voqu\u00e9 OneVoice27, \u00ab l\u2019initiative audacieuse \u00bb visant \u00e0 comm\u00e9morer les 2000 ans depuis le bapt\u00eame de J\u00e9sus et le d\u00e9but de son minist\u00e8re en mobilisant tous les m\u00e9dias, les dirigeants et les membres de l\u2019\u00c9glise pour cr\u00e9er un impact mondial en septembre 2027.<\/p>\n<p><div id=\"attachment_142215\" style=\"width: 634px\" class=\"wp-caption aligncenter\"><img loading=\"lazy\" decoding=\"async\" aria-describedby=\"caption-attachment-142215\" class=\" wp-image-142215\" src=\"https:\/\/interamerica.org\/wp-content\/uploads\/2026\/04\/tedncwilson4-5-768x1152-1-683x1024.jpg\" alt=\"\" width=\"624\" height=\"936\" srcset=\"https:\/\/interamerica.org\/wp-content\/uploads\/2026\/04\/tedncwilson4-5-768x1152-1-683x1024.jpg 683w, https:\/\/interamerica.org\/wp-content\/uploads\/2026\/04\/tedncwilson4-5-768x1152-1-200x300.jpg 200w, https:\/\/interamerica.org\/wp-content\/uploads\/2026\/04\/tedncwilson4-5-768x1152-1.jpg 768w\" sizes=\"(max-width: 624px) 100vw, 624px\" \/><p id=\"caption-attachment-142215\" class=\"wp-caption-text\">Ted N. C. Wilson, pr\u00e9sident de la Conf\u00e9rence G\u00e9n\u00e9rale de 2010 \u00e0 2025, r\u00e9agit \u00e0 la pr\u00e9sentation du rapport du tr\u00e9sorier lors de la Rencontre de Printemps le 14 avril.[Photo: George Nelson\/Adventist Media Exchange (CC BY 4.0)]<\/p><\/div>Les dirigeants de la Conf\u00e9rence G\u00e9n\u00e9rale, a indiqu\u00e9 Paul Douglas, ont vot\u00e9 d\u2019investir au moins 27 millions de dollars am\u00e9ricains dans cette initiative : 13,5 millions provenant de la Conf\u00e9rence G\u00e9n\u00e9rale et 13,5 millions des divisions de l\u2019\u00c9glise \u2013 pour cette initiative. Cependant, lorsque les responsables financiers de la Conf\u00e9rence G\u00e9n\u00e9rale ont comptabilis\u00e9 tous les engagements en provenance des divisions du monde entier, ils ont constat\u00e9 que les 13,5 millions de dollars promis par les divisions s\u2019\u00e9taient transform\u00e9s jusqu\u2019\u00e0 pr\u00e9sent en 42 millions de dollars. OneVoice27 permettrait ainsi d\u2019atteindre des investissements records pour la mission.<\/p>\n<p>Paul Douglas a conclu en citant Ellen G. White, cofondatrice de l&rsquo;\u00c9glise adventiste, qui \u00e9crivait dans son livre <em>Minist\u00e8re \u00c9vang\u00e9lique<\/em>\u00a0\u00ab le Seigneur vient et il nous faut mettre toute notre \u00e9nergie \u00e0 accomplir la mission qui nous a \u00e9t\u00e9 confi\u00e9e. J\u2019en appelle \u00e0 vous afin que vous vous consacriez enti\u00e8rement \u00e0 la t\u00e2che. \u00bb<a id=\"_ednref1\" href=\"https:\/\/adventistreview.org\/news\/news-releases-news\/adventist-financial-officers-praise-god-commit-more-funds-for-mission\/#_edn1\"><sup>[*]<\/sup><\/a><\/p>\n<p><strong>Commentaires de l&rsquo;assembl\u00e9e <\/strong><\/p>\n<p>Parmi les commentaires des membres du Comit\u00e9 Ex\u00e9cutif de la Conf\u00e9rence G\u00e9n\u00e9rale et des invit\u00e9s, figurait celui de l&rsquo;ancien pr\u00e9sident de la Conf\u00e9rence G\u00e9n\u00e9rale, Jan Paulsen, qui suivait la rencontre depuis son domicile en Norv\u00e8ge. \u00ab Je veux f\u00e9liciter le pasteur Paul Douglas et sa merveilleuse \u00e9quipe pour leur grand professionnalisme et leur engagement spirituel dans la gestion des ressources de l&rsquo;\u00c9glise, \u00bb a-t-il d\u00e9clar\u00e9. \u00ab Ils doivent \u00eatre f\u00e9licit\u00e9s pour cela. \u00bb<\/p>\n<p>Dans le m\u00eame temps, Jan Paulsen a demand\u00e9 si l&rsquo;\u00c9glise disposait d&rsquo;un comit\u00e9 d&rsquo;\u00e9thique charg\u00e9 d&rsquo;examiner les questions \u00e9thiques li\u00e9es aux investissements. Paul Douglas a r\u00e9pondu que le Comit\u00e9 d\u2019Investissements est guid\u00e9 par des principes conformes \u00e0 nos croyances lorsqu&rsquo;il s&rsquo;agissait de prendre des d\u00e9cisions d&rsquo;investissement des fonds de l&rsquo;\u00c9glise. \u00ab Il y a certains investissements que nous jugeons inappropri\u00e9s ou incompatibles avec nos valeurs ou nos convictions et que nous n&rsquo;incluons donc pas dans notre portefeuille, \u00bb a-t-il assur\u00e9.<\/p>\n<p><div id=\"attachment_142216\" style=\"width: 903px\" class=\"wp-caption aligncenter\"><img loading=\"lazy\" decoding=\"async\" aria-describedby=\"caption-attachment-142216\" class=\" wp-image-142216\" src=\"https:\/\/interamerica.org\/wp-content\/uploads\/2026\/04\/treasurer-scouncil-5-3-768x512-1.jpg\" alt=\"\" width=\"893\" height=\"595\" srcset=\"https:\/\/interamerica.org\/wp-content\/uploads\/2026\/04\/treasurer-scouncil-5-3-768x512-1.jpg 768w, https:\/\/interamerica.org\/wp-content\/uploads\/2026\/04\/treasurer-scouncil-5-3-768x512-1-300x200.jpg 300w\" sizes=\"(max-width: 893px) 100vw, 893px\" \/><p id=\"caption-attachment-142216\" class=\"wp-caption-text\">Paulo de Tarcio, un jeune membre la\u00efc de la Division Sud Am\u00e9ricaine qui suivait la rencontre en ligne, s&rsquo;est f\u00e9licit\u00e9 de la fa\u00e7on dont les chiffres et les donn\u00e9es complexes ont \u00e9t\u00e9 pr\u00e9sent\u00e9s. [Photo: George Nelson\/Adventist Media Exchange (CC BY 4.0)]<\/p><\/div>L&rsquo;ancien secr\u00e9taire de la Conf\u00e9rence G\u00e9n\u00e9rale, G. T. Ng, qui suivait \u00e9galement la rencontre en ligne, a f\u00e9licit\u00e9 l&rsquo;\u00e9quipe financi\u00e8re \u00ab pour ce rapport encourageant. \u00bb \u00ab C\u2019est une p\u00e9riode extraordinaire o\u00f9 nous voyons de nos yeux les compassions et les b\u00e9n\u00e9dictions de Dieu. \u00bb<\/p>\n<p>Ted N. C. Wilson, pr\u00e9sident de la Conf\u00e9rence G\u00e9n\u00e9rale de 2010 \u00e0 2025, a \u00e9galement pris la parole pour souligner \u00ab l&rsquo;excellent rapport, \u00bb malgr\u00e9 le contexte actuel de difficult\u00e9s et d&rsquo;incertitude. Il a remerci\u00e9 Paul Douglas et son \u00e9quipe pour leur \u00ab gestion rigoureuse, \u00bb qui permet de \u00ab ma\u00eetriser la situation tout en mobilisant les ressources pour la mission. \u00bb<\/p>\n<p>D&rsquo;autres personnes ont attendus leur tour pour aller au micro et faire des commentaires et poser des questions, comme par exemple Bassey Udoh, pr\u00e9sident de la Division de l\u2019Afrique du Centre Ouest, qui a dit qu\u2019il voulait \u00ab approuver le rapport \u00bb et a salu\u00e9 l&rsquo;accent mis sur la mobilisation des ressources pour la mission.<\/p>\n<p>Le tr\u00e9sorier de la Division du Pacifique Sud, J. Fran\u00e7ois Keet, d\u2019un autre c\u00f4t\u00e9, a appel\u00e9 les dirigeants de la Conf\u00e9rence G\u00e9n\u00e9rale \u00e0 accro\u00eetre encore les fonds destin\u00e9s \u00e0 OneVoice27 (UneVoix27). \u00ab Il y a des r\u00e9gions du monde qui ont besoin de votre aide, \u00bb leur a-t-il dit. Paul Douglas a acquiesc\u00e9 en disant qu\u2019il acceptait de relever le d\u00e9fi. \u00ab Si nous sommes s\u00e9rieux, nous devons mettre l\u2019argent l\u00e0 o\u00f9 se d\u00e9roule la mission, \u00bb a-t-il dit \u00e0 J. Fran\u00e7ois Keet.<\/p>\n<p>Paulo de Tarcio, un jeune la\u00efc de la Division Sud Am\u00e9ricaine qui suivait la rencontre en ligne, a salu\u00e9 la fa\u00e7on dont les chiffres et les donn\u00e9es complexes ont \u00e9t\u00e9 communiqu\u00e9s, et a parl\u00e9 de la confiance qu\u2019il continue d\u2019avoir dans la direction divine. \u00ab C\u2019est Lui qui a conduit son \u00c9glise jusqu\u2019ici, et Il continuera de nous conduire dans les jours plus sombres qui sont devant nous. \u00bb<\/p>\n<hr class=\"wp-block-separator has-alpha-channel-opacity\" \/>\n<p><a id=\"_edn1\" href=\"https:\/\/adventistreview.org\/news\/news-releases-news\/adventist-financial-officers-praise-god-commit-more-funds-for-mission\/#_ednref1\"><sup>[*]<\/sup><\/a>\u00a0Ellen G. White,\u00a0<em>Minist\u00e8re \u00c9vang\u00e9lique<\/em>, p. 109.<\/p>\n<p>Traduction: Patrick Luciathe<\/p>\n","protected":false},"excerpt":{"rendered":"<p>Le rapport du tr\u00e9sorier lors de la Rencontre de Printemps met en lumi\u00e8re une gestion prudente des fonds de l\u2019\u00c9glise. 21 avril 2026 | Silver Spring, Maryland, \u00c9tats-Unis | Marcos&#8230;<\/p>\n","protected":false},"author":3,"featured_media":142295,"comment_status":"closed","ping_status":"closed","sticky":false,"template":"","format":"standard","meta":{"_acf_changed":false,"footnotes":""},"categories":[18,19],"tags":[],"class_list":["post-142294","post","type-post","status-publish","format-standard","has-post-thumbnail","hentry","category-nouvelles-de-leglise-mondiale","category-rss-francais"],"acf":[],"yoast_head":"<!-- This site is optimized with the Yoast SEO plugin v27.3 - https:\/\/yoast.com\/product\/yoast-seo-wordpress\/ -->\n<title>Les responsables financiers adventistes rendent gr\u00e2ce \u00e0 Dieu et engagent davantage de fonds pour la mission - \u00c9glise Adventiste Du Septieme Jour - Inter Am\u00e9rique Division<\/title>\n<meta name=\"robots\" content=\"index, follow, max-snippet:-1, max-image-preview:large, max-video-preview:-1\" \/>\n<link rel=\"canonical\" href=\"https:\/\/interamerica.org\/fr\/2026\/04\/les-responsables-financiers-adventistes-rendent-grace-a-dieu-et-engagent-davantage-de-fonds-pour-la-mission\/\" \/>\n<meta property=\"og:locale\" content=\"fr_FR\" \/>\n<meta property=\"og:type\" content=\"article\" \/>\n<meta property=\"og:title\" content=\"Les responsables financiers adventistes rendent gr\u00e2ce \u00e0 Dieu et engagent davantage de fonds pour la mission - \u00c9glise Adventiste Du Septieme Jour - Inter Am\u00e9rique Division\" \/>\n<meta property=\"og:description\" content=\"Le rapport du tr\u00e9sorier lors de la Rencontre de Printemps met en lumi\u00e8re une gestion prudente des fonds de l\u2019\u00c9glise. 21 avril 2026 | Silver Spring, Maryland, \u00c9tats-Unis | Marcos...\" \/>\n<meta property=\"og:url\" content=\"https:\/\/interamerica.org\/fr\/2026\/04\/les-responsables-financiers-adventistes-rendent-grace-a-dieu-et-engagent-davantage-de-fonds-pour-la-mission\/\" \/>\n<meta property=\"og:site_name\" content=\"\u00c9glise Adventiste Du Septieme Jour - Inter Am\u00e9rique Division\" \/>\n<meta property=\"article:published_time\" content=\"2026-04-21T22:54:19+00:00\" \/>\n<meta property=\"article:modified_time\" content=\"2026-04-24T11:58:28+00:00\" \/>\n<meta property=\"og:image\" content=\"https:\/\/interamerica.org\/wp-content\/uploads\/2026\/04\/paul-douglas-1-11.jpg\" \/>\n\t<meta property=\"og:image:width\" content=\"2560\" \/>\n\t<meta property=\"og:image:height\" content=\"1707\" \/>\n\t<meta property=\"og:image:type\" content=\"image\/jpeg\" \/>\n<meta name=\"author\" content=\"libna\" \/>\n<meta name=\"twitter:card\" content=\"summary_large_image\" \/>\n<meta name=\"twitter:label1\" content=\"\u00c9crit par\" \/>\n\t<meta name=\"twitter:data1\" content=\"libna\" \/>\n\t<meta name=\"twitter:label2\" content=\"Dur\u00e9e de lecture estim\u00e9e\" \/>\n\t<meta name=\"twitter:data2\" content=\"10 minutes\" \/>\n<script type=\"application\/ld+json\" class=\"yoast-schema-graph\">{\"@context\":\"https:\\\/\\\/schema.org\",\"@graph\":[{\"@type\":\"Article\",\"@id\":\"https:\\\/\\\/interamerica.org\\\/fr\\\/2026\\\/04\\\/les-responsables-financiers-adventistes-rendent-grace-a-dieu-et-engagent-davantage-de-fonds-pour-la-mission\\\/#article\",\"isPartOf\":{\"@id\":\"https:\\\/\\\/interamerica.org\\\/fr\\\/2026\\\/04\\\/les-responsables-financiers-adventistes-rendent-grace-a-dieu-et-engagent-davantage-de-fonds-pour-la-mission\\\/\"},\"author\":{\"name\":\"libna\",\"@id\":\"https:\\\/\\\/interamerica.org\\\/fr\\\/#\\\/schema\\\/person\\\/29998f2bc2d8bd0d38662909289b54f1\"},\"headline\":\"Les responsables financiers adventistes rendent gr\u00e2ce \u00e0 Dieu et engagent davantage de fonds pour la mission\",\"datePublished\":\"2026-04-21T22:54:19+00:00\",\"dateModified\":\"2026-04-24T11:58:28+00:00\",\"mainEntityOfPage\":{\"@id\":\"https:\\\/\\\/interamerica.org\\\/fr\\\/2026\\\/04\\\/les-responsables-financiers-adventistes-rendent-grace-a-dieu-et-engagent-davantage-de-fonds-pour-la-mission\\\/\"},\"wordCount\":2289,\"image\":{\"@id\":\"https:\\\/\\\/interamerica.org\\\/fr\\\/2026\\\/04\\\/les-responsables-financiers-adventistes-rendent-grace-a-dieu-et-engagent-davantage-de-fonds-pour-la-mission\\\/#primaryimage\"},\"thumbnailUrl\":\"https:\\\/\\\/interamerica.org\\\/wp-content\\\/uploads\\\/2026\\\/04\\\/paul-douglas-1-11.jpg\",\"articleSection\":[\"Nouvelles de l'\u00c9glise mondiale\",\"RSS Fran\u00e7ais\"],\"inLanguage\":\"fr-FR\"},{\"@type\":\"WebPage\",\"@id\":\"https:\\\/\\\/interamerica.org\\\/fr\\\/2026\\\/04\\\/les-responsables-financiers-adventistes-rendent-grace-a-dieu-et-engagent-davantage-de-fonds-pour-la-mission\\\/\",\"url\":\"https:\\\/\\\/interamerica.org\\\/fr\\\/2026\\\/04\\\/les-responsables-financiers-adventistes-rendent-grace-a-dieu-et-engagent-davantage-de-fonds-pour-la-mission\\\/\",\"name\":\"Les responsables financiers adventistes rendent gr\u00e2ce \u00e0 Dieu et engagent davantage de fonds pour la mission - \u00c9glise Adventiste Du Septieme Jour - Inter Am\u00e9rique Division\",\"isPartOf\":{\"@id\":\"https:\\\/\\\/interamerica.org\\\/fr\\\/#website\"},\"primaryImageOfPage\":{\"@id\":\"https:\\\/\\\/interamerica.org\\\/fr\\\/2026\\\/04\\\/les-responsables-financiers-adventistes-rendent-grace-a-dieu-et-engagent-davantage-de-fonds-pour-la-mission\\\/#primaryimage\"},\"image\":{\"@id\":\"https:\\\/\\\/interamerica.org\\\/fr\\\/2026\\\/04\\\/les-responsables-financiers-adventistes-rendent-grace-a-dieu-et-engagent-davantage-de-fonds-pour-la-mission\\\/#primaryimage\"},\"thumbnailUrl\":\"https:\\\/\\\/interamerica.org\\\/wp-content\\\/uploads\\\/2026\\\/04\\\/paul-douglas-1-11.jpg\",\"datePublished\":\"2026-04-21T22:54:19+00:00\",\"dateModified\":\"2026-04-24T11:58:28+00:00\",\"author\":{\"@id\":\"https:\\\/\\\/interamerica.org\\\/fr\\\/#\\\/schema\\\/person\\\/29998f2bc2d8bd0d38662909289b54f1\"},\"breadcrumb\":{\"@id\":\"https:\\\/\\\/interamerica.org\\\/fr\\\/2026\\\/04\\\/les-responsables-financiers-adventistes-rendent-grace-a-dieu-et-engagent-davantage-de-fonds-pour-la-mission\\\/#breadcrumb\"},\"inLanguage\":\"fr-FR\",\"potentialAction\":[{\"@type\":\"ReadAction\",\"target\":[\"https:\\\/\\\/interamerica.org\\\/fr\\\/2026\\\/04\\\/les-responsables-financiers-adventistes-rendent-grace-a-dieu-et-engagent-davantage-de-fonds-pour-la-mission\\\/\"]}]},{\"@type\":\"ImageObject\",\"inLanguage\":\"fr-FR\",\"@id\":\"https:\\\/\\\/interamerica.org\\\/fr\\\/2026\\\/04\\\/les-responsables-financiers-adventistes-rendent-grace-a-dieu-et-engagent-davantage-de-fonds-pour-la-mission\\\/#primaryimage\",\"url\":\"https:\\\/\\\/interamerica.org\\\/wp-content\\\/uploads\\\/2026\\\/04\\\/paul-douglas-1-11.jpg\",\"contentUrl\":\"https:\\\/\\\/interamerica.org\\\/wp-content\\\/uploads\\\/2026\\\/04\\\/paul-douglas-1-11.jpg\",\"width\":2560,\"height\":1707,\"caption\":\"Paul H. Douglas, tr\u00e9sorier de la Conf\u00e9rence G\u00e9n\u00e9rale des adventistes du septi\u00e8me jour, pr\u00e9sente son rapport lors de la Rencontre de Printemps \u00e0 Silver Spring, dans le Maryland, aux \u00c9tats-Unis, le 14 avril. [Photo : George Nelson\\\/Adventist Media Exchange (CC BY 4.0)]\"},{\"@type\":\"BreadcrumbList\",\"@id\":\"https:\\\/\\\/interamerica.org\\\/fr\\\/2026\\\/04\\\/les-responsables-financiers-adventistes-rendent-grace-a-dieu-et-engagent-davantage-de-fonds-pour-la-mission\\\/#breadcrumb\",\"itemListElement\":[{\"@type\":\"ListItem\",\"position\":1,\"name\":\"Home\",\"item\":\"https:\\\/\\\/interamerica.org\\\/fr\\\/\"},{\"@type\":\"ListItem\",\"position\":2,\"name\":\"Les responsables financiers adventistes rendent gr\u00e2ce \u00e0 Dieu et engagent davantage de fonds pour la mission\"}]},{\"@type\":\"WebSite\",\"@id\":\"https:\\\/\\\/interamerica.org\\\/fr\\\/#website\",\"url\":\"https:\\\/\\\/interamerica.org\\\/fr\\\/\",\"name\":\"\u00c9glise Adventiste Du Septieme Jour - Inter Am\u00e9rique Division\",\"description\":\"\",\"potentialAction\":[{\"@type\":\"SearchAction\",\"target\":{\"@type\":\"EntryPoint\",\"urlTemplate\":\"https:\\\/\\\/interamerica.org\\\/fr\\\/?s={search_term_string}\"},\"query-input\":{\"@type\":\"PropertyValueSpecification\",\"valueRequired\":true,\"valueName\":\"search_term_string\"}}],\"inLanguage\":\"fr-FR\"},{\"@type\":\"Person\",\"@id\":\"https:\\\/\\\/interamerica.org\\\/fr\\\/#\\\/schema\\\/person\\\/29998f2bc2d8bd0d38662909289b54f1\",\"name\":\"libna\",\"image\":{\"@type\":\"ImageObject\",\"inLanguage\":\"fr-FR\",\"@id\":\"https:\\\/\\\/secure.gravatar.com\\\/avatar\\\/7c5bd30ae4b47a9ba3c856590957fd1d96dc588bf3ac05719d247e126840331f?s=96&d=mm&r=g\",\"url\":\"https:\\\/\\\/secure.gravatar.com\\\/avatar\\\/7c5bd30ae4b47a9ba3c856590957fd1d96dc588bf3ac05719d247e126840331f?s=96&d=mm&r=g\",\"contentUrl\":\"https:\\\/\\\/secure.gravatar.com\\\/avatar\\\/7c5bd30ae4b47a9ba3c856590957fd1d96dc588bf3ac05719d247e126840331f?s=96&d=mm&r=g\",\"caption\":\"libna\"}}]}<\/script>\n<!-- \/ Yoast SEO plugin. -->","yoast_head_json":{"title":"Les responsables financiers adventistes rendent gr\u00e2ce \u00e0 Dieu et engagent davantage de fonds pour la mission - \u00c9glise Adventiste Du Septieme Jour - Inter Am\u00e9rique Division","robots":{"index":"index","follow":"follow","max-snippet":"max-snippet:-1","max-image-preview":"max-image-preview:large","max-video-preview":"max-video-preview:-1"},"canonical":"https:\/\/interamerica.org\/fr\/2026\/04\/les-responsables-financiers-adventistes-rendent-grace-a-dieu-et-engagent-davantage-de-fonds-pour-la-mission\/","og_locale":"fr_FR","og_type":"article","og_title":"Les responsables financiers adventistes rendent gr\u00e2ce \u00e0 Dieu et engagent davantage de fonds pour la mission - \u00c9glise Adventiste Du Septieme Jour - Inter Am\u00e9rique Division","og_description":"Le rapport du tr\u00e9sorier lors de la Rencontre de Printemps met en lumi\u00e8re une gestion prudente des fonds de l\u2019\u00c9glise. 21 avril 2026 | Silver Spring, Maryland, \u00c9tats-Unis | Marcos...","og_url":"https:\/\/interamerica.org\/fr\/2026\/04\/les-responsables-financiers-adventistes-rendent-grace-a-dieu-et-engagent-davantage-de-fonds-pour-la-mission\/","og_site_name":"\u00c9glise Adventiste Du Septieme Jour - Inter Am\u00e9rique Division","article_published_time":"2026-04-21T22:54:19+00:00","article_modified_time":"2026-04-24T11:58:28+00:00","og_image":[{"width":2560,"height":1707,"url":"https:\/\/interamerica.org\/wp-content\/uploads\/2026\/04\/paul-douglas-1-11.jpg","type":"image\/jpeg"}],"author":"libna","twitter_card":"summary_large_image","twitter_misc":{"\u00c9crit par":"libna","Dur\u00e9e de lecture estim\u00e9e":"10 minutes"},"schema":{"@context":"https:\/\/schema.org","@graph":[{"@type":"Article","@id":"https:\/\/interamerica.org\/fr\/2026\/04\/les-responsables-financiers-adventistes-rendent-grace-a-dieu-et-engagent-davantage-de-fonds-pour-la-mission\/#article","isPartOf":{"@id":"https:\/\/interamerica.org\/fr\/2026\/04\/les-responsables-financiers-adventistes-rendent-grace-a-dieu-et-engagent-davantage-de-fonds-pour-la-mission\/"},"author":{"name":"libna","@id":"https:\/\/interamerica.org\/fr\/#\/schema\/person\/29998f2bc2d8bd0d38662909289b54f1"},"headline":"Les responsables financiers adventistes rendent gr\u00e2ce \u00e0 Dieu et engagent davantage de fonds pour la mission","datePublished":"2026-04-21T22:54:19+00:00","dateModified":"2026-04-24T11:58:28+00:00","mainEntityOfPage":{"@id":"https:\/\/interamerica.org\/fr\/2026\/04\/les-responsables-financiers-adventistes-rendent-grace-a-dieu-et-engagent-davantage-de-fonds-pour-la-mission\/"},"wordCount":2289,"image":{"@id":"https:\/\/interamerica.org\/fr\/2026\/04\/les-responsables-financiers-adventistes-rendent-grace-a-dieu-et-engagent-davantage-de-fonds-pour-la-mission\/#primaryimage"},"thumbnailUrl":"https:\/\/interamerica.org\/wp-content\/uploads\/2026\/04\/paul-douglas-1-11.jpg","articleSection":["Nouvelles de l'\u00c9glise mondiale","RSS Fran\u00e7ais"],"inLanguage":"fr-FR"},{"@type":"WebPage","@id":"https:\/\/interamerica.org\/fr\/2026\/04\/les-responsables-financiers-adventistes-rendent-grace-a-dieu-et-engagent-davantage-de-fonds-pour-la-mission\/","url":"https:\/\/interamerica.org\/fr\/2026\/04\/les-responsables-financiers-adventistes-rendent-grace-a-dieu-et-engagent-davantage-de-fonds-pour-la-mission\/","name":"Les responsables financiers adventistes rendent gr\u00e2ce \u00e0 Dieu et engagent davantage de fonds pour la mission - \u00c9glise Adventiste Du Septieme Jour - Inter Am\u00e9rique Division","isPartOf":{"@id":"https:\/\/interamerica.org\/fr\/#website"},"primaryImageOfPage":{"@id":"https:\/\/interamerica.org\/fr\/2026\/04\/les-responsables-financiers-adventistes-rendent-grace-a-dieu-et-engagent-davantage-de-fonds-pour-la-mission\/#primaryimage"},"image":{"@id":"https:\/\/interamerica.org\/fr\/2026\/04\/les-responsables-financiers-adventistes-rendent-grace-a-dieu-et-engagent-davantage-de-fonds-pour-la-mission\/#primaryimage"},"thumbnailUrl":"https:\/\/interamerica.org\/wp-content\/uploads\/2026\/04\/paul-douglas-1-11.jpg","datePublished":"2026-04-21T22:54:19+00:00","dateModified":"2026-04-24T11:58:28+00:00","author":{"@id":"https:\/\/interamerica.org\/fr\/#\/schema\/person\/29998f2bc2d8bd0d38662909289b54f1"},"breadcrumb":{"@id":"https:\/\/interamerica.org\/fr\/2026\/04\/les-responsables-financiers-adventistes-rendent-grace-a-dieu-et-engagent-davantage-de-fonds-pour-la-mission\/#breadcrumb"},"inLanguage":"fr-FR","potentialAction":[{"@type":"ReadAction","target":["https:\/\/interamerica.org\/fr\/2026\/04\/les-responsables-financiers-adventistes-rendent-grace-a-dieu-et-engagent-davantage-de-fonds-pour-la-mission\/"]}]},{"@type":"ImageObject","inLanguage":"fr-FR","@id":"https:\/\/interamerica.org\/fr\/2026\/04\/les-responsables-financiers-adventistes-rendent-grace-a-dieu-et-engagent-davantage-de-fonds-pour-la-mission\/#primaryimage","url":"https:\/\/interamerica.org\/wp-content\/uploads\/2026\/04\/paul-douglas-1-11.jpg","contentUrl":"https:\/\/interamerica.org\/wp-content\/uploads\/2026\/04\/paul-douglas-1-11.jpg","width":2560,"height":1707,"caption":"Paul H. Douglas, tr\u00e9sorier de la Conf\u00e9rence G\u00e9n\u00e9rale des adventistes du septi\u00e8me jour, pr\u00e9sente son rapport lors de la Rencontre de Printemps \u00e0 Silver Spring, dans le Maryland, aux \u00c9tats-Unis, le 14 avril. [Photo : George Nelson\/Adventist Media Exchange (CC BY 4.0)]"},{"@type":"BreadcrumbList","@id":"https:\/\/interamerica.org\/fr\/2026\/04\/les-responsables-financiers-adventistes-rendent-grace-a-dieu-et-engagent-davantage-de-fonds-pour-la-mission\/#breadcrumb","itemListElement":[{"@type":"ListItem","position":1,"name":"Home","item":"https:\/\/interamerica.org\/fr\/"},{"@type":"ListItem","position":2,"name":"Les responsables financiers adventistes rendent gr\u00e2ce \u00e0 Dieu et engagent davantage de fonds pour la mission"}]},{"@type":"WebSite","@id":"https:\/\/interamerica.org\/fr\/#website","url":"https:\/\/interamerica.org\/fr\/","name":"\u00c9glise Adventiste Du Septieme Jour - Inter Am\u00e9rique Division","description":"","potentialAction":[{"@type":"SearchAction","target":{"@type":"EntryPoint","urlTemplate":"https:\/\/interamerica.org\/fr\/?s={search_term_string}"},"query-input":{"@type":"PropertyValueSpecification","valueRequired":true,"valueName":"search_term_string"}}],"inLanguage":"fr-FR"},{"@type":"Person","@id":"https:\/\/interamerica.org\/fr\/#\/schema\/person\/29998f2bc2d8bd0d38662909289b54f1","name":"libna","image":{"@type":"ImageObject","inLanguage":"fr-FR","@id":"https:\/\/secure.gravatar.com\/avatar\/7c5bd30ae4b47a9ba3c856590957fd1d96dc588bf3ac05719d247e126840331f?s=96&d=mm&r=g","url":"https:\/\/secure.gravatar.com\/avatar\/7c5bd30ae4b47a9ba3c856590957fd1d96dc588bf3ac05719d247e126840331f?s=96&d=mm&r=g","contentUrl":"https:\/\/secure.gravatar.com\/avatar\/7c5bd30ae4b47a9ba3c856590957fd1d96dc588bf3ac05719d247e126840331f?s=96&d=mm&r=g","caption":"libna"}}]}},"_links":{"self":[{"href":"https:\/\/interamerica.org\/fr\/wp-json\/wp\/v2\/posts\/142294","targetHints":{"allow":["GET"]}}],"collection":[{"href":"https:\/\/interamerica.org\/fr\/wp-json\/wp\/v2\/posts"}],"about":[{"href":"https:\/\/interamerica.org\/fr\/wp-json\/wp\/v2\/types\/post"}],"author":[{"embeddable":true,"href":"https:\/\/interamerica.org\/fr\/wp-json\/wp\/v2\/users\/3"}],"replies":[{"embeddable":true,"href":"https:\/\/interamerica.org\/fr\/wp-json\/wp\/v2\/comments?post=142294"}],"version-history":[{"count":1,"href":"https:\/\/interamerica.org\/fr\/wp-json\/wp\/v2\/posts\/142294\/revisions"}],"predecessor-version":[{"id":142339,"href":"https:\/\/interamerica.org\/fr\/wp-json\/wp\/v2\/posts\/142294\/revisions\/142339"}],"wp:featuredmedia":[{"embeddable":true,"href":"https:\/\/interamerica.org\/fr\/wp-json\/wp\/v2\/media\/142295"}],"wp:attachment":[{"href":"https:\/\/interamerica.org\/fr\/wp-json\/wp\/v2\/media?parent=142294"}],"wp:term":[{"taxonomy":"category","embeddable":true,"href":"https:\/\/interamerica.org\/fr\/wp-json\/wp\/v2\/categories?post=142294"},{"taxonomy":"post_tag","embeddable":true,"href":"https:\/\/interamerica.org\/fr\/wp-json\/wp\/v2\/tags?post=142294"}],"curies":[{"name":"wp","href":"https:\/\/api.w.org\/{rel}","templated":true}]}}