{"id":142340,"date":"2026-04-21T08:39:27","date_gmt":"2026-04-21T12:39:27","guid":{"rendered":"https:\/\/interamerica.org\/?p=142340"},"modified":"2026-04-24T10:29:27","modified_gmt":"2026-04-24T14:29:27","slug":"des-etudiants-de-theologie-colombiens-ont-conduit-des-centaines-de-personnes-au-bapteme-en-equateur","status":"publish","type":"post","link":"https:\/\/interamerica.org\/fr\/2026\/04\/des-etudiants-de-theologie-colombiens-ont-conduit-des-centaines-de-personnes-au-bapteme-en-equateur\/","title":{"rendered":"Des \u00e9tudiants de th\u00e9ologie colombiens ont conduit des centaines de personnes au bapt\u00eame en \u00c9quateur"},"content":{"rendered":"<p><div id=\"attachment_142041\" style=\"width: 915px\" class=\"wp-caption aligncenter\"><img fetchpriority=\"high\" decoding=\"async\" aria-describedby=\"caption-attachment-142041\" class=\" wp-image-142041\" src=\"https:\/\/interamerica.org\/wp-content\/uploads\/2026\/04\/nocu-img-20260328-wa0100jpg-1024x768.jpeg\" alt=\"\" width=\"905\" height=\"679\" srcset=\"https:\/\/interamerica.org\/wp-content\/uploads\/2026\/04\/nocu-img-20260328-wa0100jpg-1024x768.jpeg 1024w, https:\/\/interamerica.org\/wp-content\/uploads\/2026\/04\/nocu-img-20260328-wa0100jpg-300x225.jpeg 300w, https:\/\/interamerica.org\/wp-content\/uploads\/2026\/04\/nocu-img-20260328-wa0100jpg-768x576.jpeg 768w, https:\/\/interamerica.org\/wp-content\/uploads\/2026\/04\/nocu-img-20260328-wa0100jpg.jpeg 1280w\" sizes=\"(max-width: 905px) 100vw, 905px\" \/><p id=\"caption-attachment-142041\" class=\"wp-caption-text\">Des croyants participent \u00e0 une c\u00e9r\u00e9monie de bapt\u00eames dans le district de Huaquillas, sur la fronti\u00e8re entre l\u2019\u00c9quateur et le P\u00e9rou, \u00e0 la suite d\u2019une campagne d\u2019\u00e9vang\u00e9lisation. Le service \u00e9tait dirig\u00e9 par le pasteur de district Manuel Cochach\u00edn et support\u00e9 par l\u2019\u00e9tudiant de th\u00e9ologie et \u00e9vang\u00e9liste Fabio Velandia. [Une photo de l\u2019Universit\u00e9 adventiste de la Colombie.]<\/p><\/div><i><span style=\"font-weight: 400;\">Une campagne historique solidifie les \u00e9glises locales et l\u2019\u00e9vang\u00e9lisation dans le sud de l\u2019\u00c9quateur.<\/span><\/i><\/p>\n<p><span style=\"font-weight: 400;\">Le 21 avril 2026 | Medell\u00edn, Antioquia, Colombie | Cristin Serrano et le d\u00e9partement des Actualit\u00e9s de la Division interam\u00e9ricaine<\/span><\/p>\n<p><span style=\"font-weight: 400;\">Une campagne d\u2019\u00e9vang\u00e9lisation de deux semaines dans le sud de l\u2019\u00c9quateur a conduit 685 personnes \u00e0 suivre J\u00e9sus. Ce sont des \u00e9tudiants de th\u00e9ologie de la Colombie qui ont jou\u00e9 un r\u00f4le cl\u00e9 dans cet effort.<\/span><\/p>\n<p><span style=\"font-weight: 400;\">Tenue du 21 mars au 4 avril 2026, la campagne faisait partie d\u2019une initiative plus vaste d\u2019\u00e9vang\u00e9lisation men\u00e9e par l\u2019\u00c9glise adventiste du septi\u00e8me jour dans la r\u00e9gion et coordonn\u00e9e par l\u2019Union des missions de l\u2019\u00c9quateur dans le but de solidifier l\u2019\u00e9vang\u00e9lisation missionnaire dans le pays.<\/span><\/p>\n<p><div id=\"attachment_142043\" style=\"width: 909px\" class=\"wp-caption aligncenter\"><img decoding=\"async\" aria-describedby=\"caption-attachment-142043\" class=\" wp-image-142043\" src=\"https:\/\/interamerica.org\/wp-content\/uploads\/2026\/04\/nocu-img-20260328-wa0125jpg.jpg\" alt=\"\" width=\"899\" height=\"562\" srcset=\"https:\/\/interamerica.org\/wp-content\/uploads\/2026\/04\/nocu-img-20260328-wa0125jpg.jpg 1000w, https:\/\/interamerica.org\/wp-content\/uploads\/2026\/04\/nocu-img-20260328-wa0125jpg-300x188.jpg 300w, https:\/\/interamerica.org\/wp-content\/uploads\/2026\/04\/nocu-img-20260328-wa0125jpg-768x480.jpg 768w\" sizes=\"(max-width: 899px) 100vw, 899px\" \/><p id=\"caption-attachment-142043\" class=\"wp-caption-text\"><span style=\"font-weight: 400;\">Le pasteur Ever Castro, professeur et coordonnateur des stages pastoraux de l\u2019UNAC, a conduit la c\u00e9r\u00e9monie de bapt\u00eame \u00e0 l\u2019\u00e9glise Realidad de Dios, dans le district de Guayaquil Florida, dans le cadre de la campagne d\u2019\u00e9vang\u00e9lisation dans le sud de l\u2019\u00c9quateur. [Une photo de l\u2019Universit\u00e9 adventiste de la Colombie.]<\/span><\/p><\/div><span style=\"font-weight: 400;\">Un total de 23 \u00e9tudiants de la facult\u00e9 de th\u00e9ologie et de religion de l\u2019Universit\u00e9 adventiste de la Colombie (UNAC) ont particip\u00e9 \u00e0 l\u2019initiative, contribuant \u00e0 des centaines de d\u00e9cisions prises durant l\u2019effort de deux semaines.<\/span><\/p>\n<p><span style=\"font-weight: 400;\">Le th\u00e8me \u00ab\u00a0L\u2019histoire de la Passion\u00a0\u00bb a \u00e9t\u00e9 pr\u00e9sent\u00e9 sur tout le territoire de la Mission du sud de l\u2019\u00c9quateur, qui fait partie de la Division sud-am\u00e9ricaine, plus pr\u00e9cis\u00e9ment dans des villes comme Guayaquil, Manta, Quevedo, Milagro, Salinas, Babahoyo et Loja.<\/span><\/p>\n<p><span style=\"font-weight: 400;\">Dans ce contexte, selon les professeurs de l\u2019UNAC, la participation des \u00e9tudiants de septi\u00e8me semestre a marqu\u00e9 un jalon, repr\u00e9sentant leur premi\u00e8re exp\u00e9rience internationale d\u2019\u00e9vang\u00e9lisation publique.<\/span><\/p>\n<p><div id=\"attachment_142044\" style=\"width: 874px\" class=\"wp-caption aligncenter\"><img decoding=\"async\" aria-describedby=\"caption-attachment-142044\" class=\" wp-image-142044\" src=\"https:\/\/interamerica.org\/wp-content\/uploads\/2026\/04\/nocu-20260325-161936.jpg\" alt=\"\" width=\"864\" height=\"470\" srcset=\"https:\/\/interamerica.org\/wp-content\/uploads\/2026\/04\/nocu-20260325-161936.jpg 1000w, https:\/\/interamerica.org\/wp-content\/uploads\/2026\/04\/nocu-20260325-161936-300x163.jpg 300w, https:\/\/interamerica.org\/wp-content\/uploads\/2026\/04\/nocu-20260325-161936-768x418.jpg 768w\" sizes=\"(max-width: 864px) 100vw, 864px\" \/><p id=\"caption-attachment-142044\" class=\"wp-caption-text\"><span style=\"font-weight: 400;\">L\u2019\u00e9tudiant de th\u00e9ologie Elibardo Paredes \u00e9change avec de nouveaux croyants apr\u00e8s la c\u00e9r\u00e9monie de bapt\u00eames dans le sud de l\u2019\u00c9quateur, o\u00f9, par la gr\u00e2ce de Dieu, 75 personnes ont d\u00e9cid\u00e9 de suivre J\u00e9sus. [Une photo de l\u2019Universit\u00e9 adventiste de la Colombie.]<\/span><\/p><\/div><span style=\"font-weight: 400;\">Sous la coordination du pasteur Ever Castro, professeur et coordonnateur des stages pastoraux, les \u00e9tudiants ont \u00e9t\u00e9 d\u00e9ploy\u00e9s dans 23 districts d\u2019\u00e9glises, activement int\u00e9gr\u00e9s aux \u00e9glises locales, aux petits groupes, aux centres d\u2019influence et aux espaces communautaires, y compris quelques centres de r\u00e9tablissement. Cette exp\u00e9rience fait partie de leur pr\u00e9paration universitaire, outillant les futurs pasteurs pour le service dans des contextes missionnaires r\u00e9els, a expliqu\u00e9 le pasteur Castro.<\/span><\/p>\n<p><span style=\"font-weight: 400;\">Durant les deux semaines de travail \u00e9vang\u00e9lique, plus de 2\u00a0500 personnes ont entendu le message de J\u00e9sus-Christ centr\u00e9 sur sa vie, sa mort et sa r\u00e9surrection. Du nombre total des d\u00e9cisions enregistr\u00e9es dans la Mission du sud de l\u2019\u00c9quateur, dont le si\u00e8ge est situ\u00e9 \u00e0 Guayaquil, 313 \u00e9taient le r\u00e9sultat direct des efforts \u00e9tudiants.<\/span><\/p>\n<p><span style=\"font-weight: 400;\">Parmi eux, l\u2019\u00e9tudiant de th\u00e9ologie Elibardo Paredes s\u2019est d\u00e9marqu\u00e9, ayant men\u00e9 75 personnes \u00e0 donner leur vie \u00e0 Christ par son travail \u00e9vang\u00e9lique.<\/span><\/p>\n<p><span style=\"font-weight: 400;\">En outre, d\u2019apr\u00e8s les dirigeants locaux, plus de 150 \u00e9tudes bibliques ont \u00e9t\u00e9 initi\u00e9es, assurant un support spirituel soutenu.<\/span><\/p>\n<p><div id=\"attachment_142045\" style=\"width: 914px\" class=\"wp-caption aligncenter\"><img loading=\"lazy\" decoding=\"async\" aria-describedby=\"caption-attachment-142045\" class=\" wp-image-142045\" src=\"https:\/\/interamerica.org\/wp-content\/uploads\/2026\/04\/nocu-img-20260409-wa0053jpg-1024x461.jpeg\" alt=\"\" width=\"904\" height=\"407\" srcset=\"https:\/\/interamerica.org\/wp-content\/uploads\/2026\/04\/nocu-img-20260409-wa0053jpg-1024x461.jpeg 1024w, https:\/\/interamerica.org\/wp-content\/uploads\/2026\/04\/nocu-img-20260409-wa0053jpg-300x135.jpeg 300w, https:\/\/interamerica.org\/wp-content\/uploads\/2026\/04\/nocu-img-20260409-wa0053jpg-768x346.jpeg 768w, https:\/\/interamerica.org\/wp-content\/uploads\/2026\/04\/nocu-img-20260409-wa0053jpg-1536x692.jpeg 1536w, https:\/\/interamerica.org\/wp-content\/uploads\/2026\/04\/nocu-img-20260409-wa0053jpg.jpeg 1599w\" sizes=\"(max-width: 904px) 100vw, 904px\" \/><p id=\"caption-attachment-142045\" class=\"wp-caption-text\"><span style=\"font-weight: 400;\">L\u2019\u00e9tudiant de th\u00e9ologie Samuel Pe\u00f1a Castro fait un appel durant la campagne d\u2019\u00e9vang\u00e9lisation \u00e0 l\u2019\u00e9glise centrale du district de Chone, dans le sud de l\u2019\u00c9quateur. [Une photo de l\u2019Universit\u00e9 adventiste de la Colombie.]<\/span><\/p><\/div><span style=\"font-weight: 400;\">L\u2019impact se refl\u00e8te \u00e9galement dans la solidification des \u00e9glises locales, dont l\u2019engagement envers la mission a \u00e9t\u00e9 revivifi\u00e9.<\/span><\/p>\n<p><span style=\"font-weight: 400;\">D\u2019apr\u00e8s les dirigeants locaux, les initiatives de pri\u00e8re incessante, la participation accrue des membres et l\u2019accent renouvel\u00e9 sur l\u2019\u00e9vang\u00e9lisation t\u00e9moignent clairement d\u2019un r\u00e9veil spirituel dans les districts impliqu\u00e9s. Tout au long de la campagne, des images d\u2019\u00e9tudiants pr\u00eachant, faisant des appels et servant la communaut\u00e9 ont mis en \u00e9vidence leur engagement missionnaire sur chacun des territoires.<\/span><\/p>\n<p><span style=\"font-weight: 400;\">Le pasteur Alex Rodr\u00edguez, dirigeant du district de Guayaquil Florida, a exprim\u00e9 sa gratitude pour les r\u00e9sultats. \u00ab\u00a0Je suis tr\u00e8s reconnaissant envers Dieu pour ces deux semaines d\u2019\u00e9vang\u00e9lisation, a-t-il dit. Le nombre d\u2019\u00e2mes atteintes durant cette p\u00e9riode a surpass\u00e9 ce que le district \u00e0 r\u00e9alis\u00e9 durant toute l\u2019ann\u00e9e 2025.\u00a0\u00bb<\/span><\/p>\n<p><span style=\"font-weight: 400;\">Parmi les nombreuses exp\u00e9riences, le t\u00e9moignage d\u2019An\u00edbal Mu\u00f1oz sort du lot. Apr\u00e8s avoir re\u00e7u des \u00e9tudes bibliques \u00e0 la maison, il a d\u00e9cid\u00e9 de donner sa vie \u00e0 Christ. Lors de l\u2019une de ces visites, il a dit vivre une intense lutte spirituelle. Cependant, gr\u00e2ce \u00e0 la pri\u00e8re persistante et le soutien de l\u2019\u00e9tudiant de th\u00e9ologie, il a trouv\u00e9 la libert\u00e9 en J\u00e9sus, puis a scell\u00e9 sa d\u00e9cision par le bapt\u00eame. Aujourd\u2019hui, il affirme vivre avec l\u2019assurance du salut ainsi qu\u2019une nouvelle vie en Christ.<\/span><\/p>\n<p><div id=\"attachment_142048\" style=\"width: 904px\" class=\"wp-caption aligncenter\"><img loading=\"lazy\" decoding=\"async\" aria-describedby=\"caption-attachment-142048\" class=\" wp-image-142048\" src=\"https:\/\/interamerica.org\/wp-content\/uploads\/2026\/04\/nocu-img-20260328-wa0153-b.jpg\" alt=\"\" width=\"894\" height=\"559\" srcset=\"https:\/\/interamerica.org\/wp-content\/uploads\/2026\/04\/nocu-img-20260328-wa0153-b.jpg 1000w, https:\/\/interamerica.org\/wp-content\/uploads\/2026\/04\/nocu-img-20260328-wa0153-b-300x188.jpg 300w, https:\/\/interamerica.org\/wp-content\/uploads\/2026\/04\/nocu-img-20260328-wa0153-b-768x480.jpg 768w\" sizes=\"(max-width: 894px) 100vw, 894px\" \/><p id=\"caption-attachment-142048\" class=\"wp-caption-text\"><span style=\"font-weight: 400;\">An\u00edbal Mu\u00f1oz proc\u00e8de \u00e0 ses v\u0153ux baptismaux \u00e0 l\u2019\u00e9glise de Montalvo, dans le district de Montalvo Bolivar, apr\u00e8s avoir d\u00e9cid\u00e9 de donner sa vie \u00e0 Christ gr\u00e2ce \u00e0 la campagne d\u2019\u00e9vang\u00e9lisation. Ce sont le pasteur Salom\u00f3n V\u00e1squez et l\u2019\u00e9tudiant de th\u00e9ologie Juan Pablo Bayona qui ont particip\u00e9 au service. [Une photo de l\u2019Universit\u00e9 adventiste de la Colombie.]<\/span><\/p><\/div><span style=\"font-weight: 400;\">L\u2019\u00e9tudiant Elibardo Paredes a \u00e9galement m\u00e9dit\u00e9 sur ce qu\u2019il a v\u00e9cu\u00a0: \u00ab\u00a0Cette exp\u00e9rience \u00e9vang\u00e9lique a chang\u00e9 ma vie. J\u2019y suis all\u00e9 en qu\u00eate d\u2019une personne pour J\u00e9sus, mais j\u2019ai \u00e9t\u00e9 le premier \u00e0 \u00eatre trouv\u00e9 par lui\u00a0\u00bb, a-t-il dit, soulignant l\u2019impact transformateur qu\u2019a eu l\u2019\u00e9v\u00e9nement, non seulement sur ceux qui ont re\u00e7u le message, mais aussi sur ceux qu\u2019il l\u2019ont partag\u00e9.<\/span><\/p>\n<p><span style=\"font-weight: 400;\">Le pasteur Castro a dit que l\u2019exp\u00e9rience avait confirm\u00e9 \u00e0 nouveau le r\u00f4le de l\u2019\u00e9vang\u00e9lisation, qui est au c\u0153ur de la mission de l\u2019\u00c9glise adventiste du septi\u00e8me jour. Il a, de plus, soulign\u00e9 la valeur de la formation pratique pour pr\u00e9parer les futurs dirigeants spirituels.<\/span><\/p>\n<p><span style=\"font-weight: 400;\">\u00ab\u00a0Au-del\u00e0 des chiffres, cela d\u00e9montre combien Dieu continue d\u2019agir quand son \u00c9glise s\u2019unit dans une mission commune, quand elle mobilise les croyants au-del\u00e0 des fronti\u00e8res et qu\u2019elle pr\u00e9pare les c\u0153urs pour le proche retour de J\u00e9sus\u00a0\u00bb, a-t-il ajout\u00e9.<\/span><\/p>\n<p>Traduction \u00a0: Marie-Mich\u00e8le Robitaille<\/p>\n","protected":false},"excerpt":{"rendered":"<p>Une campagne historique solidifie les \u00e9glises locales et l\u2019\u00e9vang\u00e9lisation dans le sud de l\u2019\u00c9quateur. Le 21 avril 2026 | Medell\u00edn, Antioquia, Colombie | Cristin Serrano et le d\u00e9partement des Actualit\u00e9s&#8230;<\/p>\n","protected":false},"author":3,"featured_media":142341,"comment_status":"closed","ping_status":"closed","sticky":false,"template":"","format":"standard","meta":{"_acf_changed":false,"footnotes":""},"categories":[21,19],"tags":[],"class_list":["post-142340","post","type-post","status-publish","format-standard","has-post-thumbnail","hentry","category-nouvelles-du-territoire","category-rss-francais"],"acf":[],"yoast_head":"<!-- This site is optimized with the Yoast SEO plugin v27.3 - https:\/\/yoast.com\/product\/yoast-seo-wordpress\/ -->\n<title>Des \u00e9tudiants de th\u00e9ologie colombiens ont conduit des centaines de personnes au bapt\u00eame en \u00c9quateur - \u00c9glise Adventiste Du Septieme Jour - Inter Am\u00e9rique Division<\/title>\n<meta name=\"robots\" content=\"index, follow, max-snippet:-1, max-image-preview:large, max-video-preview:-1\" \/>\n<link rel=\"canonical\" href=\"https:\/\/interamerica.org\/fr\/2026\/04\/des-etudiants-de-theologie-colombiens-ont-conduit-des-centaines-de-personnes-au-bapteme-en-equateur\/\" \/>\n<meta property=\"og:locale\" content=\"fr_FR\" \/>\n<meta property=\"og:type\" content=\"article\" \/>\n<meta property=\"og:title\" content=\"Des \u00e9tudiants de th\u00e9ologie colombiens ont conduit des centaines de personnes au bapt\u00eame en \u00c9quateur - \u00c9glise Adventiste Du Septieme Jour - Inter Am\u00e9rique Division\" \/>\n<meta property=\"og:description\" content=\"Une campagne historique solidifie les \u00e9glises locales et l\u2019\u00e9vang\u00e9lisation dans le sud de l\u2019\u00c9quateur. Le 21 avril 2026 | Medell\u00edn, Antioquia, Colombie | Cristin Serrano et le d\u00e9partement des Actualit\u00e9s...\" \/>\n<meta property=\"og:url\" content=\"https:\/\/interamerica.org\/fr\/2026\/04\/des-etudiants-de-theologie-colombiens-ont-conduit-des-centaines-de-personnes-au-bapteme-en-equateur\/\" \/>\n<meta property=\"og:site_name\" content=\"\u00c9glise Adventiste Du Septieme Jour - Inter Am\u00e9rique Division\" \/>\n<meta property=\"article:published_time\" content=\"2026-04-21T12:39:27+00:00\" \/>\n<meta property=\"article:modified_time\" content=\"2026-04-24T14:29:27+00:00\" \/>\n<meta property=\"og:image\" content=\"https:\/\/interamerica.org\/wp-content\/uploads\/2026\/04\/nocu-img-20260328-wa0100jpg.jpeg\" \/>\n\t<meta property=\"og:image:width\" content=\"1280\" \/>\n\t<meta property=\"og:image:height\" content=\"960\" \/>\n\t<meta property=\"og:image:type\" content=\"image\/jpeg\" \/>\n<meta name=\"author\" content=\"libna\" \/>\n<meta name=\"twitter:card\" content=\"summary_large_image\" \/>\n<meta name=\"twitter:label1\" content=\"\u00c9crit par\" \/>\n\t<meta name=\"twitter:data1\" content=\"libna\" \/>\n\t<meta name=\"twitter:label2\" content=\"Dur\u00e9e de lecture estim\u00e9e\" \/>\n\t<meta name=\"twitter:data2\" content=\"6 minutes\" \/>\n<script type=\"application\/ld+json\" class=\"yoast-schema-graph\">{\"@context\":\"https:\\\/\\\/schema.org\",\"@graph\":[{\"@type\":\"Article\",\"@id\":\"https:\\\/\\\/interamerica.org\\\/fr\\\/2026\\\/04\\\/des-etudiants-de-theologie-colombiens-ont-conduit-des-centaines-de-personnes-au-bapteme-en-equateur\\\/#article\",\"isPartOf\":{\"@id\":\"https:\\\/\\\/interamerica.org\\\/fr\\\/2026\\\/04\\\/des-etudiants-de-theologie-colombiens-ont-conduit-des-centaines-de-personnes-au-bapteme-en-equateur\\\/\"},\"author\":{\"name\":\"libna\",\"@id\":\"https:\\\/\\\/interamerica.org\\\/fr\\\/#\\\/schema\\\/person\\\/29998f2bc2d8bd0d38662909289b54f1\"},\"headline\":\"Des \u00e9tudiants de th\u00e9ologie colombiens ont conduit des centaines de personnes au bapt\u00eame en \u00c9quateur\",\"datePublished\":\"2026-04-21T12:39:27+00:00\",\"dateModified\":\"2026-04-24T14:29:27+00:00\",\"mainEntityOfPage\":{\"@id\":\"https:\\\/\\\/interamerica.org\\\/fr\\\/2026\\\/04\\\/des-etudiants-de-theologie-colombiens-ont-conduit-des-centaines-de-personnes-au-bapteme-en-equateur\\\/\"},\"wordCount\":1196,\"image\":{\"@id\":\"https:\\\/\\\/interamerica.org\\\/fr\\\/2026\\\/04\\\/des-etudiants-de-theologie-colombiens-ont-conduit-des-centaines-de-personnes-au-bapteme-en-equateur\\\/#primaryimage\"},\"thumbnailUrl\":\"https:\\\/\\\/interamerica.org\\\/wp-content\\\/uploads\\\/2026\\\/04\\\/nocu-img-20260328-wa0100jpg.jpeg\",\"articleSection\":[\"Nouvelles du territoire\",\"RSS Fran\u00e7ais\"],\"inLanguage\":\"fr-FR\"},{\"@type\":\"WebPage\",\"@id\":\"https:\\\/\\\/interamerica.org\\\/fr\\\/2026\\\/04\\\/des-etudiants-de-theologie-colombiens-ont-conduit-des-centaines-de-personnes-au-bapteme-en-equateur\\\/\",\"url\":\"https:\\\/\\\/interamerica.org\\\/fr\\\/2026\\\/04\\\/des-etudiants-de-theologie-colombiens-ont-conduit-des-centaines-de-personnes-au-bapteme-en-equateur\\\/\",\"name\":\"Des \u00e9tudiants de th\u00e9ologie colombiens ont conduit des centaines de personnes au bapt\u00eame en \u00c9quateur - \u00c9glise Adventiste Du Septieme Jour - Inter Am\u00e9rique Division\",\"isPartOf\":{\"@id\":\"https:\\\/\\\/interamerica.org\\\/fr\\\/#website\"},\"primaryImageOfPage\":{\"@id\":\"https:\\\/\\\/interamerica.org\\\/fr\\\/2026\\\/04\\\/des-etudiants-de-theologie-colombiens-ont-conduit-des-centaines-de-personnes-au-bapteme-en-equateur\\\/#primaryimage\"},\"image\":{\"@id\":\"https:\\\/\\\/interamerica.org\\\/fr\\\/2026\\\/04\\\/des-etudiants-de-theologie-colombiens-ont-conduit-des-centaines-de-personnes-au-bapteme-en-equateur\\\/#primaryimage\"},\"thumbnailUrl\":\"https:\\\/\\\/interamerica.org\\\/wp-content\\\/uploads\\\/2026\\\/04\\\/nocu-img-20260328-wa0100jpg.jpeg\",\"datePublished\":\"2026-04-21T12:39:27+00:00\",\"dateModified\":\"2026-04-24T14:29:27+00:00\",\"author\":{\"@id\":\"https:\\\/\\\/interamerica.org\\\/fr\\\/#\\\/schema\\\/person\\\/29998f2bc2d8bd0d38662909289b54f1\"},\"breadcrumb\":{\"@id\":\"https:\\\/\\\/interamerica.org\\\/fr\\\/2026\\\/04\\\/des-etudiants-de-theologie-colombiens-ont-conduit-des-centaines-de-personnes-au-bapteme-en-equateur\\\/#breadcrumb\"},\"inLanguage\":\"fr-FR\",\"potentialAction\":[{\"@type\":\"ReadAction\",\"target\":[\"https:\\\/\\\/interamerica.org\\\/fr\\\/2026\\\/04\\\/des-etudiants-de-theologie-colombiens-ont-conduit-des-centaines-de-personnes-au-bapteme-en-equateur\\\/\"]}]},{\"@type\":\"ImageObject\",\"inLanguage\":\"fr-FR\",\"@id\":\"https:\\\/\\\/interamerica.org\\\/fr\\\/2026\\\/04\\\/des-etudiants-de-theologie-colombiens-ont-conduit-des-centaines-de-personnes-au-bapteme-en-equateur\\\/#primaryimage\",\"url\":\"https:\\\/\\\/interamerica.org\\\/wp-content\\\/uploads\\\/2026\\\/04\\\/nocu-img-20260328-wa0100jpg.jpeg\",\"contentUrl\":\"https:\\\/\\\/interamerica.org\\\/wp-content\\\/uploads\\\/2026\\\/04\\\/nocu-img-20260328-wa0100jpg.jpeg\",\"width\":1280,\"height\":960,\"caption\":\"Des croyants participent \u00e0 une c\u00e9r\u00e9monie de bapt\u00eames dans le district de Huaquillas, sur la fronti\u00e8re entre l\u2019\u00c9quateur et le P\u00e9rou, \u00e0 la suite d\u2019une campagne d\u2019\u00e9vang\u00e9lisation. Le service \u00e9tait dirig\u00e9 par le pasteur de district Manuel Cochach\u00edn et support\u00e9 par l\u2019\u00e9tudiant de th\u00e9ologie et \u00e9vang\u00e9liste Fabio Velandia. [Une photo de l\u2019Universit\u00e9 adventiste de la Colombie.]\"},{\"@type\":\"BreadcrumbList\",\"@id\":\"https:\\\/\\\/interamerica.org\\\/fr\\\/2026\\\/04\\\/des-etudiants-de-theologie-colombiens-ont-conduit-des-centaines-de-personnes-au-bapteme-en-equateur\\\/#breadcrumb\",\"itemListElement\":[{\"@type\":\"ListItem\",\"position\":1,\"name\":\"Home\",\"item\":\"https:\\\/\\\/interamerica.org\\\/fr\\\/\"},{\"@type\":\"ListItem\",\"position\":2,\"name\":\"Des \u00e9tudiants de th\u00e9ologie colombiens ont conduit des centaines de personnes au bapt\u00eame en \u00c9quateur\"}]},{\"@type\":\"WebSite\",\"@id\":\"https:\\\/\\\/interamerica.org\\\/fr\\\/#website\",\"url\":\"https:\\\/\\\/interamerica.org\\\/fr\\\/\",\"name\":\"\u00c9glise Adventiste Du Septieme Jour - Inter Am\u00e9rique Division\",\"description\":\"\",\"potentialAction\":[{\"@type\":\"SearchAction\",\"target\":{\"@type\":\"EntryPoint\",\"urlTemplate\":\"https:\\\/\\\/interamerica.org\\\/fr\\\/?s={search_term_string}\"},\"query-input\":{\"@type\":\"PropertyValueSpecification\",\"valueRequired\":true,\"valueName\":\"search_term_string\"}}],\"inLanguage\":\"fr-FR\"},{\"@type\":\"Person\",\"@id\":\"https:\\\/\\\/interamerica.org\\\/fr\\\/#\\\/schema\\\/person\\\/29998f2bc2d8bd0d38662909289b54f1\",\"name\":\"libna\",\"image\":{\"@type\":\"ImageObject\",\"inLanguage\":\"fr-FR\",\"@id\":\"https:\\\/\\\/secure.gravatar.com\\\/avatar\\\/7c5bd30ae4b47a9ba3c856590957fd1d96dc588bf3ac05719d247e126840331f?s=96&d=mm&r=g\",\"url\":\"https:\\\/\\\/secure.gravatar.com\\\/avatar\\\/7c5bd30ae4b47a9ba3c856590957fd1d96dc588bf3ac05719d247e126840331f?s=96&d=mm&r=g\",\"contentUrl\":\"https:\\\/\\\/secure.gravatar.com\\\/avatar\\\/7c5bd30ae4b47a9ba3c856590957fd1d96dc588bf3ac05719d247e126840331f?s=96&d=mm&r=g\",\"caption\":\"libna\"}}]}<\/script>\n<!-- \/ Yoast SEO plugin. -->","yoast_head_json":{"title":"Des \u00e9tudiants de th\u00e9ologie colombiens ont conduit des centaines de personnes au bapt\u00eame en \u00c9quateur - \u00c9glise Adventiste Du Septieme Jour - Inter Am\u00e9rique Division","robots":{"index":"index","follow":"follow","max-snippet":"max-snippet:-1","max-image-preview":"max-image-preview:large","max-video-preview":"max-video-preview:-1"},"canonical":"https:\/\/interamerica.org\/fr\/2026\/04\/des-etudiants-de-theologie-colombiens-ont-conduit-des-centaines-de-personnes-au-bapteme-en-equateur\/","og_locale":"fr_FR","og_type":"article","og_title":"Des \u00e9tudiants de th\u00e9ologie colombiens ont conduit des centaines de personnes au bapt\u00eame en \u00c9quateur - \u00c9glise Adventiste Du Septieme Jour - Inter Am\u00e9rique Division","og_description":"Une campagne historique solidifie les \u00e9glises locales et l\u2019\u00e9vang\u00e9lisation dans le sud de l\u2019\u00c9quateur. Le 21 avril 2026 | Medell\u00edn, Antioquia, Colombie | Cristin Serrano et le d\u00e9partement des Actualit\u00e9s...","og_url":"https:\/\/interamerica.org\/fr\/2026\/04\/des-etudiants-de-theologie-colombiens-ont-conduit-des-centaines-de-personnes-au-bapteme-en-equateur\/","og_site_name":"\u00c9glise Adventiste Du Septieme Jour - Inter Am\u00e9rique Division","article_published_time":"2026-04-21T12:39:27+00:00","article_modified_time":"2026-04-24T14:29:27+00:00","og_image":[{"width":1280,"height":960,"url":"https:\/\/interamerica.org\/wp-content\/uploads\/2026\/04\/nocu-img-20260328-wa0100jpg.jpeg","type":"image\/jpeg"}],"author":"libna","twitter_card":"summary_large_image","twitter_misc":{"\u00c9crit par":"libna","Dur\u00e9e de lecture estim\u00e9e":"6 minutes"},"schema":{"@context":"https:\/\/schema.org","@graph":[{"@type":"Article","@id":"https:\/\/interamerica.org\/fr\/2026\/04\/des-etudiants-de-theologie-colombiens-ont-conduit-des-centaines-de-personnes-au-bapteme-en-equateur\/#article","isPartOf":{"@id":"https:\/\/interamerica.org\/fr\/2026\/04\/des-etudiants-de-theologie-colombiens-ont-conduit-des-centaines-de-personnes-au-bapteme-en-equateur\/"},"author":{"name":"libna","@id":"https:\/\/interamerica.org\/fr\/#\/schema\/person\/29998f2bc2d8bd0d38662909289b54f1"},"headline":"Des \u00e9tudiants de th\u00e9ologie colombiens ont conduit des centaines de personnes au bapt\u00eame en \u00c9quateur","datePublished":"2026-04-21T12:39:27+00:00","dateModified":"2026-04-24T14:29:27+00:00","mainEntityOfPage":{"@id":"https:\/\/interamerica.org\/fr\/2026\/04\/des-etudiants-de-theologie-colombiens-ont-conduit-des-centaines-de-personnes-au-bapteme-en-equateur\/"},"wordCount":1196,"image":{"@id":"https:\/\/interamerica.org\/fr\/2026\/04\/des-etudiants-de-theologie-colombiens-ont-conduit-des-centaines-de-personnes-au-bapteme-en-equateur\/#primaryimage"},"thumbnailUrl":"https:\/\/interamerica.org\/wp-content\/uploads\/2026\/04\/nocu-img-20260328-wa0100jpg.jpeg","articleSection":["Nouvelles du territoire","RSS Fran\u00e7ais"],"inLanguage":"fr-FR"},{"@type":"WebPage","@id":"https:\/\/interamerica.org\/fr\/2026\/04\/des-etudiants-de-theologie-colombiens-ont-conduit-des-centaines-de-personnes-au-bapteme-en-equateur\/","url":"https:\/\/interamerica.org\/fr\/2026\/04\/des-etudiants-de-theologie-colombiens-ont-conduit-des-centaines-de-personnes-au-bapteme-en-equateur\/","name":"Des \u00e9tudiants de th\u00e9ologie colombiens ont conduit des centaines de personnes au bapt\u00eame en \u00c9quateur - \u00c9glise Adventiste Du Septieme Jour - Inter Am\u00e9rique Division","isPartOf":{"@id":"https:\/\/interamerica.org\/fr\/#website"},"primaryImageOfPage":{"@id":"https:\/\/interamerica.org\/fr\/2026\/04\/des-etudiants-de-theologie-colombiens-ont-conduit-des-centaines-de-personnes-au-bapteme-en-equateur\/#primaryimage"},"image":{"@id":"https:\/\/interamerica.org\/fr\/2026\/04\/des-etudiants-de-theologie-colombiens-ont-conduit-des-centaines-de-personnes-au-bapteme-en-equateur\/#primaryimage"},"thumbnailUrl":"https:\/\/interamerica.org\/wp-content\/uploads\/2026\/04\/nocu-img-20260328-wa0100jpg.jpeg","datePublished":"2026-04-21T12:39:27+00:00","dateModified":"2026-04-24T14:29:27+00:00","author":{"@id":"https:\/\/interamerica.org\/fr\/#\/schema\/person\/29998f2bc2d8bd0d38662909289b54f1"},"breadcrumb":{"@id":"https:\/\/interamerica.org\/fr\/2026\/04\/des-etudiants-de-theologie-colombiens-ont-conduit-des-centaines-de-personnes-au-bapteme-en-equateur\/#breadcrumb"},"inLanguage":"fr-FR","potentialAction":[{"@type":"ReadAction","target":["https:\/\/interamerica.org\/fr\/2026\/04\/des-etudiants-de-theologie-colombiens-ont-conduit-des-centaines-de-personnes-au-bapteme-en-equateur\/"]}]},{"@type":"ImageObject","inLanguage":"fr-FR","@id":"https:\/\/interamerica.org\/fr\/2026\/04\/des-etudiants-de-theologie-colombiens-ont-conduit-des-centaines-de-personnes-au-bapteme-en-equateur\/#primaryimage","url":"https:\/\/interamerica.org\/wp-content\/uploads\/2026\/04\/nocu-img-20260328-wa0100jpg.jpeg","contentUrl":"https:\/\/interamerica.org\/wp-content\/uploads\/2026\/04\/nocu-img-20260328-wa0100jpg.jpeg","width":1280,"height":960,"caption":"Des croyants participent \u00e0 une c\u00e9r\u00e9monie de bapt\u00eames dans le district de Huaquillas, sur la fronti\u00e8re entre l\u2019\u00c9quateur et le P\u00e9rou, \u00e0 la suite d\u2019une campagne d\u2019\u00e9vang\u00e9lisation. Le service \u00e9tait dirig\u00e9 par le pasteur de district Manuel Cochach\u00edn et support\u00e9 par l\u2019\u00e9tudiant de th\u00e9ologie et \u00e9vang\u00e9liste Fabio Velandia. [Une photo de l\u2019Universit\u00e9 adventiste de la Colombie.]"},{"@type":"BreadcrumbList","@id":"https:\/\/interamerica.org\/fr\/2026\/04\/des-etudiants-de-theologie-colombiens-ont-conduit-des-centaines-de-personnes-au-bapteme-en-equateur\/#breadcrumb","itemListElement":[{"@type":"ListItem","position":1,"name":"Home","item":"https:\/\/interamerica.org\/fr\/"},{"@type":"ListItem","position":2,"name":"Des \u00e9tudiants de th\u00e9ologie colombiens ont conduit des centaines de personnes au bapt\u00eame en \u00c9quateur"}]},{"@type":"WebSite","@id":"https:\/\/interamerica.org\/fr\/#website","url":"https:\/\/interamerica.org\/fr\/","name":"\u00c9glise Adventiste Du Septieme Jour - Inter Am\u00e9rique Division","description":"","potentialAction":[{"@type":"SearchAction","target":{"@type":"EntryPoint","urlTemplate":"https:\/\/interamerica.org\/fr\/?s={search_term_string}"},"query-input":{"@type":"PropertyValueSpecification","valueRequired":true,"valueName":"search_term_string"}}],"inLanguage":"fr-FR"},{"@type":"Person","@id":"https:\/\/interamerica.org\/fr\/#\/schema\/person\/29998f2bc2d8bd0d38662909289b54f1","name":"libna","image":{"@type":"ImageObject","inLanguage":"fr-FR","@id":"https:\/\/secure.gravatar.com\/avatar\/7c5bd30ae4b47a9ba3c856590957fd1d96dc588bf3ac05719d247e126840331f?s=96&d=mm&r=g","url":"https:\/\/secure.gravatar.com\/avatar\/7c5bd30ae4b47a9ba3c856590957fd1d96dc588bf3ac05719d247e126840331f?s=96&d=mm&r=g","contentUrl":"https:\/\/secure.gravatar.com\/avatar\/7c5bd30ae4b47a9ba3c856590957fd1d96dc588bf3ac05719d247e126840331f?s=96&d=mm&r=g","caption":"libna"}}]}},"_links":{"self":[{"href":"https:\/\/interamerica.org\/fr\/wp-json\/wp\/v2\/posts\/142340","targetHints":{"allow":["GET"]}}],"collection":[{"href":"https:\/\/interamerica.org\/fr\/wp-json\/wp\/v2\/posts"}],"about":[{"href":"https:\/\/interamerica.org\/fr\/wp-json\/wp\/v2\/types\/post"}],"author":[{"embeddable":true,"href":"https:\/\/interamerica.org\/fr\/wp-json\/wp\/v2\/users\/3"}],"replies":[{"embeddable":true,"href":"https:\/\/interamerica.org\/fr\/wp-json\/wp\/v2\/comments?post=142340"}],"version-history":[{"count":1,"href":"https:\/\/interamerica.org\/fr\/wp-json\/wp\/v2\/posts\/142340\/revisions"}],"predecessor-version":[{"id":142349,"href":"https:\/\/interamerica.org\/fr\/wp-json\/wp\/v2\/posts\/142340\/revisions\/142349"}],"wp:featuredmedia":[{"embeddable":true,"href":"https:\/\/interamerica.org\/fr\/wp-json\/wp\/v2\/media\/142341"}],"wp:attachment":[{"href":"https:\/\/interamerica.org\/fr\/wp-json\/wp\/v2\/media?parent=142340"}],"wp:term":[{"taxonomy":"category","embeddable":true,"href":"https:\/\/interamerica.org\/fr\/wp-json\/wp\/v2\/categories?post=142340"},{"taxonomy":"post_tag","embeddable":true,"href":"https:\/\/interamerica.org\/fr\/wp-json\/wp\/v2\/tags?post=142340"}],"curies":[{"name":"wp","href":"https:\/\/api.w.org\/{rel}","templated":true}]}}