{"id":142366,"date":"2026-04-24T06:11:00","date_gmt":"2026-04-24T10:11:00","guid":{"rendered":"https:\/\/interamerica.org\/?p=142366"},"modified":"2026-04-24T18:30:18","modified_gmt":"2026-04-24T22:30:18","slug":"adra-inter-amerique-et-luniversite-dandrews-sassocient-pour-former-des-pasteurs-au-ministere-axe-sur-la-communaute","status":"publish","type":"post","link":"https:\/\/interamerica.org\/fr\/2026\/04\/adra-inter-amerique-et-luniversite-dandrews-sassocient-pour-former-des-pasteurs-au-ministere-axe-sur-la-communaute\/","title":{"rendered":"ADRA Inter-Am\u00e9rique et l&rsquo;Universit\u00e9 d\u2019Andrews s&rsquo;associent pour former des pasteurs au minist\u00e8re ax\u00e9 sur la communaut\u00e9."},"content":{"rendered":"<p><div id=\"attachment_142306\" style=\"width: 1010px\" class=\"wp-caption aligncenter\"><img fetchpriority=\"high\" decoding=\"async\" aria-describedby=\"caption-attachment-142306\" class=\"size-full wp-image-142306\" src=\"https:\/\/interamerica.org\/wp-content\/uploads\/2026\/04\/adra-ia-mou-handshake.jpg\" alt=\"\" width=\"1000\" height=\"667\" srcset=\"https:\/\/interamerica.org\/wp-content\/uploads\/2026\/04\/adra-ia-mou-handshake.jpg 1000w, https:\/\/interamerica.org\/wp-content\/uploads\/2026\/04\/adra-ia-mou-handshake-300x200.jpg 300w, https:\/\/interamerica.org\/wp-content\/uploads\/2026\/04\/adra-ia-mou-handshake-768x512.jpg 768w\" sizes=\"(max-width: 1000px) 100vw, 1000px\" \/><p id=\"caption-attachment-142306\" class=\"wp-caption-text\">Ignacio Goya (\u00e0 gauche), directeur du Centre pour le Changement dans la Communaut\u00e9 \u00e0 l&rsquo;Universit\u00e9 Andrews, et pasteur Abner De los Santos (\u00e0 droite), pr\u00e9sident de la Division Inter Am\u00e9ricaine, se serrent la main apr\u00e8s la signature d&rsquo;un protocole d&rsquo;accord visant \u00e0 consolider le mentorat pastoral et le minist\u00e8re ax\u00e9 sur la communaut\u00e9 \u00e0 Miami, en Floride, aux \u00c9tats-Unis, le 31 mars 2026, tandis que Rub\u00e9n Ponce, directeur d&rsquo;ADRA Inter-Am\u00e9rique, observe. [Photo : Libna Stevens\/DIA]<\/p><\/div><strong>\u00a0<\/strong><em>L&rsquo;accord sign\u00e9 \u00e0 Miami vise \u00e0 renforcer le mentorat et \u00e0 \u00e9tendre l&rsquo;action missionnaire sur l&rsquo;ensemble du territoire.<\/em><\/p>\n<p>23 avril 2026 | Miami, Floride, \u00c9tats-Unis Libna Stevens, Actualit\u00e9s de la Division Inter Am\u00e9ricaine<\/p>\n<p>Des dirigeants adventistes du septi\u00e8me jour de la Division Inter Am\u00e9ricaine et de l&rsquo;Universit\u00e9 d\u2019Andrews ont officialis\u00e9 un nouveau partenariat le 31 mars 2026, \u00e0 Miami, en Floride, en signant un protocole d&rsquo;accord visant \u00e0 renforcer le mentorat pastoral et \u00e0 d\u00e9velopper le minist\u00e8re ax\u00e9 sur la communaut\u00e9 sur l&rsquo;ensemble du territoire.<\/p>\n<p>L\u2019accord a \u00e9t\u00e9 sign\u00e9 avec le soutien de l&rsquo;Agence Adventiste de D\u00e9veloppement et de Secours (ADRA) en Inter Am\u00e9rique et de ses directeurs nationaux venus de tout le territoire, qui se sont engag\u00e9s \u00e0 contribuer \u00e0 la mise en \u0153uvre de cette initiative au niveau local.<\/p>\n<p><div id=\"attachment_142308\" style=\"width: 994px\" class=\"wp-caption aligncenter\"><img decoding=\"async\" aria-describedby=\"caption-attachment-142308\" class=\" wp-image-142308\" src=\"https:\/\/interamerica.org\/wp-content\/uploads\/2026\/04\/ruben-ponce-mou-adra-au.jpg\" alt=\"\" width=\"984\" height=\"656\" srcset=\"https:\/\/interamerica.org\/wp-content\/uploads\/2026\/04\/ruben-ponce-mou-adra-au.jpg 1000w, https:\/\/interamerica.org\/wp-content\/uploads\/2026\/04\/ruben-ponce-mou-adra-au-300x200.jpg 300w, https:\/\/interamerica.org\/wp-content\/uploads\/2026\/04\/ruben-ponce-mou-adra-au-768x512.jpg 768w\" sizes=\"(max-width: 984px) 100vw, 984px\" \/><p id=\"caption-attachment-142308\" class=\"wp-caption-text\">Rub\u00e9n Ponce, directeur d&rsquo;ADRA Inter-Am\u00e9rique, s&rsquo;adresse aux directeurs nationaux d&rsquo;ADRA lors des rencontres consultatives de la Division Inter Am\u00e9ricaine, quelques instants avant pr\u00e9sentation graphique, le 31 mars 2026. [Photo : Libna Stevens\/DIA]<\/p><\/div>Pasteur Abner De los Santos, pr\u00e9sident de la Division Inter Am\u00e9ricaine et pr\u00e9sident du conseil d&rsquo;administration d&rsquo;ADRA dans la DIA, qui a sign\u00e9 l&rsquo;accord, a d\u00e9clar\u00e9 que celui-ci contribuera \u00e0 renforcer la formation des dirigeants de l\u2019\u00c9glise et \u00e0 cr\u00e9er des opportunit\u00e9s pour d\u00e9velopper des initiatives qui relient \u00e9troitement l&rsquo;action d&rsquo;ADRA \u00e0 la vie et \u00e0 la mission de l&rsquo;\u00c9glise.<\/p>\n<p><strong>Un tournant strat\u00e9gique vers une mission durable<\/strong><\/p>\n<p>Ce partenariat s&rsquo;articule autour d&rsquo;un programme de mentorat structur\u00e9, d\u00e9velopp\u00e9 par le Centre pour le Changement dans la Communaut\u00e9 \u00e0 l&rsquo;Universit\u00e9 d\u2019Andrews, con\u00e7u pour \u00e9quiper les pasteurs afin qu&rsquo;ils dirigent des congr\u00e9gations en meilleure sant\u00e9 et renforcent l&rsquo;implications dans la communaut\u00e9.<\/p>\n<p>\u00ab Cet accord envoie un message clair de la part de la direction de la Division Inter Am\u00e9ricaine selon lequel un processus de mentorat transformateur, bas\u00e9 sur la m\u00e9thode du Christ, est une priorit\u00e9 pour l&rsquo;\u00c9glise, \u00bb a d\u00e9clar\u00e9 Ignacio Goya, directeur du Centre pour le Changement dans la Communaut\u00e9 \u00e0 l&rsquo;Universit\u00e9 d\u2019Andrews.<\/p>\n<p>Ignacio Goya a d\u00e9clar\u00e9 que l&rsquo;initiative vise \u00e0 faire passer le minist\u00e8re pastoral de la th\u00e9orie \u00e0 la pratique gr\u00e2ce \u00e0 un programme de mentorat structur\u00e9.<\/p>\n<p><div id=\"attachment_142307\" style=\"width: 961px\" class=\"wp-caption aligncenter\"><img decoding=\"async\" aria-describedby=\"caption-attachment-142307\" class=\" wp-image-142307\" src=\"https:\/\/interamerica.org\/wp-content\/uploads\/2026\/04\/adraiad-au-signage.jpg\" alt=\"\" width=\"951\" height=\"634\" srcset=\"https:\/\/interamerica.org\/wp-content\/uploads\/2026\/04\/adraiad-au-signage.jpg 1000w, https:\/\/interamerica.org\/wp-content\/uploads\/2026\/04\/adraiad-au-signage-300x200.jpg 300w, https:\/\/interamerica.org\/wp-content\/uploads\/2026\/04\/adraiad-au-signage-768x512.jpg 768w\" sizes=\"(max-width: 951px) 100vw, 951px\" \/><p id=\"caption-attachment-142307\" class=\"wp-caption-text\">Pasteur Abner De los Santos (\u00e0 droite), pr\u00e9sident de la Division Inter Am\u00e9ricaine, et Ignacio Goya (\u00e0 gauche), directeur du Centre pour le Changement dans la Communaut\u00e9 \u00e0 l&rsquo;Universit\u00e9 d\u2019Andrews, signent le protocole d&rsquo;accord le 31 mars 2026. [Photo : Libna Stevens\/DIA]<\/p><\/div>\u00ab Ce qu\u2019Andrews apporte c\u2019est la syst\u00e9matisation d&rsquo;un processus de transformation, associ\u00e9e \u00e0 une certification universitaire et professionnelle, ce qui permet de faire de la m\u00e9thode du Christ une r\u00e9alit\u00e9 pratique, \u00bb a-t-il affirm\u00e9.<\/p>\n<p>Le programme de mentorat s&rsquo;\u00e9tend sur environ 9 \u00e0 24 mois et repr\u00e9sente un investissement d&rsquo;environ 10000 dollars am\u00e9ricains par pasteur participant. Ce co\u00fbt est couvert par des donateurs qui soutiennent l&rsquo;initiative en partenariat avec l&rsquo;Universit\u00e9 d\u2019Andrews, permettant ainsi \u00e0 des pasteurs s\u00e9lectionn\u00e9s sur l&rsquo;ensemble du territoire d&rsquo;y participer sans impliquer de co\u00fbts pour leurs champs locaux d\u2019origine, a expliqu\u00e9 Ignacio Goya.<\/p>\n<p><strong>Programmes pilotes d\u00e9j\u00e0 en cours<\/strong><\/p>\n<p>Des programmes pilotes ont d\u00e9but\u00e9 dans l&rsquo;Union du Nord du Mexique, avec 36 pasteurs d\u00e9j\u00e0 impliqu\u00e9s dans le processus de mentorat.<\/p>\n<p>Ignacio Goya a fait remarquer qu\u2019il y a eu un vif int\u00e9r\u00eat d\u00e8s le d\u00e9part, et s&rsquo;attend \u00e0 ce que d&rsquo;autres territoires rejoignent bient\u00f4t l&rsquo;initiative.<\/p>\n<p><div id=\"attachment_142301\" style=\"width: 912px\" class=\"wp-caption aligncenter\"><img loading=\"lazy\" decoding=\"async\" aria-describedby=\"caption-attachment-142301\" class=\" wp-image-142301\" src=\"https:\/\/interamerica.org\/wp-content\/uploads\/2026\/04\/au-ignacio-goya-training-unav.jpg\" alt=\"\" width=\"902\" height=\"508\" srcset=\"https:\/\/interamerica.org\/wp-content\/uploads\/2026\/04\/au-ignacio-goya-training-unav.jpg 1000w, https:\/\/interamerica.org\/wp-content\/uploads\/2026\/04\/au-ignacio-goya-training-unav-300x169.jpg 300w, https:\/\/interamerica.org\/wp-content\/uploads\/2026\/04\/au-ignacio-goya-training-unav-768x432.jpg 768w\" sizes=\"(max-width: 902px) 100vw, 902px\" \/><p id=\"caption-attachment-142301\" class=\"wp-caption-text\">Ignacio Goya, directeur du Centre pour le Changement dans la communaut\u00e9 \u00e0 l&rsquo;Universit\u00e9 d\u2019Andrews, s&rsquo;adresse \u00e0 des pasteurs lors de sessions de formation en janvier \u00e0 l&rsquo;Universit\u00e9 Adventiste de Navojoa, \u00e0 Navojoa, dans l&rsquo;\u00e9tat de Sonora, au Mexique. [Photo : Avec l&rsquo;aimable autorisation d&rsquo;Ignacio Goya]<\/p><\/div>\u00ab Rien qu&rsquo;\u00e0 Porto Rico, nous pr\u00e9voyons que 20 \u00e0 30 pasteurs pourraient participer \u00e0 ce processus, et un nombre similaire est attendu dans d&rsquo;autres r\u00e9gions \u00e0 mesure que le programme se d\u00e9veloppera, \u00bb a-t-il d\u00e9clar\u00e9.<\/p>\n<p>L&rsquo;initiative s&rsquo;appuie sur les progr\u00e8s d\u00e9j\u00e0 observ\u00e9s dans la Division Nord-Am\u00e9ricaine, o\u00f9 des centaines de pasteurs participent actuellement au programme, l\u2019objectif \u00e9tant d&rsquo;atteindre 1000 pasteurs form\u00e9s d&rsquo;ici 2028.<\/p>\n<p>Ignacio Goya a indiqu\u00e9 qu&rsquo;une croissance similaire est possible dans toute l&rsquo;Inter Am\u00e9rique si l&rsquo;initiative est largement mise en \u0153uvre.<\/p>\n<p>\u00ab Si cette initiative est adopt\u00e9e sur l&rsquo;ensemble du territoire au cours des trois \u00e0 quatre prochaines ann\u00e9es, atteindre 1000 pasteurs en Inter Am\u00e9rique est un objectif r\u00e9aliste, \u00bb a-t-il indiqu\u00e9.<\/p>\n<p>Il a ajout\u00e9 que le programme est con\u00e7u pour multiplier son impact, car les pasteurs form\u00e9s seront en mesure d&rsquo;accompagner d&rsquo;autres pasteurs dans leurs districts et leurs unions.<\/p>\n<p><div id=\"attachment_142302\" style=\"width: 890px\" class=\"wp-caption aligncenter\"><img loading=\"lazy\" decoding=\"async\" aria-describedby=\"caption-attachment-142302\" class=\" wp-image-142302\" src=\"https:\/\/interamerica.org\/wp-content\/uploads\/2026\/04\/au-training-navojoa-groupsessions.jpg\" alt=\"\" width=\"880\" height=\"567\" srcset=\"https:\/\/interamerica.org\/wp-content\/uploads\/2026\/04\/au-training-navojoa-groupsessions.jpg 1000w, https:\/\/interamerica.org\/wp-content\/uploads\/2026\/04\/au-training-navojoa-groupsessions-300x193.jpg 300w, https:\/\/interamerica.org\/wp-content\/uploads\/2026\/04\/au-training-navojoa-groupsessions-768x495.jpg 768w\" sizes=\"(max-width: 880px) 100vw, 880px\" \/><p id=\"caption-attachment-142302\" class=\"wp-caption-text\">Des dirigeants d&rsquo;\u00c9glises participent \u00e0 des tables rondes lors d&rsquo;une session de formation au mentorat dans l&rsquo;Union du Nord du Mexique, plus t\u00f4t cette ann\u00e9e. [Photo : Avec l&rsquo;aimable autorisation d&rsquo;Ignacio Goya]<\/p><\/div>Le protocole d&rsquo;accord permet \u00e0 l\u2019initiative d\u2019\u00eatre mise en \u0153uvre dans les territoires des unions qui choisissent d&rsquo;y participer.<\/p>\n<p><strong>Renforcer la fid\u00e9lisation par l&rsquo;implication dans la communaut\u00e9<\/strong><\/p>\n<p>Rub\u00e9n Ponce, directeur d&rsquo;ADRA Inter-Am\u00e9rique, a d\u00e9clar\u00e9 que l&rsquo;initiative vise \u00e0 renforcer le lien entre l&rsquo;\u00e9vang\u00e9lisation et l&rsquo;engagement durable de l&rsquo;\u00c9glise.<\/p>\n<p>\u00ab Nous savons que le service communautaire est l&rsquo;un des moyens les plus efficaces, non seulement d\u2019atteindre les gens, mais de maintenir le lien avec eux, \u00bb a dit Ruben Ponce.<\/p>\n<p>Il a indiqu\u00e9 que, malgr\u00e9 l\u2019efficacit\u00e9 de l\u2019\u00e9glise en mati\u00e8re d\u2019action missionnaire, maintenir une implication \u00e0 long terme demeure une opportunit\u00e9 importante.<\/p>\n<p>\u00ab Nous avons d\u00e9velopp\u00e9 des m\u00e9thodes efficaces pour atteindre les gens et nous am\u00e9liorons les moyens de les maintenir engag\u00e9s dans la vie de l\u2019\u00e9glise. Cette initiative soutient cette d\u00e9marche, \u00bb a-t-il d\u00e9clar\u00e9.<\/p>\n<p><div id=\"attachment_142303\" style=\"width: 892px\" class=\"wp-caption aligncenter\"><img loading=\"lazy\" decoding=\"async\" aria-describedby=\"caption-attachment-142303\" class=\" wp-image-142303\" src=\"https:\/\/interamerica.org\/wp-content\/uploads\/2026\/04\/au-navojoa-training-leaders.jpg\" alt=\"\" width=\"882\" height=\"578\" srcset=\"https:\/\/interamerica.org\/wp-content\/uploads\/2026\/04\/au-navojoa-training-leaders.jpg 1000w, https:\/\/interamerica.org\/wp-content\/uploads\/2026\/04\/au-navojoa-training-leaders-300x197.jpg 300w, https:\/\/interamerica.org\/wp-content\/uploads\/2026\/04\/au-navojoa-training-leaders-768x503.jpg 768w\" sizes=\"(max-width: 882px) 100vw, 882px\" \/><p id=\"caption-attachment-142303\" class=\"wp-caption-text\">Ignacio Goya (au centre), directeur du Centre pour le Changement dans la Communaut\u00e9 \u00e0 l&rsquo;Universit\u00e9 d\u2019Andrews, pose avec des pasteurs locaux lors d&rsquo;une session de formation sp\u00e9ciale en janvier 2026. [Photo : Avec l&rsquo;aimable autorisation d&rsquo;Ignacio Goya]<\/p><\/div><strong>Former les responsables pour un minist\u00e8re holistique<\/strong><\/p>\n<p>Le programme de mentorat met l\u2019accent principalement sur les pasteurs locaux et s\u2019int\u00e9resse \u00e0 leur d\u00e9veloppement personnel, spirituel ainsi qu\u2019\u00e0 leur leadership, fondement d&rsquo;une croissance plus large de l&rsquo;\u00c9glise.<\/p>\n<p>\u00ab Il s&rsquo;agit d&rsquo;un processus de mentorat structur\u00e9, ax\u00e9 sur les pasteurs locaux, qui les aide \u00e0 consolider leur vie personnelle, familiale et leur minist\u00e8re afin qu&rsquo;ils puissent diriger des \u00e9glises en meilleure sant\u00e9 et plus efficaces, \u00bb a expliqu\u00e9 Ignacio Goya.<\/p>\n<p>Il a soulign\u00e9 que cette approche encourage une transition vers un minist\u00e8re qui transforme.<\/p>\n<p>\u00ab Nous avons souvent appliqu\u00e9 la m\u00e9thode du Christ de mani\u00e8re transactionnelle, mais lorsqu&rsquo;elle devient am\u00e8ne une v\u00e9ritable transformation \u2013 lorsque nous servons par amour sinc\u00e8re et que nous \u00e9tablissons des liens authentiques avec les gens \u2013 une croissance durable se produit, \u00bb a-t-il dit.<\/p>\n<p><div id=\"attachment_142300\" style=\"width: 868px\" class=\"wp-caption aligncenter\"><img loading=\"lazy\" decoding=\"async\" aria-describedby=\"caption-attachment-142300\" class=\" wp-image-142300\" src=\"https:\/\/interamerica.org\/wp-content\/uploads\/2026\/04\/au-unav-prayer.jpg\" alt=\"\" width=\"858\" height=\"606\" srcset=\"https:\/\/interamerica.org\/wp-content\/uploads\/2026\/04\/au-unav-prayer.jpg 950w, https:\/\/interamerica.org\/wp-content\/uploads\/2026\/04\/au-unav-prayer-300x212.jpg 300w, https:\/\/interamerica.org\/wp-content\/uploads\/2026\/04\/au-unav-prayer-768x542.jpg 768w\" sizes=\"(max-width: 858px) 100vw, 858px\" \/><p id=\"caption-attachment-142300\" class=\"wp-caption-text\">Des pasteurs prient ensemble lors d&rsquo;une session de formation ax\u00e9e sur le renforcement des programmes d&rsquo;action communautaire dans leurs congr\u00e9gations locales. [Photo : Avec l&rsquo;aimable autorisation d&rsquo;Ignacio Goya]<\/p><\/div><strong>Fortifier l&rsquo;\u00c9glise \u00e0 travers l&rsquo;engagement communautaire <\/strong><\/p>\n<p>Le r\u00f4le d&rsquo;ADRA est d&rsquo;aider \u00e0 int\u00e9grer le service dans la vie de l&rsquo;\u00c9glise, en veillant \u00e0 ce qu&rsquo;il devienne partie int\u00e9grante de son identit\u00e9 plut\u00f4t qu&rsquo;une simple activit\u00e9, a d\u00e9clar\u00e9 Ruben Ponce.<\/p>\n<p>Il a soulign\u00e9 qu&rsquo;un leadership fort sera essentiel \u00e0 la r\u00e9ussite du programme.<\/p>\n<p>\u00ab Au niveau local, beaucoup d\u00e9pend du leadership et de la vision du pasteur. \u00bb \u00ab Lorsque ce leadership s&rsquo;aligne sur le service communautaire, l&rsquo;\u00e9glise devient plus engag\u00e9e et efficace, \u00bb a-t-il ajout\u00e9.<\/p>\n<p><strong>Perspectives d&rsquo;avenir<\/strong><\/p>\n<p>Les dirigeants se sont dits confiants et croient que cette initiative aura un impact significatif dans toute la DIA \u00e0 mesure qu&rsquo;elle se d\u00e9veloppera dans les prochains mois.<\/p>\n<p>\u00ab Lorsque nous partagerons ce savoir-faire avec l&rsquo;Inter-Am\u00e9rique et que nous formerons les dirigeants \u00e0 tous les niveaux, nous verrons l\u2019\u00e9vangile se d\u00e9velopper de mani\u00e8re significative, car la passion pour la mission est d\u00e9j\u00e0 l\u00e0, \u00bb a dit Ignacio Goya.<\/p>\n<p><div id=\"attachment_142304\" style=\"width: 855px\" class=\"wp-caption aligncenter\"><img loading=\"lazy\" decoding=\"async\" aria-describedby=\"caption-attachment-142304\" class=\" wp-image-142304\" src=\"https:\/\/interamerica.org\/wp-content\/uploads\/2026\/04\/au-training-navojoa.jpg\" alt=\"\" width=\"845\" height=\"634\" srcset=\"https:\/\/interamerica.org\/wp-content\/uploads\/2026\/04\/au-training-navojoa.jpg 1000w, https:\/\/interamerica.org\/wp-content\/uploads\/2026\/04\/au-training-navojoa-300x225.jpg 300w, https:\/\/interamerica.org\/wp-content\/uploads\/2026\/04\/au-training-navojoa-768x576.jpg 768w\" sizes=\"(max-width: 845px) 100vw, 845px\" \/><p id=\"caption-attachment-142304\" class=\"wp-caption-text\">Des dirigeants et des pasteurs posent pour une photo de groupe lors d&rsquo;une session de formation sp\u00e9ciale sur le mentorat pastoral et l&rsquo;action communautaire, qui a eu lieu \u00e0 l&rsquo;Universit\u00e9 Adventiste de Navojoa, dans l\u2019\u00e9tat de Sonora, au Mexique, en janvier 2026. [Photo : Avec l&rsquo;aimable autorisation d&rsquo;Ignacio Goya]<\/p><\/div>Il a qualifi\u00e9 l&rsquo;accord d&rsquo;opportun et de providentiel.<\/p>\n<p>\u00ab Cela refl\u00e8te une conviction partag\u00e9e qui reconnait que c\u2019est le bon moment et la bonne direction pour l&rsquo;\u00c9glise, \u00bb a-t-il d\u00e9clar\u00e9.<\/p>\n<p>Pasteur De los Santos a ajout\u00e9 que cette initiative refl\u00e8te l&#8217;emphase strat\u00e9gique plus large de l&rsquo;\u00c9glise, plac\u00e9e sur l&rsquo;unit\u00e9 dans le service, et renforce la collaboration entre ADRA et l&rsquo;\u00c9glise afin de mieux servir les communaut\u00e9s et de faire progresser la mission \u00e0 travers le territoire de la DIA.<\/p>\n<p>Traduction: Patrick Luciathe<\/p>\n","protected":false},"excerpt":{"rendered":"<p>\u00a0L&rsquo;accord sign\u00e9 \u00e0 Miami vise \u00e0 renforcer le mentorat et \u00e0 \u00e9tendre l&rsquo;action missionnaire sur l&rsquo;ensemble du territoire. 23 avril 2026 | Miami, Floride, \u00c9tats-Unis Libna Stevens, Actualit\u00e9s de la&#8230;<\/p>\n","protected":false},"author":3,"featured_media":142368,"comment_status":"closed","ping_status":"closed","sticky":false,"template":"","format":"standard","meta":{"_acf_changed":false,"footnotes":""},"categories":[20,19],"tags":[],"class_list":["post-142366","post","type-post","status-publish","format-standard","has-post-thumbnail","hentry","category-nouvelles-du-siege-de-la-division","category-rss-francais"],"acf":[],"yoast_head":"<!-- This site is optimized with the Yoast SEO plugin v27.3 - https:\/\/yoast.com\/product\/yoast-seo-wordpress\/ -->\n<title>ADRA Inter-Am\u00e9rique et l&#039;Universit\u00e9 d\u2019Andrews s&#039;associent pour former des pasteurs au minist\u00e8re ax\u00e9 sur la communaut\u00e9. - \u00c9glise Adventiste Du Septieme Jour - Inter Am\u00e9rique Division<\/title>\n<meta name=\"robots\" content=\"index, follow, max-snippet:-1, max-image-preview:large, max-video-preview:-1\" \/>\n<link rel=\"canonical\" href=\"https:\/\/interamerica.org\/fr\/2026\/04\/adra-inter-amerique-et-luniversite-dandrews-sassocient-pour-former-des-pasteurs-au-ministere-axe-sur-la-communaute\/\" \/>\n<meta property=\"og:locale\" content=\"fr_FR\" \/>\n<meta property=\"og:type\" content=\"article\" \/>\n<meta property=\"og:title\" content=\"ADRA Inter-Am\u00e9rique et l&#039;Universit\u00e9 d\u2019Andrews s&#039;associent pour former des pasteurs au minist\u00e8re ax\u00e9 sur la communaut\u00e9. - \u00c9glise Adventiste Du Septieme Jour - Inter Am\u00e9rique Division\" \/>\n<meta property=\"og:description\" content=\"\u00a0L&rsquo;accord sign\u00e9 \u00e0 Miami vise \u00e0 renforcer le mentorat et \u00e0 \u00e9tendre l&rsquo;action missionnaire sur l&rsquo;ensemble du territoire. 23 avril 2026 | Miami, Floride, \u00c9tats-Unis Libna Stevens, Actualit\u00e9s de la...\" \/>\n<meta property=\"og:url\" content=\"https:\/\/interamerica.org\/fr\/2026\/04\/adra-inter-amerique-et-luniversite-dandrews-sassocient-pour-former-des-pasteurs-au-ministere-axe-sur-la-communaute\/\" \/>\n<meta property=\"og:site_name\" content=\"\u00c9glise Adventiste Du Septieme Jour - Inter Am\u00e9rique Division\" \/>\n<meta property=\"article:published_time\" content=\"2026-04-24T10:11:00+00:00\" \/>\n<meta property=\"article:modified_time\" content=\"2026-04-24T22:30:18+00:00\" \/>\n<meta property=\"og:image\" content=\"https:\/\/interamerica.org\/wp-content\/uploads\/2026\/04\/adra-ia-mou-handshake.jpg\" \/>\n\t<meta property=\"og:image:width\" content=\"1000\" \/>\n\t<meta property=\"og:image:height\" content=\"667\" \/>\n\t<meta property=\"og:image:type\" content=\"image\/jpeg\" \/>\n<meta name=\"author\" content=\"libna\" \/>\n<meta name=\"twitter:card\" content=\"summary_large_image\" \/>\n<meta name=\"twitter:label1\" content=\"\u00c9crit par\" \/>\n\t<meta name=\"twitter:data1\" content=\"libna\" \/>\n\t<meta name=\"twitter:label2\" content=\"Dur\u00e9e de lecture estim\u00e9e\" \/>\n\t<meta name=\"twitter:data2\" content=\"9 minutes\" \/>\n<script type=\"application\/ld+json\" class=\"yoast-schema-graph\">{\"@context\":\"https:\\\/\\\/schema.org\",\"@graph\":[{\"@type\":\"Article\",\"@id\":\"https:\\\/\\\/interamerica.org\\\/fr\\\/2026\\\/04\\\/adra-inter-amerique-et-luniversite-dandrews-sassocient-pour-former-des-pasteurs-au-ministere-axe-sur-la-communaute\\\/#article\",\"isPartOf\":{\"@id\":\"https:\\\/\\\/interamerica.org\\\/fr\\\/2026\\\/04\\\/adra-inter-amerique-et-luniversite-dandrews-sassocient-pour-former-des-pasteurs-au-ministere-axe-sur-la-communaute\\\/\"},\"author\":{\"name\":\"libna\",\"@id\":\"https:\\\/\\\/interamerica.org\\\/fr\\\/#\\\/schema\\\/person\\\/29998f2bc2d8bd0d38662909289b54f1\"},\"headline\":\"ADRA Inter-Am\u00e9rique et l&rsquo;Universit\u00e9 d\u2019Andrews s&rsquo;associent pour former des pasteurs au minist\u00e8re ax\u00e9 sur la communaut\u00e9.\",\"datePublished\":\"2026-04-24T10:11:00+00:00\",\"dateModified\":\"2026-04-24T22:30:18+00:00\",\"mainEntityOfPage\":{\"@id\":\"https:\\\/\\\/interamerica.org\\\/fr\\\/2026\\\/04\\\/adra-inter-amerique-et-luniversite-dandrews-sassocient-pour-former-des-pasteurs-au-ministere-axe-sur-la-communaute\\\/\"},\"wordCount\":1687,\"image\":{\"@id\":\"https:\\\/\\\/interamerica.org\\\/fr\\\/2026\\\/04\\\/adra-inter-amerique-et-luniversite-dandrews-sassocient-pour-former-des-pasteurs-au-ministere-axe-sur-la-communaute\\\/#primaryimage\"},\"thumbnailUrl\":\"https:\\\/\\\/interamerica.org\\\/wp-content\\\/uploads\\\/2026\\\/04\\\/adra-ia-mou-handshake.jpg\",\"articleSection\":[\"Nouvelles du si\u00e8ge de la division\",\"RSS Fran\u00e7ais\"],\"inLanguage\":\"fr-FR\"},{\"@type\":\"WebPage\",\"@id\":\"https:\\\/\\\/interamerica.org\\\/fr\\\/2026\\\/04\\\/adra-inter-amerique-et-luniversite-dandrews-sassocient-pour-former-des-pasteurs-au-ministere-axe-sur-la-communaute\\\/\",\"url\":\"https:\\\/\\\/interamerica.org\\\/fr\\\/2026\\\/04\\\/adra-inter-amerique-et-luniversite-dandrews-sassocient-pour-former-des-pasteurs-au-ministere-axe-sur-la-communaute\\\/\",\"name\":\"ADRA Inter-Am\u00e9rique et l'Universit\u00e9 d\u2019Andrews s'associent pour former des pasteurs au minist\u00e8re ax\u00e9 sur la communaut\u00e9. - \u00c9glise Adventiste Du Septieme Jour - Inter Am\u00e9rique Division\",\"isPartOf\":{\"@id\":\"https:\\\/\\\/interamerica.org\\\/fr\\\/#website\"},\"primaryImageOfPage\":{\"@id\":\"https:\\\/\\\/interamerica.org\\\/fr\\\/2026\\\/04\\\/adra-inter-amerique-et-luniversite-dandrews-sassocient-pour-former-des-pasteurs-au-ministere-axe-sur-la-communaute\\\/#primaryimage\"},\"image\":{\"@id\":\"https:\\\/\\\/interamerica.org\\\/fr\\\/2026\\\/04\\\/adra-inter-amerique-et-luniversite-dandrews-sassocient-pour-former-des-pasteurs-au-ministere-axe-sur-la-communaute\\\/#primaryimage\"},\"thumbnailUrl\":\"https:\\\/\\\/interamerica.org\\\/wp-content\\\/uploads\\\/2026\\\/04\\\/adra-ia-mou-handshake.jpg\",\"datePublished\":\"2026-04-24T10:11:00+00:00\",\"dateModified\":\"2026-04-24T22:30:18+00:00\",\"author\":{\"@id\":\"https:\\\/\\\/interamerica.org\\\/fr\\\/#\\\/schema\\\/person\\\/29998f2bc2d8bd0d38662909289b54f1\"},\"breadcrumb\":{\"@id\":\"https:\\\/\\\/interamerica.org\\\/fr\\\/2026\\\/04\\\/adra-inter-amerique-et-luniversite-dandrews-sassocient-pour-former-des-pasteurs-au-ministere-axe-sur-la-communaute\\\/#breadcrumb\"},\"inLanguage\":\"fr-FR\",\"potentialAction\":[{\"@type\":\"ReadAction\",\"target\":[\"https:\\\/\\\/interamerica.org\\\/fr\\\/2026\\\/04\\\/adra-inter-amerique-et-luniversite-dandrews-sassocient-pour-former-des-pasteurs-au-ministere-axe-sur-la-communaute\\\/\"]}]},{\"@type\":\"ImageObject\",\"inLanguage\":\"fr-FR\",\"@id\":\"https:\\\/\\\/interamerica.org\\\/fr\\\/2026\\\/04\\\/adra-inter-amerique-et-luniversite-dandrews-sassocient-pour-former-des-pasteurs-au-ministere-axe-sur-la-communaute\\\/#primaryimage\",\"url\":\"https:\\\/\\\/interamerica.org\\\/wp-content\\\/uploads\\\/2026\\\/04\\\/adra-ia-mou-handshake.jpg\",\"contentUrl\":\"https:\\\/\\\/interamerica.org\\\/wp-content\\\/uploads\\\/2026\\\/04\\\/adra-ia-mou-handshake.jpg\",\"width\":1000,\"height\":667,\"caption\":\"Ignacio Goya (\u00e0 gauche), directeur du Centre pour le Changement dans la Communaut\u00e9 \u00e0 l'Universit\u00e9 Andrews, et pasteur Abner De los Santos (\u00e0 droite), pr\u00e9sident de la Division Inter Am\u00e9ricaine, se serrent la main apr\u00e8s la signature d'un protocole d'accord visant \u00e0 consolider le mentorat pastoral et le minist\u00e8re ax\u00e9 sur la communaut\u00e9 \u00e0 Miami, en Floride, aux \u00c9tats-Unis, le 31 mars 2026, tandis que Rub\u00e9n Ponce, directeur d'ADRA Inter-Am\u00e9rique, observe. [Photo : Libna Stevens\\\/DIA]\"},{\"@type\":\"BreadcrumbList\",\"@id\":\"https:\\\/\\\/interamerica.org\\\/fr\\\/2026\\\/04\\\/adra-inter-amerique-et-luniversite-dandrews-sassocient-pour-former-des-pasteurs-au-ministere-axe-sur-la-communaute\\\/#breadcrumb\",\"itemListElement\":[{\"@type\":\"ListItem\",\"position\":1,\"name\":\"Home\",\"item\":\"https:\\\/\\\/interamerica.org\\\/fr\\\/\"},{\"@type\":\"ListItem\",\"position\":2,\"name\":\"ADRA Inter-Am\u00e9rique et l&#8217;Universit\u00e9 d\u2019Andrews s&#8217;associent pour former des pasteurs au minist\u00e8re ax\u00e9 sur la communaut\u00e9.\"}]},{\"@type\":\"WebSite\",\"@id\":\"https:\\\/\\\/interamerica.org\\\/fr\\\/#website\",\"url\":\"https:\\\/\\\/interamerica.org\\\/fr\\\/\",\"name\":\"\u00c9glise Adventiste Du Septieme Jour - Inter Am\u00e9rique Division\",\"description\":\"\",\"potentialAction\":[{\"@type\":\"SearchAction\",\"target\":{\"@type\":\"EntryPoint\",\"urlTemplate\":\"https:\\\/\\\/interamerica.org\\\/fr\\\/?s={search_term_string}\"},\"query-input\":{\"@type\":\"PropertyValueSpecification\",\"valueRequired\":true,\"valueName\":\"search_term_string\"}}],\"inLanguage\":\"fr-FR\"},{\"@type\":\"Person\",\"@id\":\"https:\\\/\\\/interamerica.org\\\/fr\\\/#\\\/schema\\\/person\\\/29998f2bc2d8bd0d38662909289b54f1\",\"name\":\"libna\",\"image\":{\"@type\":\"ImageObject\",\"inLanguage\":\"fr-FR\",\"@id\":\"https:\\\/\\\/secure.gravatar.com\\\/avatar\\\/7c5bd30ae4b47a9ba3c856590957fd1d96dc588bf3ac05719d247e126840331f?s=96&d=mm&r=g\",\"url\":\"https:\\\/\\\/secure.gravatar.com\\\/avatar\\\/7c5bd30ae4b47a9ba3c856590957fd1d96dc588bf3ac05719d247e126840331f?s=96&d=mm&r=g\",\"contentUrl\":\"https:\\\/\\\/secure.gravatar.com\\\/avatar\\\/7c5bd30ae4b47a9ba3c856590957fd1d96dc588bf3ac05719d247e126840331f?s=96&d=mm&r=g\",\"caption\":\"libna\"}}]}<\/script>\n<!-- \/ Yoast SEO plugin. -->","yoast_head_json":{"title":"ADRA Inter-Am\u00e9rique et l'Universit\u00e9 d\u2019Andrews s'associent pour former des pasteurs au minist\u00e8re ax\u00e9 sur la communaut\u00e9. - \u00c9glise Adventiste Du Septieme Jour - Inter Am\u00e9rique Division","robots":{"index":"index","follow":"follow","max-snippet":"max-snippet:-1","max-image-preview":"max-image-preview:large","max-video-preview":"max-video-preview:-1"},"canonical":"https:\/\/interamerica.org\/fr\/2026\/04\/adra-inter-amerique-et-luniversite-dandrews-sassocient-pour-former-des-pasteurs-au-ministere-axe-sur-la-communaute\/","og_locale":"fr_FR","og_type":"article","og_title":"ADRA Inter-Am\u00e9rique et l'Universit\u00e9 d\u2019Andrews s'associent pour former des pasteurs au minist\u00e8re ax\u00e9 sur la communaut\u00e9. - \u00c9glise Adventiste Du Septieme Jour - Inter Am\u00e9rique Division","og_description":"\u00a0L&rsquo;accord sign\u00e9 \u00e0 Miami vise \u00e0 renforcer le mentorat et \u00e0 \u00e9tendre l&rsquo;action missionnaire sur l&rsquo;ensemble du territoire. 23 avril 2026 | Miami, Floride, \u00c9tats-Unis Libna Stevens, Actualit\u00e9s de la...","og_url":"https:\/\/interamerica.org\/fr\/2026\/04\/adra-inter-amerique-et-luniversite-dandrews-sassocient-pour-former-des-pasteurs-au-ministere-axe-sur-la-communaute\/","og_site_name":"\u00c9glise Adventiste Du Septieme Jour - Inter Am\u00e9rique Division","article_published_time":"2026-04-24T10:11:00+00:00","article_modified_time":"2026-04-24T22:30:18+00:00","og_image":[{"width":1000,"height":667,"url":"https:\/\/interamerica.org\/wp-content\/uploads\/2026\/04\/adra-ia-mou-handshake.jpg","type":"image\/jpeg"}],"author":"libna","twitter_card":"summary_large_image","twitter_misc":{"\u00c9crit par":"libna","Dur\u00e9e de lecture estim\u00e9e":"9 minutes"},"schema":{"@context":"https:\/\/schema.org","@graph":[{"@type":"Article","@id":"https:\/\/interamerica.org\/fr\/2026\/04\/adra-inter-amerique-et-luniversite-dandrews-sassocient-pour-former-des-pasteurs-au-ministere-axe-sur-la-communaute\/#article","isPartOf":{"@id":"https:\/\/interamerica.org\/fr\/2026\/04\/adra-inter-amerique-et-luniversite-dandrews-sassocient-pour-former-des-pasteurs-au-ministere-axe-sur-la-communaute\/"},"author":{"name":"libna","@id":"https:\/\/interamerica.org\/fr\/#\/schema\/person\/29998f2bc2d8bd0d38662909289b54f1"},"headline":"ADRA Inter-Am\u00e9rique et l&rsquo;Universit\u00e9 d\u2019Andrews s&rsquo;associent pour former des pasteurs au minist\u00e8re ax\u00e9 sur la communaut\u00e9.","datePublished":"2026-04-24T10:11:00+00:00","dateModified":"2026-04-24T22:30:18+00:00","mainEntityOfPage":{"@id":"https:\/\/interamerica.org\/fr\/2026\/04\/adra-inter-amerique-et-luniversite-dandrews-sassocient-pour-former-des-pasteurs-au-ministere-axe-sur-la-communaute\/"},"wordCount":1687,"image":{"@id":"https:\/\/interamerica.org\/fr\/2026\/04\/adra-inter-amerique-et-luniversite-dandrews-sassocient-pour-former-des-pasteurs-au-ministere-axe-sur-la-communaute\/#primaryimage"},"thumbnailUrl":"https:\/\/interamerica.org\/wp-content\/uploads\/2026\/04\/adra-ia-mou-handshake.jpg","articleSection":["Nouvelles du si\u00e8ge de la division","RSS Fran\u00e7ais"],"inLanguage":"fr-FR"},{"@type":"WebPage","@id":"https:\/\/interamerica.org\/fr\/2026\/04\/adra-inter-amerique-et-luniversite-dandrews-sassocient-pour-former-des-pasteurs-au-ministere-axe-sur-la-communaute\/","url":"https:\/\/interamerica.org\/fr\/2026\/04\/adra-inter-amerique-et-luniversite-dandrews-sassocient-pour-former-des-pasteurs-au-ministere-axe-sur-la-communaute\/","name":"ADRA Inter-Am\u00e9rique et l'Universit\u00e9 d\u2019Andrews s'associent pour former des pasteurs au minist\u00e8re ax\u00e9 sur la communaut\u00e9. - \u00c9glise Adventiste Du Septieme Jour - Inter Am\u00e9rique Division","isPartOf":{"@id":"https:\/\/interamerica.org\/fr\/#website"},"primaryImageOfPage":{"@id":"https:\/\/interamerica.org\/fr\/2026\/04\/adra-inter-amerique-et-luniversite-dandrews-sassocient-pour-former-des-pasteurs-au-ministere-axe-sur-la-communaute\/#primaryimage"},"image":{"@id":"https:\/\/interamerica.org\/fr\/2026\/04\/adra-inter-amerique-et-luniversite-dandrews-sassocient-pour-former-des-pasteurs-au-ministere-axe-sur-la-communaute\/#primaryimage"},"thumbnailUrl":"https:\/\/interamerica.org\/wp-content\/uploads\/2026\/04\/adra-ia-mou-handshake.jpg","datePublished":"2026-04-24T10:11:00+00:00","dateModified":"2026-04-24T22:30:18+00:00","author":{"@id":"https:\/\/interamerica.org\/fr\/#\/schema\/person\/29998f2bc2d8bd0d38662909289b54f1"},"breadcrumb":{"@id":"https:\/\/interamerica.org\/fr\/2026\/04\/adra-inter-amerique-et-luniversite-dandrews-sassocient-pour-former-des-pasteurs-au-ministere-axe-sur-la-communaute\/#breadcrumb"},"inLanguage":"fr-FR","potentialAction":[{"@type":"ReadAction","target":["https:\/\/interamerica.org\/fr\/2026\/04\/adra-inter-amerique-et-luniversite-dandrews-sassocient-pour-former-des-pasteurs-au-ministere-axe-sur-la-communaute\/"]}]},{"@type":"ImageObject","inLanguage":"fr-FR","@id":"https:\/\/interamerica.org\/fr\/2026\/04\/adra-inter-amerique-et-luniversite-dandrews-sassocient-pour-former-des-pasteurs-au-ministere-axe-sur-la-communaute\/#primaryimage","url":"https:\/\/interamerica.org\/wp-content\/uploads\/2026\/04\/adra-ia-mou-handshake.jpg","contentUrl":"https:\/\/interamerica.org\/wp-content\/uploads\/2026\/04\/adra-ia-mou-handshake.jpg","width":1000,"height":667,"caption":"Ignacio Goya (\u00e0 gauche), directeur du Centre pour le Changement dans la Communaut\u00e9 \u00e0 l'Universit\u00e9 Andrews, et pasteur Abner De los Santos (\u00e0 droite), pr\u00e9sident de la Division Inter Am\u00e9ricaine, se serrent la main apr\u00e8s la signature d'un protocole d'accord visant \u00e0 consolider le mentorat pastoral et le minist\u00e8re ax\u00e9 sur la communaut\u00e9 \u00e0 Miami, en Floride, aux \u00c9tats-Unis, le 31 mars 2026, tandis que Rub\u00e9n Ponce, directeur d'ADRA Inter-Am\u00e9rique, observe. [Photo : Libna Stevens\/DIA]"},{"@type":"BreadcrumbList","@id":"https:\/\/interamerica.org\/fr\/2026\/04\/adra-inter-amerique-et-luniversite-dandrews-sassocient-pour-former-des-pasteurs-au-ministere-axe-sur-la-communaute\/#breadcrumb","itemListElement":[{"@type":"ListItem","position":1,"name":"Home","item":"https:\/\/interamerica.org\/fr\/"},{"@type":"ListItem","position":2,"name":"ADRA Inter-Am\u00e9rique et l&#8217;Universit\u00e9 d\u2019Andrews s&#8217;associent pour former des pasteurs au minist\u00e8re ax\u00e9 sur la communaut\u00e9."}]},{"@type":"WebSite","@id":"https:\/\/interamerica.org\/fr\/#website","url":"https:\/\/interamerica.org\/fr\/","name":"\u00c9glise Adventiste Du Septieme Jour - Inter Am\u00e9rique Division","description":"","potentialAction":[{"@type":"SearchAction","target":{"@type":"EntryPoint","urlTemplate":"https:\/\/interamerica.org\/fr\/?s={search_term_string}"},"query-input":{"@type":"PropertyValueSpecification","valueRequired":true,"valueName":"search_term_string"}}],"inLanguage":"fr-FR"},{"@type":"Person","@id":"https:\/\/interamerica.org\/fr\/#\/schema\/person\/29998f2bc2d8bd0d38662909289b54f1","name":"libna","image":{"@type":"ImageObject","inLanguage":"fr-FR","@id":"https:\/\/secure.gravatar.com\/avatar\/7c5bd30ae4b47a9ba3c856590957fd1d96dc588bf3ac05719d247e126840331f?s=96&d=mm&r=g","url":"https:\/\/secure.gravatar.com\/avatar\/7c5bd30ae4b47a9ba3c856590957fd1d96dc588bf3ac05719d247e126840331f?s=96&d=mm&r=g","contentUrl":"https:\/\/secure.gravatar.com\/avatar\/7c5bd30ae4b47a9ba3c856590957fd1d96dc588bf3ac05719d247e126840331f?s=96&d=mm&r=g","caption":"libna"}}]}},"_links":{"self":[{"href":"https:\/\/interamerica.org\/fr\/wp-json\/wp\/v2\/posts\/142366","targetHints":{"allow":["GET"]}}],"collection":[{"href":"https:\/\/interamerica.org\/fr\/wp-json\/wp\/v2\/posts"}],"about":[{"href":"https:\/\/interamerica.org\/fr\/wp-json\/wp\/v2\/types\/post"}],"author":[{"embeddable":true,"href":"https:\/\/interamerica.org\/fr\/wp-json\/wp\/v2\/users\/3"}],"replies":[{"embeddable":true,"href":"https:\/\/interamerica.org\/fr\/wp-json\/wp\/v2\/comments?post=142366"}],"version-history":[{"count":1,"href":"https:\/\/interamerica.org\/fr\/wp-json\/wp\/v2\/posts\/142366\/revisions"}],"predecessor-version":[{"id":142383,"href":"https:\/\/interamerica.org\/fr\/wp-json\/wp\/v2\/posts\/142366\/revisions\/142383"}],"wp:featuredmedia":[{"embeddable":true,"href":"https:\/\/interamerica.org\/fr\/wp-json\/wp\/v2\/media\/142368"}],"wp:attachment":[{"href":"https:\/\/interamerica.org\/fr\/wp-json\/wp\/v2\/media?parent=142366"}],"wp:term":[{"taxonomy":"category","embeddable":true,"href":"https:\/\/interamerica.org\/fr\/wp-json\/wp\/v2\/categories?post=142366"},{"taxonomy":"post_tag","embeddable":true,"href":"https:\/\/interamerica.org\/fr\/wp-json\/wp\/v2\/tags?post=142366"}],"curies":[{"name":"wp","href":"https:\/\/api.w.org\/{rel}","templated":true}]}}