{"id":142374,"date":"2026-04-25T22:13:45","date_gmt":"2026-04-26T02:13:45","guid":{"rendered":"https:\/\/interamerica.org\/?p=142374"},"modified":"2026-04-24T18:32:07","modified_gmt":"2026-04-24T22:32:07","slug":"des-experts-appellent-a-la-vigilance-sur-les-questions-de-liberte-religieuse-et-de-liberte-de-conscience","status":"publish","type":"post","link":"https:\/\/interamerica.org\/fr\/2026\/04\/des-experts-appellent-a-la-vigilance-sur-les-questions-de-liberte-religieuse-et-de-liberte-de-conscience\/","title":{"rendered":"Des experts appellent \u00e0 la vigilance sur les questions de libert\u00e9 religieuse et de libert\u00e9 de conscience."},"content":{"rendered":"<div id=\"attachment_142351\" style=\"width: 900px\" class=\"wp-caption aligncenter\"><img fetchpriority=\"high\" decoding=\"async\" aria-describedby=\"caption-attachment-142351\" class=\" wp-image-142351\" src=\"https:\/\/interamerica.org\/wp-content\/uploads\/2026\/04\/parl-1-12-1024x683.jpg\" alt=\"\" width=\"890\" height=\"593\" srcset=\"https:\/\/interamerica.org\/wp-content\/uploads\/2026\/04\/parl-1-12-1024x683.jpg 1024w, https:\/\/interamerica.org\/wp-content\/uploads\/2026\/04\/parl-1-12-300x200.jpg 300w, https:\/\/interamerica.org\/wp-content\/uploads\/2026\/04\/parl-1-12-768x512.jpg 768w, https:\/\/interamerica.org\/wp-content\/uploads\/2026\/04\/parl-1-12-1536x1024.jpg 1536w, https:\/\/interamerica.org\/wp-content\/uploads\/2026\/04\/parl-1-12-2048x1366.jpg 2048w\" sizes=\"(max-width: 890px) 100vw, 890px\" \/><p id=\"caption-attachment-142351\" class=\"wp-caption-text\">Le message du culte pr\u00e9sent\u00e9 par John Lomacang, pasteur de la F\u00e9d\u00e9ration de l&rsquo;Illinois et pr\u00e9sentateur sur Three Angels Broadcasting Network (3ABN), a \u00e9t\u00e9 le temps fort de la journ\u00e9e, ont indiqu\u00e9 les organisateurs. [Photo : Katie Fellows]<\/p><\/div>\n<p class=\"c-post-header__subtitle\"><em>Le programme de l\u2019Union de F\u00e9d\u00e9rations du Lac (Lake Union Conference) aborde les implications du 250\u00e8me anniversaire des \u00c9tats-Unis. <\/em><\/p>\n<p>26 avril 2026 | Berrien Springs, Michigan, \u00c9tats-Unis | \u00c9quipe de Lake<em> Union Herald<\/em><\/p>\n<p>Le 11 avril, le D\u00e9partement des Affaires Publiques et de la Libert\u00e9 Religieuse de l\u2019Union de F\u00e9d\u00e9rations du Lac a organis\u00e9 la conf\u00e9rence \u00ab Deux Libert\u00e9s, une Nation : Libert\u00e9 Religieuse et Civile \u00e0 250 ans \u00bb sur le campus de l&rsquo;Universit\u00e9 d\u2019Andrews, \u00e0 Berrien Springs, dans le Michigan, aux \u00c9tats-Unis. Les participants ont \u00e9t\u00e9 invit\u00e9s \u00e0 rester vigilants dans la d\u00e9fense de la libert\u00e9 religieuse et de la libert\u00e9 de conscience.<\/p>\n<p>Le message du culte pr\u00e9sent\u00e9 par John Lomacang, pasteur de la F\u00e9d\u00e9ration de l&rsquo;Illinois et animateur sur la Three Angels Broadcasting Network (3ABN), a \u00e9t\u00e9 le temps fort de la journ\u00e9e, ont indiqu\u00e9 les organisateurs. Dans son sermon intitul\u00e9 \u00ab La Bataille Finale pour la Conscience, \u00bb John Lomacang a soutenu que les crises modernes conditionnent la soci\u00e9t\u00e9 \u00e0 un futur conflit autour de l\u2019adoration et de la libert\u00e9 religieuse.<\/p>\n<p><div id=\"attachment_142352\" style=\"width: 898px\" class=\"wp-caption aligncenter\"><img decoding=\"async\" aria-describedby=\"caption-attachment-142352\" class=\" wp-image-142352\" src=\"https:\/\/interamerica.org\/wp-content\/uploads\/2026\/04\/lakeunion-2.webp\" alt=\"\" width=\"888\" height=\"592\" srcset=\"https:\/\/interamerica.org\/wp-content\/uploads\/2026\/04\/lakeunion-2.webp 1024w, https:\/\/interamerica.org\/wp-content\/uploads\/2026\/04\/lakeunion-2-300x200.webp 300w, https:\/\/interamerica.org\/wp-content\/uploads\/2026\/04\/lakeunion-2-768x512.webp 768w\" sizes=\"(max-width: 888px) 100vw, 888px\" \/><p id=\"caption-attachment-142352\" class=\"wp-caption-text\">De gauche \u00e0 droite : Jennifer Gray Woods, Dan McGrath, Justin Spady et Vialo Weis. [Photo : Katie Fellows]<\/p><\/div>John Lomacan a commenc\u00e9 par partager un t\u00e9moignage personnel \u00e0 propos du 11 septembre 2001 ; il a racont\u00e9 comment, alors qu\u2019il se trouvait avec sa femme \u00e0 bord d\u2019un vol Londres-\u00c9tats-Unis, celui-ci a \u00e9t\u00e9 d\u00e9rout\u00e9 vers le Canada apr\u00e8s les attentats. \u00ab L\u2019Am\u00e9rique a radicalement chang\u00e9, \u00bb a-t-il d\u00e9clar\u00e9, d\u00e9crivant la peur, la suspicion et le renforcement des mesures de s\u00e9curit\u00e9 qui ont suivi.<\/p>\n<p>John Lomacang a ensuite d\u00e9clar\u00e9 que l\u2019Am\u00e9rique se dirigeait vers le sc\u00e9nario proph\u00e9tique d\u2019Apocalypse 13. \u00ab Nous sommes tous sur la m\u00eame autoroute \u00e0 p\u00e9ages\u2026 L\u2019Am\u00e9rique est sur l\u2019autoroute qui la m\u00e8nera \u00e0 accomplir la vision proph\u00e9tique d\u2019Apocalypse 13, \u00bb a-t-il dit. Il a pr\u00e9sent\u00e9 le probl\u00e8me plus profond sous l\u2019angle du choix personnel et de la conscience. \u00ab \u00c0 qui appartient le pouvoir de choisir ? Qui a le droit de contr\u00f4ler nos choix ?\u00bb a-t-il demand\u00e9<\/p>\n<p><div id=\"attachment_142353\" style=\"width: 892px\" class=\"wp-caption aligncenter\"><img decoding=\"async\" aria-describedby=\"caption-attachment-142353\" class=\" wp-image-142353\" src=\"https:\/\/interamerica.org\/wp-content\/uploads\/2026\/04\/lake-union-3.webp\" alt=\"\" width=\"882\" height=\"589\" srcset=\"https:\/\/interamerica.org\/wp-content\/uploads\/2026\/04\/lake-union-3.webp 1024w, https:\/\/interamerica.org\/wp-content\/uploads\/2026\/04\/lake-union-3-300x200.webp 300w, https:\/\/interamerica.org\/wp-content\/uploads\/2026\/04\/lake-union-3-768x512.webp 768w\" sizes=\"(max-width: 882px) 100vw, 882px\" \/><p id=\"caption-attachment-142353\" class=\"wp-caption-text\">Melissa Reid intervient alors que Kevin Burton (\u00e0 gauche) et d&rsquo;autres experts et responsables de la libert\u00e9 religieuse observent. [Photo : Katie Fellows]<\/p><\/div>John Lomacang a \u00e9voqu\u00e9 les attentats du 11 septembre et la pand\u00e9mie de COVID-19 comme des exemples de la fa\u00e7on dont les crises peuvent acc\u00e9l\u00e9rer les changements sociaux et politiques. \u00ab Ne laissons pas les crises \u00eatre vaines, \u00bb a-t-il d\u00e9clar\u00e9, avertissant que l&rsquo;urgence peut justifier des restrictions durables. Il a indiqu\u00e9 que, de tels moments peuvent faire \u00e9voluer les attentes du public, de la libert\u00e9 vers la s\u00e9curit\u00e9 et l\u2019ob\u00e9issance.<\/p>\n<p>Il a \u00e9galement d\u00e9crit des sujets culturels sensibles tels que les vaccins, l&rsquo;avortement, les questions LGBTQ, le racisme et le climat comme \u00e9tant des \u00ab sujets clivants \u00bb qui creusent les divisions et pr\u00e9parent la soci\u00e9t\u00e9 \u00e0 c\u00e9der sur les futures questions religieuses. \u00ab On peut unir les personnes qui sont en d\u00e9saccord gr\u00e2ce \u00e0 ces sujets clivants, \u00bb a-t-il affirm\u00e9. Il a conclu en avertissant que les appels au repos, \u00e0 l&rsquo;unit\u00e9 et au renouveau pourraient finir par devenir des outils de coercition. Citant Actes 5:29, il a exhort\u00e9 les croyants \u00e0 \u00e9tablir leurs convictions d\u00e8s maintenant : \u00ab Il faut ob\u00e9ir \u00e0 Dieu plut\u00f4t qu&rsquo;aux hommes. \u00bb<\/p>\n<p><div id=\"attachment_142354\" style=\"width: 861px\" class=\"wp-caption aligncenter\"><img loading=\"lazy\" decoding=\"async\" aria-describedby=\"caption-attachment-142354\" class=\" wp-image-142354\" src=\"https:\/\/interamerica.org\/wp-content\/uploads\/2026\/04\/lake-union-4-1024x683-1.webp\" alt=\"\" width=\"851\" height=\"568\" srcset=\"https:\/\/interamerica.org\/wp-content\/uploads\/2026\/04\/lake-union-4-1024x683-1.webp 1024w, https:\/\/interamerica.org\/wp-content\/uploads\/2026\/04\/lake-union-4-1024x683-1-300x200.webp 300w, https:\/\/interamerica.org\/wp-content\/uploads\/2026\/04\/lake-union-4-1024x683-1-768x512.webp 768w\" sizes=\"(max-width: 851px) 100vw, 851px\" \/><p id=\"caption-attachment-142354\" class=\"wp-caption-text\">Les participants suivent la discussion sur la libert\u00e9 religieuse le 11 avril. [Photo : Katie Fellows]<\/p><\/div>TCe programme d\u2019une journ\u00e9e enti\u00e8re comprenait \u00e9galement un programme d&rsquo;\u00e9cole du sabbat anim\u00e9 par des directeurs de PARL de la r\u00e9gion de Lake Union. Utilisant la le\u00e7on hebdomadaire comme point de d\u00e9part, les intervenants ont explor\u00e9 le caract\u00e8re de Dieu qui est amour et les implications de cette v\u00e9rit\u00e9 pour la dignit\u00e9 humaine, la libert\u00e9 de conscience et le respect du libre choix individuel. Les intervenants ont soulign\u00e9 que l&rsquo;engagement de l&rsquo;\u00c9glise en faveur de la libert\u00e9 religieuse d\u00e9passe le cadre de ses propres membres et inclut la d\u00e9fense de la libert\u00e9 pour tous.<\/p>\n<p>L&rsquo;apr\u00e8s-midi, deux tables rondes suppl\u00e9mentaires ont approfondi la discussion. La premi\u00e8re, compos\u00e9e de th\u00e9ologiens, a mis en lumi\u00e8re le lien \u00e9troit entre libert\u00e9 religieuse et libert\u00e9 civile, et l&rsquo;importance de prot\u00e9ger les deux. La seconde a examin\u00e9 l&rsquo;engagement historique de l&rsquo;\u00c9glise adventiste du septi\u00e8me jour en faveur des libert\u00e9s civiles, en relevant des exemples \u00e0 la fois de leadership bas\u00e9 sur des principes et des domaines o\u00f9 l&rsquo;\u00c9glise a failli, tout en soulignant les efforts actuels d\u00e9ploy\u00e9s pour d\u00e9fendre la libert\u00e9.<\/p>\n<div class=\"o-rich-text c-content-single__body\"><div id=\"attachment_142355\" style=\"width: 850px\" class=\"wp-caption aligncenter\"><img loading=\"lazy\" decoding=\"async\" aria-describedby=\"caption-attachment-142355\" class=\" wp-image-142355\" src=\"https:\/\/interamerica.org\/wp-content\/uploads\/2026\/04\/lake-union-5-1-768x512-1.webp\" alt=\"\" width=\"840\" height=\"560\" srcset=\"https:\/\/interamerica.org\/wp-content\/uploads\/2026\/04\/lake-union-5-1-768x512-1.webp 768w, https:\/\/interamerica.org\/wp-content\/uploads\/2026\/04\/lake-union-5-1-768x512-1-300x200.webp 300w\" sizes=\"(max-width: 840px) 100vw, 840px\" \/><p id=\"caption-attachment-142355\" class=\"wp-caption-text\">Les participants ont assist\u00e9 \u00e0 des panels de discussion, l\u2019un d\u2019eux anim\u00e9 par des th\u00e9ologiens et un autre portant sur l&rsquo;engagement historique de l&rsquo;\u00c9glise adventiste du septi\u00e8me jour en faveur des libert\u00e9s civiles. [Photo : Katie Fellows]<\/p><\/div>Jennifer Gray Woods, directrice des Affaires Publiques et de la Libert\u00e9 Religieuse de Lake Union, a dit esp\u00e9rer que les participants soient repartis avec \u00ab une meilleure compr\u00e9hension de ces questions et un engagement renouvel\u00e9 \u00e0 d\u00e9fendre ces libert\u00e9s fondamentales \u00bb. <em>La\u00a0<\/em><a href=\"https:\/\/www.lakeunionherald.org\/archive\/articles\/parl-day-participants-urge-vigilance-on-religious-liberty-and-freedom-of-conscience\/\" target=\"_blank\" rel=\"noopener\"><em>version originale<\/em><\/a><em>\u00a0de cet article a \u00e9t\u00e9 publi\u00e9 sur le site de <\/em>\u00a0<a href=\"https:\/\/www.lakeunionherald.org\/\" target=\"_blank\" rel=\"noopener\">Lake Union Herald<\/a>.<\/div>\n<div id=\"social-share\" class=\"c-content-single__social-share\">\n<div class=\"c-content-single__social-button\"><\/div>\n<\/div>\n<p>Traduction: Patrick Luciathe<\/p>\n","protected":false},"excerpt":{"rendered":"<p>Le programme de l\u2019Union de F\u00e9d\u00e9rations du Lac (Lake Union Conference) aborde les implications du 250\u00e8me anniversaire des \u00c9tats-Unis. 26 avril 2026 | Berrien Springs, Michigan, \u00c9tats-Unis | \u00c9quipe de&#8230;<\/p>\n","protected":false},"author":3,"featured_media":142375,"comment_status":"closed","ping_status":"closed","sticky":false,"template":"","format":"standard","meta":{"_acf_changed":false,"footnotes":""},"categories":[18,19],"tags":[],"class_list":["post-142374","post","type-post","status-publish","format-standard","has-post-thumbnail","hentry","category-nouvelles-de-leglise-mondiale","category-rss-francais"],"acf":[],"yoast_head":"<!-- This site is optimized with the Yoast SEO plugin v27.3 - https:\/\/yoast.com\/product\/yoast-seo-wordpress\/ -->\n<title>Des experts appellent \u00e0 la vigilance sur les questions de libert\u00e9 religieuse et de libert\u00e9 de conscience. - \u00c9glise Adventiste Du Septieme Jour - Inter Am\u00e9rique Division<\/title>\n<meta name=\"robots\" content=\"index, follow, max-snippet:-1, max-image-preview:large, max-video-preview:-1\" \/>\n<link rel=\"canonical\" href=\"https:\/\/interamerica.org\/fr\/2026\/04\/des-experts-appellent-a-la-vigilance-sur-les-questions-de-liberte-religieuse-et-de-liberte-de-conscience\/\" \/>\n<meta property=\"og:locale\" content=\"fr_FR\" \/>\n<meta property=\"og:type\" content=\"article\" \/>\n<meta property=\"og:title\" content=\"Des experts appellent \u00e0 la vigilance sur les questions de libert\u00e9 religieuse et de libert\u00e9 de conscience. - \u00c9glise Adventiste Du Septieme Jour - Inter Am\u00e9rique Division\" \/>\n<meta property=\"og:description\" content=\"Le programme de l\u2019Union de F\u00e9d\u00e9rations du Lac (Lake Union Conference) aborde les implications du 250\u00e8me anniversaire des \u00c9tats-Unis. 26 avril 2026 | Berrien Springs, Michigan, \u00c9tats-Unis | \u00c9quipe de...\" \/>\n<meta property=\"og:url\" content=\"https:\/\/interamerica.org\/fr\/2026\/04\/des-experts-appellent-a-la-vigilance-sur-les-questions-de-liberte-religieuse-et-de-liberte-de-conscience\/\" \/>\n<meta property=\"og:site_name\" content=\"\u00c9glise Adventiste Du Septieme Jour - Inter Am\u00e9rique Division\" \/>\n<meta property=\"article:published_time\" content=\"2026-04-26T02:13:45+00:00\" \/>\n<meta property=\"og:image\" content=\"https:\/\/interamerica.org\/wp-content\/uploads\/2026\/04\/parl-1-12-1280.jpg\" \/>\n\t<meta property=\"og:image:width\" content=\"1280\" \/>\n\t<meta property=\"og:image:height\" content=\"800\" \/>\n\t<meta property=\"og:image:type\" content=\"image\/jpeg\" \/>\n<meta name=\"author\" content=\"libna\" \/>\n<meta name=\"twitter:card\" content=\"summary_large_image\" \/>\n<meta name=\"twitter:label1\" content=\"\u00c9crit par\" \/>\n\t<meta name=\"twitter:data1\" content=\"libna\" \/>\n\t<meta name=\"twitter:label2\" content=\"Dur\u00e9e de lecture estim\u00e9e\" \/>\n\t<meta name=\"twitter:data2\" content=\"5 minutes\" \/>\n<script type=\"application\/ld+json\" class=\"yoast-schema-graph\">{\"@context\":\"https:\\\/\\\/schema.org\",\"@graph\":[{\"@type\":\"Article\",\"@id\":\"https:\\\/\\\/interamerica.org\\\/fr\\\/2026\\\/04\\\/des-experts-appellent-a-la-vigilance-sur-les-questions-de-liberte-religieuse-et-de-liberte-de-conscience\\\/#article\",\"isPartOf\":{\"@id\":\"https:\\\/\\\/interamerica.org\\\/fr\\\/2026\\\/04\\\/des-experts-appellent-a-la-vigilance-sur-les-questions-de-liberte-religieuse-et-de-liberte-de-conscience\\\/\"},\"author\":{\"name\":\"libna\",\"@id\":\"https:\\\/\\\/interamerica.org\\\/fr\\\/#\\\/schema\\\/person\\\/29998f2bc2d8bd0d38662909289b54f1\"},\"headline\":\"Des experts appellent \u00e0 la vigilance sur les questions de libert\u00e9 religieuse et de libert\u00e9 de conscience.\",\"datePublished\":\"2026-04-26T02:13:45+00:00\",\"mainEntityOfPage\":{\"@id\":\"https:\\\/\\\/interamerica.org\\\/fr\\\/2026\\\/04\\\/des-experts-appellent-a-la-vigilance-sur-les-questions-de-liberte-religieuse-et-de-liberte-de-conscience\\\/\"},\"wordCount\":973,\"image\":{\"@id\":\"https:\\\/\\\/interamerica.org\\\/fr\\\/2026\\\/04\\\/des-experts-appellent-a-la-vigilance-sur-les-questions-de-liberte-religieuse-et-de-liberte-de-conscience\\\/#primaryimage\"},\"thumbnailUrl\":\"https:\\\/\\\/interamerica.org\\\/wp-content\\\/uploads\\\/2026\\\/04\\\/parl-1-12-1280.jpg\",\"articleSection\":[\"Nouvelles de l'\u00c9glise mondiale\",\"RSS Fran\u00e7ais\"],\"inLanguage\":\"fr-FR\"},{\"@type\":\"WebPage\",\"@id\":\"https:\\\/\\\/interamerica.org\\\/fr\\\/2026\\\/04\\\/des-experts-appellent-a-la-vigilance-sur-les-questions-de-liberte-religieuse-et-de-liberte-de-conscience\\\/\",\"url\":\"https:\\\/\\\/interamerica.org\\\/fr\\\/2026\\\/04\\\/des-experts-appellent-a-la-vigilance-sur-les-questions-de-liberte-religieuse-et-de-liberte-de-conscience\\\/\",\"name\":\"Des experts appellent \u00e0 la vigilance sur les questions de libert\u00e9 religieuse et de libert\u00e9 de conscience. - \u00c9glise Adventiste Du Septieme Jour - Inter Am\u00e9rique Division\",\"isPartOf\":{\"@id\":\"https:\\\/\\\/interamerica.org\\\/fr\\\/#website\"},\"primaryImageOfPage\":{\"@id\":\"https:\\\/\\\/interamerica.org\\\/fr\\\/2026\\\/04\\\/des-experts-appellent-a-la-vigilance-sur-les-questions-de-liberte-religieuse-et-de-liberte-de-conscience\\\/#primaryimage\"},\"image\":{\"@id\":\"https:\\\/\\\/interamerica.org\\\/fr\\\/2026\\\/04\\\/des-experts-appellent-a-la-vigilance-sur-les-questions-de-liberte-religieuse-et-de-liberte-de-conscience\\\/#primaryimage\"},\"thumbnailUrl\":\"https:\\\/\\\/interamerica.org\\\/wp-content\\\/uploads\\\/2026\\\/04\\\/parl-1-12-1280.jpg\",\"datePublished\":\"2026-04-26T02:13:45+00:00\",\"author\":{\"@id\":\"https:\\\/\\\/interamerica.org\\\/fr\\\/#\\\/schema\\\/person\\\/29998f2bc2d8bd0d38662909289b54f1\"},\"breadcrumb\":{\"@id\":\"https:\\\/\\\/interamerica.org\\\/fr\\\/2026\\\/04\\\/des-experts-appellent-a-la-vigilance-sur-les-questions-de-liberte-religieuse-et-de-liberte-de-conscience\\\/#breadcrumb\"},\"inLanguage\":\"fr-FR\",\"potentialAction\":[{\"@type\":\"ReadAction\",\"target\":[\"https:\\\/\\\/interamerica.org\\\/fr\\\/2026\\\/04\\\/des-experts-appellent-a-la-vigilance-sur-les-questions-de-liberte-religieuse-et-de-liberte-de-conscience\\\/\"]}]},{\"@type\":\"ImageObject\",\"inLanguage\":\"fr-FR\",\"@id\":\"https:\\\/\\\/interamerica.org\\\/fr\\\/2026\\\/04\\\/des-experts-appellent-a-la-vigilance-sur-les-questions-de-liberte-religieuse-et-de-liberte-de-conscience\\\/#primaryimage\",\"url\":\"https:\\\/\\\/interamerica.org\\\/wp-content\\\/uploads\\\/2026\\\/04\\\/parl-1-12-1280.jpg\",\"contentUrl\":\"https:\\\/\\\/interamerica.org\\\/wp-content\\\/uploads\\\/2026\\\/04\\\/parl-1-12-1280.jpg\",\"width\":1280,\"height\":800},{\"@type\":\"BreadcrumbList\",\"@id\":\"https:\\\/\\\/interamerica.org\\\/fr\\\/2026\\\/04\\\/des-experts-appellent-a-la-vigilance-sur-les-questions-de-liberte-religieuse-et-de-liberte-de-conscience\\\/#breadcrumb\",\"itemListElement\":[{\"@type\":\"ListItem\",\"position\":1,\"name\":\"Home\",\"item\":\"https:\\\/\\\/interamerica.org\\\/fr\\\/\"},{\"@type\":\"ListItem\",\"position\":2,\"name\":\"Des experts appellent \u00e0 la vigilance sur les questions de libert\u00e9 religieuse et de libert\u00e9 de conscience.\"}]},{\"@type\":\"WebSite\",\"@id\":\"https:\\\/\\\/interamerica.org\\\/fr\\\/#website\",\"url\":\"https:\\\/\\\/interamerica.org\\\/fr\\\/\",\"name\":\"\u00c9glise Adventiste Du Septieme Jour - Inter Am\u00e9rique Division\",\"description\":\"\",\"potentialAction\":[{\"@type\":\"SearchAction\",\"target\":{\"@type\":\"EntryPoint\",\"urlTemplate\":\"https:\\\/\\\/interamerica.org\\\/fr\\\/?s={search_term_string}\"},\"query-input\":{\"@type\":\"PropertyValueSpecification\",\"valueRequired\":true,\"valueName\":\"search_term_string\"}}],\"inLanguage\":\"fr-FR\"},{\"@type\":\"Person\",\"@id\":\"https:\\\/\\\/interamerica.org\\\/fr\\\/#\\\/schema\\\/person\\\/29998f2bc2d8bd0d38662909289b54f1\",\"name\":\"libna\",\"image\":{\"@type\":\"ImageObject\",\"inLanguage\":\"fr-FR\",\"@id\":\"https:\\\/\\\/secure.gravatar.com\\\/avatar\\\/7c5bd30ae4b47a9ba3c856590957fd1d96dc588bf3ac05719d247e126840331f?s=96&d=mm&r=g\",\"url\":\"https:\\\/\\\/secure.gravatar.com\\\/avatar\\\/7c5bd30ae4b47a9ba3c856590957fd1d96dc588bf3ac05719d247e126840331f?s=96&d=mm&r=g\",\"contentUrl\":\"https:\\\/\\\/secure.gravatar.com\\\/avatar\\\/7c5bd30ae4b47a9ba3c856590957fd1d96dc588bf3ac05719d247e126840331f?s=96&d=mm&r=g\",\"caption\":\"libna\"}}]}<\/script>\n<!-- \/ Yoast SEO plugin. -->","yoast_head_json":{"title":"Des experts appellent \u00e0 la vigilance sur les questions de libert\u00e9 religieuse et de libert\u00e9 de conscience. - \u00c9glise Adventiste Du Septieme Jour - Inter Am\u00e9rique Division","robots":{"index":"index","follow":"follow","max-snippet":"max-snippet:-1","max-image-preview":"max-image-preview:large","max-video-preview":"max-video-preview:-1"},"canonical":"https:\/\/interamerica.org\/fr\/2026\/04\/des-experts-appellent-a-la-vigilance-sur-les-questions-de-liberte-religieuse-et-de-liberte-de-conscience\/","og_locale":"fr_FR","og_type":"article","og_title":"Des experts appellent \u00e0 la vigilance sur les questions de libert\u00e9 religieuse et de libert\u00e9 de conscience. - \u00c9glise Adventiste Du Septieme Jour - Inter Am\u00e9rique Division","og_description":"Le programme de l\u2019Union de F\u00e9d\u00e9rations du Lac (Lake Union Conference) aborde les implications du 250\u00e8me anniversaire des \u00c9tats-Unis. 26 avril 2026 | Berrien Springs, Michigan, \u00c9tats-Unis | \u00c9quipe de...","og_url":"https:\/\/interamerica.org\/fr\/2026\/04\/des-experts-appellent-a-la-vigilance-sur-les-questions-de-liberte-religieuse-et-de-liberte-de-conscience\/","og_site_name":"\u00c9glise Adventiste Du Septieme Jour - Inter Am\u00e9rique Division","article_published_time":"2026-04-26T02:13:45+00:00","og_image":[{"width":1280,"height":800,"url":"https:\/\/interamerica.org\/wp-content\/uploads\/2026\/04\/parl-1-12-1280.jpg","type":"image\/jpeg"}],"author":"libna","twitter_card":"summary_large_image","twitter_misc":{"\u00c9crit par":"libna","Dur\u00e9e de lecture estim\u00e9e":"5 minutes"},"schema":{"@context":"https:\/\/schema.org","@graph":[{"@type":"Article","@id":"https:\/\/interamerica.org\/fr\/2026\/04\/des-experts-appellent-a-la-vigilance-sur-les-questions-de-liberte-religieuse-et-de-liberte-de-conscience\/#article","isPartOf":{"@id":"https:\/\/interamerica.org\/fr\/2026\/04\/des-experts-appellent-a-la-vigilance-sur-les-questions-de-liberte-religieuse-et-de-liberte-de-conscience\/"},"author":{"name":"libna","@id":"https:\/\/interamerica.org\/fr\/#\/schema\/person\/29998f2bc2d8bd0d38662909289b54f1"},"headline":"Des experts appellent \u00e0 la vigilance sur les questions de libert\u00e9 religieuse et de libert\u00e9 de conscience.","datePublished":"2026-04-26T02:13:45+00:00","mainEntityOfPage":{"@id":"https:\/\/interamerica.org\/fr\/2026\/04\/des-experts-appellent-a-la-vigilance-sur-les-questions-de-liberte-religieuse-et-de-liberte-de-conscience\/"},"wordCount":973,"image":{"@id":"https:\/\/interamerica.org\/fr\/2026\/04\/des-experts-appellent-a-la-vigilance-sur-les-questions-de-liberte-religieuse-et-de-liberte-de-conscience\/#primaryimage"},"thumbnailUrl":"https:\/\/interamerica.org\/wp-content\/uploads\/2026\/04\/parl-1-12-1280.jpg","articleSection":["Nouvelles de l'\u00c9glise mondiale","RSS Fran\u00e7ais"],"inLanguage":"fr-FR"},{"@type":"WebPage","@id":"https:\/\/interamerica.org\/fr\/2026\/04\/des-experts-appellent-a-la-vigilance-sur-les-questions-de-liberte-religieuse-et-de-liberte-de-conscience\/","url":"https:\/\/interamerica.org\/fr\/2026\/04\/des-experts-appellent-a-la-vigilance-sur-les-questions-de-liberte-religieuse-et-de-liberte-de-conscience\/","name":"Des experts appellent \u00e0 la vigilance sur les questions de libert\u00e9 religieuse et de libert\u00e9 de conscience. - \u00c9glise Adventiste Du Septieme Jour - Inter Am\u00e9rique Division","isPartOf":{"@id":"https:\/\/interamerica.org\/fr\/#website"},"primaryImageOfPage":{"@id":"https:\/\/interamerica.org\/fr\/2026\/04\/des-experts-appellent-a-la-vigilance-sur-les-questions-de-liberte-religieuse-et-de-liberte-de-conscience\/#primaryimage"},"image":{"@id":"https:\/\/interamerica.org\/fr\/2026\/04\/des-experts-appellent-a-la-vigilance-sur-les-questions-de-liberte-religieuse-et-de-liberte-de-conscience\/#primaryimage"},"thumbnailUrl":"https:\/\/interamerica.org\/wp-content\/uploads\/2026\/04\/parl-1-12-1280.jpg","datePublished":"2026-04-26T02:13:45+00:00","author":{"@id":"https:\/\/interamerica.org\/fr\/#\/schema\/person\/29998f2bc2d8bd0d38662909289b54f1"},"breadcrumb":{"@id":"https:\/\/interamerica.org\/fr\/2026\/04\/des-experts-appellent-a-la-vigilance-sur-les-questions-de-liberte-religieuse-et-de-liberte-de-conscience\/#breadcrumb"},"inLanguage":"fr-FR","potentialAction":[{"@type":"ReadAction","target":["https:\/\/interamerica.org\/fr\/2026\/04\/des-experts-appellent-a-la-vigilance-sur-les-questions-de-liberte-religieuse-et-de-liberte-de-conscience\/"]}]},{"@type":"ImageObject","inLanguage":"fr-FR","@id":"https:\/\/interamerica.org\/fr\/2026\/04\/des-experts-appellent-a-la-vigilance-sur-les-questions-de-liberte-religieuse-et-de-liberte-de-conscience\/#primaryimage","url":"https:\/\/interamerica.org\/wp-content\/uploads\/2026\/04\/parl-1-12-1280.jpg","contentUrl":"https:\/\/interamerica.org\/wp-content\/uploads\/2026\/04\/parl-1-12-1280.jpg","width":1280,"height":800},{"@type":"BreadcrumbList","@id":"https:\/\/interamerica.org\/fr\/2026\/04\/des-experts-appellent-a-la-vigilance-sur-les-questions-de-liberte-religieuse-et-de-liberte-de-conscience\/#breadcrumb","itemListElement":[{"@type":"ListItem","position":1,"name":"Home","item":"https:\/\/interamerica.org\/fr\/"},{"@type":"ListItem","position":2,"name":"Des experts appellent \u00e0 la vigilance sur les questions de libert\u00e9 religieuse et de libert\u00e9 de conscience."}]},{"@type":"WebSite","@id":"https:\/\/interamerica.org\/fr\/#website","url":"https:\/\/interamerica.org\/fr\/","name":"\u00c9glise Adventiste Du Septieme Jour - Inter Am\u00e9rique Division","description":"","potentialAction":[{"@type":"SearchAction","target":{"@type":"EntryPoint","urlTemplate":"https:\/\/interamerica.org\/fr\/?s={search_term_string}"},"query-input":{"@type":"PropertyValueSpecification","valueRequired":true,"valueName":"search_term_string"}}],"inLanguage":"fr-FR"},{"@type":"Person","@id":"https:\/\/interamerica.org\/fr\/#\/schema\/person\/29998f2bc2d8bd0d38662909289b54f1","name":"libna","image":{"@type":"ImageObject","inLanguage":"fr-FR","@id":"https:\/\/secure.gravatar.com\/avatar\/7c5bd30ae4b47a9ba3c856590957fd1d96dc588bf3ac05719d247e126840331f?s=96&d=mm&r=g","url":"https:\/\/secure.gravatar.com\/avatar\/7c5bd30ae4b47a9ba3c856590957fd1d96dc588bf3ac05719d247e126840331f?s=96&d=mm&r=g","contentUrl":"https:\/\/secure.gravatar.com\/avatar\/7c5bd30ae4b47a9ba3c856590957fd1d96dc588bf3ac05719d247e126840331f?s=96&d=mm&r=g","caption":"libna"}}]}},"_links":{"self":[{"href":"https:\/\/interamerica.org\/fr\/wp-json\/wp\/v2\/posts\/142374","targetHints":{"allow":["GET"]}}],"collection":[{"href":"https:\/\/interamerica.org\/fr\/wp-json\/wp\/v2\/posts"}],"about":[{"href":"https:\/\/interamerica.org\/fr\/wp-json\/wp\/v2\/types\/post"}],"author":[{"embeddable":true,"href":"https:\/\/interamerica.org\/fr\/wp-json\/wp\/v2\/users\/3"}],"replies":[{"embeddable":true,"href":"https:\/\/interamerica.org\/fr\/wp-json\/wp\/v2\/comments?post=142374"}],"version-history":[{"count":2,"href":"https:\/\/interamerica.org\/fr\/wp-json\/wp\/v2\/posts\/142374\/revisions"}],"predecessor-version":[{"id":142390,"href":"https:\/\/interamerica.org\/fr\/wp-json\/wp\/v2\/posts\/142374\/revisions\/142390"}],"wp:featuredmedia":[{"embeddable":true,"href":"https:\/\/interamerica.org\/fr\/wp-json\/wp\/v2\/media\/142375"}],"wp:attachment":[{"href":"https:\/\/interamerica.org\/fr\/wp-json\/wp\/v2\/media?parent=142374"}],"wp:term":[{"taxonomy":"category","embeddable":true,"href":"https:\/\/interamerica.org\/fr\/wp-json\/wp\/v2\/categories?post=142374"},{"taxonomy":"post_tag","embeddable":true,"href":"https:\/\/interamerica.org\/fr\/wp-json\/wp\/v2\/tags?post=142374"}],"curies":[{"name":"wp","href":"https:\/\/api.w.org\/{rel}","templated":true}]}}