{"id":142408,"date":"2026-04-26T20:17:28","date_gmt":"2026-04-27T00:17:28","guid":{"rendered":"https:\/\/interamerica.org\/?p=142408"},"modified":"2026-04-29T23:31:37","modified_gmt":"2026-04-30T03:31:37","slug":"une-conference-sur-la-mission-et-les-medias-adventistes-se-tiendra-dans-le-sud-du-pacifique-pour-la-premiere-fois","status":"publish","type":"post","link":"https:\/\/interamerica.org\/fr\/2026\/04\/une-conference-sur-la-mission-et-les-medias-adventistes-se-tiendra-dans-le-sud-du-pacifique-pour-la-premiere-fois\/","title":{"rendered":"Une conf\u00e9rence sur la mission et les m\u00e9dias adventistes se tiendra dans le sud du Pacifique pour la premi\u00e8re fois"},"content":{"rendered":"<p><i><span style=\"font-weight: 400;\">Selon les dirigeants, l\u2019\u00e9v\u00e9nement en trois parties sera ax\u00e9 sur l\u2019innovation, la collaboration et la mission dans un monde num\u00e9rique.<\/span><\/i><\/p>\n<p><span style=\"font-weight: 400;\">Le 26 avril 2026 | Nouvelle-Z\u00e9lande | Jarrod Stackelroth, <\/span><i><span style=\"font-weight: 400;\">Adventist Record<\/span><\/i><\/p>\n<p><span style=\"font-weight: 400;\">La <\/span><a href=\"https:\/\/adventistchurch.com\/\"><span style=\"font-weight: 400;\">Division du sud du Pacifique<\/span><\/a><span style=\"font-weight: 400;\"> (SPD pour South Pacific Division) a \u00e9t\u00e9 choisie pour accueillir sa plus grande conf\u00e9rence <\/span><a href=\"https:\/\/adventist.org\/\"><span style=\"font-weight: 400;\">adventiste du septi\u00e8me jour<\/span><\/a><span style=\"font-weight: 400;\"> en 30 ans, car la conf\u00e9rence <\/span><a href=\"https:\/\/adventist.digital\/convention\"><span style=\"font-weight: 400;\">Strat\u00e9gie num\u00e9rique pour la mission<\/span><\/a><span style=\"font-weight: 400;\"> (DSM pour Digital Strategy for Mission) se tiendra \u00e0 Auckland, en Nouvelle-Z\u00e9lande, ce juillet.<\/span><\/p>\n<p><span style=\"font-weight: 400;\">La conf\u00e9rence DSM consiste en trois \u00e9v\u00e9nements en un, soit la conf\u00e9rence sur le leadership du r\u00e9seau <\/span><a href=\"https:\/\/hopetv.org\/\"><span style=\"font-weight: 400;\">Hope Channel<\/span><\/a><span style=\"font-weight: 400;\"> (2 au 7 juillet) suivie de la conf\u00e9rence <\/span><a href=\"https:\/\/gain.community\/\"><span style=\"font-weight: 400;\">GAiN<\/span><\/a><span style=\"font-weight: 400;\"> (8 au 11 juillet) puis du <\/span><a href=\"https:\/\/ats.adventist.org\/\"><span style=\"font-weight: 400;\">Sommet adventiste sur la technologie<\/span><\/a><span style=\"font-weight: 400;\"> (12 et 13 juillet). Les participants peuvent s\u2019inscrire \u00e0 l\u2019un, \u00e0 deux des \u00e9v\u00e9nements ou aux trois.<\/span><\/p>\n<p><span style=\"font-weight: 400;\">\u00ab\u00a0La DSM rassemble trois conf\u00e9rences mondiales en une exp\u00e9rience int\u00e9gr\u00e9e, outillant les communicateurs adventistes, les professionnels des m\u00e9dias et les technologues pour la mission dans un monde num\u00e9rique en \u00e9volution rapide, a dit Ole Pedersen, gestionnaire de Hope Channel NZ. Chaque \u00e9v\u00e9nement se base sur le pr\u00e9c\u00e9dent, cr\u00e9ant une exp\u00e9rience unifi\u00e9e qui renforce la collaboration, l\u2019innovation et l\u2019impact missionnaire.\u00a0\u00bb<\/span><\/p>\n<div><div id=\"attachment_142360\" style=\"width: 897px\" class=\"wp-caption aligncenter\"><img fetchpriority=\"high\" decoding=\"async\" aria-describedby=\"caption-attachment-142360\" class=\" wp-image-142360\" src=\"https:\/\/interamerica.org\/wp-content\/uploads\/2026\/04\/spd-28h1776329326169.avif\" alt=\"\" width=\"887\" height=\"499\" srcset=\"https:\/\/interamerica.org\/wp-content\/uploads\/2026\/04\/spd-28h1776329326169.avif 1024w, https:\/\/interamerica.org\/wp-content\/uploads\/2026\/04\/spd-28h1776329326169-300x169.avif 300w, https:\/\/interamerica.org\/wp-content\/uploads\/2026\/04\/spd-28h1776329326169-768x432.avif 768w\" sizes=\"(max-width: 887px) 100vw, 887px\" \/><p id=\"caption-attachment-142360\" class=\"wp-caption-text\"><span style=\"font-weight: 400;\">Alyssa Truman, directrice des communications de la CG, durant sa pr\u00e9sentation lors de la conf\u00e9rence DSM 2024 \u00e0 Chiang Mai, en Tha\u00eflande. [Une photo d\u2019<\/span><i><span style=\"font-weight: 400;\">Adventist Record<\/span><\/i><span style=\"font-weight: 400;\">]<\/span><\/p><\/div><span style=\"font-weight: 400;\">Des centaines de d\u00e9l\u00e9gu\u00e9s internationaux sont attendus en plus des orateurs invit\u00e9s, y compris Erton K\u00f6hler, pr\u00e9sident de la Conf\u00e9rence g\u00e9n\u00e9rale (CG) des adventistes du septi\u00e8me jour.<\/span><span style=\"font-weight: 400;\">\u00ab\u00a0Voil\u00e0 une grande occasion pour les dirigeants de visiter notre division et d\u2019avoir une meilleure id\u00e9e de qui nous sommes et de ce que nous faisons\u00a0\u00bb, a dit Brad Kemp, PDG d\u2019Adventist Media, \u00e9tablissement de la SPD qui contribuera au bon d\u00e9roulement de l\u2019\u00e9v\u00e9nement.<\/span><\/p>\n<p><span style=\"font-weight: 400;\">Il donne aussi \u00e0 l\u2019\u00c9glise de la SPD l\u2019occasion d\u2019apprendre et de vivre ce qui se fait dans d\u2019autres parties du monde.<\/span><\/p>\n<p><span style=\"font-weight: 400;\">\u00ab\u00a0Il s\u2019agit ici d\u2019une belle occasion d\u2019entendre les dirigeants d\u2019autres parties du monde partager leurs exp\u00e9riences en ce qui concerne la mission et la propagation de l\u2019\u00c9vangile dans un monde de plus en plus s\u00e9cularis\u00e9. En outre, il am\u00e8ne le monde vers nous\u00a0\u00bb, a dit M. Pedersen.\u00a0<\/span><\/p>\n<p><span style=\"font-weight: 400;\">Les dirigeants de l\u2019\u00c9glise en Nouvelle-Z\u00e9lande esp\u00e8rent que l\u2019\u00e9v\u00e9nement saura lui donner l\u2019\u00e9lan n\u00e9cessaire pour la grande ann\u00e9e \u00e0 venir.<\/span><\/p>\n<p class=\"text-sm lg:text-base text-start\"><span style=\"font-weight: 400;\">\u00ab\u00a0Avec <\/span><a href=\"https:\/\/southpacificforchrist.org\/\"><span style=\"font-weight: 400;\">South Pacific for Christ<\/span><\/a><span style=\"font-weight: 400;\">, New Zealand Pacific for Christ et <\/span><a href=\"https:\/\/onevoice27.org\/\"><span style=\"font-weight: 400;\">OneVoice27<\/span><\/a><span style=\"font-weight: 400;\">, tous des \u00e9v\u00e9nements pr\u00e9vus pour l\u2019an prochain, cette conf\u00e9rence nous offrira une base tr\u00e8s solide de pr\u00e9paration et d\u2019implication de tous les membres, a-t-il rappel\u00e9. C\u2019est \u00e9galement la premi\u00e8re fois en pr\u00e8s de 30 ans qu\u2019un \u00e9v\u00e9nement de cette ampleur organis\u00e9 par la CG se tiendra sur le territoire de la SPD.\u00a0\u00bb<\/span><\/p>\n<p><div id=\"attachment_142361\" style=\"width: 890px\" class=\"wp-caption aligncenter\"><img decoding=\"async\" aria-describedby=\"caption-attachment-142361\" class=\" wp-image-142361\" src=\"https:\/\/interamerica.org\/wp-content\/uploads\/2026\/04\/spd-ovq1776329473314.avif\" alt=\"\" width=\"880\" height=\"495\" srcset=\"https:\/\/interamerica.org\/wp-content\/uploads\/2026\/04\/spd-ovq1776329473314.avif 1024w, https:\/\/interamerica.org\/wp-content\/uploads\/2026\/04\/spd-ovq1776329473314-300x169.avif 300w, https:\/\/interamerica.org\/wp-content\/uploads\/2026\/04\/spd-ovq1776329473314-768x432.avif 768w\" sizes=\"(max-width: 880px) 100vw, 880px\" \/><p id=\"caption-attachment-142361\" class=\"wp-caption-text\"><span style=\"font-weight: 400;\">Les participants v\u00eatus de leurs habits culturels. [Une photo d\u2019<\/span><i><span style=\"font-weight: 400;\">Adventist Record<\/span><\/i><span style=\"font-weight: 400;\">]<\/span><\/p><\/div><span style=\"font-weight: 400;\">La conf\u00e9rence GAiN (Global Adventist Internet Network ou \u00ab\u00a0R\u00e9seau internet adventiste mondial\u00a0\u00bb) est organis\u00e9e par le d\u00e9partement des communications de la CG, dont le th\u00e8me de cette ann\u00e9e est \u00ab\u00a0Construire des ponts\u00a0\u00bb.<\/span><span style=\"font-weight: 400;\">\u00ab\u00a0Cet \u00e9v\u00e9nement GAiN est important, car c\u2019est la premi\u00e8re fois qu\u2019il a lieu sur le territoire de la Division du sud du Pacifique, une division innovante soutenant l\u2019\u00c9glise mondiale de mani\u00e8res essentielles dans les domaines de la communication, des m\u00e9dias et de la technologie\u00a0\u00bb, a-t-elle ajout\u00e9.<\/span><\/p>\n<p><span style=\"font-weight: 400;\">Les dirigeants de la SPD encouragent la participation locale \u00e0 l\u2019\u00e9v\u00e9nement.<\/span><\/p>\n<p><span style=\"font-weight: 400;\">\u00ab\u00a0Le GAiN dans la SPD et en Nouvelle-Z\u00e9lande est l\u2019occasion d\u2019une vie pour nos peuples australien, n\u00e9o-z\u00e9landais et des \u00eeles du Pacifique\u00a0\u00bb, a dit M. Pedersen.<\/span><\/p>\n<p><span style=\"font-weight: 400;\">\u00ab\u00a0Le GAiN est ouvert \u00e0 tous ceux qui sont impliqu\u00e9s dans les minist\u00e8res des communications, des m\u00e9dias et de l\u2019\u00e9vang\u00e9lisation par ces m\u00e9thodes\u00a0\u00bb, a dit M. Kemp.<\/span><\/p>\n<p><div id=\"attachment_142362\" style=\"width: 875px\" class=\"wp-caption aligncenter\"><img decoding=\"async\" aria-describedby=\"caption-attachment-142362\" class=\" wp-image-142362\" src=\"https:\/\/interamerica.org\/wp-content\/uploads\/2026\/04\/spd-mdr1776329592830.avif\" alt=\"\" width=\"865\" height=\"487\" srcset=\"https:\/\/interamerica.org\/wp-content\/uploads\/2026\/04\/spd-mdr1776329592830.avif 1024w, https:\/\/interamerica.org\/wp-content\/uploads\/2026\/04\/spd-mdr1776329592830-300x169.avif 300w, https:\/\/interamerica.org\/wp-content\/uploads\/2026\/04\/spd-mdr1776329592830-768x432.avif 768w\" sizes=\"(max-width: 865px) 100vw, 865px\" \/><p id=\"caption-attachment-142362\" class=\"wp-caption-text\"><span style=\"font-weight: 400;\">Le site internet de la conf\u00e9rence Digital Strategy for Mission. [Une photo d\u2019<\/span><i><span style=\"font-weight: 400;\">Adventist Record<\/span><\/i><span style=\"font-weight: 400;\">]<\/span><\/p><\/div><span style=\"font-weight: 400;\">Les participants \u00e9couteront tant des orateurs invit\u00e9s locaux que venant de l\u2019ext\u00e9rieur.<\/span><span style=\"font-weight: 400;\">\u00ab\u00a0Nous sommes heureux de la pr\u00e9sence du pasteur K\u00f6hler, un grand supporter du r\u00f4le des communications dans l\u2019\u00c9glise, ainsi que de celle de notre pr\u00e9sentateur des m\u00e9ditations matinales, originaire de la Nouvelle-Z\u00e9lande et missionnaires par les m\u00e9dias, John Bradshaw\u00a0\u00bb, a dit Mme Truman.<\/span><\/p>\n<p><span style=\"font-weight: 400;\">L\u2019\u00e9v\u00e9nement se tiendra au Grand Millennium d\u2019Auckland et, bien que la technologie et les m\u00e9dias seront les domaines cl\u00e9s d\u2019\u00e9tude, la mission demeurera au c\u0153ur de la conf\u00e9rence.<\/span><\/p>\n<p><span style=\"font-weight: 400;\">\u00ab\u00a0[La conf\u00e9rence nous rappellera] que nous ne sommes pas seuls dans la mission, mais que nous partageons tous le m\u00eame appel, a dit M. Pedersen. Et l\u2019occasion de c\u00f4toyer des dirigeants de l\u2019Allemagne, du Kenya, de l\u2019Argentine, de l\u2019\u00c9gypte, de la Malaisie, de l\u2019Australie et de bien d\u2019autres pays enrichira la vision et la mission commune de l\u2019\u00c9glise mondiale, car nous sommes tous dans le m\u00eame bateau.<\/span><\/p>\n<p><span style=\"font-weight: 400;\">\u00ab\u00a0Esp\u00e9rons que tous les participants repartiront inspir\u00e9s et pr\u00eats \u00e0 parler de Christ \u00e0 leur entourage de nouvelles fa\u00e7ons qui toucheront le c\u0153ur de ceux qui sont perdus.\u00a0\u00bb<\/span><\/p>\n<p class=\"text-sm lg:text-base text-start\"><i><span style=\"font-weight: 400;\">La <\/span><\/i><a href=\"https:\/\/record.adventistchurch.com\/2026\/04\/13\/mission-and-media-conference-held-in-spd-for-the-first-time\/\"><i><span style=\"font-weight: 400;\">version originale<\/span><\/i><\/a><i><span style=\"font-weight: 400;\"> de cet article a \u00e9t\u00e9 publi\u00e9e sur le <\/span><\/i><a href=\"https:\/\/record.adventistchurch.com\/\"><i><span style=\"font-weight: 400;\">site des actualit\u00e9s<\/span><\/i><\/a><i><span style=\"font-weight: 400;\"> de la Division du sud du Pacifique et d\u2019<\/span><\/i><span style=\"font-weight: 400;\">Adventist Record<\/span><i><span style=\"font-weight: 400;\">.<\/span><\/i><\/p>\n<p>Traduction : Marie-Mich\u00e8le Robitaille<\/p>\n<\/div>\n","protected":false},"excerpt":{"rendered":"<p>Selon les dirigeants, l\u2019\u00e9v\u00e9nement en trois parties sera ax\u00e9 sur l\u2019innovation, la collaboration et la mission dans un monde num\u00e9rique. Le 26 avril 2026 | Nouvelle-Z\u00e9lande | Jarrod Stackelroth, Adventist&#8230;<\/p>\n","protected":false},"author":3,"featured_media":142409,"comment_status":"closed","ping_status":"closed","sticky":false,"template":"","format":"standard","meta":{"_acf_changed":false,"footnotes":""},"categories":[18,19],"tags":[],"class_list":["post-142408","post","type-post","status-publish","format-standard","has-post-thumbnail","hentry","category-nouvelles-de-leglise-mondiale","category-rss-francais"],"acf":[],"yoast_head":"<!-- This site is optimized with the Yoast SEO plugin v27.3 - https:\/\/yoast.com\/product\/yoast-seo-wordpress\/ -->\n<title>Une conf\u00e9rence sur la mission et les m\u00e9dias adventistes se tiendra dans le sud du Pacifique pour la premi\u00e8re fois - \u00c9glise Adventiste Du Septieme Jour - Inter Am\u00e9rique Division<\/title>\n<meta name=\"robots\" content=\"index, follow, max-snippet:-1, max-image-preview:large, max-video-preview:-1\" \/>\n<link rel=\"canonical\" href=\"https:\/\/interamerica.org\/fr\/2026\/04\/une-conference-sur-la-mission-et-les-medias-adventistes-se-tiendra-dans-le-sud-du-pacifique-pour-la-premiere-fois\/\" \/>\n<meta property=\"og:locale\" content=\"fr_FR\" \/>\n<meta property=\"og:type\" content=\"article\" \/>\n<meta property=\"og:title\" content=\"Une conf\u00e9rence sur la mission et les m\u00e9dias adventistes se tiendra dans le sud du Pacifique pour la premi\u00e8re fois - \u00c9glise Adventiste Du Septieme Jour - Inter Am\u00e9rique Division\" \/>\n<meta property=\"og:description\" content=\"Selon les dirigeants, l\u2019\u00e9v\u00e9nement en trois parties sera ax\u00e9 sur l\u2019innovation, la collaboration et la mission dans un monde num\u00e9rique. Le 26 avril 2026 | Nouvelle-Z\u00e9lande | Jarrod Stackelroth, Adventist...\" \/>\n<meta property=\"og:url\" content=\"https:\/\/interamerica.org\/fr\/2026\/04\/une-conference-sur-la-mission-et-les-medias-adventistes-se-tiendra-dans-le-sud-du-pacifique-pour-la-premiere-fois\/\" \/>\n<meta property=\"og:site_name\" content=\"\u00c9glise Adventiste Du Septieme Jour - Inter Am\u00e9rique Division\" \/>\n<meta property=\"article:published_time\" content=\"2026-04-27T00:17:28+00:00\" \/>\n<meta property=\"article:modified_time\" content=\"2026-04-30T03:31:37+00:00\" \/>\n<meta name=\"author\" content=\"libna\" \/>\n<meta name=\"twitter:card\" content=\"summary_large_image\" \/>\n<meta name=\"twitter:label1\" content=\"\u00c9crit par\" \/>\n\t<meta name=\"twitter:data1\" content=\"libna\" \/>\n\t<meta name=\"twitter:label2\" content=\"Dur\u00e9e de lecture estim\u00e9e\" \/>\n\t<meta name=\"twitter:data2\" content=\"5 minutes\" \/>\n<script type=\"application\/ld+json\" class=\"yoast-schema-graph\">{\"@context\":\"https:\\\/\\\/schema.org\",\"@graph\":[{\"@type\":\"Article\",\"@id\":\"https:\\\/\\\/interamerica.org\\\/fr\\\/2026\\\/04\\\/une-conference-sur-la-mission-et-les-medias-adventistes-se-tiendra-dans-le-sud-du-pacifique-pour-la-premiere-fois\\\/#article\",\"isPartOf\":{\"@id\":\"https:\\\/\\\/interamerica.org\\\/fr\\\/2026\\\/04\\\/une-conference-sur-la-mission-et-les-medias-adventistes-se-tiendra-dans-le-sud-du-pacifique-pour-la-premiere-fois\\\/\"},\"author\":{\"name\":\"libna\",\"@id\":\"https:\\\/\\\/interamerica.org\\\/fr\\\/#\\\/schema\\\/person\\\/29998f2bc2d8bd0d38662909289b54f1\"},\"headline\":\"Une conf\u00e9rence sur la mission et les m\u00e9dias adventistes se tiendra dans le sud du Pacifique pour la premi\u00e8re fois\",\"datePublished\":\"2026-04-27T00:17:28+00:00\",\"dateModified\":\"2026-04-30T03:31:37+00:00\",\"mainEntityOfPage\":{\"@id\":\"https:\\\/\\\/interamerica.org\\\/fr\\\/2026\\\/04\\\/une-conference-sur-la-mission-et-les-medias-adventistes-se-tiendra-dans-le-sud-du-pacifique-pour-la-premiere-fois\\\/\"},\"wordCount\":992,\"image\":{\"@id\":\"https:\\\/\\\/interamerica.org\\\/fr\\\/2026\\\/04\\\/une-conference-sur-la-mission-et-les-medias-adventistes-se-tiendra-dans-le-sud-du-pacifique-pour-la-premiere-fois\\\/#primaryimage\"},\"thumbnailUrl\":\"https:\\\/\\\/interamerica.org\\\/wp-content\\\/uploads\\\/2026\\\/04\\\/spd-28h1776329326169.avif\",\"articleSection\":[\"Nouvelles de l'\u00c9glise mondiale\",\"RSS Fran\u00e7ais\"],\"inLanguage\":\"fr-FR\"},{\"@type\":\"WebPage\",\"@id\":\"https:\\\/\\\/interamerica.org\\\/fr\\\/2026\\\/04\\\/une-conference-sur-la-mission-et-les-medias-adventistes-se-tiendra-dans-le-sud-du-pacifique-pour-la-premiere-fois\\\/\",\"url\":\"https:\\\/\\\/interamerica.org\\\/fr\\\/2026\\\/04\\\/une-conference-sur-la-mission-et-les-medias-adventistes-se-tiendra-dans-le-sud-du-pacifique-pour-la-premiere-fois\\\/\",\"name\":\"Une conf\u00e9rence sur la mission et les m\u00e9dias adventistes se tiendra dans le sud du Pacifique pour la premi\u00e8re fois - \u00c9glise Adventiste Du Septieme Jour - Inter Am\u00e9rique Division\",\"isPartOf\":{\"@id\":\"https:\\\/\\\/interamerica.org\\\/fr\\\/#website\"},\"primaryImageOfPage\":{\"@id\":\"https:\\\/\\\/interamerica.org\\\/fr\\\/2026\\\/04\\\/une-conference-sur-la-mission-et-les-medias-adventistes-se-tiendra-dans-le-sud-du-pacifique-pour-la-premiere-fois\\\/#primaryimage\"},\"image\":{\"@id\":\"https:\\\/\\\/interamerica.org\\\/fr\\\/2026\\\/04\\\/une-conference-sur-la-mission-et-les-medias-adventistes-se-tiendra-dans-le-sud-du-pacifique-pour-la-premiere-fois\\\/#primaryimage\"},\"thumbnailUrl\":\"https:\\\/\\\/interamerica.org\\\/wp-content\\\/uploads\\\/2026\\\/04\\\/spd-28h1776329326169.avif\",\"datePublished\":\"2026-04-27T00:17:28+00:00\",\"dateModified\":\"2026-04-30T03:31:37+00:00\",\"author\":{\"@id\":\"https:\\\/\\\/interamerica.org\\\/fr\\\/#\\\/schema\\\/person\\\/29998f2bc2d8bd0d38662909289b54f1\"},\"breadcrumb\":{\"@id\":\"https:\\\/\\\/interamerica.org\\\/fr\\\/2026\\\/04\\\/une-conference-sur-la-mission-et-les-medias-adventistes-se-tiendra-dans-le-sud-du-pacifique-pour-la-premiere-fois\\\/#breadcrumb\"},\"inLanguage\":\"fr-FR\",\"potentialAction\":[{\"@type\":\"ReadAction\",\"target\":[\"https:\\\/\\\/interamerica.org\\\/fr\\\/2026\\\/04\\\/une-conference-sur-la-mission-et-les-medias-adventistes-se-tiendra-dans-le-sud-du-pacifique-pour-la-premiere-fois\\\/\"]}]},{\"@type\":\"ImageObject\",\"inLanguage\":\"fr-FR\",\"@id\":\"https:\\\/\\\/interamerica.org\\\/fr\\\/2026\\\/04\\\/une-conference-sur-la-mission-et-les-medias-adventistes-se-tiendra-dans-le-sud-du-pacifique-pour-la-premiere-fois\\\/#primaryimage\",\"url\":\"https:\\\/\\\/interamerica.org\\\/wp-content\\\/uploads\\\/2026\\\/04\\\/spd-28h1776329326169.avif\",\"contentUrl\":\"https:\\\/\\\/interamerica.org\\\/wp-content\\\/uploads\\\/2026\\\/04\\\/spd-28h1776329326169.avif\",\"width\":1024,\"height\":576,\"caption\":\"Alyssa Truman, directrice des communications de la CG, durant sa pr\u00e9sentation lors de la conf\u00e9rence DSM 2024 \u00e0 Chiang Mai, en Tha\u00eflande. [Une photo d\u2019Adventist Record]\"},{\"@type\":\"BreadcrumbList\",\"@id\":\"https:\\\/\\\/interamerica.org\\\/fr\\\/2026\\\/04\\\/une-conference-sur-la-mission-et-les-medias-adventistes-se-tiendra-dans-le-sud-du-pacifique-pour-la-premiere-fois\\\/#breadcrumb\",\"itemListElement\":[{\"@type\":\"ListItem\",\"position\":1,\"name\":\"Home\",\"item\":\"https:\\\/\\\/interamerica.org\\\/fr\\\/\"},{\"@type\":\"ListItem\",\"position\":2,\"name\":\"Une conf\u00e9rence sur la mission et les m\u00e9dias adventistes se tiendra dans le sud du Pacifique pour la premi\u00e8re fois\"}]},{\"@type\":\"WebSite\",\"@id\":\"https:\\\/\\\/interamerica.org\\\/fr\\\/#website\",\"url\":\"https:\\\/\\\/interamerica.org\\\/fr\\\/\",\"name\":\"\u00c9glise Adventiste Du Septieme Jour - Inter Am\u00e9rique Division\",\"description\":\"\",\"potentialAction\":[{\"@type\":\"SearchAction\",\"target\":{\"@type\":\"EntryPoint\",\"urlTemplate\":\"https:\\\/\\\/interamerica.org\\\/fr\\\/?s={search_term_string}\"},\"query-input\":{\"@type\":\"PropertyValueSpecification\",\"valueRequired\":true,\"valueName\":\"search_term_string\"}}],\"inLanguage\":\"fr-FR\"},{\"@type\":\"Person\",\"@id\":\"https:\\\/\\\/interamerica.org\\\/fr\\\/#\\\/schema\\\/person\\\/29998f2bc2d8bd0d38662909289b54f1\",\"name\":\"libna\",\"image\":{\"@type\":\"ImageObject\",\"inLanguage\":\"fr-FR\",\"@id\":\"https:\\\/\\\/secure.gravatar.com\\\/avatar\\\/7c5bd30ae4b47a9ba3c856590957fd1d96dc588bf3ac05719d247e126840331f?s=96&d=mm&r=g\",\"url\":\"https:\\\/\\\/secure.gravatar.com\\\/avatar\\\/7c5bd30ae4b47a9ba3c856590957fd1d96dc588bf3ac05719d247e126840331f?s=96&d=mm&r=g\",\"contentUrl\":\"https:\\\/\\\/secure.gravatar.com\\\/avatar\\\/7c5bd30ae4b47a9ba3c856590957fd1d96dc588bf3ac05719d247e126840331f?s=96&d=mm&r=g\",\"caption\":\"libna\"}}]}<\/script>\n<!-- \/ Yoast SEO plugin. -->","yoast_head_json":{"title":"Une conf\u00e9rence sur la mission et les m\u00e9dias adventistes se tiendra dans le sud du Pacifique pour la premi\u00e8re fois - \u00c9glise Adventiste Du Septieme Jour - Inter Am\u00e9rique Division","robots":{"index":"index","follow":"follow","max-snippet":"max-snippet:-1","max-image-preview":"max-image-preview:large","max-video-preview":"max-video-preview:-1"},"canonical":"https:\/\/interamerica.org\/fr\/2026\/04\/une-conference-sur-la-mission-et-les-medias-adventistes-se-tiendra-dans-le-sud-du-pacifique-pour-la-premiere-fois\/","og_locale":"fr_FR","og_type":"article","og_title":"Une conf\u00e9rence sur la mission et les m\u00e9dias adventistes se tiendra dans le sud du Pacifique pour la premi\u00e8re fois - \u00c9glise Adventiste Du Septieme Jour - Inter Am\u00e9rique Division","og_description":"Selon les dirigeants, l\u2019\u00e9v\u00e9nement en trois parties sera ax\u00e9 sur l\u2019innovation, la collaboration et la mission dans un monde num\u00e9rique. Le 26 avril 2026 | Nouvelle-Z\u00e9lande | Jarrod Stackelroth, Adventist...","og_url":"https:\/\/interamerica.org\/fr\/2026\/04\/une-conference-sur-la-mission-et-les-medias-adventistes-se-tiendra-dans-le-sud-du-pacifique-pour-la-premiere-fois\/","og_site_name":"\u00c9glise Adventiste Du Septieme Jour - Inter Am\u00e9rique Division","article_published_time":"2026-04-27T00:17:28+00:00","article_modified_time":"2026-04-30T03:31:37+00:00","author":"libna","twitter_card":"summary_large_image","twitter_misc":{"\u00c9crit par":"libna","Dur\u00e9e de lecture estim\u00e9e":"5 minutes"},"schema":{"@context":"https:\/\/schema.org","@graph":[{"@type":"Article","@id":"https:\/\/interamerica.org\/fr\/2026\/04\/une-conference-sur-la-mission-et-les-medias-adventistes-se-tiendra-dans-le-sud-du-pacifique-pour-la-premiere-fois\/#article","isPartOf":{"@id":"https:\/\/interamerica.org\/fr\/2026\/04\/une-conference-sur-la-mission-et-les-medias-adventistes-se-tiendra-dans-le-sud-du-pacifique-pour-la-premiere-fois\/"},"author":{"name":"libna","@id":"https:\/\/interamerica.org\/fr\/#\/schema\/person\/29998f2bc2d8bd0d38662909289b54f1"},"headline":"Une conf\u00e9rence sur la mission et les m\u00e9dias adventistes se tiendra dans le sud du Pacifique pour la premi\u00e8re fois","datePublished":"2026-04-27T00:17:28+00:00","dateModified":"2026-04-30T03:31:37+00:00","mainEntityOfPage":{"@id":"https:\/\/interamerica.org\/fr\/2026\/04\/une-conference-sur-la-mission-et-les-medias-adventistes-se-tiendra-dans-le-sud-du-pacifique-pour-la-premiere-fois\/"},"wordCount":992,"image":{"@id":"https:\/\/interamerica.org\/fr\/2026\/04\/une-conference-sur-la-mission-et-les-medias-adventistes-se-tiendra-dans-le-sud-du-pacifique-pour-la-premiere-fois\/#primaryimage"},"thumbnailUrl":"https:\/\/interamerica.org\/wp-content\/uploads\/2026\/04\/spd-28h1776329326169.avif","articleSection":["Nouvelles de l'\u00c9glise mondiale","RSS Fran\u00e7ais"],"inLanguage":"fr-FR"},{"@type":"WebPage","@id":"https:\/\/interamerica.org\/fr\/2026\/04\/une-conference-sur-la-mission-et-les-medias-adventistes-se-tiendra-dans-le-sud-du-pacifique-pour-la-premiere-fois\/","url":"https:\/\/interamerica.org\/fr\/2026\/04\/une-conference-sur-la-mission-et-les-medias-adventistes-se-tiendra-dans-le-sud-du-pacifique-pour-la-premiere-fois\/","name":"Une conf\u00e9rence sur la mission et les m\u00e9dias adventistes se tiendra dans le sud du Pacifique pour la premi\u00e8re fois - \u00c9glise Adventiste Du Septieme Jour - Inter Am\u00e9rique Division","isPartOf":{"@id":"https:\/\/interamerica.org\/fr\/#website"},"primaryImageOfPage":{"@id":"https:\/\/interamerica.org\/fr\/2026\/04\/une-conference-sur-la-mission-et-les-medias-adventistes-se-tiendra-dans-le-sud-du-pacifique-pour-la-premiere-fois\/#primaryimage"},"image":{"@id":"https:\/\/interamerica.org\/fr\/2026\/04\/une-conference-sur-la-mission-et-les-medias-adventistes-se-tiendra-dans-le-sud-du-pacifique-pour-la-premiere-fois\/#primaryimage"},"thumbnailUrl":"https:\/\/interamerica.org\/wp-content\/uploads\/2026\/04\/spd-28h1776329326169.avif","datePublished":"2026-04-27T00:17:28+00:00","dateModified":"2026-04-30T03:31:37+00:00","author":{"@id":"https:\/\/interamerica.org\/fr\/#\/schema\/person\/29998f2bc2d8bd0d38662909289b54f1"},"breadcrumb":{"@id":"https:\/\/interamerica.org\/fr\/2026\/04\/une-conference-sur-la-mission-et-les-medias-adventistes-se-tiendra-dans-le-sud-du-pacifique-pour-la-premiere-fois\/#breadcrumb"},"inLanguage":"fr-FR","potentialAction":[{"@type":"ReadAction","target":["https:\/\/interamerica.org\/fr\/2026\/04\/une-conference-sur-la-mission-et-les-medias-adventistes-se-tiendra-dans-le-sud-du-pacifique-pour-la-premiere-fois\/"]}]},{"@type":"ImageObject","inLanguage":"fr-FR","@id":"https:\/\/interamerica.org\/fr\/2026\/04\/une-conference-sur-la-mission-et-les-medias-adventistes-se-tiendra-dans-le-sud-du-pacifique-pour-la-premiere-fois\/#primaryimage","url":"https:\/\/interamerica.org\/wp-content\/uploads\/2026\/04\/spd-28h1776329326169.avif","contentUrl":"https:\/\/interamerica.org\/wp-content\/uploads\/2026\/04\/spd-28h1776329326169.avif","width":1024,"height":576,"caption":"Alyssa Truman, directrice des communications de la CG, durant sa pr\u00e9sentation lors de la conf\u00e9rence DSM 2024 \u00e0 Chiang Mai, en Tha\u00eflande. [Une photo d\u2019Adventist Record]"},{"@type":"BreadcrumbList","@id":"https:\/\/interamerica.org\/fr\/2026\/04\/une-conference-sur-la-mission-et-les-medias-adventistes-se-tiendra-dans-le-sud-du-pacifique-pour-la-premiere-fois\/#breadcrumb","itemListElement":[{"@type":"ListItem","position":1,"name":"Home","item":"https:\/\/interamerica.org\/fr\/"},{"@type":"ListItem","position":2,"name":"Une conf\u00e9rence sur la mission et les m\u00e9dias adventistes se tiendra dans le sud du Pacifique pour la premi\u00e8re fois"}]},{"@type":"WebSite","@id":"https:\/\/interamerica.org\/fr\/#website","url":"https:\/\/interamerica.org\/fr\/","name":"\u00c9glise Adventiste Du Septieme Jour - Inter Am\u00e9rique Division","description":"","potentialAction":[{"@type":"SearchAction","target":{"@type":"EntryPoint","urlTemplate":"https:\/\/interamerica.org\/fr\/?s={search_term_string}"},"query-input":{"@type":"PropertyValueSpecification","valueRequired":true,"valueName":"search_term_string"}}],"inLanguage":"fr-FR"},{"@type":"Person","@id":"https:\/\/interamerica.org\/fr\/#\/schema\/person\/29998f2bc2d8bd0d38662909289b54f1","name":"libna","image":{"@type":"ImageObject","inLanguage":"fr-FR","@id":"https:\/\/secure.gravatar.com\/avatar\/7c5bd30ae4b47a9ba3c856590957fd1d96dc588bf3ac05719d247e126840331f?s=96&d=mm&r=g","url":"https:\/\/secure.gravatar.com\/avatar\/7c5bd30ae4b47a9ba3c856590957fd1d96dc588bf3ac05719d247e126840331f?s=96&d=mm&r=g","contentUrl":"https:\/\/secure.gravatar.com\/avatar\/7c5bd30ae4b47a9ba3c856590957fd1d96dc588bf3ac05719d247e126840331f?s=96&d=mm&r=g","caption":"libna"}}]}},"_links":{"self":[{"href":"https:\/\/interamerica.org\/fr\/wp-json\/wp\/v2\/posts\/142408","targetHints":{"allow":["GET"]}}],"collection":[{"href":"https:\/\/interamerica.org\/fr\/wp-json\/wp\/v2\/posts"}],"about":[{"href":"https:\/\/interamerica.org\/fr\/wp-json\/wp\/v2\/types\/post"}],"author":[{"embeddable":true,"href":"https:\/\/interamerica.org\/fr\/wp-json\/wp\/v2\/users\/3"}],"replies":[{"embeddable":true,"href":"https:\/\/interamerica.org\/fr\/wp-json\/wp\/v2\/comments?post=142408"}],"version-history":[{"count":1,"href":"https:\/\/interamerica.org\/fr\/wp-json\/wp\/v2\/posts\/142408\/revisions"}],"predecessor-version":[{"id":142501,"href":"https:\/\/interamerica.org\/fr\/wp-json\/wp\/v2\/posts\/142408\/revisions\/142501"}],"wp:featuredmedia":[{"embeddable":true,"href":"https:\/\/interamerica.org\/fr\/wp-json\/wp\/v2\/media\/142409"}],"wp:attachment":[{"href":"https:\/\/interamerica.org\/fr\/wp-json\/wp\/v2\/media?parent=142408"}],"wp:term":[{"taxonomy":"category","embeddable":true,"href":"https:\/\/interamerica.org\/fr\/wp-json\/wp\/v2\/categories?post=142408"},{"taxonomy":"post_tag","embeddable":true,"href":"https:\/\/interamerica.org\/fr\/wp-json\/wp\/v2\/tags?post=142408"}],"curies":[{"name":"wp","href":"https:\/\/api.w.org\/{rel}","templated":true}]}}