{"id":142456,"date":"2026-04-28T15:26:11","date_gmt":"2026-04-28T19:26:11","guid":{"rendered":"https:\/\/interamerica.org\/?p=142456"},"modified":"2026-04-29T23:33:08","modified_gmt":"2026-04-30T03:33:08","slug":"lintelligence-artificielle-et-la-fin-du-monde","status":"publish","type":"post","link":"https:\/\/interamerica.org\/fr\/2026\/04\/lintelligence-artificielle-et-la-fin-du-monde\/","title":{"rendered":"L\u2019intelligence artificielle et la fin du monde"},"content":{"rendered":"<p><i><span style=\"font-weight: 400;\">Navet? Ou arme du diable?<\/span><\/i><\/p>\n<p><span style=\"font-weight: 400;\">Le 28 avril 2026 | Silver Spring, Maryland, \u00c9tats-Unis | Shane Anderson<\/span><\/p>\n<p><span style=\"font-weight: 400;\">\u00ab\u00a0Plusieurs courront \u00e7\u00e0 et l\u00e0; et la connaissance sera augment\u00e9e.\u00a0\u00bb (Daniel 12.4, Darby) Il est difficile de savoir si le proph\u00e8te Daniel avait pr\u00e9cis\u00e9ment l\u2019intelligence artificielle (IA) \u00e0 l\u2019esprit lorsqu\u2019il a \u00e9crit ces mots. Cependant, dans le grand contexte de la fin des temps, il est difficile de ne pas y voir au moins quelques liens. L\u2019IA, apr\u00e8s tout, du moins dans sa configuration actuelle, est l\u2019accumulation de vastes quantit\u00e9s d\u2019informations en de gigantesques moteurs de \u00ab\u00a0connaissances\u00a0\u00bb.<\/span><\/p>\n<p><span style=\"font-weight: 400;\">Et dans quel but? Apparemment, ces vastes syst\u00e8mes num\u00e9riques visent \u00e0 am\u00e9liorer l\u2019humanit\u00e9 par la <\/span><a href=\"https:\/\/www.broadinstitute.org\/videos\/how-ai-and-machine-learning-will-transform-biomedical-research\"><span style=\"font-weight: 400;\">gu\u00e9rison des maladies<\/span><\/a><span style=\"font-weight: 400;\">, l\u2019<\/span><a href=\"https:\/\/www.ischool.berkeley.edu\/news\/2025\/joshua-blumenstock-using-ai-end-extreme-poverty\"><span style=\"font-weight: 400;\">\u00e9limination de la pauvret\u00e9 extr\u00eame<\/span><\/a><a id=\"_ednref1\" href=\"https:\/\/adventistreview.org\/church-life\/our-voice\/columnists-our-voice\/artificial-intelligence-and-the-end-of-the-world\/#_edn1\"><sup>[1]<\/sup><\/a> <span style=\"font-weight: 400;\">et m\u00eame l\u2019accueil d\u2019une <\/span><a href=\"https:\/\/trendsresearch.org\/insight\/the-impact-of-ai-and-machine-learning-on-conflict-prevention\/?srsltid=AfmBOordmaw41yr33dsupj7xSsM2wQf63g4NwRIfE1jsgYKRuPqMRRMd\"><span style=\"font-weight: 400;\">nouvelle \u00e8re de fraternit\u00e9 et de paix<\/span><\/a><a id=\"_ednref2\" href=\"https:\/\/adventistreview.org\/church-life\/our-voice\/columnists-our-voice\/artificial-intelligence-and-the-end-of-the-world\/#_edn2\"><sup>[2]<\/sup><\/a>. <span style=\"font-weight: 400;\">Pour les d\u00e9fenseurs les plus extr\u00eames de l\u2019IA, la \u00ab\u00a0fi\u00e8vre mill\u00e9niale\u00a0\u00bb qu\u2019a combattu William Miller durant le dix-neuvi\u00e8me si\u00e8cle pourrait \u00eatre en train de revenir sous forme d\u2019utopie s\u00e9culi\u00e8re du vingt-et-uni\u00e8me si\u00e8cle.<\/span><\/p>\n<p><span style=\"font-weight: 400;\">Bien s\u00fbr, les avantages de l\u2019IA ne r\u00e9jouissent pas tout le monde. Certains, dont bien des chr\u00e9tiens, ont plus de facilit\u00e9 \u00e0 voir la capacit\u00e9 de l\u2019IA de causer des catastrophes, y compris en ce qui concerne l\u2019accomplissement des proph\u00e9ties sur la fin des temps. Beaucoup, par exemple, voient l\u2019IA jouer un r\u00f4le important dans l\u2019<\/span><a href=\"https:\/\/www.theverge.com\/ai-artificial-intelligence\/785407\/peter-thiel-antichrist-tech-regulation\"><span style=\"font-weight: 400;\">\u00e9tablissement de la Babylone des temps de la fin<\/span><\/a><span style=\"font-weight: 400;\"> \u2014 une union mondiale de l\u2019\u00c9glise avec l\u2019\u00c9tat n\u00e9cessitant vraisemblablement une puissance informatique pour l\u2019imposition de la marque de la b\u00eate. Quoi que l\u2019IA fasse de bon d\u2019ici l\u00e0, disent-ils, m\u00e9fiez-vous de la fa\u00e7on dont se terminera l\u2019histoire.<\/span><\/p>\n<p><b>Trois mises en garde<\/b><\/p>\n<p><span style=\"font-weight: 400;\">Je ne suis pas un expert en IA. Mais comme plusieurs d\u2019entre vous, j\u2019ai lu sur le sujet, regard\u00e9 ma part de documentaires pertinents et d\u2019articles de nouvelles, etc. Cette recherche non officielle m\u2019a conduit \u00e0 au moins trois conclusions et mises en garde quant \u00e0 l\u2019IA et \u00e0 la fin du monde.<\/span><\/p>\n<p><span style=\"font-weight: 400;\">Premi\u00e8rement, il y a peu de doute que l\u2019IA, m\u00eame dans son \u00e9tat d\u2019incubation, est capable d\u2019affecter de mani\u00e8re consid\u00e9rable les \u00e9v\u00e9nements des derniers jours. Je ne dis pas qu\u2019elle le <\/span><i><span style=\"font-weight: 400;\">fera<\/span><\/i><span style=\"font-weight: 400;\"> absolument. Mais sa capacit\u00e9 est clairement d\u00e9j\u00e0 l\u00e0. Le muscle informatique de l\u2019IA est bien adapt\u00e9, par exemple, pour surveiller, influencer et potentiellement tromper les populations \u00e0 l\u2019\u00e9chelle mondiale \u2014 encore une fois, chose qui pourrait \u00eatre essentielle dans la mise en place du sc\u00e9nario de la marque de la b\u00eate mentionn\u00e9e plus haut. Les chr\u00e9tiens attentionn\u00e9s feraient bien de garder les d\u00e9veloppements de l\u2019IA sur leur radar plut\u00f4t que de les ignorer comme s\u2019ils n\u2019\u00e9taient que des rem\u00e8des de charlatans technologiques.<\/span><\/p>\n<p><span style=\"font-weight: 400;\">Deuxi\u00e8mement, il est essentiel de se souvenir que l\u2019IA, avec tout son potentiel tant pour le bien que pour le mal, demeure un simple moyen d\u2019atteindre un but. Elle est l\u2019outil du m\u00e9canicien et non le m\u00e9canicien lui-m\u00eame. Je le mentionne, parce que, bien qu\u2019ils soient peu nombreux, j\u2019ai personnellement entendu des chr\u00e9tiens bien intentionn\u00e9s dire que l\u2019intelligence artificielle <\/span><i><span style=\"font-weight: 400;\">\u00e9tait <\/span><\/i><span style=\"font-weight: 400;\">la puissance de l\u2019ant\u00e9christ de la fin des temps et que tous les chr\u00e9tiens devraient combattre tout avancement de l\u2019IA pour \u00e9viter la catastrophe apocalyptique.<\/span><\/p>\n<p><span style=\"font-weight: 400;\">Mais la Bible indique clairement autre chose. Effectivement, il existe des raisons l\u00e9gitimes de s\u2019inqui\u00e9ter du d\u00e9veloppement de l\u2019IA. Mais personne ne sera perdu \u00e0 la fin des temps directement \u00e0 cause d\u2019elle; ils seront perdu \u00e0 cause de ce qu\u2019ils auront fait de J\u00e9sus. L\u2019IA pourrait-elle influencer ce qu\u2019une personne fait de J\u00e9sus? Certainement. Mais comme vous le dirait n\u2019importe quel artilleur en temps de guerre, m\u00eame une mince erreur d\u2019identification de l\u2019ennemi peut mener \u00e0 la distraction, au gaspillage de ressources et, parfois, \u00e0 de grandes pertes. Satan et le p\u00e9ch\u00e9 \u2014 et non les r\u00e9seaux informatiques utilisant l\u2019IA \u2014 sont les v\u00e9ritables ennemis. Selon Paul, notre combat est \u00ab\u00a0contre les dominations, contre les autorit\u00e9s, contre les princes de ce monde de t\u00e9n\u00e8bres, contre les esprits m\u00e9chants dans les lieux c\u00e9lestes\u00a0\u00bb (\u00c9ph\u00e9siens 6.12, LSG). M\u00eame si toutes les traces de l\u2019IA \u00e9taient \u00e9limin\u00e9es aujourd\u2019hui, le grand conflit ferait toujours rage tout aussi intens\u00e9ment. Le maintien de la bonne distinction entre l\u2019ennemi et les armes de l\u2019ennemi peut augmenter nos chances de r\u00e9ussite dans l\u2019avancement du royaume de Christ aux temps de la fin.<\/span><\/p>\n<p><span style=\"font-weight: 400;\">Troisi\u00e8mement et derni\u00e8rement, bien que Dieu seul connaisse l\u2019avenir, le risque actuel r\u00e9el de l\u2019IA, \u00e0 mon avis, n\u2019est pas principalement apocalyptique, mais beaucoup plus terre \u00e0 terre et comportant au moins deux volets.<\/span><\/p>\n<div class=\"o-rich-text c-content-single__body\">\n<p><span style=\"font-weight: 400;\">D\u2019abord, la mauvaise utilisation de l\u2019IA peut affaiblir notre esprit critique. Une \u00e9minente \u00e9tude a r\u00e9cemment d\u00e9couvert \u00ab une corr\u00e9lation n\u00e9gative importante entre l\u2019utilisation fr\u00e9quente d\u2019outils d\u2019IA et l\u2019esprit critique<\/span><a id=\"_ednref3\" href=\"https:\/\/adventistreview.org\/church-life\/our-voice\/columnists-our-voice\/artificial-intelligence-and-the-end-of-the-world\/#_edn3\"><sup>[3]<\/sup><\/a>. \u00bb <span style=\"font-weight: 400;\">L\u2019auteur de l\u2019\u00e9tude a indiqu\u00e9 avec raison que cette d\u00e9gradation n\u2019est pas attribuable \u00e0 l\u2019utilisation de l\u2019IA, mais bien \u00e0 sa mauvaise utilisation, soit l\u2019utilisation de l\u2019IA comme remplacement total de l\u2019analyse humaine, de la r\u00e9flexion et de la r\u00e9solution de probl\u00e8mes. En d\u2019autres termes, si vous faites \u00e9crire vos travaux universitaires par l\u2019IA, vous aurez peut-\u00eatre une bonne note, mais vos habilet\u00e9s linguistiques et de communication en prendront un coup<\/span><a id=\"_ednref4\" href=\"https:\/\/adventistreview.org\/church-life\/our-voice\/columnists-our-voice\/artificial-intelligence-and-the-end-of-the-world\/#_edn4\"><sup>[4]<\/sup><\/a>. <span style=\"font-weight: 400;\">Et plus ce type de d\u00e9pendance perdure, plus les effets n\u00e9gatifs deviennent importants. La perte cons\u00e9quente de raisonnement analytique et de r\u00e9flexion ind\u00e9pendante est de mauvais augure non pas seulement dans le monde s\u00e9culier, mais dans le monde spirituel \u00e9galement. Il n\u2019est pas n\u00e9cessaire d\u2019\u00eatre un g\u00e9nie pour \u00eatre sauv\u00e9. Mais l\u2019invitation de Christ \u00e0 venir et \u00e0 discuter ensemble (\u00c9sa\u00efe 1.18, BDS) montre clairement qu\u2019un esprit sens\u00e9 est un pr\u00e9cieux atout pour les gens en qu\u00eate spirituelle.<\/span><\/p>\n<p><span style=\"font-weight: 400;\">Ensuite, l\u2019IA augmente radicalement la prolif\u00e9ration des mauvaises id\u00e9es et de notre susceptibilit\u00e9 \u00e0 les accepter. Par exemple, aux \u00c9tats-Unis, des millions d\u2019adolescents et de jeunes adultes utilisent l\u2019IA comme source de r\u00e9f\u00e9rence pour la <\/span><a href=\"https:\/\/jamanetwork.com\/journals\/jamanetworkopen\/fullarticle\/2841067\"><span style=\"font-weight: 400;\">gestion des probl\u00e8mes de sant\u00e9 mentale<\/span><\/a><span style=\"font-weight: 400;\">. Parmi les adolescents \u00e2g\u00e9s de 13 \u00e0 17 ans, 72 % ont d\u00e9j\u00e0 \u00e9chang\u00e9 avec des compagnons IA<\/span><a id=\"_ednref5\" href=\"https:\/\/adventistreview.org\/church-life\/our-voice\/columnists-our-voice\/artificial-intelligence-and-the-end-of-the-world\/#_edn5\"><sup>[5]<\/sup><\/a> <span style=\"font-weight: 400;\">et le tiers des utilisateurs choisissent la compagnie de l\u2019IA plut\u00f4t que celle des humains pour avoir des conversations s\u00e9rieuses<\/span><a id=\"_ednref6\" href=\"https:\/\/adventistreview.org\/church-life\/our-voice\/columnists-our-voice\/artificial-intelligence-and-the-end-of-the-world\/#_edn6\"><sup>[6]<\/sup><\/a>. <span style=\"font-weight: 400;\">Le r\u00e9sultat? Bien que certains conseils g\u00e9n\u00e9r\u00e9s par l\u2019IA sur la sant\u00e9 mentale soient justes et utiles, beaucoup peuvent aussi \u00eatre <\/span><a href=\"https:\/\/www.nytimes.com\/2025\/08\/26\/technology\/chatgpt-openai-suicide.html\"><span style=\"font-weight: 400;\">nuisibles, voire catastrophiques<\/span><\/a><a id=\"_ednref7\" href=\"https:\/\/adventistreview.org\/church-life\/our-voice\/columnists-our-voice\/artificial-intelligence-and-the-end-of-the-world\/#_edn7\"><sup>[7]<\/sup><\/a>. <span style=\"font-weight: 400;\">De plus, l\u2019explosion des images et des vid\u00e9os g\u00e9n\u00e9r\u00e9es par l\u2019IA, bien qu\u2019une aubaine pour de nombreux cr\u00e9ateurs de contenu honn\u00eates sur l\u2019internet, est aussi devenue le r\u00eave devenu r\u00e9alit\u00e9 des propagandistes. Les hypertrucages, les articles de fausses nouvelles et les r\u00e9ponses de robots dans les chats et les blogues compliquent de plus en plus l\u2019identification de la v\u00e9rit\u00e9<\/span><a id=\"_ednref8\" href=\"https:\/\/adventistreview.org\/church-life\/our-voice\/columnists-our-voice\/artificial-intelligence-and-the-end-of-the-world\/#_edn8\"><sup>[8]<\/sup><\/a>.<\/p>\n<p><span style=\"font-weight: 400;\">Pour un mouvement comme l\u2019adventisme, b\u00e2ti sur le concept selon lequel \u00ab\u00a0vous conna\u00eetrez la v\u00e9rit\u00e9, et la v\u00e9rit\u00e9 vous affranchira\u00a0\u00bb (Jean 8.32, LSG), il s\u2019agit ici d\u2019un d\u00e9veloppement peu encourageant, tant en ce qui a trait \u00e0 la toute fin des temps que dans la vie actuelle de tous les jours.<\/span><\/p>\n<p><b>Que faire?\u00a0<\/b><\/p>\n<p><span style=\"font-weight: 400;\">\u00c0 mon avis, la mont\u00e9e incessante de l\u2019IA appelle les adventistes \u00e0 faire au moins trois choses. Premi\u00e8rement, encore une fois, nous devons demeurer inform\u00e9s sur ses d\u00e9veloppements. Deuxi\u00e8mement, nous devons accepter le bien ind\u00e9niable que l\u2019IA peut faire et qu\u2019elle fait d\u00e9j\u00e0, surtout dans le domaine des soins m\u00e9dicaux et des autres efforts pour soulager la souffrance humaine. L\u2019IA ne dispara\u00eetra pas, alors soutenons les aspects que nous pouvons soutenir. Troisi\u00e8mement, tout en reconnaissant ses forces, nous devons \u00eatre proactifs et mettre en place les contraintes appropri\u00e9es pour emp\u00eacher ses boulets de prolif\u00e9rer. Cela inclut le fait d\u2019encourager personnellement notre entourage \u00e0 utiliser l\u2019IA de mani\u00e8re judicieuse. Nous pourrions aussi \u00eatre appel\u00e9s \u00e0 ajouter notre voix aux nombre croissant de chr\u00e9tiens qui militent pour l\u2019imposition de <\/span><a href=\"https:\/\/time.com\/7341580\/christian-ai-backlash\/\"><span style=\"font-weight: 400;\">meilleurs freins et contrepoids<\/span><\/a><span style=\"font-weight: 400;\"> \u00e0 l\u2019IA et \u00e0 ses d\u00e9veloppeurs.<\/span><\/p>\n<p><b>La connaissance, exploit\u00e9e ad\u00e9quatement<\/b><\/p>\n<p><span style=\"font-weight: 400;\">L\u2019IA pourrait effectivement devenir une partie importante des \u00e9v\u00e9nements des temps de la fin. Mais en tant qu\u2019adventistes du septi\u00e8me jour, gardons \u00e0 l\u2019esprit que, d\u2019ici l\u00e0, son potentiel de distraction, \u00e9loignant notre esprit de J\u00e9sus et des messages des trois anges, est d\u00e9j\u00e0 bien enclench\u00e9. L\u2019IA a sans doute fait avancer la pr\u00e9diction selon laquelle \u00ab\u00a0la connaissance sera augment\u00e9\u00a0\u00bb davantage que quoi que ce soit soit d\u2019autre dans l\u2019histoire de l\u2019humanit\u00e9. Faisons ce que nous pouvons pour nous assurer que la connaissance conduise <\/span><i><span style=\"font-weight: 400;\">\u00e0<\/span><\/i><span style=\"font-weight: 400;\"> Christ plut\u00f4t que loin de lui.<\/span><\/p>\n<p>Traduction : Marie-Mich\u00e8le Robitaille<\/p>\n<hr class=\"wp-block-separator has-alpha-channel-opacity\" \/>\n<p><a id=\"_edn1\" href=\"https:\/\/adventistreview.org\/church-life\/our-voice\/columnists-our-voice\/artificial-intelligence-and-the-end-of-the-world\/#_ednref1\"><sup>[1]<\/sup><\/a> <span style=\"font-weight: 400;\">Voir aussi Usanas Foundation, \u00ab\u00a0Art and Artificial Intelligence: A New World Order\u00a0\u00bb, 2 septembre 2025, acc\u00e9d\u00e9 au <\/span><a href=\"https:\/\/usanasfoundation.com\/art-and-artificial-intelligence-a-new-world-order\"><span style=\"font-weight: 400;\">https:\/\/usanasfoundation.com\/art-and-artificial-intelligence-a-new-world-order<\/span><\/a><span style=\"font-weight: 400;\">.<\/span><\/p>\n<p><a id=\"_edn2\" href=\"https:\/\/adventistreview.org\/church-life\/our-voice\/columnists-our-voice\/artificial-intelligence-and-the-end-of-the-world\/#_ednref2\"><sup>[2]<\/sup><\/a>\u00a0See also Usanas Foundation, \u201cArt and Artificial Intelligence: A New World Order,\u201d Sept. 2, 2025, accessed at\u00a0<a href=\"https:\/\/usanasfoundation.com\/art-and-artificial-intelligence-a-new-world-order\" target=\"_blank\" rel=\"noopener\">https:\/\/usanasfoundation.com\/art-and-artificial-intelligence-a-new-world-order<\/a>\u00a0.<\/p>\n<p><a id=\"_edn3\" href=\"https:\/\/adventistreview.org\/church-life\/our-voice\/columnists-our-voice\/artificial-intelligence-and-the-end-of-the-world\/#_ednref3\"><sup>[3]<\/sup><\/a> <span style=\"font-weight: 400;\">M. Gerlich, \u00ab\u00a0AI Tools in Society: Impacts on Cognitive Offloading and the Future of Critical Thinking\u00a0\u00bb, <\/span><i><span style=\"font-weight: 400;\">Societies<\/span><\/i><span style=\"font-weight: 400;\"> 15, n<\/span><span style=\"font-weight: 400;\">o<\/span><span style=\"font-weight: 400;\"> 1 (2025): 6, <\/span><a href=\"https:\/\/doi.org\/10.3390\/soc15010006\"><span style=\"font-weight: 400;\">https:\/\/doi.org\/10.3390\/soc15010006<\/span><\/a><span style=\"font-weight: 400;\">.<\/span><\/p>\n<p><a id=\"_edn4\" href=\"https:\/\/adventistreview.org\/church-life\/our-voice\/columnists-our-voice\/artificial-intelligence-and-the-end-of-the-world\/#_ednref4\"><sup>[4]<\/sup><\/a> <span style=\"font-weight: 400;\">Pour une \u00e9tude fascinante du Massachusetts Institute of Technology (MIT) sur ce sc\u00e9nario m\u00eame, voir \u00ab\u00a0Your Brain on ChatGPT: Accumulation of Cognitive Debt When Using an AI Assistant for Essay Writing Task\u00a0\u00bb, <\/span><a href=\"https:\/\/arxiv.org\/pdf\/2506.08872v1\"><span style=\"font-weight: 400;\">https:\/\/arxiv.org\/pdf\/2506.08872v1<\/span><\/a><span style=\"font-weight: 400;\">.<\/span><\/p>\n<p><a id=\"_edn5\" href=\"https:\/\/adventistreview.org\/church-life\/our-voice\/columnists-our-voice\/artificial-intelligence-and-the-end-of-the-world\/#_ednref5\"><sup>[5]<\/sup><\/a> <span style=\"font-weight: 400;\">Les compagnons IA sont des plateformes num\u00e9riques de l\u2019IA con\u00e7ues pour avoir des conversations r\u00e9alistes avec les utilisateurs.<\/span><\/p>\n<p><a id=\"_edn6\" href=\"https:\/\/adventistreview.org\/church-life\/our-voice\/columnists-our-voice\/artificial-intelligence-and-the-end-of-the-world\/#_ednref6\"><sup>[6]<\/sup><\/a> <span style=\"font-weight: 400;\">Voir l\u2019\u00e9tude du Common Sense Media au <\/span><a href=\"https:\/\/www.commonsensemedia.org\/sites\/default\/files\/research\/report\/talk-trust-and-trade-offs_2025_web.pdf\"><span style=\"font-weight: 400;\">https:\/\/www.commonsensemedia.org\/sites\/default\/files\/research\/report\/talk-trust-and-trade-offs_2025_web.pdf<\/span><\/a><span style=\"font-weight: 400;\">.<\/span><\/p>\n<p><a id=\"_edn7\" href=\"https:\/\/adventistreview.org\/church-life\/our-voice\/columnists-our-voice\/artificial-intelligence-and-the-end-of-the-world\/#_ednref7\"><sup>[7]<\/sup><\/a> <span style=\"font-weight: 400;\">K. R. Head, \u00ab\u00a0Minds in Crisis: How the AI Revolution Is Impacting Mental Health\u00a0\u00bb, <\/span><i><span style=\"font-weight: 400;\">Journal of Mental Health and Clinical Psychology<\/span><\/i><span style=\"font-weight: 400;\"> 9, n<\/span><span style=\"font-weight: 400;\">o<\/span><span style=\"font-weight: 400;\"> 3 (2025): 34-44; Adrian Preda, M.D., \u00ab\u00a0Special Report: AI-Induced Psychosis: A New Frontier in Mental Health\u00a0\u00bb, <\/span><i><span style=\"font-weight: 400;\">Psychiatric News<\/span><\/i><span style=\"font-weight: 400;\"> 60, n<\/span><span style=\"font-weight: 400;\">o<\/span><span style=\"font-weight: 400;\"> 10 (29 septembre 2025), <\/span><a href=\"https:\/\/doi.org\/10.1176\/appi.pn.2025.10.10.5\"><span style=\"font-weight: 400;\">https:\/\/doi.org\/10.1176\/appi.pn.2025.10.10.5<\/span><\/a><span style=\"font-weight: 400;\">; Kashmir Hill, \u00ab\u00a0A Teen Was Suicidal. ChatGPT Was the Friend He Confided In\u00a0\u00bb, <\/span><i><span style=\"font-weight: 400;\">New York<\/span><\/i> <i><span style=\"font-weight: 400;\">Times<\/span><\/i><span style=\"font-weight: 400;\">, 26 ao\u00fbt 2025, <\/span><a href=\"https:\/\/www.nytimes.com\/2025\/08\/26\/technology\/chatgpt-openai-suicide.html\"><span style=\"font-weight: 400;\">https:\/\/www.nytimes.com\/2025\/08\/26\/technology\/chatgpt-openai-suicide.html<\/span><\/a><span style=\"font-weight: 400;\">; \u00ab\u00a0OpenAI, Microsoft, Sam Altman Sued for Wrongful Death in Murder-Suicide Case\u00a0\u00bb, <\/span><i><span style=\"font-weight: 400;\">Axios,<\/span><\/i><span style=\"font-weight: 400;\"> 11 d\u00e9cembre 2025, <\/span><a href=\"https:\/\/www.axios.com\/2025\/12\/11\/openai-sam-altman-lawsuit-murder\"><span style=\"font-weight: 400;\">https:\/\/www.axios.com\/2025\/12\/11\/openai-sam-altman-lawsuit-murder<\/span><\/a><span style=\"font-weight: 400;\">.<\/span><\/p>\n<p><a id=\"_edn8\" href=\"https:\/\/adventistreview.org\/church-life\/our-voice\/columnists-our-voice\/artificial-intelligence-and-the-end-of-the-world\/#_ednref8\"><sup>[8]<\/sup><\/a> <span style=\"font-weight: 400;\">John Villasenor, \u00ab\u00a0Artificial Intelligence, Deepfakes, and the Uncertain Future of Truth\u00a0\u00bb, Brookings Institution, 14 f\u00e9vrier 2019. Et bien que je ne sois pas d\u2019accord avec toutes ses conclusions, voir aussi Nadia Nafi, \u00ab\u00a0Deepfakes and the Crisis of Knowing\u00a0\u00bb, 1<\/span><span style=\"font-weight: 400;\">er<\/span><span style=\"font-weight: 400;\"> octobre 2025, <\/span><a href=\"https:\/\/www.unesco.org\/en\/articles\/deepfakes-and-crisis-knowing\"><span style=\"font-weight: 400;\">https:\/\/www.unesco.org\/en\/articles\/deepfakes-and-crisis-knowing<\/span><\/a><span style=\"font-weight: 400;\">.<\/span><\/p>\n<\/div>\n","protected":false},"excerpt":{"rendered":"<p>Navet? Ou arme du diable? Le 28 avril 2026 | Silver Spring, Maryland, \u00c9tats-Unis | Shane Anderson \u00ab\u00a0Plusieurs courront \u00e7\u00e0 et l\u00e0; et la connaissance sera augment\u00e9e.\u00a0\u00bb (Daniel 12.4, Darby)&#8230;<\/p>\n","protected":false},"author":3,"featured_media":142457,"comment_status":"closed","ping_status":"closed","sticky":false,"template":"","format":"standard","meta":{"_acf_changed":false,"footnotes":""},"categories":[18,19],"tags":[],"class_list":["post-142456","post","type-post","status-publish","format-standard","has-post-thumbnail","hentry","category-nouvelles-de-leglise-mondiale","category-rss-francais"],"acf":[],"yoast_head":"<!-- This site is optimized with the Yoast SEO plugin v27.3 - https:\/\/yoast.com\/product\/yoast-seo-wordpress\/ -->\n<title>L\u2019intelligence artificielle et la fin du monde - \u00c9glise Adventiste Du Septieme Jour - Inter Am\u00e9rique Division<\/title>\n<meta name=\"robots\" content=\"index, follow, max-snippet:-1, max-image-preview:large, max-video-preview:-1\" \/>\n<link rel=\"canonical\" href=\"https:\/\/interamerica.org\/fr\/2026\/04\/lintelligence-artificielle-et-la-fin-du-monde\/\" \/>\n<meta property=\"og:locale\" content=\"fr_FR\" \/>\n<meta property=\"og:type\" content=\"article\" \/>\n<meta property=\"og:title\" content=\"L\u2019intelligence artificielle et la fin du monde - \u00c9glise Adventiste Du Septieme Jour - Inter Am\u00e9rique Division\" \/>\n<meta property=\"og:description\" content=\"Navet? Ou arme du diable? Le 28 avril 2026 | Silver Spring, Maryland, \u00c9tats-Unis | Shane Anderson \u00ab\u00a0Plusieurs courront \u00e7\u00e0 et l\u00e0; et la connaissance sera augment\u00e9e.\u00a0\u00bb (Daniel 12.4, Darby)...\" \/>\n<meta property=\"og:url\" content=\"https:\/\/interamerica.org\/fr\/2026\/04\/lintelligence-artificielle-et-la-fin-du-monde\/\" \/>\n<meta property=\"og:site_name\" content=\"\u00c9glise Adventiste Du Septieme Jour - Inter Am\u00e9rique Division\" \/>\n<meta property=\"article:published_time\" content=\"2026-04-28T19:26:11+00:00\" \/>\n<meta property=\"article:modified_time\" content=\"2026-04-30T03:33:08+00:00\" \/>\n<meta property=\"og:image\" content=\"https:\/\/interamerica.org\/wp-content\/uploads\/2026\/04\/aerps-com-p5sgqnt-aj8-unsplash.jpg\" \/>\n\t<meta property=\"og:image:width\" content=\"1280\" \/>\n\t<meta property=\"og:image:height\" content=\"800\" \/>\n\t<meta property=\"og:image:type\" content=\"image\/jpeg\" \/>\n<meta name=\"author\" content=\"libna\" \/>\n<meta name=\"twitter:card\" content=\"summary_large_image\" \/>\n<meta name=\"twitter:label1\" content=\"\u00c9crit par\" \/>\n\t<meta name=\"twitter:data1\" content=\"libna\" \/>\n\t<meta name=\"twitter:label2\" content=\"Dur\u00e9e de lecture estim\u00e9e\" \/>\n\t<meta name=\"twitter:data2\" content=\"8 minutes\" \/>\n<script type=\"application\/ld+json\" class=\"yoast-schema-graph\">{\"@context\":\"https:\\\/\\\/schema.org\",\"@graph\":[{\"@type\":\"Article\",\"@id\":\"https:\\\/\\\/interamerica.org\\\/fr\\\/2026\\\/04\\\/lintelligence-artificielle-et-la-fin-du-monde\\\/#article\",\"isPartOf\":{\"@id\":\"https:\\\/\\\/interamerica.org\\\/fr\\\/2026\\\/04\\\/lintelligence-artificielle-et-la-fin-du-monde\\\/\"},\"author\":{\"name\":\"libna\",\"@id\":\"https:\\\/\\\/interamerica.org\\\/fr\\\/#\\\/schema\\\/person\\\/29998f2bc2d8bd0d38662909289b54f1\"},\"headline\":\"L\u2019intelligence artificielle et la fin du monde\",\"datePublished\":\"2026-04-28T19:26:11+00:00\",\"dateModified\":\"2026-04-30T03:33:08+00:00\",\"mainEntityOfPage\":{\"@id\":\"https:\\\/\\\/interamerica.org\\\/fr\\\/2026\\\/04\\\/lintelligence-artificielle-et-la-fin-du-monde\\\/\"},\"wordCount\":1873,\"image\":{\"@id\":\"https:\\\/\\\/interamerica.org\\\/fr\\\/2026\\\/04\\\/lintelligence-artificielle-et-la-fin-du-monde\\\/#primaryimage\"},\"thumbnailUrl\":\"https:\\\/\\\/interamerica.org\\\/wp-content\\\/uploads\\\/2026\\\/04\\\/aerps-com-p5sgqnt-aj8-unsplash.jpg\",\"articleSection\":[\"Nouvelles de l'\u00c9glise mondiale\",\"RSS Fran\u00e7ais\"],\"inLanguage\":\"fr-FR\"},{\"@type\":\"WebPage\",\"@id\":\"https:\\\/\\\/interamerica.org\\\/fr\\\/2026\\\/04\\\/lintelligence-artificielle-et-la-fin-du-monde\\\/\",\"url\":\"https:\\\/\\\/interamerica.org\\\/fr\\\/2026\\\/04\\\/lintelligence-artificielle-et-la-fin-du-monde\\\/\",\"name\":\"L\u2019intelligence artificielle et la fin du monde - \u00c9glise Adventiste Du Septieme Jour - Inter Am\u00e9rique Division\",\"isPartOf\":{\"@id\":\"https:\\\/\\\/interamerica.org\\\/fr\\\/#website\"},\"primaryImageOfPage\":{\"@id\":\"https:\\\/\\\/interamerica.org\\\/fr\\\/2026\\\/04\\\/lintelligence-artificielle-et-la-fin-du-monde\\\/#primaryimage\"},\"image\":{\"@id\":\"https:\\\/\\\/interamerica.org\\\/fr\\\/2026\\\/04\\\/lintelligence-artificielle-et-la-fin-du-monde\\\/#primaryimage\"},\"thumbnailUrl\":\"https:\\\/\\\/interamerica.org\\\/wp-content\\\/uploads\\\/2026\\\/04\\\/aerps-com-p5sgqnt-aj8-unsplash.jpg\",\"datePublished\":\"2026-04-28T19:26:11+00:00\",\"dateModified\":\"2026-04-30T03:33:08+00:00\",\"author\":{\"@id\":\"https:\\\/\\\/interamerica.org\\\/fr\\\/#\\\/schema\\\/person\\\/29998f2bc2d8bd0d38662909289b54f1\"},\"breadcrumb\":{\"@id\":\"https:\\\/\\\/interamerica.org\\\/fr\\\/2026\\\/04\\\/lintelligence-artificielle-et-la-fin-du-monde\\\/#breadcrumb\"},\"inLanguage\":\"fr-FR\",\"potentialAction\":[{\"@type\":\"ReadAction\",\"target\":[\"https:\\\/\\\/interamerica.org\\\/fr\\\/2026\\\/04\\\/lintelligence-artificielle-et-la-fin-du-monde\\\/\"]}]},{\"@type\":\"ImageObject\",\"inLanguage\":\"fr-FR\",\"@id\":\"https:\\\/\\\/interamerica.org\\\/fr\\\/2026\\\/04\\\/lintelligence-artificielle-et-la-fin-du-monde\\\/#primaryimage\",\"url\":\"https:\\\/\\\/interamerica.org\\\/wp-content\\\/uploads\\\/2026\\\/04\\\/aerps-com-p5sgqnt-aj8-unsplash.jpg\",\"contentUrl\":\"https:\\\/\\\/interamerica.org\\\/wp-content\\\/uploads\\\/2026\\\/04\\\/aerps-com-p5sgqnt-aj8-unsplash.jpg\",\"width\":1280,\"height\":800,\"caption\":\"[Une photo d\u2019Unsplash]\"},{\"@type\":\"BreadcrumbList\",\"@id\":\"https:\\\/\\\/interamerica.org\\\/fr\\\/2026\\\/04\\\/lintelligence-artificielle-et-la-fin-du-monde\\\/#breadcrumb\",\"itemListElement\":[{\"@type\":\"ListItem\",\"position\":1,\"name\":\"Home\",\"item\":\"https:\\\/\\\/interamerica.org\\\/fr\\\/\"},{\"@type\":\"ListItem\",\"position\":2,\"name\":\"L\u2019intelligence artificielle et la fin du monde\"}]},{\"@type\":\"WebSite\",\"@id\":\"https:\\\/\\\/interamerica.org\\\/fr\\\/#website\",\"url\":\"https:\\\/\\\/interamerica.org\\\/fr\\\/\",\"name\":\"\u00c9glise Adventiste Du Septieme Jour - Inter Am\u00e9rique Division\",\"description\":\"\",\"potentialAction\":[{\"@type\":\"SearchAction\",\"target\":{\"@type\":\"EntryPoint\",\"urlTemplate\":\"https:\\\/\\\/interamerica.org\\\/fr\\\/?s={search_term_string}\"},\"query-input\":{\"@type\":\"PropertyValueSpecification\",\"valueRequired\":true,\"valueName\":\"search_term_string\"}}],\"inLanguage\":\"fr-FR\"},{\"@type\":\"Person\",\"@id\":\"https:\\\/\\\/interamerica.org\\\/fr\\\/#\\\/schema\\\/person\\\/29998f2bc2d8bd0d38662909289b54f1\",\"name\":\"libna\",\"image\":{\"@type\":\"ImageObject\",\"inLanguage\":\"fr-FR\",\"@id\":\"https:\\\/\\\/secure.gravatar.com\\\/avatar\\\/7c5bd30ae4b47a9ba3c856590957fd1d96dc588bf3ac05719d247e126840331f?s=96&d=mm&r=g\",\"url\":\"https:\\\/\\\/secure.gravatar.com\\\/avatar\\\/7c5bd30ae4b47a9ba3c856590957fd1d96dc588bf3ac05719d247e126840331f?s=96&d=mm&r=g\",\"contentUrl\":\"https:\\\/\\\/secure.gravatar.com\\\/avatar\\\/7c5bd30ae4b47a9ba3c856590957fd1d96dc588bf3ac05719d247e126840331f?s=96&d=mm&r=g\",\"caption\":\"libna\"}}]}<\/script>\n<!-- \/ Yoast SEO plugin. -->","yoast_head_json":{"title":"L\u2019intelligence artificielle et la fin du monde - \u00c9glise Adventiste Du Septieme Jour - Inter Am\u00e9rique Division","robots":{"index":"index","follow":"follow","max-snippet":"max-snippet:-1","max-image-preview":"max-image-preview:large","max-video-preview":"max-video-preview:-1"},"canonical":"https:\/\/interamerica.org\/fr\/2026\/04\/lintelligence-artificielle-et-la-fin-du-monde\/","og_locale":"fr_FR","og_type":"article","og_title":"L\u2019intelligence artificielle et la fin du monde - \u00c9glise Adventiste Du Septieme Jour - Inter Am\u00e9rique Division","og_description":"Navet? Ou arme du diable? Le 28 avril 2026 | Silver Spring, Maryland, \u00c9tats-Unis | Shane Anderson \u00ab\u00a0Plusieurs courront \u00e7\u00e0 et l\u00e0; et la connaissance sera augment\u00e9e.\u00a0\u00bb (Daniel 12.4, Darby)...","og_url":"https:\/\/interamerica.org\/fr\/2026\/04\/lintelligence-artificielle-et-la-fin-du-monde\/","og_site_name":"\u00c9glise Adventiste Du Septieme Jour - Inter Am\u00e9rique Division","article_published_time":"2026-04-28T19:26:11+00:00","article_modified_time":"2026-04-30T03:33:08+00:00","og_image":[{"width":1280,"height":800,"url":"https:\/\/interamerica.org\/wp-content\/uploads\/2026\/04\/aerps-com-p5sgqnt-aj8-unsplash.jpg","type":"image\/jpeg"}],"author":"libna","twitter_card":"summary_large_image","twitter_misc":{"\u00c9crit par":"libna","Dur\u00e9e de lecture estim\u00e9e":"8 minutes"},"schema":{"@context":"https:\/\/schema.org","@graph":[{"@type":"Article","@id":"https:\/\/interamerica.org\/fr\/2026\/04\/lintelligence-artificielle-et-la-fin-du-monde\/#article","isPartOf":{"@id":"https:\/\/interamerica.org\/fr\/2026\/04\/lintelligence-artificielle-et-la-fin-du-monde\/"},"author":{"name":"libna","@id":"https:\/\/interamerica.org\/fr\/#\/schema\/person\/29998f2bc2d8bd0d38662909289b54f1"},"headline":"L\u2019intelligence artificielle et la fin du monde","datePublished":"2026-04-28T19:26:11+00:00","dateModified":"2026-04-30T03:33:08+00:00","mainEntityOfPage":{"@id":"https:\/\/interamerica.org\/fr\/2026\/04\/lintelligence-artificielle-et-la-fin-du-monde\/"},"wordCount":1873,"image":{"@id":"https:\/\/interamerica.org\/fr\/2026\/04\/lintelligence-artificielle-et-la-fin-du-monde\/#primaryimage"},"thumbnailUrl":"https:\/\/interamerica.org\/wp-content\/uploads\/2026\/04\/aerps-com-p5sgqnt-aj8-unsplash.jpg","articleSection":["Nouvelles de l'\u00c9glise mondiale","RSS Fran\u00e7ais"],"inLanguage":"fr-FR"},{"@type":"WebPage","@id":"https:\/\/interamerica.org\/fr\/2026\/04\/lintelligence-artificielle-et-la-fin-du-monde\/","url":"https:\/\/interamerica.org\/fr\/2026\/04\/lintelligence-artificielle-et-la-fin-du-monde\/","name":"L\u2019intelligence artificielle et la fin du monde - \u00c9glise Adventiste Du Septieme Jour - Inter Am\u00e9rique Division","isPartOf":{"@id":"https:\/\/interamerica.org\/fr\/#website"},"primaryImageOfPage":{"@id":"https:\/\/interamerica.org\/fr\/2026\/04\/lintelligence-artificielle-et-la-fin-du-monde\/#primaryimage"},"image":{"@id":"https:\/\/interamerica.org\/fr\/2026\/04\/lintelligence-artificielle-et-la-fin-du-monde\/#primaryimage"},"thumbnailUrl":"https:\/\/interamerica.org\/wp-content\/uploads\/2026\/04\/aerps-com-p5sgqnt-aj8-unsplash.jpg","datePublished":"2026-04-28T19:26:11+00:00","dateModified":"2026-04-30T03:33:08+00:00","author":{"@id":"https:\/\/interamerica.org\/fr\/#\/schema\/person\/29998f2bc2d8bd0d38662909289b54f1"},"breadcrumb":{"@id":"https:\/\/interamerica.org\/fr\/2026\/04\/lintelligence-artificielle-et-la-fin-du-monde\/#breadcrumb"},"inLanguage":"fr-FR","potentialAction":[{"@type":"ReadAction","target":["https:\/\/interamerica.org\/fr\/2026\/04\/lintelligence-artificielle-et-la-fin-du-monde\/"]}]},{"@type":"ImageObject","inLanguage":"fr-FR","@id":"https:\/\/interamerica.org\/fr\/2026\/04\/lintelligence-artificielle-et-la-fin-du-monde\/#primaryimage","url":"https:\/\/interamerica.org\/wp-content\/uploads\/2026\/04\/aerps-com-p5sgqnt-aj8-unsplash.jpg","contentUrl":"https:\/\/interamerica.org\/wp-content\/uploads\/2026\/04\/aerps-com-p5sgqnt-aj8-unsplash.jpg","width":1280,"height":800,"caption":"[Une photo d\u2019Unsplash]"},{"@type":"BreadcrumbList","@id":"https:\/\/interamerica.org\/fr\/2026\/04\/lintelligence-artificielle-et-la-fin-du-monde\/#breadcrumb","itemListElement":[{"@type":"ListItem","position":1,"name":"Home","item":"https:\/\/interamerica.org\/fr\/"},{"@type":"ListItem","position":2,"name":"L\u2019intelligence artificielle et la fin du monde"}]},{"@type":"WebSite","@id":"https:\/\/interamerica.org\/fr\/#website","url":"https:\/\/interamerica.org\/fr\/","name":"\u00c9glise Adventiste Du Septieme Jour - Inter Am\u00e9rique Division","description":"","potentialAction":[{"@type":"SearchAction","target":{"@type":"EntryPoint","urlTemplate":"https:\/\/interamerica.org\/fr\/?s={search_term_string}"},"query-input":{"@type":"PropertyValueSpecification","valueRequired":true,"valueName":"search_term_string"}}],"inLanguage":"fr-FR"},{"@type":"Person","@id":"https:\/\/interamerica.org\/fr\/#\/schema\/person\/29998f2bc2d8bd0d38662909289b54f1","name":"libna","image":{"@type":"ImageObject","inLanguage":"fr-FR","@id":"https:\/\/secure.gravatar.com\/avatar\/7c5bd30ae4b47a9ba3c856590957fd1d96dc588bf3ac05719d247e126840331f?s=96&d=mm&r=g","url":"https:\/\/secure.gravatar.com\/avatar\/7c5bd30ae4b47a9ba3c856590957fd1d96dc588bf3ac05719d247e126840331f?s=96&d=mm&r=g","contentUrl":"https:\/\/secure.gravatar.com\/avatar\/7c5bd30ae4b47a9ba3c856590957fd1d96dc588bf3ac05719d247e126840331f?s=96&d=mm&r=g","caption":"libna"}}]}},"_links":{"self":[{"href":"https:\/\/interamerica.org\/fr\/wp-json\/wp\/v2\/posts\/142456","targetHints":{"allow":["GET"]}}],"collection":[{"href":"https:\/\/interamerica.org\/fr\/wp-json\/wp\/v2\/posts"}],"about":[{"href":"https:\/\/interamerica.org\/fr\/wp-json\/wp\/v2\/types\/post"}],"author":[{"embeddable":true,"href":"https:\/\/interamerica.org\/fr\/wp-json\/wp\/v2\/users\/3"}],"replies":[{"embeddable":true,"href":"https:\/\/interamerica.org\/fr\/wp-json\/wp\/v2\/comments?post=142456"}],"version-history":[{"count":1,"href":"https:\/\/interamerica.org\/fr\/wp-json\/wp\/v2\/posts\/142456\/revisions"}],"predecessor-version":[{"id":142502,"href":"https:\/\/interamerica.org\/fr\/wp-json\/wp\/v2\/posts\/142456\/revisions\/142502"}],"wp:featuredmedia":[{"embeddable":true,"href":"https:\/\/interamerica.org\/fr\/wp-json\/wp\/v2\/media\/142457"}],"wp:attachment":[{"href":"https:\/\/interamerica.org\/fr\/wp-json\/wp\/v2\/media?parent=142456"}],"wp:term":[{"taxonomy":"category","embeddable":true,"href":"https:\/\/interamerica.org\/fr\/wp-json\/wp\/v2\/categories?post=142456"},{"taxonomy":"post_tag","embeddable":true,"href":"https:\/\/interamerica.org\/fr\/wp-json\/wp\/v2\/tags?post=142456"}],"curies":[{"name":"wp","href":"https:\/\/api.w.org\/{rel}","templated":true}]}}