{"id":142503,"date":"2026-04-29T15:50:26","date_gmt":"2026-04-29T19:50:26","guid":{"rendered":"https:\/\/interamerica.org\/?p=142503"},"modified":"2026-04-30T10:03:58","modified_gmt":"2026-04-30T14:03:58","slug":"la-douce-tromperie-de-lorgueil","status":"publish","type":"post","link":"https:\/\/interamerica.org\/fr\/2026\/04\/la-douce-tromperie-de-lorgueil\/","title":{"rendered":"La douce tromperie de l\u2019orgueil"},"content":{"rendered":"<p><i><span style=\"font-weight: 400;\">L\u2019identit\u00e9, les motifs et l\u2019\u00e9rosion subtile de la valeur que nous avons en Dieu.<\/span><\/i><\/p>\n<p><span style=\"font-weight: 400;\">Le 29 avril 2026 | Silver Spring, Maryland, \u00c9tats-Unis | Jeremy Hall pour <\/span><i><span style=\"font-weight: 400;\">Adventist Review<\/span><\/i><\/p>\n<p><b>L\u2019orgueil et la question de la valeur<\/b><\/p>\n<p><span style=\"font-weight: 400;\">L\u2019orgueil peut \u00eatre un ennemi cach\u00e9. Il peut se faufiler en nous de mani\u00e8res que nous ne reconnaissons pas toujours tangiblement.<\/span><\/p>\n<p><span style=\"font-weight: 400;\">Un \u00e9nonc\u00e9 dans la le\u00e7on [de l\u2019\u00e9cole du sabbat] de cette semaine m\u2019a particuli\u00e8rement saut\u00e9 aux yeux\u00a0: \u00ab\u00a0\u2026 l\u2019orgueil na\u00eet du d\u00e9sir de d\u00e9montrer que notre vie a de la valeur.\u00a0\u00bb En tant qu\u2019administrateur scolaire et th\u00e9rapeute clinique, je trouve cette observation aussi fascinante que troublante. Si je d\u00e9sire <\/span><i><span style=\"font-weight: 400;\">montrer<\/span><\/i><span style=\"font-weight: 400;\"> que ma vie a de la valeur, est-ce que je ne pars pas d\u00e9j\u00e0 d\u2019une situation d\u00e9ficitaire? Si je me sens forc\u00e9 de prouver ma valeur, c\u2019est sans doute que je ne crois pas \u00e0 son existence intrins\u00e8que.<\/span><\/p>\n<p><span style=\"font-weight: 400;\">Les \u00c9critures pr\u00e9sentent pourtant un tout autre point de d\u00e9part\u00a0:\u00a0<\/span><\/p>\n<p><span style=\"font-weight: 400;\">\u00ab\u00a0C\u2019est toi qui a form\u00e9 mes reins,\u00a0<\/span><\/p>\n<p><span style=\"font-weight: 400;\">Qui m\u2019as tiss\u00e9 dans le sein de ma m\u00e8re\u2026<\/span><\/p>\n<p><span style=\"font-weight: 400;\">Je te loue de ce que je suis une cr\u00e9ature si merveilleuse.\u00a0\u00bb<\/span><\/p>\n<p><span style=\"font-weight: 400;\">(Psaumes 139.13, 14, LSG)<\/span><\/p>\n<p><span style=\"font-weight: 400;\">Si Dieu nous a tiss\u00e9s avant m\u00eame que nous ne soyons capables de r\u00e9alisations ou d\u2019\u00e9checs, alors notre valeur a \u00e9t\u00e9 \u00e9tablie avant que nous ne puissions faire quoi que ce soit de bien \u2014 ou de mal. Le p\u00e9ch\u00e9, par contre, nous s\u00e9pare de Dieu et brouille notre capacit\u00e9 de comprendre la valeur qu\u2019il a \u00e9tablie quand il nous a cr\u00e9\u00e9s. Adam et \u00c8ve ont p\u00e9ch\u00e9 puis sont all\u00e9s se cacher. Dieu est ensuite parti \u00e0 leur recherche. Pourquoi donc? Parce qu\u2019il avait et a toujours une solution au p\u00e9ch\u00e9, et parce que le p\u00e9cheur est profond\u00e9ment pr\u00e9cieux \u00e0 ses yeux! Si nous n\u2019avions plus de valeur apr\u00e8s le p\u00e9ch\u00e9, alors pourquoi Dieu serait-il parti apr\u00e8s Adam et \u00c8ve pour leur annoncer le rem\u00e8de \u00e0 leur grave erreur? Et il n\u2019a jamais cess\u00e9 de nous chercher.<\/span><\/p>\n<p><span style=\"font-weight: 400;\">\u00ab\u00a0Car le Fils de l\u2019homme est venu chercher et sauver ce qui \u00e9tait perdu.\u00a0\u00bb (Luc 19.10)<\/span><\/p>\n<p><span style=\"font-weight: 400;\">Mais qu\u2019est-ce que tout cela a \u00e0 voir avec l\u2019orgueil? Allons voir plus loin.<\/span><\/p>\n<p><b>La culpabilit\u00e9, l\u2019auto-d\u00e9pr\u00e9ciation et la fausse humilit\u00e9<\/b><\/p>\n<p><span style=\"font-weight: 400;\">J\u2019ai parl\u00e9 avec beaucoup de personnes qui sont accabl\u00e9s par la culpabilit\u00e9 li\u00e9e \u00e0 des erreurs du pass\u00e9 et par l\u2019impression profond\u00e9ment ancr\u00e9e en eux d\u2019\u00eatre \u00ab\u00a0insuffisants\u00a0\u00bb. Au fil du temps, cela peut \u00e9voluer et se transformer en auto-flagellation et en auto-d\u00e9pr\u00e9ciation chronique. Leurs attentes envers eux-m\u00eames diminuent et ils en viennent parfois \u00e0 accepter des standards malsains en amiti\u00e9 et en amour, ne croyant pas m\u00e9riter mieux. D\u2019autres fois, ils tombent dans un sch\u00e9ma de bonnes \u0153uvres, croyant qu\u2019elles leur redonnera de la valeur en tant qu\u2019\u00eatres humains. Parfois, nous devenons fiers d\u2019avoir \u00ab\u00a0restaur\u00e9\u00a0\u00bb notre valeur, laquelle \u00e9tait, \u00e0 nos yeux, dans un pi\u00e8tre \u00e9tat. Notre exp\u00e9rience chr\u00e9tienne devient ainsi semblable \u00e0 un \u00e9change commercial. Pire encore, les malheurs et les erreurs des autres nous r\u00e9confortent, parce que nous nous lan\u00e7ons dans une analyse comparative orgueilleuse, nous disant qu\u2019\u00ab\u00a0au moins, nous n\u2019avons pas fait cette chose terrible qu\u2019a fait notre voisin\u00a0\u00bb.<\/span><\/p>\n<p><span style=\"font-weight: 400;\">Pourtant, les \u00c9critures sont claires \u00e0 ce sujet\u00a0: il n\u2019y a rien que nous puissions faire pour nous \u00ab\u00a0restaurer\u00a0\u00bb nous-m\u00eames, si ce n\u2019est confesser, nous repentir et accepter la justice de Christ. La seule fa\u00e7on d\u2019\u00e9chapper \u00e0 la condamnation est d\u2019\u00eatre en Christ\u00a0:\u00a0<\/span><\/p>\n<p><span style=\"font-weight: 400;\">\u00ab\u00a0Il n\u2019y a donc maintenant aucune condamnation pour ceux qui sont en J\u00e9sus-Christ.\u00a0\u00bb (Romains 8.1)<\/span><\/p>\n<p><span style=\"font-weight: 400;\">Notre valeur, notre existence en soi, ne peut \u00eatre augment\u00e9e par nos bons comportements ou diminu\u00e9e par nos \u00e9checs. \u00c9tant donn\u00e9 que nous sommes des \u00eatres cr\u00e9\u00e9s par la main de Dieu, notre valeur est intrins\u00e8que. Rien de ce que nous faisons ne peut l\u2019augmenter et rien de ce que nous faisons ne peut la diminuer. Nos efforts orgueilleux, donc, ne sont preuve d\u2019aucune force, qu\u2019une douce contradiction \u00e0 la valeur que Dieu a d\u00e9j\u00e0 plac\u00e9e en nous.<\/span><\/p>\n<p><b>Les motifs, les r\u00e9alisations et le pi\u00e8ge de la reconnaissance<\/b><\/p>\n<p><span style=\"font-weight: 400;\">Quand nous tentons de nous d\u00e9finir nous-m\u00eames par les r\u00e9alisations ou la reconnaissance, nous tombons dans ce que nous pourrions appeler le \u00ab\u00a0pi\u00e8ge de la reconnaissance\u00a0\u00bb; c\u2019est-\u00e0-dire le fait d\u2019accorder de la valeur \u00e0 ce que les r\u00e9ussites font pour nous plut\u00f4t qu\u2019\u00e0 ce que Dieu souhaite faire \u00e0 travers nous. Il s\u2019agit, \u00e0 la fin, d\u2019une question de <\/span><i><span style=\"font-weight: 400;\">motif<\/span><\/i><span style=\"font-weight: 400;\">\u00a0: pourquoi nous faisons ce que nous faisons, disons ce que nous disons et cherchons ce que nous cherchons.<\/span><\/p>\n<p><span style=\"font-weight: 400;\">La culture occidentale renforce ce pi\u00e8ge avec un langage qui encourage l\u2019orgueil ax\u00e9 sur soi\u00a0: \u00ab\u00a0Soyez fiers de ce que vous faites\u00a0\u00bb ou \u00ab\u00a0Vous devriez \u00eatre fiers de vous\u00a0\u00bb. Bien qu\u2019il vise souvent l\u2019encouragement, un tel langage peut tranquillement s\u2019attacher \u00e0 notre identit\u00e9 de louange. Avec le temps, la reconnaissance nous revigore alors que son absence nous ronge.<\/span><\/p>\n<p><span style=\"font-weight: 400;\">Les \u00c9critures offrent heureusement une correction\u00a0:\u00a0<\/span><\/p>\n<p><span style=\"font-weight: 400;\">\u00ab\u00a0Tout ce que vous faites, faites-le de bon c\u0153ur, comme pour le Seigneur et non pour des hommes\u2026\u00a0\u00bb (Colossiens 3.23, LSG)<\/span><\/p>\n<p><span style=\"font-weight: 400;\">Quand la reconnaissance devient la motivation, la comparaison suit in\u00e9vitablement, et la comparaison engendre doucement l\u2019insatisfaction, la jalousie et l\u2019orgueil bless\u00e9.<\/span><\/p>\n<p><span style=\"font-weight: 400;\">J\u2019ai r\u00e9cemment \u00e9cout\u00e9 l\u2019entrevue d\u2019un acteur c\u00e9l\u00e8bre par un journaliste. L\u2019acteur disait appr\u00e9cier, 99,9\u00a0% du temps, la c\u00e9l\u00e9brit\u00e9 et le fait de se faire reconna\u00eetre. Il aime entendre les gens dire qu\u2019ils l\u2019aiment, il aime \u00eatre reconnu et entendre des choses positives \u00e0 son sujet. Un jour, il a engag\u00e9 une maquilleuse pour qu\u2019elle le rende m\u00e9connaissable. Puis il a pass\u00e9 la journ\u00e9e \u00e0 se balader dans un march\u00e9 bien connu de Los Angeles, et personne ne l\u2019a reconnu. Il a dit ne pas avoir aim\u00e9 cette exp\u00e9rience, pr\u00e9f\u00e9rant \u00eatre c\u00e9l\u00e8bre et reconnu. Essentiellement, cela signifie que son identit\u00e9 est fond\u00e9e sur la valeur que lui accorde l\u2019ext\u00e9rieur plut\u00f4t qu\u2019\u00e0 celle qu\u2019il poss\u00e8de intrins\u00e8quement.<\/span><\/p>\n<p><span style=\"font-weight: 400;\">En tant que peuple de Dieu, nous devons \u00eatre conscients de ce qui motive nos actions. Faisons-nous de bonnes \u0153uvres en qu\u00eate de la reconnaissance des autres, particuli\u00e8rement celle des gens de notre communaut\u00e9 chr\u00e9tienne, ou nos bonnes \u0153uvres sont-elles la cons\u00e9quence naturelle d\u2019une relation personnelle sinc\u00e8re avec J\u00e9sus? Le danger, quand les motifs proviennent du mauvais endroit, c\u2019est de tomber dans le pi\u00e8ge d\u00e9vorant de l\u2019analyse comparative. Nous commen\u00e7ons \u00e0 passer trop de temps \u00e0 comparer nos r\u00e9alisations, et les applaudissements qui les accompagnent, avec celles des gens qui nous entourent.<\/span><\/p>\n<p><span style=\"font-weight: 400;\">Et plus malheureux encore, nous risquons d\u2019\u00eatre jaloux de leur statut et, comme Lucifer, de devenir insatisfaits. Nous commen\u00e7ons \u00e0 poser des questions telles que, \u00ab\u00a0Pourquoi cette personne a-t-elle obtenu ce poste?\u00a0\u00bb ou \u00ab\u00a0Je crois que je suis tout aussi qualifi\u00e9.e qu\u2019elle.\u00a0\u00bb Peut-\u00eatre qu\u2019un ami s\u2019est dit \u00e9tonn\u00e9 que nous n\u2019ayons pas obtenu le poste. Ou peut-\u00eatre avons-nous l\u2019orgueil bless\u00e9 parce que nous n\u2019avons pas \u00e9t\u00e9 invit\u00e9s \u00e0 une r\u00e9union de haut niveau de planification confidentielle alors que d\u2019autres, que nous percevons comme \u00e9tant \u00ab\u00a0moins qualifi\u00e9s\u00a0\u00bb y \u00e9taient. \u00c0 l\u2019inverse, si nous sommes nomm\u00e9s ou invit\u00e9s \u00e0 servir au sein d\u2019un comit\u00e9 sp\u00e9cial, peut-\u00eatre en sommes-nous dangereusement fiers, nous croyant importants ou sages, recherch\u00e9s pour ce que nous avons \u00e0 offrir plut\u00f4t que pour ce que Dieu veut faire \u00e0 travers nous dans le r\u00f4le que nous occupons, quel qu\u2019il soit.<\/span><\/p>\n<p><b>Le grand danger spirituel de l\u2019orgueil<\/b><\/p>\n<p><span style=\"font-weight: 400;\">Vers le milieu de la le\u00e7on de mercredi, nous arrivons \u00e0 un \u00e9nonc\u00e9 inspir\u00e9 qui fait \u00e9norm\u00e9ment r\u00e9fl\u00e9chir. Voici ce qu\u2019a d\u00e9j\u00e0 \u00e9crit Ellen White\u00a0:\u00a0<\/span><\/p>\n<p><span style=\"font-weight: 400;\">\u00ab\u00a0Rien n\u2019est plus offensant pour Dieu, plus dangereux pour l\u2019\u00e2me humaine que l\u2019orgueil et l\u2019autosuffisance<\/span><a href=\"https:\/\/adventistreview.org\/theology\/teachings\/sabbath-school-teachings\/the-quiet-deception-of-pride\/#_edn1\"><span style=\"font-weight: 400;\">[*]<\/span><\/a><span style=\"font-weight: 400;\">.\u00a0\u00bb<\/span><\/p>\n<p><span style=\"font-weight: 400;\">Je ne crois pas que Dieu d\u00e9teste ce p\u00e9ch\u00e9 davantage parce qu\u2019il est la pire agression contre lui personnellement, ou simplement parce qu\u2019il s\u2019agissait du p\u00e9ch\u00e9 qui a jet\u00e9 Lucifer hors du ciel. Je crois que Dieu le d\u00e9teste particuli\u00e8rement parce qu\u2019il porte l\u2019\u00e9norme risque de la perdition \u00e9ternelle de ses enfants. Pourquoi donc? Parce que l\u2019orgueil est une vision fausse, une sorte de r\u00e9alit\u00e9 virtuelle en 8K qui nous emp\u00eache de voir qui nous sommes r\u00e9ellement et d\u2019avoir une vision claire de qui est Dieu. Il s\u2019agit du d\u00e9faut fatidique, et je crois qu\u2019il se trouve \u00e0 la base de tous les p\u00e9ch\u00e9s. C\u2019est l\u2019identit\u00e9 trop \u00e9tir\u00e9e, et souvent, le risque est invisible tandis que les cons\u00e9quences sont tr\u00e8s am\u00e8res.<\/span><\/p>\n<p><span style=\"font-weight: 400;\">Je suis reconnaissant que, ce trimestre, le guide d\u2019\u00e9tude de l\u2019\u00e9cole du sabbat ait mis de l\u2019avant un sujet aussi important. Puissions-nous passer du temps avec Dieu chaque jour afin de mieux comprendre que nous ne sommes jamais moins que ce qu\u2019il a pr\u00e9vu pour nous, et certainement jamais plus que ce pour quoi nous avons \u00e9t\u00e9 cr\u00e9\u00e9s.<\/span><\/p>\n<p><span style=\"font-weight: 400;\">\u00ab\u00a0Dieu r\u00e9siste aux orgueilleux, mais il fait gr\u00e2ce aux humbles.\u00a0\u00bb (Jacques 4.6, LSG)<\/span><\/p>\n<p>Traduction : Marie-Mich\u00e8le Robitaille<\/p>\n<hr class=\"wp-block-separator has-alpha-channel-opacity\" \/>\n<p><a id=\"_edn1\" href=\"https:\/\/adventistreview.org\/theology\/teachings\/sabbath-school-teachings\/the-quiet-deception-of-pride\/#_ednref1\"><sup>[*]<\/sup><\/a> <span style=\"font-weight: 400;\">Ellen G. White, <\/span><i><span style=\"font-weight: 400;\">Les paraboles de J\u00e9sus<\/span><\/i><span style=\"font-weight: 400;\">,<\/span> <span style=\"font-weight: 400;\">\u00c9ditions S.D.T., 1977, p. 128.<\/span><\/p>\n<p><b>Jeremy Hall<\/b><span style=\"font-weight: 400;\"> est directeur du d\u00e9partement de l\u2019\u00c9ducation de la F\u00e9d\u00e9ration du Michigan. Au cours des 25 derni\u00e8res ann\u00e9es, il a occup\u00e9 divers postes relatifs \u00e0 l\u2019\u00e9ducation adventiste, y compris ceux de doyen des gar\u00e7ons, aum\u00f4nier de campus et enseignant de religion en plus d\u2019avoir \u00e9t\u00e9 directeur d\u2019\u00e9cole et surintendant de l\u2019\u00e9ducation. Il poss\u00e8de \u00e9galement une ma\u00eetrise en psychologie clinique.<\/span><\/p>\n","protected":false},"excerpt":{"rendered":"<p>L\u2019identit\u00e9, les motifs et l\u2019\u00e9rosion subtile de la valeur que nous avons en Dieu. Le 29 avril 2026 | Silver Spring, Maryland, \u00c9tats-Unis | Jeremy Hall pour Adventist Review L\u2019orgueil&#8230;<\/p>\n","protected":false},"author":3,"featured_media":142505,"comment_status":"closed","ping_status":"closed","sticky":false,"template":"","format":"standard","meta":{"_acf_changed":false,"footnotes":""},"categories":[18,19],"tags":[],"class_list":["post-142503","post","type-post","status-publish","format-standard","has-post-thumbnail","hentry","category-nouvelles-de-leglise-mondiale","category-rss-francais"],"acf":[],"yoast_head":"<!-- This site is optimized with the Yoast SEO plugin v27.3 - https:\/\/yoast.com\/product\/yoast-seo-wordpress\/ -->\n<title>La douce tromperie de l\u2019orgueil - \u00c9glise Adventiste Du Septieme Jour - Inter Am\u00e9rique Division<\/title>\n<meta name=\"robots\" content=\"index, follow, max-snippet:-1, max-image-preview:large, max-video-preview:-1\" \/>\n<link rel=\"canonical\" href=\"https:\/\/interamerica.org\/fr\/2026\/04\/la-douce-tromperie-de-lorgueil\/\" \/>\n<meta property=\"og:locale\" content=\"fr_FR\" \/>\n<meta property=\"og:type\" content=\"article\" \/>\n<meta property=\"og:title\" content=\"La douce tromperie de l\u2019orgueil - \u00c9glise Adventiste Du Septieme Jour - Inter Am\u00e9rique Division\" \/>\n<meta property=\"og:description\" content=\"L\u2019identit\u00e9, les motifs et l\u2019\u00e9rosion subtile de la valeur que nous avons en Dieu. Le 29 avril 2026 | Silver Spring, Maryland, \u00c9tats-Unis | Jeremy Hall pour Adventist Review L\u2019orgueil...\" \/>\n<meta property=\"og:url\" content=\"https:\/\/interamerica.org\/fr\/2026\/04\/la-douce-tromperie-de-lorgueil\/\" \/>\n<meta property=\"og:site_name\" content=\"\u00c9glise Adventiste Du Septieme Jour - Inter Am\u00e9rique Division\" \/>\n<meta property=\"article:published_time\" content=\"2026-04-29T19:50:26+00:00\" \/>\n<meta property=\"article:modified_time\" content=\"2026-04-30T14:03:58+00:00\" \/>\n<meta property=\"og:image\" content=\"https:\/\/interamerica.org\/wp-content\/uploads\/2026\/04\/jan-huber-ewzwaus1wys-unsplash.jpg\" \/>\n\t<meta property=\"og:image:width\" content=\"1000\" \/>\n\t<meta property=\"og:image:height\" content=\"622\" \/>\n\t<meta property=\"og:image:type\" content=\"image\/jpeg\" \/>\n<meta name=\"author\" content=\"libna\" \/>\n<meta name=\"twitter:card\" content=\"summary_large_image\" \/>\n<meta name=\"twitter:label1\" content=\"\u00c9crit par\" \/>\n\t<meta name=\"twitter:data1\" content=\"libna\" \/>\n\t<meta name=\"twitter:label2\" content=\"Dur\u00e9e de lecture estim\u00e9e\" \/>\n\t<meta name=\"twitter:data2\" content=\"7 minutes\" \/>\n<script type=\"application\/ld+json\" class=\"yoast-schema-graph\">{\"@context\":\"https:\\\/\\\/schema.org\",\"@graph\":[{\"@type\":\"Article\",\"@id\":\"https:\\\/\\\/interamerica.org\\\/fr\\\/2026\\\/04\\\/la-douce-tromperie-de-lorgueil\\\/#article\",\"isPartOf\":{\"@id\":\"https:\\\/\\\/interamerica.org\\\/fr\\\/2026\\\/04\\\/la-douce-tromperie-de-lorgueil\\\/\"},\"author\":{\"name\":\"libna\",\"@id\":\"https:\\\/\\\/interamerica.org\\\/fr\\\/#\\\/schema\\\/person\\\/29998f2bc2d8bd0d38662909289b54f1\"},\"headline\":\"La douce tromperie de l\u2019orgueil\",\"datePublished\":\"2026-04-29T19:50:26+00:00\",\"dateModified\":\"2026-04-30T14:03:58+00:00\",\"mainEntityOfPage\":{\"@id\":\"https:\\\/\\\/interamerica.org\\\/fr\\\/2026\\\/04\\\/la-douce-tromperie-de-lorgueil\\\/\"},\"wordCount\":1711,\"image\":{\"@id\":\"https:\\\/\\\/interamerica.org\\\/fr\\\/2026\\\/04\\\/la-douce-tromperie-de-lorgueil\\\/#primaryimage\"},\"thumbnailUrl\":\"https:\\\/\\\/interamerica.org\\\/wp-content\\\/uploads\\\/2026\\\/04\\\/jan-huber-ewzwaus1wys-unsplash.jpg\",\"articleSection\":[\"Nouvelles de l'\u00c9glise mondiale\",\"RSS Fran\u00e7ais\"],\"inLanguage\":\"fr-FR\"},{\"@type\":\"WebPage\",\"@id\":\"https:\\\/\\\/interamerica.org\\\/fr\\\/2026\\\/04\\\/la-douce-tromperie-de-lorgueil\\\/\",\"url\":\"https:\\\/\\\/interamerica.org\\\/fr\\\/2026\\\/04\\\/la-douce-tromperie-de-lorgueil\\\/\",\"name\":\"La douce tromperie de l\u2019orgueil - \u00c9glise Adventiste Du Septieme Jour - Inter Am\u00e9rique Division\",\"isPartOf\":{\"@id\":\"https:\\\/\\\/interamerica.org\\\/fr\\\/#website\"},\"primaryImageOfPage\":{\"@id\":\"https:\\\/\\\/interamerica.org\\\/fr\\\/2026\\\/04\\\/la-douce-tromperie-de-lorgueil\\\/#primaryimage\"},\"image\":{\"@id\":\"https:\\\/\\\/interamerica.org\\\/fr\\\/2026\\\/04\\\/la-douce-tromperie-de-lorgueil\\\/#primaryimage\"},\"thumbnailUrl\":\"https:\\\/\\\/interamerica.org\\\/wp-content\\\/uploads\\\/2026\\\/04\\\/jan-huber-ewzwaus1wys-unsplash.jpg\",\"datePublished\":\"2026-04-29T19:50:26+00:00\",\"dateModified\":\"2026-04-30T14:03:58+00:00\",\"author\":{\"@id\":\"https:\\\/\\\/interamerica.org\\\/fr\\\/#\\\/schema\\\/person\\\/29998f2bc2d8bd0d38662909289b54f1\"},\"breadcrumb\":{\"@id\":\"https:\\\/\\\/interamerica.org\\\/fr\\\/2026\\\/04\\\/la-douce-tromperie-de-lorgueil\\\/#breadcrumb\"},\"inLanguage\":\"fr-FR\",\"potentialAction\":[{\"@type\":\"ReadAction\",\"target\":[\"https:\\\/\\\/interamerica.org\\\/fr\\\/2026\\\/04\\\/la-douce-tromperie-de-lorgueil\\\/\"]}]},{\"@type\":\"ImageObject\",\"inLanguage\":\"fr-FR\",\"@id\":\"https:\\\/\\\/interamerica.org\\\/fr\\\/2026\\\/04\\\/la-douce-tromperie-de-lorgueil\\\/#primaryimage\",\"url\":\"https:\\\/\\\/interamerica.org\\\/wp-content\\\/uploads\\\/2026\\\/04\\\/jan-huber-ewzwaus1wys-unsplash.jpg\",\"contentUrl\":\"https:\\\/\\\/interamerica.org\\\/wp-content\\\/uploads\\\/2026\\\/04\\\/jan-huber-ewzwaus1wys-unsplash.jpg\",\"width\":1000,\"height\":622,\"caption\":\"[Une photo de Jan Huber\\\/Unsplash]\"},{\"@type\":\"BreadcrumbList\",\"@id\":\"https:\\\/\\\/interamerica.org\\\/fr\\\/2026\\\/04\\\/la-douce-tromperie-de-lorgueil\\\/#breadcrumb\",\"itemListElement\":[{\"@type\":\"ListItem\",\"position\":1,\"name\":\"Home\",\"item\":\"https:\\\/\\\/interamerica.org\\\/fr\\\/\"},{\"@type\":\"ListItem\",\"position\":2,\"name\":\"La douce tromperie de l\u2019orgueil\"}]},{\"@type\":\"WebSite\",\"@id\":\"https:\\\/\\\/interamerica.org\\\/fr\\\/#website\",\"url\":\"https:\\\/\\\/interamerica.org\\\/fr\\\/\",\"name\":\"\u00c9glise Adventiste Du Septieme Jour - Inter Am\u00e9rique Division\",\"description\":\"\",\"potentialAction\":[{\"@type\":\"SearchAction\",\"target\":{\"@type\":\"EntryPoint\",\"urlTemplate\":\"https:\\\/\\\/interamerica.org\\\/fr\\\/?s={search_term_string}\"},\"query-input\":{\"@type\":\"PropertyValueSpecification\",\"valueRequired\":true,\"valueName\":\"search_term_string\"}}],\"inLanguage\":\"fr-FR\"},{\"@type\":\"Person\",\"@id\":\"https:\\\/\\\/interamerica.org\\\/fr\\\/#\\\/schema\\\/person\\\/29998f2bc2d8bd0d38662909289b54f1\",\"name\":\"libna\",\"image\":{\"@type\":\"ImageObject\",\"inLanguage\":\"fr-FR\",\"@id\":\"https:\\\/\\\/secure.gravatar.com\\\/avatar\\\/7c5bd30ae4b47a9ba3c856590957fd1d96dc588bf3ac05719d247e126840331f?s=96&d=mm&r=g\",\"url\":\"https:\\\/\\\/secure.gravatar.com\\\/avatar\\\/7c5bd30ae4b47a9ba3c856590957fd1d96dc588bf3ac05719d247e126840331f?s=96&d=mm&r=g\",\"contentUrl\":\"https:\\\/\\\/secure.gravatar.com\\\/avatar\\\/7c5bd30ae4b47a9ba3c856590957fd1d96dc588bf3ac05719d247e126840331f?s=96&d=mm&r=g\",\"caption\":\"libna\"}}]}<\/script>\n<!-- \/ Yoast SEO plugin. -->","yoast_head_json":{"title":"La douce tromperie de l\u2019orgueil - \u00c9glise Adventiste Du Septieme Jour - Inter Am\u00e9rique Division","robots":{"index":"index","follow":"follow","max-snippet":"max-snippet:-1","max-image-preview":"max-image-preview:large","max-video-preview":"max-video-preview:-1"},"canonical":"https:\/\/interamerica.org\/fr\/2026\/04\/la-douce-tromperie-de-lorgueil\/","og_locale":"fr_FR","og_type":"article","og_title":"La douce tromperie de l\u2019orgueil - \u00c9glise Adventiste Du Septieme Jour - Inter Am\u00e9rique Division","og_description":"L\u2019identit\u00e9, les motifs et l\u2019\u00e9rosion subtile de la valeur que nous avons en Dieu. Le 29 avril 2026 | Silver Spring, Maryland, \u00c9tats-Unis | Jeremy Hall pour Adventist Review L\u2019orgueil...","og_url":"https:\/\/interamerica.org\/fr\/2026\/04\/la-douce-tromperie-de-lorgueil\/","og_site_name":"\u00c9glise Adventiste Du Septieme Jour - Inter Am\u00e9rique Division","article_published_time":"2026-04-29T19:50:26+00:00","article_modified_time":"2026-04-30T14:03:58+00:00","og_image":[{"width":1000,"height":622,"url":"https:\/\/interamerica.org\/wp-content\/uploads\/2026\/04\/jan-huber-ewzwaus1wys-unsplash.jpg","type":"image\/jpeg"}],"author":"libna","twitter_card":"summary_large_image","twitter_misc":{"\u00c9crit par":"libna","Dur\u00e9e de lecture estim\u00e9e":"7 minutes"},"schema":{"@context":"https:\/\/schema.org","@graph":[{"@type":"Article","@id":"https:\/\/interamerica.org\/fr\/2026\/04\/la-douce-tromperie-de-lorgueil\/#article","isPartOf":{"@id":"https:\/\/interamerica.org\/fr\/2026\/04\/la-douce-tromperie-de-lorgueil\/"},"author":{"name":"libna","@id":"https:\/\/interamerica.org\/fr\/#\/schema\/person\/29998f2bc2d8bd0d38662909289b54f1"},"headline":"La douce tromperie de l\u2019orgueil","datePublished":"2026-04-29T19:50:26+00:00","dateModified":"2026-04-30T14:03:58+00:00","mainEntityOfPage":{"@id":"https:\/\/interamerica.org\/fr\/2026\/04\/la-douce-tromperie-de-lorgueil\/"},"wordCount":1711,"image":{"@id":"https:\/\/interamerica.org\/fr\/2026\/04\/la-douce-tromperie-de-lorgueil\/#primaryimage"},"thumbnailUrl":"https:\/\/interamerica.org\/wp-content\/uploads\/2026\/04\/jan-huber-ewzwaus1wys-unsplash.jpg","articleSection":["Nouvelles de l'\u00c9glise mondiale","RSS Fran\u00e7ais"],"inLanguage":"fr-FR"},{"@type":"WebPage","@id":"https:\/\/interamerica.org\/fr\/2026\/04\/la-douce-tromperie-de-lorgueil\/","url":"https:\/\/interamerica.org\/fr\/2026\/04\/la-douce-tromperie-de-lorgueil\/","name":"La douce tromperie de l\u2019orgueil - \u00c9glise Adventiste Du Septieme Jour - Inter Am\u00e9rique Division","isPartOf":{"@id":"https:\/\/interamerica.org\/fr\/#website"},"primaryImageOfPage":{"@id":"https:\/\/interamerica.org\/fr\/2026\/04\/la-douce-tromperie-de-lorgueil\/#primaryimage"},"image":{"@id":"https:\/\/interamerica.org\/fr\/2026\/04\/la-douce-tromperie-de-lorgueil\/#primaryimage"},"thumbnailUrl":"https:\/\/interamerica.org\/wp-content\/uploads\/2026\/04\/jan-huber-ewzwaus1wys-unsplash.jpg","datePublished":"2026-04-29T19:50:26+00:00","dateModified":"2026-04-30T14:03:58+00:00","author":{"@id":"https:\/\/interamerica.org\/fr\/#\/schema\/person\/29998f2bc2d8bd0d38662909289b54f1"},"breadcrumb":{"@id":"https:\/\/interamerica.org\/fr\/2026\/04\/la-douce-tromperie-de-lorgueil\/#breadcrumb"},"inLanguage":"fr-FR","potentialAction":[{"@type":"ReadAction","target":["https:\/\/interamerica.org\/fr\/2026\/04\/la-douce-tromperie-de-lorgueil\/"]}]},{"@type":"ImageObject","inLanguage":"fr-FR","@id":"https:\/\/interamerica.org\/fr\/2026\/04\/la-douce-tromperie-de-lorgueil\/#primaryimage","url":"https:\/\/interamerica.org\/wp-content\/uploads\/2026\/04\/jan-huber-ewzwaus1wys-unsplash.jpg","contentUrl":"https:\/\/interamerica.org\/wp-content\/uploads\/2026\/04\/jan-huber-ewzwaus1wys-unsplash.jpg","width":1000,"height":622,"caption":"[Une photo de Jan Huber\/Unsplash]"},{"@type":"BreadcrumbList","@id":"https:\/\/interamerica.org\/fr\/2026\/04\/la-douce-tromperie-de-lorgueil\/#breadcrumb","itemListElement":[{"@type":"ListItem","position":1,"name":"Home","item":"https:\/\/interamerica.org\/fr\/"},{"@type":"ListItem","position":2,"name":"La douce tromperie de l\u2019orgueil"}]},{"@type":"WebSite","@id":"https:\/\/interamerica.org\/fr\/#website","url":"https:\/\/interamerica.org\/fr\/","name":"\u00c9glise Adventiste Du Septieme Jour - Inter Am\u00e9rique Division","description":"","potentialAction":[{"@type":"SearchAction","target":{"@type":"EntryPoint","urlTemplate":"https:\/\/interamerica.org\/fr\/?s={search_term_string}"},"query-input":{"@type":"PropertyValueSpecification","valueRequired":true,"valueName":"search_term_string"}}],"inLanguage":"fr-FR"},{"@type":"Person","@id":"https:\/\/interamerica.org\/fr\/#\/schema\/person\/29998f2bc2d8bd0d38662909289b54f1","name":"libna","image":{"@type":"ImageObject","inLanguage":"fr-FR","@id":"https:\/\/secure.gravatar.com\/avatar\/7c5bd30ae4b47a9ba3c856590957fd1d96dc588bf3ac05719d247e126840331f?s=96&d=mm&r=g","url":"https:\/\/secure.gravatar.com\/avatar\/7c5bd30ae4b47a9ba3c856590957fd1d96dc588bf3ac05719d247e126840331f?s=96&d=mm&r=g","contentUrl":"https:\/\/secure.gravatar.com\/avatar\/7c5bd30ae4b47a9ba3c856590957fd1d96dc588bf3ac05719d247e126840331f?s=96&d=mm&r=g","caption":"libna"}}]}},"_links":{"self":[{"href":"https:\/\/interamerica.org\/fr\/wp-json\/wp\/v2\/posts\/142503","targetHints":{"allow":["GET"]}}],"collection":[{"href":"https:\/\/interamerica.org\/fr\/wp-json\/wp\/v2\/posts"}],"about":[{"href":"https:\/\/interamerica.org\/fr\/wp-json\/wp\/v2\/types\/post"}],"author":[{"embeddable":true,"href":"https:\/\/interamerica.org\/fr\/wp-json\/wp\/v2\/users\/3"}],"replies":[{"embeddable":true,"href":"https:\/\/interamerica.org\/fr\/wp-json\/wp\/v2\/comments?post=142503"}],"version-history":[{"count":1,"href":"https:\/\/interamerica.org\/fr\/wp-json\/wp\/v2\/posts\/142503\/revisions"}],"predecessor-version":[{"id":142507,"href":"https:\/\/interamerica.org\/fr\/wp-json\/wp\/v2\/posts\/142503\/revisions\/142507"}],"wp:featuredmedia":[{"embeddable":true,"href":"https:\/\/interamerica.org\/fr\/wp-json\/wp\/v2\/media\/142505"}],"wp:attachment":[{"href":"https:\/\/interamerica.org\/fr\/wp-json\/wp\/v2\/media?parent=142503"}],"wp:term":[{"taxonomy":"category","embeddable":true,"href":"https:\/\/interamerica.org\/fr\/wp-json\/wp\/v2\/categories?post=142503"},{"taxonomy":"post_tag","embeddable":true,"href":"https:\/\/interamerica.org\/fr\/wp-json\/wp\/v2\/tags?post=142503"}],"curies":[{"name":"wp","href":"https:\/\/api.w.org\/{rel}","templated":true}]}}